{"id":5303,"date":"2017-10-20T07:30:52","date_gmt":"2017-10-20T10:30:52","guid":{"rendered":"http:\/\/caririemdestaque.com\/cd\/?p=5303"},"modified":"2017-10-20T07:30:52","modified_gmt":"2017-10-20T10:30:52","slug":"dia-d-de-vacinacao-contra-a-raiva-animal-acontece-neste-sabado-em-toda-a-paraiba","status":"publish","type":"post","link":"https:\/\/noticiasemdestaque.com\/cd\/?p=5303","title":{"rendered":"Dia D de vacina\u00e7\u00e3o contra a raiva animal acontece neste s\u00e1bado em toda a Para\u00edba"},"content":{"rendered":"<p><a href=\"http:\/\/caririemdestaque.com\/cd\/wp-content\/uploads\/2017\/10\/vacina_animal.jpg\"><img decoding=\"async\" class=\"size-thumbnail wp-image-5304 alignleft\" src=\"http:\/\/caririemdestaque.com\/cd\/wp-content\/uploads\/2017\/10\/vacina_animal-150x150.jpg\" alt=\"\" width=\"150\" height=\"150\" \/><\/a>A Secretaria de Estado da Sa\u00fade (Ses), por meio do N\u00facleo de Controle de Zoonoses, promove neste s\u00e1bado (21), das 8h \u00e0s 17h, em todos os munic\u00edpios da Para\u00edba, o dia D de Vacina\u00e7\u00e3o Contra Raiva Animal. Dever\u00e3o ser vacinados todos os c\u00e3es e gatos a partir de 3 meses de idade. A meta \u00e9 imunizar, ao todo, 714.284 animais \u2013 sendo 522.373 c\u00e3es e 191.911 gatos. Ap\u00f3s o Dia D, a Ses estabelece o prazo de 30 dias para os munic\u00edpios atingirem suas metas.<\/p>\n<p>\u201cA vacina n\u00e3o tem contraindica\u00e7\u00e3o. Um detalhe importante \u00e9 que, pelo nono ano consecutivo, a Para\u00edba usa agulhas e seringas descart\u00e1veis (uso \u00fanico). Para a campanha deste ano, inclusive, as seringas j\u00e1 foram distribu\u00eddas para as regionais de sa\u00fade. J\u00e1 as vacinas devem ser enviadas pelo Minist\u00e9rio da Sa\u00fade at\u00e9 a pr\u00f3xima semana, elas ser\u00e3o distribu\u00eddas para as regionais e em seguida para os munic\u00edpios\u201d, informou o coordenador do N\u00facleo, Francisco de Assis.<\/p>\n<p>Sintomas \u2013 Os animais raivosos comumente procuram lugares escuros (fotofobia), n\u00e3o bebem, nem comem, ficam agressivos, desenvolvem saliva\u00e7\u00e3o abundante e, na sequ\u00eancia, entram em coma e morrem (em cerca de 10 dias).<\/p>\n<p>\u201cCaso haja qualquer suspeita de um animal com raiva, o caso deve ser comunicado imediatamente \u00e0 secretaria de sa\u00fade do munic\u00edpio para que as provid\u00eancias sejam tomadas. Ao serem identificados os sintomas cl\u00ednicos, o animal deve ser isolado com urg\u00eancia\u201d, alertou Assis.<\/p>\n<p>No homem, os sintomas s\u00e3o: transtornos comportamentais e neurol\u00f3gicos, irritabilidade e irrita\u00e7\u00e3o no local da agress\u00e3o. Seja em animal ou em seres humanos, a doen\u00e7a \u00e9 letal em 100% dos casos.<\/p>\n<p>Dados \u2013 Na Para\u00edba, os dois \u00faltimos casos de raiva humana foram registrados em 1999, um em Queimadas e outro em Jo\u00e3o Pessoa. J\u00e1 com rela\u00e7\u00e3o aos casos de raiva animal, foi registrado um em julho de 2016, no munic\u00edpio de Pedro R\u00e9gis e outro em agosto deste ano, em Pil\u00f5es.<\/p>\n<p>A doen\u00e7a \u2013 A raiva \u00e9 uma doen\u00e7a infecciosa aguda, de etiologia viral, transmitida ao homem por meio da mordedura, arranhadura, lambedura de mucosas ou pele lesionada por animais raivosos, provocando uma encefalite viral aguda. A transmiss\u00e3o ocorre quando o v\u00edrus r\u00e1bico existente na saliva do animal infectado penetra no organismo.<\/p>\n<p>A doen\u00e7a acomete o sistema nervoso central, levando ao \u00f3bito ap\u00f3s curta evolu\u00e7\u00e3o. \u00c9 letal em 100% dos casos, por ser causada por um v\u00edrus mortal, tanto para os homens quanto para os animais, e a \u00fanica forma de evit\u00e1-la \u00e9 pela vacina\u00e7\u00e3o anual, que n\u00e3o tem contra-indica\u00e7\u00e3o.<\/p>\n<p>A raiva apresenta quatro ciclos de transmiss\u00e3o: no ciclo rural, os bovinos, ovinos, caprinos, su\u00ednos e equ\u00eddeos s\u00e3o os principais elementos transmissores da raiva; no ciclo silvestre, as raposas, guaxinins, macacos e roedores t\u00eam maior destaque na transmiss\u00e3o da doen\u00e7a; no ciclo a\u00e9reo, os morcegos representam o maior perigo; e no ciclo urbano os principais elementos respons\u00e1veis pela manuten\u00e7\u00e3o do v\u00edrus r\u00e1bico s\u00e3o os c\u00e3es e gatos.<\/p>\n","protected":false},"excerpt":{"rendered":"<p>A Secretaria de Estado da Sa\u00fade (Ses), por meio do N\u00facleo de Controle de Zoonoses, promove neste s\u00e1bado (21), das 8h \u00e0s 17h, em todos os munic\u00edpios da Para\u00edba, o dia D de Vacina\u00e7\u00e3o Contra Raiva Animal. Dever\u00e3o ser vacinados todos os c\u00e3es e gatos a partir de 3 meses de idade. A meta \u00e9 imunizar, ao todo, 714.284 animais \u2013 sendo 522.373 c\u00e3es e 191.911 gatos. Ap\u00f3s o Dia D, a Ses estabelece o prazo de 30 dias para os munic\u00edpios atingirem suas metas. \u201cA vacina n\u00e3o tem contraindica\u00e7\u00e3o. Um detalhe importante \u00e9 que, pelo nono ano consecutivo, a Para\u00edba usa agulhas e seringas descart\u00e1veis (uso \u00fanico). Para a campanha deste ano, inclusive, as seringas j\u00e1 foram distribu\u00eddas para as regionais de sa\u00fade. J\u00e1 as vacinas devem ser enviadas pelo Minist\u00e9rio da Sa\u00fade at\u00e9 a pr\u00f3xima semana, elas ser\u00e3o distribu\u00eddas para as regionais e em seguida para os munic\u00edpios\u201d, informou o coordenador do N\u00facleo, Francisco de Assis. Sintomas \u2013 Os animais raivosos comumente procuram lugares escuros (fotofobia), n\u00e3o bebem, nem comem, ficam agressivos, desenvolvem saliva\u00e7\u00e3o abundante e, na sequ\u00eancia, entram em coma e morrem (em cerca de 10 dias). \u201cCaso haja qualquer suspeita de um animal com raiva, o caso deve ser comunicado imediatamente \u00e0 secretaria de sa\u00fade do munic\u00edpio para que as provid\u00eancias sejam tomadas. Ao serem identificados os sintomas cl\u00ednicos, o animal deve ser isolado com urg\u00eancia\u201d, alertou Assis. No homem, os sintomas s\u00e3o: transtornos comportamentais e neurol\u00f3gicos, irritabilidade e irrita\u00e7\u00e3o no local da agress\u00e3o. Seja em animal ou em seres humanos, a doen\u00e7a \u00e9 letal em 100% dos casos. Dados \u2013 Na Para\u00edba, os dois \u00faltimos casos de raiva humana foram registrados em 1999, um em Queimadas e outro em Jo\u00e3o Pessoa. J\u00e1 com rela\u00e7\u00e3o aos casos de raiva animal, foi registrado um em julho de 2016, no munic\u00edpio de Pedro R\u00e9gis e outro em agosto deste ano, em Pil\u00f5es. A doen\u00e7a \u2013 A raiva \u00e9 uma doen\u00e7a infecciosa aguda, de etiologia viral, transmitida ao homem por meio da mordedura, arranhadura, lambedura de mucosas ou pele lesionada por animais raivosos, provocando uma encefalite viral aguda. A transmiss\u00e3o ocorre quando o v\u00edrus r\u00e1bico existente na saliva do animal infectado penetra no organismo. A doen\u00e7a acomete o sistema nervoso central, levando ao \u00f3bito ap\u00f3s curta evolu\u00e7\u00e3o. \u00c9 letal em 100% dos casos, por ser causada por um v\u00edrus mortal, tanto para os homens quanto para os animais, e a \u00fanica forma de evit\u00e1-la \u00e9 pela vacina\u00e7\u00e3o anual, que n\u00e3o tem contra-indica\u00e7\u00e3o. A raiva apresenta quatro ciclos de transmiss\u00e3o: no ciclo rural, os bovinos, ovinos, caprinos, su\u00ednos e equ\u00eddeos s\u00e3o os principais elementos transmissores da raiva; no ciclo silvestre, as raposas, guaxinins, macacos e roedores t\u00eam maior destaque na transmiss\u00e3o da doen\u00e7a; no ciclo a\u00e9reo, os morcegos representam o maior perigo; e no ciclo urbano os principais elementos respons\u00e1veis pela manuten\u00e7\u00e3o do v\u00edrus r\u00e1bico s\u00e3o os c\u00e3es e gatos.<\/p>\n","protected":false},"author":2,"featured_media":5304,"comment_status":"closed","ping_status":"open","sticky":false,"template":"","format":"standard","meta":{"_eb_attr":"","_jetpack_memberships_contains_paid_content":false,"footnotes":""},"categories":[8],"tags":[],"class_list":["post-5303","post","type-post","status-publish","format-standard","has-post-thumbnail","hentry","category-saude"],"yoast_head":"<!-- This site is optimized with the Yoast SEO plugin v26.5 - https:\/\/yoast.com\/wordpress\/plugins\/seo\/ -->\n<title>Dia D de vacina\u00e7\u00e3o contra a raiva animal acontece neste s\u00e1bado em toda a Para\u00edba - Not&iacute;cias em Destaque<\/title>\n<meta name=\"robots\" content=\"index, follow, max-snippet:-1, max-image-preview:large, max-video-preview:-1\" \/>\n<link rel=\"canonical\" href=\"https:\/\/noticiasemdestaque.com\/cd\/?p=5303\" \/>\n<meta property=\"og:locale\" content=\"pt_BR\" \/>\n<meta property=\"og:type\" content=\"article\" \/>\n<meta property=\"og:title\" content=\"Dia D de vacina\u00e7\u00e3o contra a raiva animal acontece neste s\u00e1bado em toda a Para\u00edba - Not&iacute;cias em Destaque\" \/>\n<meta property=\"og:description\" content=\"A Secretaria de Estado da Sa\u00fade (Ses), por meio do N\u00facleo de Controle de Zoonoses, promove neste s\u00e1bado (21), das 8h \u00e0s 17h, em todos os munic\u00edpios da Para\u00edba, o dia D de Vacina\u00e7\u00e3o Contra Raiva Animal. Dever\u00e3o ser vacinados todos os c\u00e3es e gatos a partir de 3 meses de idade. A meta \u00e9 imunizar, ao todo, 714.284 animais \u2013 sendo 522.373 c\u00e3es e 191.911 gatos. Ap\u00f3s o Dia D, a Ses estabelece o prazo de 30 dias para os munic\u00edpios atingirem suas metas. \u201cA vacina n\u00e3o tem contraindica\u00e7\u00e3o. Um detalhe importante \u00e9 que, pelo nono ano consecutivo, a Para\u00edba usa agulhas e seringas descart\u00e1veis (uso \u00fanico). Para a campanha deste ano, inclusive, as seringas j\u00e1 foram distribu\u00eddas para as regionais de sa\u00fade. J\u00e1 as vacinas devem ser enviadas pelo Minist\u00e9rio da Sa\u00fade at\u00e9 a pr\u00f3xima semana, elas ser\u00e3o distribu\u00eddas para as regionais e em seguida para os munic\u00edpios\u201d, informou o coordenador do N\u00facleo, Francisco de Assis. Sintomas \u2013 Os animais raivosos comumente procuram lugares escuros (fotofobia), n\u00e3o bebem, nem comem, ficam agressivos, desenvolvem saliva\u00e7\u00e3o abundante e, na sequ\u00eancia, entram em coma e morrem (em cerca de 10 dias). \u201cCaso haja qualquer suspeita de um animal com raiva, o caso deve ser comunicado imediatamente \u00e0 secretaria de sa\u00fade do munic\u00edpio para que as provid\u00eancias sejam tomadas. Ao serem identificados os sintomas cl\u00ednicos, o animal deve ser isolado com urg\u00eancia\u201d, alertou Assis. No homem, os sintomas s\u00e3o: transtornos comportamentais e neurol\u00f3gicos, irritabilidade e irrita\u00e7\u00e3o no local da agress\u00e3o. Seja em animal ou em seres humanos, a doen\u00e7a \u00e9 letal em 100% dos casos. Dados \u2013 Na Para\u00edba, os dois \u00faltimos casos de raiva humana foram registrados em 1999, um em Queimadas e outro em Jo\u00e3o Pessoa. J\u00e1 com rela\u00e7\u00e3o aos casos de raiva animal, foi registrado um em julho de 2016, no munic\u00edpio de Pedro R\u00e9gis e outro em agosto deste ano, em Pil\u00f5es. A doen\u00e7a \u2013 A raiva \u00e9 uma doen\u00e7a infecciosa aguda, de etiologia viral, transmitida ao homem por meio da mordedura, arranhadura, lambedura de mucosas ou pele lesionada por animais raivosos, provocando uma encefalite viral aguda. A transmiss\u00e3o ocorre quando o v\u00edrus r\u00e1bico existente na saliva do animal infectado penetra no organismo. A doen\u00e7a acomete o sistema nervoso central, levando ao \u00f3bito ap\u00f3s curta evolu\u00e7\u00e3o. \u00c9 letal em 100% dos casos, por ser causada por um v\u00edrus mortal, tanto para os homens quanto para os animais, e a \u00fanica forma de evit\u00e1-la \u00e9 pela vacina\u00e7\u00e3o anual, que n\u00e3o tem contra-indica\u00e7\u00e3o. A raiva apresenta quatro ciclos de transmiss\u00e3o: no ciclo rural, os bovinos, ovinos, caprinos, su\u00ednos e equ\u00eddeos s\u00e3o os principais elementos transmissores da raiva; no ciclo silvestre, as raposas, guaxinins, macacos e roedores t\u00eam maior destaque na transmiss\u00e3o da doen\u00e7a; no ciclo a\u00e9reo, os morcegos representam o maior perigo; e no ciclo urbano os principais elementos respons\u00e1veis pela manuten\u00e7\u00e3o do v\u00edrus r\u00e1bico s\u00e3o os c\u00e3es e gatos.\" \/>\n<meta property=\"og:url\" content=\"https:\/\/noticiasemdestaque.com\/cd\/?p=5303\" \/>\n<meta property=\"og:site_name\" content=\"Not&iacute;cias em Destaque\" \/>\n<meta property=\"article:published_time\" content=\"2017-10-20T10:30:52+00:00\" \/>\n<meta property=\"og:image\" content=\"https:\/\/noticiasemdestaque.com\/cd\/wp-content\/uploads\/2017\/10\/vacina_animal.jpg\" \/>\n\t<meta property=\"og:image:width\" content=\"1200\" \/>\n\t<meta property=\"og:image:height\" content=\"675\" \/>\n\t<meta property=\"og:image:type\" content=\"image\/jpeg\" \/>\n<meta name=\"author\" content=\"Not\u00edcias em Destaque\" \/>\n<meta name=\"twitter:card\" content=\"summary_large_image\" \/>\n<meta name=\"twitter:label1\" content=\"Escrito por\" \/>\n\t<meta name=\"twitter:data1\" content=\"Not\u00edcias em Destaque\" \/>\n\t<meta name=\"twitter:label2\" content=\"Est. tempo de leitura\" \/>\n\t<meta name=\"twitter:data2\" content=\"3 minutos\" \/>\n<script type=\"application\/ld+json\" class=\"yoast-schema-graph\">{\"@context\":\"https:\/\/schema.org\",\"@graph\":[{\"@type\":\"Article\",\"@id\":\"https:\/\/noticiasemdestaque.com\/cd\/?p=5303#article\",\"isPartOf\":{\"@id\":\"https:\/\/noticiasemdestaque.com\/cd\/?p=5303\"},\"author\":{\"name\":\"Not\u00edcias em Destaque\",\"@id\":\"https:\/\/noticiasemdestaque.com\/cd\/#\/schema\/person\/21320b03a7e8bb90128938dafc9b908a\"},\"headline\":\"Dia D de vacina\u00e7\u00e3o contra a raiva animal acontece neste s\u00e1bado em toda a Para\u00edba\",\"datePublished\":\"2017-10-20T10:30:52+00:00\",\"mainEntityOfPage\":{\"@id\":\"https:\/\/noticiasemdestaque.com\/cd\/?p=5303\"},\"wordCount\":546,\"publisher\":{\"@id\":\"https:\/\/noticiasemdestaque.com\/cd\/#organization\"},\"image\":{\"@id\":\"https:\/\/noticiasemdestaque.com\/cd\/?p=5303#primaryimage\"},\"thumbnailUrl\":\"https:\/\/noticiasemdestaque.com\/cd\/wp-content\/uploads\/2017\/10\/vacina_animal.jpg\",\"articleSection\":[\"Sa\u00fade\"],\"inLanguage\":\"pt-BR\"},{\"@type\":\"WebPage\",\"@id\":\"https:\/\/noticiasemdestaque.com\/cd\/?p=5303\",\"url\":\"https:\/\/noticiasemdestaque.com\/cd\/?p=5303\",\"name\":\"Dia D de vacina\u00e7\u00e3o contra a raiva animal acontece neste s\u00e1bado em toda a Para\u00edba - Not&iacute;cias em Destaque\",\"isPartOf\":{\"@id\":\"https:\/\/noticiasemdestaque.com\/cd\/#website\"},\"primaryImageOfPage\":{\"@id\":\"https:\/\/noticiasemdestaque.com\/cd\/?p=5303#primaryimage\"},\"image\":{\"@id\":\"https:\/\/noticiasemdestaque.com\/cd\/?p=5303#primaryimage\"},\"thumbnailUrl\":\"https:\/\/noticiasemdestaque.com\/cd\/wp-content\/uploads\/2017\/10\/vacina_animal.jpg\",\"datePublished\":\"2017-10-20T10:30:52+00:00\",\"breadcrumb\":{\"@id\":\"https:\/\/noticiasemdestaque.com\/cd\/?p=5303#breadcrumb\"},\"inLanguage\":\"pt-BR\",\"potentialAction\":[{\"@type\":\"ReadAction\",\"target\":[\"https:\/\/noticiasemdestaque.com\/cd\/?p=5303\"]}]},{\"@type\":\"ImageObject\",\"inLanguage\":\"pt-BR\",\"@id\":\"https:\/\/noticiasemdestaque.com\/cd\/?p=5303#primaryimage\",\"url\":\"https:\/\/noticiasemdestaque.com\/cd\/wp-content\/uploads\/2017\/10\/vacina_animal.jpg\",\"contentUrl\":\"https:\/\/noticiasemdestaque.com\/cd\/wp-content\/uploads\/2017\/10\/vacina_animal.jpg\",\"width\":1200,\"height\":675},{\"@type\":\"BreadcrumbList\",\"@id\":\"https:\/\/noticiasemdestaque.com\/cd\/?p=5303#breadcrumb\",\"itemListElement\":[{\"@type\":\"ListItem\",\"position\":1,\"name\":\"In\u00edcio\",\"item\":\"https:\/\/noticiasemdestaque.com\/cd\/\"},{\"@type\":\"ListItem\",\"position\":2,\"name\":\"Dia D de vacina\u00e7\u00e3o contra a raiva animal acontece neste s\u00e1bado em toda a Para\u00edba\"}]},{\"@type\":\"WebSite\",\"@id\":\"https:\/\/noticiasemdestaque.com\/cd\/#website\",\"url\":\"https:\/\/noticiasemdestaque.com\/cd\/\",\"name\":\"Not&iacute;cias em Destaque\",\"description\":\"\",\"publisher\":{\"@id\":\"https:\/\/noticiasemdestaque.com\/cd\/#organization\"},\"potentialAction\":[{\"@type\":\"SearchAction\",\"target\":{\"@type\":\"EntryPoint\",\"urlTemplate\":\"https:\/\/noticiasemdestaque.com\/cd\/?s={search_term_string}\"},\"query-input\":{\"@type\":\"PropertyValueSpecification\",\"valueRequired\":true,\"valueName\":\"search_term_string\"}}],\"inLanguage\":\"pt-BR\"},{\"@type\":\"Organization\",\"@id\":\"https:\/\/noticiasemdestaque.com\/cd\/#organization\",\"name\":\"Not\u00edcias em Destaque\",\"url\":\"https:\/\/noticiasemdestaque.com\/cd\/\",\"logo\":{\"@type\":\"ImageObject\",\"inLanguage\":\"pt-BR\",\"@id\":\"https:\/\/noticiasemdestaque.com\/cd\/#\/schema\/logo\/image\/\",\"url\":\"https:\/\/noticiasemdestaque.com\/cd\/wp-content\/uploads\/2022\/05\/imagem-base-noticiasemdestaque.png\",\"contentUrl\":\"https:\/\/noticiasemdestaque.com\/cd\/wp-content\/uploads\/2022\/05\/imagem-base-noticiasemdestaque.png\",\"width\":1200,\"height\":630,\"caption\":\"Not\u00edcias em Destaque\"},\"image\":{\"@id\":\"https:\/\/noticiasemdestaque.com\/cd\/#\/schema\/logo\/image\/\"}},{\"@type\":\"Person\",\"@id\":\"https:\/\/noticiasemdestaque.com\/cd\/#\/schema\/person\/21320b03a7e8bb90128938dafc9b908a\",\"name\":\"Not\u00edcias em Destaque\",\"url\":\"https:\/\/noticiasemdestaque.com\/cd\/?author=2\"}]}<\/script>\n<!-- \/ Yoast SEO plugin. -->","yoast_head_json":{"title":"Dia D de vacina\u00e7\u00e3o contra a raiva animal acontece neste s\u00e1bado em toda a Para\u00edba - Not&iacute;cias em Destaque","robots":{"index":"index","follow":"follow","max-snippet":"max-snippet:-1","max-image-preview":"max-image-preview:large","max-video-preview":"max-video-preview:-1"},"canonical":"https:\/\/noticiasemdestaque.com\/cd\/?p=5303","og_locale":"pt_BR","og_type":"article","og_title":"Dia D de vacina\u00e7\u00e3o contra a raiva animal acontece neste s\u00e1bado em toda a Para\u00edba - Not&iacute;cias em Destaque","og_description":"A Secretaria de Estado da Sa\u00fade (Ses), por meio do N\u00facleo de Controle de Zoonoses, promove neste s\u00e1bado (21), das 8h \u00e0s 17h, em todos os munic\u00edpios da Para\u00edba, o dia D de Vacina\u00e7\u00e3o Contra Raiva Animal. Dever\u00e3o ser vacinados todos os c\u00e3es e gatos a partir de 3 meses de idade. A meta \u00e9 imunizar, ao todo, 714.284 animais \u2013 sendo 522.373 c\u00e3es e 191.911 gatos. Ap\u00f3s o Dia D, a Ses estabelece o prazo de 30 dias para os munic\u00edpios atingirem suas metas. \u201cA vacina n\u00e3o tem contraindica\u00e7\u00e3o. Um detalhe importante \u00e9 que, pelo nono ano consecutivo, a Para\u00edba usa agulhas e seringas descart\u00e1veis (uso \u00fanico). Para a campanha deste ano, inclusive, as seringas j\u00e1 foram distribu\u00eddas para as regionais de sa\u00fade. J\u00e1 as vacinas devem ser enviadas pelo Minist\u00e9rio da Sa\u00fade at\u00e9 a pr\u00f3xima semana, elas ser\u00e3o distribu\u00eddas para as regionais e em seguida para os munic\u00edpios\u201d, informou o coordenador do N\u00facleo, Francisco de Assis. Sintomas \u2013 Os animais raivosos comumente procuram lugares escuros (fotofobia), n\u00e3o bebem, nem comem, ficam agressivos, desenvolvem saliva\u00e7\u00e3o abundante e, na sequ\u00eancia, entram em coma e morrem (em cerca de 10 dias). \u201cCaso haja qualquer suspeita de um animal com raiva, o caso deve ser comunicado imediatamente \u00e0 secretaria de sa\u00fade do munic\u00edpio para que as provid\u00eancias sejam tomadas. Ao serem identificados os sintomas cl\u00ednicos, o animal deve ser isolado com urg\u00eancia\u201d, alertou Assis. No homem, os sintomas s\u00e3o: transtornos comportamentais e neurol\u00f3gicos, irritabilidade e irrita\u00e7\u00e3o no local da agress\u00e3o. Seja em animal ou em seres humanos, a doen\u00e7a \u00e9 letal em 100% dos casos. Dados \u2013 Na Para\u00edba, os dois \u00faltimos casos de raiva humana foram registrados em 1999, um em Queimadas e outro em Jo\u00e3o Pessoa. J\u00e1 com rela\u00e7\u00e3o aos casos de raiva animal, foi registrado um em julho de 2016, no munic\u00edpio de Pedro R\u00e9gis e outro em agosto deste ano, em Pil\u00f5es. A doen\u00e7a \u2013 A raiva \u00e9 uma doen\u00e7a infecciosa aguda, de etiologia viral, transmitida ao homem por meio da mordedura, arranhadura, lambedura de mucosas ou pele lesionada por animais raivosos, provocando uma encefalite viral aguda. A transmiss\u00e3o ocorre quando o v\u00edrus r\u00e1bico existente na saliva do animal infectado penetra no organismo. A doen\u00e7a acomete o sistema nervoso central, levando ao \u00f3bito ap\u00f3s curta evolu\u00e7\u00e3o. \u00c9 letal em 100% dos casos, por ser causada por um v\u00edrus mortal, tanto para os homens quanto para os animais, e a \u00fanica forma de evit\u00e1-la \u00e9 pela vacina\u00e7\u00e3o anual, que n\u00e3o tem contra-indica\u00e7\u00e3o. A raiva apresenta quatro ciclos de transmiss\u00e3o: no ciclo rural, os bovinos, ovinos, caprinos, su\u00ednos e equ\u00eddeos s\u00e3o os principais elementos transmissores da raiva; no ciclo silvestre, as raposas, guaxinins, macacos e roedores t\u00eam maior destaque na transmiss\u00e3o da doen\u00e7a; no ciclo a\u00e9reo, os morcegos representam o maior perigo; e no ciclo urbano os principais elementos respons\u00e1veis pela manuten\u00e7\u00e3o do v\u00edrus r\u00e1bico s\u00e3o os c\u00e3es e gatos.","og_url":"https:\/\/noticiasemdestaque.com\/cd\/?p=5303","og_site_name":"Not&iacute;cias em Destaque","article_published_time":"2017-10-20T10:30:52+00:00","og_image":[{"width":1200,"height":675,"url":"https:\/\/noticiasemdestaque.com\/cd\/wp-content\/uploads\/2017\/10\/vacina_animal.jpg","type":"image\/jpeg"}],"author":"Not\u00edcias em Destaque","twitter_card":"summary_large_image","twitter_misc":{"Escrito por":"Not\u00edcias em Destaque","Est. tempo de leitura":"3 minutos"},"schema":{"@context":"https:\/\/schema.org","@graph":[{"@type":"Article","@id":"https:\/\/noticiasemdestaque.com\/cd\/?p=5303#article","isPartOf":{"@id":"https:\/\/noticiasemdestaque.com\/cd\/?p=5303"},"author":{"name":"Not\u00edcias em Destaque","@id":"https:\/\/noticiasemdestaque.com\/cd\/#\/schema\/person\/21320b03a7e8bb90128938dafc9b908a"},"headline":"Dia D de vacina\u00e7\u00e3o contra a raiva animal acontece neste s\u00e1bado em toda a Para\u00edba","datePublished":"2017-10-20T10:30:52+00:00","mainEntityOfPage":{"@id":"https:\/\/noticiasemdestaque.com\/cd\/?p=5303"},"wordCount":546,"publisher":{"@id":"https:\/\/noticiasemdestaque.com\/cd\/#organization"},"image":{"@id":"https:\/\/noticiasemdestaque.com\/cd\/?p=5303#primaryimage"},"thumbnailUrl":"https:\/\/noticiasemdestaque.com\/cd\/wp-content\/uploads\/2017\/10\/vacina_animal.jpg","articleSection":["Sa\u00fade"],"inLanguage":"pt-BR"},{"@type":"WebPage","@id":"https:\/\/noticiasemdestaque.com\/cd\/?p=5303","url":"https:\/\/noticiasemdestaque.com\/cd\/?p=5303","name":"Dia D de vacina\u00e7\u00e3o contra a raiva animal acontece neste s\u00e1bado em toda a Para\u00edba - Not&iacute;cias em Destaque","isPartOf":{"@id":"https:\/\/noticiasemdestaque.com\/cd\/#website"},"primaryImageOfPage":{"@id":"https:\/\/noticiasemdestaque.com\/cd\/?p=5303#primaryimage"},"image":{"@id":"https:\/\/noticiasemdestaque.com\/cd\/?p=5303#primaryimage"},"thumbnailUrl":"https:\/\/noticiasemdestaque.com\/cd\/wp-content\/uploads\/2017\/10\/vacina_animal.jpg","datePublished":"2017-10-20T10:30:52+00:00","breadcrumb":{"@id":"https:\/\/noticiasemdestaque.com\/cd\/?p=5303#breadcrumb"},"inLanguage":"pt-BR","potentialAction":[{"@type":"ReadAction","target":["https:\/\/noticiasemdestaque.com\/cd\/?p=5303"]}]},{"@type":"ImageObject","inLanguage":"pt-BR","@id":"https:\/\/noticiasemdestaque.com\/cd\/?p=5303#primaryimage","url":"https:\/\/noticiasemdestaque.com\/cd\/wp-content\/uploads\/2017\/10\/vacina_animal.jpg","contentUrl":"https:\/\/noticiasemdestaque.com\/cd\/wp-content\/uploads\/2017\/10\/vacina_animal.jpg","width":1200,"height":675},{"@type":"BreadcrumbList","@id":"https:\/\/noticiasemdestaque.com\/cd\/?p=5303#breadcrumb","itemListElement":[{"@type":"ListItem","position":1,"name":"In\u00edcio","item":"https:\/\/noticiasemdestaque.com\/cd\/"},{"@type":"ListItem","position":2,"name":"Dia D de vacina\u00e7\u00e3o contra a raiva animal acontece neste s\u00e1bado em toda a Para\u00edba"}]},{"@type":"WebSite","@id":"https:\/\/noticiasemdestaque.com\/cd\/#website","url":"https:\/\/noticiasemdestaque.com\/cd\/","name":"Not&iacute;cias em Destaque","description":"","publisher":{"@id":"https:\/\/noticiasemdestaque.com\/cd\/#organization"},"potentialAction":[{"@type":"SearchAction","target":{"@type":"EntryPoint","urlTemplate":"https:\/\/noticiasemdestaque.com\/cd\/?s={search_term_string}"},"query-input":{"@type":"PropertyValueSpecification","valueRequired":true,"valueName":"search_term_string"}}],"inLanguage":"pt-BR"},{"@type":"Organization","@id":"https:\/\/noticiasemdestaque.com\/cd\/#organization","name":"Not\u00edcias em Destaque","url":"https:\/\/noticiasemdestaque.com\/cd\/","logo":{"@type":"ImageObject","inLanguage":"pt-BR","@id":"https:\/\/noticiasemdestaque.com\/cd\/#\/schema\/logo\/image\/","url":"https:\/\/noticiasemdestaque.com\/cd\/wp-content\/uploads\/2022\/05\/imagem-base-noticiasemdestaque.png","contentUrl":"https:\/\/noticiasemdestaque.com\/cd\/wp-content\/uploads\/2022\/05\/imagem-base-noticiasemdestaque.png","width":1200,"height":630,"caption":"Not\u00edcias em Destaque"},"image":{"@id":"https:\/\/noticiasemdestaque.com\/cd\/#\/schema\/logo\/image\/"}},{"@type":"Person","@id":"https:\/\/noticiasemdestaque.com\/cd\/#\/schema\/person\/21320b03a7e8bb90128938dafc9b908a","name":"Not\u00edcias em Destaque","url":"https:\/\/noticiasemdestaque.com\/cd\/?author=2"}]}},"jetpack_featured_media_url":"https:\/\/noticiasemdestaque.com\/cd\/wp-content\/uploads\/2017\/10\/vacina_animal.jpg","jetpack_sharing_enabled":true,"_links":{"self":[{"href":"https:\/\/noticiasemdestaque.com\/cd\/index.php?rest_route=\/wp\/v2\/posts\/5303","targetHints":{"allow":["GET"]}}],"collection":[{"href":"https:\/\/noticiasemdestaque.com\/cd\/index.php?rest_route=\/wp\/v2\/posts"}],"about":[{"href":"https:\/\/noticiasemdestaque.com\/cd\/index.php?rest_route=\/wp\/v2\/types\/post"}],"author":[{"embeddable":true,"href":"https:\/\/noticiasemdestaque.com\/cd\/index.php?rest_route=\/wp\/v2\/users\/2"}],"replies":[{"embeddable":true,"href":"https:\/\/noticiasemdestaque.com\/cd\/index.php?rest_route=%2Fwp%2Fv2%2Fcomments&post=5303"}],"version-history":[{"count":1,"href":"https:\/\/noticiasemdestaque.com\/cd\/index.php?rest_route=\/wp\/v2\/posts\/5303\/revisions"}],"predecessor-version":[{"id":5305,"href":"https:\/\/noticiasemdestaque.com\/cd\/index.php?rest_route=\/wp\/v2\/posts\/5303\/revisions\/5305"}],"wp:featuredmedia":[{"embeddable":true,"href":"https:\/\/noticiasemdestaque.com\/cd\/index.php?rest_route=\/wp\/v2\/media\/5304"}],"wp:attachment":[{"href":"https:\/\/noticiasemdestaque.com\/cd\/index.php?rest_route=%2Fwp%2Fv2%2Fmedia&parent=5303"}],"wp:term":[{"taxonomy":"category","embeddable":true,"href":"https:\/\/noticiasemdestaque.com\/cd\/index.php?rest_route=%2Fwp%2Fv2%2Fcategories&post=5303"},{"taxonomy":"post_tag","embeddable":true,"href":"https:\/\/noticiasemdestaque.com\/cd\/index.php?rest_route=%2Fwp%2Fv2%2Ftags&post=5303"}],"curies":[{"name":"wp","href":"https:\/\/api.w.org\/{rel}","templated":true}]}}