{"id":5295,"date":"2017-10-20T07:22:42","date_gmt":"2017-10-20T10:22:42","guid":{"rendered":"http:\/\/caririemdestaque.com\/cd\/?p=5295"},"modified":"2017-10-20T07:22:42","modified_gmt":"2017-10-20T10:22:42","slug":"prf-constata-irregularidades-em-onibus-escolares-de-20-municipios-da-pb-8-sao-do-cariri","status":"publish","type":"post","link":"https:\/\/noticiasemdestaque.com\/cd\/?p=5295","title":{"rendered":"PRF constata irregularidades em \u00f4nibus escolares de 20 munic\u00edpios da PB; 8 s\u00e3o do Cariri"},"content":{"rendered":"<p><a href=\"http:\/\/caririemdestaque.com\/cd\/wp-content\/uploads\/2017\/10\/onibus_escolar_2017-600x450.jpeg\"><img decoding=\"async\" class=\"size-thumbnail wp-image-5296 alignleft\" src=\"http:\/\/caririemdestaque.com\/cd\/wp-content\/uploads\/2017\/10\/onibus_escolar_2017-600x450-150x150.jpeg\" alt=\"\" width=\"150\" height=\"150\" \/><\/a>A Pol\u00edcia Rodovi\u00e1ria Federal (PRF) constatou irregularidades no transporte escolar de 20 munic\u00edpios da Para\u00edba. Os dados foram colhidos em uma opera\u00e7\u00e3o chamada Transporte Escolar Seguro, realizada pela PRF de 18 a 22 de setembro, em Campina Grande. O Minist\u00e9rio P\u00fablico da Para\u00edba divulgou, nesta quinta-feira (19), que recebeu o relat\u00f3rio do resultado da opera\u00e7\u00e3o.<\/p>\n<p data-track-category=\"Link no Texto\" data-track-links=\"\">Durante a opera\u00e7\u00e3o, v\u00e1rias irregularidades foram constatadas, entre elas ve\u00edculos sem autoriza\u00e7\u00e3o para transporte escolar, \u00f4nibus com lota\u00e7\u00e3o excedente, alunos em p\u00e9 ou sentados no corredor do \u00f4nibus, pneus lisos, a maioria dos passageiros (estudantes) sem uso do cinto de seguran\u00e7a, motoristas sem o curso especializado para transporte coletivo de passageiros e um caso de embriaguez ao volante.<\/p>\n<p data-track-category=\"Link no Texto\" data-track-links=\"\">As irregularidades foram constatadas em \u00f4nibus do Estado da Para\u00edba e dos munic\u00edpios de Boqueir\u00e3o, Aroeiras, Queimadas, Casserengue, Alagoa Nova, Rem\u00edgio, Algod\u00e3o de Janda\u00edra, Boa Vista, Monteiro, S\u00e3o Vicente do Serid\u00f3, S\u00e3o Jo\u00e3o do Cariri, Soledade, Juazeirinho, Equador, Gurj\u00e3o, Campina Grande, Nova Floresta, Lagoa Seca, Bananeiras e Caturit\u00e9.<\/p>\n<p data-track-category=\"Link no Texto\" data-track-links=\"\">Ap\u00f3s analisar os relat\u00f3rios, o Minist\u00e9rio P\u00fablico da Para\u00edba vai encaminhar para a promotoria respons\u00e1vel por cada munic\u00edpio denunciado uma c\u00f3pia e ent\u00e3o ser\u00e3o instaurados procedimentos para acompanhar e verificar as irregularidades.<\/p>\n<p data-track-category=\"Link no Texto\" data-track-links=\"\">Caso sejam constatadas as irregularidades, os promotores entram com um ajustamento de conduta, ajuiza a\u00e7\u00f5es civis p\u00fablicas e instaura inqu\u00e9ritos civis p\u00fablicos para que os problemas sejam resolvidos.<\/p>\n<p data-track-category=\"Link no Texto\" data-track-links=\"\"><em>Com G1PB<\/em><\/p>\n<p>&nbsp;<\/p>\n","protected":false},"excerpt":{"rendered":"<p>A Pol\u00edcia Rodovi\u00e1ria Federal (PRF) constatou irregularidades no transporte escolar de 20 munic\u00edpios da Para\u00edba. Os dados foram colhidos em uma opera\u00e7\u00e3o chamada Transporte Escolar Seguro, realizada pela PRF de 18 a 22 de setembro, em Campina Grande. O Minist\u00e9rio P\u00fablico da Para\u00edba divulgou, nesta quinta-feira (19), que recebeu o relat\u00f3rio do resultado da opera\u00e7\u00e3o. Durante a opera\u00e7\u00e3o, v\u00e1rias irregularidades foram constatadas, entre elas ve\u00edculos sem autoriza\u00e7\u00e3o para transporte escolar, \u00f4nibus com lota\u00e7\u00e3o excedente, alunos em p\u00e9 ou sentados no corredor do \u00f4nibus, pneus lisos, a maioria dos passageiros (estudantes) sem uso do cinto de seguran\u00e7a, motoristas sem o curso especializado para transporte coletivo de passageiros e um caso de embriaguez ao volante. As irregularidades foram constatadas em \u00f4nibus do Estado da Para\u00edba e dos munic\u00edpios de Boqueir\u00e3o, Aroeiras, Queimadas, Casserengue, Alagoa Nova, Rem\u00edgio, Algod\u00e3o de Janda\u00edra, Boa Vista, Monteiro, S\u00e3o Vicente do Serid\u00f3, S\u00e3o Jo\u00e3o do Cariri, Soledade, Juazeirinho, Equador, Gurj\u00e3o, Campina Grande, Nova Floresta, Lagoa Seca, Bananeiras e Caturit\u00e9. Ap\u00f3s analisar os relat\u00f3rios, o Minist\u00e9rio P\u00fablico da Para\u00edba vai encaminhar para a promotoria respons\u00e1vel por cada munic\u00edpio denunciado uma c\u00f3pia e ent\u00e3o ser\u00e3o instaurados procedimentos para acompanhar e verificar as irregularidades. Caso sejam constatadas as irregularidades, os promotores entram com um ajustamento de conduta, ajuiza a\u00e7\u00f5es civis p\u00fablicas e instaura inqu\u00e9ritos civis p\u00fablicos para que os problemas sejam resolvidos. Com G1PB &nbsp;<\/p>\n","protected":false},"author":2,"featured_media":5296,"comment_status":"closed","ping_status":"open","sticky":false,"template":"","format":"standard","meta":{"_eb_attr":"","_jetpack_memberships_contains_paid_content":false,"footnotes":""},"categories":[6],"tags":[],"class_list":["post-5295","post","type-post","status-publish","format-standard","has-post-thumbnail","hentry","category-educacao"],"yoast_head":"<!-- This site is optimized with the Yoast SEO plugin v26.5 - https:\/\/yoast.com\/wordpress\/plugins\/seo\/ -->\n<title>PRF constata irregularidades em \u00f4nibus escolares de 20 munic\u00edpios da PB; 8 s\u00e3o do Cariri - Not&iacute;cias em Destaque<\/title>\n<meta name=\"robots\" content=\"index, follow, max-snippet:-1, max-image-preview:large, max-video-preview:-1\" \/>\n<link rel=\"canonical\" href=\"https:\/\/noticiasemdestaque.com\/cd\/?p=5295\" \/>\n<meta property=\"og:locale\" content=\"pt_BR\" \/>\n<meta property=\"og:type\" content=\"article\" \/>\n<meta property=\"og:title\" content=\"PRF constata irregularidades em \u00f4nibus escolares de 20 munic\u00edpios da PB; 8 s\u00e3o do Cariri - Not&iacute;cias em Destaque\" \/>\n<meta property=\"og:description\" content=\"A Pol\u00edcia Rodovi\u00e1ria Federal (PRF) constatou irregularidades no transporte escolar de 20 munic\u00edpios da Para\u00edba. Os dados foram colhidos em uma opera\u00e7\u00e3o chamada Transporte Escolar Seguro, realizada pela PRF de 18 a 22 de setembro, em Campina Grande. O Minist\u00e9rio P\u00fablico da Para\u00edba divulgou, nesta quinta-feira (19), que recebeu o relat\u00f3rio do resultado da opera\u00e7\u00e3o. Durante a opera\u00e7\u00e3o, v\u00e1rias irregularidades foram constatadas, entre elas ve\u00edculos sem autoriza\u00e7\u00e3o para transporte escolar, \u00f4nibus com lota\u00e7\u00e3o excedente, alunos em p\u00e9 ou sentados no corredor do \u00f4nibus, pneus lisos, a maioria dos passageiros (estudantes) sem uso do cinto de seguran\u00e7a, motoristas sem o curso especializado para transporte coletivo de passageiros e um caso de embriaguez ao volante. As irregularidades foram constatadas em \u00f4nibus do Estado da Para\u00edba e dos munic\u00edpios de Boqueir\u00e3o, Aroeiras, Queimadas, Casserengue, Alagoa Nova, Rem\u00edgio, Algod\u00e3o de Janda\u00edra, Boa Vista, Monteiro, S\u00e3o Vicente do Serid\u00f3, S\u00e3o Jo\u00e3o do Cariri, Soledade, Juazeirinho, Equador, Gurj\u00e3o, Campina Grande, Nova Floresta, Lagoa Seca, Bananeiras e Caturit\u00e9. Ap\u00f3s analisar os relat\u00f3rios, o Minist\u00e9rio P\u00fablico da Para\u00edba vai encaminhar para a promotoria respons\u00e1vel por cada munic\u00edpio denunciado uma c\u00f3pia e ent\u00e3o ser\u00e3o instaurados procedimentos para acompanhar e verificar as irregularidades. Caso sejam constatadas as irregularidades, os promotores entram com um ajustamento de conduta, ajuiza a\u00e7\u00f5es civis p\u00fablicas e instaura inqu\u00e9ritos civis p\u00fablicos para que os problemas sejam resolvidos. Com G1PB &nbsp;\" \/>\n<meta property=\"og:url\" content=\"https:\/\/noticiasemdestaque.com\/cd\/?p=5295\" \/>\n<meta property=\"og:site_name\" content=\"Not&iacute;cias em Destaque\" \/>\n<meta property=\"article:published_time\" content=\"2017-10-20T10:22:42+00:00\" \/>\n<meta property=\"og:image\" content=\"https:\/\/noticiasemdestaque.com\/cd\/wp-content\/uploads\/2017\/10\/onibus_escolar_2017-600x450.jpeg\" \/>\n\t<meta property=\"og:image:width\" content=\"600\" \/>\n\t<meta property=\"og:image:height\" content=\"450\" \/>\n\t<meta property=\"og:image:type\" content=\"image\/jpeg\" \/>\n<meta name=\"author\" content=\"Not\u00edcias em Destaque\" \/>\n<meta name=\"twitter:card\" content=\"summary_large_image\" \/>\n<meta name=\"twitter:label1\" content=\"Escrito por\" \/>\n\t<meta name=\"twitter:data1\" content=\"Not\u00edcias em Destaque\" \/>\n\t<meta name=\"twitter:label2\" content=\"Est. tempo de leitura\" \/>\n\t<meta name=\"twitter:data2\" content=\"1 minuto\" \/>\n<script type=\"application\/ld+json\" class=\"yoast-schema-graph\">{\"@context\":\"https:\/\/schema.org\",\"@graph\":[{\"@type\":\"Article\",\"@id\":\"https:\/\/noticiasemdestaque.com\/cd\/?p=5295#article\",\"isPartOf\":{\"@id\":\"https:\/\/noticiasemdestaque.com\/cd\/?p=5295\"},\"author\":{\"name\":\"Not\u00edcias em Destaque\",\"@id\":\"https:\/\/noticiasemdestaque.com\/cd\/#\/schema\/person\/21320b03a7e8bb90128938dafc9b908a\"},\"headline\":\"PRF constata irregularidades em \u00f4nibus escolares de 20 munic\u00edpios da PB; 8 s\u00e3o do Cariri\",\"datePublished\":\"2017-10-20T10:22:42+00:00\",\"mainEntityOfPage\":{\"@id\":\"https:\/\/noticiasemdestaque.com\/cd\/?p=5295\"},\"wordCount\":276,\"publisher\":{\"@id\":\"https:\/\/noticiasemdestaque.com\/cd\/#organization\"},\"image\":{\"@id\":\"https:\/\/noticiasemdestaque.com\/cd\/?p=5295#primaryimage\"},\"thumbnailUrl\":\"https:\/\/noticiasemdestaque.com\/cd\/wp-content\/uploads\/2017\/10\/onibus_escolar_2017-600x450.jpeg\",\"articleSection\":[\"Educa\u00e7\u00e3o\"],\"inLanguage\":\"pt-BR\"},{\"@type\":\"WebPage\",\"@id\":\"https:\/\/noticiasemdestaque.com\/cd\/?p=5295\",\"url\":\"https:\/\/noticiasemdestaque.com\/cd\/?p=5295\",\"name\":\"PRF constata irregularidades em \u00f4nibus escolares de 20 munic\u00edpios da PB; 8 s\u00e3o do Cariri - Not&iacute;cias em Destaque\",\"isPartOf\":{\"@id\":\"https:\/\/noticiasemdestaque.com\/cd\/#website\"},\"primaryImageOfPage\":{\"@id\":\"https:\/\/noticiasemdestaque.com\/cd\/?p=5295#primaryimage\"},\"image\":{\"@id\":\"https:\/\/noticiasemdestaque.com\/cd\/?p=5295#primaryimage\"},\"thumbnailUrl\":\"https:\/\/noticiasemdestaque.com\/cd\/wp-content\/uploads\/2017\/10\/onibus_escolar_2017-600x450.jpeg\",\"datePublished\":\"2017-10-20T10:22:42+00:00\",\"breadcrumb\":{\"@id\":\"https:\/\/noticiasemdestaque.com\/cd\/?p=5295#breadcrumb\"},\"inLanguage\":\"pt-BR\",\"potentialAction\":[{\"@type\":\"ReadAction\",\"target\":[\"https:\/\/noticiasemdestaque.com\/cd\/?p=5295\"]}]},{\"@type\":\"ImageObject\",\"inLanguage\":\"pt-BR\",\"@id\":\"https:\/\/noticiasemdestaque.com\/cd\/?p=5295#primaryimage\",\"url\":\"https:\/\/noticiasemdestaque.com\/cd\/wp-content\/uploads\/2017\/10\/onibus_escolar_2017-600x450.jpeg\",\"contentUrl\":\"https:\/\/noticiasemdestaque.com\/cd\/wp-content\/uploads\/2017\/10\/onibus_escolar_2017-600x450.jpeg\",\"width\":600,\"height\":450},{\"@type\":\"BreadcrumbList\",\"@id\":\"https:\/\/noticiasemdestaque.com\/cd\/?p=5295#breadcrumb\",\"itemListElement\":[{\"@type\":\"ListItem\",\"position\":1,\"name\":\"In\u00edcio\",\"item\":\"https:\/\/noticiasemdestaque.com\/cd\/\"},{\"@type\":\"ListItem\",\"position\":2,\"name\":\"PRF constata irregularidades em \u00f4nibus escolares de 20 munic\u00edpios da PB; 8 s\u00e3o do Cariri\"}]},{\"@type\":\"WebSite\",\"@id\":\"https:\/\/noticiasemdestaque.com\/cd\/#website\",\"url\":\"https:\/\/noticiasemdestaque.com\/cd\/\",\"name\":\"Not&iacute;cias em Destaque\",\"description\":\"\",\"publisher\":{\"@id\":\"https:\/\/noticiasemdestaque.com\/cd\/#organization\"},\"potentialAction\":[{\"@type\":\"SearchAction\",\"target\":{\"@type\":\"EntryPoint\",\"urlTemplate\":\"https:\/\/noticiasemdestaque.com\/cd\/?s={search_term_string}\"},\"query-input\":{\"@type\":\"PropertyValueSpecification\",\"valueRequired\":true,\"valueName\":\"search_term_string\"}}],\"inLanguage\":\"pt-BR\"},{\"@type\":\"Organization\",\"@id\":\"https:\/\/noticiasemdestaque.com\/cd\/#organization\",\"name\":\"Not\u00edcias em Destaque\",\"url\":\"https:\/\/noticiasemdestaque.com\/cd\/\",\"logo\":{\"@type\":\"ImageObject\",\"inLanguage\":\"pt-BR\",\"@id\":\"https:\/\/noticiasemdestaque.com\/cd\/#\/schema\/logo\/image\/\",\"url\":\"https:\/\/noticiasemdestaque.com\/cd\/wp-content\/uploads\/2022\/05\/imagem-base-noticiasemdestaque.png\",\"contentUrl\":\"https:\/\/noticiasemdestaque.com\/cd\/wp-content\/uploads\/2022\/05\/imagem-base-noticiasemdestaque.png\",\"width\":1200,\"height\":630,\"caption\":\"Not\u00edcias em Destaque\"},\"image\":{\"@id\":\"https:\/\/noticiasemdestaque.com\/cd\/#\/schema\/logo\/image\/\"}},{\"@type\":\"Person\",\"@id\":\"https:\/\/noticiasemdestaque.com\/cd\/#\/schema\/person\/21320b03a7e8bb90128938dafc9b908a\",\"name\":\"Not\u00edcias em Destaque\",\"url\":\"https:\/\/noticiasemdestaque.com\/cd\/?author=2\"}]}<\/script>\n<!-- \/ Yoast SEO plugin. -->","yoast_head_json":{"title":"PRF constata irregularidades em \u00f4nibus escolares de 20 munic\u00edpios da PB; 8 s\u00e3o do Cariri - Not&iacute;cias em Destaque","robots":{"index":"index","follow":"follow","max-snippet":"max-snippet:-1","max-image-preview":"max-image-preview:large","max-video-preview":"max-video-preview:-1"},"canonical":"https:\/\/noticiasemdestaque.com\/cd\/?p=5295","og_locale":"pt_BR","og_type":"article","og_title":"PRF constata irregularidades em \u00f4nibus escolares de 20 munic\u00edpios da PB; 8 s\u00e3o do Cariri - Not&iacute;cias em Destaque","og_description":"A Pol\u00edcia Rodovi\u00e1ria Federal (PRF) constatou irregularidades no transporte escolar de 20 munic\u00edpios da Para\u00edba. Os dados foram colhidos em uma opera\u00e7\u00e3o chamada Transporte Escolar Seguro, realizada pela PRF de 18 a 22 de setembro, em Campina Grande. O Minist\u00e9rio P\u00fablico da Para\u00edba divulgou, nesta quinta-feira (19), que recebeu o relat\u00f3rio do resultado da opera\u00e7\u00e3o. Durante a opera\u00e7\u00e3o, v\u00e1rias irregularidades foram constatadas, entre elas ve\u00edculos sem autoriza\u00e7\u00e3o para transporte escolar, \u00f4nibus com lota\u00e7\u00e3o excedente, alunos em p\u00e9 ou sentados no corredor do \u00f4nibus, pneus lisos, a maioria dos passageiros (estudantes) sem uso do cinto de seguran\u00e7a, motoristas sem o curso especializado para transporte coletivo de passageiros e um caso de embriaguez ao volante. As irregularidades foram constatadas em \u00f4nibus do Estado da Para\u00edba e dos munic\u00edpios de Boqueir\u00e3o, Aroeiras, Queimadas, Casserengue, Alagoa Nova, Rem\u00edgio, Algod\u00e3o de Janda\u00edra, Boa Vista, Monteiro, S\u00e3o Vicente do Serid\u00f3, S\u00e3o Jo\u00e3o do Cariri, Soledade, Juazeirinho, Equador, Gurj\u00e3o, Campina Grande, Nova Floresta, Lagoa Seca, Bananeiras e Caturit\u00e9. Ap\u00f3s analisar os relat\u00f3rios, o Minist\u00e9rio P\u00fablico da Para\u00edba vai encaminhar para a promotoria respons\u00e1vel por cada munic\u00edpio denunciado uma c\u00f3pia e ent\u00e3o ser\u00e3o instaurados procedimentos para acompanhar e verificar as irregularidades. Caso sejam constatadas as irregularidades, os promotores entram com um ajustamento de conduta, ajuiza a\u00e7\u00f5es civis p\u00fablicas e instaura inqu\u00e9ritos civis p\u00fablicos para que os problemas sejam resolvidos. Com G1PB &nbsp;","og_url":"https:\/\/noticiasemdestaque.com\/cd\/?p=5295","og_site_name":"Not&iacute;cias em Destaque","article_published_time":"2017-10-20T10:22:42+00:00","og_image":[{"width":600,"height":450,"url":"https:\/\/noticiasemdestaque.com\/cd\/wp-content\/uploads\/2017\/10\/onibus_escolar_2017-600x450.jpeg","type":"image\/jpeg"}],"author":"Not\u00edcias em Destaque","twitter_card":"summary_large_image","twitter_misc":{"Escrito por":"Not\u00edcias em Destaque","Est. tempo de leitura":"1 minuto"},"schema":{"@context":"https:\/\/schema.org","@graph":[{"@type":"Article","@id":"https:\/\/noticiasemdestaque.com\/cd\/?p=5295#article","isPartOf":{"@id":"https:\/\/noticiasemdestaque.com\/cd\/?p=5295"},"author":{"name":"Not\u00edcias em Destaque","@id":"https:\/\/noticiasemdestaque.com\/cd\/#\/schema\/person\/21320b03a7e8bb90128938dafc9b908a"},"headline":"PRF constata irregularidades em \u00f4nibus escolares de 20 munic\u00edpios da PB; 8 s\u00e3o do Cariri","datePublished":"2017-10-20T10:22:42+00:00","mainEntityOfPage":{"@id":"https:\/\/noticiasemdestaque.com\/cd\/?p=5295"},"wordCount":276,"publisher":{"@id":"https:\/\/noticiasemdestaque.com\/cd\/#organization"},"image":{"@id":"https:\/\/noticiasemdestaque.com\/cd\/?p=5295#primaryimage"},"thumbnailUrl":"https:\/\/noticiasemdestaque.com\/cd\/wp-content\/uploads\/2017\/10\/onibus_escolar_2017-600x450.jpeg","articleSection":["Educa\u00e7\u00e3o"],"inLanguage":"pt-BR"},{"@type":"WebPage","@id":"https:\/\/noticiasemdestaque.com\/cd\/?p=5295","url":"https:\/\/noticiasemdestaque.com\/cd\/?p=5295","name":"PRF constata irregularidades em \u00f4nibus escolares de 20 munic\u00edpios da PB; 8 s\u00e3o do Cariri - Not&iacute;cias em Destaque","isPartOf":{"@id":"https:\/\/noticiasemdestaque.com\/cd\/#website"},"primaryImageOfPage":{"@id":"https:\/\/noticiasemdestaque.com\/cd\/?p=5295#primaryimage"},"image":{"@id":"https:\/\/noticiasemdestaque.com\/cd\/?p=5295#primaryimage"},"thumbnailUrl":"https:\/\/noticiasemdestaque.com\/cd\/wp-content\/uploads\/2017\/10\/onibus_escolar_2017-600x450.jpeg","datePublished":"2017-10-20T10:22:42+00:00","breadcrumb":{"@id":"https:\/\/noticiasemdestaque.com\/cd\/?p=5295#breadcrumb"},"inLanguage":"pt-BR","potentialAction":[{"@type":"ReadAction","target":["https:\/\/noticiasemdestaque.com\/cd\/?p=5295"]}]},{"@type":"ImageObject","inLanguage":"pt-BR","@id":"https:\/\/noticiasemdestaque.com\/cd\/?p=5295#primaryimage","url":"https:\/\/noticiasemdestaque.com\/cd\/wp-content\/uploads\/2017\/10\/onibus_escolar_2017-600x450.jpeg","contentUrl":"https:\/\/noticiasemdestaque.com\/cd\/wp-content\/uploads\/2017\/10\/onibus_escolar_2017-600x450.jpeg","width":600,"height":450},{"@type":"BreadcrumbList","@id":"https:\/\/noticiasemdestaque.com\/cd\/?p=5295#breadcrumb","itemListElement":[{"@type":"ListItem","position":1,"name":"In\u00edcio","item":"https:\/\/noticiasemdestaque.com\/cd\/"},{"@type":"ListItem","position":2,"name":"PRF constata irregularidades em \u00f4nibus escolares de 20 munic\u00edpios da PB; 8 s\u00e3o do Cariri"}]},{"@type":"WebSite","@id":"https:\/\/noticiasemdestaque.com\/cd\/#website","url":"https:\/\/noticiasemdestaque.com\/cd\/","name":"Not&iacute;cias em Destaque","description":"","publisher":{"@id":"https:\/\/noticiasemdestaque.com\/cd\/#organization"},"potentialAction":[{"@type":"SearchAction","target":{"@type":"EntryPoint","urlTemplate":"https:\/\/noticiasemdestaque.com\/cd\/?s={search_term_string}"},"query-input":{"@type":"PropertyValueSpecification","valueRequired":true,"valueName":"search_term_string"}}],"inLanguage":"pt-BR"},{"@type":"Organization","@id":"https:\/\/noticiasemdestaque.com\/cd\/#organization","name":"Not\u00edcias em Destaque","url":"https:\/\/noticiasemdestaque.com\/cd\/","logo":{"@type":"ImageObject","inLanguage":"pt-BR","@id":"https:\/\/noticiasemdestaque.com\/cd\/#\/schema\/logo\/image\/","url":"https:\/\/noticiasemdestaque.com\/cd\/wp-content\/uploads\/2022\/05\/imagem-base-noticiasemdestaque.png","contentUrl":"https:\/\/noticiasemdestaque.com\/cd\/wp-content\/uploads\/2022\/05\/imagem-base-noticiasemdestaque.png","width":1200,"height":630,"caption":"Not\u00edcias em Destaque"},"image":{"@id":"https:\/\/noticiasemdestaque.com\/cd\/#\/schema\/logo\/image\/"}},{"@type":"Person","@id":"https:\/\/noticiasemdestaque.com\/cd\/#\/schema\/person\/21320b03a7e8bb90128938dafc9b908a","name":"Not\u00edcias em Destaque","url":"https:\/\/noticiasemdestaque.com\/cd\/?author=2"}]}},"jetpack_featured_media_url":"https:\/\/noticiasemdestaque.com\/cd\/wp-content\/uploads\/2017\/10\/onibus_escolar_2017-600x450.jpeg","jetpack_sharing_enabled":true,"_links":{"self":[{"href":"https:\/\/noticiasemdestaque.com\/cd\/index.php?rest_route=\/wp\/v2\/posts\/5295","targetHints":{"allow":["GET"]}}],"collection":[{"href":"https:\/\/noticiasemdestaque.com\/cd\/index.php?rest_route=\/wp\/v2\/posts"}],"about":[{"href":"https:\/\/noticiasemdestaque.com\/cd\/index.php?rest_route=\/wp\/v2\/types\/post"}],"author":[{"embeddable":true,"href":"https:\/\/noticiasemdestaque.com\/cd\/index.php?rest_route=\/wp\/v2\/users\/2"}],"replies":[{"embeddable":true,"href":"https:\/\/noticiasemdestaque.com\/cd\/index.php?rest_route=%2Fwp%2Fv2%2Fcomments&post=5295"}],"version-history":[{"count":1,"href":"https:\/\/noticiasemdestaque.com\/cd\/index.php?rest_route=\/wp\/v2\/posts\/5295\/revisions"}],"predecessor-version":[{"id":5297,"href":"https:\/\/noticiasemdestaque.com\/cd\/index.php?rest_route=\/wp\/v2\/posts\/5295\/revisions\/5297"}],"wp:featuredmedia":[{"embeddable":true,"href":"https:\/\/noticiasemdestaque.com\/cd\/index.php?rest_route=\/wp\/v2\/media\/5296"}],"wp:attachment":[{"href":"https:\/\/noticiasemdestaque.com\/cd\/index.php?rest_route=%2Fwp%2Fv2%2Fmedia&parent=5295"}],"wp:term":[{"taxonomy":"category","embeddable":true,"href":"https:\/\/noticiasemdestaque.com\/cd\/index.php?rest_route=%2Fwp%2Fv2%2Fcategories&post=5295"},{"taxonomy":"post_tag","embeddable":true,"href":"https:\/\/noticiasemdestaque.com\/cd\/index.php?rest_route=%2Fwp%2Fv2%2Ftags&post=5295"}],"curies":[{"name":"wp","href":"https:\/\/api.w.org\/{rel}","templated":true}]}}