{"id":5291,"date":"2017-10-19T21:13:35","date_gmt":"2017-10-20T00:13:35","guid":{"rendered":"http:\/\/caririemdestaque.com\/cd\/?p=5291"},"modified":"2017-10-19T21:13:35","modified_gmt":"2017-10-20T00:13:35","slug":"trf-derruba-liminar-que-impedia-enfermeiros-de-requisitar-exames","status":"publish","type":"post","link":"https:\/\/noticiasemdestaque.com\/cd\/?p=5291","title":{"rendered":"TRF derruba liminar que impedia enfermeiros de requisitar exames"},"content":{"rendered":"<p><a href=\"http:\/\/caririemdestaque.com\/cd\/wp-content\/uploads\/2017\/10\/enfermeiros.png\"><img decoding=\"async\" class=\"alignleft wp-image-5292 size-medium\" src=\"http:\/\/caririemdestaque.com\/cd\/wp-content\/uploads\/2017\/10\/enfermeiros-300x157.png\" alt=\"\" width=\"300\" height=\"157\" srcset=\"https:\/\/noticiasemdestaque.com\/cd\/wp-content\/uploads\/2017\/10\/enfermeiros-300x157.png 300w, https:\/\/noticiasemdestaque.com\/cd\/wp-content\/uploads\/2017\/10\/enfermeiros.png 600w\" sizes=\"(max-width: 300px) 100vw, 300px\" \/><\/a>O\u00a0 presidente do Tribunal Regional Federal da 1\u00aa Regi\u00e3o acatou recurso contra a liminar da 20\u00aa Vara C\u00edvel do Distrito Federal, que impedia a requisi\u00e7\u00e3o de exames por enfermeiros, prejudicando o atendimento a pacientes do Sistema \u00danico de Sa\u00fade (SUS). A liminar est\u00e1 suspensa at\u00e9 o julgamento do m\u00e9rito do processo.<\/p>\n<p>Recurso da Advocacia-Geral da Uni\u00e3o apontou que a liminar baseou-se em \u201cpremissas equivocadas\u201d e representou \u201cindevida inger\u00eancia do Poder Judici\u00e1rio na execu\u00e7\u00e3o da pol\u00edtica p\u00fablica de Aten\u00e7\u00e3o B\u00e1sica do Sistema \u00danico de Sa\u00fade\u201d, gerando \u201cgrave les\u00e3o \u00e0 ordem p\u00fablico-administrativa e \u00e0 sa\u00fade p\u00fablica\u201d.<\/p>\n<p>A solicita\u00e7\u00e3o de exames de rotina e complementares \u00e9 realidade consolidada no Brasil desde 1997, quando foi editada a Resolu\u00e7\u00e3o Cofen 195\/97 (em vigor). A consulta de Enfermagem, o diagn\u00f3stico de Enfermagem e a prescri\u00e7\u00e3o de medicamentos em protocolos s\u00e3o compet\u00eancias dos enfermeiros estabelecidas na Lei 7.498\/1986, regulamentada pelo Decreto 94.406\/1987 e pela Portaria MS 2.436\/2017.<\/p>\n<p>A restri\u00e7\u00e3o imposta pela decis\u00e3o liminar afetou o atendimento a milhares brasileiros, atrasando ou inviabilizando exames essenciais, inclusive pr\u00e9-natais, al\u00e9m de interromper protocolos da Estrat\u00e9gia de Sa\u00fade da Fam\u00edlia, prejudicando programas como o acompanhamento de diab\u00e9ticos e hipertensos (\u201chiperdia\u201d), tuberculose, hansen\u00edase, DST\/Aids, dentre outros.<\/p>\n<p>O Conselho Federal de Enfermagem (Cofen)\u00a0 permanece firme na miss\u00e3o constitucional de regular e fiscalizar a profiss\u00e3o, e continuar\u00e1 tomando todas as medidas judiciais necess\u00e1rias para salvaguardar o pleno atendimento \u00e0 popula\u00e7\u00e3o.<\/p>\n<p>\u201cO bom-senso prevaleceu. Os profissionais de Enfermagem poder\u00e3o continuar fazendo o que sabem e fazem bem: cuidar da Sa\u00fade das pessoas\u201d, comemorou o presidente do Cofen, Manoel Neri. \u201c\u00c9 uma retumbante vit\u00f3ria da Enfermagem e do Sistema \u00danico de Sa\u00fade\u201d.<\/p>\n<p>Leia a \u00edntegra da <a href=\"http:\/\/www.cofen.gov.br\/wp-content\/uploads\/2017\/10\/Decisa%CC%83o-.pdf\">decisa\u0303o do TRF da 1\u00aa Regi\u00e3o.\u00a0<\/a><\/p>\n<p><em><strong>Cariri em Destaque\u00a0<\/strong><\/em><\/p>\n<p>Fonte: Ascom &#8211; Cofen<\/p>\n","protected":false},"excerpt":{"rendered":"<p>O\u00a0 presidente do Tribunal Regional Federal da 1\u00aa Regi\u00e3o acatou recurso contra a liminar da 20\u00aa Vara C\u00edvel do Distrito Federal, que impedia a requisi\u00e7\u00e3o de exames por enfermeiros, prejudicando o atendimento a pacientes do Sistema \u00danico de Sa\u00fade (SUS). A liminar est\u00e1 suspensa at\u00e9 o julgamento do m\u00e9rito do processo. Recurso da Advocacia-Geral da Uni\u00e3o apontou que a liminar baseou-se em \u201cpremissas equivocadas\u201d e representou \u201cindevida inger\u00eancia do Poder Judici\u00e1rio na execu\u00e7\u00e3o da pol\u00edtica p\u00fablica de Aten\u00e7\u00e3o B\u00e1sica do Sistema \u00danico de Sa\u00fade\u201d, gerando \u201cgrave les\u00e3o \u00e0 ordem p\u00fablico-administrativa e \u00e0 sa\u00fade p\u00fablica\u201d. A solicita\u00e7\u00e3o de exames de rotina e complementares \u00e9 realidade consolidada no Brasil desde 1997, quando foi editada a Resolu\u00e7\u00e3o Cofen 195\/97 (em vigor). A consulta de Enfermagem, o diagn\u00f3stico de Enfermagem e a prescri\u00e7\u00e3o de medicamentos em protocolos s\u00e3o compet\u00eancias dos enfermeiros estabelecidas na Lei 7.498\/1986, regulamentada pelo Decreto 94.406\/1987 e pela Portaria MS 2.436\/2017. A restri\u00e7\u00e3o imposta pela decis\u00e3o liminar afetou o atendimento a milhares brasileiros, atrasando ou inviabilizando exames essenciais, inclusive pr\u00e9-natais, al\u00e9m de interromper protocolos da Estrat\u00e9gia de Sa\u00fade da Fam\u00edlia, prejudicando programas como o acompanhamento de diab\u00e9ticos e hipertensos (\u201chiperdia\u201d), tuberculose, hansen\u00edase, DST\/Aids, dentre outros. O Conselho Federal de Enfermagem (Cofen)\u00a0 permanece firme na miss\u00e3o constitucional de regular e fiscalizar a profiss\u00e3o, e continuar\u00e1 tomando todas as medidas judiciais necess\u00e1rias para salvaguardar o pleno atendimento \u00e0 popula\u00e7\u00e3o. \u201cO bom-senso prevaleceu. Os profissionais de Enfermagem poder\u00e3o continuar fazendo o que sabem e fazem bem: cuidar da Sa\u00fade das pessoas\u201d, comemorou o presidente do Cofen, Manoel Neri. \u201c\u00c9 uma retumbante vit\u00f3ria da Enfermagem e do Sistema \u00danico de Sa\u00fade\u201d. Leia a \u00edntegra da decisa\u0303o do TRF da 1\u00aa Regi\u00e3o.\u00a0 Cariri em Destaque\u00a0 Fonte: Ascom &#8211; Cofen<\/p>\n","protected":false},"author":2,"featured_media":5292,"comment_status":"closed","ping_status":"open","sticky":false,"template":"","format":"standard","meta":{"_eb_attr":"","_jetpack_memberships_contains_paid_content":false,"footnotes":""},"categories":[8],"tags":[],"class_list":["post-5291","post","type-post","status-publish","format-standard","has-post-thumbnail","hentry","category-saude"],"yoast_head":"<!-- This site is optimized with the Yoast SEO plugin v26.5 - https:\/\/yoast.com\/wordpress\/plugins\/seo\/ -->\n<title>TRF derruba liminar que impedia enfermeiros de requisitar exames - Not&iacute;cias em Destaque<\/title>\n<meta name=\"robots\" content=\"index, follow, max-snippet:-1, max-image-preview:large, max-video-preview:-1\" \/>\n<link rel=\"canonical\" href=\"https:\/\/noticiasemdestaque.com\/cd\/?p=5291\" \/>\n<meta property=\"og:locale\" content=\"pt_BR\" \/>\n<meta property=\"og:type\" content=\"article\" \/>\n<meta property=\"og:title\" content=\"TRF derruba liminar que impedia enfermeiros de requisitar exames - Not&iacute;cias em Destaque\" \/>\n<meta property=\"og:description\" content=\"O\u00a0 presidente do Tribunal Regional Federal da 1\u00aa Regi\u00e3o acatou recurso contra a liminar da 20\u00aa Vara C\u00edvel do Distrito Federal, que impedia a requisi\u00e7\u00e3o de exames por enfermeiros, prejudicando o atendimento a pacientes do Sistema \u00danico de Sa\u00fade (SUS). A liminar est\u00e1 suspensa at\u00e9 o julgamento do m\u00e9rito do processo. Recurso da Advocacia-Geral da Uni\u00e3o apontou que a liminar baseou-se em \u201cpremissas equivocadas\u201d e representou \u201cindevida inger\u00eancia do Poder Judici\u00e1rio na execu\u00e7\u00e3o da pol\u00edtica p\u00fablica de Aten\u00e7\u00e3o B\u00e1sica do Sistema \u00danico de Sa\u00fade\u201d, gerando \u201cgrave les\u00e3o \u00e0 ordem p\u00fablico-administrativa e \u00e0 sa\u00fade p\u00fablica\u201d. A solicita\u00e7\u00e3o de exames de rotina e complementares \u00e9 realidade consolidada no Brasil desde 1997, quando foi editada a Resolu\u00e7\u00e3o Cofen 195\/97 (em vigor). A consulta de Enfermagem, o diagn\u00f3stico de Enfermagem e a prescri\u00e7\u00e3o de medicamentos em protocolos s\u00e3o compet\u00eancias dos enfermeiros estabelecidas na Lei 7.498\/1986, regulamentada pelo Decreto 94.406\/1987 e pela Portaria MS 2.436\/2017. A restri\u00e7\u00e3o imposta pela decis\u00e3o liminar afetou o atendimento a milhares brasileiros, atrasando ou inviabilizando exames essenciais, inclusive pr\u00e9-natais, al\u00e9m de interromper protocolos da Estrat\u00e9gia de Sa\u00fade da Fam\u00edlia, prejudicando programas como o acompanhamento de diab\u00e9ticos e hipertensos (\u201chiperdia\u201d), tuberculose, hansen\u00edase, DST\/Aids, dentre outros. O Conselho Federal de Enfermagem (Cofen)\u00a0 permanece firme na miss\u00e3o constitucional de regular e fiscalizar a profiss\u00e3o, e continuar\u00e1 tomando todas as medidas judiciais necess\u00e1rias para salvaguardar o pleno atendimento \u00e0 popula\u00e7\u00e3o. \u201cO bom-senso prevaleceu. Os profissionais de Enfermagem poder\u00e3o continuar fazendo o que sabem e fazem bem: cuidar da Sa\u00fade das pessoas\u201d, comemorou o presidente do Cofen, Manoel Neri. \u201c\u00c9 uma retumbante vit\u00f3ria da Enfermagem e do Sistema \u00danico de Sa\u00fade\u201d. Leia a \u00edntegra da decisa\u0303o do TRF da 1\u00aa Regi\u00e3o.\u00a0 Cariri em Destaque\u00a0 Fonte: Ascom &#8211; Cofen\" \/>\n<meta property=\"og:url\" content=\"https:\/\/noticiasemdestaque.com\/cd\/?p=5291\" \/>\n<meta property=\"og:site_name\" content=\"Not&iacute;cias em Destaque\" \/>\n<meta property=\"article:published_time\" content=\"2017-10-20T00:13:35+00:00\" \/>\n<meta property=\"og:image\" content=\"https:\/\/noticiasemdestaque.com\/cd\/wp-content\/uploads\/2017\/10\/enfermeiros.png\" \/>\n\t<meta property=\"og:image:width\" content=\"600\" \/>\n\t<meta property=\"og:image:height\" content=\"314\" \/>\n\t<meta property=\"og:image:type\" content=\"image\/png\" \/>\n<meta name=\"author\" content=\"Not\u00edcias em Destaque\" \/>\n<meta name=\"twitter:card\" content=\"summary_large_image\" \/>\n<meta name=\"twitter:label1\" content=\"Escrito por\" \/>\n\t<meta name=\"twitter:data1\" content=\"Not\u00edcias em Destaque\" \/>\n\t<meta name=\"twitter:label2\" content=\"Est. tempo de leitura\" \/>\n\t<meta name=\"twitter:data2\" content=\"2 minutos\" \/>\n<script type=\"application\/ld+json\" class=\"yoast-schema-graph\">{\"@context\":\"https:\/\/schema.org\",\"@graph\":[{\"@type\":\"Article\",\"@id\":\"https:\/\/noticiasemdestaque.com\/cd\/?p=5291#article\",\"isPartOf\":{\"@id\":\"https:\/\/noticiasemdestaque.com\/cd\/?p=5291\"},\"author\":{\"name\":\"Not\u00edcias em Destaque\",\"@id\":\"https:\/\/noticiasemdestaque.com\/cd\/#\/schema\/person\/21320b03a7e8bb90128938dafc9b908a\"},\"headline\":\"TRF derruba liminar que impedia enfermeiros de requisitar exames\",\"datePublished\":\"2017-10-20T00:13:35+00:00\",\"mainEntityOfPage\":{\"@id\":\"https:\/\/noticiasemdestaque.com\/cd\/?p=5291\"},\"wordCount\":323,\"publisher\":{\"@id\":\"https:\/\/noticiasemdestaque.com\/cd\/#organization\"},\"image\":{\"@id\":\"https:\/\/noticiasemdestaque.com\/cd\/?p=5291#primaryimage\"},\"thumbnailUrl\":\"https:\/\/noticiasemdestaque.com\/cd\/wp-content\/uploads\/2017\/10\/enfermeiros.png\",\"articleSection\":[\"Sa\u00fade\"],\"inLanguage\":\"pt-BR\"},{\"@type\":\"WebPage\",\"@id\":\"https:\/\/noticiasemdestaque.com\/cd\/?p=5291\",\"url\":\"https:\/\/noticiasemdestaque.com\/cd\/?p=5291\",\"name\":\"TRF derruba liminar que impedia enfermeiros de requisitar exames - Not&iacute;cias em Destaque\",\"isPartOf\":{\"@id\":\"https:\/\/noticiasemdestaque.com\/cd\/#website\"},\"primaryImageOfPage\":{\"@id\":\"https:\/\/noticiasemdestaque.com\/cd\/?p=5291#primaryimage\"},\"image\":{\"@id\":\"https:\/\/noticiasemdestaque.com\/cd\/?p=5291#primaryimage\"},\"thumbnailUrl\":\"https:\/\/noticiasemdestaque.com\/cd\/wp-content\/uploads\/2017\/10\/enfermeiros.png\",\"datePublished\":\"2017-10-20T00:13:35+00:00\",\"breadcrumb\":{\"@id\":\"https:\/\/noticiasemdestaque.com\/cd\/?p=5291#breadcrumb\"},\"inLanguage\":\"pt-BR\",\"potentialAction\":[{\"@type\":\"ReadAction\",\"target\":[\"https:\/\/noticiasemdestaque.com\/cd\/?p=5291\"]}]},{\"@type\":\"ImageObject\",\"inLanguage\":\"pt-BR\",\"@id\":\"https:\/\/noticiasemdestaque.com\/cd\/?p=5291#primaryimage\",\"url\":\"https:\/\/noticiasemdestaque.com\/cd\/wp-content\/uploads\/2017\/10\/enfermeiros.png\",\"contentUrl\":\"https:\/\/noticiasemdestaque.com\/cd\/wp-content\/uploads\/2017\/10\/enfermeiros.png\",\"width\":600,\"height\":314},{\"@type\":\"BreadcrumbList\",\"@id\":\"https:\/\/noticiasemdestaque.com\/cd\/?p=5291#breadcrumb\",\"itemListElement\":[{\"@type\":\"ListItem\",\"position\":1,\"name\":\"In\u00edcio\",\"item\":\"https:\/\/noticiasemdestaque.com\/cd\/\"},{\"@type\":\"ListItem\",\"position\":2,\"name\":\"TRF derruba liminar que impedia enfermeiros de requisitar exames\"}]},{\"@type\":\"WebSite\",\"@id\":\"https:\/\/noticiasemdestaque.com\/cd\/#website\",\"url\":\"https:\/\/noticiasemdestaque.com\/cd\/\",\"name\":\"Not&iacute;cias em Destaque\",\"description\":\"\",\"publisher\":{\"@id\":\"https:\/\/noticiasemdestaque.com\/cd\/#organization\"},\"potentialAction\":[{\"@type\":\"SearchAction\",\"target\":{\"@type\":\"EntryPoint\",\"urlTemplate\":\"https:\/\/noticiasemdestaque.com\/cd\/?s={search_term_string}\"},\"query-input\":{\"@type\":\"PropertyValueSpecification\",\"valueRequired\":true,\"valueName\":\"search_term_string\"}}],\"inLanguage\":\"pt-BR\"},{\"@type\":\"Organization\",\"@id\":\"https:\/\/noticiasemdestaque.com\/cd\/#organization\",\"name\":\"Not\u00edcias em Destaque\",\"url\":\"https:\/\/noticiasemdestaque.com\/cd\/\",\"logo\":{\"@type\":\"ImageObject\",\"inLanguage\":\"pt-BR\",\"@id\":\"https:\/\/noticiasemdestaque.com\/cd\/#\/schema\/logo\/image\/\",\"url\":\"https:\/\/noticiasemdestaque.com\/cd\/wp-content\/uploads\/2022\/05\/imagem-base-noticiasemdestaque.png\",\"contentUrl\":\"https:\/\/noticiasemdestaque.com\/cd\/wp-content\/uploads\/2022\/05\/imagem-base-noticiasemdestaque.png\",\"width\":1200,\"height\":630,\"caption\":\"Not\u00edcias em Destaque\"},\"image\":{\"@id\":\"https:\/\/noticiasemdestaque.com\/cd\/#\/schema\/logo\/image\/\"}},{\"@type\":\"Person\",\"@id\":\"https:\/\/noticiasemdestaque.com\/cd\/#\/schema\/person\/21320b03a7e8bb90128938dafc9b908a\",\"name\":\"Not\u00edcias em Destaque\",\"url\":\"https:\/\/noticiasemdestaque.com\/cd\/?author=2\"}]}<\/script>\n<!-- \/ Yoast SEO plugin. -->","yoast_head_json":{"title":"TRF derruba liminar que impedia enfermeiros de requisitar exames - Not&iacute;cias em Destaque","robots":{"index":"index","follow":"follow","max-snippet":"max-snippet:-1","max-image-preview":"max-image-preview:large","max-video-preview":"max-video-preview:-1"},"canonical":"https:\/\/noticiasemdestaque.com\/cd\/?p=5291","og_locale":"pt_BR","og_type":"article","og_title":"TRF derruba liminar que impedia enfermeiros de requisitar exames - Not&iacute;cias em Destaque","og_description":"O\u00a0 presidente do Tribunal Regional Federal da 1\u00aa Regi\u00e3o acatou recurso contra a liminar da 20\u00aa Vara C\u00edvel do Distrito Federal, que impedia a requisi\u00e7\u00e3o de exames por enfermeiros, prejudicando o atendimento a pacientes do Sistema \u00danico de Sa\u00fade (SUS). A liminar est\u00e1 suspensa at\u00e9 o julgamento do m\u00e9rito do processo. Recurso da Advocacia-Geral da Uni\u00e3o apontou que a liminar baseou-se em \u201cpremissas equivocadas\u201d e representou \u201cindevida inger\u00eancia do Poder Judici\u00e1rio na execu\u00e7\u00e3o da pol\u00edtica p\u00fablica de Aten\u00e7\u00e3o B\u00e1sica do Sistema \u00danico de Sa\u00fade\u201d, gerando \u201cgrave les\u00e3o \u00e0 ordem p\u00fablico-administrativa e \u00e0 sa\u00fade p\u00fablica\u201d. A solicita\u00e7\u00e3o de exames de rotina e complementares \u00e9 realidade consolidada no Brasil desde 1997, quando foi editada a Resolu\u00e7\u00e3o Cofen 195\/97 (em vigor). A consulta de Enfermagem, o diagn\u00f3stico de Enfermagem e a prescri\u00e7\u00e3o de medicamentos em protocolos s\u00e3o compet\u00eancias dos enfermeiros estabelecidas na Lei 7.498\/1986, regulamentada pelo Decreto 94.406\/1987 e pela Portaria MS 2.436\/2017. A restri\u00e7\u00e3o imposta pela decis\u00e3o liminar afetou o atendimento a milhares brasileiros, atrasando ou inviabilizando exames essenciais, inclusive pr\u00e9-natais, al\u00e9m de interromper protocolos da Estrat\u00e9gia de Sa\u00fade da Fam\u00edlia, prejudicando programas como o acompanhamento de diab\u00e9ticos e hipertensos (\u201chiperdia\u201d), tuberculose, hansen\u00edase, DST\/Aids, dentre outros. O Conselho Federal de Enfermagem (Cofen)\u00a0 permanece firme na miss\u00e3o constitucional de regular e fiscalizar a profiss\u00e3o, e continuar\u00e1 tomando todas as medidas judiciais necess\u00e1rias para salvaguardar o pleno atendimento \u00e0 popula\u00e7\u00e3o. \u201cO bom-senso prevaleceu. Os profissionais de Enfermagem poder\u00e3o continuar fazendo o que sabem e fazem bem: cuidar da Sa\u00fade das pessoas\u201d, comemorou o presidente do Cofen, Manoel Neri. \u201c\u00c9 uma retumbante vit\u00f3ria da Enfermagem e do Sistema \u00danico de Sa\u00fade\u201d. Leia a \u00edntegra da decisa\u0303o do TRF da 1\u00aa Regi\u00e3o.\u00a0 Cariri em Destaque\u00a0 Fonte: Ascom &#8211; Cofen","og_url":"https:\/\/noticiasemdestaque.com\/cd\/?p=5291","og_site_name":"Not&iacute;cias em Destaque","article_published_time":"2017-10-20T00:13:35+00:00","og_image":[{"width":600,"height":314,"url":"https:\/\/noticiasemdestaque.com\/cd\/wp-content\/uploads\/2017\/10\/enfermeiros.png","type":"image\/png"}],"author":"Not\u00edcias em Destaque","twitter_card":"summary_large_image","twitter_misc":{"Escrito por":"Not\u00edcias em Destaque","Est. tempo de leitura":"2 minutos"},"schema":{"@context":"https:\/\/schema.org","@graph":[{"@type":"Article","@id":"https:\/\/noticiasemdestaque.com\/cd\/?p=5291#article","isPartOf":{"@id":"https:\/\/noticiasemdestaque.com\/cd\/?p=5291"},"author":{"name":"Not\u00edcias em Destaque","@id":"https:\/\/noticiasemdestaque.com\/cd\/#\/schema\/person\/21320b03a7e8bb90128938dafc9b908a"},"headline":"TRF derruba liminar que impedia enfermeiros de requisitar exames","datePublished":"2017-10-20T00:13:35+00:00","mainEntityOfPage":{"@id":"https:\/\/noticiasemdestaque.com\/cd\/?p=5291"},"wordCount":323,"publisher":{"@id":"https:\/\/noticiasemdestaque.com\/cd\/#organization"},"image":{"@id":"https:\/\/noticiasemdestaque.com\/cd\/?p=5291#primaryimage"},"thumbnailUrl":"https:\/\/noticiasemdestaque.com\/cd\/wp-content\/uploads\/2017\/10\/enfermeiros.png","articleSection":["Sa\u00fade"],"inLanguage":"pt-BR"},{"@type":"WebPage","@id":"https:\/\/noticiasemdestaque.com\/cd\/?p=5291","url":"https:\/\/noticiasemdestaque.com\/cd\/?p=5291","name":"TRF derruba liminar que impedia enfermeiros de requisitar exames - Not&iacute;cias em Destaque","isPartOf":{"@id":"https:\/\/noticiasemdestaque.com\/cd\/#website"},"primaryImageOfPage":{"@id":"https:\/\/noticiasemdestaque.com\/cd\/?p=5291#primaryimage"},"image":{"@id":"https:\/\/noticiasemdestaque.com\/cd\/?p=5291#primaryimage"},"thumbnailUrl":"https:\/\/noticiasemdestaque.com\/cd\/wp-content\/uploads\/2017\/10\/enfermeiros.png","datePublished":"2017-10-20T00:13:35+00:00","breadcrumb":{"@id":"https:\/\/noticiasemdestaque.com\/cd\/?p=5291#breadcrumb"},"inLanguage":"pt-BR","potentialAction":[{"@type":"ReadAction","target":["https:\/\/noticiasemdestaque.com\/cd\/?p=5291"]}]},{"@type":"ImageObject","inLanguage":"pt-BR","@id":"https:\/\/noticiasemdestaque.com\/cd\/?p=5291#primaryimage","url":"https:\/\/noticiasemdestaque.com\/cd\/wp-content\/uploads\/2017\/10\/enfermeiros.png","contentUrl":"https:\/\/noticiasemdestaque.com\/cd\/wp-content\/uploads\/2017\/10\/enfermeiros.png","width":600,"height":314},{"@type":"BreadcrumbList","@id":"https:\/\/noticiasemdestaque.com\/cd\/?p=5291#breadcrumb","itemListElement":[{"@type":"ListItem","position":1,"name":"In\u00edcio","item":"https:\/\/noticiasemdestaque.com\/cd\/"},{"@type":"ListItem","position":2,"name":"TRF derruba liminar que impedia enfermeiros de requisitar exames"}]},{"@type":"WebSite","@id":"https:\/\/noticiasemdestaque.com\/cd\/#website","url":"https:\/\/noticiasemdestaque.com\/cd\/","name":"Not&iacute;cias em Destaque","description":"","publisher":{"@id":"https:\/\/noticiasemdestaque.com\/cd\/#organization"},"potentialAction":[{"@type":"SearchAction","target":{"@type":"EntryPoint","urlTemplate":"https:\/\/noticiasemdestaque.com\/cd\/?s={search_term_string}"},"query-input":{"@type":"PropertyValueSpecification","valueRequired":true,"valueName":"search_term_string"}}],"inLanguage":"pt-BR"},{"@type":"Organization","@id":"https:\/\/noticiasemdestaque.com\/cd\/#organization","name":"Not\u00edcias em Destaque","url":"https:\/\/noticiasemdestaque.com\/cd\/","logo":{"@type":"ImageObject","inLanguage":"pt-BR","@id":"https:\/\/noticiasemdestaque.com\/cd\/#\/schema\/logo\/image\/","url":"https:\/\/noticiasemdestaque.com\/cd\/wp-content\/uploads\/2022\/05\/imagem-base-noticiasemdestaque.png","contentUrl":"https:\/\/noticiasemdestaque.com\/cd\/wp-content\/uploads\/2022\/05\/imagem-base-noticiasemdestaque.png","width":1200,"height":630,"caption":"Not\u00edcias em Destaque"},"image":{"@id":"https:\/\/noticiasemdestaque.com\/cd\/#\/schema\/logo\/image\/"}},{"@type":"Person","@id":"https:\/\/noticiasemdestaque.com\/cd\/#\/schema\/person\/21320b03a7e8bb90128938dafc9b908a","name":"Not\u00edcias em Destaque","url":"https:\/\/noticiasemdestaque.com\/cd\/?author=2"}]}},"jetpack_featured_media_url":"https:\/\/noticiasemdestaque.com\/cd\/wp-content\/uploads\/2017\/10\/enfermeiros.png","jetpack_sharing_enabled":true,"_links":{"self":[{"href":"https:\/\/noticiasemdestaque.com\/cd\/index.php?rest_route=\/wp\/v2\/posts\/5291","targetHints":{"allow":["GET"]}}],"collection":[{"href":"https:\/\/noticiasemdestaque.com\/cd\/index.php?rest_route=\/wp\/v2\/posts"}],"about":[{"href":"https:\/\/noticiasemdestaque.com\/cd\/index.php?rest_route=\/wp\/v2\/types\/post"}],"author":[{"embeddable":true,"href":"https:\/\/noticiasemdestaque.com\/cd\/index.php?rest_route=\/wp\/v2\/users\/2"}],"replies":[{"embeddable":true,"href":"https:\/\/noticiasemdestaque.com\/cd\/index.php?rest_route=%2Fwp%2Fv2%2Fcomments&post=5291"}],"version-history":[{"count":1,"href":"https:\/\/noticiasemdestaque.com\/cd\/index.php?rest_route=\/wp\/v2\/posts\/5291\/revisions"}],"predecessor-version":[{"id":5293,"href":"https:\/\/noticiasemdestaque.com\/cd\/index.php?rest_route=\/wp\/v2\/posts\/5291\/revisions\/5293"}],"wp:featuredmedia":[{"embeddable":true,"href":"https:\/\/noticiasemdestaque.com\/cd\/index.php?rest_route=\/wp\/v2\/media\/5292"}],"wp:attachment":[{"href":"https:\/\/noticiasemdestaque.com\/cd\/index.php?rest_route=%2Fwp%2Fv2%2Fmedia&parent=5291"}],"wp:term":[{"taxonomy":"category","embeddable":true,"href":"https:\/\/noticiasemdestaque.com\/cd\/index.php?rest_route=%2Fwp%2Fv2%2Fcategories&post=5291"},{"taxonomy":"post_tag","embeddable":true,"href":"https:\/\/noticiasemdestaque.com\/cd\/index.php?rest_route=%2Fwp%2Fv2%2Ftags&post=5291"}],"curies":[{"name":"wp","href":"https:\/\/api.w.org\/{rel}","templated":true}]}}