{"id":52735,"date":"2023-11-10T22:36:18","date_gmt":"2023-11-11T01:36:18","guid":{"rendered":"https:\/\/noticiasemdestaque.com\/cd\/?p=52735"},"modified":"2023-11-10T22:37:07","modified_gmt":"2023-11-11T01:37:07","slug":"policia-apreende-mais-de-100kg-de-maconha-escondidos-dentro-de-mata-durante-operacao-em-bayeux","status":"publish","type":"post","link":"https:\/\/noticiasemdestaque.com\/cd\/?p=52735","title":{"rendered":"Pol\u00edcia apreende mais de 100kg de maconha escondidos dentro de mata durante opera\u00e7\u00e3o na Para\u00edba"},"content":{"rendered":"<p><a href=\"https:\/\/noticiasemdestaque.com\/cd\/wp-content\/uploads\/2023\/11\/apreensao_tabletes_bayeux.jpeg\"><img fetchpriority=\"high\" decoding=\"async\" class=\" wp-image-52736 aligncenter\" src=\"https:\/\/noticiasemdestaque.com\/cd\/wp-content\/uploads\/2023\/11\/apreensao_tabletes_bayeux-300x200.jpeg\" alt=\"\" width=\"896\" height=\"597\" srcset=\"https:\/\/noticiasemdestaque.com\/cd\/wp-content\/uploads\/2023\/11\/apreensao_tabletes_bayeux-300x200.jpeg 300w, https:\/\/noticiasemdestaque.com\/cd\/wp-content\/uploads\/2023\/11\/apreensao_tabletes_bayeux-768x513.jpeg 768w, https:\/\/noticiasemdestaque.com\/cd\/wp-content\/uploads\/2023\/11\/apreensao_tabletes_bayeux-18x12.jpeg 18w, https:\/\/noticiasemdestaque.com\/cd\/wp-content\/uploads\/2023\/11\/apreensao_tabletes_bayeux.jpeg 876w\" sizes=\"(max-width: 896px) 100vw, 896px\" \/><\/a><\/p>\n<p>A Pol\u00edcia Militar aprendeu, na tarde desta sexta-feira (10), mais de 100kg de maconha que estavam dentro de tambores escondidos em uma mata no munic\u00edpio de Bayeux. A a\u00e7\u00e3o faz parte de uma opera\u00e7\u00e3o cont\u00ednua de combate ao tr\u00e1fico de drogas na regi\u00e3o, e contou com mais de 100 policiais.<\/p>\n<ul>\n<li><a href=\"https:\/\/www.clickpb.com.br\/Policial\/policias-apreendem-200kg-de-drogas-fuzil-e-submetralhadora-em-comunidade-de-bayeux-754400.html\" target=\"true\" rel=\"noopener\">Pol\u00edcias apreendem 200kg de drogas, fuzil e submetralhadora em comunidade de Bayeux<\/a><\/li>\n<\/ul>\n<p>De acordo com as informa\u00e7\u00f5es obtidas pelo ClickPB, a a\u00e7\u00e3o aconteceu em uma mata, na regi\u00e3o de mangue do bairro S\u00e3o Louren\u00e7o. L\u00e1 os policiais conseguiram apreender\u00a0 103 tabletes de maconha pesando 1kg casa. As drogas estavam encerradas dentro de cano de PVC.<\/p>\n<blockquote><p>&#8220;Essa opera\u00e7\u00e3o \u00e9 um desdobramento ainda do \u00faltimo s\u00e1bado, quando cinco criminosos de alta periculosidade foram presos na comunidade S\u00e3o Louren\u00e7o. Durante toda a semana militares continuaram as dilig\u00eancias. Ontem conseguimos fazer a apreens\u00e3o de cerca de 200kg de entorpecente, um fuzil 556 desmontado, uma submetralhadora .40 com v\u00e1rios carregadores. Sab\u00edamos da possibilidade de ainda ter mais material aqui escondidos no interior dessa mata e trouxemos hoje o canil, e com o aux\u00edlio dos c\u00e3es e mais de 100 policiais envolvidos na a\u00e7\u00e3o, n\u00f3s conseguimos localizar mais quatro tambores de drogas&#8221;, destacou o comandante geral da Pol\u00edcia Militar, coronel S\u00e9rgio Fonseca.<\/p><\/blockquote>\n<p>Como vem acompanhado o ClickPB, este \u00e9 o segundo dia de opera\u00e7\u00e3o na regi\u00e3o do bairro S\u00e3o Louren\u00e7o, em Bayeux. Na tarde dessa quinta-feira (09), a Pol\u00edcia Militar apreendeu mais de 200kg de maconha e armas de grosso calibre. N\u00e3o houve presos at\u00e9 o momento.<\/p>\n<p><strong>Noticias em Destaque<\/strong><\/p>\n<p style=\"text-align: right;\"><em>Fonte: Click PB<\/em><\/p>\n","protected":false},"excerpt":{"rendered":"<p>A Pol\u00edcia Militar aprendeu, na tarde desta sexta-feira (10), mais de 100kg de maconha que estavam dentro de tambores escondidos em uma mata no munic\u00edpio de Bayeux. A a\u00e7\u00e3o faz parte de uma opera\u00e7\u00e3o cont\u00ednua de combate ao tr\u00e1fico de drogas na regi\u00e3o, e contou com mais de 100 policiais. Pol\u00edcias apreendem 200kg de drogas, fuzil e submetralhadora em comunidade de Bayeux De acordo com as informa\u00e7\u00f5es obtidas pelo ClickPB, a a\u00e7\u00e3o aconteceu em uma mata, na regi\u00e3o de mangue do bairro S\u00e3o Louren\u00e7o. L\u00e1 os policiais conseguiram apreender\u00a0 103 tabletes de maconha pesando 1kg casa. As drogas estavam encerradas dentro de cano de PVC. &#8220;Essa opera\u00e7\u00e3o \u00e9 um desdobramento ainda do \u00faltimo s\u00e1bado, quando cinco criminosos de alta periculosidade foram presos na comunidade S\u00e3o Louren\u00e7o. Durante toda a semana militares continuaram as dilig\u00eancias. Ontem conseguimos fazer a apreens\u00e3o de cerca de 200kg de entorpecente, um fuzil 556 desmontado, uma submetralhadora .40 com v\u00e1rios carregadores. Sab\u00edamos da possibilidade de ainda ter mais material aqui escondidos no interior dessa mata e trouxemos hoje o canil, e com o aux\u00edlio dos c\u00e3es e mais de 100 policiais envolvidos na a\u00e7\u00e3o, n\u00f3s conseguimos localizar mais quatro tambores de drogas&#8221;, destacou o comandante geral da Pol\u00edcia Militar, coronel S\u00e9rgio Fonseca. Como vem acompanhado o ClickPB, este \u00e9 o segundo dia de opera\u00e7\u00e3o na regi\u00e3o do bairro S\u00e3o Louren\u00e7o, em Bayeux. Na tarde dessa quinta-feira (09), a Pol\u00edcia Militar apreendeu mais de 200kg de maconha e armas de grosso calibre. N\u00e3o houve presos at\u00e9 o momento. Noticias em Destaque Fonte: Click PB<\/p>\n","protected":false},"author":2,"featured_media":52736,"comment_status":"closed","ping_status":"open","sticky":false,"template":"","format":"standard","meta":{"_eb_attr":"","_jetpack_memberships_contains_paid_content":false,"footnotes":""},"categories":[20],"tags":[],"class_list":["post-52735","post","type-post","status-publish","format-standard","has-post-thumbnail","hentry","category-policia"],"yoast_head":"<!-- This site is optimized with the Yoast SEO plugin v26.5 - https:\/\/yoast.com\/wordpress\/plugins\/seo\/ -->\n<title>Pol\u00edcia apreende mais de 100kg de maconha escondidos dentro de mata durante opera\u00e7\u00e3o na Para\u00edba - Not&iacute;cias em Destaque<\/title>\n<meta name=\"robots\" content=\"index, follow, max-snippet:-1, max-image-preview:large, max-video-preview:-1\" \/>\n<link rel=\"canonical\" href=\"https:\/\/noticiasemdestaque.com\/cd\/?p=52735\" \/>\n<meta property=\"og:locale\" content=\"pt_BR\" \/>\n<meta property=\"og:type\" content=\"article\" \/>\n<meta property=\"og:title\" content=\"Pol\u00edcia apreende mais de 100kg de maconha escondidos dentro de mata durante opera\u00e7\u00e3o na Para\u00edba - Not&iacute;cias em Destaque\" \/>\n<meta property=\"og:description\" content=\"A Pol\u00edcia Militar aprendeu, na tarde desta sexta-feira (10), mais de 100kg de maconha que estavam dentro de tambores escondidos em uma mata no munic\u00edpio de Bayeux. A a\u00e7\u00e3o faz parte de uma opera\u00e7\u00e3o cont\u00ednua de combate ao tr\u00e1fico de drogas na regi\u00e3o, e contou com mais de 100 policiais. Pol\u00edcias apreendem 200kg de drogas, fuzil e submetralhadora em comunidade de Bayeux De acordo com as informa\u00e7\u00f5es obtidas pelo ClickPB, a a\u00e7\u00e3o aconteceu em uma mata, na regi\u00e3o de mangue do bairro S\u00e3o Louren\u00e7o. L\u00e1 os policiais conseguiram apreender\u00a0 103 tabletes de maconha pesando 1kg casa. As drogas estavam encerradas dentro de cano de PVC. &#8220;Essa opera\u00e7\u00e3o \u00e9 um desdobramento ainda do \u00faltimo s\u00e1bado, quando cinco criminosos de alta periculosidade foram presos na comunidade S\u00e3o Louren\u00e7o. Durante toda a semana militares continuaram as dilig\u00eancias. Ontem conseguimos fazer a apreens\u00e3o de cerca de 200kg de entorpecente, um fuzil 556 desmontado, uma submetralhadora .40 com v\u00e1rios carregadores. Sab\u00edamos da possibilidade de ainda ter mais material aqui escondidos no interior dessa mata e trouxemos hoje o canil, e com o aux\u00edlio dos c\u00e3es e mais de 100 policiais envolvidos na a\u00e7\u00e3o, n\u00f3s conseguimos localizar mais quatro tambores de drogas&#8221;, destacou o comandante geral da Pol\u00edcia Militar, coronel S\u00e9rgio Fonseca. Como vem acompanhado o ClickPB, este \u00e9 o segundo dia de opera\u00e7\u00e3o na regi\u00e3o do bairro S\u00e3o Louren\u00e7o, em Bayeux. Na tarde dessa quinta-feira (09), a Pol\u00edcia Militar apreendeu mais de 200kg de maconha e armas de grosso calibre. N\u00e3o houve presos at\u00e9 o momento. Noticias em Destaque Fonte: Click PB\" \/>\n<meta property=\"og:url\" content=\"https:\/\/noticiasemdestaque.com\/cd\/?p=52735\" \/>\n<meta property=\"og:site_name\" content=\"Not&iacute;cias em Destaque\" \/>\n<meta property=\"article:published_time\" content=\"2023-11-11T01:36:18+00:00\" \/>\n<meta property=\"article:modified_time\" content=\"2023-11-11T01:37:07+00:00\" \/>\n<meta property=\"og:image\" content=\"https:\/\/noticiasemdestaque.com\/cd\/wp-content\/uploads\/2023\/11\/apreensao_tabletes_bayeux.jpeg\" \/>\n\t<meta property=\"og:image:width\" content=\"876\" \/>\n\t<meta property=\"og:image:height\" content=\"585\" \/>\n\t<meta property=\"og:image:type\" content=\"image\/jpeg\" \/>\n<meta name=\"author\" content=\"Not\u00edcias em Destaque\" \/>\n<meta name=\"twitter:card\" content=\"summary_large_image\" \/>\n<meta name=\"twitter:label1\" content=\"Escrito por\" \/>\n\t<meta name=\"twitter:data1\" content=\"Not\u00edcias em Destaque\" \/>\n\t<meta name=\"twitter:label2\" content=\"Est. tempo de leitura\" \/>\n\t<meta name=\"twitter:data2\" content=\"2 minutos\" \/>\n<script type=\"application\/ld+json\" class=\"yoast-schema-graph\">{\"@context\":\"https:\/\/schema.org\",\"@graph\":[{\"@type\":\"Article\",\"@id\":\"https:\/\/noticiasemdestaque.com\/cd\/?p=52735#article\",\"isPartOf\":{\"@id\":\"https:\/\/noticiasemdestaque.com\/cd\/?p=52735\"},\"author\":{\"name\":\"Not\u00edcias em Destaque\",\"@id\":\"https:\/\/noticiasemdestaque.com\/cd\/#\/schema\/person\/47f7d4f55eec17c6b2ca036c5500f6ce\"},\"headline\":\"Pol\u00edcia apreende mais de 100kg de maconha escondidos dentro de mata durante opera\u00e7\u00e3o na Para\u00edba\",\"datePublished\":\"2023-11-11T01:36:18+00:00\",\"dateModified\":\"2023-11-11T01:37:07+00:00\",\"mainEntityOfPage\":{\"@id\":\"https:\/\/noticiasemdestaque.com\/cd\/?p=52735\"},\"wordCount\":299,\"publisher\":{\"@id\":\"https:\/\/noticiasemdestaque.com\/cd\/#organization\"},\"image\":{\"@id\":\"https:\/\/noticiasemdestaque.com\/cd\/?p=52735#primaryimage\"},\"thumbnailUrl\":\"https:\/\/noticiasemdestaque.com\/cd\/wp-content\/uploads\/2023\/11\/apreensao_tabletes_bayeux.jpeg\",\"articleSection\":[\"Pol\u00edcia\"],\"inLanguage\":\"pt-BR\"},{\"@type\":\"WebPage\",\"@id\":\"https:\/\/noticiasemdestaque.com\/cd\/?p=52735\",\"url\":\"https:\/\/noticiasemdestaque.com\/cd\/?p=52735\",\"name\":\"Pol\u00edcia apreende mais de 100kg de maconha escondidos dentro de mata durante opera\u00e7\u00e3o na Para\u00edba - Not&iacute;cias em Destaque\",\"isPartOf\":{\"@id\":\"https:\/\/noticiasemdestaque.com\/cd\/#website\"},\"primaryImageOfPage\":{\"@id\":\"https:\/\/noticiasemdestaque.com\/cd\/?p=52735#primaryimage\"},\"image\":{\"@id\":\"https:\/\/noticiasemdestaque.com\/cd\/?p=52735#primaryimage\"},\"thumbnailUrl\":\"https:\/\/noticiasemdestaque.com\/cd\/wp-content\/uploads\/2023\/11\/apreensao_tabletes_bayeux.jpeg\",\"datePublished\":\"2023-11-11T01:36:18+00:00\",\"dateModified\":\"2023-11-11T01:37:07+00:00\",\"breadcrumb\":{\"@id\":\"https:\/\/noticiasemdestaque.com\/cd\/?p=52735#breadcrumb\"},\"inLanguage\":\"pt-BR\",\"potentialAction\":[{\"@type\":\"ReadAction\",\"target\":[\"https:\/\/noticiasemdestaque.com\/cd\/?p=52735\"]}]},{\"@type\":\"ImageObject\",\"inLanguage\":\"pt-BR\",\"@id\":\"https:\/\/noticiasemdestaque.com\/cd\/?p=52735#primaryimage\",\"url\":\"https:\/\/noticiasemdestaque.com\/cd\/wp-content\/uploads\/2023\/11\/apreensao_tabletes_bayeux.jpeg\",\"contentUrl\":\"https:\/\/noticiasemdestaque.com\/cd\/wp-content\/uploads\/2023\/11\/apreensao_tabletes_bayeux.jpeg\",\"width\":876,\"height\":585},{\"@type\":\"BreadcrumbList\",\"@id\":\"https:\/\/noticiasemdestaque.com\/cd\/?p=52735#breadcrumb\",\"itemListElement\":[{\"@type\":\"ListItem\",\"position\":1,\"name\":\"In\u00edcio\",\"item\":\"https:\/\/noticiasemdestaque.com\/cd\/\"},{\"@type\":\"ListItem\",\"position\":2,\"name\":\"Pol\u00edcia apreende mais de 100kg de maconha escondidos dentro de mata durante opera\u00e7\u00e3o na Para\u00edba\"}]},{\"@type\":\"WebSite\",\"@id\":\"https:\/\/noticiasemdestaque.com\/cd\/#website\",\"url\":\"https:\/\/noticiasemdestaque.com\/cd\/\",\"name\":\"Not&iacute;cias em Destaque\",\"description\":\"\",\"publisher\":{\"@id\":\"https:\/\/noticiasemdestaque.com\/cd\/#organization\"},\"potentialAction\":[{\"@type\":\"SearchAction\",\"target\":{\"@type\":\"EntryPoint\",\"urlTemplate\":\"https:\/\/noticiasemdestaque.com\/cd\/?s={search_term_string}\"},\"query-input\":{\"@type\":\"PropertyValueSpecification\",\"valueRequired\":true,\"valueName\":\"search_term_string\"}}],\"inLanguage\":\"pt-BR\"},{\"@type\":\"Organization\",\"@id\":\"https:\/\/noticiasemdestaque.com\/cd\/#organization\",\"name\":\"Not\u00edcias em Destaque\",\"url\":\"https:\/\/noticiasemdestaque.com\/cd\/\",\"logo\":{\"@type\":\"ImageObject\",\"inLanguage\":\"pt-BR\",\"@id\":\"https:\/\/noticiasemdestaque.com\/cd\/#\/schema\/logo\/image\/\",\"url\":\"https:\/\/noticiasemdestaque.com\/cd\/wp-content\/uploads\/2022\/05\/imagem-base-noticiasemdestaque.png\",\"contentUrl\":\"https:\/\/noticiasemdestaque.com\/cd\/wp-content\/uploads\/2022\/05\/imagem-base-noticiasemdestaque.png\",\"width\":1200,\"height\":630,\"caption\":\"Not\u00edcias em Destaque\"},\"image\":{\"@id\":\"https:\/\/noticiasemdestaque.com\/cd\/#\/schema\/logo\/image\/\"}},{\"@type\":\"Person\",\"@id\":\"https:\/\/noticiasemdestaque.com\/cd\/#\/schema\/person\/47f7d4f55eec17c6b2ca036c5500f6ce\",\"name\":\"Not\u00edcias em Destaque\",\"url\":\"https:\/\/noticiasemdestaque.com\/cd\/?author=2\"}]}<\/script>\n<!-- \/ Yoast SEO plugin. -->","yoast_head_json":{"title":"Pol\u00edcia apreende mais de 100kg de maconha escondidos dentro de mata durante opera\u00e7\u00e3o na Para\u00edba - Not&iacute;cias em Destaque","robots":{"index":"index","follow":"follow","max-snippet":"max-snippet:-1","max-image-preview":"max-image-preview:large","max-video-preview":"max-video-preview:-1"},"canonical":"https:\/\/noticiasemdestaque.com\/cd\/?p=52735","og_locale":"pt_BR","og_type":"article","og_title":"Pol\u00edcia apreende mais de 100kg de maconha escondidos dentro de mata durante opera\u00e7\u00e3o na Para\u00edba - Not&iacute;cias em Destaque","og_description":"A Pol\u00edcia Militar aprendeu, na tarde desta sexta-feira (10), mais de 100kg de maconha que estavam dentro de tambores escondidos em uma mata no munic\u00edpio de Bayeux. A a\u00e7\u00e3o faz parte de uma opera\u00e7\u00e3o cont\u00ednua de combate ao tr\u00e1fico de drogas na regi\u00e3o, e contou com mais de 100 policiais. Pol\u00edcias apreendem 200kg de drogas, fuzil e submetralhadora em comunidade de Bayeux De acordo com as informa\u00e7\u00f5es obtidas pelo ClickPB, a a\u00e7\u00e3o aconteceu em uma mata, na regi\u00e3o de mangue do bairro S\u00e3o Louren\u00e7o. L\u00e1 os policiais conseguiram apreender\u00a0 103 tabletes de maconha pesando 1kg casa. As drogas estavam encerradas dentro de cano de PVC. &#8220;Essa opera\u00e7\u00e3o \u00e9 um desdobramento ainda do \u00faltimo s\u00e1bado, quando cinco criminosos de alta periculosidade foram presos na comunidade S\u00e3o Louren\u00e7o. Durante toda a semana militares continuaram as dilig\u00eancias. Ontem conseguimos fazer a apreens\u00e3o de cerca de 200kg de entorpecente, um fuzil 556 desmontado, uma submetralhadora .40 com v\u00e1rios carregadores. Sab\u00edamos da possibilidade de ainda ter mais material aqui escondidos no interior dessa mata e trouxemos hoje o canil, e com o aux\u00edlio dos c\u00e3es e mais de 100 policiais envolvidos na a\u00e7\u00e3o, n\u00f3s conseguimos localizar mais quatro tambores de drogas&#8221;, destacou o comandante geral da Pol\u00edcia Militar, coronel S\u00e9rgio Fonseca. Como vem acompanhado o ClickPB, este \u00e9 o segundo dia de opera\u00e7\u00e3o na regi\u00e3o do bairro S\u00e3o Louren\u00e7o, em Bayeux. Na tarde dessa quinta-feira (09), a Pol\u00edcia Militar apreendeu mais de 200kg de maconha e armas de grosso calibre. N\u00e3o houve presos at\u00e9 o momento. Noticias em Destaque Fonte: Click PB","og_url":"https:\/\/noticiasemdestaque.com\/cd\/?p=52735","og_site_name":"Not&iacute;cias em Destaque","article_published_time":"2023-11-11T01:36:18+00:00","article_modified_time":"2023-11-11T01:37:07+00:00","og_image":[{"width":876,"height":585,"url":"https:\/\/noticiasemdestaque.com\/cd\/wp-content\/uploads\/2023\/11\/apreensao_tabletes_bayeux.jpeg","type":"image\/jpeg"}],"author":"Not\u00edcias em Destaque","twitter_card":"summary_large_image","twitter_misc":{"Escrito por":"Not\u00edcias em Destaque","Est. tempo de leitura":"2 minutos"},"schema":{"@context":"https:\/\/schema.org","@graph":[{"@type":"Article","@id":"https:\/\/noticiasemdestaque.com\/cd\/?p=52735#article","isPartOf":{"@id":"https:\/\/noticiasemdestaque.com\/cd\/?p=52735"},"author":{"name":"Not\u00edcias em Destaque","@id":"https:\/\/noticiasemdestaque.com\/cd\/#\/schema\/person\/47f7d4f55eec17c6b2ca036c5500f6ce"},"headline":"Pol\u00edcia apreende mais de 100kg de maconha escondidos dentro de mata durante opera\u00e7\u00e3o na Para\u00edba","datePublished":"2023-11-11T01:36:18+00:00","dateModified":"2023-11-11T01:37:07+00:00","mainEntityOfPage":{"@id":"https:\/\/noticiasemdestaque.com\/cd\/?p=52735"},"wordCount":299,"publisher":{"@id":"https:\/\/noticiasemdestaque.com\/cd\/#organization"},"image":{"@id":"https:\/\/noticiasemdestaque.com\/cd\/?p=52735#primaryimage"},"thumbnailUrl":"https:\/\/noticiasemdestaque.com\/cd\/wp-content\/uploads\/2023\/11\/apreensao_tabletes_bayeux.jpeg","articleSection":["Pol\u00edcia"],"inLanguage":"pt-BR"},{"@type":"WebPage","@id":"https:\/\/noticiasemdestaque.com\/cd\/?p=52735","url":"https:\/\/noticiasemdestaque.com\/cd\/?p=52735","name":"Pol\u00edcia apreende mais de 100kg de maconha escondidos dentro de mata durante opera\u00e7\u00e3o na Para\u00edba - Not&iacute;cias em Destaque","isPartOf":{"@id":"https:\/\/noticiasemdestaque.com\/cd\/#website"},"primaryImageOfPage":{"@id":"https:\/\/noticiasemdestaque.com\/cd\/?p=52735#primaryimage"},"image":{"@id":"https:\/\/noticiasemdestaque.com\/cd\/?p=52735#primaryimage"},"thumbnailUrl":"https:\/\/noticiasemdestaque.com\/cd\/wp-content\/uploads\/2023\/11\/apreensao_tabletes_bayeux.jpeg","datePublished":"2023-11-11T01:36:18+00:00","dateModified":"2023-11-11T01:37:07+00:00","breadcrumb":{"@id":"https:\/\/noticiasemdestaque.com\/cd\/?p=52735#breadcrumb"},"inLanguage":"pt-BR","potentialAction":[{"@type":"ReadAction","target":["https:\/\/noticiasemdestaque.com\/cd\/?p=52735"]}]},{"@type":"ImageObject","inLanguage":"pt-BR","@id":"https:\/\/noticiasemdestaque.com\/cd\/?p=52735#primaryimage","url":"https:\/\/noticiasemdestaque.com\/cd\/wp-content\/uploads\/2023\/11\/apreensao_tabletes_bayeux.jpeg","contentUrl":"https:\/\/noticiasemdestaque.com\/cd\/wp-content\/uploads\/2023\/11\/apreensao_tabletes_bayeux.jpeg","width":876,"height":585},{"@type":"BreadcrumbList","@id":"https:\/\/noticiasemdestaque.com\/cd\/?p=52735#breadcrumb","itemListElement":[{"@type":"ListItem","position":1,"name":"In\u00edcio","item":"https:\/\/noticiasemdestaque.com\/cd\/"},{"@type":"ListItem","position":2,"name":"Pol\u00edcia apreende mais de 100kg de maconha escondidos dentro de mata durante opera\u00e7\u00e3o na Para\u00edba"}]},{"@type":"WebSite","@id":"https:\/\/noticiasemdestaque.com\/cd\/#website","url":"https:\/\/noticiasemdestaque.com\/cd\/","name":"Not&iacute;cias em Destaque","description":"","publisher":{"@id":"https:\/\/noticiasemdestaque.com\/cd\/#organization"},"potentialAction":[{"@type":"SearchAction","target":{"@type":"EntryPoint","urlTemplate":"https:\/\/noticiasemdestaque.com\/cd\/?s={search_term_string}"},"query-input":{"@type":"PropertyValueSpecification","valueRequired":true,"valueName":"search_term_string"}}],"inLanguage":"pt-BR"},{"@type":"Organization","@id":"https:\/\/noticiasemdestaque.com\/cd\/#organization","name":"Not\u00edcias em Destaque","url":"https:\/\/noticiasemdestaque.com\/cd\/","logo":{"@type":"ImageObject","inLanguage":"pt-BR","@id":"https:\/\/noticiasemdestaque.com\/cd\/#\/schema\/logo\/image\/","url":"https:\/\/noticiasemdestaque.com\/cd\/wp-content\/uploads\/2022\/05\/imagem-base-noticiasemdestaque.png","contentUrl":"https:\/\/noticiasemdestaque.com\/cd\/wp-content\/uploads\/2022\/05\/imagem-base-noticiasemdestaque.png","width":1200,"height":630,"caption":"Not\u00edcias em Destaque"},"image":{"@id":"https:\/\/noticiasemdestaque.com\/cd\/#\/schema\/logo\/image\/"}},{"@type":"Person","@id":"https:\/\/noticiasemdestaque.com\/cd\/#\/schema\/person\/47f7d4f55eec17c6b2ca036c5500f6ce","name":"Not\u00edcias em Destaque","url":"https:\/\/noticiasemdestaque.com\/cd\/?author=2"}]}},"jetpack_featured_media_url":"https:\/\/noticiasemdestaque.com\/cd\/wp-content\/uploads\/2023\/11\/apreensao_tabletes_bayeux.jpeg","jetpack_sharing_enabled":true,"_links":{"self":[{"href":"https:\/\/noticiasemdestaque.com\/cd\/index.php?rest_route=\/wp\/v2\/posts\/52735","targetHints":{"allow":["GET"]}}],"collection":[{"href":"https:\/\/noticiasemdestaque.com\/cd\/index.php?rest_route=\/wp\/v2\/posts"}],"about":[{"href":"https:\/\/noticiasemdestaque.com\/cd\/index.php?rest_route=\/wp\/v2\/types\/post"}],"author":[{"embeddable":true,"href":"https:\/\/noticiasemdestaque.com\/cd\/index.php?rest_route=\/wp\/v2\/users\/2"}],"replies":[{"embeddable":true,"href":"https:\/\/noticiasemdestaque.com\/cd\/index.php?rest_route=%2Fwp%2Fv2%2Fcomments&post=52735"}],"version-history":[{"count":2,"href":"https:\/\/noticiasemdestaque.com\/cd\/index.php?rest_route=\/wp\/v2\/posts\/52735\/revisions"}],"predecessor-version":[{"id":52738,"href":"https:\/\/noticiasemdestaque.com\/cd\/index.php?rest_route=\/wp\/v2\/posts\/52735\/revisions\/52738"}],"wp:featuredmedia":[{"embeddable":true,"href":"https:\/\/noticiasemdestaque.com\/cd\/index.php?rest_route=\/wp\/v2\/media\/52736"}],"wp:attachment":[{"href":"https:\/\/noticiasemdestaque.com\/cd\/index.php?rest_route=%2Fwp%2Fv2%2Fmedia&parent=52735"}],"wp:term":[{"taxonomy":"category","embeddable":true,"href":"https:\/\/noticiasemdestaque.com\/cd\/index.php?rest_route=%2Fwp%2Fv2%2Fcategories&post=52735"},{"taxonomy":"post_tag","embeddable":true,"href":"https:\/\/noticiasemdestaque.com\/cd\/index.php?rest_route=%2Fwp%2Fv2%2Ftags&post=52735"}],"curies":[{"name":"wp","href":"https:\/\/api.w.org\/{rel}","templated":true}]}}