{"id":5269,"date":"2017-10-19T08:37:08","date_gmt":"2017-10-19T11:37:08","guid":{"rendered":"http:\/\/caririemdestaque.com\/cd\/?p=5269"},"modified":"2017-10-19T08:37:08","modified_gmt":"2017-10-19T11:37:08","slug":"comeca-na-proxima-semana-a-etapa-estadual-da-olimpiada-do-conhecimento","status":"publish","type":"post","link":"https:\/\/noticiasemdestaque.com\/cd\/?p=5269","title":{"rendered":"Come\u00e7a na pr\u00f3xima semana a etapa estadual da Olimp\u00edada do Conhecimento"},"content":{"rendered":"<p><a href=\"http:\/\/caririemdestaque.com\/cd\/wp-content\/uploads\/2017\/10\/201710180641080000003395.jpg\"><img decoding=\"async\" class=\"wp-image-5270 alignleft\" src=\"http:\/\/caririemdestaque.com\/cd\/wp-content\/uploads\/2017\/10\/201710180641080000003395-150x150.jpg\" alt=\"\" width=\"175\" height=\"175\" \/><\/a>A Etapa Estadual da Olimp\u00edada do Conhecimento 2017 ser\u00e1 realizada no per\u00edodo de 23 a 27 de outubro. A competi\u00e7\u00e3o \u00e9 o evento mais esperado pelos alunos matriculados nos cursos de aprendizagem industrial do SENAI.<\/p>\n<p>Nesta semana que antecede a Olimp\u00edada do Conhecimento, os alunos competidores est\u00e3o focados para aproveitar os \u00faltimos dias de treino antes do in\u00edcio da competi\u00e7\u00e3o. Na etapa estadual da competi\u00e7\u00e3o s\u00e3o selecionados os alunos com melhor desempenho que representar\u00e3o o SENAI da Para\u00edba na Etapa Nacional da Olimp\u00edada do Conhecimento.<\/p>\n<p>A cada edi\u00e7\u00e3o, a competi\u00e7\u00e3o revela profissionais de excel\u00eancia para a ind\u00fastria. Durante as provas, os alunos dos cursos profissionalizantes t\u00eam de executar os desafios com excel\u00eancia e velocidade.<\/p>\n<p>Como acontece &#8211; A primeira etapa \u00e9 a escolar, realizada nas pr\u00f3prias Unidades Operacionais do SENAI. O processo de sele\u00e7\u00e3o nas escolas aconteceu no per\u00edodo de 12 a 14 de junho. Nesta fase inicial, os alunos devem demonstrar conhecimento na modalidade escolhida atrav\u00e9s de uma situa\u00e7\u00e3o de aprendizagem aplicada pelo Instrutor-Treinador. A partir desta sele\u00e7\u00e3o, s\u00e3o classificados os alunos que concorrer\u00e3o na etapa estadual.<\/p>\n<p>Em todas as fases da competi\u00e7\u00e3o, os alunos participantes s\u00e3o desafiados a comprovar os conhecimentos e habilidades t\u00e9cnicas e pessoais, adquiridas ao longo do curso (ocupa\u00e7\u00e3o), demonstrando sua capacidade de inova\u00e7\u00e3o, resolu\u00e7\u00e3o de problemas, lideran\u00e7a, tomada de decis\u00e3o, supera\u00e7\u00e3o, racioc\u00ednio cr\u00edtico, autonomia, entre outras qualifica\u00e7\u00f5es exigidas pelo mercado de trabalho e pelos avan\u00e7os tecnol\u00f3gicos.<\/p>\n<p>Fonte: WSCOM<\/p>\n","protected":false},"excerpt":{"rendered":"<p>A Etapa Estadual da Olimp\u00edada do Conhecimento 2017 ser\u00e1 realizada no per\u00edodo de 23 a 27 de outubro. A competi\u00e7\u00e3o \u00e9 o evento mais esperado pelos alunos matriculados nos cursos de aprendizagem industrial do SENAI. Nesta semana que antecede a Olimp\u00edada do Conhecimento, os alunos competidores est\u00e3o focados para aproveitar os \u00faltimos dias de treino antes do in\u00edcio da competi\u00e7\u00e3o. Na etapa estadual da competi\u00e7\u00e3o s\u00e3o selecionados os alunos com melhor desempenho que representar\u00e3o o SENAI da Para\u00edba na Etapa Nacional da Olimp\u00edada do Conhecimento. A cada edi\u00e7\u00e3o, a competi\u00e7\u00e3o revela profissionais de excel\u00eancia para a ind\u00fastria. Durante as provas, os alunos dos cursos profissionalizantes t\u00eam de executar os desafios com excel\u00eancia e velocidade. Como acontece &#8211; A primeira etapa \u00e9 a escolar, realizada nas pr\u00f3prias Unidades Operacionais do SENAI. O processo de sele\u00e7\u00e3o nas escolas aconteceu no per\u00edodo de 12 a 14 de junho. Nesta fase inicial, os alunos devem demonstrar conhecimento na modalidade escolhida atrav\u00e9s de uma situa\u00e7\u00e3o de aprendizagem aplicada pelo Instrutor-Treinador. A partir desta sele\u00e7\u00e3o, s\u00e3o classificados os alunos que concorrer\u00e3o na etapa estadual. Em todas as fases da competi\u00e7\u00e3o, os alunos participantes s\u00e3o desafiados a comprovar os conhecimentos e habilidades t\u00e9cnicas e pessoais, adquiridas ao longo do curso (ocupa\u00e7\u00e3o), demonstrando sua capacidade de inova\u00e7\u00e3o, resolu\u00e7\u00e3o de problemas, lideran\u00e7a, tomada de decis\u00e3o, supera\u00e7\u00e3o, racioc\u00ednio cr\u00edtico, autonomia, entre outras qualifica\u00e7\u00f5es exigidas pelo mercado de trabalho e pelos avan\u00e7os tecnol\u00f3gicos. Fonte: WSCOM<\/p>\n","protected":false},"author":2,"featured_media":5270,"comment_status":"closed","ping_status":"open","sticky":false,"template":"","format":"standard","meta":{"_eb_attr":"","_jetpack_memberships_contains_paid_content":false,"footnotes":""},"categories":[6],"tags":[],"class_list":["post-5269","post","type-post","status-publish","format-standard","has-post-thumbnail","hentry","category-educacao"],"yoast_head":"<!-- This site is optimized with the Yoast SEO plugin v26.5 - https:\/\/yoast.com\/wordpress\/plugins\/seo\/ -->\n<title>Come\u00e7a na pr\u00f3xima semana a etapa estadual da Olimp\u00edada do Conhecimento - Not&iacute;cias em Destaque<\/title>\n<meta name=\"robots\" content=\"index, follow, max-snippet:-1, max-image-preview:large, max-video-preview:-1\" \/>\n<link rel=\"canonical\" href=\"https:\/\/noticiasemdestaque.com\/cd\/?p=5269\" \/>\n<meta property=\"og:locale\" content=\"pt_BR\" \/>\n<meta property=\"og:type\" content=\"article\" \/>\n<meta property=\"og:title\" content=\"Come\u00e7a na pr\u00f3xima semana a etapa estadual da Olimp\u00edada do Conhecimento - Not&iacute;cias em Destaque\" \/>\n<meta property=\"og:description\" content=\"A Etapa Estadual da Olimp\u00edada do Conhecimento 2017 ser\u00e1 realizada no per\u00edodo de 23 a 27 de outubro. A competi\u00e7\u00e3o \u00e9 o evento mais esperado pelos alunos matriculados nos cursos de aprendizagem industrial do SENAI. Nesta semana que antecede a Olimp\u00edada do Conhecimento, os alunos competidores est\u00e3o focados para aproveitar os \u00faltimos dias de treino antes do in\u00edcio da competi\u00e7\u00e3o. Na etapa estadual da competi\u00e7\u00e3o s\u00e3o selecionados os alunos com melhor desempenho que representar\u00e3o o SENAI da Para\u00edba na Etapa Nacional da Olimp\u00edada do Conhecimento. A cada edi\u00e7\u00e3o, a competi\u00e7\u00e3o revela profissionais de excel\u00eancia para a ind\u00fastria. Durante as provas, os alunos dos cursos profissionalizantes t\u00eam de executar os desafios com excel\u00eancia e velocidade. Como acontece &#8211; A primeira etapa \u00e9 a escolar, realizada nas pr\u00f3prias Unidades Operacionais do SENAI. O processo de sele\u00e7\u00e3o nas escolas aconteceu no per\u00edodo de 12 a 14 de junho. Nesta fase inicial, os alunos devem demonstrar conhecimento na modalidade escolhida atrav\u00e9s de uma situa\u00e7\u00e3o de aprendizagem aplicada pelo Instrutor-Treinador. A partir desta sele\u00e7\u00e3o, s\u00e3o classificados os alunos que concorrer\u00e3o na etapa estadual. Em todas as fases da competi\u00e7\u00e3o, os alunos participantes s\u00e3o desafiados a comprovar os conhecimentos e habilidades t\u00e9cnicas e pessoais, adquiridas ao longo do curso (ocupa\u00e7\u00e3o), demonstrando sua capacidade de inova\u00e7\u00e3o, resolu\u00e7\u00e3o de problemas, lideran\u00e7a, tomada de decis\u00e3o, supera\u00e7\u00e3o, racioc\u00ednio cr\u00edtico, autonomia, entre outras qualifica\u00e7\u00f5es exigidas pelo mercado de trabalho e pelos avan\u00e7os tecnol\u00f3gicos. Fonte: WSCOM\" \/>\n<meta property=\"og:url\" content=\"https:\/\/noticiasemdestaque.com\/cd\/?p=5269\" \/>\n<meta property=\"og:site_name\" content=\"Not&iacute;cias em Destaque\" \/>\n<meta property=\"article:published_time\" content=\"2017-10-19T11:37:08+00:00\" \/>\n<meta property=\"og:image\" content=\"https:\/\/noticiasemdestaque.com\/cd\/wp-content\/uploads\/2017\/10\/201710180641080000003395.jpg\" \/>\n\t<meta property=\"og:image:width\" content=\"480\" \/>\n\t<meta property=\"og:image:height\" content=\"350\" \/>\n\t<meta property=\"og:image:type\" content=\"image\/jpeg\" \/>\n<meta name=\"author\" content=\"Not\u00edcias em Destaque\" \/>\n<meta name=\"twitter:card\" content=\"summary_large_image\" \/>\n<meta name=\"twitter:label1\" content=\"Escrito por\" \/>\n\t<meta name=\"twitter:data1\" content=\"Not\u00edcias em Destaque\" \/>\n\t<meta name=\"twitter:label2\" content=\"Est. tempo de leitura\" \/>\n\t<meta name=\"twitter:data2\" content=\"1 minuto\" \/>\n<script type=\"application\/ld+json\" class=\"yoast-schema-graph\">{\"@context\":\"https:\/\/schema.org\",\"@graph\":[{\"@type\":\"Article\",\"@id\":\"https:\/\/noticiasemdestaque.com\/cd\/?p=5269#article\",\"isPartOf\":{\"@id\":\"https:\/\/noticiasemdestaque.com\/cd\/?p=5269\"},\"author\":{\"name\":\"Not\u00edcias em Destaque\",\"@id\":\"https:\/\/noticiasemdestaque.com\/cd\/#\/schema\/person\/4a81fb71f77579d059c3045891fa1786\"},\"headline\":\"Come\u00e7a na pr\u00f3xima semana a etapa estadual da Olimp\u00edada do Conhecimento\",\"datePublished\":\"2017-10-19T11:37:08+00:00\",\"mainEntityOfPage\":{\"@id\":\"https:\/\/noticiasemdestaque.com\/cd\/?p=5269\"},\"wordCount\":281,\"publisher\":{\"@id\":\"https:\/\/noticiasemdestaque.com\/cd\/#organization\"},\"image\":{\"@id\":\"https:\/\/noticiasemdestaque.com\/cd\/?p=5269#primaryimage\"},\"thumbnailUrl\":\"https:\/\/noticiasemdestaque.com\/cd\/wp-content\/uploads\/2017\/10\/201710180641080000003395.jpg\",\"articleSection\":[\"Educa\u00e7\u00e3o\"],\"inLanguage\":\"pt-BR\"},{\"@type\":\"WebPage\",\"@id\":\"https:\/\/noticiasemdestaque.com\/cd\/?p=5269\",\"url\":\"https:\/\/noticiasemdestaque.com\/cd\/?p=5269\",\"name\":\"Come\u00e7a na pr\u00f3xima semana a etapa estadual da Olimp\u00edada do Conhecimento - Not&iacute;cias em Destaque\",\"isPartOf\":{\"@id\":\"https:\/\/noticiasemdestaque.com\/cd\/#website\"},\"primaryImageOfPage\":{\"@id\":\"https:\/\/noticiasemdestaque.com\/cd\/?p=5269#primaryimage\"},\"image\":{\"@id\":\"https:\/\/noticiasemdestaque.com\/cd\/?p=5269#primaryimage\"},\"thumbnailUrl\":\"https:\/\/noticiasemdestaque.com\/cd\/wp-content\/uploads\/2017\/10\/201710180641080000003395.jpg\",\"datePublished\":\"2017-10-19T11:37:08+00:00\",\"breadcrumb\":{\"@id\":\"https:\/\/noticiasemdestaque.com\/cd\/?p=5269#breadcrumb\"},\"inLanguage\":\"pt-BR\",\"potentialAction\":[{\"@type\":\"ReadAction\",\"target\":[\"https:\/\/noticiasemdestaque.com\/cd\/?p=5269\"]}]},{\"@type\":\"ImageObject\",\"inLanguage\":\"pt-BR\",\"@id\":\"https:\/\/noticiasemdestaque.com\/cd\/?p=5269#primaryimage\",\"url\":\"https:\/\/noticiasemdestaque.com\/cd\/wp-content\/uploads\/2017\/10\/201710180641080000003395.jpg\",\"contentUrl\":\"https:\/\/noticiasemdestaque.com\/cd\/wp-content\/uploads\/2017\/10\/201710180641080000003395.jpg\",\"width\":480,\"height\":350},{\"@type\":\"BreadcrumbList\",\"@id\":\"https:\/\/noticiasemdestaque.com\/cd\/?p=5269#breadcrumb\",\"itemListElement\":[{\"@type\":\"ListItem\",\"position\":1,\"name\":\"In\u00edcio\",\"item\":\"https:\/\/noticiasemdestaque.com\/cd\/\"},{\"@type\":\"ListItem\",\"position\":2,\"name\":\"Come\u00e7a na pr\u00f3xima semana a etapa estadual da Olimp\u00edada do Conhecimento\"}]},{\"@type\":\"WebSite\",\"@id\":\"https:\/\/noticiasemdestaque.com\/cd\/#website\",\"url\":\"https:\/\/noticiasemdestaque.com\/cd\/\",\"name\":\"Not&iacute;cias em Destaque\",\"description\":\"\",\"publisher\":{\"@id\":\"https:\/\/noticiasemdestaque.com\/cd\/#organization\"},\"potentialAction\":[{\"@type\":\"SearchAction\",\"target\":{\"@type\":\"EntryPoint\",\"urlTemplate\":\"https:\/\/noticiasemdestaque.com\/cd\/?s={search_term_string}\"},\"query-input\":{\"@type\":\"PropertyValueSpecification\",\"valueRequired\":true,\"valueName\":\"search_term_string\"}}],\"inLanguage\":\"pt-BR\"},{\"@type\":\"Organization\",\"@id\":\"https:\/\/noticiasemdestaque.com\/cd\/#organization\",\"name\":\"Not\u00edcias em Destaque\",\"url\":\"https:\/\/noticiasemdestaque.com\/cd\/\",\"logo\":{\"@type\":\"ImageObject\",\"inLanguage\":\"pt-BR\",\"@id\":\"https:\/\/noticiasemdestaque.com\/cd\/#\/schema\/logo\/image\/\",\"url\":\"https:\/\/noticiasemdestaque.com\/cd\/wp-content\/uploads\/2022\/05\/imagem-base-noticiasemdestaque.png\",\"contentUrl\":\"https:\/\/noticiasemdestaque.com\/cd\/wp-content\/uploads\/2022\/05\/imagem-base-noticiasemdestaque.png\",\"width\":1200,\"height\":630,\"caption\":\"Not\u00edcias em Destaque\"},\"image\":{\"@id\":\"https:\/\/noticiasemdestaque.com\/cd\/#\/schema\/logo\/image\/\"}},{\"@type\":\"Person\",\"@id\":\"https:\/\/noticiasemdestaque.com\/cd\/#\/schema\/person\/4a81fb71f77579d059c3045891fa1786\",\"name\":\"Not\u00edcias em Destaque\",\"url\":\"https:\/\/noticiasemdestaque.com\/cd\/?author=2\"}]}<\/script>\n<!-- \/ Yoast SEO plugin. -->","yoast_head_json":{"title":"Come\u00e7a na pr\u00f3xima semana a etapa estadual da Olimp\u00edada do Conhecimento - Not&iacute;cias em Destaque","robots":{"index":"index","follow":"follow","max-snippet":"max-snippet:-1","max-image-preview":"max-image-preview:large","max-video-preview":"max-video-preview:-1"},"canonical":"https:\/\/noticiasemdestaque.com\/cd\/?p=5269","og_locale":"pt_BR","og_type":"article","og_title":"Come\u00e7a na pr\u00f3xima semana a etapa estadual da Olimp\u00edada do Conhecimento - Not&iacute;cias em Destaque","og_description":"A Etapa Estadual da Olimp\u00edada do Conhecimento 2017 ser\u00e1 realizada no per\u00edodo de 23 a 27 de outubro. A competi\u00e7\u00e3o \u00e9 o evento mais esperado pelos alunos matriculados nos cursos de aprendizagem industrial do SENAI. Nesta semana que antecede a Olimp\u00edada do Conhecimento, os alunos competidores est\u00e3o focados para aproveitar os \u00faltimos dias de treino antes do in\u00edcio da competi\u00e7\u00e3o. Na etapa estadual da competi\u00e7\u00e3o s\u00e3o selecionados os alunos com melhor desempenho que representar\u00e3o o SENAI da Para\u00edba na Etapa Nacional da Olimp\u00edada do Conhecimento. A cada edi\u00e7\u00e3o, a competi\u00e7\u00e3o revela profissionais de excel\u00eancia para a ind\u00fastria. Durante as provas, os alunos dos cursos profissionalizantes t\u00eam de executar os desafios com excel\u00eancia e velocidade. Como acontece &#8211; A primeira etapa \u00e9 a escolar, realizada nas pr\u00f3prias Unidades Operacionais do SENAI. O processo de sele\u00e7\u00e3o nas escolas aconteceu no per\u00edodo de 12 a 14 de junho. Nesta fase inicial, os alunos devem demonstrar conhecimento na modalidade escolhida atrav\u00e9s de uma situa\u00e7\u00e3o de aprendizagem aplicada pelo Instrutor-Treinador. A partir desta sele\u00e7\u00e3o, s\u00e3o classificados os alunos que concorrer\u00e3o na etapa estadual. Em todas as fases da competi\u00e7\u00e3o, os alunos participantes s\u00e3o desafiados a comprovar os conhecimentos e habilidades t\u00e9cnicas e pessoais, adquiridas ao longo do curso (ocupa\u00e7\u00e3o), demonstrando sua capacidade de inova\u00e7\u00e3o, resolu\u00e7\u00e3o de problemas, lideran\u00e7a, tomada de decis\u00e3o, supera\u00e7\u00e3o, racioc\u00ednio cr\u00edtico, autonomia, entre outras qualifica\u00e7\u00f5es exigidas pelo mercado de trabalho e pelos avan\u00e7os tecnol\u00f3gicos. Fonte: WSCOM","og_url":"https:\/\/noticiasemdestaque.com\/cd\/?p=5269","og_site_name":"Not&iacute;cias em Destaque","article_published_time":"2017-10-19T11:37:08+00:00","og_image":[{"width":480,"height":350,"url":"https:\/\/noticiasemdestaque.com\/cd\/wp-content\/uploads\/2017\/10\/201710180641080000003395.jpg","type":"image\/jpeg"}],"author":"Not\u00edcias em Destaque","twitter_card":"summary_large_image","twitter_misc":{"Escrito por":"Not\u00edcias em Destaque","Est. tempo de leitura":"1 minuto"},"schema":{"@context":"https:\/\/schema.org","@graph":[{"@type":"Article","@id":"https:\/\/noticiasemdestaque.com\/cd\/?p=5269#article","isPartOf":{"@id":"https:\/\/noticiasemdestaque.com\/cd\/?p=5269"},"author":{"name":"Not\u00edcias em Destaque","@id":"https:\/\/noticiasemdestaque.com\/cd\/#\/schema\/person\/4a81fb71f77579d059c3045891fa1786"},"headline":"Come\u00e7a na pr\u00f3xima semana a etapa estadual da Olimp\u00edada do Conhecimento","datePublished":"2017-10-19T11:37:08+00:00","mainEntityOfPage":{"@id":"https:\/\/noticiasemdestaque.com\/cd\/?p=5269"},"wordCount":281,"publisher":{"@id":"https:\/\/noticiasemdestaque.com\/cd\/#organization"},"image":{"@id":"https:\/\/noticiasemdestaque.com\/cd\/?p=5269#primaryimage"},"thumbnailUrl":"https:\/\/noticiasemdestaque.com\/cd\/wp-content\/uploads\/2017\/10\/201710180641080000003395.jpg","articleSection":["Educa\u00e7\u00e3o"],"inLanguage":"pt-BR"},{"@type":"WebPage","@id":"https:\/\/noticiasemdestaque.com\/cd\/?p=5269","url":"https:\/\/noticiasemdestaque.com\/cd\/?p=5269","name":"Come\u00e7a na pr\u00f3xima semana a etapa estadual da Olimp\u00edada do Conhecimento - Not&iacute;cias em Destaque","isPartOf":{"@id":"https:\/\/noticiasemdestaque.com\/cd\/#website"},"primaryImageOfPage":{"@id":"https:\/\/noticiasemdestaque.com\/cd\/?p=5269#primaryimage"},"image":{"@id":"https:\/\/noticiasemdestaque.com\/cd\/?p=5269#primaryimage"},"thumbnailUrl":"https:\/\/noticiasemdestaque.com\/cd\/wp-content\/uploads\/2017\/10\/201710180641080000003395.jpg","datePublished":"2017-10-19T11:37:08+00:00","breadcrumb":{"@id":"https:\/\/noticiasemdestaque.com\/cd\/?p=5269#breadcrumb"},"inLanguage":"pt-BR","potentialAction":[{"@type":"ReadAction","target":["https:\/\/noticiasemdestaque.com\/cd\/?p=5269"]}]},{"@type":"ImageObject","inLanguage":"pt-BR","@id":"https:\/\/noticiasemdestaque.com\/cd\/?p=5269#primaryimage","url":"https:\/\/noticiasemdestaque.com\/cd\/wp-content\/uploads\/2017\/10\/201710180641080000003395.jpg","contentUrl":"https:\/\/noticiasemdestaque.com\/cd\/wp-content\/uploads\/2017\/10\/201710180641080000003395.jpg","width":480,"height":350},{"@type":"BreadcrumbList","@id":"https:\/\/noticiasemdestaque.com\/cd\/?p=5269#breadcrumb","itemListElement":[{"@type":"ListItem","position":1,"name":"In\u00edcio","item":"https:\/\/noticiasemdestaque.com\/cd\/"},{"@type":"ListItem","position":2,"name":"Come\u00e7a na pr\u00f3xima semana a etapa estadual da Olimp\u00edada do Conhecimento"}]},{"@type":"WebSite","@id":"https:\/\/noticiasemdestaque.com\/cd\/#website","url":"https:\/\/noticiasemdestaque.com\/cd\/","name":"Not&iacute;cias em Destaque","description":"","publisher":{"@id":"https:\/\/noticiasemdestaque.com\/cd\/#organization"},"potentialAction":[{"@type":"SearchAction","target":{"@type":"EntryPoint","urlTemplate":"https:\/\/noticiasemdestaque.com\/cd\/?s={search_term_string}"},"query-input":{"@type":"PropertyValueSpecification","valueRequired":true,"valueName":"search_term_string"}}],"inLanguage":"pt-BR"},{"@type":"Organization","@id":"https:\/\/noticiasemdestaque.com\/cd\/#organization","name":"Not\u00edcias em Destaque","url":"https:\/\/noticiasemdestaque.com\/cd\/","logo":{"@type":"ImageObject","inLanguage":"pt-BR","@id":"https:\/\/noticiasemdestaque.com\/cd\/#\/schema\/logo\/image\/","url":"https:\/\/noticiasemdestaque.com\/cd\/wp-content\/uploads\/2022\/05\/imagem-base-noticiasemdestaque.png","contentUrl":"https:\/\/noticiasemdestaque.com\/cd\/wp-content\/uploads\/2022\/05\/imagem-base-noticiasemdestaque.png","width":1200,"height":630,"caption":"Not\u00edcias em Destaque"},"image":{"@id":"https:\/\/noticiasemdestaque.com\/cd\/#\/schema\/logo\/image\/"}},{"@type":"Person","@id":"https:\/\/noticiasemdestaque.com\/cd\/#\/schema\/person\/4a81fb71f77579d059c3045891fa1786","name":"Not\u00edcias em Destaque","url":"https:\/\/noticiasemdestaque.com\/cd\/?author=2"}]}},"jetpack_featured_media_url":"https:\/\/noticiasemdestaque.com\/cd\/wp-content\/uploads\/2017\/10\/201710180641080000003395.jpg","jetpack_sharing_enabled":true,"_links":{"self":[{"href":"https:\/\/noticiasemdestaque.com\/cd\/index.php?rest_route=\/wp\/v2\/posts\/5269","targetHints":{"allow":["GET"]}}],"collection":[{"href":"https:\/\/noticiasemdestaque.com\/cd\/index.php?rest_route=\/wp\/v2\/posts"}],"about":[{"href":"https:\/\/noticiasemdestaque.com\/cd\/index.php?rest_route=\/wp\/v2\/types\/post"}],"author":[{"embeddable":true,"href":"https:\/\/noticiasemdestaque.com\/cd\/index.php?rest_route=\/wp\/v2\/users\/2"}],"replies":[{"embeddable":true,"href":"https:\/\/noticiasemdestaque.com\/cd\/index.php?rest_route=%2Fwp%2Fv2%2Fcomments&post=5269"}],"version-history":[{"count":1,"href":"https:\/\/noticiasemdestaque.com\/cd\/index.php?rest_route=\/wp\/v2\/posts\/5269\/revisions"}],"predecessor-version":[{"id":5271,"href":"https:\/\/noticiasemdestaque.com\/cd\/index.php?rest_route=\/wp\/v2\/posts\/5269\/revisions\/5271"}],"wp:featuredmedia":[{"embeddable":true,"href":"https:\/\/noticiasemdestaque.com\/cd\/index.php?rest_route=\/wp\/v2\/media\/5270"}],"wp:attachment":[{"href":"https:\/\/noticiasemdestaque.com\/cd\/index.php?rest_route=%2Fwp%2Fv2%2Fmedia&parent=5269"}],"wp:term":[{"taxonomy":"category","embeddable":true,"href":"https:\/\/noticiasemdestaque.com\/cd\/index.php?rest_route=%2Fwp%2Fv2%2Fcategories&post=5269"},{"taxonomy":"post_tag","embeddable":true,"href":"https:\/\/noticiasemdestaque.com\/cd\/index.php?rest_route=%2Fwp%2Fv2%2Ftags&post=5269"}],"curies":[{"name":"wp","href":"https:\/\/api.w.org\/{rel}","templated":true}]}}