{"id":5263,"date":"2017-10-19T08:06:15","date_gmt":"2017-10-19T11:06:15","guid":{"rendered":"http:\/\/caririemdestaque.com\/cd\/?p=5263"},"modified":"2017-10-19T12:38:56","modified_gmt":"2017-10-19T15:38:56","slug":"contas-do-ex-prefeito-joao-luiz-sao-aprovadas-pela-camara-de-vereadores-de-amparo","status":"publish","type":"post","link":"https:\/\/noticiasemdestaque.com\/cd\/?p=5263","title":{"rendered":"Contas do ex-prefeito Jo\u00e3o Luiz s\u00e3o aprovadas pela C\u00e2mara de Vereadores de Amparo"},"content":{"rendered":"<p><a href=\"http:\/\/caririemdestaque.com\/cd\/wp-content\/uploads\/2017\/10\/22519149_1150180681782127_871210694644822012_n.jpg\"><img decoding=\"async\" class=\"size-thumbnail wp-image-5264 alignleft\" src=\"http:\/\/caririemdestaque.com\/cd\/wp-content\/uploads\/2017\/10\/22519149_1150180681782127_871210694644822012_n-150x150.jpg\" alt=\"\" width=\"150\" height=\"150\" \/><\/a>Em reuni\u00e3o realizada nesta quarta-feira, a C\u00e2mara Municipal de Vereadores de Amparo aprovou por unanimidade as Contas do exerc\u00edcio de 2012 do ex prefeito Dr Joao Lu\u00eds.<\/p>\n<p>A Sess\u00e3o foi conduzida pela presidente da casa vereadora Maria Pedrosa, a \u00fanica aus\u00eancia foi do vereador Bruno Serafim que por motivo superior n\u00e3o pode comparecer.<\/p>\n<p>Os demais vereadores votaram a favor das contas do ex gestor; Maria Pedrosa-De Pereira-Fernando Fernandes-Fernando Severo-Edvaldo Cacheado-Nelson Brito-Cicero Maciel- e Duda Barnab\u00e9.<\/p>\n<p>Veja o que diz o relat\u00f3rio da comiss\u00e3o:<\/p>\n<p>Conforme entendimento desta comiss\u00e3o de or\u00e7amento e finan\u00e7as ap\u00f3s an\u00e1lise dos autos do processo TC N\u00famero: 04 844\/13,recurso de reconsidera\u00e7\u00e3o do ex prefeito JOAO LUIS DE LACERDA JUNIOR, entendemos que as despesas constatadas pelos inspetores da Corte do Tribunal de Contas do Estado da Para\u00edba, despesas sem licita\u00e7\u00e3o no valor de r$ 148.404,30 satisfaz ao conhecimento desta comiss\u00e3o visto que os contratados s\u00e3o de amplo conhecimento de todos do munic\u00edpio e tais servi\u00e7os foram executados e fornecidos conforme explica\u00e7\u00e3o nos anexos de defesa.<\/p>\n<p>No tocante das despesas de procedimentos de inexigibilidade no valor de r$ 115.500,00 na contrata\u00e7\u00e3o de bandas para a realiza\u00e7\u00e3o da Festa da Padroeira do munic\u00edpio entenderam que de fato houve a citada festa e o valor foi referente a contrata\u00e7\u00e3o de bandas musicais com toda estrutura, a exemplo de palco, gerador, banheiros qu\u00edmicos entre outras, evento esse realizado na Pra\u00e7a Central da Cidade.<\/p>\n<p>CONCLUS\u00c3O:<\/p>\n<p>Diante do exposto esta comiss\u00e3o resolve emitir parecer contr\u00e1rio ao acord\u00e3o APL-TC 00 479\/ 2017,e opina pela APROVA\u00c7AO das contas anuais do exerc\u00edcio 2012 do ent\u00e3o gestor JOAO LUIS DE LACERDA JUIOR.<\/p>\n<p>Sala das sess\u00f5es em 18 de Outubro de 2017.<\/p>\n<p>Francisco Fernandes de Ara\u00fajo Filho- Presidente da Comiss\u00e3o<\/p>\n<p>Edvaldo Divino Ferreira-Relator<\/p>\n<p>Cicero Francisco Maciel-Membro.<\/p>\n<p><em><strong>Cariri em Destaque<\/strong><\/em><\/p>\n<p>Com C\u00e9sar Alexandre<\/p>\n","protected":false},"excerpt":{"rendered":"<p>Em reuni\u00e3o realizada nesta quarta-feira, a C\u00e2mara Municipal de Vereadores de Amparo aprovou por unanimidade as Contas do exerc\u00edcio de 2012 do ex prefeito Dr Joao Lu\u00eds. A Sess\u00e3o foi conduzida pela presidente da casa vereadora Maria Pedrosa, a \u00fanica aus\u00eancia foi do vereador Bruno Serafim que por motivo superior n\u00e3o pode comparecer. Os demais vereadores votaram a favor das contas do ex gestor; Maria Pedrosa-De Pereira-Fernando Fernandes-Fernando Severo-Edvaldo Cacheado-Nelson Brito-Cicero Maciel- e Duda Barnab\u00e9. Veja o que diz o relat\u00f3rio da comiss\u00e3o: Conforme entendimento desta comiss\u00e3o de or\u00e7amento e finan\u00e7as ap\u00f3s an\u00e1lise dos autos do processo TC N\u00famero: 04 844\/13,recurso de reconsidera\u00e7\u00e3o do ex prefeito JOAO LUIS DE LACERDA JUNIOR, entendemos que as despesas constatadas pelos inspetores da Corte do Tribunal de Contas do Estado da Para\u00edba, despesas sem licita\u00e7\u00e3o no valor de r$ 148.404,30 satisfaz ao conhecimento desta comiss\u00e3o visto que os contratados s\u00e3o de amplo conhecimento de todos do munic\u00edpio e tais servi\u00e7os foram executados e fornecidos conforme explica\u00e7\u00e3o nos anexos de defesa. No tocante das despesas de procedimentos de inexigibilidade no valor de r$ 115.500,00 na contrata\u00e7\u00e3o de bandas para a realiza\u00e7\u00e3o da Festa da Padroeira do munic\u00edpio entenderam que de fato houve a citada festa e o valor foi referente a contrata\u00e7\u00e3o de bandas musicais com toda estrutura, a exemplo de palco, gerador, banheiros qu\u00edmicos entre outras, evento esse realizado na Pra\u00e7a Central da Cidade. CONCLUS\u00c3O: Diante do exposto esta comiss\u00e3o resolve emitir parecer contr\u00e1rio ao acord\u00e3o APL-TC 00 479\/ 2017,e opina pela APROVA\u00c7AO das contas anuais do exerc\u00edcio 2012 do ent\u00e3o gestor JOAO LUIS DE LACERDA JUIOR. Sala das sess\u00f5es em 18 de Outubro de 2017. Francisco Fernandes de Ara\u00fajo Filho- Presidente da Comiss\u00e3o Edvaldo Divino Ferreira-Relator Cicero Francisco Maciel-Membro. Cariri em Destaque Com C\u00e9sar Alexandre<\/p>\n","protected":false},"author":2,"featured_media":5264,"comment_status":"closed","ping_status":"open","sticky":false,"template":"","format":"standard","meta":{"_eb_attr":"","_jetpack_memberships_contains_paid_content":false,"footnotes":""},"categories":[4],"tags":[],"class_list":["post-5263","post","type-post","status-publish","format-standard","has-post-thumbnail","hentry","category-politica"],"yoast_head":"<!-- This site is optimized with the Yoast SEO plugin v26.5 - https:\/\/yoast.com\/wordpress\/plugins\/seo\/ -->\n<title>Contas do ex-prefeito Jo\u00e3o Luiz s\u00e3o aprovadas pela C\u00e2mara de Vereadores de Amparo - Not&iacute;cias em Destaque<\/title>\n<meta name=\"robots\" content=\"index, follow, max-snippet:-1, max-image-preview:large, max-video-preview:-1\" \/>\n<link rel=\"canonical\" href=\"https:\/\/noticiasemdestaque.com\/cd\/?p=5263\" \/>\n<meta property=\"og:locale\" content=\"pt_BR\" \/>\n<meta property=\"og:type\" content=\"article\" \/>\n<meta property=\"og:title\" content=\"Contas do ex-prefeito Jo\u00e3o Luiz s\u00e3o aprovadas pela C\u00e2mara de Vereadores de Amparo - Not&iacute;cias em Destaque\" \/>\n<meta property=\"og:description\" content=\"Em reuni\u00e3o realizada nesta quarta-feira, a C\u00e2mara Municipal de Vereadores de Amparo aprovou por unanimidade as Contas do exerc\u00edcio de 2012 do ex prefeito Dr Joao Lu\u00eds. A Sess\u00e3o foi conduzida pela presidente da casa vereadora Maria Pedrosa, a \u00fanica aus\u00eancia foi do vereador Bruno Serafim que por motivo superior n\u00e3o pode comparecer. Os demais vereadores votaram a favor das contas do ex gestor; Maria Pedrosa-De Pereira-Fernando Fernandes-Fernando Severo-Edvaldo Cacheado-Nelson Brito-Cicero Maciel- e Duda Barnab\u00e9. Veja o que diz o relat\u00f3rio da comiss\u00e3o: Conforme entendimento desta comiss\u00e3o de or\u00e7amento e finan\u00e7as ap\u00f3s an\u00e1lise dos autos do processo TC N\u00famero: 04 844\/13,recurso de reconsidera\u00e7\u00e3o do ex prefeito JOAO LUIS DE LACERDA JUNIOR, entendemos que as despesas constatadas pelos inspetores da Corte do Tribunal de Contas do Estado da Para\u00edba, despesas sem licita\u00e7\u00e3o no valor de r$ 148.404,30 satisfaz ao conhecimento desta comiss\u00e3o visto que os contratados s\u00e3o de amplo conhecimento de todos do munic\u00edpio e tais servi\u00e7os foram executados e fornecidos conforme explica\u00e7\u00e3o nos anexos de defesa. No tocante das despesas de procedimentos de inexigibilidade no valor de r$ 115.500,00 na contrata\u00e7\u00e3o de bandas para a realiza\u00e7\u00e3o da Festa da Padroeira do munic\u00edpio entenderam que de fato houve a citada festa e o valor foi referente a contrata\u00e7\u00e3o de bandas musicais com toda estrutura, a exemplo de palco, gerador, banheiros qu\u00edmicos entre outras, evento esse realizado na Pra\u00e7a Central da Cidade. CONCLUS\u00c3O: Diante do exposto esta comiss\u00e3o resolve emitir parecer contr\u00e1rio ao acord\u00e3o APL-TC 00 479\/ 2017,e opina pela APROVA\u00c7AO das contas anuais do exerc\u00edcio 2012 do ent\u00e3o gestor JOAO LUIS DE LACERDA JUIOR. Sala das sess\u00f5es em 18 de Outubro de 2017. Francisco Fernandes de Ara\u00fajo Filho- Presidente da Comiss\u00e3o Edvaldo Divino Ferreira-Relator Cicero Francisco Maciel-Membro. Cariri em Destaque Com C\u00e9sar Alexandre\" \/>\n<meta property=\"og:url\" content=\"https:\/\/noticiasemdestaque.com\/cd\/?p=5263\" \/>\n<meta property=\"og:site_name\" content=\"Not&iacute;cias em Destaque\" \/>\n<meta property=\"article:published_time\" content=\"2017-10-19T11:06:15+00:00\" \/>\n<meta property=\"article:modified_time\" content=\"2017-10-19T15:38:56+00:00\" \/>\n<meta property=\"og:image\" content=\"https:\/\/noticiasemdestaque.com\/cd\/wp-content\/uploads\/2017\/10\/22519149_1150180681782127_871210694644822012_n.jpg\" \/>\n\t<meta property=\"og:image:width\" content=\"960\" \/>\n\t<meta property=\"og:image:height\" content=\"644\" \/>\n\t<meta property=\"og:image:type\" content=\"image\/jpeg\" \/>\n<meta name=\"author\" content=\"Not\u00edcias em Destaque\" \/>\n<meta name=\"twitter:card\" content=\"summary_large_image\" \/>\n<meta name=\"twitter:label1\" content=\"Escrito por\" \/>\n\t<meta name=\"twitter:data1\" content=\"Not\u00edcias em Destaque\" \/>\n\t<meta name=\"twitter:label2\" content=\"Est. tempo de leitura\" \/>\n\t<meta name=\"twitter:data2\" content=\"2 minutos\" \/>\n<script type=\"application\/ld+json\" class=\"yoast-schema-graph\">{\"@context\":\"https:\/\/schema.org\",\"@graph\":[{\"@type\":\"Article\",\"@id\":\"https:\/\/noticiasemdestaque.com\/cd\/?p=5263#article\",\"isPartOf\":{\"@id\":\"https:\/\/noticiasemdestaque.com\/cd\/?p=5263\"},\"author\":{\"name\":\"Not\u00edcias em Destaque\",\"@id\":\"https:\/\/noticiasemdestaque.com\/cd\/#\/schema\/person\/21320b03a7e8bb90128938dafc9b908a\"},\"headline\":\"Contas do ex-prefeito Jo\u00e3o Luiz s\u00e3o aprovadas pela C\u00e2mara de Vereadores de Amparo\",\"datePublished\":\"2017-10-19T11:06:15+00:00\",\"dateModified\":\"2017-10-19T15:38:56+00:00\",\"mainEntityOfPage\":{\"@id\":\"https:\/\/noticiasemdestaque.com\/cd\/?p=5263\"},\"wordCount\":339,\"publisher\":{\"@id\":\"https:\/\/noticiasemdestaque.com\/cd\/#organization\"},\"image\":{\"@id\":\"https:\/\/noticiasemdestaque.com\/cd\/?p=5263#primaryimage\"},\"thumbnailUrl\":\"https:\/\/noticiasemdestaque.com\/cd\/wp-content\/uploads\/2017\/10\/22519149_1150180681782127_871210694644822012_n.jpg\",\"articleSection\":[\"Pol\u00edtica\"],\"inLanguage\":\"pt-BR\"},{\"@type\":\"WebPage\",\"@id\":\"https:\/\/noticiasemdestaque.com\/cd\/?p=5263\",\"url\":\"https:\/\/noticiasemdestaque.com\/cd\/?p=5263\",\"name\":\"Contas do ex-prefeito Jo\u00e3o Luiz s\u00e3o aprovadas pela C\u00e2mara de Vereadores de Amparo - Not&iacute;cias em Destaque\",\"isPartOf\":{\"@id\":\"https:\/\/noticiasemdestaque.com\/cd\/#website\"},\"primaryImageOfPage\":{\"@id\":\"https:\/\/noticiasemdestaque.com\/cd\/?p=5263#primaryimage\"},\"image\":{\"@id\":\"https:\/\/noticiasemdestaque.com\/cd\/?p=5263#primaryimage\"},\"thumbnailUrl\":\"https:\/\/noticiasemdestaque.com\/cd\/wp-content\/uploads\/2017\/10\/22519149_1150180681782127_871210694644822012_n.jpg\",\"datePublished\":\"2017-10-19T11:06:15+00:00\",\"dateModified\":\"2017-10-19T15:38:56+00:00\",\"breadcrumb\":{\"@id\":\"https:\/\/noticiasemdestaque.com\/cd\/?p=5263#breadcrumb\"},\"inLanguage\":\"pt-BR\",\"potentialAction\":[{\"@type\":\"ReadAction\",\"target\":[\"https:\/\/noticiasemdestaque.com\/cd\/?p=5263\"]}]},{\"@type\":\"ImageObject\",\"inLanguage\":\"pt-BR\",\"@id\":\"https:\/\/noticiasemdestaque.com\/cd\/?p=5263#primaryimage\",\"url\":\"https:\/\/noticiasemdestaque.com\/cd\/wp-content\/uploads\/2017\/10\/22519149_1150180681782127_871210694644822012_n.jpg\",\"contentUrl\":\"https:\/\/noticiasemdestaque.com\/cd\/wp-content\/uploads\/2017\/10\/22519149_1150180681782127_871210694644822012_n.jpg\",\"width\":960,\"height\":644},{\"@type\":\"BreadcrumbList\",\"@id\":\"https:\/\/noticiasemdestaque.com\/cd\/?p=5263#breadcrumb\",\"itemListElement\":[{\"@type\":\"ListItem\",\"position\":1,\"name\":\"In\u00edcio\",\"item\":\"https:\/\/noticiasemdestaque.com\/cd\/\"},{\"@type\":\"ListItem\",\"position\":2,\"name\":\"Contas do ex-prefeito Jo\u00e3o Luiz s\u00e3o aprovadas pela C\u00e2mara de Vereadores de Amparo\"}]},{\"@type\":\"WebSite\",\"@id\":\"https:\/\/noticiasemdestaque.com\/cd\/#website\",\"url\":\"https:\/\/noticiasemdestaque.com\/cd\/\",\"name\":\"Not&iacute;cias em Destaque\",\"description\":\"\",\"publisher\":{\"@id\":\"https:\/\/noticiasemdestaque.com\/cd\/#organization\"},\"potentialAction\":[{\"@type\":\"SearchAction\",\"target\":{\"@type\":\"EntryPoint\",\"urlTemplate\":\"https:\/\/noticiasemdestaque.com\/cd\/?s={search_term_string}\"},\"query-input\":{\"@type\":\"PropertyValueSpecification\",\"valueRequired\":true,\"valueName\":\"search_term_string\"}}],\"inLanguage\":\"pt-BR\"},{\"@type\":\"Organization\",\"@id\":\"https:\/\/noticiasemdestaque.com\/cd\/#organization\",\"name\":\"Not\u00edcias em Destaque\",\"url\":\"https:\/\/noticiasemdestaque.com\/cd\/\",\"logo\":{\"@type\":\"ImageObject\",\"inLanguage\":\"pt-BR\",\"@id\":\"https:\/\/noticiasemdestaque.com\/cd\/#\/schema\/logo\/image\/\",\"url\":\"https:\/\/noticiasemdestaque.com\/cd\/wp-content\/uploads\/2022\/05\/imagem-base-noticiasemdestaque.png\",\"contentUrl\":\"https:\/\/noticiasemdestaque.com\/cd\/wp-content\/uploads\/2022\/05\/imagem-base-noticiasemdestaque.png\",\"width\":1200,\"height\":630,\"caption\":\"Not\u00edcias em Destaque\"},\"image\":{\"@id\":\"https:\/\/noticiasemdestaque.com\/cd\/#\/schema\/logo\/image\/\"}},{\"@type\":\"Person\",\"@id\":\"https:\/\/noticiasemdestaque.com\/cd\/#\/schema\/person\/21320b03a7e8bb90128938dafc9b908a\",\"name\":\"Not\u00edcias em Destaque\",\"url\":\"https:\/\/noticiasemdestaque.com\/cd\/?author=2\"}]}<\/script>\n<!-- \/ Yoast SEO plugin. -->","yoast_head_json":{"title":"Contas do ex-prefeito Jo\u00e3o Luiz s\u00e3o aprovadas pela C\u00e2mara de Vereadores de Amparo - Not&iacute;cias em Destaque","robots":{"index":"index","follow":"follow","max-snippet":"max-snippet:-1","max-image-preview":"max-image-preview:large","max-video-preview":"max-video-preview:-1"},"canonical":"https:\/\/noticiasemdestaque.com\/cd\/?p=5263","og_locale":"pt_BR","og_type":"article","og_title":"Contas do ex-prefeito Jo\u00e3o Luiz s\u00e3o aprovadas pela C\u00e2mara de Vereadores de Amparo - Not&iacute;cias em Destaque","og_description":"Em reuni\u00e3o realizada nesta quarta-feira, a C\u00e2mara Municipal de Vereadores de Amparo aprovou por unanimidade as Contas do exerc\u00edcio de 2012 do ex prefeito Dr Joao Lu\u00eds. A Sess\u00e3o foi conduzida pela presidente da casa vereadora Maria Pedrosa, a \u00fanica aus\u00eancia foi do vereador Bruno Serafim que por motivo superior n\u00e3o pode comparecer. Os demais vereadores votaram a favor das contas do ex gestor; Maria Pedrosa-De Pereira-Fernando Fernandes-Fernando Severo-Edvaldo Cacheado-Nelson Brito-Cicero Maciel- e Duda Barnab\u00e9. Veja o que diz o relat\u00f3rio da comiss\u00e3o: Conforme entendimento desta comiss\u00e3o de or\u00e7amento e finan\u00e7as ap\u00f3s an\u00e1lise dos autos do processo TC N\u00famero: 04 844\/13,recurso de reconsidera\u00e7\u00e3o do ex prefeito JOAO LUIS DE LACERDA JUNIOR, entendemos que as despesas constatadas pelos inspetores da Corte do Tribunal de Contas do Estado da Para\u00edba, despesas sem licita\u00e7\u00e3o no valor de r$ 148.404,30 satisfaz ao conhecimento desta comiss\u00e3o visto que os contratados s\u00e3o de amplo conhecimento de todos do munic\u00edpio e tais servi\u00e7os foram executados e fornecidos conforme explica\u00e7\u00e3o nos anexos de defesa. No tocante das despesas de procedimentos de inexigibilidade no valor de r$ 115.500,00 na contrata\u00e7\u00e3o de bandas para a realiza\u00e7\u00e3o da Festa da Padroeira do munic\u00edpio entenderam que de fato houve a citada festa e o valor foi referente a contrata\u00e7\u00e3o de bandas musicais com toda estrutura, a exemplo de palco, gerador, banheiros qu\u00edmicos entre outras, evento esse realizado na Pra\u00e7a Central da Cidade. CONCLUS\u00c3O: Diante do exposto esta comiss\u00e3o resolve emitir parecer contr\u00e1rio ao acord\u00e3o APL-TC 00 479\/ 2017,e opina pela APROVA\u00c7AO das contas anuais do exerc\u00edcio 2012 do ent\u00e3o gestor JOAO LUIS DE LACERDA JUIOR. Sala das sess\u00f5es em 18 de Outubro de 2017. Francisco Fernandes de Ara\u00fajo Filho- Presidente da Comiss\u00e3o Edvaldo Divino Ferreira-Relator Cicero Francisco Maciel-Membro. Cariri em Destaque Com C\u00e9sar Alexandre","og_url":"https:\/\/noticiasemdestaque.com\/cd\/?p=5263","og_site_name":"Not&iacute;cias em Destaque","article_published_time":"2017-10-19T11:06:15+00:00","article_modified_time":"2017-10-19T15:38:56+00:00","og_image":[{"width":960,"height":644,"url":"https:\/\/noticiasemdestaque.com\/cd\/wp-content\/uploads\/2017\/10\/22519149_1150180681782127_871210694644822012_n.jpg","type":"image\/jpeg"}],"author":"Not\u00edcias em Destaque","twitter_card":"summary_large_image","twitter_misc":{"Escrito por":"Not\u00edcias em Destaque","Est. tempo de leitura":"2 minutos"},"schema":{"@context":"https:\/\/schema.org","@graph":[{"@type":"Article","@id":"https:\/\/noticiasemdestaque.com\/cd\/?p=5263#article","isPartOf":{"@id":"https:\/\/noticiasemdestaque.com\/cd\/?p=5263"},"author":{"name":"Not\u00edcias em Destaque","@id":"https:\/\/noticiasemdestaque.com\/cd\/#\/schema\/person\/21320b03a7e8bb90128938dafc9b908a"},"headline":"Contas do ex-prefeito Jo\u00e3o Luiz s\u00e3o aprovadas pela C\u00e2mara de Vereadores de Amparo","datePublished":"2017-10-19T11:06:15+00:00","dateModified":"2017-10-19T15:38:56+00:00","mainEntityOfPage":{"@id":"https:\/\/noticiasemdestaque.com\/cd\/?p=5263"},"wordCount":339,"publisher":{"@id":"https:\/\/noticiasemdestaque.com\/cd\/#organization"},"image":{"@id":"https:\/\/noticiasemdestaque.com\/cd\/?p=5263#primaryimage"},"thumbnailUrl":"https:\/\/noticiasemdestaque.com\/cd\/wp-content\/uploads\/2017\/10\/22519149_1150180681782127_871210694644822012_n.jpg","articleSection":["Pol\u00edtica"],"inLanguage":"pt-BR"},{"@type":"WebPage","@id":"https:\/\/noticiasemdestaque.com\/cd\/?p=5263","url":"https:\/\/noticiasemdestaque.com\/cd\/?p=5263","name":"Contas do ex-prefeito Jo\u00e3o Luiz s\u00e3o aprovadas pela C\u00e2mara de Vereadores de Amparo - Not&iacute;cias em Destaque","isPartOf":{"@id":"https:\/\/noticiasemdestaque.com\/cd\/#website"},"primaryImageOfPage":{"@id":"https:\/\/noticiasemdestaque.com\/cd\/?p=5263#primaryimage"},"image":{"@id":"https:\/\/noticiasemdestaque.com\/cd\/?p=5263#primaryimage"},"thumbnailUrl":"https:\/\/noticiasemdestaque.com\/cd\/wp-content\/uploads\/2017\/10\/22519149_1150180681782127_871210694644822012_n.jpg","datePublished":"2017-10-19T11:06:15+00:00","dateModified":"2017-10-19T15:38:56+00:00","breadcrumb":{"@id":"https:\/\/noticiasemdestaque.com\/cd\/?p=5263#breadcrumb"},"inLanguage":"pt-BR","potentialAction":[{"@type":"ReadAction","target":["https:\/\/noticiasemdestaque.com\/cd\/?p=5263"]}]},{"@type":"ImageObject","inLanguage":"pt-BR","@id":"https:\/\/noticiasemdestaque.com\/cd\/?p=5263#primaryimage","url":"https:\/\/noticiasemdestaque.com\/cd\/wp-content\/uploads\/2017\/10\/22519149_1150180681782127_871210694644822012_n.jpg","contentUrl":"https:\/\/noticiasemdestaque.com\/cd\/wp-content\/uploads\/2017\/10\/22519149_1150180681782127_871210694644822012_n.jpg","width":960,"height":644},{"@type":"BreadcrumbList","@id":"https:\/\/noticiasemdestaque.com\/cd\/?p=5263#breadcrumb","itemListElement":[{"@type":"ListItem","position":1,"name":"In\u00edcio","item":"https:\/\/noticiasemdestaque.com\/cd\/"},{"@type":"ListItem","position":2,"name":"Contas do ex-prefeito Jo\u00e3o Luiz s\u00e3o aprovadas pela C\u00e2mara de Vereadores de Amparo"}]},{"@type":"WebSite","@id":"https:\/\/noticiasemdestaque.com\/cd\/#website","url":"https:\/\/noticiasemdestaque.com\/cd\/","name":"Not&iacute;cias em Destaque","description":"","publisher":{"@id":"https:\/\/noticiasemdestaque.com\/cd\/#organization"},"potentialAction":[{"@type":"SearchAction","target":{"@type":"EntryPoint","urlTemplate":"https:\/\/noticiasemdestaque.com\/cd\/?s={search_term_string}"},"query-input":{"@type":"PropertyValueSpecification","valueRequired":true,"valueName":"search_term_string"}}],"inLanguage":"pt-BR"},{"@type":"Organization","@id":"https:\/\/noticiasemdestaque.com\/cd\/#organization","name":"Not\u00edcias em Destaque","url":"https:\/\/noticiasemdestaque.com\/cd\/","logo":{"@type":"ImageObject","inLanguage":"pt-BR","@id":"https:\/\/noticiasemdestaque.com\/cd\/#\/schema\/logo\/image\/","url":"https:\/\/noticiasemdestaque.com\/cd\/wp-content\/uploads\/2022\/05\/imagem-base-noticiasemdestaque.png","contentUrl":"https:\/\/noticiasemdestaque.com\/cd\/wp-content\/uploads\/2022\/05\/imagem-base-noticiasemdestaque.png","width":1200,"height":630,"caption":"Not\u00edcias em Destaque"},"image":{"@id":"https:\/\/noticiasemdestaque.com\/cd\/#\/schema\/logo\/image\/"}},{"@type":"Person","@id":"https:\/\/noticiasemdestaque.com\/cd\/#\/schema\/person\/21320b03a7e8bb90128938dafc9b908a","name":"Not\u00edcias em Destaque","url":"https:\/\/noticiasemdestaque.com\/cd\/?author=2"}]}},"jetpack_featured_media_url":"https:\/\/noticiasemdestaque.com\/cd\/wp-content\/uploads\/2017\/10\/22519149_1150180681782127_871210694644822012_n.jpg","jetpack_sharing_enabled":true,"_links":{"self":[{"href":"https:\/\/noticiasemdestaque.com\/cd\/index.php?rest_route=\/wp\/v2\/posts\/5263","targetHints":{"allow":["GET"]}}],"collection":[{"href":"https:\/\/noticiasemdestaque.com\/cd\/index.php?rest_route=\/wp\/v2\/posts"}],"about":[{"href":"https:\/\/noticiasemdestaque.com\/cd\/index.php?rest_route=\/wp\/v2\/types\/post"}],"author":[{"embeddable":true,"href":"https:\/\/noticiasemdestaque.com\/cd\/index.php?rest_route=\/wp\/v2\/users\/2"}],"replies":[{"embeddable":true,"href":"https:\/\/noticiasemdestaque.com\/cd\/index.php?rest_route=%2Fwp%2Fv2%2Fcomments&post=5263"}],"version-history":[{"count":1,"href":"https:\/\/noticiasemdestaque.com\/cd\/index.php?rest_route=\/wp\/v2\/posts\/5263\/revisions"}],"predecessor-version":[{"id":5265,"href":"https:\/\/noticiasemdestaque.com\/cd\/index.php?rest_route=\/wp\/v2\/posts\/5263\/revisions\/5265"}],"wp:featuredmedia":[{"embeddable":true,"href":"https:\/\/noticiasemdestaque.com\/cd\/index.php?rest_route=\/wp\/v2\/media\/5264"}],"wp:attachment":[{"href":"https:\/\/noticiasemdestaque.com\/cd\/index.php?rest_route=%2Fwp%2Fv2%2Fmedia&parent=5263"}],"wp:term":[{"taxonomy":"category","embeddable":true,"href":"https:\/\/noticiasemdestaque.com\/cd\/index.php?rest_route=%2Fwp%2Fv2%2Fcategories&post=5263"},{"taxonomy":"post_tag","embeddable":true,"href":"https:\/\/noticiasemdestaque.com\/cd\/index.php?rest_route=%2Fwp%2Fv2%2Ftags&post=5263"}],"curies":[{"name":"wp","href":"https:\/\/api.w.org\/{rel}","templated":true}]}}