{"id":5259,"date":"2017-10-18T13:45:00","date_gmt":"2017-10-18T16:45:00","guid":{"rendered":"http:\/\/caririemdestaque.com\/cd\/?p=5259"},"modified":"2017-10-18T13:47:43","modified_gmt":"2017-10-18T16:47:43","slug":"contencao-de-despesas-prefeito-junior-quirino-reduz-o-proprio-salario-do-vice-prefeito-e-secretarios-em-40-ate-31-de-dezembro","status":"publish","type":"post","link":"https:\/\/noticiasemdestaque.com\/cd\/?p=5259","title":{"rendered":"Conten\u00e7\u00e3o de despesas: prefeito J\u00fanior Quirino reduz o pr\u00f3prio sal\u00e1rio, do vice-prefeito e secret\u00e1rios em 40% at\u00e9 31 de dezembro"},"content":{"rendered":"<p><a href=\"http:\/\/caririemdestaque.com\/cd\/wp-content\/uploads\/2017\/10\/Reunio-Exonerao.jpg\"><img decoding=\"async\" class=\"size-thumbnail wp-image-5260 alignleft\" src=\"http:\/\/caririemdestaque.com\/cd\/wp-content\/uploads\/2017\/10\/Reunio-Exonerao-150x150.jpg\" alt=\"\" width=\"150\" height=\"150\" \/><\/a>Atrav\u00e9s do Decreto n\u00ba 185\/2017, j\u00e1 publicado no Di\u00e1rio Oficial do Munic\u00edpio, o prefeito do Congo-PB, J\u00fanior Quirino, reduziu o pr\u00f3prio sal\u00e1rio, do vice-prefeito e secret\u00e1rios municipais em 40%. A medida \u00e9 parte integrante de uma s\u00e9rie de outras medidas adotadas pelo prefeito, visando conter despesas e equilibrar as finan\u00e7as do munic\u00edpio.<\/p>\n<p>A redu\u00e7\u00e3o de sal\u00e1rios na casa dos 40% atinge tamb\u00e9m os cargos de Chefia de Gabinete e Procuradoria Municipal. Os funcion\u00e1rios de terceiro escal\u00e3o da prefeitura \u2013 coordenadores de divis\u00e3o, tesoureiro, assessores, diretores de departamento, diretores escolares e diretores adjuntos \u2013 ter\u00e3o redu\u00e7\u00e3o de 30% em seus vencimentos, de acordo com o decreto cuja validade se estende at\u00e9 o dia 31 de dezembro deste ano<\/p>\n<p>Al\u00e9m da redu\u00e7\u00e3o salarial decretada pelo prefeito, os secret\u00e1rios dever\u00e3o realizar um levantamento detalhado de despesas consideradas n\u00e3o essenciais que possam entrar tamb\u00e9m na linha de corte. O intuito \u00e9 manter somente o que for essencialmente necess\u00e1rio ao funcionamento, prezando pela legalidade em todas as medidas.<\/p>\n<p>\u201cEstamos enfrentando um per\u00edodo nefasto referente \u00e0 condi\u00e7\u00e3o financeira e econ\u00f4mica, n\u00e3o s\u00f3 no Congo, mas em praticamente todos os munic\u00edpios, especialmente os do nosso porte. Temos feito um esfor\u00e7o enorme para manter nossas contas controladas, mas o momento \u00e9 muito dif\u00edcil. O repasse das verbas caiu bruscamente e as previs\u00f5es apontam para novas quedas no pr\u00f3ximo m\u00eas. A nossa \u00fanica sa\u00edda \u00e9 cortar gastos onde nos \u00e9 poss\u00edvel cortar, caso contr\u00e1rio haver\u00e1 um desequil\u00edbrio generalizado\u201d, justificou o prefeito.<\/p>\n<p>Com rela\u00e7\u00e3o aos cargos comissionados e prestadores de servi\u00e7os, o prefeito J\u00fanior Quirino convocou a todos para uma reuni\u00e3o que fora realizada na \u00faltima ter\u00e7a-feira, e anunciou exonera\u00e7\u00e3o coletiva em todas as \u00e1reas, permanecendo apenas os funcion\u00e1rios que atuam em fun\u00e7\u00f5es estrat\u00e9gicas e essenciais, estando todos pass\u00edveis de realoca\u00e7\u00e3o.<\/p>\n<p>\u201cN\u00e3o \u00e9 nada f\u00e1cil reunir voc\u00eas aqui para anunciar sua exonera\u00e7\u00e3o em meio a tantas outras medidas desconfort\u00e1veis que temos que igualmente tomar. Queria eu poder n\u00e3o ter que passar por isso! \u00c9 doloroso para mim assim como \u00e9 para voc\u00eas. Por\u00e9m \u00e9 a maneira que encontramos para tentar amenizar os efeitos da crise que estamos enfrentando. E isso n\u00e3o \u00e9 um \u201cprivil\u00e9gio\u201d nosso; outros tantos munic\u00edpio est\u00e3o tomando medidas similares \u00e0s nossas. \u00c9 extremamente dif\u00edcil para todos n\u00f3s, mas espero contar com a compreens\u00e3o de voc\u00eas\u201d, disse J\u00fanior Quirino durante sua fala na reuni\u00e3o.<\/p>\n","protected":false},"excerpt":{"rendered":"<p>Atrav\u00e9s do Decreto n\u00ba 185\/2017, j\u00e1 publicado no Di\u00e1rio Oficial do Munic\u00edpio, o prefeito do Congo-PB, J\u00fanior Quirino, reduziu o pr\u00f3prio sal\u00e1rio, do vice-prefeito e secret\u00e1rios municipais em 40%. A medida \u00e9 parte integrante de uma s\u00e9rie de outras medidas adotadas pelo prefeito, visando conter despesas e equilibrar as finan\u00e7as do munic\u00edpio. A redu\u00e7\u00e3o de sal\u00e1rios na casa dos 40% atinge tamb\u00e9m os cargos de Chefia de Gabinete e Procuradoria Municipal. Os funcion\u00e1rios de terceiro escal\u00e3o da prefeitura \u2013 coordenadores de divis\u00e3o, tesoureiro, assessores, diretores de departamento, diretores escolares e diretores adjuntos \u2013 ter\u00e3o redu\u00e7\u00e3o de 30% em seus vencimentos, de acordo com o decreto cuja validade se estende at\u00e9 o dia 31 de dezembro deste ano Al\u00e9m da redu\u00e7\u00e3o salarial decretada pelo prefeito, os secret\u00e1rios dever\u00e3o realizar um levantamento detalhado de despesas consideradas n\u00e3o essenciais que possam entrar tamb\u00e9m na linha de corte. O intuito \u00e9 manter somente o que for essencialmente necess\u00e1rio ao funcionamento, prezando pela legalidade em todas as medidas. \u201cEstamos enfrentando um per\u00edodo nefasto referente \u00e0 condi\u00e7\u00e3o financeira e econ\u00f4mica, n\u00e3o s\u00f3 no Congo, mas em praticamente todos os munic\u00edpios, especialmente os do nosso porte. Temos feito um esfor\u00e7o enorme para manter nossas contas controladas, mas o momento \u00e9 muito dif\u00edcil. O repasse das verbas caiu bruscamente e as previs\u00f5es apontam para novas quedas no pr\u00f3ximo m\u00eas. A nossa \u00fanica sa\u00edda \u00e9 cortar gastos onde nos \u00e9 poss\u00edvel cortar, caso contr\u00e1rio haver\u00e1 um desequil\u00edbrio generalizado\u201d, justificou o prefeito. Com rela\u00e7\u00e3o aos cargos comissionados e prestadores de servi\u00e7os, o prefeito J\u00fanior Quirino convocou a todos para uma reuni\u00e3o que fora realizada na \u00faltima ter\u00e7a-feira, e anunciou exonera\u00e7\u00e3o coletiva em todas as \u00e1reas, permanecendo apenas os funcion\u00e1rios que atuam em fun\u00e7\u00f5es estrat\u00e9gicas e essenciais, estando todos pass\u00edveis de realoca\u00e7\u00e3o. \u201cN\u00e3o \u00e9 nada f\u00e1cil reunir voc\u00eas aqui para anunciar sua exonera\u00e7\u00e3o em meio a tantas outras medidas desconfort\u00e1veis que temos que igualmente tomar. Queria eu poder n\u00e3o ter que passar por isso! \u00c9 doloroso para mim assim como \u00e9 para voc\u00eas. Por\u00e9m \u00e9 a maneira que encontramos para tentar amenizar os efeitos da crise que estamos enfrentando. E isso n\u00e3o \u00e9 um \u201cprivil\u00e9gio\u201d nosso; outros tantos munic\u00edpio est\u00e3o tomando medidas similares \u00e0s nossas. \u00c9 extremamente dif\u00edcil para todos n\u00f3s, mas espero contar com a compreens\u00e3o de voc\u00eas\u201d, disse J\u00fanior Quirino durante sua fala na reuni\u00e3o.<\/p>\n","protected":false},"author":2,"featured_media":5260,"comment_status":"closed","ping_status":"open","sticky":false,"template":"","format":"standard","meta":{"_eb_attr":"","_jetpack_memberships_contains_paid_content":false,"footnotes":""},"categories":[4],"tags":[],"class_list":["post-5259","post","type-post","status-publish","format-standard","has-post-thumbnail","hentry","category-politica"],"yoast_head":"<!-- This site is optimized with the Yoast SEO plugin v26.5 - https:\/\/yoast.com\/wordpress\/plugins\/seo\/ -->\n<title>Conten\u00e7\u00e3o de despesas: prefeito J\u00fanior Quirino reduz o pr\u00f3prio sal\u00e1rio, do vice-prefeito e secret\u00e1rios em 40% at\u00e9 31 de dezembro - Not&iacute;cias em Destaque<\/title>\n<meta name=\"robots\" content=\"index, follow, max-snippet:-1, max-image-preview:large, max-video-preview:-1\" \/>\n<link rel=\"canonical\" href=\"https:\/\/noticiasemdestaque.com\/cd\/?p=5259\" \/>\n<meta property=\"og:locale\" content=\"pt_BR\" \/>\n<meta property=\"og:type\" content=\"article\" \/>\n<meta property=\"og:title\" content=\"Conten\u00e7\u00e3o de despesas: prefeito J\u00fanior Quirino reduz o pr\u00f3prio sal\u00e1rio, do vice-prefeito e secret\u00e1rios em 40% at\u00e9 31 de dezembro - Not&iacute;cias em Destaque\" \/>\n<meta property=\"og:description\" content=\"Atrav\u00e9s do Decreto n\u00ba 185\/2017, j\u00e1 publicado no Di\u00e1rio Oficial do Munic\u00edpio, o prefeito do Congo-PB, J\u00fanior Quirino, reduziu o pr\u00f3prio sal\u00e1rio, do vice-prefeito e secret\u00e1rios municipais em 40%. A medida \u00e9 parte integrante de uma s\u00e9rie de outras medidas adotadas pelo prefeito, visando conter despesas e equilibrar as finan\u00e7as do munic\u00edpio. A redu\u00e7\u00e3o de sal\u00e1rios na casa dos 40% atinge tamb\u00e9m os cargos de Chefia de Gabinete e Procuradoria Municipal. Os funcion\u00e1rios de terceiro escal\u00e3o da prefeitura \u2013 coordenadores de divis\u00e3o, tesoureiro, assessores, diretores de departamento, diretores escolares e diretores adjuntos \u2013 ter\u00e3o redu\u00e7\u00e3o de 30% em seus vencimentos, de acordo com o decreto cuja validade se estende at\u00e9 o dia 31 de dezembro deste ano Al\u00e9m da redu\u00e7\u00e3o salarial decretada pelo prefeito, os secret\u00e1rios dever\u00e3o realizar um levantamento detalhado de despesas consideradas n\u00e3o essenciais que possam entrar tamb\u00e9m na linha de corte. O intuito \u00e9 manter somente o que for essencialmente necess\u00e1rio ao funcionamento, prezando pela legalidade em todas as medidas. \u201cEstamos enfrentando um per\u00edodo nefasto referente \u00e0 condi\u00e7\u00e3o financeira e econ\u00f4mica, n\u00e3o s\u00f3 no Congo, mas em praticamente todos os munic\u00edpios, especialmente os do nosso porte. Temos feito um esfor\u00e7o enorme para manter nossas contas controladas, mas o momento \u00e9 muito dif\u00edcil. O repasse das verbas caiu bruscamente e as previs\u00f5es apontam para novas quedas no pr\u00f3ximo m\u00eas. A nossa \u00fanica sa\u00edda \u00e9 cortar gastos onde nos \u00e9 poss\u00edvel cortar, caso contr\u00e1rio haver\u00e1 um desequil\u00edbrio generalizado\u201d, justificou o prefeito. Com rela\u00e7\u00e3o aos cargos comissionados e prestadores de servi\u00e7os, o prefeito J\u00fanior Quirino convocou a todos para uma reuni\u00e3o que fora realizada na \u00faltima ter\u00e7a-feira, e anunciou exonera\u00e7\u00e3o coletiva em todas as \u00e1reas, permanecendo apenas os funcion\u00e1rios que atuam em fun\u00e7\u00f5es estrat\u00e9gicas e essenciais, estando todos pass\u00edveis de realoca\u00e7\u00e3o. \u201cN\u00e3o \u00e9 nada f\u00e1cil reunir voc\u00eas aqui para anunciar sua exonera\u00e7\u00e3o em meio a tantas outras medidas desconfort\u00e1veis que temos que igualmente tomar. Queria eu poder n\u00e3o ter que passar por isso! \u00c9 doloroso para mim assim como \u00e9 para voc\u00eas. Por\u00e9m \u00e9 a maneira que encontramos para tentar amenizar os efeitos da crise que estamos enfrentando. E isso n\u00e3o \u00e9 um \u201cprivil\u00e9gio\u201d nosso; outros tantos munic\u00edpio est\u00e3o tomando medidas similares \u00e0s nossas. \u00c9 extremamente dif\u00edcil para todos n\u00f3s, mas espero contar com a compreens\u00e3o de voc\u00eas\u201d, disse J\u00fanior Quirino durante sua fala na reuni\u00e3o.\" \/>\n<meta property=\"og:url\" content=\"https:\/\/noticiasemdestaque.com\/cd\/?p=5259\" \/>\n<meta property=\"og:site_name\" content=\"Not&iacute;cias em Destaque\" \/>\n<meta property=\"article:published_time\" content=\"2017-10-18T16:45:00+00:00\" \/>\n<meta property=\"article:modified_time\" content=\"2017-10-18T16:47:43+00:00\" \/>\n<meta property=\"og:image\" content=\"https:\/\/noticiasemdestaque.com\/cd\/wp-content\/uploads\/2017\/10\/Reunio-Exonerao-1024x700.jpg\" \/>\n\t<meta property=\"og:image:width\" content=\"1024\" \/>\n\t<meta property=\"og:image:height\" content=\"700\" \/>\n\t<meta property=\"og:image:type\" content=\"image\/jpeg\" \/>\n<meta name=\"author\" content=\"Not\u00edcias em Destaque\" \/>\n<meta name=\"twitter:card\" content=\"summary_large_image\" \/>\n<meta name=\"twitter:label1\" content=\"Escrito por\" \/>\n\t<meta name=\"twitter:data1\" content=\"Not\u00edcias em Destaque\" \/>\n\t<meta name=\"twitter:label2\" content=\"Est. tempo de leitura\" \/>\n\t<meta name=\"twitter:data2\" content=\"2 minutos\" \/>\n<script type=\"application\/ld+json\" class=\"yoast-schema-graph\">{\"@context\":\"https:\/\/schema.org\",\"@graph\":[{\"@type\":\"Article\",\"@id\":\"https:\/\/noticiasemdestaque.com\/cd\/?p=5259#article\",\"isPartOf\":{\"@id\":\"https:\/\/noticiasemdestaque.com\/cd\/?p=5259\"},\"author\":{\"name\":\"Not\u00edcias em Destaque\",\"@id\":\"https:\/\/noticiasemdestaque.com\/cd\/#\/schema\/person\/21320b03a7e8bb90128938dafc9b908a\"},\"headline\":\"Conten\u00e7\u00e3o de despesas: prefeito J\u00fanior Quirino reduz o pr\u00f3prio sal\u00e1rio, do vice-prefeito e secret\u00e1rios em 40% at\u00e9 31 de dezembro\",\"datePublished\":\"2017-10-18T16:45:00+00:00\",\"dateModified\":\"2017-10-18T16:47:43+00:00\",\"mainEntityOfPage\":{\"@id\":\"https:\/\/noticiasemdestaque.com\/cd\/?p=5259\"},\"wordCount\":458,\"publisher\":{\"@id\":\"https:\/\/noticiasemdestaque.com\/cd\/#organization\"},\"image\":{\"@id\":\"https:\/\/noticiasemdestaque.com\/cd\/?p=5259#primaryimage\"},\"thumbnailUrl\":\"https:\/\/noticiasemdestaque.com\/cd\/wp-content\/uploads\/2017\/10\/Reunio-Exonerao.jpg\",\"articleSection\":[\"Pol\u00edtica\"],\"inLanguage\":\"pt-BR\"},{\"@type\":\"WebPage\",\"@id\":\"https:\/\/noticiasemdestaque.com\/cd\/?p=5259\",\"url\":\"https:\/\/noticiasemdestaque.com\/cd\/?p=5259\",\"name\":\"Conten\u00e7\u00e3o de despesas: prefeito J\u00fanior Quirino reduz o pr\u00f3prio sal\u00e1rio, do vice-prefeito e secret\u00e1rios em 40% at\u00e9 31 de dezembro - Not&iacute;cias em Destaque\",\"isPartOf\":{\"@id\":\"https:\/\/noticiasemdestaque.com\/cd\/#website\"},\"primaryImageOfPage\":{\"@id\":\"https:\/\/noticiasemdestaque.com\/cd\/?p=5259#primaryimage\"},\"image\":{\"@id\":\"https:\/\/noticiasemdestaque.com\/cd\/?p=5259#primaryimage\"},\"thumbnailUrl\":\"https:\/\/noticiasemdestaque.com\/cd\/wp-content\/uploads\/2017\/10\/Reunio-Exonerao.jpg\",\"datePublished\":\"2017-10-18T16:45:00+00:00\",\"dateModified\":\"2017-10-18T16:47:43+00:00\",\"breadcrumb\":{\"@id\":\"https:\/\/noticiasemdestaque.com\/cd\/?p=5259#breadcrumb\"},\"inLanguage\":\"pt-BR\",\"potentialAction\":[{\"@type\":\"ReadAction\",\"target\":[\"https:\/\/noticiasemdestaque.com\/cd\/?p=5259\"]}]},{\"@type\":\"ImageObject\",\"inLanguage\":\"pt-BR\",\"@id\":\"https:\/\/noticiasemdestaque.com\/cd\/?p=5259#primaryimage\",\"url\":\"https:\/\/noticiasemdestaque.com\/cd\/wp-content\/uploads\/2017\/10\/Reunio-Exonerao.jpg\",\"contentUrl\":\"https:\/\/noticiasemdestaque.com\/cd\/wp-content\/uploads\/2017\/10\/Reunio-Exonerao.jpg\",\"width\":4068,\"height\":2780},{\"@type\":\"BreadcrumbList\",\"@id\":\"https:\/\/noticiasemdestaque.com\/cd\/?p=5259#breadcrumb\",\"itemListElement\":[{\"@type\":\"ListItem\",\"position\":1,\"name\":\"In\u00edcio\",\"item\":\"https:\/\/noticiasemdestaque.com\/cd\/\"},{\"@type\":\"ListItem\",\"position\":2,\"name\":\"Conten\u00e7\u00e3o de despesas: prefeito J\u00fanior Quirino reduz o pr\u00f3prio sal\u00e1rio, do vice-prefeito e secret\u00e1rios em 40% at\u00e9 31 de dezembro\"}]},{\"@type\":\"WebSite\",\"@id\":\"https:\/\/noticiasemdestaque.com\/cd\/#website\",\"url\":\"https:\/\/noticiasemdestaque.com\/cd\/\",\"name\":\"Not&iacute;cias em Destaque\",\"description\":\"\",\"publisher\":{\"@id\":\"https:\/\/noticiasemdestaque.com\/cd\/#organization\"},\"potentialAction\":[{\"@type\":\"SearchAction\",\"target\":{\"@type\":\"EntryPoint\",\"urlTemplate\":\"https:\/\/noticiasemdestaque.com\/cd\/?s={search_term_string}\"},\"query-input\":{\"@type\":\"PropertyValueSpecification\",\"valueRequired\":true,\"valueName\":\"search_term_string\"}}],\"inLanguage\":\"pt-BR\"},{\"@type\":\"Organization\",\"@id\":\"https:\/\/noticiasemdestaque.com\/cd\/#organization\",\"name\":\"Not\u00edcias em Destaque\",\"url\":\"https:\/\/noticiasemdestaque.com\/cd\/\",\"logo\":{\"@type\":\"ImageObject\",\"inLanguage\":\"pt-BR\",\"@id\":\"https:\/\/noticiasemdestaque.com\/cd\/#\/schema\/logo\/image\/\",\"url\":\"https:\/\/noticiasemdestaque.com\/cd\/wp-content\/uploads\/2022\/05\/imagem-base-noticiasemdestaque.png\",\"contentUrl\":\"https:\/\/noticiasemdestaque.com\/cd\/wp-content\/uploads\/2022\/05\/imagem-base-noticiasemdestaque.png\",\"width\":1200,\"height\":630,\"caption\":\"Not\u00edcias em Destaque\"},\"image\":{\"@id\":\"https:\/\/noticiasemdestaque.com\/cd\/#\/schema\/logo\/image\/\"}},{\"@type\":\"Person\",\"@id\":\"https:\/\/noticiasemdestaque.com\/cd\/#\/schema\/person\/21320b03a7e8bb90128938dafc9b908a\",\"name\":\"Not\u00edcias em Destaque\",\"url\":\"https:\/\/noticiasemdestaque.com\/cd\/?author=2\"}]}<\/script>\n<!-- \/ Yoast SEO plugin. -->","yoast_head_json":{"title":"Conten\u00e7\u00e3o de despesas: prefeito J\u00fanior Quirino reduz o pr\u00f3prio sal\u00e1rio, do vice-prefeito e secret\u00e1rios em 40% at\u00e9 31 de dezembro - Not&iacute;cias em Destaque","robots":{"index":"index","follow":"follow","max-snippet":"max-snippet:-1","max-image-preview":"max-image-preview:large","max-video-preview":"max-video-preview:-1"},"canonical":"https:\/\/noticiasemdestaque.com\/cd\/?p=5259","og_locale":"pt_BR","og_type":"article","og_title":"Conten\u00e7\u00e3o de despesas: prefeito J\u00fanior Quirino reduz o pr\u00f3prio sal\u00e1rio, do vice-prefeito e secret\u00e1rios em 40% at\u00e9 31 de dezembro - Not&iacute;cias em Destaque","og_description":"Atrav\u00e9s do Decreto n\u00ba 185\/2017, j\u00e1 publicado no Di\u00e1rio Oficial do Munic\u00edpio, o prefeito do Congo-PB, J\u00fanior Quirino, reduziu o pr\u00f3prio sal\u00e1rio, do vice-prefeito e secret\u00e1rios municipais em 40%. A medida \u00e9 parte integrante de uma s\u00e9rie de outras medidas adotadas pelo prefeito, visando conter despesas e equilibrar as finan\u00e7as do munic\u00edpio. A redu\u00e7\u00e3o de sal\u00e1rios na casa dos 40% atinge tamb\u00e9m os cargos de Chefia de Gabinete e Procuradoria Municipal. Os funcion\u00e1rios de terceiro escal\u00e3o da prefeitura \u2013 coordenadores de divis\u00e3o, tesoureiro, assessores, diretores de departamento, diretores escolares e diretores adjuntos \u2013 ter\u00e3o redu\u00e7\u00e3o de 30% em seus vencimentos, de acordo com o decreto cuja validade se estende at\u00e9 o dia 31 de dezembro deste ano Al\u00e9m da redu\u00e7\u00e3o salarial decretada pelo prefeito, os secret\u00e1rios dever\u00e3o realizar um levantamento detalhado de despesas consideradas n\u00e3o essenciais que possam entrar tamb\u00e9m na linha de corte. O intuito \u00e9 manter somente o que for essencialmente necess\u00e1rio ao funcionamento, prezando pela legalidade em todas as medidas. \u201cEstamos enfrentando um per\u00edodo nefasto referente \u00e0 condi\u00e7\u00e3o financeira e econ\u00f4mica, n\u00e3o s\u00f3 no Congo, mas em praticamente todos os munic\u00edpios, especialmente os do nosso porte. Temos feito um esfor\u00e7o enorme para manter nossas contas controladas, mas o momento \u00e9 muito dif\u00edcil. O repasse das verbas caiu bruscamente e as previs\u00f5es apontam para novas quedas no pr\u00f3ximo m\u00eas. A nossa \u00fanica sa\u00edda \u00e9 cortar gastos onde nos \u00e9 poss\u00edvel cortar, caso contr\u00e1rio haver\u00e1 um desequil\u00edbrio generalizado\u201d, justificou o prefeito. Com rela\u00e7\u00e3o aos cargos comissionados e prestadores de servi\u00e7os, o prefeito J\u00fanior Quirino convocou a todos para uma reuni\u00e3o que fora realizada na \u00faltima ter\u00e7a-feira, e anunciou exonera\u00e7\u00e3o coletiva em todas as \u00e1reas, permanecendo apenas os funcion\u00e1rios que atuam em fun\u00e7\u00f5es estrat\u00e9gicas e essenciais, estando todos pass\u00edveis de realoca\u00e7\u00e3o. \u201cN\u00e3o \u00e9 nada f\u00e1cil reunir voc\u00eas aqui para anunciar sua exonera\u00e7\u00e3o em meio a tantas outras medidas desconfort\u00e1veis que temos que igualmente tomar. Queria eu poder n\u00e3o ter que passar por isso! \u00c9 doloroso para mim assim como \u00e9 para voc\u00eas. Por\u00e9m \u00e9 a maneira que encontramos para tentar amenizar os efeitos da crise que estamos enfrentando. E isso n\u00e3o \u00e9 um \u201cprivil\u00e9gio\u201d nosso; outros tantos munic\u00edpio est\u00e3o tomando medidas similares \u00e0s nossas. \u00c9 extremamente dif\u00edcil para todos n\u00f3s, mas espero contar com a compreens\u00e3o de voc\u00eas\u201d, disse J\u00fanior Quirino durante sua fala na reuni\u00e3o.","og_url":"https:\/\/noticiasemdestaque.com\/cd\/?p=5259","og_site_name":"Not&iacute;cias em Destaque","article_published_time":"2017-10-18T16:45:00+00:00","article_modified_time":"2017-10-18T16:47:43+00:00","og_image":[{"width":1024,"height":700,"url":"https:\/\/noticiasemdestaque.com\/cd\/wp-content\/uploads\/2017\/10\/Reunio-Exonerao-1024x700.jpg","type":"image\/jpeg"}],"author":"Not\u00edcias em Destaque","twitter_card":"summary_large_image","twitter_misc":{"Escrito por":"Not\u00edcias em Destaque","Est. tempo de leitura":"2 minutos"},"schema":{"@context":"https:\/\/schema.org","@graph":[{"@type":"Article","@id":"https:\/\/noticiasemdestaque.com\/cd\/?p=5259#article","isPartOf":{"@id":"https:\/\/noticiasemdestaque.com\/cd\/?p=5259"},"author":{"name":"Not\u00edcias em Destaque","@id":"https:\/\/noticiasemdestaque.com\/cd\/#\/schema\/person\/21320b03a7e8bb90128938dafc9b908a"},"headline":"Conten\u00e7\u00e3o de despesas: prefeito J\u00fanior Quirino reduz o pr\u00f3prio sal\u00e1rio, do vice-prefeito e secret\u00e1rios em 40% at\u00e9 31 de dezembro","datePublished":"2017-10-18T16:45:00+00:00","dateModified":"2017-10-18T16:47:43+00:00","mainEntityOfPage":{"@id":"https:\/\/noticiasemdestaque.com\/cd\/?p=5259"},"wordCount":458,"publisher":{"@id":"https:\/\/noticiasemdestaque.com\/cd\/#organization"},"image":{"@id":"https:\/\/noticiasemdestaque.com\/cd\/?p=5259#primaryimage"},"thumbnailUrl":"https:\/\/noticiasemdestaque.com\/cd\/wp-content\/uploads\/2017\/10\/Reunio-Exonerao.jpg","articleSection":["Pol\u00edtica"],"inLanguage":"pt-BR"},{"@type":"WebPage","@id":"https:\/\/noticiasemdestaque.com\/cd\/?p=5259","url":"https:\/\/noticiasemdestaque.com\/cd\/?p=5259","name":"Conten\u00e7\u00e3o de despesas: prefeito J\u00fanior Quirino reduz o pr\u00f3prio sal\u00e1rio, do vice-prefeito e secret\u00e1rios em 40% at\u00e9 31 de dezembro - Not&iacute;cias em Destaque","isPartOf":{"@id":"https:\/\/noticiasemdestaque.com\/cd\/#website"},"primaryImageOfPage":{"@id":"https:\/\/noticiasemdestaque.com\/cd\/?p=5259#primaryimage"},"image":{"@id":"https:\/\/noticiasemdestaque.com\/cd\/?p=5259#primaryimage"},"thumbnailUrl":"https:\/\/noticiasemdestaque.com\/cd\/wp-content\/uploads\/2017\/10\/Reunio-Exonerao.jpg","datePublished":"2017-10-18T16:45:00+00:00","dateModified":"2017-10-18T16:47:43+00:00","breadcrumb":{"@id":"https:\/\/noticiasemdestaque.com\/cd\/?p=5259#breadcrumb"},"inLanguage":"pt-BR","potentialAction":[{"@type":"ReadAction","target":["https:\/\/noticiasemdestaque.com\/cd\/?p=5259"]}]},{"@type":"ImageObject","inLanguage":"pt-BR","@id":"https:\/\/noticiasemdestaque.com\/cd\/?p=5259#primaryimage","url":"https:\/\/noticiasemdestaque.com\/cd\/wp-content\/uploads\/2017\/10\/Reunio-Exonerao.jpg","contentUrl":"https:\/\/noticiasemdestaque.com\/cd\/wp-content\/uploads\/2017\/10\/Reunio-Exonerao.jpg","width":4068,"height":2780},{"@type":"BreadcrumbList","@id":"https:\/\/noticiasemdestaque.com\/cd\/?p=5259#breadcrumb","itemListElement":[{"@type":"ListItem","position":1,"name":"In\u00edcio","item":"https:\/\/noticiasemdestaque.com\/cd\/"},{"@type":"ListItem","position":2,"name":"Conten\u00e7\u00e3o de despesas: prefeito J\u00fanior Quirino reduz o pr\u00f3prio sal\u00e1rio, do vice-prefeito e secret\u00e1rios em 40% at\u00e9 31 de dezembro"}]},{"@type":"WebSite","@id":"https:\/\/noticiasemdestaque.com\/cd\/#website","url":"https:\/\/noticiasemdestaque.com\/cd\/","name":"Not&iacute;cias em Destaque","description":"","publisher":{"@id":"https:\/\/noticiasemdestaque.com\/cd\/#organization"},"potentialAction":[{"@type":"SearchAction","target":{"@type":"EntryPoint","urlTemplate":"https:\/\/noticiasemdestaque.com\/cd\/?s={search_term_string}"},"query-input":{"@type":"PropertyValueSpecification","valueRequired":true,"valueName":"search_term_string"}}],"inLanguage":"pt-BR"},{"@type":"Organization","@id":"https:\/\/noticiasemdestaque.com\/cd\/#organization","name":"Not\u00edcias em Destaque","url":"https:\/\/noticiasemdestaque.com\/cd\/","logo":{"@type":"ImageObject","inLanguage":"pt-BR","@id":"https:\/\/noticiasemdestaque.com\/cd\/#\/schema\/logo\/image\/","url":"https:\/\/noticiasemdestaque.com\/cd\/wp-content\/uploads\/2022\/05\/imagem-base-noticiasemdestaque.png","contentUrl":"https:\/\/noticiasemdestaque.com\/cd\/wp-content\/uploads\/2022\/05\/imagem-base-noticiasemdestaque.png","width":1200,"height":630,"caption":"Not\u00edcias em Destaque"},"image":{"@id":"https:\/\/noticiasemdestaque.com\/cd\/#\/schema\/logo\/image\/"}},{"@type":"Person","@id":"https:\/\/noticiasemdestaque.com\/cd\/#\/schema\/person\/21320b03a7e8bb90128938dafc9b908a","name":"Not\u00edcias em Destaque","url":"https:\/\/noticiasemdestaque.com\/cd\/?author=2"}]}},"jetpack_featured_media_url":"https:\/\/noticiasemdestaque.com\/cd\/wp-content\/uploads\/2017\/10\/Reunio-Exonerao.jpg","jetpack_sharing_enabled":true,"_links":{"self":[{"href":"https:\/\/noticiasemdestaque.com\/cd\/index.php?rest_route=\/wp\/v2\/posts\/5259","targetHints":{"allow":["GET"]}}],"collection":[{"href":"https:\/\/noticiasemdestaque.com\/cd\/index.php?rest_route=\/wp\/v2\/posts"}],"about":[{"href":"https:\/\/noticiasemdestaque.com\/cd\/index.php?rest_route=\/wp\/v2\/types\/post"}],"author":[{"embeddable":true,"href":"https:\/\/noticiasemdestaque.com\/cd\/index.php?rest_route=\/wp\/v2\/users\/2"}],"replies":[{"embeddable":true,"href":"https:\/\/noticiasemdestaque.com\/cd\/index.php?rest_route=%2Fwp%2Fv2%2Fcomments&post=5259"}],"version-history":[{"count":1,"href":"https:\/\/noticiasemdestaque.com\/cd\/index.php?rest_route=\/wp\/v2\/posts\/5259\/revisions"}],"predecessor-version":[{"id":5261,"href":"https:\/\/noticiasemdestaque.com\/cd\/index.php?rest_route=\/wp\/v2\/posts\/5259\/revisions\/5261"}],"wp:featuredmedia":[{"embeddable":true,"href":"https:\/\/noticiasemdestaque.com\/cd\/index.php?rest_route=\/wp\/v2\/media\/5260"}],"wp:attachment":[{"href":"https:\/\/noticiasemdestaque.com\/cd\/index.php?rest_route=%2Fwp%2Fv2%2Fmedia&parent=5259"}],"wp:term":[{"taxonomy":"category","embeddable":true,"href":"https:\/\/noticiasemdestaque.com\/cd\/index.php?rest_route=%2Fwp%2Fv2%2Fcategories&post=5259"},{"taxonomy":"post_tag","embeddable":true,"href":"https:\/\/noticiasemdestaque.com\/cd\/index.php?rest_route=%2Fwp%2Fv2%2Ftags&post=5259"}],"curies":[{"name":"wp","href":"https:\/\/api.w.org\/{rel}","templated":true}]}}