{"id":5256,"date":"2017-10-18T13:37:44","date_gmt":"2017-10-18T16:37:44","guid":{"rendered":"http:\/\/caririemdestaque.com\/cd\/?p=5256"},"modified":"2017-10-18T13:37:44","modified_gmt":"2017-10-18T16:37:44","slug":"inscricoes-do-concurso-publico-para-professor-da-rede-estadual-vao-ate-dia-05","status":"publish","type":"post","link":"https:\/\/noticiasemdestaque.com\/cd\/?p=5256","title":{"rendered":"Inscri\u00e7\u00f5es do Concurso P\u00fablico para professor da Rede Estadual v\u00e3o at\u00e9 dia 05"},"content":{"rendered":"<p><a href=\"http:\/\/caririemdestaque.com\/cd\/wp-content\/uploads\/2017\/10\/Concursos-RN_01.jpg\"><img decoding=\"async\" class=\"alignleft wp-image-5257 size-medium\" src=\"http:\/\/caririemdestaque.com\/cd\/wp-content\/uploads\/2017\/10\/Concursos-RN_01-300x160.jpg\" alt=\"\" width=\"300\" height=\"160\" srcset=\"https:\/\/noticiasemdestaque.com\/cd\/wp-content\/uploads\/2017\/10\/Concursos-RN_01-300x160.jpg 300w, https:\/\/noticiasemdestaque.com\/cd\/wp-content\/uploads\/2017\/10\/Concursos-RN_01-768x409.jpg 768w, https:\/\/noticiasemdestaque.com\/cd\/wp-content\/uploads\/2017\/10\/Concursos-RN_01-1024x546.jpg 1024w\" sizes=\"(max-width: 300px) 100vw, 300px\" \/><\/a>As inscri\u00e7\u00f5es do concurso p\u00fablico para o cargo de Professor de Educa\u00e7\u00e3o B\u00e1sica 3 da Rede Estadual de Ensino ficam abertas at\u00e9 o dia 5 de novembro. O Governo do Estado est\u00e1 oferecendo 1.000 vagas distribu\u00eddas nas 14 Ger\u00eancias Regionais de Educa\u00e7\u00e3o (GREs).<\/p>\n<p>Os interessados devem se inscrever exclusivamente pela internet, por meio do site www.ibade.org.br. As provas objetivas ser\u00e3o realizadas no dia 3 de dezembro e o resultado final ser\u00e1 divulgado no dia 26 de janeiro de 2018, ap\u00f3s interposi\u00e7\u00f5es de recursos.<\/p>\n<p>Este \u00e9 o terceiro concurso para professor realizado durante esta gest\u00e3o, somando 4 mil e 40 vagas para a categoria. O primeiro aconteceu em 2011, com a oferta de 1.040 vagas, j\u00e1 o segundo concurso foi realizado em 2012, disponibilizando 2 mil vagas.<\/p>\n<p>Todos os candidatos aprovados nos concursos anteriores foram convocados e nomeados, demonstrando e refor\u00e7ando o compromisso do Governo do Estado na estrutura\u00e7\u00e3o do quadro de pessoal de docentes da rede estadual de ensino da Para\u00edba e promovendo a valoriza\u00e7\u00e3o dos profissionais da educa\u00e7\u00e3o na Para\u00edba.<\/p>\n<p><strong>Regras<\/strong>\u00a0\u2013 De acordo com o edital, os candidatos n\u00e3o podem se inscrever para diversas disciplinas, pois a prova ser\u00e1 realizada em um \u00fanico turno. Embora as inscri\u00e7\u00f5es sejam feitas pela internet, o Ibade est\u00e1 disponibilizando um posto de atendimento no Liceu Paraibano (apenas na Capital), para orientar candidatos sobre o processo e disponibilizando computador e internet para realiza\u00e7\u00e3o de inscri\u00e7\u00e3o, al\u00e9m de auxilio t\u00e9cnico aos candidatos por meio do seu portal eletr\u00f4nico ou pelo telefone (21) 3674-9190. As inscri\u00e7\u00f5es custam R$ 82,00.<\/p>\n<p>As 1.000 vagas foram distribu\u00eddas para 12 disciplinas: L\u00edngua Portuguesa, Matem\u00e1tica, Geografia, Hist\u00f3ria, Biologia, Qu\u00edmica, F\u00edsica, L\u00edngua Inglesa, Educa\u00e7\u00e3o F\u00edsica, Sociologia, Filosofia e Artes. Os aprovados poder\u00e3o atuar no Ensino Fundamental (Anos Finais) e Ensino M\u00e9dio.<\/p>\n<p>Disciplinas\u00a0\u00a0\u00a0\u00a0 Total De Vagas\u00a0\u00a0\u00a0\u00a0 Pr\u00e9-Requisitos<\/p>\n<p>Artes\u00a0\u00a0\u00a0 20\u00a0\u00a0\u00a0\u00a0\u00a0 Licenciatura Plena Em Arte Ou Educa\u00e7\u00e3o Art\u00edstica<\/p>\n<p>Biologia\u00a0\u00a0\u00a0\u00a0\u00a0\u00a0\u00a0\u00a0 100\u00a0\u00a0\u00a0 Licenciatura Plena Em Ci\u00eancias Biol\u00f3gicas *<\/p>\n<p>Educa\u00e7\u00e3o F\u00edsica\u00a0\u00a0\u00a0\u00a0\u00a0\u00a0 40\u00a0\u00a0\u00a0\u00a0\u00a0 Licenciatura Plena Em Educa\u00e7\u00e3o F\u00edsica e Registro no Conselho de Classe Espec\u00edfico<\/p>\n<p>F\u00edsica\u00a0\u00a0 60\u00a0\u00a0\u00a0\u00a0\u00a0 Licenciatura Plena Em F\u00edsica*<\/p>\n<p>Geografia\u00a0\u00a0\u00a0\u00a0\u00a0 100\u00a0\u00a0\u00a0 Licenciatura Plena Em Geografia<\/p>\n<p>Hist\u00f3ria\u00a0\u00a0\u00a0\u00a0\u00a0\u00a0\u00a0\u00a0 100\u00a0\u00a0\u00a0 Licenciatura Plena Em Hist\u00f3ria<\/p>\n<p>L\u00edngua Inglesa\u00a0\u00a0\u00a0\u00a0\u00a0\u00a0\u00a0 40\u00a0\u00a0\u00a0\u00a0\u00a0 Licenciatura Plena Em Letras \u2013 Habilita\u00e7\u00e3o Em L\u00edngua Inglesa<\/p>\n<p>L\u00edngua Portuguesa\u00a0 200\u00a0\u00a0\u00a0 Licenciatura Plena Em Letras \u2013 Habilita\u00e7\u00e3o Em L\u00edngua Portuguesa<\/p>\n<p>Matem\u00e1tica\u00a0\u00a0\u00a0 200\u00a0\u00a0\u00a0 Licenciatura Plena Em Matem\u00e1tica*<\/p>\n<p>Sociologia\u00a0\u00a0\u00a0\u00a0 20\u00a0\u00a0\u00a0\u00a0\u00a0 Licenciatura Plena Em Sociologia<\/p>\n<p>Filosofia\u00a0\u00a0\u00a0\u00a0\u00a0\u00a0\u00a0 20\u00a0\u00a0\u00a0\u00a0\u00a0 Licenciatura Plena Em Filosofia<\/p>\n<p>Qu\u00edmica\u00a0\u00a0\u00a0\u00a0\u00a0\u00a0\u00a0\u00a0 100\u00a0\u00a0\u00a0 Licenciatura Plena Em Qu\u00edmica<\/p>\n<p><strong>Provas objetivas<\/strong>\u00a0\u2013 As provas dever\u00e3o ser realizadas nos munic\u00edpios sede de Cada Ger\u00eancia Regional de Educa\u00e7\u00e3o (1\u00aa GRE \u2013 Jo\u00e3o Pessoa\/PB; 2\u00aa GRE \u2013 Guarabira\/PB; 3\u00aa GRE \u2013 Campina Grande; 4\u00aa GRE \u2013 Cuit\u00e9\/PB; 5\u00aa GRE \u2013 Monteiro\/PB; 6\u00aa GRE \u2013 Patos\/PB; 7\u00aa GRE \u2013 Itaporanga\/PB; 8\u00aa GRE \u2013 Catol\u00e9 do Rocha\/PB; 9\u00aa GRE \u2013 Cajazeiras\/PB; 10\u00aa GRE \u2013 Sousa; 11\u00aa GRE \u2013 Princesa Isabel\/PB; 12\u00aa GRE \u2013 Itabaiana\/PB; 13\u00aa GRE \u2013 Pombal\/PB; 14\u00aa GRE \u2013 Mamanguape\/PB.<\/p>\n<p>De acordo com o edital, caso o quantitativo de candidatos inscritos seja superior ao do quantitativo de lugares para alocar dentro do munic\u00edpio sede de cada Ger\u00eancia Regional de Educa\u00e7\u00e3o, as provas poder\u00e3o ser realizadas em outros munic\u00edpios, considerando o grupo de munic\u00edpios que comp\u00f5em cada Ger\u00eancia Regional de Educa\u00e7\u00e3o.<\/p>\n<p><strong>Tempo de prova<\/strong>\u00a0\u2013 A dura\u00e7\u00e3o de aplica\u00e7\u00e3o da prova ser\u00e1 de 3 horas e 30 minutos. Cada quest\u00e3o ter\u00e1 cinco alternativas, sendo apenas uma correta. A prova ser\u00e1 constitu\u00edda por 50 quest\u00f5es, sendo 10 de L\u00edngua Portuguesa, 10 de Legisla\u00e7\u00e3o B\u00e1sica em educa\u00e7\u00e3o, 10 de Conhecimentos pedag\u00f3gicos e 20 de Conhecimentos espec\u00edficos.<\/p>\n<p>O concurso ter\u00e1 validade de seis meses, podendo ser prorrogado por igual per\u00edodo, ficando a crit\u00e9rio da Administra\u00e7\u00e3o Estadual. Mais informa\u00e7\u00f5es est\u00e3o disponibilizadas no site do Ibade (www.ibade.org.br) e no portal do Governo do Estado da Para\u00edba (www.paraiba.pb.gov.br)<\/p>\n<p>Confira o calend\u00e1rio do concurso:<\/p>\n<p>EVENTOS\u00a0\u00a0\u00a0 DATAS PREVISTAS<\/p>\n<p>Per\u00edodo de inscri\u00e7\u00f5es pela Internet\u00a0\u00a0\u00a0\u00a0\u00a0\u00a0 05\/10 a 05\/11\/2017<\/p>\n<p>Solicita\u00e7\u00e3o de isen\u00e7\u00e3o do valor da inscri\u00e7\u00e3o\u00a0\u00a0 09\/10 a 13\/10\/2017<\/p>\n<p>Divulga\u00e7\u00e3o das isen\u00e7\u00f5es deferidas e indeferidas\u00a0\u00a0\u00a0\u00a0\u00a0 25\/10\/2017<\/p>\n<p>Recurso contra o indeferimento da isen\u00e7\u00e3o\u00a0\u00a0\u00a0\u00a0 26\/10 e 27\/10\/2017<\/p>\n<p>Resultado do recurso contra o indeferimento da isen\u00e7\u00e3o\u00a0\u00a0\u00a0 01\/11\/2017<\/p>\n<p>\u00daltimo dia para pagamento do boleto banc\u00e1rio\u00a0\u00a0\u00a0\u00a0\u00a0\u00a0\u00a0 06\/11\/2017<\/p>\n<p>Divulga\u00e7\u00e3o dos pedidos de atendimento especialdeferidos<\/p>\n<p>Divulga\u00e7\u00e3o dos candidatos que se declararam na condi\u00e7\u00e3o de Pessoa com Defici\u00eancia \u2013PCD<\/p>\n<p>Divulga\u00e7\u00e3o preliminar dasinscri\u00e7\u00f5es<\/p>\n<p>14\/11\/2017<\/p>\n<p>Prazoparainterporrecursoscontraoresultadodospedidosdeatendimento especial e dos candidatos que se declararam na condi\u00e7\u00e3o de Pessoa com Defici\u00eancia \u2013PCD<\/p>\n<p>Recursos contra o resultado das inscri\u00e7\u00f5espreliminares<\/p>\n<p>16\/11 e 17\/11\/2017<\/p>\n<p>Respostas aos recursos contra o resultado dos pedidos de atendimento especial e dos candidatos que se declararam na condi\u00e7\u00e3o de Pessoa com Defici\u00eancia \u2013PCD<\/p>\n<p>Respostasdosrecursoscontraoresultadodasinscri\u00e7\u00f5espreliminares<\/p>\n<p>Divulga\u00e7\u00e3o da homologa\u00e7\u00e3o dasinscri\u00e7\u00f5es<\/p>\n<p>Divulga\u00e7\u00e3o dos locais de realiza\u00e7\u00e3o da ProvaObjetiva<\/p>\n<p>28\/11\/2017<\/p>\n<p>Realiza\u00e7\u00e3o da Prova Objetiva\u00a0\u00a0\u00a0\u00a0 03\/12\/2017<\/p>\n<p>Divulga\u00e7\u00e3o do gabarito da Prova Objetiva (a partir das 16 horas)\u00a0\u00a0\u00a0\u00a0\u00a0\u00a0\u00a0\u00a0\u00a0 04\/12\/2017<\/p>\n<p>Prazo para interpor recursos contra o gabarito da Prova Objetiva 05\/12 a 06\/12\/2017<\/p>\n<p>Divulga\u00e7\u00e3odasrespostasaosrecursoscontraogabaritodaProvaObjetiva<\/p>\n<p>Divulga\u00e7\u00e3o do gabarito oficial final da ProvaObjetiva<\/p>\n<p>Resultado preliminar da ProvaObjetiva<\/p>\n<p>15\/12\/2017<\/p>\n<p>Pedido de revis\u00e3o do resultado preliminar da Prova Objetiva\u00a0\u00a0\u00a0\u00a0\u00a0\u00a0 18\/12 e 19\/12\/2017<\/p>\n<p>Respostas aos pedidos de revis\u00e3o contra o resultado preliminar da Prova Objetiva<\/p>\n<p>Resultado final da ProvaObjetiva<\/p>\n<p>Convoca\u00e7\u00e3o para a Prova deT\u00edtulos<\/p>\n<p>22\/12\/2017<\/p>\n<p>Entrega dos T\u00edtulos 27\/12 e 28\/12\/2017<\/p>\n<p>Resultado preliminar da Prova de T\u00edtulos\u00a0\u00a0\u00a0\u00a0\u00a0\u00a0 17\/01\/2018<\/p>\n<p>Prazo para solicitar revis\u00e3o do resultado preliminar da Prova de T\u00edtulos\u00a0\u00a0\u00a0\u00a0\u00a0\u00a0\u00a0\u00a0\u00a0 18\/01 e 19\/01\/2018<\/p>\n<p>Divulga\u00e7\u00e3o das respostas aos pedidos de revis\u00e3o do resultado preliminar da Prova deT\u00edtulos<\/p>\n<p>Divulga\u00e7\u00e3o do resultado final da Prova deT\u00edtulos<\/p>\n<p>Resultado final do Certame<\/p>\n<p><em><strong>\u00a0Cariri em Destaque<\/strong><\/em><\/p>\n<p>Com Secom<\/p>\n","protected":false},"excerpt":{"rendered":"<p>As inscri\u00e7\u00f5es do concurso p\u00fablico para o cargo de Professor de Educa\u00e7\u00e3o B\u00e1sica 3 da Rede Estadual de Ensino ficam abertas at\u00e9 o dia 5 de novembro. O Governo do Estado est\u00e1 oferecendo 1.000 vagas distribu\u00eddas nas 14 Ger\u00eancias Regionais de Educa\u00e7\u00e3o (GREs). Os interessados devem se inscrever exclusivamente pela internet, por meio do site www.ibade.org.br. As provas objetivas ser\u00e3o realizadas no dia 3 de dezembro e o resultado final ser\u00e1 divulgado no dia 26 de janeiro de 2018, ap\u00f3s interposi\u00e7\u00f5es de recursos. Este \u00e9 o terceiro concurso para professor realizado durante esta gest\u00e3o, somando 4 mil e 40 vagas para a categoria. O primeiro aconteceu em 2011, com a oferta de 1.040 vagas, j\u00e1 o segundo concurso foi realizado em 2012, disponibilizando 2 mil vagas. Todos os candidatos aprovados nos concursos anteriores foram convocados e nomeados, demonstrando e refor\u00e7ando o compromisso do Governo do Estado na estrutura\u00e7\u00e3o do quadro de pessoal de docentes da rede estadual de ensino da Para\u00edba e promovendo a valoriza\u00e7\u00e3o dos profissionais da educa\u00e7\u00e3o na Para\u00edba. Regras\u00a0\u2013 De acordo com o edital, os candidatos n\u00e3o podem se inscrever para diversas disciplinas, pois a prova ser\u00e1 realizada em um \u00fanico turno. Embora as inscri\u00e7\u00f5es sejam feitas pela internet, o Ibade est\u00e1 disponibilizando um posto de atendimento no Liceu Paraibano (apenas na Capital), para orientar candidatos sobre o processo e disponibilizando computador e internet para realiza\u00e7\u00e3o de inscri\u00e7\u00e3o, al\u00e9m de auxilio t\u00e9cnico aos candidatos por meio do seu portal eletr\u00f4nico ou pelo telefone (21) 3674-9190. As inscri\u00e7\u00f5es custam R$ 82,00. As 1.000 vagas foram distribu\u00eddas para 12 disciplinas: L\u00edngua Portuguesa, Matem\u00e1tica, Geografia, Hist\u00f3ria, Biologia, Qu\u00edmica, F\u00edsica, L\u00edngua Inglesa, Educa\u00e7\u00e3o F\u00edsica, Sociologia, Filosofia e Artes. Os aprovados poder\u00e3o atuar no Ensino Fundamental (Anos Finais) e Ensino M\u00e9dio. Disciplinas\u00a0\u00a0\u00a0\u00a0 Total De Vagas\u00a0\u00a0\u00a0\u00a0 Pr\u00e9-Requisitos Artes\u00a0\u00a0\u00a0 20\u00a0\u00a0\u00a0\u00a0\u00a0 Licenciatura Plena Em Arte Ou Educa\u00e7\u00e3o Art\u00edstica Biologia\u00a0\u00a0\u00a0\u00a0\u00a0\u00a0\u00a0\u00a0 100\u00a0\u00a0\u00a0 Licenciatura Plena Em Ci\u00eancias Biol\u00f3gicas * Educa\u00e7\u00e3o F\u00edsica\u00a0\u00a0\u00a0\u00a0\u00a0\u00a0 40\u00a0\u00a0\u00a0\u00a0\u00a0 Licenciatura Plena Em Educa\u00e7\u00e3o F\u00edsica e Registro no Conselho de Classe Espec\u00edfico F\u00edsica\u00a0\u00a0 60\u00a0\u00a0\u00a0\u00a0\u00a0 Licenciatura Plena Em F\u00edsica* Geografia\u00a0\u00a0\u00a0\u00a0\u00a0 100\u00a0\u00a0\u00a0 Licenciatura Plena Em Geografia Hist\u00f3ria\u00a0\u00a0\u00a0\u00a0\u00a0\u00a0\u00a0\u00a0 100\u00a0\u00a0\u00a0 Licenciatura Plena Em Hist\u00f3ria L\u00edngua Inglesa\u00a0\u00a0\u00a0\u00a0\u00a0\u00a0\u00a0 40\u00a0\u00a0\u00a0\u00a0\u00a0 Licenciatura Plena Em Letras \u2013 Habilita\u00e7\u00e3o Em L\u00edngua Inglesa L\u00edngua Portuguesa\u00a0 200\u00a0\u00a0\u00a0 Licenciatura Plena Em Letras \u2013 Habilita\u00e7\u00e3o Em L\u00edngua Portuguesa Matem\u00e1tica\u00a0\u00a0\u00a0 200\u00a0\u00a0\u00a0 Licenciatura Plena Em Matem\u00e1tica* Sociologia\u00a0\u00a0\u00a0\u00a0 20\u00a0\u00a0\u00a0\u00a0\u00a0 Licenciatura Plena Em Sociologia Filosofia\u00a0\u00a0\u00a0\u00a0\u00a0\u00a0\u00a0 20\u00a0\u00a0\u00a0\u00a0\u00a0 Licenciatura Plena Em Filosofia Qu\u00edmica\u00a0\u00a0\u00a0\u00a0\u00a0\u00a0\u00a0\u00a0 100\u00a0\u00a0\u00a0 Licenciatura Plena Em Qu\u00edmica Provas objetivas\u00a0\u2013 As provas dever\u00e3o ser realizadas nos munic\u00edpios sede de Cada Ger\u00eancia Regional de Educa\u00e7\u00e3o (1\u00aa GRE \u2013 Jo\u00e3o Pessoa\/PB; 2\u00aa GRE \u2013 Guarabira\/PB; 3\u00aa GRE \u2013 Campina Grande; 4\u00aa GRE \u2013 Cuit\u00e9\/PB; 5\u00aa GRE \u2013 Monteiro\/PB; 6\u00aa GRE \u2013 Patos\/PB; 7\u00aa GRE \u2013 Itaporanga\/PB; 8\u00aa GRE \u2013 Catol\u00e9 do Rocha\/PB; 9\u00aa GRE \u2013 Cajazeiras\/PB; 10\u00aa GRE \u2013 Sousa; 11\u00aa GRE \u2013 Princesa Isabel\/PB; 12\u00aa GRE \u2013 Itabaiana\/PB; 13\u00aa GRE \u2013 Pombal\/PB; 14\u00aa GRE \u2013 Mamanguape\/PB. De acordo com o edital, caso o quantitativo de candidatos inscritos seja superior ao do quantitativo de lugares para alocar dentro do munic\u00edpio sede de cada Ger\u00eancia Regional de Educa\u00e7\u00e3o, as provas poder\u00e3o ser realizadas em outros munic\u00edpios, considerando o grupo de munic\u00edpios que comp\u00f5em cada Ger\u00eancia Regional de Educa\u00e7\u00e3o. Tempo de prova\u00a0\u2013 A dura\u00e7\u00e3o de aplica\u00e7\u00e3o da prova ser\u00e1 de 3 horas e 30 minutos. Cada quest\u00e3o ter\u00e1 cinco alternativas, sendo apenas uma correta. A prova ser\u00e1 constitu\u00edda por 50 quest\u00f5es, sendo 10 de L\u00edngua Portuguesa, 10 de Legisla\u00e7\u00e3o B\u00e1sica em educa\u00e7\u00e3o, 10 de Conhecimentos pedag\u00f3gicos e 20 de Conhecimentos espec\u00edficos. O concurso ter\u00e1 validade de seis meses, podendo ser prorrogado por igual per\u00edodo, ficando a crit\u00e9rio da Administra\u00e7\u00e3o Estadual. Mais informa\u00e7\u00f5es est\u00e3o disponibilizadas no site do Ibade (www.ibade.org.br) e no portal do Governo do Estado da Para\u00edba (www.paraiba.pb.gov.br) Confira o calend\u00e1rio do concurso: EVENTOS\u00a0\u00a0\u00a0 DATAS PREVISTAS Per\u00edodo de inscri\u00e7\u00f5es pela Internet\u00a0\u00a0\u00a0\u00a0\u00a0\u00a0 05\/10 a 05\/11\/2017 Solicita\u00e7\u00e3o de isen\u00e7\u00e3o do valor da inscri\u00e7\u00e3o\u00a0\u00a0 09\/10 a 13\/10\/2017 Divulga\u00e7\u00e3o das isen\u00e7\u00f5es deferidas e indeferidas\u00a0\u00a0\u00a0\u00a0\u00a0 25\/10\/2017 Recurso contra o indeferimento da isen\u00e7\u00e3o\u00a0\u00a0\u00a0\u00a0 26\/10 e 27\/10\/2017 Resultado do recurso contra o indeferimento da isen\u00e7\u00e3o\u00a0\u00a0\u00a0 01\/11\/2017 \u00daltimo dia para pagamento do boleto banc\u00e1rio\u00a0\u00a0\u00a0\u00a0\u00a0\u00a0\u00a0 06\/11\/2017 Divulga\u00e7\u00e3o dos pedidos de atendimento especialdeferidos Divulga\u00e7\u00e3o dos candidatos que se declararam na condi\u00e7\u00e3o de Pessoa com Defici\u00eancia \u2013PCD Divulga\u00e7\u00e3o preliminar dasinscri\u00e7\u00f5es 14\/11\/2017 Prazoparainterporrecursoscontraoresultadodospedidosdeatendimento especial e dos candidatos que se declararam na condi\u00e7\u00e3o de Pessoa com Defici\u00eancia \u2013PCD Recursos contra o resultado das inscri\u00e7\u00f5espreliminares 16\/11 e 17\/11\/2017 Respostas aos recursos contra o resultado dos pedidos de atendimento especial e dos candidatos que se declararam na condi\u00e7\u00e3o de Pessoa com Defici\u00eancia \u2013PCD Respostasdosrecursoscontraoresultadodasinscri\u00e7\u00f5espreliminares Divulga\u00e7\u00e3o da homologa\u00e7\u00e3o dasinscri\u00e7\u00f5es Divulga\u00e7\u00e3o dos locais de realiza\u00e7\u00e3o da ProvaObjetiva 28\/11\/2017 Realiza\u00e7\u00e3o da Prova Objetiva\u00a0\u00a0\u00a0\u00a0 03\/12\/2017 Divulga\u00e7\u00e3o do gabarito da Prova Objetiva (a partir das 16 horas)\u00a0\u00a0\u00a0\u00a0\u00a0\u00a0\u00a0\u00a0\u00a0 04\/12\/2017 Prazo para interpor recursos contra o gabarito da Prova Objetiva 05\/12 a 06\/12\/2017 Divulga\u00e7\u00e3odasrespostasaosrecursoscontraogabaritodaProvaObjetiva Divulga\u00e7\u00e3o do gabarito oficial final da ProvaObjetiva Resultado preliminar da ProvaObjetiva 15\/12\/2017 Pedido de revis\u00e3o do resultado preliminar da Prova Objetiva\u00a0\u00a0\u00a0\u00a0\u00a0\u00a0 18\/12 e 19\/12\/2017 Respostas aos pedidos de revis\u00e3o contra o resultado preliminar da Prova Objetiva Resultado final da ProvaObjetiva Convoca\u00e7\u00e3o para a Prova deT\u00edtulos 22\/12\/2017 Entrega dos T\u00edtulos 27\/12 e 28\/12\/2017 Resultado preliminar da Prova de T\u00edtulos\u00a0\u00a0\u00a0\u00a0\u00a0\u00a0 17\/01\/2018 Prazo para solicitar revis\u00e3o do resultado preliminar da Prova de T\u00edtulos\u00a0\u00a0\u00a0\u00a0\u00a0\u00a0\u00a0\u00a0\u00a0 18\/01 e 19\/01\/2018 Divulga\u00e7\u00e3o das respostas aos pedidos de revis\u00e3o do resultado preliminar da Prova deT\u00edtulos Divulga\u00e7\u00e3o do resultado final da Prova deT\u00edtulos Resultado final do Certame \u00a0Cariri em Destaque Com Secom<\/p>\n","protected":false},"author":2,"featured_media":5257,"comment_status":"closed","ping_status":"open","sticky":false,"template":"","format":"standard","meta":{"_eb_attr":"","_jetpack_memberships_contains_paid_content":false,"footnotes":""},"categories":[6],"tags":[],"class_list":["post-5256","post","type-post","status-publish","format-standard","has-post-thumbnail","hentry","category-educacao"],"yoast_head":"<!-- This site is optimized with the Yoast SEO plugin v26.5 - https:\/\/yoast.com\/wordpress\/plugins\/seo\/ -->\n<title>Inscri\u00e7\u00f5es do Concurso P\u00fablico para professor da Rede Estadual v\u00e3o at\u00e9 dia 05 - Not&iacute;cias em Destaque<\/title>\n<meta name=\"robots\" content=\"index, follow, max-snippet:-1, max-image-preview:large, max-video-preview:-1\" \/>\n<link rel=\"canonical\" href=\"https:\/\/noticiasemdestaque.com\/cd\/?p=5256\" \/>\n<meta property=\"og:locale\" content=\"pt_BR\" \/>\n<meta property=\"og:type\" content=\"article\" \/>\n<meta property=\"og:title\" content=\"Inscri\u00e7\u00f5es do Concurso P\u00fablico para professor da Rede Estadual v\u00e3o at\u00e9 dia 05 - Not&iacute;cias em Destaque\" \/>\n<meta property=\"og:description\" content=\"As inscri\u00e7\u00f5es do concurso p\u00fablico para o cargo de Professor de Educa\u00e7\u00e3o B\u00e1sica 3 da Rede Estadual de Ensino ficam abertas at\u00e9 o dia 5 de novembro. O Governo do Estado est\u00e1 oferecendo 1.000 vagas distribu\u00eddas nas 14 Ger\u00eancias Regionais de Educa\u00e7\u00e3o (GREs). Os interessados devem se inscrever exclusivamente pela internet, por meio do site www.ibade.org.br. As provas objetivas ser\u00e3o realizadas no dia 3 de dezembro e o resultado final ser\u00e1 divulgado no dia 26 de janeiro de 2018, ap\u00f3s interposi\u00e7\u00f5es de recursos. Este \u00e9 o terceiro concurso para professor realizado durante esta gest\u00e3o, somando 4 mil e 40 vagas para a categoria. O primeiro aconteceu em 2011, com a oferta de 1.040 vagas, j\u00e1 o segundo concurso foi realizado em 2012, disponibilizando 2 mil vagas. Todos os candidatos aprovados nos concursos anteriores foram convocados e nomeados, demonstrando e refor\u00e7ando o compromisso do Governo do Estado na estrutura\u00e7\u00e3o do quadro de pessoal de docentes da rede estadual de ensino da Para\u00edba e promovendo a valoriza\u00e7\u00e3o dos profissionais da educa\u00e7\u00e3o na Para\u00edba. Regras\u00a0\u2013 De acordo com o edital, os candidatos n\u00e3o podem se inscrever para diversas disciplinas, pois a prova ser\u00e1 realizada em um \u00fanico turno. Embora as inscri\u00e7\u00f5es sejam feitas pela internet, o Ibade est\u00e1 disponibilizando um posto de atendimento no Liceu Paraibano (apenas na Capital), para orientar candidatos sobre o processo e disponibilizando computador e internet para realiza\u00e7\u00e3o de inscri\u00e7\u00e3o, al\u00e9m de auxilio t\u00e9cnico aos candidatos por meio do seu portal eletr\u00f4nico ou pelo telefone (21) 3674-9190. As inscri\u00e7\u00f5es custam R$ 82,00. As 1.000 vagas foram distribu\u00eddas para 12 disciplinas: L\u00edngua Portuguesa, Matem\u00e1tica, Geografia, Hist\u00f3ria, Biologia, Qu\u00edmica, F\u00edsica, L\u00edngua Inglesa, Educa\u00e7\u00e3o F\u00edsica, Sociologia, Filosofia e Artes. Os aprovados poder\u00e3o atuar no Ensino Fundamental (Anos Finais) e Ensino M\u00e9dio. Disciplinas\u00a0\u00a0\u00a0\u00a0 Total De Vagas\u00a0\u00a0\u00a0\u00a0 Pr\u00e9-Requisitos Artes\u00a0\u00a0\u00a0 20\u00a0\u00a0\u00a0\u00a0\u00a0 Licenciatura Plena Em Arte Ou Educa\u00e7\u00e3o Art\u00edstica Biologia\u00a0\u00a0\u00a0\u00a0\u00a0\u00a0\u00a0\u00a0 100\u00a0\u00a0\u00a0 Licenciatura Plena Em Ci\u00eancias Biol\u00f3gicas * Educa\u00e7\u00e3o F\u00edsica\u00a0\u00a0\u00a0\u00a0\u00a0\u00a0 40\u00a0\u00a0\u00a0\u00a0\u00a0 Licenciatura Plena Em Educa\u00e7\u00e3o F\u00edsica e Registro no Conselho de Classe Espec\u00edfico F\u00edsica\u00a0\u00a0 60\u00a0\u00a0\u00a0\u00a0\u00a0 Licenciatura Plena Em F\u00edsica* Geografia\u00a0\u00a0\u00a0\u00a0\u00a0 100\u00a0\u00a0\u00a0 Licenciatura Plena Em Geografia Hist\u00f3ria\u00a0\u00a0\u00a0\u00a0\u00a0\u00a0\u00a0\u00a0 100\u00a0\u00a0\u00a0 Licenciatura Plena Em Hist\u00f3ria L\u00edngua Inglesa\u00a0\u00a0\u00a0\u00a0\u00a0\u00a0\u00a0 40\u00a0\u00a0\u00a0\u00a0\u00a0 Licenciatura Plena Em Letras \u2013 Habilita\u00e7\u00e3o Em L\u00edngua Inglesa L\u00edngua Portuguesa\u00a0 200\u00a0\u00a0\u00a0 Licenciatura Plena Em Letras \u2013 Habilita\u00e7\u00e3o Em L\u00edngua Portuguesa Matem\u00e1tica\u00a0\u00a0\u00a0 200\u00a0\u00a0\u00a0 Licenciatura Plena Em Matem\u00e1tica* Sociologia\u00a0\u00a0\u00a0\u00a0 20\u00a0\u00a0\u00a0\u00a0\u00a0 Licenciatura Plena Em Sociologia Filosofia\u00a0\u00a0\u00a0\u00a0\u00a0\u00a0\u00a0 20\u00a0\u00a0\u00a0\u00a0\u00a0 Licenciatura Plena Em Filosofia Qu\u00edmica\u00a0\u00a0\u00a0\u00a0\u00a0\u00a0\u00a0\u00a0 100\u00a0\u00a0\u00a0 Licenciatura Plena Em Qu\u00edmica Provas objetivas\u00a0\u2013 As provas dever\u00e3o ser realizadas nos munic\u00edpios sede de Cada Ger\u00eancia Regional de Educa\u00e7\u00e3o (1\u00aa GRE \u2013 Jo\u00e3o Pessoa\/PB; 2\u00aa GRE \u2013 Guarabira\/PB; 3\u00aa GRE \u2013 Campina Grande; 4\u00aa GRE \u2013 Cuit\u00e9\/PB; 5\u00aa GRE \u2013 Monteiro\/PB; 6\u00aa GRE \u2013 Patos\/PB; 7\u00aa GRE \u2013 Itaporanga\/PB; 8\u00aa GRE \u2013 Catol\u00e9 do Rocha\/PB; 9\u00aa GRE \u2013 Cajazeiras\/PB; 10\u00aa GRE \u2013 Sousa; 11\u00aa GRE \u2013 Princesa Isabel\/PB; 12\u00aa GRE \u2013 Itabaiana\/PB; 13\u00aa GRE \u2013 Pombal\/PB; 14\u00aa GRE \u2013 Mamanguape\/PB. De acordo com o edital, caso o quantitativo de candidatos inscritos seja superior ao do quantitativo de lugares para alocar dentro do munic\u00edpio sede de cada Ger\u00eancia Regional de Educa\u00e7\u00e3o, as provas poder\u00e3o ser realizadas em outros munic\u00edpios, considerando o grupo de munic\u00edpios que comp\u00f5em cada Ger\u00eancia Regional de Educa\u00e7\u00e3o. Tempo de prova\u00a0\u2013 A dura\u00e7\u00e3o de aplica\u00e7\u00e3o da prova ser\u00e1 de 3 horas e 30 minutos. Cada quest\u00e3o ter\u00e1 cinco alternativas, sendo apenas uma correta. A prova ser\u00e1 constitu\u00edda por 50 quest\u00f5es, sendo 10 de L\u00edngua Portuguesa, 10 de Legisla\u00e7\u00e3o B\u00e1sica em educa\u00e7\u00e3o, 10 de Conhecimentos pedag\u00f3gicos e 20 de Conhecimentos espec\u00edficos. O concurso ter\u00e1 validade de seis meses, podendo ser prorrogado por igual per\u00edodo, ficando a crit\u00e9rio da Administra\u00e7\u00e3o Estadual. Mais informa\u00e7\u00f5es est\u00e3o disponibilizadas no site do Ibade (www.ibade.org.br) e no portal do Governo do Estado da Para\u00edba (www.paraiba.pb.gov.br) Confira o calend\u00e1rio do concurso: EVENTOS\u00a0\u00a0\u00a0 DATAS PREVISTAS Per\u00edodo de inscri\u00e7\u00f5es pela Internet\u00a0\u00a0\u00a0\u00a0\u00a0\u00a0 05\/10 a 05\/11\/2017 Solicita\u00e7\u00e3o de isen\u00e7\u00e3o do valor da inscri\u00e7\u00e3o\u00a0\u00a0 09\/10 a 13\/10\/2017 Divulga\u00e7\u00e3o das isen\u00e7\u00f5es deferidas e indeferidas\u00a0\u00a0\u00a0\u00a0\u00a0 25\/10\/2017 Recurso contra o indeferimento da isen\u00e7\u00e3o\u00a0\u00a0\u00a0\u00a0 26\/10 e 27\/10\/2017 Resultado do recurso contra o indeferimento da isen\u00e7\u00e3o\u00a0\u00a0\u00a0 01\/11\/2017 \u00daltimo dia para pagamento do boleto banc\u00e1rio\u00a0\u00a0\u00a0\u00a0\u00a0\u00a0\u00a0 06\/11\/2017 Divulga\u00e7\u00e3o dos pedidos de atendimento especialdeferidos Divulga\u00e7\u00e3o dos candidatos que se declararam na condi\u00e7\u00e3o de Pessoa com Defici\u00eancia \u2013PCD Divulga\u00e7\u00e3o preliminar dasinscri\u00e7\u00f5es 14\/11\/2017 Prazoparainterporrecursoscontraoresultadodospedidosdeatendimento especial e dos candidatos que se declararam na condi\u00e7\u00e3o de Pessoa com Defici\u00eancia \u2013PCD Recursos contra o resultado das inscri\u00e7\u00f5espreliminares 16\/11 e 17\/11\/2017 Respostas aos recursos contra o resultado dos pedidos de atendimento especial e dos candidatos que se declararam na condi\u00e7\u00e3o de Pessoa com Defici\u00eancia \u2013PCD Respostasdosrecursoscontraoresultadodasinscri\u00e7\u00f5espreliminares Divulga\u00e7\u00e3o da homologa\u00e7\u00e3o dasinscri\u00e7\u00f5es Divulga\u00e7\u00e3o dos locais de realiza\u00e7\u00e3o da ProvaObjetiva 28\/11\/2017 Realiza\u00e7\u00e3o da Prova Objetiva\u00a0\u00a0\u00a0\u00a0 03\/12\/2017 Divulga\u00e7\u00e3o do gabarito da Prova Objetiva (a partir das 16 horas)\u00a0\u00a0\u00a0\u00a0\u00a0\u00a0\u00a0\u00a0\u00a0 04\/12\/2017 Prazo para interpor recursos contra o gabarito da Prova Objetiva 05\/12 a 06\/12\/2017 Divulga\u00e7\u00e3odasrespostasaosrecursoscontraogabaritodaProvaObjetiva Divulga\u00e7\u00e3o do gabarito oficial final da ProvaObjetiva Resultado preliminar da ProvaObjetiva 15\/12\/2017 Pedido de revis\u00e3o do resultado preliminar da Prova Objetiva\u00a0\u00a0\u00a0\u00a0\u00a0\u00a0 18\/12 e 19\/12\/2017 Respostas aos pedidos de revis\u00e3o contra o resultado preliminar da Prova Objetiva Resultado final da ProvaObjetiva Convoca\u00e7\u00e3o para a Prova deT\u00edtulos 22\/12\/2017 Entrega dos T\u00edtulos 27\/12 e 28\/12\/2017 Resultado preliminar da Prova de T\u00edtulos\u00a0\u00a0\u00a0\u00a0\u00a0\u00a0 17\/01\/2018 Prazo para solicitar revis\u00e3o do resultado preliminar da Prova de T\u00edtulos\u00a0\u00a0\u00a0\u00a0\u00a0\u00a0\u00a0\u00a0\u00a0 18\/01 e 19\/01\/2018 Divulga\u00e7\u00e3o das respostas aos pedidos de revis\u00e3o do resultado preliminar da Prova deT\u00edtulos Divulga\u00e7\u00e3o do resultado final da Prova deT\u00edtulos Resultado final do Certame \u00a0Cariri em Destaque Com Secom\" \/>\n<meta property=\"og:url\" content=\"https:\/\/noticiasemdestaque.com\/cd\/?p=5256\" \/>\n<meta property=\"og:site_name\" content=\"Not&iacute;cias em Destaque\" \/>\n<meta property=\"article:published_time\" content=\"2017-10-18T16:37:44+00:00\" \/>\n<meta property=\"og:image\" content=\"https:\/\/noticiasemdestaque.com\/cd\/wp-content\/uploads\/2017\/10\/Concursos-RN_01.jpg\" \/>\n\t<meta property=\"og:image:width\" content=\"2692\" \/>\n\t<meta property=\"og:image:height\" content=\"1435\" \/>\n\t<meta property=\"og:image:type\" content=\"image\/jpeg\" \/>\n<meta name=\"author\" content=\"Not\u00edcias em Destaque\" \/>\n<meta name=\"twitter:card\" content=\"summary_large_image\" \/>\n<meta name=\"twitter:label1\" content=\"Escrito por\" \/>\n\t<meta name=\"twitter:data1\" content=\"Not\u00edcias em Destaque\" \/>\n\t<meta name=\"twitter:label2\" content=\"Est. tempo de leitura\" \/>\n\t<meta name=\"twitter:data2\" content=\"5 minutos\" \/>\n<script type=\"application\/ld+json\" class=\"yoast-schema-graph\">{\"@context\":\"https:\/\/schema.org\",\"@graph\":[{\"@type\":\"Article\",\"@id\":\"https:\/\/noticiasemdestaque.com\/cd\/?p=5256#article\",\"isPartOf\":{\"@id\":\"https:\/\/noticiasemdestaque.com\/cd\/?p=5256\"},\"author\":{\"name\":\"Not\u00edcias em Destaque\",\"@id\":\"https:\/\/noticiasemdestaque.com\/cd\/#\/schema\/person\/21320b03a7e8bb90128938dafc9b908a\"},\"headline\":\"Inscri\u00e7\u00f5es do Concurso P\u00fablico para professor da Rede Estadual v\u00e3o at\u00e9 dia 05\",\"datePublished\":\"2017-10-18T16:37:44+00:00\",\"mainEntityOfPage\":{\"@id\":\"https:\/\/noticiasemdestaque.com\/cd\/?p=5256\"},\"wordCount\":963,\"publisher\":{\"@id\":\"https:\/\/noticiasemdestaque.com\/cd\/#organization\"},\"image\":{\"@id\":\"https:\/\/noticiasemdestaque.com\/cd\/?p=5256#primaryimage\"},\"thumbnailUrl\":\"https:\/\/noticiasemdestaque.com\/cd\/wp-content\/uploads\/2017\/10\/Concursos-RN_01.jpg\",\"articleSection\":[\"Educa\u00e7\u00e3o\"],\"inLanguage\":\"pt-BR\"},{\"@type\":\"WebPage\",\"@id\":\"https:\/\/noticiasemdestaque.com\/cd\/?p=5256\",\"url\":\"https:\/\/noticiasemdestaque.com\/cd\/?p=5256\",\"name\":\"Inscri\u00e7\u00f5es do Concurso P\u00fablico para professor da Rede Estadual v\u00e3o at\u00e9 dia 05 - Not&iacute;cias em Destaque\",\"isPartOf\":{\"@id\":\"https:\/\/noticiasemdestaque.com\/cd\/#website\"},\"primaryImageOfPage\":{\"@id\":\"https:\/\/noticiasemdestaque.com\/cd\/?p=5256#primaryimage\"},\"image\":{\"@id\":\"https:\/\/noticiasemdestaque.com\/cd\/?p=5256#primaryimage\"},\"thumbnailUrl\":\"https:\/\/noticiasemdestaque.com\/cd\/wp-content\/uploads\/2017\/10\/Concursos-RN_01.jpg\",\"datePublished\":\"2017-10-18T16:37:44+00:00\",\"breadcrumb\":{\"@id\":\"https:\/\/noticiasemdestaque.com\/cd\/?p=5256#breadcrumb\"},\"inLanguage\":\"pt-BR\",\"potentialAction\":[{\"@type\":\"ReadAction\",\"target\":[\"https:\/\/noticiasemdestaque.com\/cd\/?p=5256\"]}]},{\"@type\":\"ImageObject\",\"inLanguage\":\"pt-BR\",\"@id\":\"https:\/\/noticiasemdestaque.com\/cd\/?p=5256#primaryimage\",\"url\":\"https:\/\/noticiasemdestaque.com\/cd\/wp-content\/uploads\/2017\/10\/Concursos-RN_01.jpg\",\"contentUrl\":\"https:\/\/noticiasemdestaque.com\/cd\/wp-content\/uploads\/2017\/10\/Concursos-RN_01.jpg\",\"width\":2692,\"height\":1435},{\"@type\":\"BreadcrumbList\",\"@id\":\"https:\/\/noticiasemdestaque.com\/cd\/?p=5256#breadcrumb\",\"itemListElement\":[{\"@type\":\"ListItem\",\"position\":1,\"name\":\"In\u00edcio\",\"item\":\"https:\/\/noticiasemdestaque.com\/cd\/\"},{\"@type\":\"ListItem\",\"position\":2,\"name\":\"Inscri\u00e7\u00f5es do Concurso P\u00fablico para professor da Rede Estadual v\u00e3o at\u00e9 dia 05\"}]},{\"@type\":\"WebSite\",\"@id\":\"https:\/\/noticiasemdestaque.com\/cd\/#website\",\"url\":\"https:\/\/noticiasemdestaque.com\/cd\/\",\"name\":\"Not&iacute;cias em Destaque\",\"description\":\"\",\"publisher\":{\"@id\":\"https:\/\/noticiasemdestaque.com\/cd\/#organization\"},\"potentialAction\":[{\"@type\":\"SearchAction\",\"target\":{\"@type\":\"EntryPoint\",\"urlTemplate\":\"https:\/\/noticiasemdestaque.com\/cd\/?s={search_term_string}\"},\"query-input\":{\"@type\":\"PropertyValueSpecification\",\"valueRequired\":true,\"valueName\":\"search_term_string\"}}],\"inLanguage\":\"pt-BR\"},{\"@type\":\"Organization\",\"@id\":\"https:\/\/noticiasemdestaque.com\/cd\/#organization\",\"name\":\"Not\u00edcias em Destaque\",\"url\":\"https:\/\/noticiasemdestaque.com\/cd\/\",\"logo\":{\"@type\":\"ImageObject\",\"inLanguage\":\"pt-BR\",\"@id\":\"https:\/\/noticiasemdestaque.com\/cd\/#\/schema\/logo\/image\/\",\"url\":\"https:\/\/noticiasemdestaque.com\/cd\/wp-content\/uploads\/2022\/05\/imagem-base-noticiasemdestaque.png\",\"contentUrl\":\"https:\/\/noticiasemdestaque.com\/cd\/wp-content\/uploads\/2022\/05\/imagem-base-noticiasemdestaque.png\",\"width\":1200,\"height\":630,\"caption\":\"Not\u00edcias em Destaque\"},\"image\":{\"@id\":\"https:\/\/noticiasemdestaque.com\/cd\/#\/schema\/logo\/image\/\"}},{\"@type\":\"Person\",\"@id\":\"https:\/\/noticiasemdestaque.com\/cd\/#\/schema\/person\/21320b03a7e8bb90128938dafc9b908a\",\"name\":\"Not\u00edcias em Destaque\",\"url\":\"https:\/\/noticiasemdestaque.com\/cd\/?author=2\"}]}<\/script>\n<!-- \/ Yoast SEO plugin. -->","yoast_head_json":{"title":"Inscri\u00e7\u00f5es do Concurso P\u00fablico para professor da Rede Estadual v\u00e3o at\u00e9 dia 05 - Not&iacute;cias em Destaque","robots":{"index":"index","follow":"follow","max-snippet":"max-snippet:-1","max-image-preview":"max-image-preview:large","max-video-preview":"max-video-preview:-1"},"canonical":"https:\/\/noticiasemdestaque.com\/cd\/?p=5256","og_locale":"pt_BR","og_type":"article","og_title":"Inscri\u00e7\u00f5es do Concurso P\u00fablico para professor da Rede Estadual v\u00e3o at\u00e9 dia 05 - Not&iacute;cias em Destaque","og_description":"As inscri\u00e7\u00f5es do concurso p\u00fablico para o cargo de Professor de Educa\u00e7\u00e3o B\u00e1sica 3 da Rede Estadual de Ensino ficam abertas at\u00e9 o dia 5 de novembro. O Governo do Estado est\u00e1 oferecendo 1.000 vagas distribu\u00eddas nas 14 Ger\u00eancias Regionais de Educa\u00e7\u00e3o (GREs). Os interessados devem se inscrever exclusivamente pela internet, por meio do site www.ibade.org.br. As provas objetivas ser\u00e3o realizadas no dia 3 de dezembro e o resultado final ser\u00e1 divulgado no dia 26 de janeiro de 2018, ap\u00f3s interposi\u00e7\u00f5es de recursos. Este \u00e9 o terceiro concurso para professor realizado durante esta gest\u00e3o, somando 4 mil e 40 vagas para a categoria. O primeiro aconteceu em 2011, com a oferta de 1.040 vagas, j\u00e1 o segundo concurso foi realizado em 2012, disponibilizando 2 mil vagas. Todos os candidatos aprovados nos concursos anteriores foram convocados e nomeados, demonstrando e refor\u00e7ando o compromisso do Governo do Estado na estrutura\u00e7\u00e3o do quadro de pessoal de docentes da rede estadual de ensino da Para\u00edba e promovendo a valoriza\u00e7\u00e3o dos profissionais da educa\u00e7\u00e3o na Para\u00edba. Regras\u00a0\u2013 De acordo com o edital, os candidatos n\u00e3o podem se inscrever para diversas disciplinas, pois a prova ser\u00e1 realizada em um \u00fanico turno. Embora as inscri\u00e7\u00f5es sejam feitas pela internet, o Ibade est\u00e1 disponibilizando um posto de atendimento no Liceu Paraibano (apenas na Capital), para orientar candidatos sobre o processo e disponibilizando computador e internet para realiza\u00e7\u00e3o de inscri\u00e7\u00e3o, al\u00e9m de auxilio t\u00e9cnico aos candidatos por meio do seu portal eletr\u00f4nico ou pelo telefone (21) 3674-9190. As inscri\u00e7\u00f5es custam R$ 82,00. As 1.000 vagas foram distribu\u00eddas para 12 disciplinas: L\u00edngua Portuguesa, Matem\u00e1tica, Geografia, Hist\u00f3ria, Biologia, Qu\u00edmica, F\u00edsica, L\u00edngua Inglesa, Educa\u00e7\u00e3o F\u00edsica, Sociologia, Filosofia e Artes. Os aprovados poder\u00e3o atuar no Ensino Fundamental (Anos Finais) e Ensino M\u00e9dio. Disciplinas\u00a0\u00a0\u00a0\u00a0 Total De Vagas\u00a0\u00a0\u00a0\u00a0 Pr\u00e9-Requisitos Artes\u00a0\u00a0\u00a0 20\u00a0\u00a0\u00a0\u00a0\u00a0 Licenciatura Plena Em Arte Ou Educa\u00e7\u00e3o Art\u00edstica Biologia\u00a0\u00a0\u00a0\u00a0\u00a0\u00a0\u00a0\u00a0 100\u00a0\u00a0\u00a0 Licenciatura Plena Em Ci\u00eancias Biol\u00f3gicas * Educa\u00e7\u00e3o F\u00edsica\u00a0\u00a0\u00a0\u00a0\u00a0\u00a0 40\u00a0\u00a0\u00a0\u00a0\u00a0 Licenciatura Plena Em Educa\u00e7\u00e3o F\u00edsica e Registro no Conselho de Classe Espec\u00edfico F\u00edsica\u00a0\u00a0 60\u00a0\u00a0\u00a0\u00a0\u00a0 Licenciatura Plena Em F\u00edsica* Geografia\u00a0\u00a0\u00a0\u00a0\u00a0 100\u00a0\u00a0\u00a0 Licenciatura Plena Em Geografia Hist\u00f3ria\u00a0\u00a0\u00a0\u00a0\u00a0\u00a0\u00a0\u00a0 100\u00a0\u00a0\u00a0 Licenciatura Plena Em Hist\u00f3ria L\u00edngua Inglesa\u00a0\u00a0\u00a0\u00a0\u00a0\u00a0\u00a0 40\u00a0\u00a0\u00a0\u00a0\u00a0 Licenciatura Plena Em Letras \u2013 Habilita\u00e7\u00e3o Em L\u00edngua Inglesa L\u00edngua Portuguesa\u00a0 200\u00a0\u00a0\u00a0 Licenciatura Plena Em Letras \u2013 Habilita\u00e7\u00e3o Em L\u00edngua Portuguesa Matem\u00e1tica\u00a0\u00a0\u00a0 200\u00a0\u00a0\u00a0 Licenciatura Plena Em Matem\u00e1tica* Sociologia\u00a0\u00a0\u00a0\u00a0 20\u00a0\u00a0\u00a0\u00a0\u00a0 Licenciatura Plena Em Sociologia Filosofia\u00a0\u00a0\u00a0\u00a0\u00a0\u00a0\u00a0 20\u00a0\u00a0\u00a0\u00a0\u00a0 Licenciatura Plena Em Filosofia Qu\u00edmica\u00a0\u00a0\u00a0\u00a0\u00a0\u00a0\u00a0\u00a0 100\u00a0\u00a0\u00a0 Licenciatura Plena Em Qu\u00edmica Provas objetivas\u00a0\u2013 As provas dever\u00e3o ser realizadas nos munic\u00edpios sede de Cada Ger\u00eancia Regional de Educa\u00e7\u00e3o (1\u00aa GRE \u2013 Jo\u00e3o Pessoa\/PB; 2\u00aa GRE \u2013 Guarabira\/PB; 3\u00aa GRE \u2013 Campina Grande; 4\u00aa GRE \u2013 Cuit\u00e9\/PB; 5\u00aa GRE \u2013 Monteiro\/PB; 6\u00aa GRE \u2013 Patos\/PB; 7\u00aa GRE \u2013 Itaporanga\/PB; 8\u00aa GRE \u2013 Catol\u00e9 do Rocha\/PB; 9\u00aa GRE \u2013 Cajazeiras\/PB; 10\u00aa GRE \u2013 Sousa; 11\u00aa GRE \u2013 Princesa Isabel\/PB; 12\u00aa GRE \u2013 Itabaiana\/PB; 13\u00aa GRE \u2013 Pombal\/PB; 14\u00aa GRE \u2013 Mamanguape\/PB. De acordo com o edital, caso o quantitativo de candidatos inscritos seja superior ao do quantitativo de lugares para alocar dentro do munic\u00edpio sede de cada Ger\u00eancia Regional de Educa\u00e7\u00e3o, as provas poder\u00e3o ser realizadas em outros munic\u00edpios, considerando o grupo de munic\u00edpios que comp\u00f5em cada Ger\u00eancia Regional de Educa\u00e7\u00e3o. Tempo de prova\u00a0\u2013 A dura\u00e7\u00e3o de aplica\u00e7\u00e3o da prova ser\u00e1 de 3 horas e 30 minutos. Cada quest\u00e3o ter\u00e1 cinco alternativas, sendo apenas uma correta. A prova ser\u00e1 constitu\u00edda por 50 quest\u00f5es, sendo 10 de L\u00edngua Portuguesa, 10 de Legisla\u00e7\u00e3o B\u00e1sica em educa\u00e7\u00e3o, 10 de Conhecimentos pedag\u00f3gicos e 20 de Conhecimentos espec\u00edficos. O concurso ter\u00e1 validade de seis meses, podendo ser prorrogado por igual per\u00edodo, ficando a crit\u00e9rio da Administra\u00e7\u00e3o Estadual. Mais informa\u00e7\u00f5es est\u00e3o disponibilizadas no site do Ibade (www.ibade.org.br) e no portal do Governo do Estado da Para\u00edba (www.paraiba.pb.gov.br) Confira o calend\u00e1rio do concurso: EVENTOS\u00a0\u00a0\u00a0 DATAS PREVISTAS Per\u00edodo de inscri\u00e7\u00f5es pela Internet\u00a0\u00a0\u00a0\u00a0\u00a0\u00a0 05\/10 a 05\/11\/2017 Solicita\u00e7\u00e3o de isen\u00e7\u00e3o do valor da inscri\u00e7\u00e3o\u00a0\u00a0 09\/10 a 13\/10\/2017 Divulga\u00e7\u00e3o das isen\u00e7\u00f5es deferidas e indeferidas\u00a0\u00a0\u00a0\u00a0\u00a0 25\/10\/2017 Recurso contra o indeferimento da isen\u00e7\u00e3o\u00a0\u00a0\u00a0\u00a0 26\/10 e 27\/10\/2017 Resultado do recurso contra o indeferimento da isen\u00e7\u00e3o\u00a0\u00a0\u00a0 01\/11\/2017 \u00daltimo dia para pagamento do boleto banc\u00e1rio\u00a0\u00a0\u00a0\u00a0\u00a0\u00a0\u00a0 06\/11\/2017 Divulga\u00e7\u00e3o dos pedidos de atendimento especialdeferidos Divulga\u00e7\u00e3o dos candidatos que se declararam na condi\u00e7\u00e3o de Pessoa com Defici\u00eancia \u2013PCD Divulga\u00e7\u00e3o preliminar dasinscri\u00e7\u00f5es 14\/11\/2017 Prazoparainterporrecursoscontraoresultadodospedidosdeatendimento especial e dos candidatos que se declararam na condi\u00e7\u00e3o de Pessoa com Defici\u00eancia \u2013PCD Recursos contra o resultado das inscri\u00e7\u00f5espreliminares 16\/11 e 17\/11\/2017 Respostas aos recursos contra o resultado dos pedidos de atendimento especial e dos candidatos que se declararam na condi\u00e7\u00e3o de Pessoa com Defici\u00eancia \u2013PCD Respostasdosrecursoscontraoresultadodasinscri\u00e7\u00f5espreliminares Divulga\u00e7\u00e3o da homologa\u00e7\u00e3o dasinscri\u00e7\u00f5es Divulga\u00e7\u00e3o dos locais de realiza\u00e7\u00e3o da ProvaObjetiva 28\/11\/2017 Realiza\u00e7\u00e3o da Prova Objetiva\u00a0\u00a0\u00a0\u00a0 03\/12\/2017 Divulga\u00e7\u00e3o do gabarito da Prova Objetiva (a partir das 16 horas)\u00a0\u00a0\u00a0\u00a0\u00a0\u00a0\u00a0\u00a0\u00a0 04\/12\/2017 Prazo para interpor recursos contra o gabarito da Prova Objetiva 05\/12 a 06\/12\/2017 Divulga\u00e7\u00e3odasrespostasaosrecursoscontraogabaritodaProvaObjetiva Divulga\u00e7\u00e3o do gabarito oficial final da ProvaObjetiva Resultado preliminar da ProvaObjetiva 15\/12\/2017 Pedido de revis\u00e3o do resultado preliminar da Prova Objetiva\u00a0\u00a0\u00a0\u00a0\u00a0\u00a0 18\/12 e 19\/12\/2017 Respostas aos pedidos de revis\u00e3o contra o resultado preliminar da Prova Objetiva Resultado final da ProvaObjetiva Convoca\u00e7\u00e3o para a Prova deT\u00edtulos 22\/12\/2017 Entrega dos T\u00edtulos 27\/12 e 28\/12\/2017 Resultado preliminar da Prova de T\u00edtulos\u00a0\u00a0\u00a0\u00a0\u00a0\u00a0 17\/01\/2018 Prazo para solicitar revis\u00e3o do resultado preliminar da Prova de T\u00edtulos\u00a0\u00a0\u00a0\u00a0\u00a0\u00a0\u00a0\u00a0\u00a0 18\/01 e 19\/01\/2018 Divulga\u00e7\u00e3o das respostas aos pedidos de revis\u00e3o do resultado preliminar da Prova deT\u00edtulos Divulga\u00e7\u00e3o do resultado final da Prova deT\u00edtulos Resultado final do Certame \u00a0Cariri em Destaque Com Secom","og_url":"https:\/\/noticiasemdestaque.com\/cd\/?p=5256","og_site_name":"Not&iacute;cias em Destaque","article_published_time":"2017-10-18T16:37:44+00:00","og_image":[{"width":2692,"height":1435,"url":"https:\/\/noticiasemdestaque.com\/cd\/wp-content\/uploads\/2017\/10\/Concursos-RN_01.jpg","type":"image\/jpeg"}],"author":"Not\u00edcias em Destaque","twitter_card":"summary_large_image","twitter_misc":{"Escrito por":"Not\u00edcias em Destaque","Est. tempo de leitura":"5 minutos"},"schema":{"@context":"https:\/\/schema.org","@graph":[{"@type":"Article","@id":"https:\/\/noticiasemdestaque.com\/cd\/?p=5256#article","isPartOf":{"@id":"https:\/\/noticiasemdestaque.com\/cd\/?p=5256"},"author":{"name":"Not\u00edcias em Destaque","@id":"https:\/\/noticiasemdestaque.com\/cd\/#\/schema\/person\/21320b03a7e8bb90128938dafc9b908a"},"headline":"Inscri\u00e7\u00f5es do Concurso P\u00fablico para professor da Rede Estadual v\u00e3o at\u00e9 dia 05","datePublished":"2017-10-18T16:37:44+00:00","mainEntityOfPage":{"@id":"https:\/\/noticiasemdestaque.com\/cd\/?p=5256"},"wordCount":963,"publisher":{"@id":"https:\/\/noticiasemdestaque.com\/cd\/#organization"},"image":{"@id":"https:\/\/noticiasemdestaque.com\/cd\/?p=5256#primaryimage"},"thumbnailUrl":"https:\/\/noticiasemdestaque.com\/cd\/wp-content\/uploads\/2017\/10\/Concursos-RN_01.jpg","articleSection":["Educa\u00e7\u00e3o"],"inLanguage":"pt-BR"},{"@type":"WebPage","@id":"https:\/\/noticiasemdestaque.com\/cd\/?p=5256","url":"https:\/\/noticiasemdestaque.com\/cd\/?p=5256","name":"Inscri\u00e7\u00f5es do Concurso P\u00fablico para professor da Rede Estadual v\u00e3o at\u00e9 dia 05 - Not&iacute;cias em Destaque","isPartOf":{"@id":"https:\/\/noticiasemdestaque.com\/cd\/#website"},"primaryImageOfPage":{"@id":"https:\/\/noticiasemdestaque.com\/cd\/?p=5256#primaryimage"},"image":{"@id":"https:\/\/noticiasemdestaque.com\/cd\/?p=5256#primaryimage"},"thumbnailUrl":"https:\/\/noticiasemdestaque.com\/cd\/wp-content\/uploads\/2017\/10\/Concursos-RN_01.jpg","datePublished":"2017-10-18T16:37:44+00:00","breadcrumb":{"@id":"https:\/\/noticiasemdestaque.com\/cd\/?p=5256#breadcrumb"},"inLanguage":"pt-BR","potentialAction":[{"@type":"ReadAction","target":["https:\/\/noticiasemdestaque.com\/cd\/?p=5256"]}]},{"@type":"ImageObject","inLanguage":"pt-BR","@id":"https:\/\/noticiasemdestaque.com\/cd\/?p=5256#primaryimage","url":"https:\/\/noticiasemdestaque.com\/cd\/wp-content\/uploads\/2017\/10\/Concursos-RN_01.jpg","contentUrl":"https:\/\/noticiasemdestaque.com\/cd\/wp-content\/uploads\/2017\/10\/Concursos-RN_01.jpg","width":2692,"height":1435},{"@type":"BreadcrumbList","@id":"https:\/\/noticiasemdestaque.com\/cd\/?p=5256#breadcrumb","itemListElement":[{"@type":"ListItem","position":1,"name":"In\u00edcio","item":"https:\/\/noticiasemdestaque.com\/cd\/"},{"@type":"ListItem","position":2,"name":"Inscri\u00e7\u00f5es do Concurso P\u00fablico para professor da Rede Estadual v\u00e3o at\u00e9 dia 05"}]},{"@type":"WebSite","@id":"https:\/\/noticiasemdestaque.com\/cd\/#website","url":"https:\/\/noticiasemdestaque.com\/cd\/","name":"Not&iacute;cias em Destaque","description":"","publisher":{"@id":"https:\/\/noticiasemdestaque.com\/cd\/#organization"},"potentialAction":[{"@type":"SearchAction","target":{"@type":"EntryPoint","urlTemplate":"https:\/\/noticiasemdestaque.com\/cd\/?s={search_term_string}"},"query-input":{"@type":"PropertyValueSpecification","valueRequired":true,"valueName":"search_term_string"}}],"inLanguage":"pt-BR"},{"@type":"Organization","@id":"https:\/\/noticiasemdestaque.com\/cd\/#organization","name":"Not\u00edcias em Destaque","url":"https:\/\/noticiasemdestaque.com\/cd\/","logo":{"@type":"ImageObject","inLanguage":"pt-BR","@id":"https:\/\/noticiasemdestaque.com\/cd\/#\/schema\/logo\/image\/","url":"https:\/\/noticiasemdestaque.com\/cd\/wp-content\/uploads\/2022\/05\/imagem-base-noticiasemdestaque.png","contentUrl":"https:\/\/noticiasemdestaque.com\/cd\/wp-content\/uploads\/2022\/05\/imagem-base-noticiasemdestaque.png","width":1200,"height":630,"caption":"Not\u00edcias em Destaque"},"image":{"@id":"https:\/\/noticiasemdestaque.com\/cd\/#\/schema\/logo\/image\/"}},{"@type":"Person","@id":"https:\/\/noticiasemdestaque.com\/cd\/#\/schema\/person\/21320b03a7e8bb90128938dafc9b908a","name":"Not\u00edcias em Destaque","url":"https:\/\/noticiasemdestaque.com\/cd\/?author=2"}]}},"jetpack_featured_media_url":"https:\/\/noticiasemdestaque.com\/cd\/wp-content\/uploads\/2017\/10\/Concursos-RN_01.jpg","jetpack_sharing_enabled":true,"_links":{"self":[{"href":"https:\/\/noticiasemdestaque.com\/cd\/index.php?rest_route=\/wp\/v2\/posts\/5256","targetHints":{"allow":["GET"]}}],"collection":[{"href":"https:\/\/noticiasemdestaque.com\/cd\/index.php?rest_route=\/wp\/v2\/posts"}],"about":[{"href":"https:\/\/noticiasemdestaque.com\/cd\/index.php?rest_route=\/wp\/v2\/types\/post"}],"author":[{"embeddable":true,"href":"https:\/\/noticiasemdestaque.com\/cd\/index.php?rest_route=\/wp\/v2\/users\/2"}],"replies":[{"embeddable":true,"href":"https:\/\/noticiasemdestaque.com\/cd\/index.php?rest_route=%2Fwp%2Fv2%2Fcomments&post=5256"}],"version-history":[{"count":1,"href":"https:\/\/noticiasemdestaque.com\/cd\/index.php?rest_route=\/wp\/v2\/posts\/5256\/revisions"}],"predecessor-version":[{"id":5258,"href":"https:\/\/noticiasemdestaque.com\/cd\/index.php?rest_route=\/wp\/v2\/posts\/5256\/revisions\/5258"}],"wp:featuredmedia":[{"embeddable":true,"href":"https:\/\/noticiasemdestaque.com\/cd\/index.php?rest_route=\/wp\/v2\/media\/5257"}],"wp:attachment":[{"href":"https:\/\/noticiasemdestaque.com\/cd\/index.php?rest_route=%2Fwp%2Fv2%2Fmedia&parent=5256"}],"wp:term":[{"taxonomy":"category","embeddable":true,"href":"https:\/\/noticiasemdestaque.com\/cd\/index.php?rest_route=%2Fwp%2Fv2%2Fcategories&post=5256"},{"taxonomy":"post_tag","embeddable":true,"href":"https:\/\/noticiasemdestaque.com\/cd\/index.php?rest_route=%2Fwp%2Fv2%2Ftags&post=5256"}],"curies":[{"name":"wp","href":"https:\/\/api.w.org\/{rel}","templated":true}]}}