{"id":5251,"date":"2017-10-18T13:33:09","date_gmt":"2017-10-18T16:33:09","guid":{"rendered":"http:\/\/caririemdestaque.com\/cd\/?p=5251"},"modified":"2017-10-18T13:34:42","modified_gmt":"2017-10-18T16:34:42","slug":"prefeitura-de-sume-e-uepb-encerram-curso-de-capacitacao-para-professores","status":"publish","type":"post","link":"https:\/\/noticiasemdestaque.com\/cd\/?p=5251","title":{"rendered":"Prefeitura de Sum\u00e9 e UEPB encerram curso de capacita\u00e7\u00e3o para professores"},"content":{"rendered":"<p><a href=\"http:\/\/caririemdestaque.com\/cd\/wp-content\/uploads\/2017\/10\/DSC_0089.jpg\"><img decoding=\"async\" class=\"size-thumbnail wp-image-5253 alignleft\" src=\"http:\/\/caririemdestaque.com\/cd\/wp-content\/uploads\/2017\/10\/DSC_0089-150x150.jpg\" alt=\"\" width=\"150\" height=\"150\" \/><\/a><\/p>\n<p>Na \u00faltima segunda-feira (16) aconteceu a \u00faltima aula de Capacita\u00e7\u00e3o Continuada para os professores do Fundamental II (6\u00ba ao 9\u00ba ano da rede municipal).<\/p>\n<p>A capacita\u00e7\u00e3o aconteceu numa parceria entre a Prefeitura de Sum\u00e9 e a Universidade Estadual da Para\u00edba e teve como tema a educa\u00e7\u00e3o contextualizada e interdisciplinar.<\/p>\n<p>O curso foi dividido por \u00e1reas de conhecimento; Linguagens e C\u00f3digos, Ci\u00eancias da Natureza e Matem\u00e1tica e Ci\u00eancias Sociais.<\/p>\n<p>Durante a capacita\u00e7\u00e3o foram discutidas propostas pedag\u00f3gicas de cada \u00e1rea de conhecimento, culminando com um projeto de interven\u00e7\u00e3o em sala de aula.<\/p>\n<p>A solenidade de encerramento foi realizada na Escola Maria Leite Rafael e contou com a participa\u00e7\u00e3o do pr\u00f3-reitor de extens\u00e3o da UEPB, Jos\u00e9 Pereira, da pr\u00f3-reitora adjunta de extens\u00e3o, Socorro Barbosa, da professora Adalgisa Rasia, dos professores participantes do curso e da coordenadora pedag\u00f3gica, Aparecida Gomes.<\/p>\n<p><strong><em>Cariri em Destaque <\/em><\/strong><\/p>\n<p><em>Com Ascom\/PMS<\/em><\/p>\n<p>&nbsp;<\/p>\n","protected":false},"excerpt":{"rendered":"<p>Na \u00faltima segunda-feira (16) aconteceu a \u00faltima aula de Capacita\u00e7\u00e3o Continuada para os professores do Fundamental II (6\u00ba ao 9\u00ba ano da rede municipal). A capacita\u00e7\u00e3o aconteceu numa parceria entre a Prefeitura de Sum\u00e9 e a Universidade Estadual da Para\u00edba e teve como tema a educa\u00e7\u00e3o contextualizada e interdisciplinar. O curso foi dividido por \u00e1reas de conhecimento; Linguagens e C\u00f3digos, Ci\u00eancias da Natureza e Matem\u00e1tica e Ci\u00eancias Sociais. Durante a capacita\u00e7\u00e3o foram discutidas propostas pedag\u00f3gicas de cada \u00e1rea de conhecimento, culminando com um projeto de interven\u00e7\u00e3o em sala de aula. A solenidade de encerramento foi realizada na Escola Maria Leite Rafael e contou com a participa\u00e7\u00e3o do pr\u00f3-reitor de extens\u00e3o da UEPB, Jos\u00e9 Pereira, da pr\u00f3-reitora adjunta de extens\u00e3o, Socorro Barbosa, da professora Adalgisa Rasia, dos professores participantes do curso e da coordenadora pedag\u00f3gica, Aparecida Gomes. Cariri em Destaque Com Ascom\/PMS &nbsp;<\/p>\n","protected":false},"author":2,"featured_media":5252,"comment_status":"closed","ping_status":"open","sticky":false,"template":"","format":"standard","meta":{"_eb_attr":"","_jetpack_memberships_contains_paid_content":false,"footnotes":""},"categories":[6],"tags":[],"class_list":["post-5251","post","type-post","status-publish","format-standard","has-post-thumbnail","hentry","category-educacao"],"yoast_head":"<!-- This site is optimized with the Yoast SEO plugin v26.5 - https:\/\/yoast.com\/wordpress\/plugins\/seo\/ -->\n<title>Prefeitura de Sum\u00e9 e UEPB encerram curso de capacita\u00e7\u00e3o para professores - Not&iacute;cias em Destaque<\/title>\n<meta name=\"robots\" content=\"index, follow, max-snippet:-1, max-image-preview:large, max-video-preview:-1\" \/>\n<link rel=\"canonical\" href=\"https:\/\/noticiasemdestaque.com\/cd\/?p=5251\" \/>\n<meta property=\"og:locale\" content=\"pt_BR\" \/>\n<meta property=\"og:type\" content=\"article\" \/>\n<meta property=\"og:title\" content=\"Prefeitura de Sum\u00e9 e UEPB encerram curso de capacita\u00e7\u00e3o para professores - Not&iacute;cias em Destaque\" \/>\n<meta property=\"og:description\" content=\"Na \u00faltima segunda-feira (16) aconteceu a \u00faltima aula de Capacita\u00e7\u00e3o Continuada para os professores do Fundamental II (6\u00ba ao 9\u00ba ano da rede municipal). A capacita\u00e7\u00e3o aconteceu numa parceria entre a Prefeitura de Sum\u00e9 e a Universidade Estadual da Para\u00edba e teve como tema a educa\u00e7\u00e3o contextualizada e interdisciplinar. O curso foi dividido por \u00e1reas de conhecimento; Linguagens e C\u00f3digos, Ci\u00eancias da Natureza e Matem\u00e1tica e Ci\u00eancias Sociais. Durante a capacita\u00e7\u00e3o foram discutidas propostas pedag\u00f3gicas de cada \u00e1rea de conhecimento, culminando com um projeto de interven\u00e7\u00e3o em sala de aula. A solenidade de encerramento foi realizada na Escola Maria Leite Rafael e contou com a participa\u00e7\u00e3o do pr\u00f3-reitor de extens\u00e3o da UEPB, Jos\u00e9 Pereira, da pr\u00f3-reitora adjunta de extens\u00e3o, Socorro Barbosa, da professora Adalgisa Rasia, dos professores participantes do curso e da coordenadora pedag\u00f3gica, Aparecida Gomes. Cariri em Destaque Com Ascom\/PMS &nbsp;\" \/>\n<meta property=\"og:url\" content=\"https:\/\/noticiasemdestaque.com\/cd\/?p=5251\" \/>\n<meta property=\"og:site_name\" content=\"Not&iacute;cias em Destaque\" \/>\n<meta property=\"article:published_time\" content=\"2017-10-18T16:33:09+00:00\" \/>\n<meta property=\"article:modified_time\" content=\"2017-10-18T16:34:42+00:00\" \/>\n<meta property=\"og:image\" content=\"https:\/\/noticiasemdestaque.com\/cd\/wp-content\/uploads\/2017\/10\/DSC_0039-1.jpg\" \/>\n\t<meta property=\"og:image:width\" content=\"1024\" \/>\n\t<meta property=\"og:image:height\" content=\"681\" \/>\n\t<meta property=\"og:image:type\" content=\"image\/jpeg\" \/>\n<meta name=\"author\" content=\"Not\u00edcias em Destaque\" \/>\n<meta name=\"twitter:card\" content=\"summary_large_image\" \/>\n<meta name=\"twitter:label1\" content=\"Escrito por\" \/>\n\t<meta name=\"twitter:data1\" content=\"Not\u00edcias em Destaque\" \/>\n\t<meta name=\"twitter:label2\" content=\"Est. tempo de leitura\" \/>\n\t<meta name=\"twitter:data2\" content=\"1 minuto\" \/>\n<script type=\"application\/ld+json\" class=\"yoast-schema-graph\">{\"@context\":\"https:\/\/schema.org\",\"@graph\":[{\"@type\":\"Article\",\"@id\":\"https:\/\/noticiasemdestaque.com\/cd\/?p=5251#article\",\"isPartOf\":{\"@id\":\"https:\/\/noticiasemdestaque.com\/cd\/?p=5251\"},\"author\":{\"name\":\"Not\u00edcias em Destaque\",\"@id\":\"https:\/\/noticiasemdestaque.com\/cd\/#\/schema\/person\/21320b03a7e8bb90128938dafc9b908a\"},\"headline\":\"Prefeitura de Sum\u00e9 e UEPB encerram curso de capacita\u00e7\u00e3o para professores\",\"datePublished\":\"2017-10-18T16:33:09+00:00\",\"dateModified\":\"2017-10-18T16:34:42+00:00\",\"mainEntityOfPage\":{\"@id\":\"https:\/\/noticiasemdestaque.com\/cd\/?p=5251\"},\"wordCount\":169,\"publisher\":{\"@id\":\"https:\/\/noticiasemdestaque.com\/cd\/#organization\"},\"image\":{\"@id\":\"https:\/\/noticiasemdestaque.com\/cd\/?p=5251#primaryimage\"},\"thumbnailUrl\":\"https:\/\/noticiasemdestaque.com\/cd\/wp-content\/uploads\/2017\/10\/DSC_0039-1.jpg\",\"articleSection\":[\"Educa\u00e7\u00e3o\"],\"inLanguage\":\"pt-BR\"},{\"@type\":\"WebPage\",\"@id\":\"https:\/\/noticiasemdestaque.com\/cd\/?p=5251\",\"url\":\"https:\/\/noticiasemdestaque.com\/cd\/?p=5251\",\"name\":\"Prefeitura de Sum\u00e9 e UEPB encerram curso de capacita\u00e7\u00e3o para professores - Not&iacute;cias em Destaque\",\"isPartOf\":{\"@id\":\"https:\/\/noticiasemdestaque.com\/cd\/#website\"},\"primaryImageOfPage\":{\"@id\":\"https:\/\/noticiasemdestaque.com\/cd\/?p=5251#primaryimage\"},\"image\":{\"@id\":\"https:\/\/noticiasemdestaque.com\/cd\/?p=5251#primaryimage\"},\"thumbnailUrl\":\"https:\/\/noticiasemdestaque.com\/cd\/wp-content\/uploads\/2017\/10\/DSC_0039-1.jpg\",\"datePublished\":\"2017-10-18T16:33:09+00:00\",\"dateModified\":\"2017-10-18T16:34:42+00:00\",\"breadcrumb\":{\"@id\":\"https:\/\/noticiasemdestaque.com\/cd\/?p=5251#breadcrumb\"},\"inLanguage\":\"pt-BR\",\"potentialAction\":[{\"@type\":\"ReadAction\",\"target\":[\"https:\/\/noticiasemdestaque.com\/cd\/?p=5251\"]}]},{\"@type\":\"ImageObject\",\"inLanguage\":\"pt-BR\",\"@id\":\"https:\/\/noticiasemdestaque.com\/cd\/?p=5251#primaryimage\",\"url\":\"https:\/\/noticiasemdestaque.com\/cd\/wp-content\/uploads\/2017\/10\/DSC_0039-1.jpg\",\"contentUrl\":\"https:\/\/noticiasemdestaque.com\/cd\/wp-content\/uploads\/2017\/10\/DSC_0039-1.jpg\",\"width\":1024,\"height\":681,\"caption\":\"????????????????????????????????????\"},{\"@type\":\"BreadcrumbList\",\"@id\":\"https:\/\/noticiasemdestaque.com\/cd\/?p=5251#breadcrumb\",\"itemListElement\":[{\"@type\":\"ListItem\",\"position\":1,\"name\":\"In\u00edcio\",\"item\":\"https:\/\/noticiasemdestaque.com\/cd\/\"},{\"@type\":\"ListItem\",\"position\":2,\"name\":\"Prefeitura de Sum\u00e9 e UEPB encerram curso de capacita\u00e7\u00e3o para professores\"}]},{\"@type\":\"WebSite\",\"@id\":\"https:\/\/noticiasemdestaque.com\/cd\/#website\",\"url\":\"https:\/\/noticiasemdestaque.com\/cd\/\",\"name\":\"Not&iacute;cias em Destaque\",\"description\":\"\",\"publisher\":{\"@id\":\"https:\/\/noticiasemdestaque.com\/cd\/#organization\"},\"potentialAction\":[{\"@type\":\"SearchAction\",\"target\":{\"@type\":\"EntryPoint\",\"urlTemplate\":\"https:\/\/noticiasemdestaque.com\/cd\/?s={search_term_string}\"},\"query-input\":{\"@type\":\"PropertyValueSpecification\",\"valueRequired\":true,\"valueName\":\"search_term_string\"}}],\"inLanguage\":\"pt-BR\"},{\"@type\":\"Organization\",\"@id\":\"https:\/\/noticiasemdestaque.com\/cd\/#organization\",\"name\":\"Not\u00edcias em Destaque\",\"url\":\"https:\/\/noticiasemdestaque.com\/cd\/\",\"logo\":{\"@type\":\"ImageObject\",\"inLanguage\":\"pt-BR\",\"@id\":\"https:\/\/noticiasemdestaque.com\/cd\/#\/schema\/logo\/image\/\",\"url\":\"https:\/\/noticiasemdestaque.com\/cd\/wp-content\/uploads\/2022\/05\/imagem-base-noticiasemdestaque.png\",\"contentUrl\":\"https:\/\/noticiasemdestaque.com\/cd\/wp-content\/uploads\/2022\/05\/imagem-base-noticiasemdestaque.png\",\"width\":1200,\"height\":630,\"caption\":\"Not\u00edcias em Destaque\"},\"image\":{\"@id\":\"https:\/\/noticiasemdestaque.com\/cd\/#\/schema\/logo\/image\/\"}},{\"@type\":\"Person\",\"@id\":\"https:\/\/noticiasemdestaque.com\/cd\/#\/schema\/person\/21320b03a7e8bb90128938dafc9b908a\",\"name\":\"Not\u00edcias em Destaque\",\"url\":\"https:\/\/noticiasemdestaque.com\/cd\/?author=2\"}]}<\/script>\n<!-- \/ Yoast SEO plugin. -->","yoast_head_json":{"title":"Prefeitura de Sum\u00e9 e UEPB encerram curso de capacita\u00e7\u00e3o para professores - Not&iacute;cias em Destaque","robots":{"index":"index","follow":"follow","max-snippet":"max-snippet:-1","max-image-preview":"max-image-preview:large","max-video-preview":"max-video-preview:-1"},"canonical":"https:\/\/noticiasemdestaque.com\/cd\/?p=5251","og_locale":"pt_BR","og_type":"article","og_title":"Prefeitura de Sum\u00e9 e UEPB encerram curso de capacita\u00e7\u00e3o para professores - Not&iacute;cias em Destaque","og_description":"Na \u00faltima segunda-feira (16) aconteceu a \u00faltima aula de Capacita\u00e7\u00e3o Continuada para os professores do Fundamental II (6\u00ba ao 9\u00ba ano da rede municipal). A capacita\u00e7\u00e3o aconteceu numa parceria entre a Prefeitura de Sum\u00e9 e a Universidade Estadual da Para\u00edba e teve como tema a educa\u00e7\u00e3o contextualizada e interdisciplinar. O curso foi dividido por \u00e1reas de conhecimento; Linguagens e C\u00f3digos, Ci\u00eancias da Natureza e Matem\u00e1tica e Ci\u00eancias Sociais. Durante a capacita\u00e7\u00e3o foram discutidas propostas pedag\u00f3gicas de cada \u00e1rea de conhecimento, culminando com um projeto de interven\u00e7\u00e3o em sala de aula. A solenidade de encerramento foi realizada na Escola Maria Leite Rafael e contou com a participa\u00e7\u00e3o do pr\u00f3-reitor de extens\u00e3o da UEPB, Jos\u00e9 Pereira, da pr\u00f3-reitora adjunta de extens\u00e3o, Socorro Barbosa, da professora Adalgisa Rasia, dos professores participantes do curso e da coordenadora pedag\u00f3gica, Aparecida Gomes. Cariri em Destaque Com Ascom\/PMS &nbsp;","og_url":"https:\/\/noticiasemdestaque.com\/cd\/?p=5251","og_site_name":"Not&iacute;cias em Destaque","article_published_time":"2017-10-18T16:33:09+00:00","article_modified_time":"2017-10-18T16:34:42+00:00","og_image":[{"width":1024,"height":681,"url":"https:\/\/noticiasemdestaque.com\/cd\/wp-content\/uploads\/2017\/10\/DSC_0039-1.jpg","type":"image\/jpeg"}],"author":"Not\u00edcias em Destaque","twitter_card":"summary_large_image","twitter_misc":{"Escrito por":"Not\u00edcias em Destaque","Est. tempo de leitura":"1 minuto"},"schema":{"@context":"https:\/\/schema.org","@graph":[{"@type":"Article","@id":"https:\/\/noticiasemdestaque.com\/cd\/?p=5251#article","isPartOf":{"@id":"https:\/\/noticiasemdestaque.com\/cd\/?p=5251"},"author":{"name":"Not\u00edcias em Destaque","@id":"https:\/\/noticiasemdestaque.com\/cd\/#\/schema\/person\/21320b03a7e8bb90128938dafc9b908a"},"headline":"Prefeitura de Sum\u00e9 e UEPB encerram curso de capacita\u00e7\u00e3o para professores","datePublished":"2017-10-18T16:33:09+00:00","dateModified":"2017-10-18T16:34:42+00:00","mainEntityOfPage":{"@id":"https:\/\/noticiasemdestaque.com\/cd\/?p=5251"},"wordCount":169,"publisher":{"@id":"https:\/\/noticiasemdestaque.com\/cd\/#organization"},"image":{"@id":"https:\/\/noticiasemdestaque.com\/cd\/?p=5251#primaryimage"},"thumbnailUrl":"https:\/\/noticiasemdestaque.com\/cd\/wp-content\/uploads\/2017\/10\/DSC_0039-1.jpg","articleSection":["Educa\u00e7\u00e3o"],"inLanguage":"pt-BR"},{"@type":"WebPage","@id":"https:\/\/noticiasemdestaque.com\/cd\/?p=5251","url":"https:\/\/noticiasemdestaque.com\/cd\/?p=5251","name":"Prefeitura de Sum\u00e9 e UEPB encerram curso de capacita\u00e7\u00e3o para professores - Not&iacute;cias em Destaque","isPartOf":{"@id":"https:\/\/noticiasemdestaque.com\/cd\/#website"},"primaryImageOfPage":{"@id":"https:\/\/noticiasemdestaque.com\/cd\/?p=5251#primaryimage"},"image":{"@id":"https:\/\/noticiasemdestaque.com\/cd\/?p=5251#primaryimage"},"thumbnailUrl":"https:\/\/noticiasemdestaque.com\/cd\/wp-content\/uploads\/2017\/10\/DSC_0039-1.jpg","datePublished":"2017-10-18T16:33:09+00:00","dateModified":"2017-10-18T16:34:42+00:00","breadcrumb":{"@id":"https:\/\/noticiasemdestaque.com\/cd\/?p=5251#breadcrumb"},"inLanguage":"pt-BR","potentialAction":[{"@type":"ReadAction","target":["https:\/\/noticiasemdestaque.com\/cd\/?p=5251"]}]},{"@type":"ImageObject","inLanguage":"pt-BR","@id":"https:\/\/noticiasemdestaque.com\/cd\/?p=5251#primaryimage","url":"https:\/\/noticiasemdestaque.com\/cd\/wp-content\/uploads\/2017\/10\/DSC_0039-1.jpg","contentUrl":"https:\/\/noticiasemdestaque.com\/cd\/wp-content\/uploads\/2017\/10\/DSC_0039-1.jpg","width":1024,"height":681,"caption":"????????????????????????????????????"},{"@type":"BreadcrumbList","@id":"https:\/\/noticiasemdestaque.com\/cd\/?p=5251#breadcrumb","itemListElement":[{"@type":"ListItem","position":1,"name":"In\u00edcio","item":"https:\/\/noticiasemdestaque.com\/cd\/"},{"@type":"ListItem","position":2,"name":"Prefeitura de Sum\u00e9 e UEPB encerram curso de capacita\u00e7\u00e3o para professores"}]},{"@type":"WebSite","@id":"https:\/\/noticiasemdestaque.com\/cd\/#website","url":"https:\/\/noticiasemdestaque.com\/cd\/","name":"Not&iacute;cias em Destaque","description":"","publisher":{"@id":"https:\/\/noticiasemdestaque.com\/cd\/#organization"},"potentialAction":[{"@type":"SearchAction","target":{"@type":"EntryPoint","urlTemplate":"https:\/\/noticiasemdestaque.com\/cd\/?s={search_term_string}"},"query-input":{"@type":"PropertyValueSpecification","valueRequired":true,"valueName":"search_term_string"}}],"inLanguage":"pt-BR"},{"@type":"Organization","@id":"https:\/\/noticiasemdestaque.com\/cd\/#organization","name":"Not\u00edcias em Destaque","url":"https:\/\/noticiasemdestaque.com\/cd\/","logo":{"@type":"ImageObject","inLanguage":"pt-BR","@id":"https:\/\/noticiasemdestaque.com\/cd\/#\/schema\/logo\/image\/","url":"https:\/\/noticiasemdestaque.com\/cd\/wp-content\/uploads\/2022\/05\/imagem-base-noticiasemdestaque.png","contentUrl":"https:\/\/noticiasemdestaque.com\/cd\/wp-content\/uploads\/2022\/05\/imagem-base-noticiasemdestaque.png","width":1200,"height":630,"caption":"Not\u00edcias em Destaque"},"image":{"@id":"https:\/\/noticiasemdestaque.com\/cd\/#\/schema\/logo\/image\/"}},{"@type":"Person","@id":"https:\/\/noticiasemdestaque.com\/cd\/#\/schema\/person\/21320b03a7e8bb90128938dafc9b908a","name":"Not\u00edcias em Destaque","url":"https:\/\/noticiasemdestaque.com\/cd\/?author=2"}]}},"jetpack_featured_media_url":"https:\/\/noticiasemdestaque.com\/cd\/wp-content\/uploads\/2017\/10\/DSC_0039-1.jpg","jetpack_sharing_enabled":true,"_links":{"self":[{"href":"https:\/\/noticiasemdestaque.com\/cd\/index.php?rest_route=\/wp\/v2\/posts\/5251","targetHints":{"allow":["GET"]}}],"collection":[{"href":"https:\/\/noticiasemdestaque.com\/cd\/index.php?rest_route=\/wp\/v2\/posts"}],"about":[{"href":"https:\/\/noticiasemdestaque.com\/cd\/index.php?rest_route=\/wp\/v2\/types\/post"}],"author":[{"embeddable":true,"href":"https:\/\/noticiasemdestaque.com\/cd\/index.php?rest_route=\/wp\/v2\/users\/2"}],"replies":[{"embeddable":true,"href":"https:\/\/noticiasemdestaque.com\/cd\/index.php?rest_route=%2Fwp%2Fv2%2Fcomments&post=5251"}],"version-history":[{"count":2,"href":"https:\/\/noticiasemdestaque.com\/cd\/index.php?rest_route=\/wp\/v2\/posts\/5251\/revisions"}],"predecessor-version":[{"id":5255,"href":"https:\/\/noticiasemdestaque.com\/cd\/index.php?rest_route=\/wp\/v2\/posts\/5251\/revisions\/5255"}],"wp:featuredmedia":[{"embeddable":true,"href":"https:\/\/noticiasemdestaque.com\/cd\/index.php?rest_route=\/wp\/v2\/media\/5252"}],"wp:attachment":[{"href":"https:\/\/noticiasemdestaque.com\/cd\/index.php?rest_route=%2Fwp%2Fv2%2Fmedia&parent=5251"}],"wp:term":[{"taxonomy":"category","embeddable":true,"href":"https:\/\/noticiasemdestaque.com\/cd\/index.php?rest_route=%2Fwp%2Fv2%2Fcategories&post=5251"},{"taxonomy":"post_tag","embeddable":true,"href":"https:\/\/noticiasemdestaque.com\/cd\/index.php?rest_route=%2Fwp%2Fv2%2Ftags&post=5251"}],"curies":[{"name":"wp","href":"https:\/\/api.w.org\/{rel}","templated":true}]}}