{"id":52437,"date":"2023-10-29T10:41:07","date_gmt":"2023-10-29T13:41:07","guid":{"rendered":"https:\/\/noticiasemdestaque.com\/cd\/?p=52437"},"modified":"2023-10-29T10:41:07","modified_gmt":"2023-10-29T13:41:07","slug":"camara-de-vereadores-de-ouro-velho-aprova-contas-do-prefeito-dr-augusto-valadares","status":"publish","type":"post","link":"https:\/\/noticiasemdestaque.com\/cd\/?p=52437","title":{"rendered":"C\u00e2mara de Vereadores de Ouro Velho aprova contas do prefeito Dr. Augusto Valadares"},"content":{"rendered":"<p><a href=\"https:\/\/noticiasemdestaque.com\/cd\/wp-content\/uploads\/2023\/10\/IMG_3800.jpg\"><img fetchpriority=\"high\" decoding=\"async\" class=\" wp-image-52439 aligncenter\" src=\"https:\/\/noticiasemdestaque.com\/cd\/wp-content\/uploads\/2023\/10\/IMG_3800-300x150.jpg\" alt=\"\" width=\"728\" height=\"364\" srcset=\"https:\/\/noticiasemdestaque.com\/cd\/wp-content\/uploads\/2023\/10\/IMG_3800-300x150.jpg 300w, https:\/\/noticiasemdestaque.com\/cd\/wp-content\/uploads\/2023\/10\/IMG_3800-1024x512.jpg 1024w, https:\/\/noticiasemdestaque.com\/cd\/wp-content\/uploads\/2023\/10\/IMG_3800-768x384.jpg 768w, https:\/\/noticiasemdestaque.com\/cd\/wp-content\/uploads\/2023\/10\/IMG_3800-18x9.jpg 18w, https:\/\/noticiasemdestaque.com\/cd\/wp-content\/uploads\/2023\/10\/IMG_3800.jpg 1140w\" sizes=\"(max-width: 728px) 100vw, 728px\" \/><\/a><\/p>\n<p>Na noite desta sexta-feira (27), a C\u00e2mara de Vereadores de Ouro Velho se reuniu em sess\u00e3o ordin\u00e1ria e aprovou, por unanimidade, as contas do exerc\u00edcio financeiro de 2021 do prefeito Dr. Augusto Valadares. As contas j\u00e1 haviam sido previamente aprovadas pelo Tribunal de Contas do Estado da Para\u00edba e, agora, receberam o referendo da C\u00e2mara de Vereadores.<\/p>\n<p>O presidente da Casa Legislativa, vereador Paulo Dantas, destacou que a decis\u00e3o da C\u00e2mara segue o parecer favor\u00e1vel do Tribunal de Contas, ressaltando a gest\u00e3o s\u00e9ria e eficiente conduzida pelo prefeito Dr. Augusto Valadares \u00e0 frente da Prefeitura de Ouro Velho.<\/p>\n<div class=\"separator\"><a href=\"https:\/\/blogger.googleusercontent.com\/img\/b\/R29vZ2xl\/AVvXsEgf3dJQpButSMmTQy5VXmf4ULfYBtIol-olC_eKbUpr8DBKUwHuksb9D8lcsw7bU5Qp2-2_wpZJFj2LWO07rMCpjaR3xN6F6p7cZW3sQislvJhBzaFfLVb88u9GK4csiLJQc9wdxtjuXuJoOq_5WV7KIb3k9KpTPaGqt373QHo4y8Y4Ac13jLu7K_O460dC\/s1024\/IMG_3801.webp\"><img decoding=\"async\" class=\"aligncenter\" src=\"https:\/\/blogger.googleusercontent.com\/img\/b\/R29vZ2xl\/AVvXsEgf3dJQpButSMmTQy5VXmf4ULfYBtIol-olC_eKbUpr8DBKUwHuksb9D8lcsw7bU5Qp2-2_wpZJFj2LWO07rMCpjaR3xN6F6p7cZW3sQislvJhBzaFfLVb88u9GK4csiLJQc9wdxtjuXuJoOq_5WV7KIb3k9KpTPaGqt373QHo4y8Y4Ac13jLu7K_O460dC\/s320\/IMG_3801.webp\" width=\"320\" height=\"225\" border=\"0\" data-original-height=\"720\" data-original-width=\"1024\" \/><\/a><\/div>\n<blockquote><p>\u201cParabenizo o prefeito Dr. Augusto Valadares pela aprova\u00e7\u00e3o das contas, o que comprova a gest\u00e3o s\u00e9ria e eficiente que vem realizando \u00e0 frente da Prefeitura de Ouro Velho,\u201d destacou o parlamentar.<\/p><\/blockquote>\n<p><strong>Noticias em Destaque<\/strong><\/p>\n<p style=\"text-align: right;\"><em>Fonte: Pol\u00edtica Parahyba<\/em><\/p>\n","protected":false},"excerpt":{"rendered":"<p>Na noite desta sexta-feira (27), a C\u00e2mara de Vereadores de Ouro Velho se reuniu em sess\u00e3o ordin\u00e1ria e aprovou, por unanimidade, as contas do exerc\u00edcio financeiro de 2021 do prefeito Dr. Augusto Valadares. As contas j\u00e1 haviam sido previamente aprovadas pelo Tribunal de Contas do Estado da Para\u00edba e, agora, receberam o referendo da C\u00e2mara de Vereadores. O presidente da Casa Legislativa, vereador Paulo Dantas, destacou que a decis\u00e3o da C\u00e2mara segue o parecer favor\u00e1vel do Tribunal de Contas, ressaltando a gest\u00e3o s\u00e9ria e eficiente conduzida pelo prefeito Dr. Augusto Valadares \u00e0 frente da Prefeitura de Ouro Velho. \u201cParabenizo o prefeito Dr. Augusto Valadares pela aprova\u00e7\u00e3o das contas, o que comprova a gest\u00e3o s\u00e9ria e eficiente que vem realizando \u00e0 frente da Prefeitura de Ouro Velho,\u201d destacou o parlamentar. Noticias em Destaque Fonte: Pol\u00edtica Parahyba<\/p>\n","protected":false},"author":2,"featured_media":52439,"comment_status":"closed","ping_status":"open","sticky":false,"template":"","format":"standard","meta":{"_eb_attr":"","_jetpack_memberships_contains_paid_content":false,"footnotes":""},"categories":[4],"tags":[],"class_list":["post-52437","post","type-post","status-publish","format-standard","has-post-thumbnail","hentry","category-politica"],"yoast_head":"<!-- This site is optimized with the Yoast SEO plugin v26.5 - https:\/\/yoast.com\/wordpress\/plugins\/seo\/ -->\n<title>C\u00e2mara de Vereadores de Ouro Velho aprova contas do prefeito Dr. Augusto Valadares - Not&iacute;cias em Destaque<\/title>\n<meta name=\"robots\" content=\"index, follow, max-snippet:-1, max-image-preview:large, max-video-preview:-1\" \/>\n<link rel=\"canonical\" href=\"https:\/\/noticiasemdestaque.com\/cd\/?p=52437\" \/>\n<meta property=\"og:locale\" content=\"pt_BR\" \/>\n<meta property=\"og:type\" content=\"article\" \/>\n<meta property=\"og:title\" content=\"C\u00e2mara de Vereadores de Ouro Velho aprova contas do prefeito Dr. Augusto Valadares - Not&iacute;cias em Destaque\" \/>\n<meta property=\"og:description\" content=\"Na noite desta sexta-feira (27), a C\u00e2mara de Vereadores de Ouro Velho se reuniu em sess\u00e3o ordin\u00e1ria e aprovou, por unanimidade, as contas do exerc\u00edcio financeiro de 2021 do prefeito Dr. Augusto Valadares. As contas j\u00e1 haviam sido previamente aprovadas pelo Tribunal de Contas do Estado da Para\u00edba e, agora, receberam o referendo da C\u00e2mara de Vereadores. O presidente da Casa Legislativa, vereador Paulo Dantas, destacou que a decis\u00e3o da C\u00e2mara segue o parecer favor\u00e1vel do Tribunal de Contas, ressaltando a gest\u00e3o s\u00e9ria e eficiente conduzida pelo prefeito Dr. Augusto Valadares \u00e0 frente da Prefeitura de Ouro Velho. \u201cParabenizo o prefeito Dr. Augusto Valadares pela aprova\u00e7\u00e3o das contas, o que comprova a gest\u00e3o s\u00e9ria e eficiente que vem realizando \u00e0 frente da Prefeitura de Ouro Velho,\u201d destacou o parlamentar. Noticias em Destaque Fonte: Pol\u00edtica Parahyba\" \/>\n<meta property=\"og:url\" content=\"https:\/\/noticiasemdestaque.com\/cd\/?p=52437\" \/>\n<meta property=\"og:site_name\" content=\"Not&iacute;cias em Destaque\" \/>\n<meta property=\"article:published_time\" content=\"2023-10-29T13:41:07+00:00\" \/>\n<meta property=\"og:image\" content=\"https:\/\/noticiasemdestaque.com\/cd\/wp-content\/uploads\/2023\/10\/IMG_3800.jpg\" \/>\n\t<meta property=\"og:image:width\" content=\"1140\" \/>\n\t<meta property=\"og:image:height\" content=\"570\" \/>\n\t<meta property=\"og:image:type\" content=\"image\/jpeg\" \/>\n<meta name=\"author\" content=\"Not\u00edcias em Destaque\" \/>\n<meta name=\"twitter:card\" content=\"summary_large_image\" \/>\n<meta name=\"twitter:label1\" content=\"Escrito por\" \/>\n\t<meta name=\"twitter:data1\" content=\"Not\u00edcias em Destaque\" \/>\n\t<meta name=\"twitter:label2\" content=\"Est. tempo de leitura\" \/>\n\t<meta name=\"twitter:data2\" content=\"2 minutos\" \/>\n<script type=\"application\/ld+json\" class=\"yoast-schema-graph\">{\"@context\":\"https:\/\/schema.org\",\"@graph\":[{\"@type\":\"Article\",\"@id\":\"https:\/\/noticiasemdestaque.com\/cd\/?p=52437#article\",\"isPartOf\":{\"@id\":\"https:\/\/noticiasemdestaque.com\/cd\/?p=52437\"},\"author\":{\"name\":\"Not\u00edcias em Destaque\",\"@id\":\"https:\/\/noticiasemdestaque.com\/cd\/#\/schema\/person\/21320b03a7e8bb90128938dafc9b908a\"},\"headline\":\"C\u00e2mara de Vereadores de Ouro Velho aprova contas do prefeito Dr. Augusto Valadares\",\"datePublished\":\"2023-10-29T13:41:07+00:00\",\"mainEntityOfPage\":{\"@id\":\"https:\/\/noticiasemdestaque.com\/cd\/?p=52437\"},\"wordCount\":160,\"publisher\":{\"@id\":\"https:\/\/noticiasemdestaque.com\/cd\/#organization\"},\"image\":{\"@id\":\"https:\/\/noticiasemdestaque.com\/cd\/?p=52437#primaryimage\"},\"thumbnailUrl\":\"https:\/\/noticiasemdestaque.com\/cd\/wp-content\/uploads\/2023\/10\/IMG_3800.jpg\",\"articleSection\":[\"Pol\u00edtica\"],\"inLanguage\":\"pt-BR\"},{\"@type\":\"WebPage\",\"@id\":\"https:\/\/noticiasemdestaque.com\/cd\/?p=52437\",\"url\":\"https:\/\/noticiasemdestaque.com\/cd\/?p=52437\",\"name\":\"C\u00e2mara de Vereadores de Ouro Velho aprova contas do prefeito Dr. Augusto Valadares - Not&iacute;cias em Destaque\",\"isPartOf\":{\"@id\":\"https:\/\/noticiasemdestaque.com\/cd\/#website\"},\"primaryImageOfPage\":{\"@id\":\"https:\/\/noticiasemdestaque.com\/cd\/?p=52437#primaryimage\"},\"image\":{\"@id\":\"https:\/\/noticiasemdestaque.com\/cd\/?p=52437#primaryimage\"},\"thumbnailUrl\":\"https:\/\/noticiasemdestaque.com\/cd\/wp-content\/uploads\/2023\/10\/IMG_3800.jpg\",\"datePublished\":\"2023-10-29T13:41:07+00:00\",\"breadcrumb\":{\"@id\":\"https:\/\/noticiasemdestaque.com\/cd\/?p=52437#breadcrumb\"},\"inLanguage\":\"pt-BR\",\"potentialAction\":[{\"@type\":\"ReadAction\",\"target\":[\"https:\/\/noticiasemdestaque.com\/cd\/?p=52437\"]}]},{\"@type\":\"ImageObject\",\"inLanguage\":\"pt-BR\",\"@id\":\"https:\/\/noticiasemdestaque.com\/cd\/?p=52437#primaryimage\",\"url\":\"https:\/\/noticiasemdestaque.com\/cd\/wp-content\/uploads\/2023\/10\/IMG_3800.jpg\",\"contentUrl\":\"https:\/\/noticiasemdestaque.com\/cd\/wp-content\/uploads\/2023\/10\/IMG_3800.jpg\",\"width\":1140,\"height\":570},{\"@type\":\"BreadcrumbList\",\"@id\":\"https:\/\/noticiasemdestaque.com\/cd\/?p=52437#breadcrumb\",\"itemListElement\":[{\"@type\":\"ListItem\",\"position\":1,\"name\":\"In\u00edcio\",\"item\":\"https:\/\/noticiasemdestaque.com\/cd\/\"},{\"@type\":\"ListItem\",\"position\":2,\"name\":\"C\u00e2mara de Vereadores de Ouro Velho aprova contas do prefeito Dr. Augusto Valadares\"}]},{\"@type\":\"WebSite\",\"@id\":\"https:\/\/noticiasemdestaque.com\/cd\/#website\",\"url\":\"https:\/\/noticiasemdestaque.com\/cd\/\",\"name\":\"Not&iacute;cias em Destaque\",\"description\":\"\",\"publisher\":{\"@id\":\"https:\/\/noticiasemdestaque.com\/cd\/#organization\"},\"potentialAction\":[{\"@type\":\"SearchAction\",\"target\":{\"@type\":\"EntryPoint\",\"urlTemplate\":\"https:\/\/noticiasemdestaque.com\/cd\/?s={search_term_string}\"},\"query-input\":{\"@type\":\"PropertyValueSpecification\",\"valueRequired\":true,\"valueName\":\"search_term_string\"}}],\"inLanguage\":\"pt-BR\"},{\"@type\":\"Organization\",\"@id\":\"https:\/\/noticiasemdestaque.com\/cd\/#organization\",\"name\":\"Not\u00edcias em Destaque\",\"url\":\"https:\/\/noticiasemdestaque.com\/cd\/\",\"logo\":{\"@type\":\"ImageObject\",\"inLanguage\":\"pt-BR\",\"@id\":\"https:\/\/noticiasemdestaque.com\/cd\/#\/schema\/logo\/image\/\",\"url\":\"https:\/\/noticiasemdestaque.com\/cd\/wp-content\/uploads\/2022\/05\/imagem-base-noticiasemdestaque.png\",\"contentUrl\":\"https:\/\/noticiasemdestaque.com\/cd\/wp-content\/uploads\/2022\/05\/imagem-base-noticiasemdestaque.png\",\"width\":1200,\"height\":630,\"caption\":\"Not\u00edcias em Destaque\"},\"image\":{\"@id\":\"https:\/\/noticiasemdestaque.com\/cd\/#\/schema\/logo\/image\/\"}},{\"@type\":\"Person\",\"@id\":\"https:\/\/noticiasemdestaque.com\/cd\/#\/schema\/person\/21320b03a7e8bb90128938dafc9b908a\",\"name\":\"Not\u00edcias em Destaque\",\"url\":\"https:\/\/noticiasemdestaque.com\/cd\/?author=2\"}]}<\/script>\n<!-- \/ Yoast SEO plugin. -->","yoast_head_json":{"title":"C\u00e2mara de Vereadores de Ouro Velho aprova contas do prefeito Dr. Augusto Valadares - Not&iacute;cias em Destaque","robots":{"index":"index","follow":"follow","max-snippet":"max-snippet:-1","max-image-preview":"max-image-preview:large","max-video-preview":"max-video-preview:-1"},"canonical":"https:\/\/noticiasemdestaque.com\/cd\/?p=52437","og_locale":"pt_BR","og_type":"article","og_title":"C\u00e2mara de Vereadores de Ouro Velho aprova contas do prefeito Dr. Augusto Valadares - Not&iacute;cias em Destaque","og_description":"Na noite desta sexta-feira (27), a C\u00e2mara de Vereadores de Ouro Velho se reuniu em sess\u00e3o ordin\u00e1ria e aprovou, por unanimidade, as contas do exerc\u00edcio financeiro de 2021 do prefeito Dr. Augusto Valadares. As contas j\u00e1 haviam sido previamente aprovadas pelo Tribunal de Contas do Estado da Para\u00edba e, agora, receberam o referendo da C\u00e2mara de Vereadores. O presidente da Casa Legislativa, vereador Paulo Dantas, destacou que a decis\u00e3o da C\u00e2mara segue o parecer favor\u00e1vel do Tribunal de Contas, ressaltando a gest\u00e3o s\u00e9ria e eficiente conduzida pelo prefeito Dr. Augusto Valadares \u00e0 frente da Prefeitura de Ouro Velho. \u201cParabenizo o prefeito Dr. Augusto Valadares pela aprova\u00e7\u00e3o das contas, o que comprova a gest\u00e3o s\u00e9ria e eficiente que vem realizando \u00e0 frente da Prefeitura de Ouro Velho,\u201d destacou o parlamentar. Noticias em Destaque Fonte: Pol\u00edtica Parahyba","og_url":"https:\/\/noticiasemdestaque.com\/cd\/?p=52437","og_site_name":"Not&iacute;cias em Destaque","article_published_time":"2023-10-29T13:41:07+00:00","og_image":[{"width":1140,"height":570,"url":"https:\/\/noticiasemdestaque.com\/cd\/wp-content\/uploads\/2023\/10\/IMG_3800.jpg","type":"image\/jpeg"}],"author":"Not\u00edcias em Destaque","twitter_card":"summary_large_image","twitter_misc":{"Escrito por":"Not\u00edcias em Destaque","Est. tempo de leitura":"2 minutos"},"schema":{"@context":"https:\/\/schema.org","@graph":[{"@type":"Article","@id":"https:\/\/noticiasemdestaque.com\/cd\/?p=52437#article","isPartOf":{"@id":"https:\/\/noticiasemdestaque.com\/cd\/?p=52437"},"author":{"name":"Not\u00edcias em Destaque","@id":"https:\/\/noticiasemdestaque.com\/cd\/#\/schema\/person\/21320b03a7e8bb90128938dafc9b908a"},"headline":"C\u00e2mara de Vereadores de Ouro Velho aprova contas do prefeito Dr. Augusto Valadares","datePublished":"2023-10-29T13:41:07+00:00","mainEntityOfPage":{"@id":"https:\/\/noticiasemdestaque.com\/cd\/?p=52437"},"wordCount":160,"publisher":{"@id":"https:\/\/noticiasemdestaque.com\/cd\/#organization"},"image":{"@id":"https:\/\/noticiasemdestaque.com\/cd\/?p=52437#primaryimage"},"thumbnailUrl":"https:\/\/noticiasemdestaque.com\/cd\/wp-content\/uploads\/2023\/10\/IMG_3800.jpg","articleSection":["Pol\u00edtica"],"inLanguage":"pt-BR"},{"@type":"WebPage","@id":"https:\/\/noticiasemdestaque.com\/cd\/?p=52437","url":"https:\/\/noticiasemdestaque.com\/cd\/?p=52437","name":"C\u00e2mara de Vereadores de Ouro Velho aprova contas do prefeito Dr. Augusto Valadares - Not&iacute;cias em Destaque","isPartOf":{"@id":"https:\/\/noticiasemdestaque.com\/cd\/#website"},"primaryImageOfPage":{"@id":"https:\/\/noticiasemdestaque.com\/cd\/?p=52437#primaryimage"},"image":{"@id":"https:\/\/noticiasemdestaque.com\/cd\/?p=52437#primaryimage"},"thumbnailUrl":"https:\/\/noticiasemdestaque.com\/cd\/wp-content\/uploads\/2023\/10\/IMG_3800.jpg","datePublished":"2023-10-29T13:41:07+00:00","breadcrumb":{"@id":"https:\/\/noticiasemdestaque.com\/cd\/?p=52437#breadcrumb"},"inLanguage":"pt-BR","potentialAction":[{"@type":"ReadAction","target":["https:\/\/noticiasemdestaque.com\/cd\/?p=52437"]}]},{"@type":"ImageObject","inLanguage":"pt-BR","@id":"https:\/\/noticiasemdestaque.com\/cd\/?p=52437#primaryimage","url":"https:\/\/noticiasemdestaque.com\/cd\/wp-content\/uploads\/2023\/10\/IMG_3800.jpg","contentUrl":"https:\/\/noticiasemdestaque.com\/cd\/wp-content\/uploads\/2023\/10\/IMG_3800.jpg","width":1140,"height":570},{"@type":"BreadcrumbList","@id":"https:\/\/noticiasemdestaque.com\/cd\/?p=52437#breadcrumb","itemListElement":[{"@type":"ListItem","position":1,"name":"In\u00edcio","item":"https:\/\/noticiasemdestaque.com\/cd\/"},{"@type":"ListItem","position":2,"name":"C\u00e2mara de Vereadores de Ouro Velho aprova contas do prefeito Dr. Augusto Valadares"}]},{"@type":"WebSite","@id":"https:\/\/noticiasemdestaque.com\/cd\/#website","url":"https:\/\/noticiasemdestaque.com\/cd\/","name":"Not&iacute;cias em Destaque","description":"","publisher":{"@id":"https:\/\/noticiasemdestaque.com\/cd\/#organization"},"potentialAction":[{"@type":"SearchAction","target":{"@type":"EntryPoint","urlTemplate":"https:\/\/noticiasemdestaque.com\/cd\/?s={search_term_string}"},"query-input":{"@type":"PropertyValueSpecification","valueRequired":true,"valueName":"search_term_string"}}],"inLanguage":"pt-BR"},{"@type":"Organization","@id":"https:\/\/noticiasemdestaque.com\/cd\/#organization","name":"Not\u00edcias em Destaque","url":"https:\/\/noticiasemdestaque.com\/cd\/","logo":{"@type":"ImageObject","inLanguage":"pt-BR","@id":"https:\/\/noticiasemdestaque.com\/cd\/#\/schema\/logo\/image\/","url":"https:\/\/noticiasemdestaque.com\/cd\/wp-content\/uploads\/2022\/05\/imagem-base-noticiasemdestaque.png","contentUrl":"https:\/\/noticiasemdestaque.com\/cd\/wp-content\/uploads\/2022\/05\/imagem-base-noticiasemdestaque.png","width":1200,"height":630,"caption":"Not\u00edcias em Destaque"},"image":{"@id":"https:\/\/noticiasemdestaque.com\/cd\/#\/schema\/logo\/image\/"}},{"@type":"Person","@id":"https:\/\/noticiasemdestaque.com\/cd\/#\/schema\/person\/21320b03a7e8bb90128938dafc9b908a","name":"Not\u00edcias em Destaque","url":"https:\/\/noticiasemdestaque.com\/cd\/?author=2"}]}},"jetpack_featured_media_url":"https:\/\/noticiasemdestaque.com\/cd\/wp-content\/uploads\/2023\/10\/IMG_3800.jpg","jetpack_sharing_enabled":true,"_links":{"self":[{"href":"https:\/\/noticiasemdestaque.com\/cd\/index.php?rest_route=\/wp\/v2\/posts\/52437","targetHints":{"allow":["GET"]}}],"collection":[{"href":"https:\/\/noticiasemdestaque.com\/cd\/index.php?rest_route=\/wp\/v2\/posts"}],"about":[{"href":"https:\/\/noticiasemdestaque.com\/cd\/index.php?rest_route=\/wp\/v2\/types\/post"}],"author":[{"embeddable":true,"href":"https:\/\/noticiasemdestaque.com\/cd\/index.php?rest_route=\/wp\/v2\/users\/2"}],"replies":[{"embeddable":true,"href":"https:\/\/noticiasemdestaque.com\/cd\/index.php?rest_route=%2Fwp%2Fv2%2Fcomments&post=52437"}],"version-history":[{"count":1,"href":"https:\/\/noticiasemdestaque.com\/cd\/index.php?rest_route=\/wp\/v2\/posts\/52437\/revisions"}],"predecessor-version":[{"id":52440,"href":"https:\/\/noticiasemdestaque.com\/cd\/index.php?rest_route=\/wp\/v2\/posts\/52437\/revisions\/52440"}],"wp:featuredmedia":[{"embeddable":true,"href":"https:\/\/noticiasemdestaque.com\/cd\/index.php?rest_route=\/wp\/v2\/media\/52439"}],"wp:attachment":[{"href":"https:\/\/noticiasemdestaque.com\/cd\/index.php?rest_route=%2Fwp%2Fv2%2Fmedia&parent=52437"}],"wp:term":[{"taxonomy":"category","embeddable":true,"href":"https:\/\/noticiasemdestaque.com\/cd\/index.php?rest_route=%2Fwp%2Fv2%2Fcategories&post=52437"},{"taxonomy":"post_tag","embeddable":true,"href":"https:\/\/noticiasemdestaque.com\/cd\/index.php?rest_route=%2Fwp%2Fv2%2Ftags&post=52437"}],"curies":[{"name":"wp","href":"https:\/\/api.w.org\/{rel}","templated":true}]}}