{"id":52434,"date":"2023-10-29T10:32:29","date_gmt":"2023-10-29T13:32:29","guid":{"rendered":"https:\/\/noticiasemdestaque.com\/cd\/?p=52434"},"modified":"2023-10-29T10:32:29","modified_gmt":"2023-10-29T13:32:29","slug":"municipios-recebem-terceiro-repasse-do-fpm-na-segunda-outubro-fecha-em-queda","status":"publish","type":"post","link":"https:\/\/noticiasemdestaque.com\/cd\/?p=52434","title":{"rendered":"Munic\u00edpios recebem terceiro repasse do FPM na segunda; outubro fecha em queda"},"content":{"rendered":"<p><a href=\"https:\/\/noticiasemdestaque.com\/cd\/wp-content\/uploads\/2023\/10\/real_moedadinheiro_jfcrz_abr_1701220049_1-800x479-1.jpg\"><img fetchpriority=\"high\" decoding=\"async\" class=\" wp-image-52435 aligncenter\" src=\"https:\/\/noticiasemdestaque.com\/cd\/wp-content\/uploads\/2023\/10\/real_moedadinheiro_jfcrz_abr_1701220049_1-800x479-1-300x180.jpg\" alt=\"\" width=\"570\" height=\"342\" srcset=\"https:\/\/noticiasemdestaque.com\/cd\/wp-content\/uploads\/2023\/10\/real_moedadinheiro_jfcrz_abr_1701220049_1-800x479-1-300x180.jpg 300w, https:\/\/noticiasemdestaque.com\/cd\/wp-content\/uploads\/2023\/10\/real_moedadinheiro_jfcrz_abr_1701220049_1-800x479-1-768x460.jpg 768w, https:\/\/noticiasemdestaque.com\/cd\/wp-content\/uploads\/2023\/10\/real_moedadinheiro_jfcrz_abr_1701220049_1-800x479-1-18x12.jpg 18w, https:\/\/noticiasemdestaque.com\/cd\/wp-content\/uploads\/2023\/10\/real_moedadinheiro_jfcrz_abr_1701220049_1-800x479-1.jpg 800w\" sizes=\"(max-width: 570px) 100vw, 570px\" \/><\/a><\/p>\n<p>A Prefeituras recebem nessa segunda-feira (30) o terceiro repasse do Fundo de Participa\u00e7\u00e3o dos Munic\u00edpios (FPM). O valor a ser distribu\u00eddo entre as 5.568 cidades ser\u00e1 de R$ 3,7 bilh\u00f5es, j\u00e1 descontada a reten\u00e7\u00e3o do Fundo de Manuten\u00e7\u00e3o e Desenvolvimento da Educa\u00e7\u00e3o B\u00e1sica e de Valoriza\u00e7\u00e3o dos Profissionais da Educa\u00e7\u00e3o (Fundeb).<\/p>\n<p>O m\u00eas fecha com cen\u00e1rio negativo e a Confedera\u00e7\u00e3o Nacional de Munic\u00edpios (CNM) refor\u00e7ou o pedido de aten\u00e7\u00e3o aos gestores em raz\u00e3o das recentes quedas na arrecada\u00e7\u00e3o.<\/p>\n<p>De acordo com a nota produzida pela CNM baseada nos dados da Secretaria do Tesouro Nacional (STN), o acumulado do m\u00eas, em rela\u00e7\u00e3o ao mesmo per\u00edodo do ano anterior, teve queda de 0,55%. Quando o valor do repasse \u00e9 deflacionado, ou seja, desconsiderando a infla\u00e7\u00e3o do per\u00edodo, o impacto negativo \u00e9 acentuado, com queda de 5,1% em rela\u00e7\u00e3o ao mesmo per\u00edodo de 2022.<\/p>\n<p>Ao desconsiderar o comportamento da infla\u00e7\u00e3o, o acumulado do FPM neste ano tamb\u00e9m indica\u00a0 diminui\u00e7\u00e3o de 0,81% em rela\u00e7\u00e3o ao m\u00eas de outubro do ano passado. No segundo semestre, a queda nominal do FPM est\u00e1 em 2,13%, o que equivale a R$ 1,2 bilh\u00e3o. Se deixar de contabilizar os repasses adicionais de 1%, conquistas da CNM, a queda \u00e9 ainda maior e chega a 5,29% ou mais de R$ 2,5 bilh\u00f5es.<\/p>\n<p><strong>Recomposi\u00e7\u00e3o de perdas<\/strong><\/p>\n<p>A Mobiliza\u00e7\u00e3o Municipalista encabe\u00e7ada pela CNM e que contou com o apoio de v\u00e1rios gestores do pa\u00eds trouxe como resultado um pouco de alento aos Munic\u00edpios com a san\u00e7\u00e3o da Lei Complementar (LC) 201\/2023, que recomp\u00f5e as perdas do FPM entre julho e setembro de 2023. Ela ser\u00e1 feita com base na compara\u00e7\u00e3o com o mesmo per\u00edodo de 2022 e pela infla\u00e7\u00e3o acumulada.<\/p>\n<p>Dessa forma, garantir\u00e1, caso necess\u00e1rio, complementa\u00e7\u00e3o adicional na situa\u00e7\u00e3o de o FPM de 2023, acrescido da compensa\u00e7\u00e3o, ser inferior ao FPM de 2022 corrigido pelo \u00cdndice Nacional de Pre\u00e7os ao Consumidor Amplo (IPCA). De acordo com o an\u00fancio do governo federal, o valor a ser partilhado ser\u00e1 de R$ 4,17 bilh\u00f5es.<\/p>\n<p><strong>Noticias em Destaque<\/strong><\/p>\n<p style=\"text-align: right;\"><em>Fonte: CNM<\/em><\/p>\n","protected":false},"excerpt":{"rendered":"<p>A Prefeituras recebem nessa segunda-feira (30) o terceiro repasse do Fundo de Participa\u00e7\u00e3o dos Munic\u00edpios (FPM). O valor a ser distribu\u00eddo entre as 5.568 cidades ser\u00e1 de R$ 3,7 bilh\u00f5es, j\u00e1 descontada a reten\u00e7\u00e3o do Fundo de Manuten\u00e7\u00e3o e Desenvolvimento da Educa\u00e7\u00e3o B\u00e1sica e de Valoriza\u00e7\u00e3o dos Profissionais da Educa\u00e7\u00e3o (Fundeb). O m\u00eas fecha com cen\u00e1rio negativo e a Confedera\u00e7\u00e3o Nacional de Munic\u00edpios (CNM) refor\u00e7ou o pedido de aten\u00e7\u00e3o aos gestores em raz\u00e3o das recentes quedas na arrecada\u00e7\u00e3o. De acordo com a nota produzida pela CNM baseada nos dados da Secretaria do Tesouro Nacional (STN), o acumulado do m\u00eas, em rela\u00e7\u00e3o ao mesmo per\u00edodo do ano anterior, teve queda de 0,55%. Quando o valor do repasse \u00e9 deflacionado, ou seja, desconsiderando a infla\u00e7\u00e3o do per\u00edodo, o impacto negativo \u00e9 acentuado, com queda de 5,1% em rela\u00e7\u00e3o ao mesmo per\u00edodo de 2022. Ao desconsiderar o comportamento da infla\u00e7\u00e3o, o acumulado do FPM neste ano tamb\u00e9m indica\u00a0 diminui\u00e7\u00e3o de 0,81% em rela\u00e7\u00e3o ao m\u00eas de outubro do ano passado. No segundo semestre, a queda nominal do FPM est\u00e1 em 2,13%, o que equivale a R$ 1,2 bilh\u00e3o. Se deixar de contabilizar os repasses adicionais de 1%, conquistas da CNM, a queda \u00e9 ainda maior e chega a 5,29% ou mais de R$ 2,5 bilh\u00f5es. Recomposi\u00e7\u00e3o de perdas A Mobiliza\u00e7\u00e3o Municipalista encabe\u00e7ada pela CNM e que contou com o apoio de v\u00e1rios gestores do pa\u00eds trouxe como resultado um pouco de alento aos Munic\u00edpios com a san\u00e7\u00e3o da Lei Complementar (LC) 201\/2023, que recomp\u00f5e as perdas do FPM entre julho e setembro de 2023. Ela ser\u00e1 feita com base na compara\u00e7\u00e3o com o mesmo per\u00edodo de 2022 e pela infla\u00e7\u00e3o acumulada. Dessa forma, garantir\u00e1, caso necess\u00e1rio, complementa\u00e7\u00e3o adicional na situa\u00e7\u00e3o de o FPM de 2023, acrescido da compensa\u00e7\u00e3o, ser inferior ao FPM de 2022 corrigido pelo \u00cdndice Nacional de Pre\u00e7os ao Consumidor Amplo (IPCA). De acordo com o an\u00fancio do governo federal, o valor a ser partilhado ser\u00e1 de R$ 4,17 bilh\u00f5es. Noticias em Destaque Fonte: CNM<\/p>\n","protected":false},"author":2,"featured_media":41253,"comment_status":"closed","ping_status":"open","sticky":false,"template":"","format":"standard","meta":{"_eb_attr":"","_jetpack_memberships_contains_paid_content":false,"footnotes":""},"categories":[11,4],"tags":[],"class_list":["post-52434","post","type-post","status-publish","format-standard","has-post-thumbnail","hentry","category-economia","category-politica"],"yoast_head":"<!-- This site is optimized with the Yoast SEO plugin v26.5 - https:\/\/yoast.com\/wordpress\/plugins\/seo\/ -->\n<title>Munic\u00edpios recebem terceiro repasse do FPM na segunda; outubro fecha em queda - Not&iacute;cias em Destaque<\/title>\n<meta name=\"robots\" content=\"index, follow, max-snippet:-1, max-image-preview:large, max-video-preview:-1\" \/>\n<link rel=\"canonical\" href=\"https:\/\/noticiasemdestaque.com\/cd\/?p=52434\" \/>\n<meta property=\"og:locale\" content=\"pt_BR\" \/>\n<meta property=\"og:type\" content=\"article\" \/>\n<meta property=\"og:title\" content=\"Munic\u00edpios recebem terceiro repasse do FPM na segunda; outubro fecha em queda - Not&iacute;cias em Destaque\" \/>\n<meta property=\"og:description\" content=\"A Prefeituras recebem nessa segunda-feira (30) o terceiro repasse do Fundo de Participa\u00e7\u00e3o dos Munic\u00edpios (FPM). O valor a ser distribu\u00eddo entre as 5.568 cidades ser\u00e1 de R$ 3,7 bilh\u00f5es, j\u00e1 descontada a reten\u00e7\u00e3o do Fundo de Manuten\u00e7\u00e3o e Desenvolvimento da Educa\u00e7\u00e3o B\u00e1sica e de Valoriza\u00e7\u00e3o dos Profissionais da Educa\u00e7\u00e3o (Fundeb). O m\u00eas fecha com cen\u00e1rio negativo e a Confedera\u00e7\u00e3o Nacional de Munic\u00edpios (CNM) refor\u00e7ou o pedido de aten\u00e7\u00e3o aos gestores em raz\u00e3o das recentes quedas na arrecada\u00e7\u00e3o. De acordo com a nota produzida pela CNM baseada nos dados da Secretaria do Tesouro Nacional (STN), o acumulado do m\u00eas, em rela\u00e7\u00e3o ao mesmo per\u00edodo do ano anterior, teve queda de 0,55%. Quando o valor do repasse \u00e9 deflacionado, ou seja, desconsiderando a infla\u00e7\u00e3o do per\u00edodo, o impacto negativo \u00e9 acentuado, com queda de 5,1% em rela\u00e7\u00e3o ao mesmo per\u00edodo de 2022. Ao desconsiderar o comportamento da infla\u00e7\u00e3o, o acumulado do FPM neste ano tamb\u00e9m indica\u00a0 diminui\u00e7\u00e3o de 0,81% em rela\u00e7\u00e3o ao m\u00eas de outubro do ano passado. No segundo semestre, a queda nominal do FPM est\u00e1 em 2,13%, o que equivale a R$ 1,2 bilh\u00e3o. Se deixar de contabilizar os repasses adicionais de 1%, conquistas da CNM, a queda \u00e9 ainda maior e chega a 5,29% ou mais de R$ 2,5 bilh\u00f5es. Recomposi\u00e7\u00e3o de perdas A Mobiliza\u00e7\u00e3o Municipalista encabe\u00e7ada pela CNM e que contou com o apoio de v\u00e1rios gestores do pa\u00eds trouxe como resultado um pouco de alento aos Munic\u00edpios com a san\u00e7\u00e3o da Lei Complementar (LC) 201\/2023, que recomp\u00f5e as perdas do FPM entre julho e setembro de 2023. Ela ser\u00e1 feita com base na compara\u00e7\u00e3o com o mesmo per\u00edodo de 2022 e pela infla\u00e7\u00e3o acumulada. Dessa forma, garantir\u00e1, caso necess\u00e1rio, complementa\u00e7\u00e3o adicional na situa\u00e7\u00e3o de o FPM de 2023, acrescido da compensa\u00e7\u00e3o, ser inferior ao FPM de 2022 corrigido pelo \u00cdndice Nacional de Pre\u00e7os ao Consumidor Amplo (IPCA). De acordo com o an\u00fancio do governo federal, o valor a ser partilhado ser\u00e1 de R$ 4,17 bilh\u00f5es. Noticias em Destaque Fonte: CNM\" \/>\n<meta property=\"og:url\" content=\"https:\/\/noticiasemdestaque.com\/cd\/?p=52434\" \/>\n<meta property=\"og:site_name\" content=\"Not&iacute;cias em Destaque\" \/>\n<meta property=\"article:published_time\" content=\"2023-10-29T13:32:29+00:00\" \/>\n<meta property=\"og:image\" content=\"https:\/\/noticiasemdestaque.com\/cd\/wp-content\/uploads\/2022\/07\/real_moedadinheiro_jfcrz_abr_1701220048_1-1.jpg\" \/>\n\t<meta property=\"og:image:width\" content=\"1170\" \/>\n\t<meta property=\"og:image:height\" content=\"700\" \/>\n\t<meta property=\"og:image:type\" content=\"image\/jpeg\" \/>\n<meta name=\"author\" content=\"Not\u00edcias em Destaque\" \/>\n<meta name=\"twitter:card\" content=\"summary_large_image\" \/>\n<meta name=\"twitter:label1\" content=\"Escrito por\" \/>\n\t<meta name=\"twitter:data1\" content=\"Not\u00edcias em Destaque\" \/>\n\t<meta name=\"twitter:label2\" content=\"Est. tempo de leitura\" \/>\n\t<meta name=\"twitter:data2\" content=\"3 minutos\" \/>\n<script type=\"application\/ld+json\" class=\"yoast-schema-graph\">{\"@context\":\"https:\/\/schema.org\",\"@graph\":[{\"@type\":\"Article\",\"@id\":\"https:\/\/noticiasemdestaque.com\/cd\/?p=52434#article\",\"isPartOf\":{\"@id\":\"https:\/\/noticiasemdestaque.com\/cd\/?p=52434\"},\"author\":{\"name\":\"Not\u00edcias em Destaque\",\"@id\":\"https:\/\/noticiasemdestaque.com\/cd\/#\/schema\/person\/21320b03a7e8bb90128938dafc9b908a\"},\"headline\":\"Munic\u00edpios recebem terceiro repasse do FPM na segunda; outubro fecha em queda\",\"datePublished\":\"2023-10-29T13:32:29+00:00\",\"mainEntityOfPage\":{\"@id\":\"https:\/\/noticiasemdestaque.com\/cd\/?p=52434\"},\"wordCount\":376,\"publisher\":{\"@id\":\"https:\/\/noticiasemdestaque.com\/cd\/#organization\"},\"image\":{\"@id\":\"https:\/\/noticiasemdestaque.com\/cd\/?p=52434#primaryimage\"},\"thumbnailUrl\":\"https:\/\/noticiasemdestaque.com\/cd\/wp-content\/uploads\/2022\/07\/real_moedadinheiro_jfcrz_abr_1701220048_1-1.jpg\",\"articleSection\":[\"Economia\",\"Pol\u00edtica\"],\"inLanguage\":\"pt-BR\"},{\"@type\":\"WebPage\",\"@id\":\"https:\/\/noticiasemdestaque.com\/cd\/?p=52434\",\"url\":\"https:\/\/noticiasemdestaque.com\/cd\/?p=52434\",\"name\":\"Munic\u00edpios recebem terceiro repasse do FPM na segunda; outubro fecha em queda - Not&iacute;cias em Destaque\",\"isPartOf\":{\"@id\":\"https:\/\/noticiasemdestaque.com\/cd\/#website\"},\"primaryImageOfPage\":{\"@id\":\"https:\/\/noticiasemdestaque.com\/cd\/?p=52434#primaryimage\"},\"image\":{\"@id\":\"https:\/\/noticiasemdestaque.com\/cd\/?p=52434#primaryimage\"},\"thumbnailUrl\":\"https:\/\/noticiasemdestaque.com\/cd\/wp-content\/uploads\/2022\/07\/real_moedadinheiro_jfcrz_abr_1701220048_1-1.jpg\",\"datePublished\":\"2023-10-29T13:32:29+00:00\",\"breadcrumb\":{\"@id\":\"https:\/\/noticiasemdestaque.com\/cd\/?p=52434#breadcrumb\"},\"inLanguage\":\"pt-BR\",\"potentialAction\":[{\"@type\":\"ReadAction\",\"target\":[\"https:\/\/noticiasemdestaque.com\/cd\/?p=52434\"]}]},{\"@type\":\"ImageObject\",\"inLanguage\":\"pt-BR\",\"@id\":\"https:\/\/noticiasemdestaque.com\/cd\/?p=52434#primaryimage\",\"url\":\"https:\/\/noticiasemdestaque.com\/cd\/wp-content\/uploads\/2022\/07\/real_moedadinheiro_jfcrz_abr_1701220048_1-1.jpg\",\"contentUrl\":\"https:\/\/noticiasemdestaque.com\/cd\/wp-content\/uploads\/2022\/07\/real_moedadinheiro_jfcrz_abr_1701220048_1-1.jpg\",\"width\":1170,\"height\":700,\"caption\":\"Dinheiro, Real Moeda brasileira\"},{\"@type\":\"BreadcrumbList\",\"@id\":\"https:\/\/noticiasemdestaque.com\/cd\/?p=52434#breadcrumb\",\"itemListElement\":[{\"@type\":\"ListItem\",\"position\":1,\"name\":\"In\u00edcio\",\"item\":\"https:\/\/noticiasemdestaque.com\/cd\/\"},{\"@type\":\"ListItem\",\"position\":2,\"name\":\"Munic\u00edpios recebem terceiro repasse do FPM na segunda; outubro fecha em queda\"}]},{\"@type\":\"WebSite\",\"@id\":\"https:\/\/noticiasemdestaque.com\/cd\/#website\",\"url\":\"https:\/\/noticiasemdestaque.com\/cd\/\",\"name\":\"Not&iacute;cias em Destaque\",\"description\":\"\",\"publisher\":{\"@id\":\"https:\/\/noticiasemdestaque.com\/cd\/#organization\"},\"potentialAction\":[{\"@type\":\"SearchAction\",\"target\":{\"@type\":\"EntryPoint\",\"urlTemplate\":\"https:\/\/noticiasemdestaque.com\/cd\/?s={search_term_string}\"},\"query-input\":{\"@type\":\"PropertyValueSpecification\",\"valueRequired\":true,\"valueName\":\"search_term_string\"}}],\"inLanguage\":\"pt-BR\"},{\"@type\":\"Organization\",\"@id\":\"https:\/\/noticiasemdestaque.com\/cd\/#organization\",\"name\":\"Not\u00edcias em Destaque\",\"url\":\"https:\/\/noticiasemdestaque.com\/cd\/\",\"logo\":{\"@type\":\"ImageObject\",\"inLanguage\":\"pt-BR\",\"@id\":\"https:\/\/noticiasemdestaque.com\/cd\/#\/schema\/logo\/image\/\",\"url\":\"https:\/\/noticiasemdestaque.com\/cd\/wp-content\/uploads\/2022\/05\/imagem-base-noticiasemdestaque.png\",\"contentUrl\":\"https:\/\/noticiasemdestaque.com\/cd\/wp-content\/uploads\/2022\/05\/imagem-base-noticiasemdestaque.png\",\"width\":1200,\"height\":630,\"caption\":\"Not\u00edcias em Destaque\"},\"image\":{\"@id\":\"https:\/\/noticiasemdestaque.com\/cd\/#\/schema\/logo\/image\/\"}},{\"@type\":\"Person\",\"@id\":\"https:\/\/noticiasemdestaque.com\/cd\/#\/schema\/person\/21320b03a7e8bb90128938dafc9b908a\",\"name\":\"Not\u00edcias em Destaque\",\"url\":\"https:\/\/noticiasemdestaque.com\/cd\/?author=2\"}]}<\/script>\n<!-- \/ Yoast SEO plugin. -->","yoast_head_json":{"title":"Munic\u00edpios recebem terceiro repasse do FPM na segunda; outubro fecha em queda - Not&iacute;cias em Destaque","robots":{"index":"index","follow":"follow","max-snippet":"max-snippet:-1","max-image-preview":"max-image-preview:large","max-video-preview":"max-video-preview:-1"},"canonical":"https:\/\/noticiasemdestaque.com\/cd\/?p=52434","og_locale":"pt_BR","og_type":"article","og_title":"Munic\u00edpios recebem terceiro repasse do FPM na segunda; outubro fecha em queda - Not&iacute;cias em Destaque","og_description":"A Prefeituras recebem nessa segunda-feira (30) o terceiro repasse do Fundo de Participa\u00e7\u00e3o dos Munic\u00edpios (FPM). O valor a ser distribu\u00eddo entre as 5.568 cidades ser\u00e1 de R$ 3,7 bilh\u00f5es, j\u00e1 descontada a reten\u00e7\u00e3o do Fundo de Manuten\u00e7\u00e3o e Desenvolvimento da Educa\u00e7\u00e3o B\u00e1sica e de Valoriza\u00e7\u00e3o dos Profissionais da Educa\u00e7\u00e3o (Fundeb). O m\u00eas fecha com cen\u00e1rio negativo e a Confedera\u00e7\u00e3o Nacional de Munic\u00edpios (CNM) refor\u00e7ou o pedido de aten\u00e7\u00e3o aos gestores em raz\u00e3o das recentes quedas na arrecada\u00e7\u00e3o. De acordo com a nota produzida pela CNM baseada nos dados da Secretaria do Tesouro Nacional (STN), o acumulado do m\u00eas, em rela\u00e7\u00e3o ao mesmo per\u00edodo do ano anterior, teve queda de 0,55%. Quando o valor do repasse \u00e9 deflacionado, ou seja, desconsiderando a infla\u00e7\u00e3o do per\u00edodo, o impacto negativo \u00e9 acentuado, com queda de 5,1% em rela\u00e7\u00e3o ao mesmo per\u00edodo de 2022. Ao desconsiderar o comportamento da infla\u00e7\u00e3o, o acumulado do FPM neste ano tamb\u00e9m indica\u00a0 diminui\u00e7\u00e3o de 0,81% em rela\u00e7\u00e3o ao m\u00eas de outubro do ano passado. No segundo semestre, a queda nominal do FPM est\u00e1 em 2,13%, o que equivale a R$ 1,2 bilh\u00e3o. Se deixar de contabilizar os repasses adicionais de 1%, conquistas da CNM, a queda \u00e9 ainda maior e chega a 5,29% ou mais de R$ 2,5 bilh\u00f5es. Recomposi\u00e7\u00e3o de perdas A Mobiliza\u00e7\u00e3o Municipalista encabe\u00e7ada pela CNM e que contou com o apoio de v\u00e1rios gestores do pa\u00eds trouxe como resultado um pouco de alento aos Munic\u00edpios com a san\u00e7\u00e3o da Lei Complementar (LC) 201\/2023, que recomp\u00f5e as perdas do FPM entre julho e setembro de 2023. Ela ser\u00e1 feita com base na compara\u00e7\u00e3o com o mesmo per\u00edodo de 2022 e pela infla\u00e7\u00e3o acumulada. Dessa forma, garantir\u00e1, caso necess\u00e1rio, complementa\u00e7\u00e3o adicional na situa\u00e7\u00e3o de o FPM de 2023, acrescido da compensa\u00e7\u00e3o, ser inferior ao FPM de 2022 corrigido pelo \u00cdndice Nacional de Pre\u00e7os ao Consumidor Amplo (IPCA). De acordo com o an\u00fancio do governo federal, o valor a ser partilhado ser\u00e1 de R$ 4,17 bilh\u00f5es. Noticias em Destaque Fonte: CNM","og_url":"https:\/\/noticiasemdestaque.com\/cd\/?p=52434","og_site_name":"Not&iacute;cias em Destaque","article_published_time":"2023-10-29T13:32:29+00:00","og_image":[{"width":1170,"height":700,"url":"https:\/\/noticiasemdestaque.com\/cd\/wp-content\/uploads\/2022\/07\/real_moedadinheiro_jfcrz_abr_1701220048_1-1.jpg","type":"image\/jpeg"}],"author":"Not\u00edcias em Destaque","twitter_card":"summary_large_image","twitter_misc":{"Escrito por":"Not\u00edcias em Destaque","Est. tempo de leitura":"3 minutos"},"schema":{"@context":"https:\/\/schema.org","@graph":[{"@type":"Article","@id":"https:\/\/noticiasemdestaque.com\/cd\/?p=52434#article","isPartOf":{"@id":"https:\/\/noticiasemdestaque.com\/cd\/?p=52434"},"author":{"name":"Not\u00edcias em Destaque","@id":"https:\/\/noticiasemdestaque.com\/cd\/#\/schema\/person\/21320b03a7e8bb90128938dafc9b908a"},"headline":"Munic\u00edpios recebem terceiro repasse do FPM na segunda; outubro fecha em queda","datePublished":"2023-10-29T13:32:29+00:00","mainEntityOfPage":{"@id":"https:\/\/noticiasemdestaque.com\/cd\/?p=52434"},"wordCount":376,"publisher":{"@id":"https:\/\/noticiasemdestaque.com\/cd\/#organization"},"image":{"@id":"https:\/\/noticiasemdestaque.com\/cd\/?p=52434#primaryimage"},"thumbnailUrl":"https:\/\/noticiasemdestaque.com\/cd\/wp-content\/uploads\/2022\/07\/real_moedadinheiro_jfcrz_abr_1701220048_1-1.jpg","articleSection":["Economia","Pol\u00edtica"],"inLanguage":"pt-BR"},{"@type":"WebPage","@id":"https:\/\/noticiasemdestaque.com\/cd\/?p=52434","url":"https:\/\/noticiasemdestaque.com\/cd\/?p=52434","name":"Munic\u00edpios recebem terceiro repasse do FPM na segunda; outubro fecha em queda - Not&iacute;cias em Destaque","isPartOf":{"@id":"https:\/\/noticiasemdestaque.com\/cd\/#website"},"primaryImageOfPage":{"@id":"https:\/\/noticiasemdestaque.com\/cd\/?p=52434#primaryimage"},"image":{"@id":"https:\/\/noticiasemdestaque.com\/cd\/?p=52434#primaryimage"},"thumbnailUrl":"https:\/\/noticiasemdestaque.com\/cd\/wp-content\/uploads\/2022\/07\/real_moedadinheiro_jfcrz_abr_1701220048_1-1.jpg","datePublished":"2023-10-29T13:32:29+00:00","breadcrumb":{"@id":"https:\/\/noticiasemdestaque.com\/cd\/?p=52434#breadcrumb"},"inLanguage":"pt-BR","potentialAction":[{"@type":"ReadAction","target":["https:\/\/noticiasemdestaque.com\/cd\/?p=52434"]}]},{"@type":"ImageObject","inLanguage":"pt-BR","@id":"https:\/\/noticiasemdestaque.com\/cd\/?p=52434#primaryimage","url":"https:\/\/noticiasemdestaque.com\/cd\/wp-content\/uploads\/2022\/07\/real_moedadinheiro_jfcrz_abr_1701220048_1-1.jpg","contentUrl":"https:\/\/noticiasemdestaque.com\/cd\/wp-content\/uploads\/2022\/07\/real_moedadinheiro_jfcrz_abr_1701220048_1-1.jpg","width":1170,"height":700,"caption":"Dinheiro, Real Moeda brasileira"},{"@type":"BreadcrumbList","@id":"https:\/\/noticiasemdestaque.com\/cd\/?p=52434#breadcrumb","itemListElement":[{"@type":"ListItem","position":1,"name":"In\u00edcio","item":"https:\/\/noticiasemdestaque.com\/cd\/"},{"@type":"ListItem","position":2,"name":"Munic\u00edpios recebem terceiro repasse do FPM na segunda; outubro fecha em queda"}]},{"@type":"WebSite","@id":"https:\/\/noticiasemdestaque.com\/cd\/#website","url":"https:\/\/noticiasemdestaque.com\/cd\/","name":"Not&iacute;cias em Destaque","description":"","publisher":{"@id":"https:\/\/noticiasemdestaque.com\/cd\/#organization"},"potentialAction":[{"@type":"SearchAction","target":{"@type":"EntryPoint","urlTemplate":"https:\/\/noticiasemdestaque.com\/cd\/?s={search_term_string}"},"query-input":{"@type":"PropertyValueSpecification","valueRequired":true,"valueName":"search_term_string"}}],"inLanguage":"pt-BR"},{"@type":"Organization","@id":"https:\/\/noticiasemdestaque.com\/cd\/#organization","name":"Not\u00edcias em Destaque","url":"https:\/\/noticiasemdestaque.com\/cd\/","logo":{"@type":"ImageObject","inLanguage":"pt-BR","@id":"https:\/\/noticiasemdestaque.com\/cd\/#\/schema\/logo\/image\/","url":"https:\/\/noticiasemdestaque.com\/cd\/wp-content\/uploads\/2022\/05\/imagem-base-noticiasemdestaque.png","contentUrl":"https:\/\/noticiasemdestaque.com\/cd\/wp-content\/uploads\/2022\/05\/imagem-base-noticiasemdestaque.png","width":1200,"height":630,"caption":"Not\u00edcias em Destaque"},"image":{"@id":"https:\/\/noticiasemdestaque.com\/cd\/#\/schema\/logo\/image\/"}},{"@type":"Person","@id":"https:\/\/noticiasemdestaque.com\/cd\/#\/schema\/person\/21320b03a7e8bb90128938dafc9b908a","name":"Not\u00edcias em Destaque","url":"https:\/\/noticiasemdestaque.com\/cd\/?author=2"}]}},"jetpack_featured_media_url":"https:\/\/noticiasemdestaque.com\/cd\/wp-content\/uploads\/2022\/07\/real_moedadinheiro_jfcrz_abr_1701220048_1-1.jpg","jetpack_sharing_enabled":true,"_links":{"self":[{"href":"https:\/\/noticiasemdestaque.com\/cd\/index.php?rest_route=\/wp\/v2\/posts\/52434","targetHints":{"allow":["GET"]}}],"collection":[{"href":"https:\/\/noticiasemdestaque.com\/cd\/index.php?rest_route=\/wp\/v2\/posts"}],"about":[{"href":"https:\/\/noticiasemdestaque.com\/cd\/index.php?rest_route=\/wp\/v2\/types\/post"}],"author":[{"embeddable":true,"href":"https:\/\/noticiasemdestaque.com\/cd\/index.php?rest_route=\/wp\/v2\/users\/2"}],"replies":[{"embeddable":true,"href":"https:\/\/noticiasemdestaque.com\/cd\/index.php?rest_route=%2Fwp%2Fv2%2Fcomments&post=52434"}],"version-history":[{"count":1,"href":"https:\/\/noticiasemdestaque.com\/cd\/index.php?rest_route=\/wp\/v2\/posts\/52434\/revisions"}],"predecessor-version":[{"id":52436,"href":"https:\/\/noticiasemdestaque.com\/cd\/index.php?rest_route=\/wp\/v2\/posts\/52434\/revisions\/52436"}],"wp:featuredmedia":[{"embeddable":true,"href":"https:\/\/noticiasemdestaque.com\/cd\/index.php?rest_route=\/wp\/v2\/media\/41253"}],"wp:attachment":[{"href":"https:\/\/noticiasemdestaque.com\/cd\/index.php?rest_route=%2Fwp%2Fv2%2Fmedia&parent=52434"}],"wp:term":[{"taxonomy":"category","embeddable":true,"href":"https:\/\/noticiasemdestaque.com\/cd\/index.php?rest_route=%2Fwp%2Fv2%2Fcategories&post=52434"},{"taxonomy":"post_tag","embeddable":true,"href":"https:\/\/noticiasemdestaque.com\/cd\/index.php?rest_route=%2Fwp%2Fv2%2Ftags&post=52434"}],"curies":[{"name":"wp","href":"https:\/\/api.w.org\/{rel}","templated":true}]}}