{"id":52428,"date":"2023-10-28T20:07:50","date_gmt":"2023-10-28T23:07:50","guid":{"rendered":"https:\/\/noticiasemdestaque.com\/cd\/?p=52428"},"modified":"2023-10-28T20:07:50","modified_gmt":"2023-10-28T23:07:50","slug":"fortaleza-perde-para-ldu-nos-penaltis-e-e-vice-da-sul-americana","status":"publish","type":"post","link":"https:\/\/noticiasemdestaque.com\/cd\/?p=52428","title":{"rendered":"Fortaleza perde para LDU nos p\u00eanaltis e \u00e9 vice da Sul-Americana"},"content":{"rendered":"<div class=\"ArticleParagraph_articleParagraph__MrxYL\">\n<p><a href=\"https:\/\/noticiasemdestaque.com\/cd\/wp-content\/uploads\/2023\/10\/https___wp-images.onefootball.jpg\"><img fetchpriority=\"high\" decoding=\"async\" class=\" wp-image-52429 aligncenter\" src=\"https:\/\/noticiasemdestaque.com\/cd\/wp-content\/uploads\/2023\/10\/https___wp-images.onefootball-300x225.jpg\" alt=\"\" width=\"799\" height=\"599\" srcset=\"https:\/\/noticiasemdestaque.com\/cd\/wp-content\/uploads\/2023\/10\/https___wp-images.onefootball-300x225.jpg 300w, https:\/\/noticiasemdestaque.com\/cd\/wp-content\/uploads\/2023\/10\/https___wp-images.onefootball-1024x768.jpg 1024w, https:\/\/noticiasemdestaque.com\/cd\/wp-content\/uploads\/2023\/10\/https___wp-images.onefootball-768x576.jpg 768w, https:\/\/noticiasemdestaque.com\/cd\/wp-content\/uploads\/2023\/10\/https___wp-images.onefootball-1536x1152.jpg 1536w, https:\/\/noticiasemdestaque.com\/cd\/wp-content\/uploads\/2023\/10\/https___wp-images.onefootball-16x12.jpg 16w, https:\/\/noticiasemdestaque.com\/cd\/wp-content\/uploads\/2023\/10\/https___wp-images.onefootball.jpg 1680w\" sizes=\"(max-width: 799px) 100vw, 799px\" \/><\/a><\/p>\n<p>O\u00a0Fortaleza\u00a0perdeu para a LDU nos p\u00eanaltis por 4 x 3, ap\u00f3s 1 x 1 no tempo regulamentar, neste s\u00e1bado (28), no Est\u00e1dio Domingo Burgue\u00f1o Miguel, no Uruguai, e ficou com o vice-campeonato da Copa Conmebol Sul-Americana 2023.<\/p>\n<\/div>\n<div class=\"ArticleParagraph_articleParagraph__MrxYL\">\n<p>\u00c9 o segundo t\u00edtulo do torneio continental da equipe equatoriana.<\/p>\n<\/div>\n<div class=\"EmbeddedVideoPlayer_container__OkFxT\">\n<div class=\"EmbeddedVideoPlayer_videoPlayerWrapper__YGs9C\">\n<div id=\"dugout-video-0\" class=\"dugout-video dugout-embed-eyJrZXkiOiIiLCJwIjoib25lZm9vdGJhbGwtY3dlYiIsInBsIjoiUHNENlkxMjAifQ== EmbeddedVideoPlayer_videoPlayer__hle8o\" dir=\"ltr\" data-testid=\"video-player\">\n<div id=\"dugout-inner-0\" class=\"dugout-float\" data-testid=\"dugout-inner\">\n<div id=\"player-1\" class=\"jwplayer jw-reset jw-state-paused jw-stretch-uniform jw-flag-aspect-mode jw-breakpoint-1 jw-floating-dismissible jw-flag-small-player jw-flag-user-inactive\" tabindex=\"0\" role=\"application\" aria-label=\"Reprodutor de V\u00eddeo\" aria-describedby=\"jw-player-1-shortcuts-tooltip-explanation\">\n<div class=\"jw-wrapper jw-reset\">\n<div class=\"jw-controls jw-reset\">\n<div class=\"jw-display jw-reset\">\n<div class=\"jw-display-container jw-reset\">\n<div class=\"jw-display-controls jw-reset\">\n<div class=\"jw-display-icon-container jw-display-icon-next jw-reset\"><\/div>\n<\/div>\n<\/div>\n<\/div>\n<\/div>\n<\/div>\n<\/div>\n<div class=\"dugout-keep-watching-button\" data-testid=\"keep-watching\">\n<div class=\"dugout-keep-watching-button__content\"><\/div>\n<\/div>\n<\/div>\n<\/div>\n<\/div>\n<\/div>\n<div class=\"ImageWithSets_of-image__ovnCW\"><picture class=\"ImageWithSets_of-image__picture__4hzsN\"><source srcset=\"https:\/\/image-service.onefootball.com\/transform?w=840&amp;h=1050&amp;dpr=2&amp;image=https%3A%2F%2Fwp-images.onefootball.com%2Fwp-content%2Fuploads%2Fsites%2F13%2F2023%2F10%2FF9j8wl5W8AAJIGZ.jpg\" media=\"(min-width: 1280px) and (prefers-color-scheme: dark)\" \/><source srcset=\"https:\/\/image-service.onefootball.com\/transform?w=840&amp;h=1050&amp;dpr=2&amp;image=https%3A%2F%2Fwp-images.onefootball.com%2Fwp-content%2Fuploads%2Fsites%2F13%2F2023%2F10%2FF9j8wl5W8AAJIGZ.jpg\" media=\"(min-width: 1280px) and (prefers-color-scheme: light)\" \/><source srcset=\"https:\/\/image-service.onefootball.com\/transform?w=620&amp;h=775&amp;dpr=2&amp;image=https%3A%2F%2Fwp-images.onefootball.com%2Fwp-content%2Fuploads%2Fsites%2F13%2F2023%2F10%2FF9j8wl5W8AAJIGZ.jpg\" media=\"(min-width: 1024px) and (max-width: 1279px) and (prefers-color-scheme: dark)\" \/><source srcset=\"https:\/\/image-service.onefootball.com\/transform?w=620&amp;h=775&amp;dpr=2&amp;image=https%3A%2F%2Fwp-images.onefootball.com%2Fwp-content%2Fuploads%2Fsites%2F13%2F2023%2F10%2FF9j8wl5W8AAJIGZ.jpg\" media=\"(min-width: 1024px) and (max-width: 1279px) and (prefers-color-scheme: light)\" \/><source srcset=\"https:\/\/image-service.onefootball.com\/transform?w=336&amp;h=420&amp;dpr=2&amp;image=https%3A%2F%2Fwp-images.onefootball.com%2Fwp-content%2Fuploads%2Fsites%2F13%2F2023%2F10%2FF9j8wl5W8AAJIGZ.jpg\" media=\"(min-width: 768px) and (max-width: 1023px) and (prefers-color-scheme: dark)\" \/><source srcset=\"https:\/\/image-service.onefootball.com\/transform?w=336&amp;h=420&amp;dpr=2&amp;image=https%3A%2F%2Fwp-images.onefootball.com%2Fwp-content%2Fuploads%2Fsites%2F13%2F2023%2F10%2FF9j8wl5W8AAJIGZ.jpg\" media=\"(min-width: 768px) and (max-width: 1023px) and (prefers-color-scheme: light)\" \/><source srcset=\"https:\/\/image-service.onefootball.com\/transform?w=280&amp;h=350&amp;dpr=2&amp;image=https%3A%2F%2Fwp-images.onefootball.com%2Fwp-content%2Fuploads%2Fsites%2F13%2F2023%2F10%2FF9j8wl5W8AAJIGZ.jpg\" media=\"(max-width: 767px) and (prefers-color-scheme: dark)\" \/><source srcset=\"https:\/\/image-service.onefootball.com\/transform?w=280&amp;h=350&amp;dpr=2&amp;image=https%3A%2F%2Fwp-images.onefootball.com%2Fwp-content%2Fuploads%2Fsites%2F13%2F2023%2F10%2FF9j8wl5W8AAJIGZ.jpg\" media=\"(max-width: 767px) and (prefers-color-scheme: light)\" \/><img decoding=\"async\" class=\"ImageWithSets_of-image__img__pezo7 ImageWrapper_media-container__image__Rd2_F aligncenter\" src=\"https:\/\/image-service.onefootball.com\/transform?w=280&amp;h=350&amp;dpr=2&amp;image=https%3A%2F%2Fwp-images.onefootball.com%2Fwp-content%2Fuploads%2Fsites%2F13%2F2023%2F10%2FF9j8wl5W8AAJIGZ.jpg\" alt=\"Imagem do artigo:\ud83d\udea8 Fortaleza perde nos p\u00eanaltis, e LDU \u00e9 campe\u00e3 da Sul-Americana 2023\" width=\"667\" height=\"834\" \/><\/picture><\/div>\n<div class=\"ArticleParagraph_articleParagraph__MrxYL\">\n<p>O primeiro tempo na cidade de Maldonado n\u00e3o foi bom tecnicamente. Ainda que o Le\u00e3o tenha tido mais posse de bola (60% x 40%), o jogo foi muito brigado e com alto n\u00famero de faltas (6 x 8).<\/p>\n<\/div>\n<div class=\"ArticleParagraph_articleParagraph__MrxYL\">\n<p>Mas chances de gol foram rar\u00edssimas. Sem nenhuma finaliza\u00e7\u00e3o no gol, o\u00a0<a href=\"https:\/\/onefootball.com\/pt-br\/time\/fortaleza-4831\">Fortaleza<\/a>\u00a0teve uma grande oportunidade quando Marinho entrou na \u00e1rea em condi\u00e7\u00f5es de chutas, mas preferiu dar um drible a mais e perdeu a bola.<\/p>\n<\/div>\n<div class=\"ImageWithSets_of-image__ovnCW\"><picture class=\"ImageWithSets_of-image__picture__4hzsN\"><source srcset=\"https:\/\/image-service.onefootball.com\/transform?w=840&amp;h=821&amp;dpr=2&amp;image=https%3A%2F%2Fwp-images.onefootball.com%2Fwp-content%2Fuploads%2Fsites%2F13%2F2023%2F10%2Fintervalo-for-ldu.jpg\" media=\"(min-width: 1280px) and (prefers-color-scheme: dark)\" \/><source srcset=\"https:\/\/image-service.onefootball.com\/transform?w=840&amp;h=821&amp;dpr=2&amp;image=https%3A%2F%2Fwp-images.onefootball.com%2Fwp-content%2Fuploads%2Fsites%2F13%2F2023%2F10%2Fintervalo-for-ldu.jpg\" media=\"(min-width: 1280px) and (prefers-color-scheme: light)\" \/><source srcset=\"https:\/\/image-service.onefootball.com\/transform?w=620&amp;h=606&amp;dpr=2&amp;image=https%3A%2F%2Fwp-images.onefootball.com%2Fwp-content%2Fuploads%2Fsites%2F13%2F2023%2F10%2Fintervalo-for-ldu.jpg\" media=\"(min-width: 1024px) and (max-width: 1279px) and (prefers-color-scheme: dark)\" \/><source srcset=\"https:\/\/image-service.onefootball.com\/transform?w=620&amp;h=606&amp;dpr=2&amp;image=https%3A%2F%2Fwp-images.onefootball.com%2Fwp-content%2Fuploads%2Fsites%2F13%2F2023%2F10%2Fintervalo-for-ldu.jpg\" media=\"(min-width: 1024px) and (max-width: 1279px) and (prefers-color-scheme: light)\" \/><source srcset=\"https:\/\/image-service.onefootball.com\/transform?w=336&amp;h=329&amp;dpr=2&amp;image=https%3A%2F%2Fwp-images.onefootball.com%2Fwp-content%2Fuploads%2Fsites%2F13%2F2023%2F10%2Fintervalo-for-ldu.jpg\" media=\"(min-width: 768px) and (max-width: 1023px) and (prefers-color-scheme: dark)\" \/><source srcset=\"https:\/\/image-service.onefootball.com\/transform?w=336&amp;h=329&amp;dpr=2&amp;image=https%3A%2F%2Fwp-images.onefootball.com%2Fwp-content%2Fuploads%2Fsites%2F13%2F2023%2F10%2Fintervalo-for-ldu.jpg\" media=\"(min-width: 768px) and (max-width: 1023px) and (prefers-color-scheme: light)\" \/><source srcset=\"https:\/\/image-service.onefootball.com\/transform?w=280&amp;h=274&amp;dpr=2&amp;image=https%3A%2F%2Fwp-images.onefootball.com%2Fwp-content%2Fuploads%2Fsites%2F13%2F2023%2F10%2Fintervalo-for-ldu.jpg\" media=\"(max-width: 767px) and (prefers-color-scheme: dark)\" \/><source srcset=\"https:\/\/image-service.onefootball.com\/transform?w=280&amp;h=274&amp;dpr=2&amp;image=https%3A%2F%2Fwp-images.onefootball.com%2Fwp-content%2Fuploads%2Fsites%2F13%2F2023%2F10%2Fintervalo-for-ldu.jpg\" media=\"(max-width: 767px) and (prefers-color-scheme: light)\" \/><img decoding=\"async\" class=\"ImageWithSets_of-image__img__pezo7 ImageWrapper_media-container__image__Rd2_F aligncenter\" src=\"https:\/\/image-service.onefootball.com\/transform?w=280&amp;h=274&amp;dpr=2&amp;image=https%3A%2F%2Fwp-images.onefootball.com%2Fwp-content%2Fuploads%2Fsites%2F13%2F2023%2F10%2Fintervalo-for-ldu.jpg\" alt=\"Imagem do artigo:\ud83d\udea8 Fortaleza perde nos p\u00eanaltis, e LDU \u00e9 campe\u00e3 da Sul-Americana 2023\" width=\"433\" height=\"424\" \/><\/picture><\/div>\n<div class=\"ArticleParagraph_articleParagraph__MrxYL\">\n<p>Ap\u00f3s o intervalo, por\u00e9m, tudo mudou!<\/p>\n<\/div>\n<div class=\"ArticleParagraph_articleParagraph__MrxYL\">\n<p>Depois de Jo\u00e3o Ricardo fazer uma grande defesa na finaliza\u00e7\u00e3o dentro da \u00e1rea de Jhojan Julio (2\u2032), Pochettino escapou pela direita, cruzou na medida, e Lucero (3\u2032) bateu de primeira para abrir o placar para o Laion!<\/p>\n<\/div>\n<div class=\"ArticleParagraph_articleParagraph__MrxYL\">\n<p>Por\u00e9m, a vantagem tricolor n\u00e3o durou muito. Ap\u00f3s um belo lan\u00e7amento do campo de defesa, Alzugaray (11\u2032) ganhou no corpo de Bruno Pacheco, driblou dois marcadores dentro da \u00e1rea e bateu forte para empatar com um gola\u00e7o.<\/p>\n<\/div>\n<div class=\"ArticleParagraph_articleParagraph__MrxYL\">\n<p>Melhor em campo, o\u00a0<a href=\"https:\/\/onefootball.com\/pt-br\/time\/fortaleza-4831\">Fortaleza<\/a> assustou ainda em um chute forte de Pikachu (20\u2032) e tamb\u00e9m em um desvio na \u00e1rea de Bruno Pacheco (22\u2032). Em ambos os lances, o goleiro Alexander Dom\u00ednguez fez as defesas<\/p>\n<\/div>\n<div class=\"ArticleParagraph_articleParagraph__MrxYL\">\n<p>A LDU assustou no fim, em uma bomba de longe de Mart\u00ednez (45\u2032), mas Jo\u00e3o Ricardo estava atento para mandar para escanteio.<\/p>\n<\/div>\n<div class=\"ArticleParagraph_articleParagraph__MrxYL\">\n<h3>\u23f1 Prorroga\u00e7\u00e3o<\/h3>\n<\/div>\n<div class=\"ArticleParagraph_articleParagraph__MrxYL\">\n<p>Com ambas as equipes cansadas, praticamente n\u00e3o houve grandes chances. O zagueiro Titi, inclusive, ficou em campo fazendo n\u00famero no ataque em fun\u00e7\u00e3o de uma les\u00e3o muscular e sem a possibilidade de ser substitu\u00eddo.<\/p>\n<\/div>\n<div class=\"ArticleParagraph_articleParagraph__MrxYL\">\n<h3>\ufe0f\u26bd\ufe0f P\u00eanaltis<\/h3>\n<\/div>\n<div class=\"ArticleParagraph_articleParagraph__MrxYL\">\n<p>LDU: Alzugaray, Mart\u00ednez, Jhojan Julio e Piovi converteram; Guerrero e Alvarado perderam.<\/p>\n<\/div>\n<div class=\"ArticleParagraph_articleParagraph__MrxYL\">\n<p>Fortaleza: Thiago Galhardo, Yago Pikachu e Tinga marcaram; Silvio Romero, Pedro Augusto e Br\u00edtez desperdi\u00e7aram.<\/p>\n<\/div>\n<p><strong>Noticias em Destaque<\/strong><\/p>\n<p style=\"text-align: right;\"><em>Fonte: One Football<\/em><\/p>\n","protected":false},"excerpt":{"rendered":"<p>O\u00a0Fortaleza\u00a0perdeu para a LDU nos p\u00eanaltis por 4 x 3, ap\u00f3s 1 x 1 no tempo regulamentar, neste s\u00e1bado (28), no Est\u00e1dio Domingo Burgue\u00f1o Miguel, no Uruguai, e ficou com o vice-campeonato da Copa Conmebol Sul-Americana 2023. \u00c9 o segundo t\u00edtulo do torneio continental da equipe equatoriana. O primeiro tempo na cidade de Maldonado n\u00e3o foi bom tecnicamente. Ainda que o Le\u00e3o tenha tido mais posse de bola (60% x 40%), o jogo foi muito brigado e com alto n\u00famero de faltas (6 x 8). Mas chances de gol foram rar\u00edssimas. Sem nenhuma finaliza\u00e7\u00e3o no gol, o\u00a0Fortaleza\u00a0teve uma grande oportunidade quando Marinho entrou na \u00e1rea em condi\u00e7\u00f5es de chutas, mas preferiu dar um drible a mais e perdeu a bola. Ap\u00f3s o intervalo, por\u00e9m, tudo mudou! Depois de Jo\u00e3o Ricardo fazer uma grande defesa na finaliza\u00e7\u00e3o dentro da \u00e1rea de Jhojan Julio (2\u2032), Pochettino escapou pela direita, cruzou na medida, e Lucero (3\u2032) bateu de primeira para abrir o placar para o Laion! Por\u00e9m, a vantagem tricolor n\u00e3o durou muito. Ap\u00f3s um belo lan\u00e7amento do campo de defesa, Alzugaray (11\u2032) ganhou no corpo de Bruno Pacheco, driblou dois marcadores dentro da \u00e1rea e bateu forte para empatar com um gola\u00e7o. Melhor em campo, o\u00a0Fortaleza assustou ainda em um chute forte de Pikachu (20\u2032) e tamb\u00e9m em um desvio na \u00e1rea de Bruno Pacheco (22\u2032). Em ambos os lances, o goleiro Alexander Dom\u00ednguez fez as defesas A LDU assustou no fim, em uma bomba de longe de Mart\u00ednez (45\u2032), mas Jo\u00e3o Ricardo estava atento para mandar para escanteio. \u23f1 Prorroga\u00e7\u00e3o Com ambas as equipes cansadas, praticamente n\u00e3o houve grandes chances. O zagueiro Titi, inclusive, ficou em campo fazendo n\u00famero no ataque em fun\u00e7\u00e3o de uma les\u00e3o muscular e sem a possibilidade de ser substitu\u00eddo. \ufe0f\u26bd\ufe0f P\u00eanaltis LDU: Alzugaray, Mart\u00ednez, Jhojan Julio e Piovi converteram; Guerrero e Alvarado perderam. Fortaleza: Thiago Galhardo, Yago Pikachu e Tinga marcaram; Silvio Romero, Pedro Augusto e Br\u00edtez desperdi\u00e7aram. Noticias em Destaque Fonte: One Football<\/p>\n","protected":false},"author":2,"featured_media":52429,"comment_status":"closed","ping_status":"open","sticky":false,"template":"","format":"standard","meta":{"_eb_attr":"","_jetpack_memberships_contains_paid_content":false,"footnotes":""},"categories":[15],"tags":[],"class_list":["post-52428","post","type-post","status-publish","format-standard","has-post-thumbnail","hentry","category-esporte"],"yoast_head":"<!-- This site is optimized with the Yoast SEO plugin v26.5 - https:\/\/yoast.com\/wordpress\/plugins\/seo\/ -->\n<title>Fortaleza perde para LDU nos p\u00eanaltis e \u00e9 vice da Sul-Americana - Not&iacute;cias em Destaque<\/title>\n<meta name=\"robots\" content=\"index, follow, max-snippet:-1, max-image-preview:large, max-video-preview:-1\" \/>\n<link rel=\"canonical\" href=\"https:\/\/noticiasemdestaque.com\/cd\/?p=52428\" \/>\n<meta property=\"og:locale\" content=\"pt_BR\" \/>\n<meta property=\"og:type\" content=\"article\" \/>\n<meta property=\"og:title\" content=\"Fortaleza perde para LDU nos p\u00eanaltis e \u00e9 vice da Sul-Americana - Not&iacute;cias em Destaque\" \/>\n<meta property=\"og:description\" content=\"O\u00a0Fortaleza\u00a0perdeu para a LDU nos p\u00eanaltis por 4 x 3, ap\u00f3s 1 x 1 no tempo regulamentar, neste s\u00e1bado (28), no Est\u00e1dio Domingo Burgue\u00f1o Miguel, no Uruguai, e ficou com o vice-campeonato da Copa Conmebol Sul-Americana 2023. \u00c9 o segundo t\u00edtulo do torneio continental da equipe equatoriana. O primeiro tempo na cidade de Maldonado n\u00e3o foi bom tecnicamente. Ainda que o Le\u00e3o tenha tido mais posse de bola (60% x 40%), o jogo foi muito brigado e com alto n\u00famero de faltas (6 x 8). Mas chances de gol foram rar\u00edssimas. Sem nenhuma finaliza\u00e7\u00e3o no gol, o\u00a0Fortaleza\u00a0teve uma grande oportunidade quando Marinho entrou na \u00e1rea em condi\u00e7\u00f5es de chutas, mas preferiu dar um drible a mais e perdeu a bola. Ap\u00f3s o intervalo, por\u00e9m, tudo mudou! Depois de Jo\u00e3o Ricardo fazer uma grande defesa na finaliza\u00e7\u00e3o dentro da \u00e1rea de Jhojan Julio (2\u2032), Pochettino escapou pela direita, cruzou na medida, e Lucero (3\u2032) bateu de primeira para abrir o placar para o Laion! Por\u00e9m, a vantagem tricolor n\u00e3o durou muito. Ap\u00f3s um belo lan\u00e7amento do campo de defesa, Alzugaray (11\u2032) ganhou no corpo de Bruno Pacheco, driblou dois marcadores dentro da \u00e1rea e bateu forte para empatar com um gola\u00e7o. Melhor em campo, o\u00a0Fortaleza assustou ainda em um chute forte de Pikachu (20\u2032) e tamb\u00e9m em um desvio na \u00e1rea de Bruno Pacheco (22\u2032). Em ambos os lances, o goleiro Alexander Dom\u00ednguez fez as defesas A LDU assustou no fim, em uma bomba de longe de Mart\u00ednez (45\u2032), mas Jo\u00e3o Ricardo estava atento para mandar para escanteio. \u23f1 Prorroga\u00e7\u00e3o Com ambas as equipes cansadas, praticamente n\u00e3o houve grandes chances. O zagueiro Titi, inclusive, ficou em campo fazendo n\u00famero no ataque em fun\u00e7\u00e3o de uma les\u00e3o muscular e sem a possibilidade de ser substitu\u00eddo. \ufe0f\u26bd\ufe0f P\u00eanaltis LDU: Alzugaray, Mart\u00ednez, Jhojan Julio e Piovi converteram; Guerrero e Alvarado perderam. Fortaleza: Thiago Galhardo, Yago Pikachu e Tinga marcaram; Silvio Romero, Pedro Augusto e Br\u00edtez desperdi\u00e7aram. Noticias em Destaque Fonte: One Football\" \/>\n<meta property=\"og:url\" content=\"https:\/\/noticiasemdestaque.com\/cd\/?p=52428\" \/>\n<meta property=\"og:site_name\" content=\"Not&iacute;cias em Destaque\" \/>\n<meta property=\"article:published_time\" content=\"2023-10-28T23:07:50+00:00\" \/>\n<meta property=\"og:image\" content=\"https:\/\/noticiasemdestaque.com\/cd\/wp-content\/uploads\/2023\/10\/https___wp-images.onefootball.jpg\" \/>\n\t<meta property=\"og:image:width\" content=\"1680\" \/>\n\t<meta property=\"og:image:height\" content=\"1260\" \/>\n\t<meta property=\"og:image:type\" content=\"image\/jpeg\" \/>\n<meta name=\"author\" content=\"Not\u00edcias em Destaque\" \/>\n<meta name=\"twitter:card\" content=\"summary_large_image\" \/>\n<meta name=\"twitter:label1\" content=\"Escrito por\" \/>\n\t<meta name=\"twitter:data1\" content=\"Not\u00edcias em Destaque\" \/>\n\t<meta name=\"twitter:label2\" content=\"Est. tempo de leitura\" \/>\n\t<meta name=\"twitter:data2\" content=\"3 minutos\" \/>\n<script type=\"application\/ld+json\" class=\"yoast-schema-graph\">{\"@context\":\"https:\/\/schema.org\",\"@graph\":[{\"@type\":\"Article\",\"@id\":\"https:\/\/noticiasemdestaque.com\/cd\/?p=52428#article\",\"isPartOf\":{\"@id\":\"https:\/\/noticiasemdestaque.com\/cd\/?p=52428\"},\"author\":{\"name\":\"Not\u00edcias em Destaque\",\"@id\":\"https:\/\/noticiasemdestaque.com\/cd\/#\/schema\/person\/21320b03a7e8bb90128938dafc9b908a\"},\"headline\":\"Fortaleza perde para LDU nos p\u00eanaltis e \u00e9 vice da Sul-Americana\",\"datePublished\":\"2023-10-28T23:07:50+00:00\",\"mainEntityOfPage\":{\"@id\":\"https:\/\/noticiasemdestaque.com\/cd\/?p=52428\"},\"wordCount\":360,\"publisher\":{\"@id\":\"https:\/\/noticiasemdestaque.com\/cd\/#organization\"},\"image\":{\"@id\":\"https:\/\/noticiasemdestaque.com\/cd\/?p=52428#primaryimage\"},\"thumbnailUrl\":\"https:\/\/noticiasemdestaque.com\/cd\/wp-content\/uploads\/2023\/10\/https___wp-images.onefootball.jpg\",\"articleSection\":[\"Esporte\"],\"inLanguage\":\"pt-BR\"},{\"@type\":\"WebPage\",\"@id\":\"https:\/\/noticiasemdestaque.com\/cd\/?p=52428\",\"url\":\"https:\/\/noticiasemdestaque.com\/cd\/?p=52428\",\"name\":\"Fortaleza perde para LDU nos p\u00eanaltis e \u00e9 vice da Sul-Americana - Not&iacute;cias em Destaque\",\"isPartOf\":{\"@id\":\"https:\/\/noticiasemdestaque.com\/cd\/#website\"},\"primaryImageOfPage\":{\"@id\":\"https:\/\/noticiasemdestaque.com\/cd\/?p=52428#primaryimage\"},\"image\":{\"@id\":\"https:\/\/noticiasemdestaque.com\/cd\/?p=52428#primaryimage\"},\"thumbnailUrl\":\"https:\/\/noticiasemdestaque.com\/cd\/wp-content\/uploads\/2023\/10\/https___wp-images.onefootball.jpg\",\"datePublished\":\"2023-10-28T23:07:50+00:00\",\"breadcrumb\":{\"@id\":\"https:\/\/noticiasemdestaque.com\/cd\/?p=52428#breadcrumb\"},\"inLanguage\":\"pt-BR\",\"potentialAction\":[{\"@type\":\"ReadAction\",\"target\":[\"https:\/\/noticiasemdestaque.com\/cd\/?p=52428\"]}]},{\"@type\":\"ImageObject\",\"inLanguage\":\"pt-BR\",\"@id\":\"https:\/\/noticiasemdestaque.com\/cd\/?p=52428#primaryimage\",\"url\":\"https:\/\/noticiasemdestaque.com\/cd\/wp-content\/uploads\/2023\/10\/https___wp-images.onefootball.jpg\",\"contentUrl\":\"https:\/\/noticiasemdestaque.com\/cd\/wp-content\/uploads\/2023\/10\/https___wp-images.onefootball.jpg\",\"width\":1680,\"height\":1260},{\"@type\":\"BreadcrumbList\",\"@id\":\"https:\/\/noticiasemdestaque.com\/cd\/?p=52428#breadcrumb\",\"itemListElement\":[{\"@type\":\"ListItem\",\"position\":1,\"name\":\"In\u00edcio\",\"item\":\"https:\/\/noticiasemdestaque.com\/cd\/\"},{\"@type\":\"ListItem\",\"position\":2,\"name\":\"Fortaleza perde para LDU nos p\u00eanaltis e \u00e9 vice da Sul-Americana\"}]},{\"@type\":\"WebSite\",\"@id\":\"https:\/\/noticiasemdestaque.com\/cd\/#website\",\"url\":\"https:\/\/noticiasemdestaque.com\/cd\/\",\"name\":\"Not&iacute;cias em Destaque\",\"description\":\"\",\"publisher\":{\"@id\":\"https:\/\/noticiasemdestaque.com\/cd\/#organization\"},\"potentialAction\":[{\"@type\":\"SearchAction\",\"target\":{\"@type\":\"EntryPoint\",\"urlTemplate\":\"https:\/\/noticiasemdestaque.com\/cd\/?s={search_term_string}\"},\"query-input\":{\"@type\":\"PropertyValueSpecification\",\"valueRequired\":true,\"valueName\":\"search_term_string\"}}],\"inLanguage\":\"pt-BR\"},{\"@type\":\"Organization\",\"@id\":\"https:\/\/noticiasemdestaque.com\/cd\/#organization\",\"name\":\"Not\u00edcias em Destaque\",\"url\":\"https:\/\/noticiasemdestaque.com\/cd\/\",\"logo\":{\"@type\":\"ImageObject\",\"inLanguage\":\"pt-BR\",\"@id\":\"https:\/\/noticiasemdestaque.com\/cd\/#\/schema\/logo\/image\/\",\"url\":\"https:\/\/noticiasemdestaque.com\/cd\/wp-content\/uploads\/2022\/05\/imagem-base-noticiasemdestaque.png\",\"contentUrl\":\"https:\/\/noticiasemdestaque.com\/cd\/wp-content\/uploads\/2022\/05\/imagem-base-noticiasemdestaque.png\",\"width\":1200,\"height\":630,\"caption\":\"Not\u00edcias em Destaque\"},\"image\":{\"@id\":\"https:\/\/noticiasemdestaque.com\/cd\/#\/schema\/logo\/image\/\"}},{\"@type\":\"Person\",\"@id\":\"https:\/\/noticiasemdestaque.com\/cd\/#\/schema\/person\/21320b03a7e8bb90128938dafc9b908a\",\"name\":\"Not\u00edcias em Destaque\",\"url\":\"https:\/\/noticiasemdestaque.com\/cd\/?author=2\"}]}<\/script>\n<!-- \/ Yoast SEO plugin. -->","yoast_head_json":{"title":"Fortaleza perde para LDU nos p\u00eanaltis e \u00e9 vice da Sul-Americana - Not&iacute;cias em Destaque","robots":{"index":"index","follow":"follow","max-snippet":"max-snippet:-1","max-image-preview":"max-image-preview:large","max-video-preview":"max-video-preview:-1"},"canonical":"https:\/\/noticiasemdestaque.com\/cd\/?p=52428","og_locale":"pt_BR","og_type":"article","og_title":"Fortaleza perde para LDU nos p\u00eanaltis e \u00e9 vice da Sul-Americana - Not&iacute;cias em Destaque","og_description":"O\u00a0Fortaleza\u00a0perdeu para a LDU nos p\u00eanaltis por 4 x 3, ap\u00f3s 1 x 1 no tempo regulamentar, neste s\u00e1bado (28), no Est\u00e1dio Domingo Burgue\u00f1o Miguel, no Uruguai, e ficou com o vice-campeonato da Copa Conmebol Sul-Americana 2023. \u00c9 o segundo t\u00edtulo do torneio continental da equipe equatoriana. O primeiro tempo na cidade de Maldonado n\u00e3o foi bom tecnicamente. Ainda que o Le\u00e3o tenha tido mais posse de bola (60% x 40%), o jogo foi muito brigado e com alto n\u00famero de faltas (6 x 8). Mas chances de gol foram rar\u00edssimas. Sem nenhuma finaliza\u00e7\u00e3o no gol, o\u00a0Fortaleza\u00a0teve uma grande oportunidade quando Marinho entrou na \u00e1rea em condi\u00e7\u00f5es de chutas, mas preferiu dar um drible a mais e perdeu a bola. Ap\u00f3s o intervalo, por\u00e9m, tudo mudou! Depois de Jo\u00e3o Ricardo fazer uma grande defesa na finaliza\u00e7\u00e3o dentro da \u00e1rea de Jhojan Julio (2\u2032), Pochettino escapou pela direita, cruzou na medida, e Lucero (3\u2032) bateu de primeira para abrir o placar para o Laion! Por\u00e9m, a vantagem tricolor n\u00e3o durou muito. Ap\u00f3s um belo lan\u00e7amento do campo de defesa, Alzugaray (11\u2032) ganhou no corpo de Bruno Pacheco, driblou dois marcadores dentro da \u00e1rea e bateu forte para empatar com um gola\u00e7o. Melhor em campo, o\u00a0Fortaleza assustou ainda em um chute forte de Pikachu (20\u2032) e tamb\u00e9m em um desvio na \u00e1rea de Bruno Pacheco (22\u2032). Em ambos os lances, o goleiro Alexander Dom\u00ednguez fez as defesas A LDU assustou no fim, em uma bomba de longe de Mart\u00ednez (45\u2032), mas Jo\u00e3o Ricardo estava atento para mandar para escanteio. \u23f1 Prorroga\u00e7\u00e3o Com ambas as equipes cansadas, praticamente n\u00e3o houve grandes chances. O zagueiro Titi, inclusive, ficou em campo fazendo n\u00famero no ataque em fun\u00e7\u00e3o de uma les\u00e3o muscular e sem a possibilidade de ser substitu\u00eddo. \ufe0f\u26bd\ufe0f P\u00eanaltis LDU: Alzugaray, Mart\u00ednez, Jhojan Julio e Piovi converteram; Guerrero e Alvarado perderam. Fortaleza: Thiago Galhardo, Yago Pikachu e Tinga marcaram; Silvio Romero, Pedro Augusto e Br\u00edtez desperdi\u00e7aram. Noticias em Destaque Fonte: One Football","og_url":"https:\/\/noticiasemdestaque.com\/cd\/?p=52428","og_site_name":"Not&iacute;cias em Destaque","article_published_time":"2023-10-28T23:07:50+00:00","og_image":[{"width":1680,"height":1260,"url":"https:\/\/noticiasemdestaque.com\/cd\/wp-content\/uploads\/2023\/10\/https___wp-images.onefootball.jpg","type":"image\/jpeg"}],"author":"Not\u00edcias em Destaque","twitter_card":"summary_large_image","twitter_misc":{"Escrito por":"Not\u00edcias em Destaque","Est. tempo de leitura":"3 minutos"},"schema":{"@context":"https:\/\/schema.org","@graph":[{"@type":"Article","@id":"https:\/\/noticiasemdestaque.com\/cd\/?p=52428#article","isPartOf":{"@id":"https:\/\/noticiasemdestaque.com\/cd\/?p=52428"},"author":{"name":"Not\u00edcias em Destaque","@id":"https:\/\/noticiasemdestaque.com\/cd\/#\/schema\/person\/21320b03a7e8bb90128938dafc9b908a"},"headline":"Fortaleza perde para LDU nos p\u00eanaltis e \u00e9 vice da Sul-Americana","datePublished":"2023-10-28T23:07:50+00:00","mainEntityOfPage":{"@id":"https:\/\/noticiasemdestaque.com\/cd\/?p=52428"},"wordCount":360,"publisher":{"@id":"https:\/\/noticiasemdestaque.com\/cd\/#organization"},"image":{"@id":"https:\/\/noticiasemdestaque.com\/cd\/?p=52428#primaryimage"},"thumbnailUrl":"https:\/\/noticiasemdestaque.com\/cd\/wp-content\/uploads\/2023\/10\/https___wp-images.onefootball.jpg","articleSection":["Esporte"],"inLanguage":"pt-BR"},{"@type":"WebPage","@id":"https:\/\/noticiasemdestaque.com\/cd\/?p=52428","url":"https:\/\/noticiasemdestaque.com\/cd\/?p=52428","name":"Fortaleza perde para LDU nos p\u00eanaltis e \u00e9 vice da Sul-Americana - Not&iacute;cias em Destaque","isPartOf":{"@id":"https:\/\/noticiasemdestaque.com\/cd\/#website"},"primaryImageOfPage":{"@id":"https:\/\/noticiasemdestaque.com\/cd\/?p=52428#primaryimage"},"image":{"@id":"https:\/\/noticiasemdestaque.com\/cd\/?p=52428#primaryimage"},"thumbnailUrl":"https:\/\/noticiasemdestaque.com\/cd\/wp-content\/uploads\/2023\/10\/https___wp-images.onefootball.jpg","datePublished":"2023-10-28T23:07:50+00:00","breadcrumb":{"@id":"https:\/\/noticiasemdestaque.com\/cd\/?p=52428#breadcrumb"},"inLanguage":"pt-BR","potentialAction":[{"@type":"ReadAction","target":["https:\/\/noticiasemdestaque.com\/cd\/?p=52428"]}]},{"@type":"ImageObject","inLanguage":"pt-BR","@id":"https:\/\/noticiasemdestaque.com\/cd\/?p=52428#primaryimage","url":"https:\/\/noticiasemdestaque.com\/cd\/wp-content\/uploads\/2023\/10\/https___wp-images.onefootball.jpg","contentUrl":"https:\/\/noticiasemdestaque.com\/cd\/wp-content\/uploads\/2023\/10\/https___wp-images.onefootball.jpg","width":1680,"height":1260},{"@type":"BreadcrumbList","@id":"https:\/\/noticiasemdestaque.com\/cd\/?p=52428#breadcrumb","itemListElement":[{"@type":"ListItem","position":1,"name":"In\u00edcio","item":"https:\/\/noticiasemdestaque.com\/cd\/"},{"@type":"ListItem","position":2,"name":"Fortaleza perde para LDU nos p\u00eanaltis e \u00e9 vice da Sul-Americana"}]},{"@type":"WebSite","@id":"https:\/\/noticiasemdestaque.com\/cd\/#website","url":"https:\/\/noticiasemdestaque.com\/cd\/","name":"Not&iacute;cias em Destaque","description":"","publisher":{"@id":"https:\/\/noticiasemdestaque.com\/cd\/#organization"},"potentialAction":[{"@type":"SearchAction","target":{"@type":"EntryPoint","urlTemplate":"https:\/\/noticiasemdestaque.com\/cd\/?s={search_term_string}"},"query-input":{"@type":"PropertyValueSpecification","valueRequired":true,"valueName":"search_term_string"}}],"inLanguage":"pt-BR"},{"@type":"Organization","@id":"https:\/\/noticiasemdestaque.com\/cd\/#organization","name":"Not\u00edcias em Destaque","url":"https:\/\/noticiasemdestaque.com\/cd\/","logo":{"@type":"ImageObject","inLanguage":"pt-BR","@id":"https:\/\/noticiasemdestaque.com\/cd\/#\/schema\/logo\/image\/","url":"https:\/\/noticiasemdestaque.com\/cd\/wp-content\/uploads\/2022\/05\/imagem-base-noticiasemdestaque.png","contentUrl":"https:\/\/noticiasemdestaque.com\/cd\/wp-content\/uploads\/2022\/05\/imagem-base-noticiasemdestaque.png","width":1200,"height":630,"caption":"Not\u00edcias em Destaque"},"image":{"@id":"https:\/\/noticiasemdestaque.com\/cd\/#\/schema\/logo\/image\/"}},{"@type":"Person","@id":"https:\/\/noticiasemdestaque.com\/cd\/#\/schema\/person\/21320b03a7e8bb90128938dafc9b908a","name":"Not\u00edcias em Destaque","url":"https:\/\/noticiasemdestaque.com\/cd\/?author=2"}]}},"jetpack_featured_media_url":"https:\/\/noticiasemdestaque.com\/cd\/wp-content\/uploads\/2023\/10\/https___wp-images.onefootball.jpg","jetpack_sharing_enabled":true,"_links":{"self":[{"href":"https:\/\/noticiasemdestaque.com\/cd\/index.php?rest_route=\/wp\/v2\/posts\/52428","targetHints":{"allow":["GET"]}}],"collection":[{"href":"https:\/\/noticiasemdestaque.com\/cd\/index.php?rest_route=\/wp\/v2\/posts"}],"about":[{"href":"https:\/\/noticiasemdestaque.com\/cd\/index.php?rest_route=\/wp\/v2\/types\/post"}],"author":[{"embeddable":true,"href":"https:\/\/noticiasemdestaque.com\/cd\/index.php?rest_route=\/wp\/v2\/users\/2"}],"replies":[{"embeddable":true,"href":"https:\/\/noticiasemdestaque.com\/cd\/index.php?rest_route=%2Fwp%2Fv2%2Fcomments&post=52428"}],"version-history":[{"count":1,"href":"https:\/\/noticiasemdestaque.com\/cd\/index.php?rest_route=\/wp\/v2\/posts\/52428\/revisions"}],"predecessor-version":[{"id":52430,"href":"https:\/\/noticiasemdestaque.com\/cd\/index.php?rest_route=\/wp\/v2\/posts\/52428\/revisions\/52430"}],"wp:featuredmedia":[{"embeddable":true,"href":"https:\/\/noticiasemdestaque.com\/cd\/index.php?rest_route=\/wp\/v2\/media\/52429"}],"wp:attachment":[{"href":"https:\/\/noticiasemdestaque.com\/cd\/index.php?rest_route=%2Fwp%2Fv2%2Fmedia&parent=52428"}],"wp:term":[{"taxonomy":"category","embeddable":true,"href":"https:\/\/noticiasemdestaque.com\/cd\/index.php?rest_route=%2Fwp%2Fv2%2Fcategories&post=52428"},{"taxonomy":"post_tag","embeddable":true,"href":"https:\/\/noticiasemdestaque.com\/cd\/index.php?rest_route=%2Fwp%2Fv2%2Ftags&post=52428"}],"curies":[{"name":"wp","href":"https:\/\/api.w.org\/{rel}","templated":true}]}}