{"id":52425,"date":"2023-10-28T10:09:17","date_gmt":"2023-10-28T13:09:17","guid":{"rendered":"https:\/\/noticiasemdestaque.com\/cd\/?p=52425"},"modified":"2023-10-28T10:09:17","modified_gmt":"2023-10-28T13:09:17","slug":"operacao-policial-localiza-plantacao-e-apreende-200-mil-pes-de-maconha-no-cariri","status":"publish","type":"post","link":"https:\/\/noticiasemdestaque.com\/cd\/?p=52425","title":{"rendered":"Opera\u00e7\u00e3o policial localiza planta\u00e7\u00e3o e apreende 200 mil p\u00e9s de maconha no Cariri"},"content":{"rendered":"<div id=\"chunk-60rg2\">\n<div class=\"mc-column content-text active-extra-styles \" data-block-type=\"unstyled\" data-block-weight=\"45\" data-block-id=\"3\">\n<p data-track-category=\"Link no Texto\" data-track-links=\"\"><a href=\"https:\/\/noticiasemdestaque.com\/cd\/wp-content\/uploads\/2023\/10\/IMG_0173.webp\"><img fetchpriority=\"high\" decoding=\"async\" class=\" wp-image-52426 aligncenter\" src=\"https:\/\/noticiasemdestaque.com\/cd\/wp-content\/uploads\/2023\/10\/IMG_0173-300x213.webp\" alt=\"\" width=\"708\" height=\"503\" srcset=\"https:\/\/noticiasemdestaque.com\/cd\/wp-content\/uploads\/2023\/10\/IMG_0173-300x213.webp 300w, https:\/\/noticiasemdestaque.com\/cd\/wp-content\/uploads\/2023\/10\/IMG_0173-18x12.webp 18w, https:\/\/noticiasemdestaque.com\/cd\/wp-content\/uploads\/2023\/10\/IMG_0173.webp 696w\" sizes=\"(max-width: 708px) 100vw, 708px\" \/><\/a><\/p>\n<p class=\" content-text__container \" data-track-category=\"Link no Texto\" data-track-links=\"\">Uma opera\u00e7\u00e3o policial localizou uma planta\u00e7\u00e3o e apreendeu aproximadamente 200 mil p\u00e9s de maconha, nesta sexta-feira (27), em\u00a0<a class=\"\" href=\"https:\/\/g1.globo.com\/pb\/paraiba\/cidade\/sao-jose-dos-cordeiros\/\">S\u00e3o Jos\u00e9 dos Cordeiros<\/a>, no Cariri da Para\u00edba. Na a\u00e7\u00e3o, tamb\u00e9m foram apreendidas duas pistolas e um rev\u00f3lver, e duas pessoas foram presas em flagrante.<\/p>\n<\/div>\n<\/div>\n<div class=\"wall protected-content\">\n<div id=\"chunk-3vj9r\">\n<div class=\"mc-column content-text active-extra-styles \" data-block-type=\"unstyled\" data-block-weight=\"39\" data-block-id=\"4\">\n<p class=\" content-text__container \" data-track-category=\"Link no Texto\" data-track-links=\"\">A opera\u00e7\u00e3o Liberacion cumpriu dez mandados de busca e apreens\u00e3o nos munic\u00edpios de\u00a0<a class=\"\" href=\"https:\/\/g1.globo.com\/pb\/paraiba\/cidade\/teixeira\/\">Teixeira<\/a>,\u00a0<a class=\"\" href=\"https:\/\/g1.globo.com\/pb\/paraiba\/cidade\/livramento-pb\/\">Livramento<\/a>\u00a0e S\u00e3o Jos\u00e9 dos Cordeiros, no Cariri e Sert\u00e3o do estado, com foco na repress\u00e3o dos crimes patrimoniais e tr\u00e1fico de drogas na regi\u00e3o.<\/p>\n<\/div>\n<\/div>\n<div id=\"chunk-fa1ne\">\n<div class=\"mc-column content-text active-extra-styles \" data-block-type=\"unstyled\" data-block-weight=\"25\" data-block-id=\"5\">\n<p class=\" content-text__container \" data-track-category=\"Link no Texto\" data-track-links=\"\">Durante as dilig\u00eancias, os policiais encontraram uma planta\u00e7\u00e3o de maconha em uma \u00e1rea de aproximadamente dois hectares, na regi\u00e3o de S\u00e3o Jos\u00e9 dos Cordeiros.<\/p>\n<div id=\"chunk-bsbdg\">\n<div class=\"mc-column content-text active-extra-styles \" data-block-type=\"unstyled\" data-block-weight=\"25\" data-block-id=\"8\">\n<p class=\" content-text__container \" data-track-category=\"Link no Texto\" data-track-links=\"\">De acordo com as investiga\u00e7\u00f5es, a planta\u00e7\u00e3o \u00e9 mantida por uma organiza\u00e7\u00e3o criminosa respons\u00e1vel por tr\u00e1fico de drogas e ataques a bancos e carros-fortes.<\/p>\n<\/div>\n<\/div>\n<div id=\"chunk-4ehbv\">\n<div class=\"mc-column content-text active-extra-styles\" data-block-type=\"raw\" data-block-weight=\"34\" data-block-id=\"9\">\u201cUma quadrilha que j\u00e1 v\u00ednhamos investigando h\u00e1 algum tempo. Inclusive, os dois alvos principais que n\u00f3s procur\u00e1vamos foram presos nesta opera\u00e7\u00e3o, que teve, portanto, o desfecho que esper\u00e1vamos\u201d, afirma Diego Beltr\u00e3o, delegado da Draco.<\/div>\n<div data-block-type=\"raw\" data-block-weight=\"34\" data-block-id=\"9\"><\/div>\n<\/div>\n<div id=\"chunk-simj\">\n<div class=\"mc-column content-text active-extra-styles \" data-block-type=\"unstyled\" data-block-weight=\"27\" data-block-id=\"10\">\n<p class=\" content-text__container \" data-track-category=\"Link no Texto\" data-track-links=\"\">A Pol\u00edcia Civil continua investigando as ramifica\u00e7\u00f5es da quadrilha, que atua nas regi\u00f5es do Cariri e Sert\u00e3o da Para\u00edba, com poss\u00edveis extens\u00f5es no estado de Pernambuco.<\/p>\n<\/div>\n<\/div>\n<div id=\"chunk-f6nam\">\n<div class=\"mc-column content-text active-extra-styles\" data-block-type=\"raw\" data-block-weight=\"2\" data-block-id=\"11\">\n<div class=\"content-intertitle\">\n<h2>Opera\u00e7\u00e3o Liberacion<\/h2>\n<\/div>\n<\/div>\n<\/div>\n<div id=\"chunk-3h3ps\">\n<div class=\"mc-column content-text active-extra-styles \" data-block-type=\"unstyled\" data-block-weight=\"54\" data-block-id=\"12\">\n<p class=\" content-text__container \" data-track-category=\"Link no Texto\" data-track-links=\"\">A opera\u00e7\u00e3o Liberacion \u00e9 fruto da de uma investiga\u00e7\u00e3o da Delegacia de Repress\u00e3o ao Crime Organizado (DRACO), e contou com a participa\u00e7\u00e3o do Grupo de Opera\u00e7\u00f5es Especais (GOE), da Delegacia de Roubos e Furtos (DRF) e da Delegacia de Entorpecentes e Homic\u00eddios (DHE) de Patos, al\u00e9m da Pol\u00edcia Militar e o Corpo de Bombeiros.<\/p>\n<\/div>\n<\/div>\n<div id=\"chunk-6c0j\">\n<div class=\"mc-column content-text active-extra-styles \" data-block-type=\"unstyled\" data-block-weight=\"23\" data-block-id=\"13\">\n<p class=\" content-text__container \" data-track-category=\"Link no Texto\" data-track-links=\"\">A opera\u00e7\u00e3o deflagrada nesta sexta-feira (27), investigava uma organiza\u00e7\u00e3o criminosa respons\u00e1vel por assaltos e tr\u00e1fico de drogas na regi\u00e3o do Sert\u00e3o da Para\u00edba.<\/p>\n<p data-track-category=\"Link no Texto\" data-track-links=\"\"><strong>Noticias em Destaque<\/strong><\/p>\n<p style=\"text-align: right;\" data-track-category=\"Link no Texto\" data-track-links=\"\"><em>Fonte: Cariri da Gente<\/em><\/p>\n<\/div>\n<\/div>\n<\/div>\n<\/div>\n<\/div>\n","protected":false},"excerpt":{"rendered":"<p>Uma opera\u00e7\u00e3o policial localizou uma planta\u00e7\u00e3o e apreendeu aproximadamente 200 mil p\u00e9s de maconha, nesta sexta-feira (27), em\u00a0S\u00e3o Jos\u00e9 dos Cordeiros, no Cariri da Para\u00edba. Na a\u00e7\u00e3o, tamb\u00e9m foram apreendidas duas pistolas e um rev\u00f3lver, e duas pessoas foram presas em flagrante. A opera\u00e7\u00e3o Liberacion cumpriu dez mandados de busca e apreens\u00e3o nos munic\u00edpios de\u00a0Teixeira,\u00a0Livramento\u00a0e S\u00e3o Jos\u00e9 dos Cordeiros, no Cariri e Sert\u00e3o do estado, com foco na repress\u00e3o dos crimes patrimoniais e tr\u00e1fico de drogas na regi\u00e3o. Durante as dilig\u00eancias, os policiais encontraram uma planta\u00e7\u00e3o de maconha em uma \u00e1rea de aproximadamente dois hectares, na regi\u00e3o de S\u00e3o Jos\u00e9 dos Cordeiros. De acordo com as investiga\u00e7\u00f5es, a planta\u00e7\u00e3o \u00e9 mantida por uma organiza\u00e7\u00e3o criminosa respons\u00e1vel por tr\u00e1fico de drogas e ataques a bancos e carros-fortes. \u201cUma quadrilha que j\u00e1 v\u00ednhamos investigando h\u00e1 algum tempo. Inclusive, os dois alvos principais que n\u00f3s procur\u00e1vamos foram presos nesta opera\u00e7\u00e3o, que teve, portanto, o desfecho que esper\u00e1vamos\u201d, afirma Diego Beltr\u00e3o, delegado da Draco. A Pol\u00edcia Civil continua investigando as ramifica\u00e7\u00f5es da quadrilha, que atua nas regi\u00f5es do Cariri e Sert\u00e3o da Para\u00edba, com poss\u00edveis extens\u00f5es no estado de Pernambuco. Opera\u00e7\u00e3o Liberacion A opera\u00e7\u00e3o Liberacion \u00e9 fruto da de uma investiga\u00e7\u00e3o da Delegacia de Repress\u00e3o ao Crime Organizado (DRACO), e contou com a participa\u00e7\u00e3o do Grupo de Opera\u00e7\u00f5es Especais (GOE), da Delegacia de Roubos e Furtos (DRF) e da Delegacia de Entorpecentes e Homic\u00eddios (DHE) de Patos, al\u00e9m da Pol\u00edcia Militar e o Corpo de Bombeiros. A opera\u00e7\u00e3o deflagrada nesta sexta-feira (27), investigava uma organiza\u00e7\u00e3o criminosa respons\u00e1vel por assaltos e tr\u00e1fico de drogas na regi\u00e3o do Sert\u00e3o da Para\u00edba. Noticias em Destaque Fonte: Cariri da Gente<\/p>\n","protected":false},"author":2,"featured_media":52426,"comment_status":"closed","ping_status":"open","sticky":false,"template":"","format":"standard","meta":{"_eb_attr":"","_jetpack_memberships_contains_paid_content":false,"footnotes":""},"categories":[20],"tags":[],"class_list":["post-52425","post","type-post","status-publish","format-standard","has-post-thumbnail","hentry","category-policia"],"yoast_head":"<!-- This site is optimized with the Yoast SEO plugin v26.5 - https:\/\/yoast.com\/wordpress\/plugins\/seo\/ -->\n<title>Opera\u00e7\u00e3o policial localiza planta\u00e7\u00e3o e apreende 200 mil p\u00e9s de maconha no Cariri - Not&iacute;cias em Destaque<\/title>\n<meta name=\"robots\" content=\"index, follow, max-snippet:-1, max-image-preview:large, max-video-preview:-1\" \/>\n<link rel=\"canonical\" href=\"https:\/\/noticiasemdestaque.com\/cd\/?p=52425\" \/>\n<meta property=\"og:locale\" content=\"pt_BR\" \/>\n<meta property=\"og:type\" content=\"article\" \/>\n<meta property=\"og:title\" content=\"Opera\u00e7\u00e3o policial localiza planta\u00e7\u00e3o e apreende 200 mil p\u00e9s de maconha no Cariri - Not&iacute;cias em Destaque\" \/>\n<meta property=\"og:description\" content=\"Uma opera\u00e7\u00e3o policial localizou uma planta\u00e7\u00e3o e apreendeu aproximadamente 200 mil p\u00e9s de maconha, nesta sexta-feira (27), em\u00a0S\u00e3o Jos\u00e9 dos Cordeiros, no Cariri da Para\u00edba. Na a\u00e7\u00e3o, tamb\u00e9m foram apreendidas duas pistolas e um rev\u00f3lver, e duas pessoas foram presas em flagrante. A opera\u00e7\u00e3o Liberacion cumpriu dez mandados de busca e apreens\u00e3o nos munic\u00edpios de\u00a0Teixeira,\u00a0Livramento\u00a0e S\u00e3o Jos\u00e9 dos Cordeiros, no Cariri e Sert\u00e3o do estado, com foco na repress\u00e3o dos crimes patrimoniais e tr\u00e1fico de drogas na regi\u00e3o. Durante as dilig\u00eancias, os policiais encontraram uma planta\u00e7\u00e3o de maconha em uma \u00e1rea de aproximadamente dois hectares, na regi\u00e3o de S\u00e3o Jos\u00e9 dos Cordeiros. De acordo com as investiga\u00e7\u00f5es, a planta\u00e7\u00e3o \u00e9 mantida por uma organiza\u00e7\u00e3o criminosa respons\u00e1vel por tr\u00e1fico de drogas e ataques a bancos e carros-fortes. \u201cUma quadrilha que j\u00e1 v\u00ednhamos investigando h\u00e1 algum tempo. Inclusive, os dois alvos principais que n\u00f3s procur\u00e1vamos foram presos nesta opera\u00e7\u00e3o, que teve, portanto, o desfecho que esper\u00e1vamos\u201d, afirma Diego Beltr\u00e3o, delegado da Draco. A Pol\u00edcia Civil continua investigando as ramifica\u00e7\u00f5es da quadrilha, que atua nas regi\u00f5es do Cariri e Sert\u00e3o da Para\u00edba, com poss\u00edveis extens\u00f5es no estado de Pernambuco. Opera\u00e7\u00e3o Liberacion A opera\u00e7\u00e3o Liberacion \u00e9 fruto da de uma investiga\u00e7\u00e3o da Delegacia de Repress\u00e3o ao Crime Organizado (DRACO), e contou com a participa\u00e7\u00e3o do Grupo de Opera\u00e7\u00f5es Especais (GOE), da Delegacia de Roubos e Furtos (DRF) e da Delegacia de Entorpecentes e Homic\u00eddios (DHE) de Patos, al\u00e9m da Pol\u00edcia Militar e o Corpo de Bombeiros. A opera\u00e7\u00e3o deflagrada nesta sexta-feira (27), investigava uma organiza\u00e7\u00e3o criminosa respons\u00e1vel por assaltos e tr\u00e1fico de drogas na regi\u00e3o do Sert\u00e3o da Para\u00edba. Noticias em Destaque Fonte: Cariri da Gente\" \/>\n<meta property=\"og:url\" content=\"https:\/\/noticiasemdestaque.com\/cd\/?p=52425\" \/>\n<meta property=\"og:site_name\" content=\"Not&iacute;cias em Destaque\" \/>\n<meta property=\"article:published_time\" content=\"2023-10-28T13:09:17+00:00\" \/>\n<meta property=\"og:image\" content=\"https:\/\/noticiasemdestaque.com\/cd\/wp-content\/uploads\/2023\/10\/IMG_0173.webp\" \/>\n\t<meta property=\"og:image:width\" content=\"696\" \/>\n\t<meta property=\"og:image:height\" content=\"493\" \/>\n\t<meta property=\"og:image:type\" content=\"image\/webp\" \/>\n<meta name=\"author\" content=\"Not\u00edcias em Destaque\" \/>\n<meta name=\"twitter:card\" content=\"summary_large_image\" \/>\n<meta name=\"twitter:label1\" content=\"Escrito por\" \/>\n\t<meta name=\"twitter:data1\" content=\"Not\u00edcias em Destaque\" \/>\n\t<meta name=\"twitter:label2\" content=\"Est. tempo de leitura\" \/>\n\t<meta name=\"twitter:data2\" content=\"2 minutos\" \/>\n<script type=\"application\/ld+json\" class=\"yoast-schema-graph\">{\"@context\":\"https:\/\/schema.org\",\"@graph\":[{\"@type\":\"Article\",\"@id\":\"https:\/\/noticiasemdestaque.com\/cd\/?p=52425#article\",\"isPartOf\":{\"@id\":\"https:\/\/noticiasemdestaque.com\/cd\/?p=52425\"},\"author\":{\"name\":\"Not\u00edcias em Destaque\",\"@id\":\"https:\/\/noticiasemdestaque.com\/cd\/#\/schema\/person\/21320b03a7e8bb90128938dafc9b908a\"},\"headline\":\"Opera\u00e7\u00e3o policial localiza planta\u00e7\u00e3o e apreende 200 mil p\u00e9s de maconha no Cariri\",\"datePublished\":\"2023-10-28T13:09:17+00:00\",\"mainEntityOfPage\":{\"@id\":\"https:\/\/noticiasemdestaque.com\/cd\/?p=52425\"},\"wordCount\":340,\"publisher\":{\"@id\":\"https:\/\/noticiasemdestaque.com\/cd\/#organization\"},\"image\":{\"@id\":\"https:\/\/noticiasemdestaque.com\/cd\/?p=52425#primaryimage\"},\"thumbnailUrl\":\"https:\/\/noticiasemdestaque.com\/cd\/wp-content\/uploads\/2023\/10\/IMG_0173.webp\",\"articleSection\":[\"Pol\u00edcia\"],\"inLanguage\":\"pt-BR\"},{\"@type\":\"WebPage\",\"@id\":\"https:\/\/noticiasemdestaque.com\/cd\/?p=52425\",\"url\":\"https:\/\/noticiasemdestaque.com\/cd\/?p=52425\",\"name\":\"Opera\u00e7\u00e3o policial localiza planta\u00e7\u00e3o e apreende 200 mil p\u00e9s de maconha no Cariri - Not&iacute;cias em Destaque\",\"isPartOf\":{\"@id\":\"https:\/\/noticiasemdestaque.com\/cd\/#website\"},\"primaryImageOfPage\":{\"@id\":\"https:\/\/noticiasemdestaque.com\/cd\/?p=52425#primaryimage\"},\"image\":{\"@id\":\"https:\/\/noticiasemdestaque.com\/cd\/?p=52425#primaryimage\"},\"thumbnailUrl\":\"https:\/\/noticiasemdestaque.com\/cd\/wp-content\/uploads\/2023\/10\/IMG_0173.webp\",\"datePublished\":\"2023-10-28T13:09:17+00:00\",\"breadcrumb\":{\"@id\":\"https:\/\/noticiasemdestaque.com\/cd\/?p=52425#breadcrumb\"},\"inLanguage\":\"pt-BR\",\"potentialAction\":[{\"@type\":\"ReadAction\",\"target\":[\"https:\/\/noticiasemdestaque.com\/cd\/?p=52425\"]}]},{\"@type\":\"ImageObject\",\"inLanguage\":\"pt-BR\",\"@id\":\"https:\/\/noticiasemdestaque.com\/cd\/?p=52425#primaryimage\",\"url\":\"https:\/\/noticiasemdestaque.com\/cd\/wp-content\/uploads\/2023\/10\/IMG_0173.webp\",\"contentUrl\":\"https:\/\/noticiasemdestaque.com\/cd\/wp-content\/uploads\/2023\/10\/IMG_0173.webp\",\"width\":696,\"height\":493},{\"@type\":\"BreadcrumbList\",\"@id\":\"https:\/\/noticiasemdestaque.com\/cd\/?p=52425#breadcrumb\",\"itemListElement\":[{\"@type\":\"ListItem\",\"position\":1,\"name\":\"In\u00edcio\",\"item\":\"https:\/\/noticiasemdestaque.com\/cd\/\"},{\"@type\":\"ListItem\",\"position\":2,\"name\":\"Opera\u00e7\u00e3o policial localiza planta\u00e7\u00e3o e apreende 200 mil p\u00e9s de maconha no Cariri\"}]},{\"@type\":\"WebSite\",\"@id\":\"https:\/\/noticiasemdestaque.com\/cd\/#website\",\"url\":\"https:\/\/noticiasemdestaque.com\/cd\/\",\"name\":\"Not&iacute;cias em Destaque\",\"description\":\"\",\"publisher\":{\"@id\":\"https:\/\/noticiasemdestaque.com\/cd\/#organization\"},\"potentialAction\":[{\"@type\":\"SearchAction\",\"target\":{\"@type\":\"EntryPoint\",\"urlTemplate\":\"https:\/\/noticiasemdestaque.com\/cd\/?s={search_term_string}\"},\"query-input\":{\"@type\":\"PropertyValueSpecification\",\"valueRequired\":true,\"valueName\":\"search_term_string\"}}],\"inLanguage\":\"pt-BR\"},{\"@type\":\"Organization\",\"@id\":\"https:\/\/noticiasemdestaque.com\/cd\/#organization\",\"name\":\"Not\u00edcias em Destaque\",\"url\":\"https:\/\/noticiasemdestaque.com\/cd\/\",\"logo\":{\"@type\":\"ImageObject\",\"inLanguage\":\"pt-BR\",\"@id\":\"https:\/\/noticiasemdestaque.com\/cd\/#\/schema\/logo\/image\/\",\"url\":\"https:\/\/noticiasemdestaque.com\/cd\/wp-content\/uploads\/2022\/05\/imagem-base-noticiasemdestaque.png\",\"contentUrl\":\"https:\/\/noticiasemdestaque.com\/cd\/wp-content\/uploads\/2022\/05\/imagem-base-noticiasemdestaque.png\",\"width\":1200,\"height\":630,\"caption\":\"Not\u00edcias em Destaque\"},\"image\":{\"@id\":\"https:\/\/noticiasemdestaque.com\/cd\/#\/schema\/logo\/image\/\"}},{\"@type\":\"Person\",\"@id\":\"https:\/\/noticiasemdestaque.com\/cd\/#\/schema\/person\/21320b03a7e8bb90128938dafc9b908a\",\"name\":\"Not\u00edcias em Destaque\",\"url\":\"https:\/\/noticiasemdestaque.com\/cd\/?author=2\"}]}<\/script>\n<!-- \/ Yoast SEO plugin. -->","yoast_head_json":{"title":"Opera\u00e7\u00e3o policial localiza planta\u00e7\u00e3o e apreende 200 mil p\u00e9s de maconha no Cariri - Not&iacute;cias em Destaque","robots":{"index":"index","follow":"follow","max-snippet":"max-snippet:-1","max-image-preview":"max-image-preview:large","max-video-preview":"max-video-preview:-1"},"canonical":"https:\/\/noticiasemdestaque.com\/cd\/?p=52425","og_locale":"pt_BR","og_type":"article","og_title":"Opera\u00e7\u00e3o policial localiza planta\u00e7\u00e3o e apreende 200 mil p\u00e9s de maconha no Cariri - Not&iacute;cias em Destaque","og_description":"Uma opera\u00e7\u00e3o policial localizou uma planta\u00e7\u00e3o e apreendeu aproximadamente 200 mil p\u00e9s de maconha, nesta sexta-feira (27), em\u00a0S\u00e3o Jos\u00e9 dos Cordeiros, no Cariri da Para\u00edba. Na a\u00e7\u00e3o, tamb\u00e9m foram apreendidas duas pistolas e um rev\u00f3lver, e duas pessoas foram presas em flagrante. A opera\u00e7\u00e3o Liberacion cumpriu dez mandados de busca e apreens\u00e3o nos munic\u00edpios de\u00a0Teixeira,\u00a0Livramento\u00a0e S\u00e3o Jos\u00e9 dos Cordeiros, no Cariri e Sert\u00e3o do estado, com foco na repress\u00e3o dos crimes patrimoniais e tr\u00e1fico de drogas na regi\u00e3o. Durante as dilig\u00eancias, os policiais encontraram uma planta\u00e7\u00e3o de maconha em uma \u00e1rea de aproximadamente dois hectares, na regi\u00e3o de S\u00e3o Jos\u00e9 dos Cordeiros. De acordo com as investiga\u00e7\u00f5es, a planta\u00e7\u00e3o \u00e9 mantida por uma organiza\u00e7\u00e3o criminosa respons\u00e1vel por tr\u00e1fico de drogas e ataques a bancos e carros-fortes. \u201cUma quadrilha que j\u00e1 v\u00ednhamos investigando h\u00e1 algum tempo. Inclusive, os dois alvos principais que n\u00f3s procur\u00e1vamos foram presos nesta opera\u00e7\u00e3o, que teve, portanto, o desfecho que esper\u00e1vamos\u201d, afirma Diego Beltr\u00e3o, delegado da Draco. A Pol\u00edcia Civil continua investigando as ramifica\u00e7\u00f5es da quadrilha, que atua nas regi\u00f5es do Cariri e Sert\u00e3o da Para\u00edba, com poss\u00edveis extens\u00f5es no estado de Pernambuco. Opera\u00e7\u00e3o Liberacion A opera\u00e7\u00e3o Liberacion \u00e9 fruto da de uma investiga\u00e7\u00e3o da Delegacia de Repress\u00e3o ao Crime Organizado (DRACO), e contou com a participa\u00e7\u00e3o do Grupo de Opera\u00e7\u00f5es Especais (GOE), da Delegacia de Roubos e Furtos (DRF) e da Delegacia de Entorpecentes e Homic\u00eddios (DHE) de Patos, al\u00e9m da Pol\u00edcia Militar e o Corpo de Bombeiros. A opera\u00e7\u00e3o deflagrada nesta sexta-feira (27), investigava uma organiza\u00e7\u00e3o criminosa respons\u00e1vel por assaltos e tr\u00e1fico de drogas na regi\u00e3o do Sert\u00e3o da Para\u00edba. Noticias em Destaque Fonte: Cariri da Gente","og_url":"https:\/\/noticiasemdestaque.com\/cd\/?p=52425","og_site_name":"Not&iacute;cias em Destaque","article_published_time":"2023-10-28T13:09:17+00:00","og_image":[{"width":696,"height":493,"url":"https:\/\/noticiasemdestaque.com\/cd\/wp-content\/uploads\/2023\/10\/IMG_0173.webp","type":"image\/webp"}],"author":"Not\u00edcias em Destaque","twitter_card":"summary_large_image","twitter_misc":{"Escrito por":"Not\u00edcias em Destaque","Est. tempo de leitura":"2 minutos"},"schema":{"@context":"https:\/\/schema.org","@graph":[{"@type":"Article","@id":"https:\/\/noticiasemdestaque.com\/cd\/?p=52425#article","isPartOf":{"@id":"https:\/\/noticiasemdestaque.com\/cd\/?p=52425"},"author":{"name":"Not\u00edcias em Destaque","@id":"https:\/\/noticiasemdestaque.com\/cd\/#\/schema\/person\/21320b03a7e8bb90128938dafc9b908a"},"headline":"Opera\u00e7\u00e3o policial localiza planta\u00e7\u00e3o e apreende 200 mil p\u00e9s de maconha no Cariri","datePublished":"2023-10-28T13:09:17+00:00","mainEntityOfPage":{"@id":"https:\/\/noticiasemdestaque.com\/cd\/?p=52425"},"wordCount":340,"publisher":{"@id":"https:\/\/noticiasemdestaque.com\/cd\/#organization"},"image":{"@id":"https:\/\/noticiasemdestaque.com\/cd\/?p=52425#primaryimage"},"thumbnailUrl":"https:\/\/noticiasemdestaque.com\/cd\/wp-content\/uploads\/2023\/10\/IMG_0173.webp","articleSection":["Pol\u00edcia"],"inLanguage":"pt-BR"},{"@type":"WebPage","@id":"https:\/\/noticiasemdestaque.com\/cd\/?p=52425","url":"https:\/\/noticiasemdestaque.com\/cd\/?p=52425","name":"Opera\u00e7\u00e3o policial localiza planta\u00e7\u00e3o e apreende 200 mil p\u00e9s de maconha no Cariri - Not&iacute;cias em Destaque","isPartOf":{"@id":"https:\/\/noticiasemdestaque.com\/cd\/#website"},"primaryImageOfPage":{"@id":"https:\/\/noticiasemdestaque.com\/cd\/?p=52425#primaryimage"},"image":{"@id":"https:\/\/noticiasemdestaque.com\/cd\/?p=52425#primaryimage"},"thumbnailUrl":"https:\/\/noticiasemdestaque.com\/cd\/wp-content\/uploads\/2023\/10\/IMG_0173.webp","datePublished":"2023-10-28T13:09:17+00:00","breadcrumb":{"@id":"https:\/\/noticiasemdestaque.com\/cd\/?p=52425#breadcrumb"},"inLanguage":"pt-BR","potentialAction":[{"@type":"ReadAction","target":["https:\/\/noticiasemdestaque.com\/cd\/?p=52425"]}]},{"@type":"ImageObject","inLanguage":"pt-BR","@id":"https:\/\/noticiasemdestaque.com\/cd\/?p=52425#primaryimage","url":"https:\/\/noticiasemdestaque.com\/cd\/wp-content\/uploads\/2023\/10\/IMG_0173.webp","contentUrl":"https:\/\/noticiasemdestaque.com\/cd\/wp-content\/uploads\/2023\/10\/IMG_0173.webp","width":696,"height":493},{"@type":"BreadcrumbList","@id":"https:\/\/noticiasemdestaque.com\/cd\/?p=52425#breadcrumb","itemListElement":[{"@type":"ListItem","position":1,"name":"In\u00edcio","item":"https:\/\/noticiasemdestaque.com\/cd\/"},{"@type":"ListItem","position":2,"name":"Opera\u00e7\u00e3o policial localiza planta\u00e7\u00e3o e apreende 200 mil p\u00e9s de maconha no Cariri"}]},{"@type":"WebSite","@id":"https:\/\/noticiasemdestaque.com\/cd\/#website","url":"https:\/\/noticiasemdestaque.com\/cd\/","name":"Not&iacute;cias em Destaque","description":"","publisher":{"@id":"https:\/\/noticiasemdestaque.com\/cd\/#organization"},"potentialAction":[{"@type":"SearchAction","target":{"@type":"EntryPoint","urlTemplate":"https:\/\/noticiasemdestaque.com\/cd\/?s={search_term_string}"},"query-input":{"@type":"PropertyValueSpecification","valueRequired":true,"valueName":"search_term_string"}}],"inLanguage":"pt-BR"},{"@type":"Organization","@id":"https:\/\/noticiasemdestaque.com\/cd\/#organization","name":"Not\u00edcias em Destaque","url":"https:\/\/noticiasemdestaque.com\/cd\/","logo":{"@type":"ImageObject","inLanguage":"pt-BR","@id":"https:\/\/noticiasemdestaque.com\/cd\/#\/schema\/logo\/image\/","url":"https:\/\/noticiasemdestaque.com\/cd\/wp-content\/uploads\/2022\/05\/imagem-base-noticiasemdestaque.png","contentUrl":"https:\/\/noticiasemdestaque.com\/cd\/wp-content\/uploads\/2022\/05\/imagem-base-noticiasemdestaque.png","width":1200,"height":630,"caption":"Not\u00edcias em Destaque"},"image":{"@id":"https:\/\/noticiasemdestaque.com\/cd\/#\/schema\/logo\/image\/"}},{"@type":"Person","@id":"https:\/\/noticiasemdestaque.com\/cd\/#\/schema\/person\/21320b03a7e8bb90128938dafc9b908a","name":"Not\u00edcias em Destaque","url":"https:\/\/noticiasemdestaque.com\/cd\/?author=2"}]}},"jetpack_featured_media_url":"https:\/\/noticiasemdestaque.com\/cd\/wp-content\/uploads\/2023\/10\/IMG_0173.webp","jetpack_sharing_enabled":true,"_links":{"self":[{"href":"https:\/\/noticiasemdestaque.com\/cd\/index.php?rest_route=\/wp\/v2\/posts\/52425","targetHints":{"allow":["GET"]}}],"collection":[{"href":"https:\/\/noticiasemdestaque.com\/cd\/index.php?rest_route=\/wp\/v2\/posts"}],"about":[{"href":"https:\/\/noticiasemdestaque.com\/cd\/index.php?rest_route=\/wp\/v2\/types\/post"}],"author":[{"embeddable":true,"href":"https:\/\/noticiasemdestaque.com\/cd\/index.php?rest_route=\/wp\/v2\/users\/2"}],"replies":[{"embeddable":true,"href":"https:\/\/noticiasemdestaque.com\/cd\/index.php?rest_route=%2Fwp%2Fv2%2Fcomments&post=52425"}],"version-history":[{"count":1,"href":"https:\/\/noticiasemdestaque.com\/cd\/index.php?rest_route=\/wp\/v2\/posts\/52425\/revisions"}],"predecessor-version":[{"id":52427,"href":"https:\/\/noticiasemdestaque.com\/cd\/index.php?rest_route=\/wp\/v2\/posts\/52425\/revisions\/52427"}],"wp:featuredmedia":[{"embeddable":true,"href":"https:\/\/noticiasemdestaque.com\/cd\/index.php?rest_route=\/wp\/v2\/media\/52426"}],"wp:attachment":[{"href":"https:\/\/noticiasemdestaque.com\/cd\/index.php?rest_route=%2Fwp%2Fv2%2Fmedia&parent=52425"}],"wp:term":[{"taxonomy":"category","embeddable":true,"href":"https:\/\/noticiasemdestaque.com\/cd\/index.php?rest_route=%2Fwp%2Fv2%2Fcategories&post=52425"},{"taxonomy":"post_tag","embeddable":true,"href":"https:\/\/noticiasemdestaque.com\/cd\/index.php?rest_route=%2Fwp%2Fv2%2Ftags&post=52425"}],"curies":[{"name":"wp","href":"https:\/\/api.w.org\/{rel}","templated":true}]}}