{"id":52391,"date":"2023-10-26T21:01:50","date_gmt":"2023-10-27T00:01:50","guid":{"rendered":"https:\/\/noticiasemdestaque.com\/cd\/?p=52391"},"modified":"2023-10-26T21:01:50","modified_gmt":"2023-10-27T00:01:50","slug":"secretaria-de-saude-de-amparo-divulga-programacao-alusiva-ao-outubro-rosa","status":"publish","type":"post","link":"https:\/\/noticiasemdestaque.com\/cd\/?p=52391","title":{"rendered":"Secretaria de Sa\u00fade de Amparo divulga programa\u00e7\u00e3o alusiva ao Outubro Rosa"},"content":{"rendered":"<div><a href=\"https:\/\/noticiasemdestaque.com\/cd\/wp-content\/uploads\/2023\/10\/OUTUBRO-ROSA.jpeg\"><img fetchpriority=\"high\" decoding=\"async\" class=\" wp-image-52392 aligncenter\" src=\"https:\/\/noticiasemdestaque.com\/cd\/wp-content\/uploads\/2023\/10\/OUTUBRO-ROSA-240x300.jpeg\" alt=\"\" width=\"702\" height=\"878\" srcset=\"https:\/\/noticiasemdestaque.com\/cd\/wp-content\/uploads\/2023\/10\/OUTUBRO-ROSA-240x300.jpeg 240w, https:\/\/noticiasemdestaque.com\/cd\/wp-content\/uploads\/2023\/10\/OUTUBRO-ROSA-10x12.jpeg 10w, https:\/\/noticiasemdestaque.com\/cd\/wp-content\/uploads\/2023\/10\/OUTUBRO-ROSA.jpeg 512w\" sizes=\"(max-width: 702px) 100vw, 702px\" \/><\/a><\/div>\n<div>Nessa quarta-feira (25) a Secretaria de Sa\u00fade de Amparo divulgou a programa\u00e7\u00e3o alusiva ao Outubro Rosa.<\/div>\n<div><\/div>\n<div>O evento acontecer\u00e1 na pr\u00f3xima ter\u00e7a-feira (31) no Centro de Especialidades M\u00e9dicas, antigo Centro de Reabilita\u00e7\u00e3o a partir das 07hrs.<\/div>\n<div><\/div>\n<div>Confira abaixo a programa\u00e7\u00e3o completa:<\/div>\n<div><\/div>\n<div>\n<ul>\n<li>Caf\u00e9 da Manh\u00e3;<\/li>\n<li>Palestra com a Dr\u00aa Hayanne Gomes e equipe da Aten\u00e7\u00e3o Prim\u00e1ria;<\/li>\n<li>Coleta HGT (em Jejum) no Laborat\u00f3rio Lab Vida;<\/li>\n<li>Marca\u00e7\u00e3o de 30 mamografias (com solicita\u00e7\u00e3o);<\/li>\n<li>Coleta de Sangue;<\/li>\n<li>Testes R\u00e1pidos de Hepatite, HIV e S\u00edfilis;<\/li>\n<li>Exame Citol\u00f3gico;<\/li>\n<li>Limpeza de Pele;<\/li>\n<li>Design de Sobrancelhas;<\/li>\n<li>Realiza\u00e7\u00e3o de 50 ultrassonografias \u2013 Mam\u00e1ria e Transvaginal (com solicita\u00e7\u00e3o m\u00e9dica);\n<ul>\n<li><i>Ultrassom Mam\u00e1ria: Para mulheres acima de 50 anos com Citol\u00f3gico e Mamografia recentes, ou pacientes de qualquer idade com hist\u00f3rico de c\u00e2ncer.<\/i><\/li>\n<\/ul>\n<\/li>\n<\/ul>\n<\/div>\n<div><\/div>\n<div><strong>Noticias em Destaque<\/strong><\/div>\n<div><\/div>\n<div style=\"text-align: right;\">Com Amparo Ligado<\/div>\n","protected":false},"excerpt":{"rendered":"<p>Nessa quarta-feira (25) a Secretaria de Sa\u00fade de Amparo divulgou a programa\u00e7\u00e3o alusiva ao Outubro Rosa. O evento acontecer\u00e1 na pr\u00f3xima ter\u00e7a-feira (31) no Centro de Especialidades M\u00e9dicas, antigo Centro de Reabilita\u00e7\u00e3o a partir das 07hrs. Confira abaixo a programa\u00e7\u00e3o completa: Caf\u00e9 da Manh\u00e3; Palestra com a Dr\u00aa Hayanne Gomes e equipe da Aten\u00e7\u00e3o Prim\u00e1ria; Coleta HGT (em Jejum) no Laborat\u00f3rio Lab Vida; Marca\u00e7\u00e3o de 30 mamografias (com solicita\u00e7\u00e3o); Coleta de Sangue; Testes R\u00e1pidos de Hepatite, HIV e S\u00edfilis; Exame Citol\u00f3gico; Limpeza de Pele; Design de Sobrancelhas; Realiza\u00e7\u00e3o de 50 ultrassonografias \u2013 Mam\u00e1ria e Transvaginal (com solicita\u00e7\u00e3o m\u00e9dica); Ultrassom Mam\u00e1ria: Para mulheres acima de 50 anos com Citol\u00f3gico e Mamografia recentes, ou pacientes de qualquer idade com hist\u00f3rico de c\u00e2ncer. Noticias em Destaque Com Amparo Ligado<\/p>\n","protected":false},"author":2,"featured_media":52392,"comment_status":"closed","ping_status":"open","sticky":false,"template":"","format":"standard","meta":{"_eb_attr":"","_jetpack_memberships_contains_paid_content":false,"footnotes":""},"categories":[3],"tags":[],"class_list":["post-52391","post","type-post","status-publish","format-standard","has-post-thumbnail","hentry","category-cidades"],"yoast_head":"<!-- This site is optimized with the Yoast SEO plugin v26.5 - https:\/\/yoast.com\/wordpress\/plugins\/seo\/ -->\n<title>Secretaria de Sa\u00fade de Amparo divulga programa\u00e7\u00e3o alusiva ao Outubro Rosa - Not&iacute;cias em Destaque<\/title>\n<meta name=\"robots\" content=\"index, follow, max-snippet:-1, max-image-preview:large, max-video-preview:-1\" \/>\n<link rel=\"canonical\" href=\"https:\/\/noticiasemdestaque.com\/cd\/?p=52391\" \/>\n<meta property=\"og:locale\" content=\"pt_BR\" \/>\n<meta property=\"og:type\" content=\"article\" \/>\n<meta property=\"og:title\" content=\"Secretaria de Sa\u00fade de Amparo divulga programa\u00e7\u00e3o alusiva ao Outubro Rosa - Not&iacute;cias em Destaque\" \/>\n<meta property=\"og:description\" content=\"Nessa quarta-feira (25) a Secretaria de Sa\u00fade de Amparo divulgou a programa\u00e7\u00e3o alusiva ao Outubro Rosa. O evento acontecer\u00e1 na pr\u00f3xima ter\u00e7a-feira (31) no Centro de Especialidades M\u00e9dicas, antigo Centro de Reabilita\u00e7\u00e3o a partir das 07hrs. Confira abaixo a programa\u00e7\u00e3o completa: Caf\u00e9 da Manh\u00e3; Palestra com a Dr\u00aa Hayanne Gomes e equipe da Aten\u00e7\u00e3o Prim\u00e1ria; Coleta HGT (em Jejum) no Laborat\u00f3rio Lab Vida; Marca\u00e7\u00e3o de 30 mamografias (com solicita\u00e7\u00e3o); Coleta de Sangue; Testes R\u00e1pidos de Hepatite, HIV e S\u00edfilis; Exame Citol\u00f3gico; Limpeza de Pele; Design de Sobrancelhas; Realiza\u00e7\u00e3o de 50 ultrassonografias \u2013 Mam\u00e1ria e Transvaginal (com solicita\u00e7\u00e3o m\u00e9dica); Ultrassom Mam\u00e1ria: Para mulheres acima de 50 anos com Citol\u00f3gico e Mamografia recentes, ou pacientes de qualquer idade com hist\u00f3rico de c\u00e2ncer. Noticias em Destaque Com Amparo Ligado\" \/>\n<meta property=\"og:url\" content=\"https:\/\/noticiasemdestaque.com\/cd\/?p=52391\" \/>\n<meta property=\"og:site_name\" content=\"Not&iacute;cias em Destaque\" \/>\n<meta property=\"article:published_time\" content=\"2023-10-27T00:01:50+00:00\" \/>\n<meta property=\"og:image\" content=\"https:\/\/noticiasemdestaque.com\/cd\/wp-content\/uploads\/2023\/10\/OUTUBRO-ROSA.jpeg\" \/>\n\t<meta property=\"og:image:width\" content=\"512\" \/>\n\t<meta property=\"og:image:height\" content=\"640\" \/>\n\t<meta property=\"og:image:type\" content=\"image\/jpeg\" \/>\n<meta name=\"author\" content=\"Not\u00edcias em Destaque\" \/>\n<meta name=\"twitter:card\" content=\"summary_large_image\" \/>\n<meta name=\"twitter:label1\" content=\"Escrito por\" \/>\n\t<meta name=\"twitter:data1\" content=\"Not\u00edcias em Destaque\" \/>\n\t<meta name=\"twitter:label2\" content=\"Est. tempo de leitura\" \/>\n\t<meta name=\"twitter:data2\" content=\"1 minuto\" \/>\n<script type=\"application\/ld+json\" class=\"yoast-schema-graph\">{\"@context\":\"https:\/\/schema.org\",\"@graph\":[{\"@type\":\"Article\",\"@id\":\"https:\/\/noticiasemdestaque.com\/cd\/?p=52391#article\",\"isPartOf\":{\"@id\":\"https:\/\/noticiasemdestaque.com\/cd\/?p=52391\"},\"author\":{\"name\":\"Not\u00edcias em Destaque\",\"@id\":\"https:\/\/noticiasemdestaque.com\/cd\/#\/schema\/person\/21320b03a7e8bb90128938dafc9b908a\"},\"headline\":\"Secretaria de Sa\u00fade de Amparo divulga programa\u00e7\u00e3o alusiva ao Outubro Rosa\",\"datePublished\":\"2023-10-27T00:01:50+00:00\",\"mainEntityOfPage\":{\"@id\":\"https:\/\/noticiasemdestaque.com\/cd\/?p=52391\"},\"wordCount\":156,\"publisher\":{\"@id\":\"https:\/\/noticiasemdestaque.com\/cd\/#organization\"},\"image\":{\"@id\":\"https:\/\/noticiasemdestaque.com\/cd\/?p=52391#primaryimage\"},\"thumbnailUrl\":\"https:\/\/noticiasemdestaque.com\/cd\/wp-content\/uploads\/2023\/10\/OUTUBRO-ROSA.jpeg\",\"articleSection\":[\"Cidades\"],\"inLanguage\":\"pt-BR\"},{\"@type\":\"WebPage\",\"@id\":\"https:\/\/noticiasemdestaque.com\/cd\/?p=52391\",\"url\":\"https:\/\/noticiasemdestaque.com\/cd\/?p=52391\",\"name\":\"Secretaria de Sa\u00fade de Amparo divulga programa\u00e7\u00e3o alusiva ao Outubro Rosa - Not&iacute;cias em Destaque\",\"isPartOf\":{\"@id\":\"https:\/\/noticiasemdestaque.com\/cd\/#website\"},\"primaryImageOfPage\":{\"@id\":\"https:\/\/noticiasemdestaque.com\/cd\/?p=52391#primaryimage\"},\"image\":{\"@id\":\"https:\/\/noticiasemdestaque.com\/cd\/?p=52391#primaryimage\"},\"thumbnailUrl\":\"https:\/\/noticiasemdestaque.com\/cd\/wp-content\/uploads\/2023\/10\/OUTUBRO-ROSA.jpeg\",\"datePublished\":\"2023-10-27T00:01:50+00:00\",\"breadcrumb\":{\"@id\":\"https:\/\/noticiasemdestaque.com\/cd\/?p=52391#breadcrumb\"},\"inLanguage\":\"pt-BR\",\"potentialAction\":[{\"@type\":\"ReadAction\",\"target\":[\"https:\/\/noticiasemdestaque.com\/cd\/?p=52391\"]}]},{\"@type\":\"ImageObject\",\"inLanguage\":\"pt-BR\",\"@id\":\"https:\/\/noticiasemdestaque.com\/cd\/?p=52391#primaryimage\",\"url\":\"https:\/\/noticiasemdestaque.com\/cd\/wp-content\/uploads\/2023\/10\/OUTUBRO-ROSA.jpeg\",\"contentUrl\":\"https:\/\/noticiasemdestaque.com\/cd\/wp-content\/uploads\/2023\/10\/OUTUBRO-ROSA.jpeg\",\"width\":512,\"height\":640},{\"@type\":\"BreadcrumbList\",\"@id\":\"https:\/\/noticiasemdestaque.com\/cd\/?p=52391#breadcrumb\",\"itemListElement\":[{\"@type\":\"ListItem\",\"position\":1,\"name\":\"In\u00edcio\",\"item\":\"https:\/\/noticiasemdestaque.com\/cd\/\"},{\"@type\":\"ListItem\",\"position\":2,\"name\":\"Secretaria de Sa\u00fade de Amparo divulga programa\u00e7\u00e3o alusiva ao Outubro Rosa\"}]},{\"@type\":\"WebSite\",\"@id\":\"https:\/\/noticiasemdestaque.com\/cd\/#website\",\"url\":\"https:\/\/noticiasemdestaque.com\/cd\/\",\"name\":\"Not&iacute;cias em Destaque\",\"description\":\"\",\"publisher\":{\"@id\":\"https:\/\/noticiasemdestaque.com\/cd\/#organization\"},\"potentialAction\":[{\"@type\":\"SearchAction\",\"target\":{\"@type\":\"EntryPoint\",\"urlTemplate\":\"https:\/\/noticiasemdestaque.com\/cd\/?s={search_term_string}\"},\"query-input\":{\"@type\":\"PropertyValueSpecification\",\"valueRequired\":true,\"valueName\":\"search_term_string\"}}],\"inLanguage\":\"pt-BR\"},{\"@type\":\"Organization\",\"@id\":\"https:\/\/noticiasemdestaque.com\/cd\/#organization\",\"name\":\"Not\u00edcias em Destaque\",\"url\":\"https:\/\/noticiasemdestaque.com\/cd\/\",\"logo\":{\"@type\":\"ImageObject\",\"inLanguage\":\"pt-BR\",\"@id\":\"https:\/\/noticiasemdestaque.com\/cd\/#\/schema\/logo\/image\/\",\"url\":\"https:\/\/noticiasemdestaque.com\/cd\/wp-content\/uploads\/2022\/05\/imagem-base-noticiasemdestaque.png\",\"contentUrl\":\"https:\/\/noticiasemdestaque.com\/cd\/wp-content\/uploads\/2022\/05\/imagem-base-noticiasemdestaque.png\",\"width\":1200,\"height\":630,\"caption\":\"Not\u00edcias em Destaque\"},\"image\":{\"@id\":\"https:\/\/noticiasemdestaque.com\/cd\/#\/schema\/logo\/image\/\"}},{\"@type\":\"Person\",\"@id\":\"https:\/\/noticiasemdestaque.com\/cd\/#\/schema\/person\/21320b03a7e8bb90128938dafc9b908a\",\"name\":\"Not\u00edcias em Destaque\",\"url\":\"https:\/\/noticiasemdestaque.com\/cd\/?author=2\"}]}<\/script>\n<!-- \/ Yoast SEO plugin. -->","yoast_head_json":{"title":"Secretaria de Sa\u00fade de Amparo divulga programa\u00e7\u00e3o alusiva ao Outubro Rosa - Not&iacute;cias em Destaque","robots":{"index":"index","follow":"follow","max-snippet":"max-snippet:-1","max-image-preview":"max-image-preview:large","max-video-preview":"max-video-preview:-1"},"canonical":"https:\/\/noticiasemdestaque.com\/cd\/?p=52391","og_locale":"pt_BR","og_type":"article","og_title":"Secretaria de Sa\u00fade de Amparo divulga programa\u00e7\u00e3o alusiva ao Outubro Rosa - Not&iacute;cias em Destaque","og_description":"Nessa quarta-feira (25) a Secretaria de Sa\u00fade de Amparo divulgou a programa\u00e7\u00e3o alusiva ao Outubro Rosa. O evento acontecer\u00e1 na pr\u00f3xima ter\u00e7a-feira (31) no Centro de Especialidades M\u00e9dicas, antigo Centro de Reabilita\u00e7\u00e3o a partir das 07hrs. Confira abaixo a programa\u00e7\u00e3o completa: Caf\u00e9 da Manh\u00e3; Palestra com a Dr\u00aa Hayanne Gomes e equipe da Aten\u00e7\u00e3o Prim\u00e1ria; Coleta HGT (em Jejum) no Laborat\u00f3rio Lab Vida; Marca\u00e7\u00e3o de 30 mamografias (com solicita\u00e7\u00e3o); Coleta de Sangue; Testes R\u00e1pidos de Hepatite, HIV e S\u00edfilis; Exame Citol\u00f3gico; Limpeza de Pele; Design de Sobrancelhas; Realiza\u00e7\u00e3o de 50 ultrassonografias \u2013 Mam\u00e1ria e Transvaginal (com solicita\u00e7\u00e3o m\u00e9dica); Ultrassom Mam\u00e1ria: Para mulheres acima de 50 anos com Citol\u00f3gico e Mamografia recentes, ou pacientes de qualquer idade com hist\u00f3rico de c\u00e2ncer. Noticias em Destaque Com Amparo Ligado","og_url":"https:\/\/noticiasemdestaque.com\/cd\/?p=52391","og_site_name":"Not&iacute;cias em Destaque","article_published_time":"2023-10-27T00:01:50+00:00","og_image":[{"width":512,"height":640,"url":"https:\/\/noticiasemdestaque.com\/cd\/wp-content\/uploads\/2023\/10\/OUTUBRO-ROSA.jpeg","type":"image\/jpeg"}],"author":"Not\u00edcias em Destaque","twitter_card":"summary_large_image","twitter_misc":{"Escrito por":"Not\u00edcias em Destaque","Est. tempo de leitura":"1 minuto"},"schema":{"@context":"https:\/\/schema.org","@graph":[{"@type":"Article","@id":"https:\/\/noticiasemdestaque.com\/cd\/?p=52391#article","isPartOf":{"@id":"https:\/\/noticiasemdestaque.com\/cd\/?p=52391"},"author":{"name":"Not\u00edcias em Destaque","@id":"https:\/\/noticiasemdestaque.com\/cd\/#\/schema\/person\/21320b03a7e8bb90128938dafc9b908a"},"headline":"Secretaria de Sa\u00fade de Amparo divulga programa\u00e7\u00e3o alusiva ao Outubro Rosa","datePublished":"2023-10-27T00:01:50+00:00","mainEntityOfPage":{"@id":"https:\/\/noticiasemdestaque.com\/cd\/?p=52391"},"wordCount":156,"publisher":{"@id":"https:\/\/noticiasemdestaque.com\/cd\/#organization"},"image":{"@id":"https:\/\/noticiasemdestaque.com\/cd\/?p=52391#primaryimage"},"thumbnailUrl":"https:\/\/noticiasemdestaque.com\/cd\/wp-content\/uploads\/2023\/10\/OUTUBRO-ROSA.jpeg","articleSection":["Cidades"],"inLanguage":"pt-BR"},{"@type":"WebPage","@id":"https:\/\/noticiasemdestaque.com\/cd\/?p=52391","url":"https:\/\/noticiasemdestaque.com\/cd\/?p=52391","name":"Secretaria de Sa\u00fade de Amparo divulga programa\u00e7\u00e3o alusiva ao Outubro Rosa - Not&iacute;cias em Destaque","isPartOf":{"@id":"https:\/\/noticiasemdestaque.com\/cd\/#website"},"primaryImageOfPage":{"@id":"https:\/\/noticiasemdestaque.com\/cd\/?p=52391#primaryimage"},"image":{"@id":"https:\/\/noticiasemdestaque.com\/cd\/?p=52391#primaryimage"},"thumbnailUrl":"https:\/\/noticiasemdestaque.com\/cd\/wp-content\/uploads\/2023\/10\/OUTUBRO-ROSA.jpeg","datePublished":"2023-10-27T00:01:50+00:00","breadcrumb":{"@id":"https:\/\/noticiasemdestaque.com\/cd\/?p=52391#breadcrumb"},"inLanguage":"pt-BR","potentialAction":[{"@type":"ReadAction","target":["https:\/\/noticiasemdestaque.com\/cd\/?p=52391"]}]},{"@type":"ImageObject","inLanguage":"pt-BR","@id":"https:\/\/noticiasemdestaque.com\/cd\/?p=52391#primaryimage","url":"https:\/\/noticiasemdestaque.com\/cd\/wp-content\/uploads\/2023\/10\/OUTUBRO-ROSA.jpeg","contentUrl":"https:\/\/noticiasemdestaque.com\/cd\/wp-content\/uploads\/2023\/10\/OUTUBRO-ROSA.jpeg","width":512,"height":640},{"@type":"BreadcrumbList","@id":"https:\/\/noticiasemdestaque.com\/cd\/?p=52391#breadcrumb","itemListElement":[{"@type":"ListItem","position":1,"name":"In\u00edcio","item":"https:\/\/noticiasemdestaque.com\/cd\/"},{"@type":"ListItem","position":2,"name":"Secretaria de Sa\u00fade de Amparo divulga programa\u00e7\u00e3o alusiva ao Outubro Rosa"}]},{"@type":"WebSite","@id":"https:\/\/noticiasemdestaque.com\/cd\/#website","url":"https:\/\/noticiasemdestaque.com\/cd\/","name":"Not&iacute;cias em Destaque","description":"","publisher":{"@id":"https:\/\/noticiasemdestaque.com\/cd\/#organization"},"potentialAction":[{"@type":"SearchAction","target":{"@type":"EntryPoint","urlTemplate":"https:\/\/noticiasemdestaque.com\/cd\/?s={search_term_string}"},"query-input":{"@type":"PropertyValueSpecification","valueRequired":true,"valueName":"search_term_string"}}],"inLanguage":"pt-BR"},{"@type":"Organization","@id":"https:\/\/noticiasemdestaque.com\/cd\/#organization","name":"Not\u00edcias em Destaque","url":"https:\/\/noticiasemdestaque.com\/cd\/","logo":{"@type":"ImageObject","inLanguage":"pt-BR","@id":"https:\/\/noticiasemdestaque.com\/cd\/#\/schema\/logo\/image\/","url":"https:\/\/noticiasemdestaque.com\/cd\/wp-content\/uploads\/2022\/05\/imagem-base-noticiasemdestaque.png","contentUrl":"https:\/\/noticiasemdestaque.com\/cd\/wp-content\/uploads\/2022\/05\/imagem-base-noticiasemdestaque.png","width":1200,"height":630,"caption":"Not\u00edcias em Destaque"},"image":{"@id":"https:\/\/noticiasemdestaque.com\/cd\/#\/schema\/logo\/image\/"}},{"@type":"Person","@id":"https:\/\/noticiasemdestaque.com\/cd\/#\/schema\/person\/21320b03a7e8bb90128938dafc9b908a","name":"Not\u00edcias em Destaque","url":"https:\/\/noticiasemdestaque.com\/cd\/?author=2"}]}},"jetpack_featured_media_url":"https:\/\/noticiasemdestaque.com\/cd\/wp-content\/uploads\/2023\/10\/OUTUBRO-ROSA.jpeg","jetpack_sharing_enabled":true,"_links":{"self":[{"href":"https:\/\/noticiasemdestaque.com\/cd\/index.php?rest_route=\/wp\/v2\/posts\/52391","targetHints":{"allow":["GET"]}}],"collection":[{"href":"https:\/\/noticiasemdestaque.com\/cd\/index.php?rest_route=\/wp\/v2\/posts"}],"about":[{"href":"https:\/\/noticiasemdestaque.com\/cd\/index.php?rest_route=\/wp\/v2\/types\/post"}],"author":[{"embeddable":true,"href":"https:\/\/noticiasemdestaque.com\/cd\/index.php?rest_route=\/wp\/v2\/users\/2"}],"replies":[{"embeddable":true,"href":"https:\/\/noticiasemdestaque.com\/cd\/index.php?rest_route=%2Fwp%2Fv2%2Fcomments&post=52391"}],"version-history":[{"count":1,"href":"https:\/\/noticiasemdestaque.com\/cd\/index.php?rest_route=\/wp\/v2\/posts\/52391\/revisions"}],"predecessor-version":[{"id":52393,"href":"https:\/\/noticiasemdestaque.com\/cd\/index.php?rest_route=\/wp\/v2\/posts\/52391\/revisions\/52393"}],"wp:featuredmedia":[{"embeddable":true,"href":"https:\/\/noticiasemdestaque.com\/cd\/index.php?rest_route=\/wp\/v2\/media\/52392"}],"wp:attachment":[{"href":"https:\/\/noticiasemdestaque.com\/cd\/index.php?rest_route=%2Fwp%2Fv2%2Fmedia&parent=52391"}],"wp:term":[{"taxonomy":"category","embeddable":true,"href":"https:\/\/noticiasemdestaque.com\/cd\/index.php?rest_route=%2Fwp%2Fv2%2Fcategories&post=52391"},{"taxonomy":"post_tag","embeddable":true,"href":"https:\/\/noticiasemdestaque.com\/cd\/index.php?rest_route=%2Fwp%2Fv2%2Ftags&post=52391"}],"curies":[{"name":"wp","href":"https:\/\/api.w.org\/{rel}","templated":true}]}}