{"id":52388,"date":"2023-10-26T19:56:06","date_gmt":"2023-10-26T22:56:06","guid":{"rendered":"https:\/\/noticiasemdestaque.com\/cd\/?p=52388"},"modified":"2023-10-26T19:56:06","modified_gmt":"2023-10-26T22:56:06","slug":"cdsa-realiza-audiencia-publica-com-participacao-dos-comerciantes-e-empreendedores-em-atividade-no-municipio-de-sume-pb","status":"publish","type":"post","link":"https:\/\/noticiasemdestaque.com\/cd\/?p=52388","title":{"rendered":"CDSA realiza Audi\u00eancia P\u00fablica com participa\u00e7\u00e3o dos comerciantes e empreendedores em atividade no munic\u00edpio de Sum\u00e9-PB"},"content":{"rendered":"<p><a href=\"https:\/\/noticiasemdestaque.com\/cd\/wp-content\/uploads\/2023\/10\/1.png\"><img fetchpriority=\"high\" decoding=\"async\" class=\" wp-image-52389 aligncenter\" src=\"https:\/\/noticiasemdestaque.com\/cd\/wp-content\/uploads\/2023\/10\/1-300x225.png\" alt=\"\" width=\"711\" height=\"533\" srcset=\"https:\/\/noticiasemdestaque.com\/cd\/wp-content\/uploads\/2023\/10\/1-300x225.png 300w, https:\/\/noticiasemdestaque.com\/cd\/wp-content\/uploads\/2023\/10\/1-768x576.png 768w, https:\/\/noticiasemdestaque.com\/cd\/wp-content\/uploads\/2023\/10\/1-16x12.png 16w, https:\/\/noticiasemdestaque.com\/cd\/wp-content\/uploads\/2023\/10\/1.png 800w\" sizes=\"(max-width: 711px) 100vw, 711px\" \/><\/a><\/p>\n<p>O Centro de Desenvolvimento Sustent\u00e1vel do Semi\u00e1rido &#8211; CDSA\/UFCG realizou, na \u00faltima quarta-feira (25\/10), uma Audi\u00eancia P\u00fablica com a participa\u00e7\u00e3o dos comerciantes e empreendedores em atividade no munic\u00edpio de Sum\u00e9-PB. O evento contou com um grande p\u00fablico, dentre eles; professores da rede p\u00fablica e privada, professores e servidores do CDSA, estudantes e autoridades pol\u00edticas do estado e munic\u00edpio.<\/p>\n<p>O Vice-diretor, Prof. Franklin N\u00f3brega, deu iniciou a audi\u00eancia destacando em sua fala inicial a import\u00e2ncia desses momentos para o fortalecimento do v\u00ednculo entre o Campus e os empreendedores da regi\u00e3o.<\/p>\n<p>Logo ap\u00f3s foi a vez do Prof. Allan Gustavo, que inicialmente contextualizou o perfil do CDSA em rela\u00e7\u00e3o aos cursos oferecidos. O referido professor ainda em sua participa\u00e7\u00e3o trouxe um estudo sobre os impactos positivos do CDSA durante a \u00faltima d\u00e9cada destacando como era o munic\u00edpio antes, e depois de sua chegada. Tamb\u00e9m apresentou um estudo comparativo com o munic\u00edpio de Serra Branca, o qual n\u00e3o possui uma institui\u00e7\u00e3o de ensino superior e diante disso foi comprovado a relev\u00e2ncia do Campus &#8211; Sum\u00e9 para a comunidade local com a valoriza\u00e7\u00e3o do setor imobili\u00e1rio, gera\u00e7\u00e3o de empregos e a consolida\u00e7\u00e3o do com\u00e9rcio da regi\u00e3o.<\/p>\n<p>No decorrer da audi\u00eancia o Vice-diretor refor\u00e7ou o importante papel do CDSA para economia sumeense, e apresentou as demandas e dificuldades de se manter uma institui\u00e7\u00e3o federal de ensino.<\/p>\n<p>A Dire\u00e7\u00e3o de Centro tem se empenhado para promover ainda mais essa proximidade com os empreendedores locais, para assim buscarem juntos o crescimento da regi\u00e3o e capacitar o jovem para o mercado de trabalho, e desenvolver sua criticidade.<\/p>\n<p><strong>Noticias em Destaque<\/strong><\/p>\n<p style=\"text-align: right;\"><em>Fonte: Assimp. CDSA\/UFCG<\/em><\/p>\n","protected":false},"excerpt":{"rendered":"<p>O Centro de Desenvolvimento Sustent\u00e1vel do Semi\u00e1rido &#8211; CDSA\/UFCG realizou, na \u00faltima quarta-feira (25\/10), uma Audi\u00eancia P\u00fablica com a participa\u00e7\u00e3o dos comerciantes e empreendedores em atividade no munic\u00edpio de Sum\u00e9-PB. O evento contou com um grande p\u00fablico, dentre eles; professores da rede p\u00fablica e privada, professores e servidores do CDSA, estudantes e autoridades pol\u00edticas do estado e munic\u00edpio. O Vice-diretor, Prof. Franklin N\u00f3brega, deu iniciou a audi\u00eancia destacando em sua fala inicial a import\u00e2ncia desses momentos para o fortalecimento do v\u00ednculo entre o Campus e os empreendedores da regi\u00e3o. Logo ap\u00f3s foi a vez do Prof. Allan Gustavo, que inicialmente contextualizou o perfil do CDSA em rela\u00e7\u00e3o aos cursos oferecidos. O referido professor ainda em sua participa\u00e7\u00e3o trouxe um estudo sobre os impactos positivos do CDSA durante a \u00faltima d\u00e9cada destacando como era o munic\u00edpio antes, e depois de sua chegada. Tamb\u00e9m apresentou um estudo comparativo com o munic\u00edpio de Serra Branca, o qual n\u00e3o possui uma institui\u00e7\u00e3o de ensino superior e diante disso foi comprovado a relev\u00e2ncia do Campus &#8211; Sum\u00e9 para a comunidade local com a valoriza\u00e7\u00e3o do setor imobili\u00e1rio, gera\u00e7\u00e3o de empregos e a consolida\u00e7\u00e3o do com\u00e9rcio da regi\u00e3o. No decorrer da audi\u00eancia o Vice-diretor refor\u00e7ou o importante papel do CDSA para economia sumeense, e apresentou as demandas e dificuldades de se manter uma institui\u00e7\u00e3o federal de ensino. A Dire\u00e7\u00e3o de Centro tem se empenhado para promover ainda mais essa proximidade com os empreendedores locais, para assim buscarem juntos o crescimento da regi\u00e3o e capacitar o jovem para o mercado de trabalho, e desenvolver sua criticidade. Noticias em Destaque Fonte: Assimp. CDSA\/UFCG<\/p>\n","protected":false},"author":2,"featured_media":52389,"comment_status":"closed","ping_status":"open","sticky":false,"template":"","format":"standard","meta":{"_eb_attr":"","_jetpack_memberships_contains_paid_content":false,"footnotes":""},"categories":[3],"tags":[],"class_list":["post-52388","post","type-post","status-publish","format-standard","has-post-thumbnail","hentry","category-cidades"],"yoast_head":"<!-- This site is optimized with the Yoast SEO plugin v26.5 - https:\/\/yoast.com\/wordpress\/plugins\/seo\/ -->\n<title>CDSA realiza Audi\u00eancia P\u00fablica com participa\u00e7\u00e3o dos comerciantes e empreendedores em atividade no munic\u00edpio de Sum\u00e9-PB - Not&iacute;cias em Destaque<\/title>\n<meta name=\"robots\" content=\"index, follow, max-snippet:-1, max-image-preview:large, max-video-preview:-1\" \/>\n<link rel=\"canonical\" href=\"https:\/\/noticiasemdestaque.com\/cd\/?p=52388\" \/>\n<meta property=\"og:locale\" content=\"pt_BR\" \/>\n<meta property=\"og:type\" content=\"article\" \/>\n<meta property=\"og:title\" content=\"CDSA realiza Audi\u00eancia P\u00fablica com participa\u00e7\u00e3o dos comerciantes e empreendedores em atividade no munic\u00edpio de Sum\u00e9-PB - Not&iacute;cias em Destaque\" \/>\n<meta property=\"og:description\" content=\"O Centro de Desenvolvimento Sustent\u00e1vel do Semi\u00e1rido &#8211; CDSA\/UFCG realizou, na \u00faltima quarta-feira (25\/10), uma Audi\u00eancia P\u00fablica com a participa\u00e7\u00e3o dos comerciantes e empreendedores em atividade no munic\u00edpio de Sum\u00e9-PB. O evento contou com um grande p\u00fablico, dentre eles; professores da rede p\u00fablica e privada, professores e servidores do CDSA, estudantes e autoridades pol\u00edticas do estado e munic\u00edpio. O Vice-diretor, Prof. Franklin N\u00f3brega, deu iniciou a audi\u00eancia destacando em sua fala inicial a import\u00e2ncia desses momentos para o fortalecimento do v\u00ednculo entre o Campus e os empreendedores da regi\u00e3o. Logo ap\u00f3s foi a vez do Prof. Allan Gustavo, que inicialmente contextualizou o perfil do CDSA em rela\u00e7\u00e3o aos cursos oferecidos. O referido professor ainda em sua participa\u00e7\u00e3o trouxe um estudo sobre os impactos positivos do CDSA durante a \u00faltima d\u00e9cada destacando como era o munic\u00edpio antes, e depois de sua chegada. Tamb\u00e9m apresentou um estudo comparativo com o munic\u00edpio de Serra Branca, o qual n\u00e3o possui uma institui\u00e7\u00e3o de ensino superior e diante disso foi comprovado a relev\u00e2ncia do Campus &#8211; Sum\u00e9 para a comunidade local com a valoriza\u00e7\u00e3o do setor imobili\u00e1rio, gera\u00e7\u00e3o de empregos e a consolida\u00e7\u00e3o do com\u00e9rcio da regi\u00e3o. No decorrer da audi\u00eancia o Vice-diretor refor\u00e7ou o importante papel do CDSA para economia sumeense, e apresentou as demandas e dificuldades de se manter uma institui\u00e7\u00e3o federal de ensino. A Dire\u00e7\u00e3o de Centro tem se empenhado para promover ainda mais essa proximidade com os empreendedores locais, para assim buscarem juntos o crescimento da regi\u00e3o e capacitar o jovem para o mercado de trabalho, e desenvolver sua criticidade. Noticias em Destaque Fonte: Assimp. CDSA\/UFCG\" \/>\n<meta property=\"og:url\" content=\"https:\/\/noticiasemdestaque.com\/cd\/?p=52388\" \/>\n<meta property=\"og:site_name\" content=\"Not&iacute;cias em Destaque\" \/>\n<meta property=\"article:published_time\" content=\"2023-10-26T22:56:06+00:00\" \/>\n<meta property=\"og:image\" content=\"https:\/\/noticiasemdestaque.com\/cd\/wp-content\/uploads\/2023\/10\/1.png\" \/>\n\t<meta property=\"og:image:width\" content=\"800\" \/>\n\t<meta property=\"og:image:height\" content=\"600\" \/>\n\t<meta property=\"og:image:type\" content=\"image\/png\" \/>\n<meta name=\"author\" content=\"Not\u00edcias em Destaque\" \/>\n<meta name=\"twitter:card\" content=\"summary_large_image\" \/>\n<meta name=\"twitter:label1\" content=\"Escrito por\" \/>\n\t<meta name=\"twitter:data1\" content=\"Not\u00edcias em Destaque\" \/>\n\t<meta name=\"twitter:label2\" content=\"Est. tempo de leitura\" \/>\n\t<meta name=\"twitter:data2\" content=\"2 minutos\" \/>\n<script type=\"application\/ld+json\" class=\"yoast-schema-graph\">{\"@context\":\"https:\/\/schema.org\",\"@graph\":[{\"@type\":\"Article\",\"@id\":\"https:\/\/noticiasemdestaque.com\/cd\/?p=52388#article\",\"isPartOf\":{\"@id\":\"https:\/\/noticiasemdestaque.com\/cd\/?p=52388\"},\"author\":{\"name\":\"Not\u00edcias em Destaque\",\"@id\":\"https:\/\/noticiasemdestaque.com\/cd\/#\/schema\/person\/21320b03a7e8bb90128938dafc9b908a\"},\"headline\":\"CDSA realiza Audi\u00eancia P\u00fablica com participa\u00e7\u00e3o dos comerciantes e empreendedores em atividade no munic\u00edpio de Sum\u00e9-PB\",\"datePublished\":\"2023-10-26T22:56:06+00:00\",\"mainEntityOfPage\":{\"@id\":\"https:\/\/noticiasemdestaque.com\/cd\/?p=52388\"},\"wordCount\":324,\"publisher\":{\"@id\":\"https:\/\/noticiasemdestaque.com\/cd\/#organization\"},\"image\":{\"@id\":\"https:\/\/noticiasemdestaque.com\/cd\/?p=52388#primaryimage\"},\"thumbnailUrl\":\"https:\/\/noticiasemdestaque.com\/cd\/wp-content\/uploads\/2023\/10\/1.png\",\"articleSection\":[\"Cidades\"],\"inLanguage\":\"pt-BR\"},{\"@type\":\"WebPage\",\"@id\":\"https:\/\/noticiasemdestaque.com\/cd\/?p=52388\",\"url\":\"https:\/\/noticiasemdestaque.com\/cd\/?p=52388\",\"name\":\"CDSA realiza Audi\u00eancia P\u00fablica com participa\u00e7\u00e3o dos comerciantes e empreendedores em atividade no munic\u00edpio de Sum\u00e9-PB - Not&iacute;cias em Destaque\",\"isPartOf\":{\"@id\":\"https:\/\/noticiasemdestaque.com\/cd\/#website\"},\"primaryImageOfPage\":{\"@id\":\"https:\/\/noticiasemdestaque.com\/cd\/?p=52388#primaryimage\"},\"image\":{\"@id\":\"https:\/\/noticiasemdestaque.com\/cd\/?p=52388#primaryimage\"},\"thumbnailUrl\":\"https:\/\/noticiasemdestaque.com\/cd\/wp-content\/uploads\/2023\/10\/1.png\",\"datePublished\":\"2023-10-26T22:56:06+00:00\",\"breadcrumb\":{\"@id\":\"https:\/\/noticiasemdestaque.com\/cd\/?p=52388#breadcrumb\"},\"inLanguage\":\"pt-BR\",\"potentialAction\":[{\"@type\":\"ReadAction\",\"target\":[\"https:\/\/noticiasemdestaque.com\/cd\/?p=52388\"]}]},{\"@type\":\"ImageObject\",\"inLanguage\":\"pt-BR\",\"@id\":\"https:\/\/noticiasemdestaque.com\/cd\/?p=52388#primaryimage\",\"url\":\"https:\/\/noticiasemdestaque.com\/cd\/wp-content\/uploads\/2023\/10\/1.png\",\"contentUrl\":\"https:\/\/noticiasemdestaque.com\/cd\/wp-content\/uploads\/2023\/10\/1.png\",\"width\":800,\"height\":600},{\"@type\":\"BreadcrumbList\",\"@id\":\"https:\/\/noticiasemdestaque.com\/cd\/?p=52388#breadcrumb\",\"itemListElement\":[{\"@type\":\"ListItem\",\"position\":1,\"name\":\"In\u00edcio\",\"item\":\"https:\/\/noticiasemdestaque.com\/cd\/\"},{\"@type\":\"ListItem\",\"position\":2,\"name\":\"CDSA realiza Audi\u00eancia P\u00fablica com participa\u00e7\u00e3o dos comerciantes e empreendedores em atividade no munic\u00edpio de Sum\u00e9-PB\"}]},{\"@type\":\"WebSite\",\"@id\":\"https:\/\/noticiasemdestaque.com\/cd\/#website\",\"url\":\"https:\/\/noticiasemdestaque.com\/cd\/\",\"name\":\"Not&iacute;cias em Destaque\",\"description\":\"\",\"publisher\":{\"@id\":\"https:\/\/noticiasemdestaque.com\/cd\/#organization\"},\"potentialAction\":[{\"@type\":\"SearchAction\",\"target\":{\"@type\":\"EntryPoint\",\"urlTemplate\":\"https:\/\/noticiasemdestaque.com\/cd\/?s={search_term_string}\"},\"query-input\":{\"@type\":\"PropertyValueSpecification\",\"valueRequired\":true,\"valueName\":\"search_term_string\"}}],\"inLanguage\":\"pt-BR\"},{\"@type\":\"Organization\",\"@id\":\"https:\/\/noticiasemdestaque.com\/cd\/#organization\",\"name\":\"Not\u00edcias em Destaque\",\"url\":\"https:\/\/noticiasemdestaque.com\/cd\/\",\"logo\":{\"@type\":\"ImageObject\",\"inLanguage\":\"pt-BR\",\"@id\":\"https:\/\/noticiasemdestaque.com\/cd\/#\/schema\/logo\/image\/\",\"url\":\"https:\/\/noticiasemdestaque.com\/cd\/wp-content\/uploads\/2022\/05\/imagem-base-noticiasemdestaque.png\",\"contentUrl\":\"https:\/\/noticiasemdestaque.com\/cd\/wp-content\/uploads\/2022\/05\/imagem-base-noticiasemdestaque.png\",\"width\":1200,\"height\":630,\"caption\":\"Not\u00edcias em Destaque\"},\"image\":{\"@id\":\"https:\/\/noticiasemdestaque.com\/cd\/#\/schema\/logo\/image\/\"}},{\"@type\":\"Person\",\"@id\":\"https:\/\/noticiasemdestaque.com\/cd\/#\/schema\/person\/21320b03a7e8bb90128938dafc9b908a\",\"name\":\"Not\u00edcias em Destaque\",\"url\":\"https:\/\/noticiasemdestaque.com\/cd\/?author=2\"}]}<\/script>\n<!-- \/ Yoast SEO plugin. -->","yoast_head_json":{"title":"CDSA realiza Audi\u00eancia P\u00fablica com participa\u00e7\u00e3o dos comerciantes e empreendedores em atividade no munic\u00edpio de Sum\u00e9-PB - Not&iacute;cias em Destaque","robots":{"index":"index","follow":"follow","max-snippet":"max-snippet:-1","max-image-preview":"max-image-preview:large","max-video-preview":"max-video-preview:-1"},"canonical":"https:\/\/noticiasemdestaque.com\/cd\/?p=52388","og_locale":"pt_BR","og_type":"article","og_title":"CDSA realiza Audi\u00eancia P\u00fablica com participa\u00e7\u00e3o dos comerciantes e empreendedores em atividade no munic\u00edpio de Sum\u00e9-PB - Not&iacute;cias em Destaque","og_description":"O Centro de Desenvolvimento Sustent\u00e1vel do Semi\u00e1rido &#8211; CDSA\/UFCG realizou, na \u00faltima quarta-feira (25\/10), uma Audi\u00eancia P\u00fablica com a participa\u00e7\u00e3o dos comerciantes e empreendedores em atividade no munic\u00edpio de Sum\u00e9-PB. O evento contou com um grande p\u00fablico, dentre eles; professores da rede p\u00fablica e privada, professores e servidores do CDSA, estudantes e autoridades pol\u00edticas do estado e munic\u00edpio. O Vice-diretor, Prof. Franklin N\u00f3brega, deu iniciou a audi\u00eancia destacando em sua fala inicial a import\u00e2ncia desses momentos para o fortalecimento do v\u00ednculo entre o Campus e os empreendedores da regi\u00e3o. Logo ap\u00f3s foi a vez do Prof. Allan Gustavo, que inicialmente contextualizou o perfil do CDSA em rela\u00e7\u00e3o aos cursos oferecidos. O referido professor ainda em sua participa\u00e7\u00e3o trouxe um estudo sobre os impactos positivos do CDSA durante a \u00faltima d\u00e9cada destacando como era o munic\u00edpio antes, e depois de sua chegada. Tamb\u00e9m apresentou um estudo comparativo com o munic\u00edpio de Serra Branca, o qual n\u00e3o possui uma institui\u00e7\u00e3o de ensino superior e diante disso foi comprovado a relev\u00e2ncia do Campus &#8211; Sum\u00e9 para a comunidade local com a valoriza\u00e7\u00e3o do setor imobili\u00e1rio, gera\u00e7\u00e3o de empregos e a consolida\u00e7\u00e3o do com\u00e9rcio da regi\u00e3o. No decorrer da audi\u00eancia o Vice-diretor refor\u00e7ou o importante papel do CDSA para economia sumeense, e apresentou as demandas e dificuldades de se manter uma institui\u00e7\u00e3o federal de ensino. A Dire\u00e7\u00e3o de Centro tem se empenhado para promover ainda mais essa proximidade com os empreendedores locais, para assim buscarem juntos o crescimento da regi\u00e3o e capacitar o jovem para o mercado de trabalho, e desenvolver sua criticidade. Noticias em Destaque Fonte: Assimp. CDSA\/UFCG","og_url":"https:\/\/noticiasemdestaque.com\/cd\/?p=52388","og_site_name":"Not&iacute;cias em Destaque","article_published_time":"2023-10-26T22:56:06+00:00","og_image":[{"width":800,"height":600,"url":"https:\/\/noticiasemdestaque.com\/cd\/wp-content\/uploads\/2023\/10\/1.png","type":"image\/png"}],"author":"Not\u00edcias em Destaque","twitter_card":"summary_large_image","twitter_misc":{"Escrito por":"Not\u00edcias em Destaque","Est. tempo de leitura":"2 minutos"},"schema":{"@context":"https:\/\/schema.org","@graph":[{"@type":"Article","@id":"https:\/\/noticiasemdestaque.com\/cd\/?p=52388#article","isPartOf":{"@id":"https:\/\/noticiasemdestaque.com\/cd\/?p=52388"},"author":{"name":"Not\u00edcias em Destaque","@id":"https:\/\/noticiasemdestaque.com\/cd\/#\/schema\/person\/21320b03a7e8bb90128938dafc9b908a"},"headline":"CDSA realiza Audi\u00eancia P\u00fablica com participa\u00e7\u00e3o dos comerciantes e empreendedores em atividade no munic\u00edpio de Sum\u00e9-PB","datePublished":"2023-10-26T22:56:06+00:00","mainEntityOfPage":{"@id":"https:\/\/noticiasemdestaque.com\/cd\/?p=52388"},"wordCount":324,"publisher":{"@id":"https:\/\/noticiasemdestaque.com\/cd\/#organization"},"image":{"@id":"https:\/\/noticiasemdestaque.com\/cd\/?p=52388#primaryimage"},"thumbnailUrl":"https:\/\/noticiasemdestaque.com\/cd\/wp-content\/uploads\/2023\/10\/1.png","articleSection":["Cidades"],"inLanguage":"pt-BR"},{"@type":"WebPage","@id":"https:\/\/noticiasemdestaque.com\/cd\/?p=52388","url":"https:\/\/noticiasemdestaque.com\/cd\/?p=52388","name":"CDSA realiza Audi\u00eancia P\u00fablica com participa\u00e7\u00e3o dos comerciantes e empreendedores em atividade no munic\u00edpio de Sum\u00e9-PB - Not&iacute;cias em Destaque","isPartOf":{"@id":"https:\/\/noticiasemdestaque.com\/cd\/#website"},"primaryImageOfPage":{"@id":"https:\/\/noticiasemdestaque.com\/cd\/?p=52388#primaryimage"},"image":{"@id":"https:\/\/noticiasemdestaque.com\/cd\/?p=52388#primaryimage"},"thumbnailUrl":"https:\/\/noticiasemdestaque.com\/cd\/wp-content\/uploads\/2023\/10\/1.png","datePublished":"2023-10-26T22:56:06+00:00","breadcrumb":{"@id":"https:\/\/noticiasemdestaque.com\/cd\/?p=52388#breadcrumb"},"inLanguage":"pt-BR","potentialAction":[{"@type":"ReadAction","target":["https:\/\/noticiasemdestaque.com\/cd\/?p=52388"]}]},{"@type":"ImageObject","inLanguage":"pt-BR","@id":"https:\/\/noticiasemdestaque.com\/cd\/?p=52388#primaryimage","url":"https:\/\/noticiasemdestaque.com\/cd\/wp-content\/uploads\/2023\/10\/1.png","contentUrl":"https:\/\/noticiasemdestaque.com\/cd\/wp-content\/uploads\/2023\/10\/1.png","width":800,"height":600},{"@type":"BreadcrumbList","@id":"https:\/\/noticiasemdestaque.com\/cd\/?p=52388#breadcrumb","itemListElement":[{"@type":"ListItem","position":1,"name":"In\u00edcio","item":"https:\/\/noticiasemdestaque.com\/cd\/"},{"@type":"ListItem","position":2,"name":"CDSA realiza Audi\u00eancia P\u00fablica com participa\u00e7\u00e3o dos comerciantes e empreendedores em atividade no munic\u00edpio de Sum\u00e9-PB"}]},{"@type":"WebSite","@id":"https:\/\/noticiasemdestaque.com\/cd\/#website","url":"https:\/\/noticiasemdestaque.com\/cd\/","name":"Not&iacute;cias em Destaque","description":"","publisher":{"@id":"https:\/\/noticiasemdestaque.com\/cd\/#organization"},"potentialAction":[{"@type":"SearchAction","target":{"@type":"EntryPoint","urlTemplate":"https:\/\/noticiasemdestaque.com\/cd\/?s={search_term_string}"},"query-input":{"@type":"PropertyValueSpecification","valueRequired":true,"valueName":"search_term_string"}}],"inLanguage":"pt-BR"},{"@type":"Organization","@id":"https:\/\/noticiasemdestaque.com\/cd\/#organization","name":"Not\u00edcias em Destaque","url":"https:\/\/noticiasemdestaque.com\/cd\/","logo":{"@type":"ImageObject","inLanguage":"pt-BR","@id":"https:\/\/noticiasemdestaque.com\/cd\/#\/schema\/logo\/image\/","url":"https:\/\/noticiasemdestaque.com\/cd\/wp-content\/uploads\/2022\/05\/imagem-base-noticiasemdestaque.png","contentUrl":"https:\/\/noticiasemdestaque.com\/cd\/wp-content\/uploads\/2022\/05\/imagem-base-noticiasemdestaque.png","width":1200,"height":630,"caption":"Not\u00edcias em Destaque"},"image":{"@id":"https:\/\/noticiasemdestaque.com\/cd\/#\/schema\/logo\/image\/"}},{"@type":"Person","@id":"https:\/\/noticiasemdestaque.com\/cd\/#\/schema\/person\/21320b03a7e8bb90128938dafc9b908a","name":"Not\u00edcias em Destaque","url":"https:\/\/noticiasemdestaque.com\/cd\/?author=2"}]}},"jetpack_featured_media_url":"https:\/\/noticiasemdestaque.com\/cd\/wp-content\/uploads\/2023\/10\/1.png","jetpack_sharing_enabled":true,"_links":{"self":[{"href":"https:\/\/noticiasemdestaque.com\/cd\/index.php?rest_route=\/wp\/v2\/posts\/52388","targetHints":{"allow":["GET"]}}],"collection":[{"href":"https:\/\/noticiasemdestaque.com\/cd\/index.php?rest_route=\/wp\/v2\/posts"}],"about":[{"href":"https:\/\/noticiasemdestaque.com\/cd\/index.php?rest_route=\/wp\/v2\/types\/post"}],"author":[{"embeddable":true,"href":"https:\/\/noticiasemdestaque.com\/cd\/index.php?rest_route=\/wp\/v2\/users\/2"}],"replies":[{"embeddable":true,"href":"https:\/\/noticiasemdestaque.com\/cd\/index.php?rest_route=%2Fwp%2Fv2%2Fcomments&post=52388"}],"version-history":[{"count":1,"href":"https:\/\/noticiasemdestaque.com\/cd\/index.php?rest_route=\/wp\/v2\/posts\/52388\/revisions"}],"predecessor-version":[{"id":52390,"href":"https:\/\/noticiasemdestaque.com\/cd\/index.php?rest_route=\/wp\/v2\/posts\/52388\/revisions\/52390"}],"wp:featuredmedia":[{"embeddable":true,"href":"https:\/\/noticiasemdestaque.com\/cd\/index.php?rest_route=\/wp\/v2\/media\/52389"}],"wp:attachment":[{"href":"https:\/\/noticiasemdestaque.com\/cd\/index.php?rest_route=%2Fwp%2Fv2%2Fmedia&parent=52388"}],"wp:term":[{"taxonomy":"category","embeddable":true,"href":"https:\/\/noticiasemdestaque.com\/cd\/index.php?rest_route=%2Fwp%2Fv2%2Fcategories&post=52388"},{"taxonomy":"post_tag","embeddable":true,"href":"https:\/\/noticiasemdestaque.com\/cd\/index.php?rest_route=%2Fwp%2Fv2%2Ftags&post=52388"}],"curies":[{"name":"wp","href":"https:\/\/api.w.org\/{rel}","templated":true}]}}