{"id":52385,"date":"2023-10-26T18:06:43","date_gmt":"2023-10-26T21:06:43","guid":{"rendered":"https:\/\/noticiasemdestaque.com\/cd\/?p=52385"},"modified":"2023-10-26T18:06:43","modified_gmt":"2023-10-26T21:06:43","slug":"mulher-mata-filha-de-um-ano-com-facada-no-pescoco-apos-briga-com-o-ex-marido-na-paraiba","status":"publish","type":"post","link":"https:\/\/noticiasemdestaque.com\/cd\/?p=52385","title":{"rendered":"Mulher mata filha de um ano com facada no pesco\u00e7o ap\u00f3s briga com o ex-marido na Para\u00edba"},"content":{"rendered":"<p><a href=\"https:\/\/noticiasemdestaque.com\/cd\/wp-content\/uploads\/2023\/10\/homicidio-2.png\"><img fetchpriority=\"high\" decoding=\"async\" class=\" wp-image-52386 aligncenter\" src=\"https:\/\/noticiasemdestaque.com\/cd\/wp-content\/uploads\/2023\/10\/homicidio-2-300x184.png\" alt=\"\" width=\"771\" height=\"473\" srcset=\"https:\/\/noticiasemdestaque.com\/cd\/wp-content\/uploads\/2023\/10\/homicidio-2-300x184.png 300w, https:\/\/noticiasemdestaque.com\/cd\/wp-content\/uploads\/2023\/10\/homicidio-2-18x12.png 18w, https:\/\/noticiasemdestaque.com\/cd\/wp-content\/uploads\/2023\/10\/homicidio-2.png 750w\" sizes=\"(max-width: 771px) 100vw, 771px\" \/><\/a><\/p>\n<p>Uma mulher matou a pr\u00f3pria filha identificada como J\u00falia, de um ano, na manh\u00e3 desta quinta-feira (26), e depois se entregou \u00e0 Central de Pol\u00edcia Civil, em Jo\u00e3o Pessoa.<\/p>\n<p>O crime aconteceu dentro do apartamento da fam\u00edlia. A m\u00e3e, de 27 anos, chegou na Pol\u00edcia ainda com sangue na m\u00e3o. Em conversa com o delegado Bruno Victor, a mulher disse houve uma briga com o marido e acabou matando a crian\u00e7a. Na discuss\u00e3o, os pais debateram sobre separa\u00e7\u00e3o e com quem ficaria a guarda da menina.<\/p>\n<blockquote><p>\u201cEst\u00e1vamos na base quando a jovem chegou com as m\u00e3os cheias de sangue, alegando que tinha esfaqueado a filha de um ano. Fomos at\u00e9 o local e a crian\u00e7a estava l\u00e1 no ber\u00e7o toda esfaqueada\u201d, disse o delegado Bruno Victor.<\/p><\/blockquote>\n<p>Em entrevista ao rep\u00f3rter David Martins, TV Correio, a mulher disse que estava arrependida do crime. O pai da crian\u00e7a, que n\u00e3o quis se identificar, disse que estava em processo de separa\u00e7\u00e3o com a companheira.<\/p>\n<blockquote><p>\u201cA gente estava passando por um momento dif\u00edcil. A gente discutia muito e a\u00ed decidi terminar o relacionamento. Ela uma pessoa muito surtada, complicada. Ent\u00e3o sa\u00ed da nossa casa pra terminar. Me comprometi a pagar R$ 200 por semana de pens\u00e3o, dava R$ 800 por m\u00eas. Se eu amea\u00e7asse a guarda compartilhada saberia que isso poderia acontecer\u201d, desabafou em entrevista ao Sistema Correio.<\/p><\/blockquote>\n<p>O homem disse que estava trabalhando como motorista de alternativo e viu a movimenta\u00e7\u00e3o de ambul\u00e2ncias perto da casa. A Pol\u00edcia, ent\u00e3o, colocou ele dentro de um carro e o levou para Central de Pol\u00edcia, onde foi informado da morte da filha.<\/p>\n<p><strong>Noticias em Destaque<\/strong><\/p>\n<p style=\"text-align: right;\"><em>Com MaisPB<\/em><\/p>\n","protected":false},"excerpt":{"rendered":"<p>Uma mulher matou a pr\u00f3pria filha identificada como J\u00falia, de um ano, na manh\u00e3 desta quinta-feira (26), e depois se entregou \u00e0 Central de Pol\u00edcia Civil, em Jo\u00e3o Pessoa. O crime aconteceu dentro do apartamento da fam\u00edlia. A m\u00e3e, de 27 anos, chegou na Pol\u00edcia ainda com sangue na m\u00e3o. Em conversa com o delegado Bruno Victor, a mulher disse houve uma briga com o marido e acabou matando a crian\u00e7a. Na discuss\u00e3o, os pais debateram sobre separa\u00e7\u00e3o e com quem ficaria a guarda da menina. \u201cEst\u00e1vamos na base quando a jovem chegou com as m\u00e3os cheias de sangue, alegando que tinha esfaqueado a filha de um ano. Fomos at\u00e9 o local e a crian\u00e7a estava l\u00e1 no ber\u00e7o toda esfaqueada\u201d, disse o delegado Bruno Victor. Em entrevista ao rep\u00f3rter David Martins, TV Correio, a mulher disse que estava arrependida do crime. O pai da crian\u00e7a, que n\u00e3o quis se identificar, disse que estava em processo de separa\u00e7\u00e3o com a companheira. \u201cA gente estava passando por um momento dif\u00edcil. A gente discutia muito e a\u00ed decidi terminar o relacionamento. Ela uma pessoa muito surtada, complicada. Ent\u00e3o sa\u00ed da nossa casa pra terminar. Me comprometi a pagar R$ 200 por semana de pens\u00e3o, dava R$ 800 por m\u00eas. Se eu amea\u00e7asse a guarda compartilhada saberia que isso poderia acontecer\u201d, desabafou em entrevista ao Sistema Correio. O homem disse que estava trabalhando como motorista de alternativo e viu a movimenta\u00e7\u00e3o de ambul\u00e2ncias perto da casa. A Pol\u00edcia, ent\u00e3o, colocou ele dentro de um carro e o levou para Central de Pol\u00edcia, onde foi informado da morte da filha. Noticias em Destaque Com MaisPB<\/p>\n","protected":false},"author":2,"featured_media":52386,"comment_status":"closed","ping_status":"open","sticky":false,"template":"","format":"standard","meta":{"_eb_attr":"","_jetpack_memberships_contains_paid_content":false,"footnotes":""},"categories":[20],"tags":[],"class_list":["post-52385","post","type-post","status-publish","format-standard","has-post-thumbnail","hentry","category-policia"],"yoast_head":"<!-- This site is optimized with the Yoast SEO plugin v26.5 - https:\/\/yoast.com\/wordpress\/plugins\/seo\/ -->\n<title>Mulher mata filha de um ano com facada no pesco\u00e7o ap\u00f3s briga com o ex-marido na Para\u00edba - Not&iacute;cias em Destaque<\/title>\n<meta name=\"robots\" content=\"index, follow, max-snippet:-1, max-image-preview:large, max-video-preview:-1\" \/>\n<link rel=\"canonical\" href=\"https:\/\/noticiasemdestaque.com\/cd\/?p=52385\" \/>\n<meta property=\"og:locale\" content=\"pt_BR\" \/>\n<meta property=\"og:type\" content=\"article\" \/>\n<meta property=\"og:title\" content=\"Mulher mata filha de um ano com facada no pesco\u00e7o ap\u00f3s briga com o ex-marido na Para\u00edba - Not&iacute;cias em Destaque\" \/>\n<meta property=\"og:description\" content=\"Uma mulher matou a pr\u00f3pria filha identificada como J\u00falia, de um ano, na manh\u00e3 desta quinta-feira (26), e depois se entregou \u00e0 Central de Pol\u00edcia Civil, em Jo\u00e3o Pessoa. O crime aconteceu dentro do apartamento da fam\u00edlia. A m\u00e3e, de 27 anos, chegou na Pol\u00edcia ainda com sangue na m\u00e3o. Em conversa com o delegado Bruno Victor, a mulher disse houve uma briga com o marido e acabou matando a crian\u00e7a. Na discuss\u00e3o, os pais debateram sobre separa\u00e7\u00e3o e com quem ficaria a guarda da menina. \u201cEst\u00e1vamos na base quando a jovem chegou com as m\u00e3os cheias de sangue, alegando que tinha esfaqueado a filha de um ano. Fomos at\u00e9 o local e a crian\u00e7a estava l\u00e1 no ber\u00e7o toda esfaqueada\u201d, disse o delegado Bruno Victor. Em entrevista ao rep\u00f3rter David Martins, TV Correio, a mulher disse que estava arrependida do crime. O pai da crian\u00e7a, que n\u00e3o quis se identificar, disse que estava em processo de separa\u00e7\u00e3o com a companheira. \u201cA gente estava passando por um momento dif\u00edcil. A gente discutia muito e a\u00ed decidi terminar o relacionamento. Ela uma pessoa muito surtada, complicada. Ent\u00e3o sa\u00ed da nossa casa pra terminar. Me comprometi a pagar R$ 200 por semana de pens\u00e3o, dava R$ 800 por m\u00eas. Se eu amea\u00e7asse a guarda compartilhada saberia que isso poderia acontecer\u201d, desabafou em entrevista ao Sistema Correio. O homem disse que estava trabalhando como motorista de alternativo e viu a movimenta\u00e7\u00e3o de ambul\u00e2ncias perto da casa. A Pol\u00edcia, ent\u00e3o, colocou ele dentro de um carro e o levou para Central de Pol\u00edcia, onde foi informado da morte da filha. Noticias em Destaque Com MaisPB\" \/>\n<meta property=\"og:url\" content=\"https:\/\/noticiasemdestaque.com\/cd\/?p=52385\" \/>\n<meta property=\"og:site_name\" content=\"Not&iacute;cias em Destaque\" \/>\n<meta property=\"article:published_time\" content=\"2023-10-26T21:06:43+00:00\" \/>\n<meta property=\"og:image\" content=\"https:\/\/noticiasemdestaque.com\/cd\/wp-content\/uploads\/2023\/10\/homicidio-2.png\" \/>\n\t<meta property=\"og:image:width\" content=\"750\" \/>\n\t<meta property=\"og:image:height\" content=\"461\" \/>\n\t<meta property=\"og:image:type\" content=\"image\/png\" \/>\n<meta name=\"author\" content=\"Not\u00edcias em Destaque\" \/>\n<meta name=\"twitter:card\" content=\"summary_large_image\" \/>\n<meta name=\"twitter:label1\" content=\"Escrito por\" \/>\n\t<meta name=\"twitter:data1\" content=\"Not\u00edcias em Destaque\" \/>\n\t<meta name=\"twitter:label2\" content=\"Est. tempo de leitura\" \/>\n\t<meta name=\"twitter:data2\" content=\"2 minutos\" \/>\n<script type=\"application\/ld+json\" class=\"yoast-schema-graph\">{\"@context\":\"https:\/\/schema.org\",\"@graph\":[{\"@type\":\"Article\",\"@id\":\"https:\/\/noticiasemdestaque.com\/cd\/?p=52385#article\",\"isPartOf\":{\"@id\":\"https:\/\/noticiasemdestaque.com\/cd\/?p=52385\"},\"author\":{\"name\":\"Not\u00edcias em Destaque\",\"@id\":\"https:\/\/noticiasemdestaque.com\/cd\/#\/schema\/person\/21320b03a7e8bb90128938dafc9b908a\"},\"headline\":\"Mulher mata filha de um ano com facada no pesco\u00e7o ap\u00f3s briga com o ex-marido na Para\u00edba\",\"datePublished\":\"2023-10-26T21:06:43+00:00\",\"mainEntityOfPage\":{\"@id\":\"https:\/\/noticiasemdestaque.com\/cd\/?p=52385\"},\"wordCount\":315,\"publisher\":{\"@id\":\"https:\/\/noticiasemdestaque.com\/cd\/#organization\"},\"image\":{\"@id\":\"https:\/\/noticiasemdestaque.com\/cd\/?p=52385#primaryimage\"},\"thumbnailUrl\":\"https:\/\/noticiasemdestaque.com\/cd\/wp-content\/uploads\/2023\/10\/homicidio-2.png\",\"articleSection\":[\"Pol\u00edcia\"],\"inLanguage\":\"pt-BR\"},{\"@type\":\"WebPage\",\"@id\":\"https:\/\/noticiasemdestaque.com\/cd\/?p=52385\",\"url\":\"https:\/\/noticiasemdestaque.com\/cd\/?p=52385\",\"name\":\"Mulher mata filha de um ano com facada no pesco\u00e7o ap\u00f3s briga com o ex-marido na Para\u00edba - Not&iacute;cias em Destaque\",\"isPartOf\":{\"@id\":\"https:\/\/noticiasemdestaque.com\/cd\/#website\"},\"primaryImageOfPage\":{\"@id\":\"https:\/\/noticiasemdestaque.com\/cd\/?p=52385#primaryimage\"},\"image\":{\"@id\":\"https:\/\/noticiasemdestaque.com\/cd\/?p=52385#primaryimage\"},\"thumbnailUrl\":\"https:\/\/noticiasemdestaque.com\/cd\/wp-content\/uploads\/2023\/10\/homicidio-2.png\",\"datePublished\":\"2023-10-26T21:06:43+00:00\",\"breadcrumb\":{\"@id\":\"https:\/\/noticiasemdestaque.com\/cd\/?p=52385#breadcrumb\"},\"inLanguage\":\"pt-BR\",\"potentialAction\":[{\"@type\":\"ReadAction\",\"target\":[\"https:\/\/noticiasemdestaque.com\/cd\/?p=52385\"]}]},{\"@type\":\"ImageObject\",\"inLanguage\":\"pt-BR\",\"@id\":\"https:\/\/noticiasemdestaque.com\/cd\/?p=52385#primaryimage\",\"url\":\"https:\/\/noticiasemdestaque.com\/cd\/wp-content\/uploads\/2023\/10\/homicidio-2.png\",\"contentUrl\":\"https:\/\/noticiasemdestaque.com\/cd\/wp-content\/uploads\/2023\/10\/homicidio-2.png\",\"width\":750,\"height\":461},{\"@type\":\"BreadcrumbList\",\"@id\":\"https:\/\/noticiasemdestaque.com\/cd\/?p=52385#breadcrumb\",\"itemListElement\":[{\"@type\":\"ListItem\",\"position\":1,\"name\":\"In\u00edcio\",\"item\":\"https:\/\/noticiasemdestaque.com\/cd\/\"},{\"@type\":\"ListItem\",\"position\":2,\"name\":\"Mulher mata filha de um ano com facada no pesco\u00e7o ap\u00f3s briga com o ex-marido na Para\u00edba\"}]},{\"@type\":\"WebSite\",\"@id\":\"https:\/\/noticiasemdestaque.com\/cd\/#website\",\"url\":\"https:\/\/noticiasemdestaque.com\/cd\/\",\"name\":\"Not&iacute;cias em Destaque\",\"description\":\"\",\"publisher\":{\"@id\":\"https:\/\/noticiasemdestaque.com\/cd\/#organization\"},\"potentialAction\":[{\"@type\":\"SearchAction\",\"target\":{\"@type\":\"EntryPoint\",\"urlTemplate\":\"https:\/\/noticiasemdestaque.com\/cd\/?s={search_term_string}\"},\"query-input\":{\"@type\":\"PropertyValueSpecification\",\"valueRequired\":true,\"valueName\":\"search_term_string\"}}],\"inLanguage\":\"pt-BR\"},{\"@type\":\"Organization\",\"@id\":\"https:\/\/noticiasemdestaque.com\/cd\/#organization\",\"name\":\"Not\u00edcias em Destaque\",\"url\":\"https:\/\/noticiasemdestaque.com\/cd\/\",\"logo\":{\"@type\":\"ImageObject\",\"inLanguage\":\"pt-BR\",\"@id\":\"https:\/\/noticiasemdestaque.com\/cd\/#\/schema\/logo\/image\/\",\"url\":\"https:\/\/noticiasemdestaque.com\/cd\/wp-content\/uploads\/2022\/05\/imagem-base-noticiasemdestaque.png\",\"contentUrl\":\"https:\/\/noticiasemdestaque.com\/cd\/wp-content\/uploads\/2022\/05\/imagem-base-noticiasemdestaque.png\",\"width\":1200,\"height\":630,\"caption\":\"Not\u00edcias em Destaque\"},\"image\":{\"@id\":\"https:\/\/noticiasemdestaque.com\/cd\/#\/schema\/logo\/image\/\"}},{\"@type\":\"Person\",\"@id\":\"https:\/\/noticiasemdestaque.com\/cd\/#\/schema\/person\/21320b03a7e8bb90128938dafc9b908a\",\"name\":\"Not\u00edcias em Destaque\",\"url\":\"https:\/\/noticiasemdestaque.com\/cd\/?author=2\"}]}<\/script>\n<!-- \/ Yoast SEO plugin. -->","yoast_head_json":{"title":"Mulher mata filha de um ano com facada no pesco\u00e7o ap\u00f3s briga com o ex-marido na Para\u00edba - Not&iacute;cias em Destaque","robots":{"index":"index","follow":"follow","max-snippet":"max-snippet:-1","max-image-preview":"max-image-preview:large","max-video-preview":"max-video-preview:-1"},"canonical":"https:\/\/noticiasemdestaque.com\/cd\/?p=52385","og_locale":"pt_BR","og_type":"article","og_title":"Mulher mata filha de um ano com facada no pesco\u00e7o ap\u00f3s briga com o ex-marido na Para\u00edba - Not&iacute;cias em Destaque","og_description":"Uma mulher matou a pr\u00f3pria filha identificada como J\u00falia, de um ano, na manh\u00e3 desta quinta-feira (26), e depois se entregou \u00e0 Central de Pol\u00edcia Civil, em Jo\u00e3o Pessoa. O crime aconteceu dentro do apartamento da fam\u00edlia. A m\u00e3e, de 27 anos, chegou na Pol\u00edcia ainda com sangue na m\u00e3o. Em conversa com o delegado Bruno Victor, a mulher disse houve uma briga com o marido e acabou matando a crian\u00e7a. Na discuss\u00e3o, os pais debateram sobre separa\u00e7\u00e3o e com quem ficaria a guarda da menina. \u201cEst\u00e1vamos na base quando a jovem chegou com as m\u00e3os cheias de sangue, alegando que tinha esfaqueado a filha de um ano. Fomos at\u00e9 o local e a crian\u00e7a estava l\u00e1 no ber\u00e7o toda esfaqueada\u201d, disse o delegado Bruno Victor. Em entrevista ao rep\u00f3rter David Martins, TV Correio, a mulher disse que estava arrependida do crime. O pai da crian\u00e7a, que n\u00e3o quis se identificar, disse que estava em processo de separa\u00e7\u00e3o com a companheira. \u201cA gente estava passando por um momento dif\u00edcil. A gente discutia muito e a\u00ed decidi terminar o relacionamento. Ela uma pessoa muito surtada, complicada. Ent\u00e3o sa\u00ed da nossa casa pra terminar. Me comprometi a pagar R$ 200 por semana de pens\u00e3o, dava R$ 800 por m\u00eas. Se eu amea\u00e7asse a guarda compartilhada saberia que isso poderia acontecer\u201d, desabafou em entrevista ao Sistema Correio. O homem disse que estava trabalhando como motorista de alternativo e viu a movimenta\u00e7\u00e3o de ambul\u00e2ncias perto da casa. A Pol\u00edcia, ent\u00e3o, colocou ele dentro de um carro e o levou para Central de Pol\u00edcia, onde foi informado da morte da filha. Noticias em Destaque Com MaisPB","og_url":"https:\/\/noticiasemdestaque.com\/cd\/?p=52385","og_site_name":"Not&iacute;cias em Destaque","article_published_time":"2023-10-26T21:06:43+00:00","og_image":[{"width":750,"height":461,"url":"https:\/\/noticiasemdestaque.com\/cd\/wp-content\/uploads\/2023\/10\/homicidio-2.png","type":"image\/png"}],"author":"Not\u00edcias em Destaque","twitter_card":"summary_large_image","twitter_misc":{"Escrito por":"Not\u00edcias em Destaque","Est. tempo de leitura":"2 minutos"},"schema":{"@context":"https:\/\/schema.org","@graph":[{"@type":"Article","@id":"https:\/\/noticiasemdestaque.com\/cd\/?p=52385#article","isPartOf":{"@id":"https:\/\/noticiasemdestaque.com\/cd\/?p=52385"},"author":{"name":"Not\u00edcias em Destaque","@id":"https:\/\/noticiasemdestaque.com\/cd\/#\/schema\/person\/21320b03a7e8bb90128938dafc9b908a"},"headline":"Mulher mata filha de um ano com facada no pesco\u00e7o ap\u00f3s briga com o ex-marido na Para\u00edba","datePublished":"2023-10-26T21:06:43+00:00","mainEntityOfPage":{"@id":"https:\/\/noticiasemdestaque.com\/cd\/?p=52385"},"wordCount":315,"publisher":{"@id":"https:\/\/noticiasemdestaque.com\/cd\/#organization"},"image":{"@id":"https:\/\/noticiasemdestaque.com\/cd\/?p=52385#primaryimage"},"thumbnailUrl":"https:\/\/noticiasemdestaque.com\/cd\/wp-content\/uploads\/2023\/10\/homicidio-2.png","articleSection":["Pol\u00edcia"],"inLanguage":"pt-BR"},{"@type":"WebPage","@id":"https:\/\/noticiasemdestaque.com\/cd\/?p=52385","url":"https:\/\/noticiasemdestaque.com\/cd\/?p=52385","name":"Mulher mata filha de um ano com facada no pesco\u00e7o ap\u00f3s briga com o ex-marido na Para\u00edba - Not&iacute;cias em Destaque","isPartOf":{"@id":"https:\/\/noticiasemdestaque.com\/cd\/#website"},"primaryImageOfPage":{"@id":"https:\/\/noticiasemdestaque.com\/cd\/?p=52385#primaryimage"},"image":{"@id":"https:\/\/noticiasemdestaque.com\/cd\/?p=52385#primaryimage"},"thumbnailUrl":"https:\/\/noticiasemdestaque.com\/cd\/wp-content\/uploads\/2023\/10\/homicidio-2.png","datePublished":"2023-10-26T21:06:43+00:00","breadcrumb":{"@id":"https:\/\/noticiasemdestaque.com\/cd\/?p=52385#breadcrumb"},"inLanguage":"pt-BR","potentialAction":[{"@type":"ReadAction","target":["https:\/\/noticiasemdestaque.com\/cd\/?p=52385"]}]},{"@type":"ImageObject","inLanguage":"pt-BR","@id":"https:\/\/noticiasemdestaque.com\/cd\/?p=52385#primaryimage","url":"https:\/\/noticiasemdestaque.com\/cd\/wp-content\/uploads\/2023\/10\/homicidio-2.png","contentUrl":"https:\/\/noticiasemdestaque.com\/cd\/wp-content\/uploads\/2023\/10\/homicidio-2.png","width":750,"height":461},{"@type":"BreadcrumbList","@id":"https:\/\/noticiasemdestaque.com\/cd\/?p=52385#breadcrumb","itemListElement":[{"@type":"ListItem","position":1,"name":"In\u00edcio","item":"https:\/\/noticiasemdestaque.com\/cd\/"},{"@type":"ListItem","position":2,"name":"Mulher mata filha de um ano com facada no pesco\u00e7o ap\u00f3s briga com o ex-marido na Para\u00edba"}]},{"@type":"WebSite","@id":"https:\/\/noticiasemdestaque.com\/cd\/#website","url":"https:\/\/noticiasemdestaque.com\/cd\/","name":"Not&iacute;cias em Destaque","description":"","publisher":{"@id":"https:\/\/noticiasemdestaque.com\/cd\/#organization"},"potentialAction":[{"@type":"SearchAction","target":{"@type":"EntryPoint","urlTemplate":"https:\/\/noticiasemdestaque.com\/cd\/?s={search_term_string}"},"query-input":{"@type":"PropertyValueSpecification","valueRequired":true,"valueName":"search_term_string"}}],"inLanguage":"pt-BR"},{"@type":"Organization","@id":"https:\/\/noticiasemdestaque.com\/cd\/#organization","name":"Not\u00edcias em Destaque","url":"https:\/\/noticiasemdestaque.com\/cd\/","logo":{"@type":"ImageObject","inLanguage":"pt-BR","@id":"https:\/\/noticiasemdestaque.com\/cd\/#\/schema\/logo\/image\/","url":"https:\/\/noticiasemdestaque.com\/cd\/wp-content\/uploads\/2022\/05\/imagem-base-noticiasemdestaque.png","contentUrl":"https:\/\/noticiasemdestaque.com\/cd\/wp-content\/uploads\/2022\/05\/imagem-base-noticiasemdestaque.png","width":1200,"height":630,"caption":"Not\u00edcias em Destaque"},"image":{"@id":"https:\/\/noticiasemdestaque.com\/cd\/#\/schema\/logo\/image\/"}},{"@type":"Person","@id":"https:\/\/noticiasemdestaque.com\/cd\/#\/schema\/person\/21320b03a7e8bb90128938dafc9b908a","name":"Not\u00edcias em Destaque","url":"https:\/\/noticiasemdestaque.com\/cd\/?author=2"}]}},"jetpack_featured_media_url":"https:\/\/noticiasemdestaque.com\/cd\/wp-content\/uploads\/2023\/10\/homicidio-2.png","jetpack_sharing_enabled":true,"_links":{"self":[{"href":"https:\/\/noticiasemdestaque.com\/cd\/index.php?rest_route=\/wp\/v2\/posts\/52385","targetHints":{"allow":["GET"]}}],"collection":[{"href":"https:\/\/noticiasemdestaque.com\/cd\/index.php?rest_route=\/wp\/v2\/posts"}],"about":[{"href":"https:\/\/noticiasemdestaque.com\/cd\/index.php?rest_route=\/wp\/v2\/types\/post"}],"author":[{"embeddable":true,"href":"https:\/\/noticiasemdestaque.com\/cd\/index.php?rest_route=\/wp\/v2\/users\/2"}],"replies":[{"embeddable":true,"href":"https:\/\/noticiasemdestaque.com\/cd\/index.php?rest_route=%2Fwp%2Fv2%2Fcomments&post=52385"}],"version-history":[{"count":1,"href":"https:\/\/noticiasemdestaque.com\/cd\/index.php?rest_route=\/wp\/v2\/posts\/52385\/revisions"}],"predecessor-version":[{"id":52387,"href":"https:\/\/noticiasemdestaque.com\/cd\/index.php?rest_route=\/wp\/v2\/posts\/52385\/revisions\/52387"}],"wp:featuredmedia":[{"embeddable":true,"href":"https:\/\/noticiasemdestaque.com\/cd\/index.php?rest_route=\/wp\/v2\/media\/52386"}],"wp:attachment":[{"href":"https:\/\/noticiasemdestaque.com\/cd\/index.php?rest_route=%2Fwp%2Fv2%2Fmedia&parent=52385"}],"wp:term":[{"taxonomy":"category","embeddable":true,"href":"https:\/\/noticiasemdestaque.com\/cd\/index.php?rest_route=%2Fwp%2Fv2%2Fcategories&post=52385"},{"taxonomy":"post_tag","embeddable":true,"href":"https:\/\/noticiasemdestaque.com\/cd\/index.php?rest_route=%2Fwp%2Fv2%2Ftags&post=52385"}],"curies":[{"name":"wp","href":"https:\/\/api.w.org\/{rel}","templated":true}]}}