{"id":52238,"date":"2023-10-19T20:51:04","date_gmt":"2023-10-19T23:51:04","guid":{"rendered":"https:\/\/noticiasemdestaque.com\/cd\/?p=52238"},"modified":"2023-10-19T20:51:04","modified_gmt":"2023-10-19T23:51:04","slug":"vice-diretor-discute-acoes-conjuntas-entre-o-cdsa-e-a-gestao-municipal-de-sume-pb","status":"publish","type":"post","link":"https:\/\/noticiasemdestaque.com\/cd\/?p=52238","title":{"rendered":"Vice-diretor discute a\u00e7\u00f5es conjuntas entre o CDSA e a gest\u00e3o municipal de Sum\u00e9-PB"},"content":{"rendered":"<p><a href=\"https:\/\/noticiasemdestaque.com\/cd\/wp-content\/uploads\/2023\/10\/WhatsApp-Image-2023-10-19-at-08.42.44-735x450-1.jpeg\"><img fetchpriority=\"high\" decoding=\"async\" class=\"wp-image-52239 size-full aligncenter\" src=\"https:\/\/noticiasemdestaque.com\/cd\/wp-content\/uploads\/2023\/10\/WhatsApp-Image-2023-10-19-at-08.42.44-735x450-1.jpeg\" alt=\"\" width=\"735\" height=\"450\" srcset=\"https:\/\/noticiasemdestaque.com\/cd\/wp-content\/uploads\/2023\/10\/WhatsApp-Image-2023-10-19-at-08.42.44-735x450-1.jpeg 735w, https:\/\/noticiasemdestaque.com\/cd\/wp-content\/uploads\/2023\/10\/WhatsApp-Image-2023-10-19-at-08.42.44-735x450-1-300x184.jpeg 300w, https:\/\/noticiasemdestaque.com\/cd\/wp-content\/uploads\/2023\/10\/WhatsApp-Image-2023-10-19-at-08.42.44-735x450-1-18x12.jpeg 18w\" sizes=\"(max-width: 735px) 100vw, 735px\" \/><\/a><\/p>\n<p>O Vice-diretor do CDSA, Prof. Franklin N\u00f3brega, o Coordenador da Campanha da coleta seletiva no munic\u00edpio de Sum\u00e9, Daniel Vilar, e\u00a0Dalvana Genai, mestranda do prof\u00e1gua\/CDSA e Coordenadora dos Objetivos de Desenvolvimento Sustent\u00e1vel (ODS) no munic\u00edpio de Sum\u00e9 se reuniram, neste dia 18 de outubro, para debater a\u00e7\u00f5es conjuntas a serem desenvolvidas entre este Centro universit\u00e1rio e a gest\u00e3o municipal.<\/p>\n<p>A oferta de est\u00e1gios supervisionados aos alunos dos cursos de gradua\u00e7\u00e3o ofertados pelo CDSA , a realiza\u00e7\u00e3o de eventos de conscientiza\u00e7\u00e3o da comunidade universit\u00e1ria em rela\u00e7\u00e3o a coleta seletiva, a realiza\u00e7\u00e3o de projetos de pesquisa e extens\u00e3o abordando esta tem\u00e1tica, dentre outros assuntos, foram deliberados.<\/p>\n<p>Para o Prof. Franklin \u201cfoi uma excelente oportunidade para debater pontos de interesse em comum com \u00eanfase em pr\u00e1ticas sustent\u00e1veis, objetivo das a\u00e7\u00f5es deste Campus, como Centro de refer\u00eancia no tema, assim como firmar parcerias a fim de implementar medidas j\u00e1 previstas no Plano de Log\u00edstica Sustent\u00e1vel da Institui\u00e7\u00e3o\u201d.<\/p>\n<p>Assimp. CDSA\/UFCG<\/p>\n","protected":false},"excerpt":{"rendered":"<p>O Vice-diretor do CDSA, Prof. Franklin N\u00f3brega, o Coordenador da Campanha da coleta seletiva no munic\u00edpio de Sum\u00e9, Daniel Vilar, e\u00a0Dalvana Genai, mestranda do prof\u00e1gua\/CDSA e Coordenadora dos Objetivos de Desenvolvimento Sustent\u00e1vel (ODS) no munic\u00edpio de Sum\u00e9 se reuniram, neste dia 18 de outubro, para debater a\u00e7\u00f5es conjuntas a serem desenvolvidas entre este Centro universit\u00e1rio e a gest\u00e3o municipal. A oferta de est\u00e1gios supervisionados aos alunos dos cursos de gradua\u00e7\u00e3o ofertados pelo CDSA , a realiza\u00e7\u00e3o de eventos de conscientiza\u00e7\u00e3o da comunidade universit\u00e1ria em rela\u00e7\u00e3o a coleta seletiva, a realiza\u00e7\u00e3o de projetos de pesquisa e extens\u00e3o abordando esta tem\u00e1tica, dentre outros assuntos, foram deliberados. Para o Prof. Franklin \u201cfoi uma excelente oportunidade para debater pontos de interesse em comum com \u00eanfase em pr\u00e1ticas sustent\u00e1veis, objetivo das a\u00e7\u00f5es deste Campus, como Centro de refer\u00eancia no tema, assim como firmar parcerias a fim de implementar medidas j\u00e1 previstas no Plano de Log\u00edstica Sustent\u00e1vel da Institui\u00e7\u00e3o\u201d. Assimp. CDSA\/UFCG<\/p>\n","protected":false},"author":2,"featured_media":52239,"comment_status":"closed","ping_status":"open","sticky":false,"template":"","format":"standard","meta":{"_eb_attr":"","_jetpack_memberships_contains_paid_content":false,"footnotes":""},"categories":[3],"tags":[],"class_list":["post-52238","post","type-post","status-publish","format-standard","has-post-thumbnail","hentry","category-cidades"],"yoast_head":"<!-- This site is optimized with the Yoast SEO plugin v26.5 - https:\/\/yoast.com\/wordpress\/plugins\/seo\/ -->\n<title>Vice-diretor discute a\u00e7\u00f5es conjuntas entre o CDSA e a gest\u00e3o municipal de Sum\u00e9-PB - Not&iacute;cias em Destaque<\/title>\n<meta name=\"robots\" content=\"index, follow, max-snippet:-1, max-image-preview:large, max-video-preview:-1\" \/>\n<link rel=\"canonical\" href=\"https:\/\/noticiasemdestaque.com\/cd\/?p=52238\" \/>\n<meta property=\"og:locale\" content=\"pt_BR\" \/>\n<meta property=\"og:type\" content=\"article\" \/>\n<meta property=\"og:title\" content=\"Vice-diretor discute a\u00e7\u00f5es conjuntas entre o CDSA e a gest\u00e3o municipal de Sum\u00e9-PB - Not&iacute;cias em Destaque\" \/>\n<meta property=\"og:description\" content=\"O Vice-diretor do CDSA, Prof. Franklin N\u00f3brega, o Coordenador da Campanha da coleta seletiva no munic\u00edpio de Sum\u00e9, Daniel Vilar, e\u00a0Dalvana Genai, mestranda do prof\u00e1gua\/CDSA e Coordenadora dos Objetivos de Desenvolvimento Sustent\u00e1vel (ODS) no munic\u00edpio de Sum\u00e9 se reuniram, neste dia 18 de outubro, para debater a\u00e7\u00f5es conjuntas a serem desenvolvidas entre este Centro universit\u00e1rio e a gest\u00e3o municipal. A oferta de est\u00e1gios supervisionados aos alunos dos cursos de gradua\u00e7\u00e3o ofertados pelo CDSA , a realiza\u00e7\u00e3o de eventos de conscientiza\u00e7\u00e3o da comunidade universit\u00e1ria em rela\u00e7\u00e3o a coleta seletiva, a realiza\u00e7\u00e3o de projetos de pesquisa e extens\u00e3o abordando esta tem\u00e1tica, dentre outros assuntos, foram deliberados. Para o Prof. Franklin \u201cfoi uma excelente oportunidade para debater pontos de interesse em comum com \u00eanfase em pr\u00e1ticas sustent\u00e1veis, objetivo das a\u00e7\u00f5es deste Campus, como Centro de refer\u00eancia no tema, assim como firmar parcerias a fim de implementar medidas j\u00e1 previstas no Plano de Log\u00edstica Sustent\u00e1vel da Institui\u00e7\u00e3o\u201d. Assimp. CDSA\/UFCG\" \/>\n<meta property=\"og:url\" content=\"https:\/\/noticiasemdestaque.com\/cd\/?p=52238\" \/>\n<meta property=\"og:site_name\" content=\"Not&iacute;cias em Destaque\" \/>\n<meta property=\"article:published_time\" content=\"2023-10-19T23:51:04+00:00\" \/>\n<meta property=\"og:image\" content=\"https:\/\/noticiasemdestaque.com\/cd\/wp-content\/uploads\/2023\/10\/WhatsApp-Image-2023-10-19-at-08.42.44-735x450-1.jpeg\" \/>\n\t<meta property=\"og:image:width\" content=\"735\" \/>\n\t<meta property=\"og:image:height\" content=\"450\" \/>\n\t<meta property=\"og:image:type\" content=\"image\/jpeg\" \/>\n<meta name=\"author\" content=\"Not\u00edcias em Destaque\" \/>\n<meta name=\"twitter:card\" content=\"summary_large_image\" \/>\n<meta name=\"twitter:label1\" content=\"Escrito por\" \/>\n\t<meta name=\"twitter:data1\" content=\"Not\u00edcias em Destaque\" \/>\n\t<meta name=\"twitter:label2\" content=\"Est. tempo de leitura\" \/>\n\t<meta name=\"twitter:data2\" content=\"2 minutos\" \/>\n<script type=\"application\/ld+json\" class=\"yoast-schema-graph\">{\"@context\":\"https:\/\/schema.org\",\"@graph\":[{\"@type\":\"Article\",\"@id\":\"https:\/\/noticiasemdestaque.com\/cd\/?p=52238#article\",\"isPartOf\":{\"@id\":\"https:\/\/noticiasemdestaque.com\/cd\/?p=52238\"},\"author\":{\"name\":\"Not\u00edcias em Destaque\",\"@id\":\"https:\/\/noticiasemdestaque.com\/cd\/#\/schema\/person\/47f7d4f55eec17c6b2ca036c5500f6ce\"},\"headline\":\"Vice-diretor discute a\u00e7\u00f5es conjuntas entre o CDSA e a gest\u00e3o municipal de Sum\u00e9-PB\",\"datePublished\":\"2023-10-19T23:51:04+00:00\",\"mainEntityOfPage\":{\"@id\":\"https:\/\/noticiasemdestaque.com\/cd\/?p=52238\"},\"wordCount\":196,\"publisher\":{\"@id\":\"https:\/\/noticiasemdestaque.com\/cd\/#organization\"},\"image\":{\"@id\":\"https:\/\/noticiasemdestaque.com\/cd\/?p=52238#primaryimage\"},\"thumbnailUrl\":\"https:\/\/noticiasemdestaque.com\/cd\/wp-content\/uploads\/2023\/10\/WhatsApp-Image-2023-10-19-at-08.42.44-735x450-1.jpeg\",\"articleSection\":[\"Cidades\"],\"inLanguage\":\"pt-BR\"},{\"@type\":\"WebPage\",\"@id\":\"https:\/\/noticiasemdestaque.com\/cd\/?p=52238\",\"url\":\"https:\/\/noticiasemdestaque.com\/cd\/?p=52238\",\"name\":\"Vice-diretor discute a\u00e7\u00f5es conjuntas entre o CDSA e a gest\u00e3o municipal de Sum\u00e9-PB - Not&iacute;cias em Destaque\",\"isPartOf\":{\"@id\":\"https:\/\/noticiasemdestaque.com\/cd\/#website\"},\"primaryImageOfPage\":{\"@id\":\"https:\/\/noticiasemdestaque.com\/cd\/?p=52238#primaryimage\"},\"image\":{\"@id\":\"https:\/\/noticiasemdestaque.com\/cd\/?p=52238#primaryimage\"},\"thumbnailUrl\":\"https:\/\/noticiasemdestaque.com\/cd\/wp-content\/uploads\/2023\/10\/WhatsApp-Image-2023-10-19-at-08.42.44-735x450-1.jpeg\",\"datePublished\":\"2023-10-19T23:51:04+00:00\",\"breadcrumb\":{\"@id\":\"https:\/\/noticiasemdestaque.com\/cd\/?p=52238#breadcrumb\"},\"inLanguage\":\"pt-BR\",\"potentialAction\":[{\"@type\":\"ReadAction\",\"target\":[\"https:\/\/noticiasemdestaque.com\/cd\/?p=52238\"]}]},{\"@type\":\"ImageObject\",\"inLanguage\":\"pt-BR\",\"@id\":\"https:\/\/noticiasemdestaque.com\/cd\/?p=52238#primaryimage\",\"url\":\"https:\/\/noticiasemdestaque.com\/cd\/wp-content\/uploads\/2023\/10\/WhatsApp-Image-2023-10-19-at-08.42.44-735x450-1.jpeg\",\"contentUrl\":\"https:\/\/noticiasemdestaque.com\/cd\/wp-content\/uploads\/2023\/10\/WhatsApp-Image-2023-10-19-at-08.42.44-735x450-1.jpeg\",\"width\":735,\"height\":450},{\"@type\":\"BreadcrumbList\",\"@id\":\"https:\/\/noticiasemdestaque.com\/cd\/?p=52238#breadcrumb\",\"itemListElement\":[{\"@type\":\"ListItem\",\"position\":1,\"name\":\"In\u00edcio\",\"item\":\"https:\/\/noticiasemdestaque.com\/cd\/\"},{\"@type\":\"ListItem\",\"position\":2,\"name\":\"Vice-diretor discute a\u00e7\u00f5es conjuntas entre o CDSA e a gest\u00e3o municipal de Sum\u00e9-PB\"}]},{\"@type\":\"WebSite\",\"@id\":\"https:\/\/noticiasemdestaque.com\/cd\/#website\",\"url\":\"https:\/\/noticiasemdestaque.com\/cd\/\",\"name\":\"Not&iacute;cias em Destaque\",\"description\":\"\",\"publisher\":{\"@id\":\"https:\/\/noticiasemdestaque.com\/cd\/#organization\"},\"potentialAction\":[{\"@type\":\"SearchAction\",\"target\":{\"@type\":\"EntryPoint\",\"urlTemplate\":\"https:\/\/noticiasemdestaque.com\/cd\/?s={search_term_string}\"},\"query-input\":{\"@type\":\"PropertyValueSpecification\",\"valueRequired\":true,\"valueName\":\"search_term_string\"}}],\"inLanguage\":\"pt-BR\"},{\"@type\":\"Organization\",\"@id\":\"https:\/\/noticiasemdestaque.com\/cd\/#organization\",\"name\":\"Not\u00edcias em Destaque\",\"url\":\"https:\/\/noticiasemdestaque.com\/cd\/\",\"logo\":{\"@type\":\"ImageObject\",\"inLanguage\":\"pt-BR\",\"@id\":\"https:\/\/noticiasemdestaque.com\/cd\/#\/schema\/logo\/image\/\",\"url\":\"https:\/\/noticiasemdestaque.com\/cd\/wp-content\/uploads\/2022\/05\/imagem-base-noticiasemdestaque.png\",\"contentUrl\":\"https:\/\/noticiasemdestaque.com\/cd\/wp-content\/uploads\/2022\/05\/imagem-base-noticiasemdestaque.png\",\"width\":1200,\"height\":630,\"caption\":\"Not\u00edcias em Destaque\"},\"image\":{\"@id\":\"https:\/\/noticiasemdestaque.com\/cd\/#\/schema\/logo\/image\/\"}},{\"@type\":\"Person\",\"@id\":\"https:\/\/noticiasemdestaque.com\/cd\/#\/schema\/person\/47f7d4f55eec17c6b2ca036c5500f6ce\",\"name\":\"Not\u00edcias em Destaque\",\"url\":\"https:\/\/noticiasemdestaque.com\/cd\/?author=2\"}]}<\/script>\n<!-- \/ Yoast SEO plugin. -->","yoast_head_json":{"title":"Vice-diretor discute a\u00e7\u00f5es conjuntas entre o CDSA e a gest\u00e3o municipal de Sum\u00e9-PB - Not&iacute;cias em Destaque","robots":{"index":"index","follow":"follow","max-snippet":"max-snippet:-1","max-image-preview":"max-image-preview:large","max-video-preview":"max-video-preview:-1"},"canonical":"https:\/\/noticiasemdestaque.com\/cd\/?p=52238","og_locale":"pt_BR","og_type":"article","og_title":"Vice-diretor discute a\u00e7\u00f5es conjuntas entre o CDSA e a gest\u00e3o municipal de Sum\u00e9-PB - Not&iacute;cias em Destaque","og_description":"O Vice-diretor do CDSA, Prof. Franklin N\u00f3brega, o Coordenador da Campanha da coleta seletiva no munic\u00edpio de Sum\u00e9, Daniel Vilar, e\u00a0Dalvana Genai, mestranda do prof\u00e1gua\/CDSA e Coordenadora dos Objetivos de Desenvolvimento Sustent\u00e1vel (ODS) no munic\u00edpio de Sum\u00e9 se reuniram, neste dia 18 de outubro, para debater a\u00e7\u00f5es conjuntas a serem desenvolvidas entre este Centro universit\u00e1rio e a gest\u00e3o municipal. A oferta de est\u00e1gios supervisionados aos alunos dos cursos de gradua\u00e7\u00e3o ofertados pelo CDSA , a realiza\u00e7\u00e3o de eventos de conscientiza\u00e7\u00e3o da comunidade universit\u00e1ria em rela\u00e7\u00e3o a coleta seletiva, a realiza\u00e7\u00e3o de projetos de pesquisa e extens\u00e3o abordando esta tem\u00e1tica, dentre outros assuntos, foram deliberados. Para o Prof. Franklin \u201cfoi uma excelente oportunidade para debater pontos de interesse em comum com \u00eanfase em pr\u00e1ticas sustent\u00e1veis, objetivo das a\u00e7\u00f5es deste Campus, como Centro de refer\u00eancia no tema, assim como firmar parcerias a fim de implementar medidas j\u00e1 previstas no Plano de Log\u00edstica Sustent\u00e1vel da Institui\u00e7\u00e3o\u201d. Assimp. CDSA\/UFCG","og_url":"https:\/\/noticiasemdestaque.com\/cd\/?p=52238","og_site_name":"Not&iacute;cias em Destaque","article_published_time":"2023-10-19T23:51:04+00:00","og_image":[{"width":735,"height":450,"url":"https:\/\/noticiasemdestaque.com\/cd\/wp-content\/uploads\/2023\/10\/WhatsApp-Image-2023-10-19-at-08.42.44-735x450-1.jpeg","type":"image\/jpeg"}],"author":"Not\u00edcias em Destaque","twitter_card":"summary_large_image","twitter_misc":{"Escrito por":"Not\u00edcias em Destaque","Est. tempo de leitura":"2 minutos"},"schema":{"@context":"https:\/\/schema.org","@graph":[{"@type":"Article","@id":"https:\/\/noticiasemdestaque.com\/cd\/?p=52238#article","isPartOf":{"@id":"https:\/\/noticiasemdestaque.com\/cd\/?p=52238"},"author":{"name":"Not\u00edcias em Destaque","@id":"https:\/\/noticiasemdestaque.com\/cd\/#\/schema\/person\/47f7d4f55eec17c6b2ca036c5500f6ce"},"headline":"Vice-diretor discute a\u00e7\u00f5es conjuntas entre o CDSA e a gest\u00e3o municipal de Sum\u00e9-PB","datePublished":"2023-10-19T23:51:04+00:00","mainEntityOfPage":{"@id":"https:\/\/noticiasemdestaque.com\/cd\/?p=52238"},"wordCount":196,"publisher":{"@id":"https:\/\/noticiasemdestaque.com\/cd\/#organization"},"image":{"@id":"https:\/\/noticiasemdestaque.com\/cd\/?p=52238#primaryimage"},"thumbnailUrl":"https:\/\/noticiasemdestaque.com\/cd\/wp-content\/uploads\/2023\/10\/WhatsApp-Image-2023-10-19-at-08.42.44-735x450-1.jpeg","articleSection":["Cidades"],"inLanguage":"pt-BR"},{"@type":"WebPage","@id":"https:\/\/noticiasemdestaque.com\/cd\/?p=52238","url":"https:\/\/noticiasemdestaque.com\/cd\/?p=52238","name":"Vice-diretor discute a\u00e7\u00f5es conjuntas entre o CDSA e a gest\u00e3o municipal de Sum\u00e9-PB - Not&iacute;cias em Destaque","isPartOf":{"@id":"https:\/\/noticiasemdestaque.com\/cd\/#website"},"primaryImageOfPage":{"@id":"https:\/\/noticiasemdestaque.com\/cd\/?p=52238#primaryimage"},"image":{"@id":"https:\/\/noticiasemdestaque.com\/cd\/?p=52238#primaryimage"},"thumbnailUrl":"https:\/\/noticiasemdestaque.com\/cd\/wp-content\/uploads\/2023\/10\/WhatsApp-Image-2023-10-19-at-08.42.44-735x450-1.jpeg","datePublished":"2023-10-19T23:51:04+00:00","breadcrumb":{"@id":"https:\/\/noticiasemdestaque.com\/cd\/?p=52238#breadcrumb"},"inLanguage":"pt-BR","potentialAction":[{"@type":"ReadAction","target":["https:\/\/noticiasemdestaque.com\/cd\/?p=52238"]}]},{"@type":"ImageObject","inLanguage":"pt-BR","@id":"https:\/\/noticiasemdestaque.com\/cd\/?p=52238#primaryimage","url":"https:\/\/noticiasemdestaque.com\/cd\/wp-content\/uploads\/2023\/10\/WhatsApp-Image-2023-10-19-at-08.42.44-735x450-1.jpeg","contentUrl":"https:\/\/noticiasemdestaque.com\/cd\/wp-content\/uploads\/2023\/10\/WhatsApp-Image-2023-10-19-at-08.42.44-735x450-1.jpeg","width":735,"height":450},{"@type":"BreadcrumbList","@id":"https:\/\/noticiasemdestaque.com\/cd\/?p=52238#breadcrumb","itemListElement":[{"@type":"ListItem","position":1,"name":"In\u00edcio","item":"https:\/\/noticiasemdestaque.com\/cd\/"},{"@type":"ListItem","position":2,"name":"Vice-diretor discute a\u00e7\u00f5es conjuntas entre o CDSA e a gest\u00e3o municipal de Sum\u00e9-PB"}]},{"@type":"WebSite","@id":"https:\/\/noticiasemdestaque.com\/cd\/#website","url":"https:\/\/noticiasemdestaque.com\/cd\/","name":"Not&iacute;cias em Destaque","description":"","publisher":{"@id":"https:\/\/noticiasemdestaque.com\/cd\/#organization"},"potentialAction":[{"@type":"SearchAction","target":{"@type":"EntryPoint","urlTemplate":"https:\/\/noticiasemdestaque.com\/cd\/?s={search_term_string}"},"query-input":{"@type":"PropertyValueSpecification","valueRequired":true,"valueName":"search_term_string"}}],"inLanguage":"pt-BR"},{"@type":"Organization","@id":"https:\/\/noticiasemdestaque.com\/cd\/#organization","name":"Not\u00edcias em Destaque","url":"https:\/\/noticiasemdestaque.com\/cd\/","logo":{"@type":"ImageObject","inLanguage":"pt-BR","@id":"https:\/\/noticiasemdestaque.com\/cd\/#\/schema\/logo\/image\/","url":"https:\/\/noticiasemdestaque.com\/cd\/wp-content\/uploads\/2022\/05\/imagem-base-noticiasemdestaque.png","contentUrl":"https:\/\/noticiasemdestaque.com\/cd\/wp-content\/uploads\/2022\/05\/imagem-base-noticiasemdestaque.png","width":1200,"height":630,"caption":"Not\u00edcias em Destaque"},"image":{"@id":"https:\/\/noticiasemdestaque.com\/cd\/#\/schema\/logo\/image\/"}},{"@type":"Person","@id":"https:\/\/noticiasemdestaque.com\/cd\/#\/schema\/person\/47f7d4f55eec17c6b2ca036c5500f6ce","name":"Not\u00edcias em Destaque","url":"https:\/\/noticiasemdestaque.com\/cd\/?author=2"}]}},"jetpack_featured_media_url":"https:\/\/noticiasemdestaque.com\/cd\/wp-content\/uploads\/2023\/10\/WhatsApp-Image-2023-10-19-at-08.42.44-735x450-1.jpeg","jetpack_sharing_enabled":true,"_links":{"self":[{"href":"https:\/\/noticiasemdestaque.com\/cd\/index.php?rest_route=\/wp\/v2\/posts\/52238","targetHints":{"allow":["GET"]}}],"collection":[{"href":"https:\/\/noticiasemdestaque.com\/cd\/index.php?rest_route=\/wp\/v2\/posts"}],"about":[{"href":"https:\/\/noticiasemdestaque.com\/cd\/index.php?rest_route=\/wp\/v2\/types\/post"}],"author":[{"embeddable":true,"href":"https:\/\/noticiasemdestaque.com\/cd\/index.php?rest_route=\/wp\/v2\/users\/2"}],"replies":[{"embeddable":true,"href":"https:\/\/noticiasemdestaque.com\/cd\/index.php?rest_route=%2Fwp%2Fv2%2Fcomments&post=52238"}],"version-history":[{"count":1,"href":"https:\/\/noticiasemdestaque.com\/cd\/index.php?rest_route=\/wp\/v2\/posts\/52238\/revisions"}],"predecessor-version":[{"id":52240,"href":"https:\/\/noticiasemdestaque.com\/cd\/index.php?rest_route=\/wp\/v2\/posts\/52238\/revisions\/52240"}],"wp:featuredmedia":[{"embeddable":true,"href":"https:\/\/noticiasemdestaque.com\/cd\/index.php?rest_route=\/wp\/v2\/media\/52239"}],"wp:attachment":[{"href":"https:\/\/noticiasemdestaque.com\/cd\/index.php?rest_route=%2Fwp%2Fv2%2Fmedia&parent=52238"}],"wp:term":[{"taxonomy":"category","embeddable":true,"href":"https:\/\/noticiasemdestaque.com\/cd\/index.php?rest_route=%2Fwp%2Fv2%2Fcategories&post=52238"},{"taxonomy":"post_tag","embeddable":true,"href":"https:\/\/noticiasemdestaque.com\/cd\/index.php?rest_route=%2Fwp%2Fv2%2Ftags&post=52238"}],"curies":[{"name":"wp","href":"https:\/\/api.w.org\/{rel}","templated":true}]}}