{"id":52233,"date":"2023-10-19T20:42:36","date_gmt":"2023-10-19T23:42:36","guid":{"rendered":"https:\/\/noticiasemdestaque.com\/cd\/?p=52233"},"modified":"2023-10-19T20:42:36","modified_gmt":"2023-10-19T23:42:36","slug":"rachel-sheherazade-e-expulsa-do-reality-show-a-fazenda","status":"publish","type":"post","link":"https:\/\/noticiasemdestaque.com\/cd\/?p=52233","title":{"rendered":"Rachel Sheherazade \u00e9 expulsa do reality show A Fazenda"},"content":{"rendered":"<p><a href=\"https:\/\/noticiasemdestaque.com\/cd\/wp-content\/uploads\/2023\/10\/381014332_18388614280031778_7708118851394463827_n-e1697748233389.webp\"><img fetchpriority=\"high\" decoding=\"async\" class=\"wp-image-52236 size-full aligncenter\" src=\"https:\/\/noticiasemdestaque.com\/cd\/wp-content\/uploads\/2023\/10\/381014332_18388614280031778_7708118851394463827_n-e1697748233389.webp\" alt=\"\" width=\"499\" height=\"281\" srcset=\"https:\/\/noticiasemdestaque.com\/cd\/wp-content\/uploads\/2023\/10\/381014332_18388614280031778_7708118851394463827_n-e1697748233389.webp 499w, https:\/\/noticiasemdestaque.com\/cd\/wp-content\/uploads\/2023\/10\/381014332_18388614280031778_7708118851394463827_n-e1697748233389-300x169.webp 300w, https:\/\/noticiasemdestaque.com\/cd\/wp-content\/uploads\/2023\/10\/381014332_18388614280031778_7708118851394463827_n-e1697748233389-18x10.webp 18w\" sizes=\"(max-width: 499px) 100vw, 499px\" \/><\/a><\/p>\n<p>A jornalista Rachel Sheherazade foi expulsa do reality show A Fazenda, exibido na Record TV, nesta quinta-feira (19). A elimina\u00e7\u00e3o desta quinta foi cancelada com a sa\u00edda de Rachel.<\/p>\n<p>Segundo o comunicado da produ\u00e7\u00e3o, ela foi expulsa ap\u00f3s tomar uma atitude que colocou em risco a integridade f\u00edsica de outras pessoas do reality.<\/p>\n<p>\u201cS\u00e3o proibidas atitudes que podem colocar em risco a integridade f\u00edsica de outros, sejam eles do elenco ou da produ\u00e7\u00e3o do programa. Por conta de uma atitude tomada contra a Fazendeira Jenny, a participante Rachel est\u00e1 fora do jogo.\u201d<\/p>\n<p>Rachel se desentendeu com outra participante do reality show, Jenny Gontijo, por conta da divis\u00e3o de tarefas da casa.<\/p>\n<p>Com CNN<\/p>\n","protected":false},"excerpt":{"rendered":"<p>A jornalista Rachel Sheherazade foi expulsa do reality show A Fazenda, exibido na Record TV, nesta quinta-feira (19). A elimina\u00e7\u00e3o desta quinta foi cancelada com a sa\u00edda de Rachel. Segundo o comunicado da produ\u00e7\u00e3o, ela foi expulsa ap\u00f3s tomar uma atitude que colocou em risco a integridade f\u00edsica de outras pessoas do reality. \u201cS\u00e3o proibidas atitudes que podem colocar em risco a integridade f\u00edsica de outros, sejam eles do elenco ou da produ\u00e7\u00e3o do programa. Por conta de uma atitude tomada contra a Fazendeira Jenny, a participante Rachel est\u00e1 fora do jogo.\u201d Rachel se desentendeu com outra participante do reality show, Jenny Gontijo, por conta da divis\u00e3o de tarefas da casa. Com CNN<\/p>\n","protected":false},"author":2,"featured_media":52236,"comment_status":"closed","ping_status":"open","sticky":false,"template":"","format":"standard","meta":{"_eb_attr":"","_jetpack_memberships_contains_paid_content":false,"footnotes":""},"categories":[12],"tags":[],"class_list":["post-52233","post","type-post","status-publish","format-standard","has-post-thumbnail","hentry","category-geral"],"yoast_head":"<!-- This site is optimized with the Yoast SEO plugin v26.5 - https:\/\/yoast.com\/wordpress\/plugins\/seo\/ -->\n<title>Rachel Sheherazade \u00e9 expulsa do reality show A Fazenda - Not&iacute;cias em Destaque<\/title>\n<meta name=\"robots\" content=\"index, follow, max-snippet:-1, max-image-preview:large, max-video-preview:-1\" \/>\n<link rel=\"canonical\" href=\"https:\/\/noticiasemdestaque.com\/cd\/?p=52233\" \/>\n<meta property=\"og:locale\" content=\"pt_BR\" \/>\n<meta property=\"og:type\" content=\"article\" \/>\n<meta property=\"og:title\" content=\"Rachel Sheherazade \u00e9 expulsa do reality show A Fazenda - Not&iacute;cias em Destaque\" \/>\n<meta property=\"og:description\" content=\"A jornalista Rachel Sheherazade foi expulsa do reality show A Fazenda, exibido na Record TV, nesta quinta-feira (19). A elimina\u00e7\u00e3o desta quinta foi cancelada com a sa\u00edda de Rachel. Segundo o comunicado da produ\u00e7\u00e3o, ela foi expulsa ap\u00f3s tomar uma atitude que colocou em risco a integridade f\u00edsica de outras pessoas do reality. \u201cS\u00e3o proibidas atitudes que podem colocar em risco a integridade f\u00edsica de outros, sejam eles do elenco ou da produ\u00e7\u00e3o do programa. Por conta de uma atitude tomada contra a Fazendeira Jenny, a participante Rachel est\u00e1 fora do jogo.\u201d Rachel se desentendeu com outra participante do reality show, Jenny Gontijo, por conta da divis\u00e3o de tarefas da casa. Com CNN\" \/>\n<meta property=\"og:url\" content=\"https:\/\/noticiasemdestaque.com\/cd\/?p=52233\" \/>\n<meta property=\"og:site_name\" content=\"Not&iacute;cias em Destaque\" \/>\n<meta property=\"article:published_time\" content=\"2023-10-19T23:42:36+00:00\" \/>\n<meta property=\"og:image\" content=\"https:\/\/noticiasemdestaque.com\/cd\/wp-content\/uploads\/2023\/10\/381014332_18388614280031778_7708118851394463827_n-e1697748233389.webp\" \/>\n\t<meta property=\"og:image:width\" content=\"499\" \/>\n\t<meta property=\"og:image:height\" content=\"281\" \/>\n\t<meta property=\"og:image:type\" content=\"image\/webp\" \/>\n<meta name=\"author\" content=\"Not\u00edcias em Destaque\" \/>\n<meta name=\"twitter:card\" content=\"summary_large_image\" \/>\n<meta name=\"twitter:label1\" content=\"Escrito por\" \/>\n\t<meta name=\"twitter:data1\" content=\"Not\u00edcias em Destaque\" \/>\n\t<meta name=\"twitter:label2\" content=\"Est. tempo de leitura\" \/>\n\t<meta name=\"twitter:data2\" content=\"1 minuto\" \/>\n<script type=\"application\/ld+json\" class=\"yoast-schema-graph\">{\"@context\":\"https:\/\/schema.org\",\"@graph\":[{\"@type\":\"Article\",\"@id\":\"https:\/\/noticiasemdestaque.com\/cd\/?p=52233#article\",\"isPartOf\":{\"@id\":\"https:\/\/noticiasemdestaque.com\/cd\/?p=52233\"},\"author\":{\"name\":\"Not\u00edcias em Destaque\",\"@id\":\"https:\/\/noticiasemdestaque.com\/cd\/#\/schema\/person\/47f7d4f55eec17c6b2ca036c5500f6ce\"},\"headline\":\"Rachel Sheherazade \u00e9 expulsa do reality show A Fazenda\",\"datePublished\":\"2023-10-19T23:42:36+00:00\",\"mainEntityOfPage\":{\"@id\":\"https:\/\/noticiasemdestaque.com\/cd\/?p=52233\"},\"wordCount\":129,\"publisher\":{\"@id\":\"https:\/\/noticiasemdestaque.com\/cd\/#organization\"},\"image\":{\"@id\":\"https:\/\/noticiasemdestaque.com\/cd\/?p=52233#primaryimage\"},\"thumbnailUrl\":\"https:\/\/noticiasemdestaque.com\/cd\/wp-content\/uploads\/2023\/10\/381014332_18388614280031778_7708118851394463827_n-e1697748233389.webp\",\"articleSection\":[\"Geral\"],\"inLanguage\":\"pt-BR\"},{\"@type\":\"WebPage\",\"@id\":\"https:\/\/noticiasemdestaque.com\/cd\/?p=52233\",\"url\":\"https:\/\/noticiasemdestaque.com\/cd\/?p=52233\",\"name\":\"Rachel Sheherazade \u00e9 expulsa do reality show A Fazenda - Not&iacute;cias em Destaque\",\"isPartOf\":{\"@id\":\"https:\/\/noticiasemdestaque.com\/cd\/#website\"},\"primaryImageOfPage\":{\"@id\":\"https:\/\/noticiasemdestaque.com\/cd\/?p=52233#primaryimage\"},\"image\":{\"@id\":\"https:\/\/noticiasemdestaque.com\/cd\/?p=52233#primaryimage\"},\"thumbnailUrl\":\"https:\/\/noticiasemdestaque.com\/cd\/wp-content\/uploads\/2023\/10\/381014332_18388614280031778_7708118851394463827_n-e1697748233389.webp\",\"datePublished\":\"2023-10-19T23:42:36+00:00\",\"breadcrumb\":{\"@id\":\"https:\/\/noticiasemdestaque.com\/cd\/?p=52233#breadcrumb\"},\"inLanguage\":\"pt-BR\",\"potentialAction\":[{\"@type\":\"ReadAction\",\"target\":[\"https:\/\/noticiasemdestaque.com\/cd\/?p=52233\"]}]},{\"@type\":\"ImageObject\",\"inLanguage\":\"pt-BR\",\"@id\":\"https:\/\/noticiasemdestaque.com\/cd\/?p=52233#primaryimage\",\"url\":\"https:\/\/noticiasemdestaque.com\/cd\/wp-content\/uploads\/2023\/10\/381014332_18388614280031778_7708118851394463827_n-e1697748233389.webp\",\"contentUrl\":\"https:\/\/noticiasemdestaque.com\/cd\/wp-content\/uploads\/2023\/10\/381014332_18388614280031778_7708118851394463827_n-e1697748233389.webp\",\"width\":499,\"height\":281},{\"@type\":\"BreadcrumbList\",\"@id\":\"https:\/\/noticiasemdestaque.com\/cd\/?p=52233#breadcrumb\",\"itemListElement\":[{\"@type\":\"ListItem\",\"position\":1,\"name\":\"In\u00edcio\",\"item\":\"https:\/\/noticiasemdestaque.com\/cd\/\"},{\"@type\":\"ListItem\",\"position\":2,\"name\":\"Rachel Sheherazade \u00e9 expulsa do reality show A Fazenda\"}]},{\"@type\":\"WebSite\",\"@id\":\"https:\/\/noticiasemdestaque.com\/cd\/#website\",\"url\":\"https:\/\/noticiasemdestaque.com\/cd\/\",\"name\":\"Not&iacute;cias em Destaque\",\"description\":\"\",\"publisher\":{\"@id\":\"https:\/\/noticiasemdestaque.com\/cd\/#organization\"},\"potentialAction\":[{\"@type\":\"SearchAction\",\"target\":{\"@type\":\"EntryPoint\",\"urlTemplate\":\"https:\/\/noticiasemdestaque.com\/cd\/?s={search_term_string}\"},\"query-input\":{\"@type\":\"PropertyValueSpecification\",\"valueRequired\":true,\"valueName\":\"search_term_string\"}}],\"inLanguage\":\"pt-BR\"},{\"@type\":\"Organization\",\"@id\":\"https:\/\/noticiasemdestaque.com\/cd\/#organization\",\"name\":\"Not\u00edcias em Destaque\",\"url\":\"https:\/\/noticiasemdestaque.com\/cd\/\",\"logo\":{\"@type\":\"ImageObject\",\"inLanguage\":\"pt-BR\",\"@id\":\"https:\/\/noticiasemdestaque.com\/cd\/#\/schema\/logo\/image\/\",\"url\":\"https:\/\/noticiasemdestaque.com\/cd\/wp-content\/uploads\/2022\/05\/imagem-base-noticiasemdestaque.png\",\"contentUrl\":\"https:\/\/noticiasemdestaque.com\/cd\/wp-content\/uploads\/2022\/05\/imagem-base-noticiasemdestaque.png\",\"width\":1200,\"height\":630,\"caption\":\"Not\u00edcias em Destaque\"},\"image\":{\"@id\":\"https:\/\/noticiasemdestaque.com\/cd\/#\/schema\/logo\/image\/\"}},{\"@type\":\"Person\",\"@id\":\"https:\/\/noticiasemdestaque.com\/cd\/#\/schema\/person\/47f7d4f55eec17c6b2ca036c5500f6ce\",\"name\":\"Not\u00edcias em Destaque\",\"url\":\"https:\/\/noticiasemdestaque.com\/cd\/?author=2\"}]}<\/script>\n<!-- \/ Yoast SEO plugin. -->","yoast_head_json":{"title":"Rachel Sheherazade \u00e9 expulsa do reality show A Fazenda - Not&iacute;cias em Destaque","robots":{"index":"index","follow":"follow","max-snippet":"max-snippet:-1","max-image-preview":"max-image-preview:large","max-video-preview":"max-video-preview:-1"},"canonical":"https:\/\/noticiasemdestaque.com\/cd\/?p=52233","og_locale":"pt_BR","og_type":"article","og_title":"Rachel Sheherazade \u00e9 expulsa do reality show A Fazenda - Not&iacute;cias em Destaque","og_description":"A jornalista Rachel Sheherazade foi expulsa do reality show A Fazenda, exibido na Record TV, nesta quinta-feira (19). A elimina\u00e7\u00e3o desta quinta foi cancelada com a sa\u00edda de Rachel. Segundo o comunicado da produ\u00e7\u00e3o, ela foi expulsa ap\u00f3s tomar uma atitude que colocou em risco a integridade f\u00edsica de outras pessoas do reality. \u201cS\u00e3o proibidas atitudes que podem colocar em risco a integridade f\u00edsica de outros, sejam eles do elenco ou da produ\u00e7\u00e3o do programa. Por conta de uma atitude tomada contra a Fazendeira Jenny, a participante Rachel est\u00e1 fora do jogo.\u201d Rachel se desentendeu com outra participante do reality show, Jenny Gontijo, por conta da divis\u00e3o de tarefas da casa. Com CNN","og_url":"https:\/\/noticiasemdestaque.com\/cd\/?p=52233","og_site_name":"Not&iacute;cias em Destaque","article_published_time":"2023-10-19T23:42:36+00:00","og_image":[{"width":499,"height":281,"url":"https:\/\/noticiasemdestaque.com\/cd\/wp-content\/uploads\/2023\/10\/381014332_18388614280031778_7708118851394463827_n-e1697748233389.webp","type":"image\/webp"}],"author":"Not\u00edcias em Destaque","twitter_card":"summary_large_image","twitter_misc":{"Escrito por":"Not\u00edcias em Destaque","Est. tempo de leitura":"1 minuto"},"schema":{"@context":"https:\/\/schema.org","@graph":[{"@type":"Article","@id":"https:\/\/noticiasemdestaque.com\/cd\/?p=52233#article","isPartOf":{"@id":"https:\/\/noticiasemdestaque.com\/cd\/?p=52233"},"author":{"name":"Not\u00edcias em Destaque","@id":"https:\/\/noticiasemdestaque.com\/cd\/#\/schema\/person\/47f7d4f55eec17c6b2ca036c5500f6ce"},"headline":"Rachel Sheherazade \u00e9 expulsa do reality show A Fazenda","datePublished":"2023-10-19T23:42:36+00:00","mainEntityOfPage":{"@id":"https:\/\/noticiasemdestaque.com\/cd\/?p=52233"},"wordCount":129,"publisher":{"@id":"https:\/\/noticiasemdestaque.com\/cd\/#organization"},"image":{"@id":"https:\/\/noticiasemdestaque.com\/cd\/?p=52233#primaryimage"},"thumbnailUrl":"https:\/\/noticiasemdestaque.com\/cd\/wp-content\/uploads\/2023\/10\/381014332_18388614280031778_7708118851394463827_n-e1697748233389.webp","articleSection":["Geral"],"inLanguage":"pt-BR"},{"@type":"WebPage","@id":"https:\/\/noticiasemdestaque.com\/cd\/?p=52233","url":"https:\/\/noticiasemdestaque.com\/cd\/?p=52233","name":"Rachel Sheherazade \u00e9 expulsa do reality show A Fazenda - Not&iacute;cias em Destaque","isPartOf":{"@id":"https:\/\/noticiasemdestaque.com\/cd\/#website"},"primaryImageOfPage":{"@id":"https:\/\/noticiasemdestaque.com\/cd\/?p=52233#primaryimage"},"image":{"@id":"https:\/\/noticiasemdestaque.com\/cd\/?p=52233#primaryimage"},"thumbnailUrl":"https:\/\/noticiasemdestaque.com\/cd\/wp-content\/uploads\/2023\/10\/381014332_18388614280031778_7708118851394463827_n-e1697748233389.webp","datePublished":"2023-10-19T23:42:36+00:00","breadcrumb":{"@id":"https:\/\/noticiasemdestaque.com\/cd\/?p=52233#breadcrumb"},"inLanguage":"pt-BR","potentialAction":[{"@type":"ReadAction","target":["https:\/\/noticiasemdestaque.com\/cd\/?p=52233"]}]},{"@type":"ImageObject","inLanguage":"pt-BR","@id":"https:\/\/noticiasemdestaque.com\/cd\/?p=52233#primaryimage","url":"https:\/\/noticiasemdestaque.com\/cd\/wp-content\/uploads\/2023\/10\/381014332_18388614280031778_7708118851394463827_n-e1697748233389.webp","contentUrl":"https:\/\/noticiasemdestaque.com\/cd\/wp-content\/uploads\/2023\/10\/381014332_18388614280031778_7708118851394463827_n-e1697748233389.webp","width":499,"height":281},{"@type":"BreadcrumbList","@id":"https:\/\/noticiasemdestaque.com\/cd\/?p=52233#breadcrumb","itemListElement":[{"@type":"ListItem","position":1,"name":"In\u00edcio","item":"https:\/\/noticiasemdestaque.com\/cd\/"},{"@type":"ListItem","position":2,"name":"Rachel Sheherazade \u00e9 expulsa do reality show A Fazenda"}]},{"@type":"WebSite","@id":"https:\/\/noticiasemdestaque.com\/cd\/#website","url":"https:\/\/noticiasemdestaque.com\/cd\/","name":"Not&iacute;cias em Destaque","description":"","publisher":{"@id":"https:\/\/noticiasemdestaque.com\/cd\/#organization"},"potentialAction":[{"@type":"SearchAction","target":{"@type":"EntryPoint","urlTemplate":"https:\/\/noticiasemdestaque.com\/cd\/?s={search_term_string}"},"query-input":{"@type":"PropertyValueSpecification","valueRequired":true,"valueName":"search_term_string"}}],"inLanguage":"pt-BR"},{"@type":"Organization","@id":"https:\/\/noticiasemdestaque.com\/cd\/#organization","name":"Not\u00edcias em Destaque","url":"https:\/\/noticiasemdestaque.com\/cd\/","logo":{"@type":"ImageObject","inLanguage":"pt-BR","@id":"https:\/\/noticiasemdestaque.com\/cd\/#\/schema\/logo\/image\/","url":"https:\/\/noticiasemdestaque.com\/cd\/wp-content\/uploads\/2022\/05\/imagem-base-noticiasemdestaque.png","contentUrl":"https:\/\/noticiasemdestaque.com\/cd\/wp-content\/uploads\/2022\/05\/imagem-base-noticiasemdestaque.png","width":1200,"height":630,"caption":"Not\u00edcias em Destaque"},"image":{"@id":"https:\/\/noticiasemdestaque.com\/cd\/#\/schema\/logo\/image\/"}},{"@type":"Person","@id":"https:\/\/noticiasemdestaque.com\/cd\/#\/schema\/person\/47f7d4f55eec17c6b2ca036c5500f6ce","name":"Not\u00edcias em Destaque","url":"https:\/\/noticiasemdestaque.com\/cd\/?author=2"}]}},"jetpack_featured_media_url":"https:\/\/noticiasemdestaque.com\/cd\/wp-content\/uploads\/2023\/10\/381014332_18388614280031778_7708118851394463827_n-e1697748233389.webp","jetpack_sharing_enabled":true,"_links":{"self":[{"href":"https:\/\/noticiasemdestaque.com\/cd\/index.php?rest_route=\/wp\/v2\/posts\/52233","targetHints":{"allow":["GET"]}}],"collection":[{"href":"https:\/\/noticiasemdestaque.com\/cd\/index.php?rest_route=\/wp\/v2\/posts"}],"about":[{"href":"https:\/\/noticiasemdestaque.com\/cd\/index.php?rest_route=\/wp\/v2\/types\/post"}],"author":[{"embeddable":true,"href":"https:\/\/noticiasemdestaque.com\/cd\/index.php?rest_route=\/wp\/v2\/users\/2"}],"replies":[{"embeddable":true,"href":"https:\/\/noticiasemdestaque.com\/cd\/index.php?rest_route=%2Fwp%2Fv2%2Fcomments&post=52233"}],"version-history":[{"count":1,"href":"https:\/\/noticiasemdestaque.com\/cd\/index.php?rest_route=\/wp\/v2\/posts\/52233\/revisions"}],"predecessor-version":[{"id":52237,"href":"https:\/\/noticiasemdestaque.com\/cd\/index.php?rest_route=\/wp\/v2\/posts\/52233\/revisions\/52237"}],"wp:featuredmedia":[{"embeddable":true,"href":"https:\/\/noticiasemdestaque.com\/cd\/index.php?rest_route=\/wp\/v2\/media\/52236"}],"wp:attachment":[{"href":"https:\/\/noticiasemdestaque.com\/cd\/index.php?rest_route=%2Fwp%2Fv2%2Fmedia&parent=52233"}],"wp:term":[{"taxonomy":"category","embeddable":true,"href":"https:\/\/noticiasemdestaque.com\/cd\/index.php?rest_route=%2Fwp%2Fv2%2Fcategories&post=52233"},{"taxonomy":"post_tag","embeddable":true,"href":"https:\/\/noticiasemdestaque.com\/cd\/index.php?rest_route=%2Fwp%2Fv2%2Ftags&post=52233"}],"curies":[{"name":"wp","href":"https:\/\/api.w.org\/{rel}","templated":true}]}}