{"id":52228,"date":"2023-10-19T20:27:08","date_gmt":"2023-10-19T23:27:08","guid":{"rendered":"https:\/\/noticiasemdestaque.com\/cd\/?p=52228"},"modified":"2023-10-19T20:33:51","modified_gmt":"2023-10-19T23:33:51","slug":"ex-vice-prefeito-de-ouro-velho-zezito-moura-morre-aos-87-anos","status":"publish","type":"post","link":"https:\/\/noticiasemdestaque.com\/cd\/?p=52228","title":{"rendered":"Ex-vice-prefeito de Ouro Velho Zezito Moura morre aos 87 anos"},"content":{"rendered":"<p><a href=\"https:\/\/noticiasemdestaque.com\/cd\/wp-content\/uploads\/2023\/10\/60e8bd2f-ad8b-404d-e14a-0ffb68321b9c-787x800-1.jpeg\"><img fetchpriority=\"high\" decoding=\"async\" class=\"size-medium wp-image-52230 aligncenter\" src=\"https:\/\/noticiasemdestaque.com\/cd\/wp-content\/uploads\/2023\/10\/60e8bd2f-ad8b-404d-e14a-0ffb68321b9c-787x800-1-295x300.jpeg\" alt=\"\" width=\"295\" height=\"300\" srcset=\"https:\/\/noticiasemdestaque.com\/cd\/wp-content\/uploads\/2023\/10\/60e8bd2f-ad8b-404d-e14a-0ffb68321b9c-787x800-1-295x300.jpeg 295w, https:\/\/noticiasemdestaque.com\/cd\/wp-content\/uploads\/2023\/10\/60e8bd2f-ad8b-404d-e14a-0ffb68321b9c-787x800-1-12x12.jpeg 12w, https:\/\/noticiasemdestaque.com\/cd\/wp-content\/uploads\/2023\/10\/60e8bd2f-ad8b-404d-e14a-0ffb68321b9c-787x800-1.jpeg 630w\" sizes=\"(max-width: 295px) 100vw, 295px\" \/><\/a><\/p>\n<div>\n<p>O ex-vice-prefeito de Ouro Velho, Jos\u00e9 Alexandre Ferreira, mais conhecido como Zezito Moura, morreu nesta quinta-feira (19), aos 87 anos, por fal\u00eancia m\u00faltipla dos \u00f3rg\u00e3os.<\/p>\n<p>Homem do campo e nascido em Ouro Velho, Zezito Moura tamb\u00e9m foi vereador por sete mandatos, chegando a ocupar a presid\u00eancia do Poder Legislativo local.<\/p>\n<p>MaisPB<\/p>\n<\/div>\n","protected":false},"excerpt":{"rendered":"<p>O ex-vice-prefeito de Ouro Velho, Jos\u00e9 Alexandre Ferreira, mais conhecido como Zezito Moura, morreu nesta quinta-feira (19), aos 87 anos, por fal\u00eancia m\u00faltipla dos \u00f3rg\u00e3os. Homem do campo e nascido em Ouro Velho, Zezito Moura tamb\u00e9m foi vereador por sete mandatos, chegando a ocupar a presid\u00eancia do Poder Legislativo local. MaisPB<\/p>\n","protected":false},"author":2,"featured_media":52230,"comment_status":"closed","ping_status":"open","sticky":false,"template":"","format":"standard","meta":{"_eb_attr":"","_jetpack_memberships_contains_paid_content":false,"footnotes":""},"categories":[3],"tags":[],"class_list":["post-52228","post","type-post","status-publish","format-standard","has-post-thumbnail","hentry","category-cidades"],"yoast_head":"<!-- This site is optimized with the Yoast SEO plugin v26.5 - https:\/\/yoast.com\/wordpress\/plugins\/seo\/ -->\n<title>Ex-vice-prefeito de Ouro Velho Zezito Moura morre aos 87 anos - Not&iacute;cias em Destaque<\/title>\n<meta name=\"robots\" content=\"index, follow, max-snippet:-1, max-image-preview:large, max-video-preview:-1\" \/>\n<link rel=\"canonical\" href=\"https:\/\/noticiasemdestaque.com\/cd\/?p=52228\" \/>\n<meta property=\"og:locale\" content=\"pt_BR\" \/>\n<meta property=\"og:type\" content=\"article\" \/>\n<meta property=\"og:title\" content=\"Ex-vice-prefeito de Ouro Velho Zezito Moura morre aos 87 anos - Not&iacute;cias em Destaque\" \/>\n<meta property=\"og:description\" content=\"O ex-vice-prefeito de Ouro Velho, Jos\u00e9 Alexandre Ferreira, mais conhecido como Zezito Moura, morreu nesta quinta-feira (19), aos 87 anos, por fal\u00eancia m\u00faltipla dos \u00f3rg\u00e3os. Homem do campo e nascido em Ouro Velho, Zezito Moura tamb\u00e9m foi vereador por sete mandatos, chegando a ocupar a presid\u00eancia do Poder Legislativo local. MaisPB\" \/>\n<meta property=\"og:url\" content=\"https:\/\/noticiasemdestaque.com\/cd\/?p=52228\" \/>\n<meta property=\"og:site_name\" content=\"Not&iacute;cias em Destaque\" \/>\n<meta property=\"article:published_time\" content=\"2023-10-19T23:27:08+00:00\" \/>\n<meta property=\"article:modified_time\" content=\"2023-10-19T23:33:51+00:00\" \/>\n<meta property=\"og:image\" content=\"https:\/\/noticiasemdestaque.com\/cd\/wp-content\/uploads\/2023\/10\/60e8bd2f-ad8b-404d-e14a-0ffb68321b9c-787x800-1.jpeg\" \/>\n\t<meta property=\"og:image:width\" content=\"630\" \/>\n\t<meta property=\"og:image:height\" content=\"640\" \/>\n\t<meta property=\"og:image:type\" content=\"image\/jpeg\" \/>\n<meta name=\"author\" content=\"Not\u00edcias em Destaque\" \/>\n<meta name=\"twitter:card\" content=\"summary_large_image\" \/>\n<meta name=\"twitter:label1\" content=\"Escrito por\" \/>\n\t<meta name=\"twitter:data1\" content=\"Not\u00edcias em Destaque\" \/>\n\t<meta name=\"twitter:label2\" content=\"Est. tempo de leitura\" \/>\n\t<meta name=\"twitter:data2\" content=\"1 minuto\" \/>\n<script type=\"application\/ld+json\" class=\"yoast-schema-graph\">{\"@context\":\"https:\/\/schema.org\",\"@graph\":[{\"@type\":\"Article\",\"@id\":\"https:\/\/noticiasemdestaque.com\/cd\/?p=52228#article\",\"isPartOf\":{\"@id\":\"https:\/\/noticiasemdestaque.com\/cd\/?p=52228\"},\"author\":{\"name\":\"Not\u00edcias em Destaque\",\"@id\":\"https:\/\/noticiasemdestaque.com\/cd\/#\/schema\/person\/47f7d4f55eec17c6b2ca036c5500f6ce\"},\"headline\":\"Ex-vice-prefeito de Ouro Velho Zezito Moura morre aos 87 anos\",\"datePublished\":\"2023-10-19T23:27:08+00:00\",\"dateModified\":\"2023-10-19T23:33:51+00:00\",\"mainEntityOfPage\":{\"@id\":\"https:\/\/noticiasemdestaque.com\/cd\/?p=52228\"},\"wordCount\":63,\"publisher\":{\"@id\":\"https:\/\/noticiasemdestaque.com\/cd\/#organization\"},\"image\":{\"@id\":\"https:\/\/noticiasemdestaque.com\/cd\/?p=52228#primaryimage\"},\"thumbnailUrl\":\"https:\/\/noticiasemdestaque.com\/cd\/wp-content\/uploads\/2023\/10\/60e8bd2f-ad8b-404d-e14a-0ffb68321b9c-787x800-1.jpeg\",\"articleSection\":[\"Cidades\"],\"inLanguage\":\"pt-BR\"},{\"@type\":\"WebPage\",\"@id\":\"https:\/\/noticiasemdestaque.com\/cd\/?p=52228\",\"url\":\"https:\/\/noticiasemdestaque.com\/cd\/?p=52228\",\"name\":\"Ex-vice-prefeito de Ouro Velho Zezito Moura morre aos 87 anos - Not&iacute;cias em Destaque\",\"isPartOf\":{\"@id\":\"https:\/\/noticiasemdestaque.com\/cd\/#website\"},\"primaryImageOfPage\":{\"@id\":\"https:\/\/noticiasemdestaque.com\/cd\/?p=52228#primaryimage\"},\"image\":{\"@id\":\"https:\/\/noticiasemdestaque.com\/cd\/?p=52228#primaryimage\"},\"thumbnailUrl\":\"https:\/\/noticiasemdestaque.com\/cd\/wp-content\/uploads\/2023\/10\/60e8bd2f-ad8b-404d-e14a-0ffb68321b9c-787x800-1.jpeg\",\"datePublished\":\"2023-10-19T23:27:08+00:00\",\"dateModified\":\"2023-10-19T23:33:51+00:00\",\"breadcrumb\":{\"@id\":\"https:\/\/noticiasemdestaque.com\/cd\/?p=52228#breadcrumb\"},\"inLanguage\":\"pt-BR\",\"potentialAction\":[{\"@type\":\"ReadAction\",\"target\":[\"https:\/\/noticiasemdestaque.com\/cd\/?p=52228\"]}]},{\"@type\":\"ImageObject\",\"inLanguage\":\"pt-BR\",\"@id\":\"https:\/\/noticiasemdestaque.com\/cd\/?p=52228#primaryimage\",\"url\":\"https:\/\/noticiasemdestaque.com\/cd\/wp-content\/uploads\/2023\/10\/60e8bd2f-ad8b-404d-e14a-0ffb68321b9c-787x800-1.jpeg\",\"contentUrl\":\"https:\/\/noticiasemdestaque.com\/cd\/wp-content\/uploads\/2023\/10\/60e8bd2f-ad8b-404d-e14a-0ffb68321b9c-787x800-1.jpeg\",\"width\":630,\"height\":640},{\"@type\":\"BreadcrumbList\",\"@id\":\"https:\/\/noticiasemdestaque.com\/cd\/?p=52228#breadcrumb\",\"itemListElement\":[{\"@type\":\"ListItem\",\"position\":1,\"name\":\"In\u00edcio\",\"item\":\"https:\/\/noticiasemdestaque.com\/cd\/\"},{\"@type\":\"ListItem\",\"position\":2,\"name\":\"Ex-vice-prefeito de Ouro Velho Zezito Moura morre aos 87 anos\"}]},{\"@type\":\"WebSite\",\"@id\":\"https:\/\/noticiasemdestaque.com\/cd\/#website\",\"url\":\"https:\/\/noticiasemdestaque.com\/cd\/\",\"name\":\"Not&iacute;cias em Destaque\",\"description\":\"\",\"publisher\":{\"@id\":\"https:\/\/noticiasemdestaque.com\/cd\/#organization\"},\"potentialAction\":[{\"@type\":\"SearchAction\",\"target\":{\"@type\":\"EntryPoint\",\"urlTemplate\":\"https:\/\/noticiasemdestaque.com\/cd\/?s={search_term_string}\"},\"query-input\":{\"@type\":\"PropertyValueSpecification\",\"valueRequired\":true,\"valueName\":\"search_term_string\"}}],\"inLanguage\":\"pt-BR\"},{\"@type\":\"Organization\",\"@id\":\"https:\/\/noticiasemdestaque.com\/cd\/#organization\",\"name\":\"Not\u00edcias em Destaque\",\"url\":\"https:\/\/noticiasemdestaque.com\/cd\/\",\"logo\":{\"@type\":\"ImageObject\",\"inLanguage\":\"pt-BR\",\"@id\":\"https:\/\/noticiasemdestaque.com\/cd\/#\/schema\/logo\/image\/\",\"url\":\"https:\/\/noticiasemdestaque.com\/cd\/wp-content\/uploads\/2022\/05\/imagem-base-noticiasemdestaque.png\",\"contentUrl\":\"https:\/\/noticiasemdestaque.com\/cd\/wp-content\/uploads\/2022\/05\/imagem-base-noticiasemdestaque.png\",\"width\":1200,\"height\":630,\"caption\":\"Not\u00edcias em Destaque\"},\"image\":{\"@id\":\"https:\/\/noticiasemdestaque.com\/cd\/#\/schema\/logo\/image\/\"}},{\"@type\":\"Person\",\"@id\":\"https:\/\/noticiasemdestaque.com\/cd\/#\/schema\/person\/47f7d4f55eec17c6b2ca036c5500f6ce\",\"name\":\"Not\u00edcias em Destaque\",\"url\":\"https:\/\/noticiasemdestaque.com\/cd\/?author=2\"}]}<\/script>\n<!-- \/ Yoast SEO plugin. -->","yoast_head_json":{"title":"Ex-vice-prefeito de Ouro Velho Zezito Moura morre aos 87 anos - Not&iacute;cias em Destaque","robots":{"index":"index","follow":"follow","max-snippet":"max-snippet:-1","max-image-preview":"max-image-preview:large","max-video-preview":"max-video-preview:-1"},"canonical":"https:\/\/noticiasemdestaque.com\/cd\/?p=52228","og_locale":"pt_BR","og_type":"article","og_title":"Ex-vice-prefeito de Ouro Velho Zezito Moura morre aos 87 anos - Not&iacute;cias em Destaque","og_description":"O ex-vice-prefeito de Ouro Velho, Jos\u00e9 Alexandre Ferreira, mais conhecido como Zezito Moura, morreu nesta quinta-feira (19), aos 87 anos, por fal\u00eancia m\u00faltipla dos \u00f3rg\u00e3os. Homem do campo e nascido em Ouro Velho, Zezito Moura tamb\u00e9m foi vereador por sete mandatos, chegando a ocupar a presid\u00eancia do Poder Legislativo local. MaisPB","og_url":"https:\/\/noticiasemdestaque.com\/cd\/?p=52228","og_site_name":"Not&iacute;cias em Destaque","article_published_time":"2023-10-19T23:27:08+00:00","article_modified_time":"2023-10-19T23:33:51+00:00","og_image":[{"width":630,"height":640,"url":"https:\/\/noticiasemdestaque.com\/cd\/wp-content\/uploads\/2023\/10\/60e8bd2f-ad8b-404d-e14a-0ffb68321b9c-787x800-1.jpeg","type":"image\/jpeg"}],"author":"Not\u00edcias em Destaque","twitter_card":"summary_large_image","twitter_misc":{"Escrito por":"Not\u00edcias em Destaque","Est. tempo de leitura":"1 minuto"},"schema":{"@context":"https:\/\/schema.org","@graph":[{"@type":"Article","@id":"https:\/\/noticiasemdestaque.com\/cd\/?p=52228#article","isPartOf":{"@id":"https:\/\/noticiasemdestaque.com\/cd\/?p=52228"},"author":{"name":"Not\u00edcias em Destaque","@id":"https:\/\/noticiasemdestaque.com\/cd\/#\/schema\/person\/47f7d4f55eec17c6b2ca036c5500f6ce"},"headline":"Ex-vice-prefeito de Ouro Velho Zezito Moura morre aos 87 anos","datePublished":"2023-10-19T23:27:08+00:00","dateModified":"2023-10-19T23:33:51+00:00","mainEntityOfPage":{"@id":"https:\/\/noticiasemdestaque.com\/cd\/?p=52228"},"wordCount":63,"publisher":{"@id":"https:\/\/noticiasemdestaque.com\/cd\/#organization"},"image":{"@id":"https:\/\/noticiasemdestaque.com\/cd\/?p=52228#primaryimage"},"thumbnailUrl":"https:\/\/noticiasemdestaque.com\/cd\/wp-content\/uploads\/2023\/10\/60e8bd2f-ad8b-404d-e14a-0ffb68321b9c-787x800-1.jpeg","articleSection":["Cidades"],"inLanguage":"pt-BR"},{"@type":"WebPage","@id":"https:\/\/noticiasemdestaque.com\/cd\/?p=52228","url":"https:\/\/noticiasemdestaque.com\/cd\/?p=52228","name":"Ex-vice-prefeito de Ouro Velho Zezito Moura morre aos 87 anos - Not&iacute;cias em Destaque","isPartOf":{"@id":"https:\/\/noticiasemdestaque.com\/cd\/#website"},"primaryImageOfPage":{"@id":"https:\/\/noticiasemdestaque.com\/cd\/?p=52228#primaryimage"},"image":{"@id":"https:\/\/noticiasemdestaque.com\/cd\/?p=52228#primaryimage"},"thumbnailUrl":"https:\/\/noticiasemdestaque.com\/cd\/wp-content\/uploads\/2023\/10\/60e8bd2f-ad8b-404d-e14a-0ffb68321b9c-787x800-1.jpeg","datePublished":"2023-10-19T23:27:08+00:00","dateModified":"2023-10-19T23:33:51+00:00","breadcrumb":{"@id":"https:\/\/noticiasemdestaque.com\/cd\/?p=52228#breadcrumb"},"inLanguage":"pt-BR","potentialAction":[{"@type":"ReadAction","target":["https:\/\/noticiasemdestaque.com\/cd\/?p=52228"]}]},{"@type":"ImageObject","inLanguage":"pt-BR","@id":"https:\/\/noticiasemdestaque.com\/cd\/?p=52228#primaryimage","url":"https:\/\/noticiasemdestaque.com\/cd\/wp-content\/uploads\/2023\/10\/60e8bd2f-ad8b-404d-e14a-0ffb68321b9c-787x800-1.jpeg","contentUrl":"https:\/\/noticiasemdestaque.com\/cd\/wp-content\/uploads\/2023\/10\/60e8bd2f-ad8b-404d-e14a-0ffb68321b9c-787x800-1.jpeg","width":630,"height":640},{"@type":"BreadcrumbList","@id":"https:\/\/noticiasemdestaque.com\/cd\/?p=52228#breadcrumb","itemListElement":[{"@type":"ListItem","position":1,"name":"In\u00edcio","item":"https:\/\/noticiasemdestaque.com\/cd\/"},{"@type":"ListItem","position":2,"name":"Ex-vice-prefeito de Ouro Velho Zezito Moura morre aos 87 anos"}]},{"@type":"WebSite","@id":"https:\/\/noticiasemdestaque.com\/cd\/#website","url":"https:\/\/noticiasemdestaque.com\/cd\/","name":"Not&iacute;cias em Destaque","description":"","publisher":{"@id":"https:\/\/noticiasemdestaque.com\/cd\/#organization"},"potentialAction":[{"@type":"SearchAction","target":{"@type":"EntryPoint","urlTemplate":"https:\/\/noticiasemdestaque.com\/cd\/?s={search_term_string}"},"query-input":{"@type":"PropertyValueSpecification","valueRequired":true,"valueName":"search_term_string"}}],"inLanguage":"pt-BR"},{"@type":"Organization","@id":"https:\/\/noticiasemdestaque.com\/cd\/#organization","name":"Not\u00edcias em Destaque","url":"https:\/\/noticiasemdestaque.com\/cd\/","logo":{"@type":"ImageObject","inLanguage":"pt-BR","@id":"https:\/\/noticiasemdestaque.com\/cd\/#\/schema\/logo\/image\/","url":"https:\/\/noticiasemdestaque.com\/cd\/wp-content\/uploads\/2022\/05\/imagem-base-noticiasemdestaque.png","contentUrl":"https:\/\/noticiasemdestaque.com\/cd\/wp-content\/uploads\/2022\/05\/imagem-base-noticiasemdestaque.png","width":1200,"height":630,"caption":"Not\u00edcias em Destaque"},"image":{"@id":"https:\/\/noticiasemdestaque.com\/cd\/#\/schema\/logo\/image\/"}},{"@type":"Person","@id":"https:\/\/noticiasemdestaque.com\/cd\/#\/schema\/person\/47f7d4f55eec17c6b2ca036c5500f6ce","name":"Not\u00edcias em Destaque","url":"https:\/\/noticiasemdestaque.com\/cd\/?author=2"}]}},"jetpack_featured_media_url":"https:\/\/noticiasemdestaque.com\/cd\/wp-content\/uploads\/2023\/10\/60e8bd2f-ad8b-404d-e14a-0ffb68321b9c-787x800-1.jpeg","jetpack_sharing_enabled":true,"_links":{"self":[{"href":"https:\/\/noticiasemdestaque.com\/cd\/index.php?rest_route=\/wp\/v2\/posts\/52228","targetHints":{"allow":["GET"]}}],"collection":[{"href":"https:\/\/noticiasemdestaque.com\/cd\/index.php?rest_route=\/wp\/v2\/posts"}],"about":[{"href":"https:\/\/noticiasemdestaque.com\/cd\/index.php?rest_route=\/wp\/v2\/types\/post"}],"author":[{"embeddable":true,"href":"https:\/\/noticiasemdestaque.com\/cd\/index.php?rest_route=\/wp\/v2\/users\/2"}],"replies":[{"embeddable":true,"href":"https:\/\/noticiasemdestaque.com\/cd\/index.php?rest_route=%2Fwp%2Fv2%2Fcomments&post=52228"}],"version-history":[{"count":3,"href":"https:\/\/noticiasemdestaque.com\/cd\/index.php?rest_route=\/wp\/v2\/posts\/52228\/revisions"}],"predecessor-version":[{"id":52235,"href":"https:\/\/noticiasemdestaque.com\/cd\/index.php?rest_route=\/wp\/v2\/posts\/52228\/revisions\/52235"}],"wp:featuredmedia":[{"embeddable":true,"href":"https:\/\/noticiasemdestaque.com\/cd\/index.php?rest_route=\/wp\/v2\/media\/52230"}],"wp:attachment":[{"href":"https:\/\/noticiasemdestaque.com\/cd\/index.php?rest_route=%2Fwp%2Fv2%2Fmedia&parent=52228"}],"wp:term":[{"taxonomy":"category","embeddable":true,"href":"https:\/\/noticiasemdestaque.com\/cd\/index.php?rest_route=%2Fwp%2Fv2%2Fcategories&post=52228"},{"taxonomy":"post_tag","embeddable":true,"href":"https:\/\/noticiasemdestaque.com\/cd\/index.php?rest_route=%2Fwp%2Fv2%2Ftags&post=52228"}],"curies":[{"name":"wp","href":"https:\/\/api.w.org\/{rel}","templated":true}]}}