{"id":52225,"date":"2023-10-19T20:12:20","date_gmt":"2023-10-19T23:12:20","guid":{"rendered":"https:\/\/noticiasemdestaque.com\/cd\/?p=52225"},"modified":"2023-10-19T20:12:20","modified_gmt":"2023-10-19T23:12:20","slug":"luto-em-parari-vereador-assis-silva-vem-a-obito-apos-complicacoes-em-cirurgia-do-coracao","status":"publish","type":"post","link":"https:\/\/noticiasemdestaque.com\/cd\/?p=52225","title":{"rendered":"LUTO EM PARARI: Vereador Assis Silva vem a \u00f3bito ap\u00f3s complica\u00e7\u00f5es em cirurgia do cora\u00e7\u00e3o"},"content":{"rendered":"<p><a href=\"https:\/\/noticiasemdestaque.com\/cd\/wp-content\/uploads\/2023\/10\/WhatsApp-Image-2023-10-19-at-17.15.26-1024x910-1.jpeg\"><img fetchpriority=\"high\" decoding=\"async\" class=\"size-medium wp-image-52226 alignleft\" src=\"https:\/\/noticiasemdestaque.com\/cd\/wp-content\/uploads\/2023\/10\/WhatsApp-Image-2023-10-19-at-17.15.26-1024x910-1-300x267.jpeg\" alt=\"\" width=\"300\" height=\"267\" srcset=\"https:\/\/noticiasemdestaque.com\/cd\/wp-content\/uploads\/2023\/10\/WhatsApp-Image-2023-10-19-at-17.15.26-1024x910-1-300x267.jpeg 300w, https:\/\/noticiasemdestaque.com\/cd\/wp-content\/uploads\/2023\/10\/WhatsApp-Image-2023-10-19-at-17.15.26-1024x910-1-768x683.jpeg 768w, https:\/\/noticiasemdestaque.com\/cd\/wp-content\/uploads\/2023\/10\/WhatsApp-Image-2023-10-19-at-17.15.26-1024x910-1-14x12.jpeg 14w, https:\/\/noticiasemdestaque.com\/cd\/wp-content\/uploads\/2023\/10\/WhatsApp-Image-2023-10-19-at-17.15.26-1024x910-1.jpeg 1024w\" sizes=\"(max-width: 300px) 100vw, 300px\" \/><\/a>O vereador da cidade de Parari, Assis Silva, faleceu na tarde desta quinta-feira (19). O parlamentar havia sido internado no Hospital Portugu\u00eas, em Recife, no \u00faltimo dia 11, para um procedimento cir\u00fargico no cora\u00e7\u00e3o, mas durante o procedimento, teve paradas card\u00edacas que agravaram seu quadro de sa\u00fade.<\/p>\n<p>O prefeito de Parari, Genival Queiroz, decretou luto oficial de tr\u00eas dias e expressou suas condol\u00eancias \u00e0 fam\u00edlia do vereador Assis Silva.<\/p>\n<p>\u201cParari perde uma grande refer\u00eancia pol\u00edtica, um parlamentar s\u00e9rio e comprometido com o desenvolvimento do nosso munic\u00edpio. Desejo minhas mais sinceras condol\u00eancias aos familiares e amigos nesse momento de luto\u201d, disse o prefeito.<\/p>\n<p>O presidente da C\u00e2mara de Vereadores, vereador F\u00e1bio J\u00fanior, tamb\u00e9m lamentou profundamente a perda do vereador Assis Silva e destacou sua import\u00e2ncia para o munic\u00edpio.<\/p>\n<p>\u201cUma perda inestim\u00e1vel. Nossa cidade perde um grande homem p\u00fablico que sempre esteve comprometido com os interesses da popula\u00e7\u00e3o. Assis Silva ser\u00e1 lembrado n\u00e3o apenas como um vereador, mas como algu\u00e9m que fez a diferen\u00e7a em nossa cidade\u201d, afirmou o presidente da C\u00e2mara.<\/p>\n<p><em><strong>Not\u00edcias em Destaque<\/strong><\/em><\/p>\n<p>Fonte: Para\u00edba Mix<\/p>\n","protected":false},"excerpt":{"rendered":"<p>O vereador da cidade de Parari, Assis Silva, faleceu na tarde desta quinta-feira (19). O parlamentar havia sido internado no Hospital Portugu\u00eas, em Recife, no \u00faltimo dia 11, para um procedimento cir\u00fargico no cora\u00e7\u00e3o, mas durante o procedimento, teve paradas card\u00edacas que agravaram seu quadro de sa\u00fade. O prefeito de Parari, Genival Queiroz, decretou luto oficial de tr\u00eas dias e expressou suas condol\u00eancias \u00e0 fam\u00edlia do vereador Assis Silva. \u201cParari perde uma grande refer\u00eancia pol\u00edtica, um parlamentar s\u00e9rio e comprometido com o desenvolvimento do nosso munic\u00edpio. Desejo minhas mais sinceras condol\u00eancias aos familiares e amigos nesse momento de luto\u201d, disse o prefeito. O presidente da C\u00e2mara de Vereadores, vereador F\u00e1bio J\u00fanior, tamb\u00e9m lamentou profundamente a perda do vereador Assis Silva e destacou sua import\u00e2ncia para o munic\u00edpio. \u201cUma perda inestim\u00e1vel. Nossa cidade perde um grande homem p\u00fablico que sempre esteve comprometido com os interesses da popula\u00e7\u00e3o. Assis Silva ser\u00e1 lembrado n\u00e3o apenas como um vereador, mas como algu\u00e9m que fez a diferen\u00e7a em nossa cidade\u201d, afirmou o presidente da C\u00e2mara. Not\u00edcias em Destaque Fonte: Para\u00edba Mix<\/p>\n","protected":false},"author":2,"featured_media":52226,"comment_status":"closed","ping_status":"open","sticky":false,"template":"","format":"standard","meta":{"_eb_attr":"","_jetpack_memberships_contains_paid_content":false,"footnotes":""},"categories":[4],"tags":[],"class_list":["post-52225","post","type-post","status-publish","format-standard","has-post-thumbnail","hentry","category-politica"],"yoast_head":"<!-- This site is optimized with the Yoast SEO plugin v26.5 - https:\/\/yoast.com\/wordpress\/plugins\/seo\/ -->\n<title>LUTO EM PARARI: Vereador Assis Silva vem a \u00f3bito ap\u00f3s complica\u00e7\u00f5es em cirurgia do cora\u00e7\u00e3o - Not&iacute;cias em Destaque<\/title>\n<meta name=\"robots\" content=\"index, follow, max-snippet:-1, max-image-preview:large, max-video-preview:-1\" \/>\n<link rel=\"canonical\" href=\"https:\/\/noticiasemdestaque.com\/cd\/?p=52225\" \/>\n<meta property=\"og:locale\" content=\"pt_BR\" \/>\n<meta property=\"og:type\" content=\"article\" \/>\n<meta property=\"og:title\" content=\"LUTO EM PARARI: Vereador Assis Silva vem a \u00f3bito ap\u00f3s complica\u00e7\u00f5es em cirurgia do cora\u00e7\u00e3o - Not&iacute;cias em Destaque\" \/>\n<meta property=\"og:description\" content=\"O vereador da cidade de Parari, Assis Silva, faleceu na tarde desta quinta-feira (19). O parlamentar havia sido internado no Hospital Portugu\u00eas, em Recife, no \u00faltimo dia 11, para um procedimento cir\u00fargico no cora\u00e7\u00e3o, mas durante o procedimento, teve paradas card\u00edacas que agravaram seu quadro de sa\u00fade. O prefeito de Parari, Genival Queiroz, decretou luto oficial de tr\u00eas dias e expressou suas condol\u00eancias \u00e0 fam\u00edlia do vereador Assis Silva. \u201cParari perde uma grande refer\u00eancia pol\u00edtica, um parlamentar s\u00e9rio e comprometido com o desenvolvimento do nosso munic\u00edpio. Desejo minhas mais sinceras condol\u00eancias aos familiares e amigos nesse momento de luto\u201d, disse o prefeito. O presidente da C\u00e2mara de Vereadores, vereador F\u00e1bio J\u00fanior, tamb\u00e9m lamentou profundamente a perda do vereador Assis Silva e destacou sua import\u00e2ncia para o munic\u00edpio. \u201cUma perda inestim\u00e1vel. Nossa cidade perde um grande homem p\u00fablico que sempre esteve comprometido com os interesses da popula\u00e7\u00e3o. Assis Silva ser\u00e1 lembrado n\u00e3o apenas como um vereador, mas como algu\u00e9m que fez a diferen\u00e7a em nossa cidade\u201d, afirmou o presidente da C\u00e2mara. Not\u00edcias em Destaque Fonte: Para\u00edba Mix\" \/>\n<meta property=\"og:url\" content=\"https:\/\/noticiasemdestaque.com\/cd\/?p=52225\" \/>\n<meta property=\"og:site_name\" content=\"Not&iacute;cias em Destaque\" \/>\n<meta property=\"article:published_time\" content=\"2023-10-19T23:12:20+00:00\" \/>\n<meta property=\"og:image\" content=\"https:\/\/noticiasemdestaque.com\/cd\/wp-content\/uploads\/2023\/10\/WhatsApp-Image-2023-10-19-at-17.15.26-1024x910-1.jpeg\" \/>\n\t<meta property=\"og:image:width\" content=\"1024\" \/>\n\t<meta property=\"og:image:height\" content=\"910\" \/>\n\t<meta property=\"og:image:type\" content=\"image\/jpeg\" \/>\n<meta name=\"author\" content=\"Not\u00edcias em Destaque\" \/>\n<meta name=\"twitter:card\" content=\"summary_large_image\" \/>\n<meta name=\"twitter:label1\" content=\"Escrito por\" \/>\n\t<meta name=\"twitter:data1\" content=\"Not\u00edcias em Destaque\" \/>\n\t<meta name=\"twitter:label2\" content=\"Est. tempo de leitura\" \/>\n\t<meta name=\"twitter:data2\" content=\"2 minutos\" \/>\n<script type=\"application\/ld+json\" class=\"yoast-schema-graph\">{\"@context\":\"https:\/\/schema.org\",\"@graph\":[{\"@type\":\"Article\",\"@id\":\"https:\/\/noticiasemdestaque.com\/cd\/?p=52225#article\",\"isPartOf\":{\"@id\":\"https:\/\/noticiasemdestaque.com\/cd\/?p=52225\"},\"author\":{\"name\":\"Not\u00edcias em Destaque\",\"@id\":\"https:\/\/noticiasemdestaque.com\/cd\/#\/schema\/person\/47f7d4f55eec17c6b2ca036c5500f6ce\"},\"headline\":\"LUTO EM PARARI: Vereador Assis Silva vem a \u00f3bito ap\u00f3s complica\u00e7\u00f5es em cirurgia do cora\u00e7\u00e3o\",\"datePublished\":\"2023-10-19T23:12:20+00:00\",\"mainEntityOfPage\":{\"@id\":\"https:\/\/noticiasemdestaque.com\/cd\/?p=52225\"},\"wordCount\":219,\"publisher\":{\"@id\":\"https:\/\/noticiasemdestaque.com\/cd\/#organization\"},\"image\":{\"@id\":\"https:\/\/noticiasemdestaque.com\/cd\/?p=52225#primaryimage\"},\"thumbnailUrl\":\"https:\/\/noticiasemdestaque.com\/cd\/wp-content\/uploads\/2023\/10\/WhatsApp-Image-2023-10-19-at-17.15.26-1024x910-1.jpeg\",\"articleSection\":[\"Pol\u00edtica\"],\"inLanguage\":\"pt-BR\"},{\"@type\":\"WebPage\",\"@id\":\"https:\/\/noticiasemdestaque.com\/cd\/?p=52225\",\"url\":\"https:\/\/noticiasemdestaque.com\/cd\/?p=52225\",\"name\":\"LUTO EM PARARI: Vereador Assis Silva vem a \u00f3bito ap\u00f3s complica\u00e7\u00f5es em cirurgia do cora\u00e7\u00e3o - Not&iacute;cias em Destaque\",\"isPartOf\":{\"@id\":\"https:\/\/noticiasemdestaque.com\/cd\/#website\"},\"primaryImageOfPage\":{\"@id\":\"https:\/\/noticiasemdestaque.com\/cd\/?p=52225#primaryimage\"},\"image\":{\"@id\":\"https:\/\/noticiasemdestaque.com\/cd\/?p=52225#primaryimage\"},\"thumbnailUrl\":\"https:\/\/noticiasemdestaque.com\/cd\/wp-content\/uploads\/2023\/10\/WhatsApp-Image-2023-10-19-at-17.15.26-1024x910-1.jpeg\",\"datePublished\":\"2023-10-19T23:12:20+00:00\",\"breadcrumb\":{\"@id\":\"https:\/\/noticiasemdestaque.com\/cd\/?p=52225#breadcrumb\"},\"inLanguage\":\"pt-BR\",\"potentialAction\":[{\"@type\":\"ReadAction\",\"target\":[\"https:\/\/noticiasemdestaque.com\/cd\/?p=52225\"]}]},{\"@type\":\"ImageObject\",\"inLanguage\":\"pt-BR\",\"@id\":\"https:\/\/noticiasemdestaque.com\/cd\/?p=52225#primaryimage\",\"url\":\"https:\/\/noticiasemdestaque.com\/cd\/wp-content\/uploads\/2023\/10\/WhatsApp-Image-2023-10-19-at-17.15.26-1024x910-1.jpeg\",\"contentUrl\":\"https:\/\/noticiasemdestaque.com\/cd\/wp-content\/uploads\/2023\/10\/WhatsApp-Image-2023-10-19-at-17.15.26-1024x910-1.jpeg\",\"width\":1024,\"height\":910},{\"@type\":\"BreadcrumbList\",\"@id\":\"https:\/\/noticiasemdestaque.com\/cd\/?p=52225#breadcrumb\",\"itemListElement\":[{\"@type\":\"ListItem\",\"position\":1,\"name\":\"In\u00edcio\",\"item\":\"https:\/\/noticiasemdestaque.com\/cd\/\"},{\"@type\":\"ListItem\",\"position\":2,\"name\":\"LUTO EM PARARI: Vereador Assis Silva vem a \u00f3bito ap\u00f3s complica\u00e7\u00f5es em cirurgia do cora\u00e7\u00e3o\"}]},{\"@type\":\"WebSite\",\"@id\":\"https:\/\/noticiasemdestaque.com\/cd\/#website\",\"url\":\"https:\/\/noticiasemdestaque.com\/cd\/\",\"name\":\"Not&iacute;cias em Destaque\",\"description\":\"\",\"publisher\":{\"@id\":\"https:\/\/noticiasemdestaque.com\/cd\/#organization\"},\"potentialAction\":[{\"@type\":\"SearchAction\",\"target\":{\"@type\":\"EntryPoint\",\"urlTemplate\":\"https:\/\/noticiasemdestaque.com\/cd\/?s={search_term_string}\"},\"query-input\":{\"@type\":\"PropertyValueSpecification\",\"valueRequired\":true,\"valueName\":\"search_term_string\"}}],\"inLanguage\":\"pt-BR\"},{\"@type\":\"Organization\",\"@id\":\"https:\/\/noticiasemdestaque.com\/cd\/#organization\",\"name\":\"Not\u00edcias em Destaque\",\"url\":\"https:\/\/noticiasemdestaque.com\/cd\/\",\"logo\":{\"@type\":\"ImageObject\",\"inLanguage\":\"pt-BR\",\"@id\":\"https:\/\/noticiasemdestaque.com\/cd\/#\/schema\/logo\/image\/\",\"url\":\"https:\/\/noticiasemdestaque.com\/cd\/wp-content\/uploads\/2022\/05\/imagem-base-noticiasemdestaque.png\",\"contentUrl\":\"https:\/\/noticiasemdestaque.com\/cd\/wp-content\/uploads\/2022\/05\/imagem-base-noticiasemdestaque.png\",\"width\":1200,\"height\":630,\"caption\":\"Not\u00edcias em Destaque\"},\"image\":{\"@id\":\"https:\/\/noticiasemdestaque.com\/cd\/#\/schema\/logo\/image\/\"}},{\"@type\":\"Person\",\"@id\":\"https:\/\/noticiasemdestaque.com\/cd\/#\/schema\/person\/47f7d4f55eec17c6b2ca036c5500f6ce\",\"name\":\"Not\u00edcias em Destaque\",\"url\":\"https:\/\/noticiasemdestaque.com\/cd\/?author=2\"}]}<\/script>\n<!-- \/ Yoast SEO plugin. -->","yoast_head_json":{"title":"LUTO EM PARARI: Vereador Assis Silva vem a \u00f3bito ap\u00f3s complica\u00e7\u00f5es em cirurgia do cora\u00e7\u00e3o - Not&iacute;cias em Destaque","robots":{"index":"index","follow":"follow","max-snippet":"max-snippet:-1","max-image-preview":"max-image-preview:large","max-video-preview":"max-video-preview:-1"},"canonical":"https:\/\/noticiasemdestaque.com\/cd\/?p=52225","og_locale":"pt_BR","og_type":"article","og_title":"LUTO EM PARARI: Vereador Assis Silva vem a \u00f3bito ap\u00f3s complica\u00e7\u00f5es em cirurgia do cora\u00e7\u00e3o - Not&iacute;cias em Destaque","og_description":"O vereador da cidade de Parari, Assis Silva, faleceu na tarde desta quinta-feira (19). O parlamentar havia sido internado no Hospital Portugu\u00eas, em Recife, no \u00faltimo dia 11, para um procedimento cir\u00fargico no cora\u00e7\u00e3o, mas durante o procedimento, teve paradas card\u00edacas que agravaram seu quadro de sa\u00fade. O prefeito de Parari, Genival Queiroz, decretou luto oficial de tr\u00eas dias e expressou suas condol\u00eancias \u00e0 fam\u00edlia do vereador Assis Silva. \u201cParari perde uma grande refer\u00eancia pol\u00edtica, um parlamentar s\u00e9rio e comprometido com o desenvolvimento do nosso munic\u00edpio. Desejo minhas mais sinceras condol\u00eancias aos familiares e amigos nesse momento de luto\u201d, disse o prefeito. O presidente da C\u00e2mara de Vereadores, vereador F\u00e1bio J\u00fanior, tamb\u00e9m lamentou profundamente a perda do vereador Assis Silva e destacou sua import\u00e2ncia para o munic\u00edpio. \u201cUma perda inestim\u00e1vel. Nossa cidade perde um grande homem p\u00fablico que sempre esteve comprometido com os interesses da popula\u00e7\u00e3o. Assis Silva ser\u00e1 lembrado n\u00e3o apenas como um vereador, mas como algu\u00e9m que fez a diferen\u00e7a em nossa cidade\u201d, afirmou o presidente da C\u00e2mara. Not\u00edcias em Destaque Fonte: Para\u00edba Mix","og_url":"https:\/\/noticiasemdestaque.com\/cd\/?p=52225","og_site_name":"Not&iacute;cias em Destaque","article_published_time":"2023-10-19T23:12:20+00:00","og_image":[{"width":1024,"height":910,"url":"https:\/\/noticiasemdestaque.com\/cd\/wp-content\/uploads\/2023\/10\/WhatsApp-Image-2023-10-19-at-17.15.26-1024x910-1.jpeg","type":"image\/jpeg"}],"author":"Not\u00edcias em Destaque","twitter_card":"summary_large_image","twitter_misc":{"Escrito por":"Not\u00edcias em Destaque","Est. tempo de leitura":"2 minutos"},"schema":{"@context":"https:\/\/schema.org","@graph":[{"@type":"Article","@id":"https:\/\/noticiasemdestaque.com\/cd\/?p=52225#article","isPartOf":{"@id":"https:\/\/noticiasemdestaque.com\/cd\/?p=52225"},"author":{"name":"Not\u00edcias em Destaque","@id":"https:\/\/noticiasemdestaque.com\/cd\/#\/schema\/person\/47f7d4f55eec17c6b2ca036c5500f6ce"},"headline":"LUTO EM PARARI: Vereador Assis Silva vem a \u00f3bito ap\u00f3s complica\u00e7\u00f5es em cirurgia do cora\u00e7\u00e3o","datePublished":"2023-10-19T23:12:20+00:00","mainEntityOfPage":{"@id":"https:\/\/noticiasemdestaque.com\/cd\/?p=52225"},"wordCount":219,"publisher":{"@id":"https:\/\/noticiasemdestaque.com\/cd\/#organization"},"image":{"@id":"https:\/\/noticiasemdestaque.com\/cd\/?p=52225#primaryimage"},"thumbnailUrl":"https:\/\/noticiasemdestaque.com\/cd\/wp-content\/uploads\/2023\/10\/WhatsApp-Image-2023-10-19-at-17.15.26-1024x910-1.jpeg","articleSection":["Pol\u00edtica"],"inLanguage":"pt-BR"},{"@type":"WebPage","@id":"https:\/\/noticiasemdestaque.com\/cd\/?p=52225","url":"https:\/\/noticiasemdestaque.com\/cd\/?p=52225","name":"LUTO EM PARARI: Vereador Assis Silva vem a \u00f3bito ap\u00f3s complica\u00e7\u00f5es em cirurgia do cora\u00e7\u00e3o - Not&iacute;cias em Destaque","isPartOf":{"@id":"https:\/\/noticiasemdestaque.com\/cd\/#website"},"primaryImageOfPage":{"@id":"https:\/\/noticiasemdestaque.com\/cd\/?p=52225#primaryimage"},"image":{"@id":"https:\/\/noticiasemdestaque.com\/cd\/?p=52225#primaryimage"},"thumbnailUrl":"https:\/\/noticiasemdestaque.com\/cd\/wp-content\/uploads\/2023\/10\/WhatsApp-Image-2023-10-19-at-17.15.26-1024x910-1.jpeg","datePublished":"2023-10-19T23:12:20+00:00","breadcrumb":{"@id":"https:\/\/noticiasemdestaque.com\/cd\/?p=52225#breadcrumb"},"inLanguage":"pt-BR","potentialAction":[{"@type":"ReadAction","target":["https:\/\/noticiasemdestaque.com\/cd\/?p=52225"]}]},{"@type":"ImageObject","inLanguage":"pt-BR","@id":"https:\/\/noticiasemdestaque.com\/cd\/?p=52225#primaryimage","url":"https:\/\/noticiasemdestaque.com\/cd\/wp-content\/uploads\/2023\/10\/WhatsApp-Image-2023-10-19-at-17.15.26-1024x910-1.jpeg","contentUrl":"https:\/\/noticiasemdestaque.com\/cd\/wp-content\/uploads\/2023\/10\/WhatsApp-Image-2023-10-19-at-17.15.26-1024x910-1.jpeg","width":1024,"height":910},{"@type":"BreadcrumbList","@id":"https:\/\/noticiasemdestaque.com\/cd\/?p=52225#breadcrumb","itemListElement":[{"@type":"ListItem","position":1,"name":"In\u00edcio","item":"https:\/\/noticiasemdestaque.com\/cd\/"},{"@type":"ListItem","position":2,"name":"LUTO EM PARARI: Vereador Assis Silva vem a \u00f3bito ap\u00f3s complica\u00e7\u00f5es em cirurgia do cora\u00e7\u00e3o"}]},{"@type":"WebSite","@id":"https:\/\/noticiasemdestaque.com\/cd\/#website","url":"https:\/\/noticiasemdestaque.com\/cd\/","name":"Not&iacute;cias em Destaque","description":"","publisher":{"@id":"https:\/\/noticiasemdestaque.com\/cd\/#organization"},"potentialAction":[{"@type":"SearchAction","target":{"@type":"EntryPoint","urlTemplate":"https:\/\/noticiasemdestaque.com\/cd\/?s={search_term_string}"},"query-input":{"@type":"PropertyValueSpecification","valueRequired":true,"valueName":"search_term_string"}}],"inLanguage":"pt-BR"},{"@type":"Organization","@id":"https:\/\/noticiasemdestaque.com\/cd\/#organization","name":"Not\u00edcias em Destaque","url":"https:\/\/noticiasemdestaque.com\/cd\/","logo":{"@type":"ImageObject","inLanguage":"pt-BR","@id":"https:\/\/noticiasemdestaque.com\/cd\/#\/schema\/logo\/image\/","url":"https:\/\/noticiasemdestaque.com\/cd\/wp-content\/uploads\/2022\/05\/imagem-base-noticiasemdestaque.png","contentUrl":"https:\/\/noticiasemdestaque.com\/cd\/wp-content\/uploads\/2022\/05\/imagem-base-noticiasemdestaque.png","width":1200,"height":630,"caption":"Not\u00edcias em Destaque"},"image":{"@id":"https:\/\/noticiasemdestaque.com\/cd\/#\/schema\/logo\/image\/"}},{"@type":"Person","@id":"https:\/\/noticiasemdestaque.com\/cd\/#\/schema\/person\/47f7d4f55eec17c6b2ca036c5500f6ce","name":"Not\u00edcias em Destaque","url":"https:\/\/noticiasemdestaque.com\/cd\/?author=2"}]}},"jetpack_featured_media_url":"https:\/\/noticiasemdestaque.com\/cd\/wp-content\/uploads\/2023\/10\/WhatsApp-Image-2023-10-19-at-17.15.26-1024x910-1.jpeg","jetpack_sharing_enabled":true,"_links":{"self":[{"href":"https:\/\/noticiasemdestaque.com\/cd\/index.php?rest_route=\/wp\/v2\/posts\/52225","targetHints":{"allow":["GET"]}}],"collection":[{"href":"https:\/\/noticiasemdestaque.com\/cd\/index.php?rest_route=\/wp\/v2\/posts"}],"about":[{"href":"https:\/\/noticiasemdestaque.com\/cd\/index.php?rest_route=\/wp\/v2\/types\/post"}],"author":[{"embeddable":true,"href":"https:\/\/noticiasemdestaque.com\/cd\/index.php?rest_route=\/wp\/v2\/users\/2"}],"replies":[{"embeddable":true,"href":"https:\/\/noticiasemdestaque.com\/cd\/index.php?rest_route=%2Fwp%2Fv2%2Fcomments&post=52225"}],"version-history":[{"count":1,"href":"https:\/\/noticiasemdestaque.com\/cd\/index.php?rest_route=\/wp\/v2\/posts\/52225\/revisions"}],"predecessor-version":[{"id":52227,"href":"https:\/\/noticiasemdestaque.com\/cd\/index.php?rest_route=\/wp\/v2\/posts\/52225\/revisions\/52227"}],"wp:featuredmedia":[{"embeddable":true,"href":"https:\/\/noticiasemdestaque.com\/cd\/index.php?rest_route=\/wp\/v2\/media\/52226"}],"wp:attachment":[{"href":"https:\/\/noticiasemdestaque.com\/cd\/index.php?rest_route=%2Fwp%2Fv2%2Fmedia&parent=52225"}],"wp:term":[{"taxonomy":"category","embeddable":true,"href":"https:\/\/noticiasemdestaque.com\/cd\/index.php?rest_route=%2Fwp%2Fv2%2Fcategories&post=52225"},{"taxonomy":"post_tag","embeddable":true,"href":"https:\/\/noticiasemdestaque.com\/cd\/index.php?rest_route=%2Fwp%2Fv2%2Ftags&post=52225"}],"curies":[{"name":"wp","href":"https:\/\/api.w.org\/{rel}","templated":true}]}}