{"id":5222,"date":"2017-10-17T14:07:31","date_gmt":"2017-10-17T17:07:31","guid":{"rendered":"http:\/\/caririemdestaque.com\/cd\/?p=5222"},"modified":"2017-10-17T14:07:31","modified_gmt":"2017-10-17T17:07:31","slug":"prefeitura-de-sume-incentiva-ensino-tecnico-profissionalizante-superior-e-estagio-remunerado","status":"publish","type":"post","link":"https:\/\/noticiasemdestaque.com\/cd\/?p=5222","title":{"rendered":"Prefeitura de Sum\u00e9 incentiva ensino t\u00e9cnico profissionalizante, superior e est\u00e1gio remunerado"},"content":{"rendered":"<p><a href=\"http:\/\/caririemdestaque.com\/cd\/wp-content\/uploads\/2017\/10\/Prefeitura-735x450.jpg\"><img fetchpriority=\"high\" decoding=\"async\" class=\"alignleft wp-image-5223 size-medium\" src=\"http:\/\/caririemdestaque.com\/cd\/wp-content\/uploads\/2017\/10\/Prefeitura-735x450-300x184.jpg\" alt=\"\" width=\"300\" height=\"184\" srcset=\"https:\/\/noticiasemdestaque.com\/cd\/wp-content\/uploads\/2017\/10\/Prefeitura-735x450-300x184.jpg 300w, https:\/\/noticiasemdestaque.com\/cd\/wp-content\/uploads\/2017\/10\/Prefeitura-735x450.jpg 735w\" sizes=\"(max-width: 300px) 100vw, 300px\" \/><\/a>O prefeito \u00c9den Duarte tem feito em sua gest\u00e3o importantes parcerias com institui\u00e7\u00f5es p\u00fablicas e privadas de educa\u00e7\u00e3o para possibilitar a muitos sumeenses, principalmente os de baixa renda, o acesso \u00e0 educa\u00e7\u00e3o de ensino t\u00e9cnico e superior.<\/p>\n<p>Em mar\u00e7o deste ano, a Prefeitura de Sum\u00e9 firmou parceria com o Complexo Educacional do Cariri e puderam ofertar seis bolsas de estudo integrais de cursos t\u00e9cnicos profissionalizantes para o p\u00fablico benefici\u00e1rio do Cad\u00danico, principalmente do Bolsa Fam\u00edlia.<\/p>\n<p>Os contemplados est\u00e3o tendo a oportunidade de se formar em T\u00e9cnico de Enfermagem, T\u00e9cnico em Radiologia e T\u00e9cnico em Farm\u00e1cia.<\/p>\n<p>E a parceria com a escola foi t\u00e3o positiva, que neste m\u00eas de outubro, novas bolsas foram sorteadas para novos cursos e em n\u00famero maior. Desta vez as institui\u00e7\u00f5es ofereceram oito bolsas integrais e quatro bolsas com 50% de desconto para os Cursos T\u00e9cnicos em Veterin\u00e1ria, Administra\u00e7\u00e3o, An\u00e1lises Cl\u00ednicas e Sa\u00fade Bucal.<\/p>\n<p>O coordenador do Complexo Educacional do Cariri, C\u00edcero Roberto, elogiou os incentivos que a Prefeitura de Sum\u00e9 tem dado para a Educa\u00e7\u00e3o do munic\u00edpio. \u201c\u00c9 uma parceria muito valiosa, a gente elogia e parabeniza a atitude do prefeito \u00c9den que tem mostrado preocupa\u00e7\u00e3o com a educa\u00e7\u00e3o dos jovens. Quando procuramos a Prefeitura para nos dar na cidade incentivo para os cursos, \u00c9den prop\u00f4s que o Complexo Educacional desse a sua contrapartida para o munic\u00edpio e assim estamos fazendo, oferecendo bolsas e ajudando na educa\u00e7\u00e3o de jovens de Sum\u00e9\u201d, declarou C\u00edcero Roberto.<\/p>\n<p>O prefeito tamb\u00e9m buscou incentivos para o ensino superior e firmou conv\u00eanio entre a Prefeitura e o Centro Universit\u00e1rio UNIFACISA que possibilita desconto de 20% no valor das mensalidades para estudantes residentes e domiciliados no Munic\u00edpio de Sum\u00e9 que ingressarem nos cursos da institui\u00e7\u00e3o atrav\u00e9s do vestibular unificado da Unifacisa\/FCM.<\/p>\n<p>Outro importante projeto do prefeito \u00c9den \u00e9 a abertura de est\u00e1gio remunerado pela administra\u00e7\u00e3o do munic\u00edpio por meio da concess\u00e3o de Bolsa-Est\u00e1gio. Para esta concess\u00e3o, o Poder Executivo enviou projeto de lei \u00e0 C\u00e2mara de Vereadores que foi aprovado pela Casa e sancionado pelo prefeito por meio da Lei 1.235\/2017.<\/p>\n<p>Para o est\u00e1gio \u00e9 necess\u00e1ria, al\u00e9m da celebra\u00e7\u00e3o de conv\u00eanio espec\u00edfico entre o Munic\u00edpio de Sum\u00e9 e as institui\u00e7\u00f5es de ensino, a exig\u00eancia de\u00a0 assinatura de Termo de Compromisso entre o Poder Executivo, a Institui\u00e7\u00e3o de Ensino p\u00fablica ou privada e o\u00a0 aluno estagi\u00e1rio.<\/p>\n<p>O est\u00e1gio \u00e9 aberto para o estudante que esteja cursando o segundo ano\u00a0 do\u00a0 Ensino\u00a0 M\u00e9dio Profissionalizante ou o terceiro ano do Ensino Superior, preferencialmente os residentes em Sum\u00e9.<\/p>\n<p>As \u00e1reas administrativas da Prefeitura que poder\u00e3o receber os estagi\u00e1rios s\u00e3o: Cont\u00e1bil\/Financeira e Tributa\u00e7\u00e3o,\u00a0 Recursos Humanos, Compras e Licita\u00e7\u00f5es, Educa\u00e7\u00e3o, Cultura e Esporte, Sa\u00fade, Assist\u00eancia Social e Desenvolvimento Agr\u00e1rio e Meio Ambiente.<\/p>\n<p>Os alunos estagi\u00e1rios do Ensino M\u00e9dio Profissionalizante ter\u00e3o carga hor\u00e1ria semanal de 30 horas compreendendo basicamente 135 horas mensais e perceber\u00e3o Bolsa-Est\u00e1gio mensal no valor de R$ 300,00 (trezentos\u00a0 reais).<\/p>\n<p>Os alunos estagi\u00e1rios do Ensino Superior ter\u00e3o carga hor\u00e1ria semanal de 30 horas, compreendendo basicamente 135 horas mensais e perceber\u00e3o Bolsa-Est\u00e1gio mensal no valor de R$ 600,00 (seiscentos reais).<\/p>\n<p>\u00c9den declarou que durante a sua gest\u00e3o vai continuar buscando incentivos para possibilitar que muitos jovens tenham acesso ao ensino t\u00e9cnico e superior, principalmente para aqueles que possuem dificuldade em assumir o custo total da mensalidade.<\/p>\n<p><em><strong>Cariri em Destaque<\/strong><\/em><\/p>\n<p>Ascom<\/p>\n<p>&nbsp;<\/p>\n","protected":false},"excerpt":{"rendered":"<p>O prefeito \u00c9den Duarte tem feito em sua gest\u00e3o importantes parcerias com institui\u00e7\u00f5es p\u00fablicas e privadas de educa\u00e7\u00e3o para possibilitar a muitos sumeenses, principalmente os de baixa renda, o acesso \u00e0 educa\u00e7\u00e3o de ensino t\u00e9cnico e superior. Em mar\u00e7o deste ano, a Prefeitura de Sum\u00e9 firmou parceria com o Complexo Educacional do Cariri e puderam ofertar seis bolsas de estudo integrais de cursos t\u00e9cnicos profissionalizantes para o p\u00fablico benefici\u00e1rio do Cad\u00danico, principalmente do Bolsa Fam\u00edlia. Os contemplados est\u00e3o tendo a oportunidade de se formar em T\u00e9cnico de Enfermagem, T\u00e9cnico em Radiologia e T\u00e9cnico em Farm\u00e1cia. E a parceria com a escola foi t\u00e3o positiva, que neste m\u00eas de outubro, novas bolsas foram sorteadas para novos cursos e em n\u00famero maior. Desta vez as institui\u00e7\u00f5es ofereceram oito bolsas integrais e quatro bolsas com 50% de desconto para os Cursos T\u00e9cnicos em Veterin\u00e1ria, Administra\u00e7\u00e3o, An\u00e1lises Cl\u00ednicas e Sa\u00fade Bucal. O coordenador do Complexo Educacional do Cariri, C\u00edcero Roberto, elogiou os incentivos que a Prefeitura de Sum\u00e9 tem dado para a Educa\u00e7\u00e3o do munic\u00edpio. \u201c\u00c9 uma parceria muito valiosa, a gente elogia e parabeniza a atitude do prefeito \u00c9den que tem mostrado preocupa\u00e7\u00e3o com a educa\u00e7\u00e3o dos jovens. Quando procuramos a Prefeitura para nos dar na cidade incentivo para os cursos, \u00c9den prop\u00f4s que o Complexo Educacional desse a sua contrapartida para o munic\u00edpio e assim estamos fazendo, oferecendo bolsas e ajudando na educa\u00e7\u00e3o de jovens de Sum\u00e9\u201d, declarou C\u00edcero Roberto. O prefeito tamb\u00e9m buscou incentivos para o ensino superior e firmou conv\u00eanio entre a Prefeitura e o Centro Universit\u00e1rio UNIFACISA que possibilita desconto de 20% no valor das mensalidades para estudantes residentes e domiciliados no Munic\u00edpio de Sum\u00e9 que ingressarem nos cursos da institui\u00e7\u00e3o atrav\u00e9s do vestibular unificado da Unifacisa\/FCM. Outro importante projeto do prefeito \u00c9den \u00e9 a abertura de est\u00e1gio remunerado pela administra\u00e7\u00e3o do munic\u00edpio por meio da concess\u00e3o de Bolsa-Est\u00e1gio. Para esta concess\u00e3o, o Poder Executivo enviou projeto de lei \u00e0 C\u00e2mara de Vereadores que foi aprovado pela Casa e sancionado pelo prefeito por meio da Lei 1.235\/2017. Para o est\u00e1gio \u00e9 necess\u00e1ria, al\u00e9m da celebra\u00e7\u00e3o de conv\u00eanio espec\u00edfico entre o Munic\u00edpio de Sum\u00e9 e as institui\u00e7\u00f5es de ensino, a exig\u00eancia de\u00a0 assinatura de Termo de Compromisso entre o Poder Executivo, a Institui\u00e7\u00e3o de Ensino p\u00fablica ou privada e o\u00a0 aluno estagi\u00e1rio. O est\u00e1gio \u00e9 aberto para o estudante que esteja cursando o segundo ano\u00a0 do\u00a0 Ensino\u00a0 M\u00e9dio Profissionalizante ou o terceiro ano do Ensino Superior, preferencialmente os residentes em Sum\u00e9. As \u00e1reas administrativas da Prefeitura que poder\u00e3o receber os estagi\u00e1rios s\u00e3o: Cont\u00e1bil\/Financeira e Tributa\u00e7\u00e3o,\u00a0 Recursos Humanos, Compras e Licita\u00e7\u00f5es, Educa\u00e7\u00e3o, Cultura e Esporte, Sa\u00fade, Assist\u00eancia Social e Desenvolvimento Agr\u00e1rio e Meio Ambiente. Os alunos estagi\u00e1rios do Ensino M\u00e9dio Profissionalizante ter\u00e3o carga hor\u00e1ria semanal de 30 horas compreendendo basicamente 135 horas mensais e perceber\u00e3o Bolsa-Est\u00e1gio mensal no valor de R$ 300,00 (trezentos\u00a0 reais). Os alunos estagi\u00e1rios do Ensino Superior ter\u00e3o carga hor\u00e1ria semanal de 30 horas, compreendendo basicamente 135 horas mensais e perceber\u00e3o Bolsa-Est\u00e1gio mensal no valor de R$ 600,00 (seiscentos reais). \u00c9den declarou que durante a sua gest\u00e3o vai continuar buscando incentivos para possibilitar que muitos jovens tenham acesso ao ensino t\u00e9cnico e superior, principalmente para aqueles que possuem dificuldade em assumir o custo total da mensalidade. Cariri em Destaque Ascom &nbsp;<\/p>\n","protected":false},"author":2,"featured_media":5223,"comment_status":"closed","ping_status":"open","sticky":false,"template":"","format":"standard","meta":{"_eb_attr":"","_jetpack_memberships_contains_paid_content":false,"footnotes":""},"categories":[4],"tags":[],"class_list":["post-5222","post","type-post","status-publish","format-standard","has-post-thumbnail","hentry","category-politica"],"yoast_head":"<!-- This site is optimized with the Yoast SEO plugin v26.5 - https:\/\/yoast.com\/wordpress\/plugins\/seo\/ -->\n<title>Prefeitura de Sum\u00e9 incentiva ensino t\u00e9cnico profissionalizante, superior e est\u00e1gio remunerado - Not&iacute;cias em Destaque<\/title>\n<meta name=\"robots\" content=\"index, follow, max-snippet:-1, max-image-preview:large, max-video-preview:-1\" \/>\n<link rel=\"canonical\" href=\"https:\/\/noticiasemdestaque.com\/cd\/?p=5222\" \/>\n<meta property=\"og:locale\" content=\"pt_BR\" \/>\n<meta property=\"og:type\" content=\"article\" \/>\n<meta property=\"og:title\" content=\"Prefeitura de Sum\u00e9 incentiva ensino t\u00e9cnico profissionalizante, superior e est\u00e1gio remunerado - Not&iacute;cias em Destaque\" \/>\n<meta property=\"og:description\" content=\"O prefeito \u00c9den Duarte tem feito em sua gest\u00e3o importantes parcerias com institui\u00e7\u00f5es p\u00fablicas e privadas de educa\u00e7\u00e3o para possibilitar a muitos sumeenses, principalmente os de baixa renda, o acesso \u00e0 educa\u00e7\u00e3o de ensino t\u00e9cnico e superior. Em mar\u00e7o deste ano, a Prefeitura de Sum\u00e9 firmou parceria com o Complexo Educacional do Cariri e puderam ofertar seis bolsas de estudo integrais de cursos t\u00e9cnicos profissionalizantes para o p\u00fablico benefici\u00e1rio do Cad\u00danico, principalmente do Bolsa Fam\u00edlia. Os contemplados est\u00e3o tendo a oportunidade de se formar em T\u00e9cnico de Enfermagem, T\u00e9cnico em Radiologia e T\u00e9cnico em Farm\u00e1cia. E a parceria com a escola foi t\u00e3o positiva, que neste m\u00eas de outubro, novas bolsas foram sorteadas para novos cursos e em n\u00famero maior. Desta vez as institui\u00e7\u00f5es ofereceram oito bolsas integrais e quatro bolsas com 50% de desconto para os Cursos T\u00e9cnicos em Veterin\u00e1ria, Administra\u00e7\u00e3o, An\u00e1lises Cl\u00ednicas e Sa\u00fade Bucal. O coordenador do Complexo Educacional do Cariri, C\u00edcero Roberto, elogiou os incentivos que a Prefeitura de Sum\u00e9 tem dado para a Educa\u00e7\u00e3o do munic\u00edpio. \u201c\u00c9 uma parceria muito valiosa, a gente elogia e parabeniza a atitude do prefeito \u00c9den que tem mostrado preocupa\u00e7\u00e3o com a educa\u00e7\u00e3o dos jovens. Quando procuramos a Prefeitura para nos dar na cidade incentivo para os cursos, \u00c9den prop\u00f4s que o Complexo Educacional desse a sua contrapartida para o munic\u00edpio e assim estamos fazendo, oferecendo bolsas e ajudando na educa\u00e7\u00e3o de jovens de Sum\u00e9\u201d, declarou C\u00edcero Roberto. O prefeito tamb\u00e9m buscou incentivos para o ensino superior e firmou conv\u00eanio entre a Prefeitura e o Centro Universit\u00e1rio UNIFACISA que possibilita desconto de 20% no valor das mensalidades para estudantes residentes e domiciliados no Munic\u00edpio de Sum\u00e9 que ingressarem nos cursos da institui\u00e7\u00e3o atrav\u00e9s do vestibular unificado da Unifacisa\/FCM. Outro importante projeto do prefeito \u00c9den \u00e9 a abertura de est\u00e1gio remunerado pela administra\u00e7\u00e3o do munic\u00edpio por meio da concess\u00e3o de Bolsa-Est\u00e1gio. Para esta concess\u00e3o, o Poder Executivo enviou projeto de lei \u00e0 C\u00e2mara de Vereadores que foi aprovado pela Casa e sancionado pelo prefeito por meio da Lei 1.235\/2017. Para o est\u00e1gio \u00e9 necess\u00e1ria, al\u00e9m da celebra\u00e7\u00e3o de conv\u00eanio espec\u00edfico entre o Munic\u00edpio de Sum\u00e9 e as institui\u00e7\u00f5es de ensino, a exig\u00eancia de\u00a0 assinatura de Termo de Compromisso entre o Poder Executivo, a Institui\u00e7\u00e3o de Ensino p\u00fablica ou privada e o\u00a0 aluno estagi\u00e1rio. O est\u00e1gio \u00e9 aberto para o estudante que esteja cursando o segundo ano\u00a0 do\u00a0 Ensino\u00a0 M\u00e9dio Profissionalizante ou o terceiro ano do Ensino Superior, preferencialmente os residentes em Sum\u00e9. As \u00e1reas administrativas da Prefeitura que poder\u00e3o receber os estagi\u00e1rios s\u00e3o: Cont\u00e1bil\/Financeira e Tributa\u00e7\u00e3o,\u00a0 Recursos Humanos, Compras e Licita\u00e7\u00f5es, Educa\u00e7\u00e3o, Cultura e Esporte, Sa\u00fade, Assist\u00eancia Social e Desenvolvimento Agr\u00e1rio e Meio Ambiente. Os alunos estagi\u00e1rios do Ensino M\u00e9dio Profissionalizante ter\u00e3o carga hor\u00e1ria semanal de 30 horas compreendendo basicamente 135 horas mensais e perceber\u00e3o Bolsa-Est\u00e1gio mensal no valor de R$ 300,00 (trezentos\u00a0 reais). Os alunos estagi\u00e1rios do Ensino Superior ter\u00e3o carga hor\u00e1ria semanal de 30 horas, compreendendo basicamente 135 horas mensais e perceber\u00e3o Bolsa-Est\u00e1gio mensal no valor de R$ 600,00 (seiscentos reais). \u00c9den declarou que durante a sua gest\u00e3o vai continuar buscando incentivos para possibilitar que muitos jovens tenham acesso ao ensino t\u00e9cnico e superior, principalmente para aqueles que possuem dificuldade em assumir o custo total da mensalidade. Cariri em Destaque Ascom &nbsp;\" \/>\n<meta property=\"og:url\" content=\"https:\/\/noticiasemdestaque.com\/cd\/?p=5222\" \/>\n<meta property=\"og:site_name\" content=\"Not&iacute;cias em Destaque\" \/>\n<meta property=\"article:published_time\" content=\"2017-10-17T17:07:31+00:00\" \/>\n<meta property=\"og:image\" content=\"https:\/\/noticiasemdestaque.com\/cd\/wp-content\/uploads\/2017\/10\/Prefeitura-735x450.jpg\" \/>\n\t<meta property=\"og:image:width\" content=\"735\" \/>\n\t<meta property=\"og:image:height\" content=\"450\" \/>\n\t<meta property=\"og:image:type\" content=\"image\/jpeg\" \/>\n<meta name=\"author\" content=\"Not\u00edcias em Destaque\" \/>\n<meta name=\"twitter:card\" content=\"summary_large_image\" \/>\n<meta name=\"twitter:label1\" content=\"Escrito por\" \/>\n\t<meta name=\"twitter:data1\" content=\"Not\u00edcias em Destaque\" \/>\n\t<meta name=\"twitter:label2\" content=\"Est. tempo de leitura\" \/>\n\t<meta name=\"twitter:data2\" content=\"3 minutos\" \/>\n<script type=\"application\/ld+json\" class=\"yoast-schema-graph\">{\"@context\":\"https:\/\/schema.org\",\"@graph\":[{\"@type\":\"Article\",\"@id\":\"https:\/\/noticiasemdestaque.com\/cd\/?p=5222#article\",\"isPartOf\":{\"@id\":\"https:\/\/noticiasemdestaque.com\/cd\/?p=5222\"},\"author\":{\"name\":\"Not\u00edcias em Destaque\",\"@id\":\"https:\/\/noticiasemdestaque.com\/cd\/#\/schema\/person\/21320b03a7e8bb90128938dafc9b908a\"},\"headline\":\"Prefeitura de Sum\u00e9 incentiva ensino t\u00e9cnico profissionalizante, superior e est\u00e1gio remunerado\",\"datePublished\":\"2017-10-17T17:07:31+00:00\",\"mainEntityOfPage\":{\"@id\":\"https:\/\/noticiasemdestaque.com\/cd\/?p=5222\"},\"wordCount\":629,\"publisher\":{\"@id\":\"https:\/\/noticiasemdestaque.com\/cd\/#organization\"},\"image\":{\"@id\":\"https:\/\/noticiasemdestaque.com\/cd\/?p=5222#primaryimage\"},\"thumbnailUrl\":\"https:\/\/noticiasemdestaque.com\/cd\/wp-content\/uploads\/2017\/10\/Prefeitura-735x450.jpg\",\"articleSection\":[\"Pol\u00edtica\"],\"inLanguage\":\"pt-BR\"},{\"@type\":\"WebPage\",\"@id\":\"https:\/\/noticiasemdestaque.com\/cd\/?p=5222\",\"url\":\"https:\/\/noticiasemdestaque.com\/cd\/?p=5222\",\"name\":\"Prefeitura de Sum\u00e9 incentiva ensino t\u00e9cnico profissionalizante, superior e est\u00e1gio remunerado - Not&iacute;cias em Destaque\",\"isPartOf\":{\"@id\":\"https:\/\/noticiasemdestaque.com\/cd\/#website\"},\"primaryImageOfPage\":{\"@id\":\"https:\/\/noticiasemdestaque.com\/cd\/?p=5222#primaryimage\"},\"image\":{\"@id\":\"https:\/\/noticiasemdestaque.com\/cd\/?p=5222#primaryimage\"},\"thumbnailUrl\":\"https:\/\/noticiasemdestaque.com\/cd\/wp-content\/uploads\/2017\/10\/Prefeitura-735x450.jpg\",\"datePublished\":\"2017-10-17T17:07:31+00:00\",\"breadcrumb\":{\"@id\":\"https:\/\/noticiasemdestaque.com\/cd\/?p=5222#breadcrumb\"},\"inLanguage\":\"pt-BR\",\"potentialAction\":[{\"@type\":\"ReadAction\",\"target\":[\"https:\/\/noticiasemdestaque.com\/cd\/?p=5222\"]}]},{\"@type\":\"ImageObject\",\"inLanguage\":\"pt-BR\",\"@id\":\"https:\/\/noticiasemdestaque.com\/cd\/?p=5222#primaryimage\",\"url\":\"https:\/\/noticiasemdestaque.com\/cd\/wp-content\/uploads\/2017\/10\/Prefeitura-735x450.jpg\",\"contentUrl\":\"https:\/\/noticiasemdestaque.com\/cd\/wp-content\/uploads\/2017\/10\/Prefeitura-735x450.jpg\",\"width\":735,\"height\":450},{\"@type\":\"BreadcrumbList\",\"@id\":\"https:\/\/noticiasemdestaque.com\/cd\/?p=5222#breadcrumb\",\"itemListElement\":[{\"@type\":\"ListItem\",\"position\":1,\"name\":\"In\u00edcio\",\"item\":\"https:\/\/noticiasemdestaque.com\/cd\/\"},{\"@type\":\"ListItem\",\"position\":2,\"name\":\"Prefeitura de Sum\u00e9 incentiva ensino t\u00e9cnico profissionalizante, superior e est\u00e1gio remunerado\"}]},{\"@type\":\"WebSite\",\"@id\":\"https:\/\/noticiasemdestaque.com\/cd\/#website\",\"url\":\"https:\/\/noticiasemdestaque.com\/cd\/\",\"name\":\"Not&iacute;cias em Destaque\",\"description\":\"\",\"publisher\":{\"@id\":\"https:\/\/noticiasemdestaque.com\/cd\/#organization\"},\"potentialAction\":[{\"@type\":\"SearchAction\",\"target\":{\"@type\":\"EntryPoint\",\"urlTemplate\":\"https:\/\/noticiasemdestaque.com\/cd\/?s={search_term_string}\"},\"query-input\":{\"@type\":\"PropertyValueSpecification\",\"valueRequired\":true,\"valueName\":\"search_term_string\"}}],\"inLanguage\":\"pt-BR\"},{\"@type\":\"Organization\",\"@id\":\"https:\/\/noticiasemdestaque.com\/cd\/#organization\",\"name\":\"Not\u00edcias em Destaque\",\"url\":\"https:\/\/noticiasemdestaque.com\/cd\/\",\"logo\":{\"@type\":\"ImageObject\",\"inLanguage\":\"pt-BR\",\"@id\":\"https:\/\/noticiasemdestaque.com\/cd\/#\/schema\/logo\/image\/\",\"url\":\"https:\/\/noticiasemdestaque.com\/cd\/wp-content\/uploads\/2022\/05\/imagem-base-noticiasemdestaque.png\",\"contentUrl\":\"https:\/\/noticiasemdestaque.com\/cd\/wp-content\/uploads\/2022\/05\/imagem-base-noticiasemdestaque.png\",\"width\":1200,\"height\":630,\"caption\":\"Not\u00edcias em Destaque\"},\"image\":{\"@id\":\"https:\/\/noticiasemdestaque.com\/cd\/#\/schema\/logo\/image\/\"}},{\"@type\":\"Person\",\"@id\":\"https:\/\/noticiasemdestaque.com\/cd\/#\/schema\/person\/21320b03a7e8bb90128938dafc9b908a\",\"name\":\"Not\u00edcias em Destaque\",\"url\":\"https:\/\/noticiasemdestaque.com\/cd\/?author=2\"}]}<\/script>\n<!-- \/ Yoast SEO plugin. -->","yoast_head_json":{"title":"Prefeitura de Sum\u00e9 incentiva ensino t\u00e9cnico profissionalizante, superior e est\u00e1gio remunerado - Not&iacute;cias em Destaque","robots":{"index":"index","follow":"follow","max-snippet":"max-snippet:-1","max-image-preview":"max-image-preview:large","max-video-preview":"max-video-preview:-1"},"canonical":"https:\/\/noticiasemdestaque.com\/cd\/?p=5222","og_locale":"pt_BR","og_type":"article","og_title":"Prefeitura de Sum\u00e9 incentiva ensino t\u00e9cnico profissionalizante, superior e est\u00e1gio remunerado - Not&iacute;cias em Destaque","og_description":"O prefeito \u00c9den Duarte tem feito em sua gest\u00e3o importantes parcerias com institui\u00e7\u00f5es p\u00fablicas e privadas de educa\u00e7\u00e3o para possibilitar a muitos sumeenses, principalmente os de baixa renda, o acesso \u00e0 educa\u00e7\u00e3o de ensino t\u00e9cnico e superior. Em mar\u00e7o deste ano, a Prefeitura de Sum\u00e9 firmou parceria com o Complexo Educacional do Cariri e puderam ofertar seis bolsas de estudo integrais de cursos t\u00e9cnicos profissionalizantes para o p\u00fablico benefici\u00e1rio do Cad\u00danico, principalmente do Bolsa Fam\u00edlia. Os contemplados est\u00e3o tendo a oportunidade de se formar em T\u00e9cnico de Enfermagem, T\u00e9cnico em Radiologia e T\u00e9cnico em Farm\u00e1cia. E a parceria com a escola foi t\u00e3o positiva, que neste m\u00eas de outubro, novas bolsas foram sorteadas para novos cursos e em n\u00famero maior. Desta vez as institui\u00e7\u00f5es ofereceram oito bolsas integrais e quatro bolsas com 50% de desconto para os Cursos T\u00e9cnicos em Veterin\u00e1ria, Administra\u00e7\u00e3o, An\u00e1lises Cl\u00ednicas e Sa\u00fade Bucal. O coordenador do Complexo Educacional do Cariri, C\u00edcero Roberto, elogiou os incentivos que a Prefeitura de Sum\u00e9 tem dado para a Educa\u00e7\u00e3o do munic\u00edpio. \u201c\u00c9 uma parceria muito valiosa, a gente elogia e parabeniza a atitude do prefeito \u00c9den que tem mostrado preocupa\u00e7\u00e3o com a educa\u00e7\u00e3o dos jovens. Quando procuramos a Prefeitura para nos dar na cidade incentivo para os cursos, \u00c9den prop\u00f4s que o Complexo Educacional desse a sua contrapartida para o munic\u00edpio e assim estamos fazendo, oferecendo bolsas e ajudando na educa\u00e7\u00e3o de jovens de Sum\u00e9\u201d, declarou C\u00edcero Roberto. O prefeito tamb\u00e9m buscou incentivos para o ensino superior e firmou conv\u00eanio entre a Prefeitura e o Centro Universit\u00e1rio UNIFACISA que possibilita desconto de 20% no valor das mensalidades para estudantes residentes e domiciliados no Munic\u00edpio de Sum\u00e9 que ingressarem nos cursos da institui\u00e7\u00e3o atrav\u00e9s do vestibular unificado da Unifacisa\/FCM. Outro importante projeto do prefeito \u00c9den \u00e9 a abertura de est\u00e1gio remunerado pela administra\u00e7\u00e3o do munic\u00edpio por meio da concess\u00e3o de Bolsa-Est\u00e1gio. Para esta concess\u00e3o, o Poder Executivo enviou projeto de lei \u00e0 C\u00e2mara de Vereadores que foi aprovado pela Casa e sancionado pelo prefeito por meio da Lei 1.235\/2017. Para o est\u00e1gio \u00e9 necess\u00e1ria, al\u00e9m da celebra\u00e7\u00e3o de conv\u00eanio espec\u00edfico entre o Munic\u00edpio de Sum\u00e9 e as institui\u00e7\u00f5es de ensino, a exig\u00eancia de\u00a0 assinatura de Termo de Compromisso entre o Poder Executivo, a Institui\u00e7\u00e3o de Ensino p\u00fablica ou privada e o\u00a0 aluno estagi\u00e1rio. O est\u00e1gio \u00e9 aberto para o estudante que esteja cursando o segundo ano\u00a0 do\u00a0 Ensino\u00a0 M\u00e9dio Profissionalizante ou o terceiro ano do Ensino Superior, preferencialmente os residentes em Sum\u00e9. As \u00e1reas administrativas da Prefeitura que poder\u00e3o receber os estagi\u00e1rios s\u00e3o: Cont\u00e1bil\/Financeira e Tributa\u00e7\u00e3o,\u00a0 Recursos Humanos, Compras e Licita\u00e7\u00f5es, Educa\u00e7\u00e3o, Cultura e Esporte, Sa\u00fade, Assist\u00eancia Social e Desenvolvimento Agr\u00e1rio e Meio Ambiente. Os alunos estagi\u00e1rios do Ensino M\u00e9dio Profissionalizante ter\u00e3o carga hor\u00e1ria semanal de 30 horas compreendendo basicamente 135 horas mensais e perceber\u00e3o Bolsa-Est\u00e1gio mensal no valor de R$ 300,00 (trezentos\u00a0 reais). Os alunos estagi\u00e1rios do Ensino Superior ter\u00e3o carga hor\u00e1ria semanal de 30 horas, compreendendo basicamente 135 horas mensais e perceber\u00e3o Bolsa-Est\u00e1gio mensal no valor de R$ 600,00 (seiscentos reais). \u00c9den declarou que durante a sua gest\u00e3o vai continuar buscando incentivos para possibilitar que muitos jovens tenham acesso ao ensino t\u00e9cnico e superior, principalmente para aqueles que possuem dificuldade em assumir o custo total da mensalidade. Cariri em Destaque Ascom &nbsp;","og_url":"https:\/\/noticiasemdestaque.com\/cd\/?p=5222","og_site_name":"Not&iacute;cias em Destaque","article_published_time":"2017-10-17T17:07:31+00:00","og_image":[{"width":735,"height":450,"url":"https:\/\/noticiasemdestaque.com\/cd\/wp-content\/uploads\/2017\/10\/Prefeitura-735x450.jpg","type":"image\/jpeg"}],"author":"Not\u00edcias em Destaque","twitter_card":"summary_large_image","twitter_misc":{"Escrito por":"Not\u00edcias em Destaque","Est. tempo de leitura":"3 minutos"},"schema":{"@context":"https:\/\/schema.org","@graph":[{"@type":"Article","@id":"https:\/\/noticiasemdestaque.com\/cd\/?p=5222#article","isPartOf":{"@id":"https:\/\/noticiasemdestaque.com\/cd\/?p=5222"},"author":{"name":"Not\u00edcias em Destaque","@id":"https:\/\/noticiasemdestaque.com\/cd\/#\/schema\/person\/21320b03a7e8bb90128938dafc9b908a"},"headline":"Prefeitura de Sum\u00e9 incentiva ensino t\u00e9cnico profissionalizante, superior e est\u00e1gio remunerado","datePublished":"2017-10-17T17:07:31+00:00","mainEntityOfPage":{"@id":"https:\/\/noticiasemdestaque.com\/cd\/?p=5222"},"wordCount":629,"publisher":{"@id":"https:\/\/noticiasemdestaque.com\/cd\/#organization"},"image":{"@id":"https:\/\/noticiasemdestaque.com\/cd\/?p=5222#primaryimage"},"thumbnailUrl":"https:\/\/noticiasemdestaque.com\/cd\/wp-content\/uploads\/2017\/10\/Prefeitura-735x450.jpg","articleSection":["Pol\u00edtica"],"inLanguage":"pt-BR"},{"@type":"WebPage","@id":"https:\/\/noticiasemdestaque.com\/cd\/?p=5222","url":"https:\/\/noticiasemdestaque.com\/cd\/?p=5222","name":"Prefeitura de Sum\u00e9 incentiva ensino t\u00e9cnico profissionalizante, superior e est\u00e1gio remunerado - Not&iacute;cias em Destaque","isPartOf":{"@id":"https:\/\/noticiasemdestaque.com\/cd\/#website"},"primaryImageOfPage":{"@id":"https:\/\/noticiasemdestaque.com\/cd\/?p=5222#primaryimage"},"image":{"@id":"https:\/\/noticiasemdestaque.com\/cd\/?p=5222#primaryimage"},"thumbnailUrl":"https:\/\/noticiasemdestaque.com\/cd\/wp-content\/uploads\/2017\/10\/Prefeitura-735x450.jpg","datePublished":"2017-10-17T17:07:31+00:00","breadcrumb":{"@id":"https:\/\/noticiasemdestaque.com\/cd\/?p=5222#breadcrumb"},"inLanguage":"pt-BR","potentialAction":[{"@type":"ReadAction","target":["https:\/\/noticiasemdestaque.com\/cd\/?p=5222"]}]},{"@type":"ImageObject","inLanguage":"pt-BR","@id":"https:\/\/noticiasemdestaque.com\/cd\/?p=5222#primaryimage","url":"https:\/\/noticiasemdestaque.com\/cd\/wp-content\/uploads\/2017\/10\/Prefeitura-735x450.jpg","contentUrl":"https:\/\/noticiasemdestaque.com\/cd\/wp-content\/uploads\/2017\/10\/Prefeitura-735x450.jpg","width":735,"height":450},{"@type":"BreadcrumbList","@id":"https:\/\/noticiasemdestaque.com\/cd\/?p=5222#breadcrumb","itemListElement":[{"@type":"ListItem","position":1,"name":"In\u00edcio","item":"https:\/\/noticiasemdestaque.com\/cd\/"},{"@type":"ListItem","position":2,"name":"Prefeitura de Sum\u00e9 incentiva ensino t\u00e9cnico profissionalizante, superior e est\u00e1gio remunerado"}]},{"@type":"WebSite","@id":"https:\/\/noticiasemdestaque.com\/cd\/#website","url":"https:\/\/noticiasemdestaque.com\/cd\/","name":"Not&iacute;cias em Destaque","description":"","publisher":{"@id":"https:\/\/noticiasemdestaque.com\/cd\/#organization"},"potentialAction":[{"@type":"SearchAction","target":{"@type":"EntryPoint","urlTemplate":"https:\/\/noticiasemdestaque.com\/cd\/?s={search_term_string}"},"query-input":{"@type":"PropertyValueSpecification","valueRequired":true,"valueName":"search_term_string"}}],"inLanguage":"pt-BR"},{"@type":"Organization","@id":"https:\/\/noticiasemdestaque.com\/cd\/#organization","name":"Not\u00edcias em Destaque","url":"https:\/\/noticiasemdestaque.com\/cd\/","logo":{"@type":"ImageObject","inLanguage":"pt-BR","@id":"https:\/\/noticiasemdestaque.com\/cd\/#\/schema\/logo\/image\/","url":"https:\/\/noticiasemdestaque.com\/cd\/wp-content\/uploads\/2022\/05\/imagem-base-noticiasemdestaque.png","contentUrl":"https:\/\/noticiasemdestaque.com\/cd\/wp-content\/uploads\/2022\/05\/imagem-base-noticiasemdestaque.png","width":1200,"height":630,"caption":"Not\u00edcias em Destaque"},"image":{"@id":"https:\/\/noticiasemdestaque.com\/cd\/#\/schema\/logo\/image\/"}},{"@type":"Person","@id":"https:\/\/noticiasemdestaque.com\/cd\/#\/schema\/person\/21320b03a7e8bb90128938dafc9b908a","name":"Not\u00edcias em Destaque","url":"https:\/\/noticiasemdestaque.com\/cd\/?author=2"}]}},"jetpack_featured_media_url":"https:\/\/noticiasemdestaque.com\/cd\/wp-content\/uploads\/2017\/10\/Prefeitura-735x450.jpg","jetpack_sharing_enabled":true,"_links":{"self":[{"href":"https:\/\/noticiasemdestaque.com\/cd\/index.php?rest_route=\/wp\/v2\/posts\/5222","targetHints":{"allow":["GET"]}}],"collection":[{"href":"https:\/\/noticiasemdestaque.com\/cd\/index.php?rest_route=\/wp\/v2\/posts"}],"about":[{"href":"https:\/\/noticiasemdestaque.com\/cd\/index.php?rest_route=\/wp\/v2\/types\/post"}],"author":[{"embeddable":true,"href":"https:\/\/noticiasemdestaque.com\/cd\/index.php?rest_route=\/wp\/v2\/users\/2"}],"replies":[{"embeddable":true,"href":"https:\/\/noticiasemdestaque.com\/cd\/index.php?rest_route=%2Fwp%2Fv2%2Fcomments&post=5222"}],"version-history":[{"count":1,"href":"https:\/\/noticiasemdestaque.com\/cd\/index.php?rest_route=\/wp\/v2\/posts\/5222\/revisions"}],"predecessor-version":[{"id":5224,"href":"https:\/\/noticiasemdestaque.com\/cd\/index.php?rest_route=\/wp\/v2\/posts\/5222\/revisions\/5224"}],"wp:featuredmedia":[{"embeddable":true,"href":"https:\/\/noticiasemdestaque.com\/cd\/index.php?rest_route=\/wp\/v2\/media\/5223"}],"wp:attachment":[{"href":"https:\/\/noticiasemdestaque.com\/cd\/index.php?rest_route=%2Fwp%2Fv2%2Fmedia&parent=5222"}],"wp:term":[{"taxonomy":"category","embeddable":true,"href":"https:\/\/noticiasemdestaque.com\/cd\/index.php?rest_route=%2Fwp%2Fv2%2Fcategories&post=5222"},{"taxonomy":"post_tag","embeddable":true,"href":"https:\/\/noticiasemdestaque.com\/cd\/index.php?rest_route=%2Fwp%2Fv2%2Ftags&post=5222"}],"curies":[{"name":"wp","href":"https:\/\/api.w.org\/{rel}","templated":true}]}}