{"id":52218,"date":"2023-10-19T08:11:12","date_gmt":"2023-10-19T11:11:12","guid":{"rendered":"https:\/\/noticiasemdestaque.com\/cd\/?p=52218"},"modified":"2023-10-19T08:11:12","modified_gmt":"2023-10-19T11:11:12","slug":"pf-cumpre-14-mandados-em-nova-fase-de-operacao-contra-extracao-ilegal-de-minerio","status":"publish","type":"post","link":"https:\/\/noticiasemdestaque.com\/cd\/?p=52218","title":{"rendered":"PF cumpre 14 mandados em nova fase de opera\u00e7\u00e3o contra extra\u00e7\u00e3o ilegal de min\u00e9rio"},"content":{"rendered":"<p><a href=\"https:\/\/noticiasemdestaque.com\/cd\/wp-content\/uploads\/2023\/10\/00.jpeg\"><img fetchpriority=\"high\" decoding=\"async\" class=\"size-medium wp-image-52219 aligncenter\" src=\"https:\/\/noticiasemdestaque.com\/cd\/wp-content\/uploads\/2023\/10\/00-225x300.jpeg\" alt=\"\" width=\"225\" height=\"300\" srcset=\"https:\/\/noticiasemdestaque.com\/cd\/wp-content\/uploads\/2023\/10\/00-225x300.jpeg 225w, https:\/\/noticiasemdestaque.com\/cd\/wp-content\/uploads\/2023\/10\/00-9x12.jpeg 9w, https:\/\/noticiasemdestaque.com\/cd\/wp-content\/uploads\/2023\/10\/00.jpeg 600w\" sizes=\"(max-width: 225px) 100vw, 225px\" \/><\/a><\/p>\n<p>A Pol\u00edcia Federal deflagrou na manh\u00e3 desta quinta-feira (19) a segunda parte da \u201cOpera\u00e7\u00e3o Bentonita II\u201d, que tem por objetivo combater a extra\u00e7\u00e3o e comercializa\u00e7\u00e3o ilegal do min\u00e9rio que d\u00e1 nome \u00e0 a\u00e7\u00e3o.<\/p>\n<p>Foram expedidos outros 14 mandados de busca e apreens\u00e3o, expedidos pela 4\u00aa Vara da Justi\u00e7a Federal em Campina Grande, totalizando 28 medidas cautelares.<\/p>\n<p>As ordens judiciais foram cumpridas nas cidades de Campina Grande e Olivedos, na Para\u00edba.<\/p>\n<p>A a\u00e7\u00e3o visa coibir a extra\u00e7\u00e3o ilegal do min\u00e9rio bentonita no estado, sua venda para empresas beneficiadoras e posterior revenda no pa\u00eds a um pre\u00e7o bem abaixo do valor de mercado.<\/p>\n<p>Os investigados responder\u00e3o pelos crimes de extra\u00e7\u00e3o\/explora\u00e7\u00e3o de mineral\/mat\u00e9ria-prima da Uni\u00e3o, com posterior lavagem de ativos e poss\u00edvel organiza\u00e7\u00e3o criminosa.<\/p>\n<p>Fonte: MaisPB<\/p>\n<p>&nbsp;<\/p>\n","protected":false},"excerpt":{"rendered":"<p>A Pol\u00edcia Federal deflagrou na manh\u00e3 desta quinta-feira (19) a segunda parte da \u201cOpera\u00e7\u00e3o Bentonita II\u201d, que tem por objetivo combater a extra\u00e7\u00e3o e comercializa\u00e7\u00e3o ilegal do min\u00e9rio que d\u00e1 nome \u00e0 a\u00e7\u00e3o. Foram expedidos outros 14 mandados de busca e apreens\u00e3o, expedidos pela 4\u00aa Vara da Justi\u00e7a Federal em Campina Grande, totalizando 28 medidas cautelares. As ordens judiciais foram cumpridas nas cidades de Campina Grande e Olivedos, na Para\u00edba. A a\u00e7\u00e3o visa coibir a extra\u00e7\u00e3o ilegal do min\u00e9rio bentonita no estado, sua venda para empresas beneficiadoras e posterior revenda no pa\u00eds a um pre\u00e7o bem abaixo do valor de mercado. Os investigados responder\u00e3o pelos crimes de extra\u00e7\u00e3o\/explora\u00e7\u00e3o de mineral\/mat\u00e9ria-prima da Uni\u00e3o, com posterior lavagem de ativos e poss\u00edvel organiza\u00e7\u00e3o criminosa. Fonte: MaisPB &nbsp;<\/p>\n","protected":false},"author":2,"featured_media":52219,"comment_status":"closed","ping_status":"open","sticky":false,"template":"","format":"standard","meta":{"_eb_attr":"","_jetpack_memberships_contains_paid_content":false,"footnotes":""},"categories":[20],"tags":[],"class_list":["post-52218","post","type-post","status-publish","format-standard","has-post-thumbnail","hentry","category-policia"],"yoast_head":"<!-- This site is optimized with the Yoast SEO plugin v26.5 - https:\/\/yoast.com\/wordpress\/plugins\/seo\/ -->\n<title>PF cumpre 14 mandados em nova fase de opera\u00e7\u00e3o contra extra\u00e7\u00e3o ilegal de min\u00e9rio - Not&iacute;cias em Destaque<\/title>\n<meta name=\"robots\" content=\"index, follow, max-snippet:-1, max-image-preview:large, max-video-preview:-1\" \/>\n<link rel=\"canonical\" href=\"https:\/\/noticiasemdestaque.com\/cd\/?p=52218\" \/>\n<meta property=\"og:locale\" content=\"pt_BR\" \/>\n<meta property=\"og:type\" content=\"article\" \/>\n<meta property=\"og:title\" content=\"PF cumpre 14 mandados em nova fase de opera\u00e7\u00e3o contra extra\u00e7\u00e3o ilegal de min\u00e9rio - Not&iacute;cias em Destaque\" \/>\n<meta property=\"og:description\" content=\"A Pol\u00edcia Federal deflagrou na manh\u00e3 desta quinta-feira (19) a segunda parte da \u201cOpera\u00e7\u00e3o Bentonita II\u201d, que tem por objetivo combater a extra\u00e7\u00e3o e comercializa\u00e7\u00e3o ilegal do min\u00e9rio que d\u00e1 nome \u00e0 a\u00e7\u00e3o. Foram expedidos outros 14 mandados de busca e apreens\u00e3o, expedidos pela 4\u00aa Vara da Justi\u00e7a Federal em Campina Grande, totalizando 28 medidas cautelares. As ordens judiciais foram cumpridas nas cidades de Campina Grande e Olivedos, na Para\u00edba. A a\u00e7\u00e3o visa coibir a extra\u00e7\u00e3o ilegal do min\u00e9rio bentonita no estado, sua venda para empresas beneficiadoras e posterior revenda no pa\u00eds a um pre\u00e7o bem abaixo do valor de mercado. Os investigados responder\u00e3o pelos crimes de extra\u00e7\u00e3o\/explora\u00e7\u00e3o de mineral\/mat\u00e9ria-prima da Uni\u00e3o, com posterior lavagem de ativos e poss\u00edvel organiza\u00e7\u00e3o criminosa. Fonte: MaisPB &nbsp;\" \/>\n<meta property=\"og:url\" content=\"https:\/\/noticiasemdestaque.com\/cd\/?p=52218\" \/>\n<meta property=\"og:site_name\" content=\"Not&iacute;cias em Destaque\" \/>\n<meta property=\"article:published_time\" content=\"2023-10-19T11:11:12+00:00\" \/>\n<meta property=\"og:image\" content=\"https:\/\/noticiasemdestaque.com\/cd\/wp-content\/uploads\/2023\/10\/00.jpeg\" \/>\n\t<meta property=\"og:image:width\" content=\"600\" \/>\n\t<meta property=\"og:image:height\" content=\"800\" \/>\n\t<meta property=\"og:image:type\" content=\"image\/jpeg\" \/>\n<meta name=\"author\" content=\"Not\u00edcias em Destaque\" \/>\n<meta name=\"twitter:card\" content=\"summary_large_image\" \/>\n<meta name=\"twitter:label1\" content=\"Escrito por\" \/>\n\t<meta name=\"twitter:data1\" content=\"Not\u00edcias em Destaque\" \/>\n\t<meta name=\"twitter:label2\" content=\"Est. tempo de leitura\" \/>\n\t<meta name=\"twitter:data2\" content=\"1 minuto\" \/>\n<script type=\"application\/ld+json\" class=\"yoast-schema-graph\">{\"@context\":\"https:\/\/schema.org\",\"@graph\":[{\"@type\":\"Article\",\"@id\":\"https:\/\/noticiasemdestaque.com\/cd\/?p=52218#article\",\"isPartOf\":{\"@id\":\"https:\/\/noticiasemdestaque.com\/cd\/?p=52218\"},\"author\":{\"name\":\"Not\u00edcias em Destaque\",\"@id\":\"https:\/\/noticiasemdestaque.com\/cd\/#\/schema\/person\/47f7d4f55eec17c6b2ca036c5500f6ce\"},\"headline\":\"PF cumpre 14 mandados em nova fase de opera\u00e7\u00e3o contra extra\u00e7\u00e3o ilegal de min\u00e9rio\",\"datePublished\":\"2023-10-19T11:11:12+00:00\",\"mainEntityOfPage\":{\"@id\":\"https:\/\/noticiasemdestaque.com\/cd\/?p=52218\"},\"wordCount\":158,\"publisher\":{\"@id\":\"https:\/\/noticiasemdestaque.com\/cd\/#organization\"},\"image\":{\"@id\":\"https:\/\/noticiasemdestaque.com\/cd\/?p=52218#primaryimage\"},\"thumbnailUrl\":\"https:\/\/noticiasemdestaque.com\/cd\/wp-content\/uploads\/2023\/10\/00.jpeg\",\"articleSection\":[\"Pol\u00edcia\"],\"inLanguage\":\"pt-BR\"},{\"@type\":\"WebPage\",\"@id\":\"https:\/\/noticiasemdestaque.com\/cd\/?p=52218\",\"url\":\"https:\/\/noticiasemdestaque.com\/cd\/?p=52218\",\"name\":\"PF cumpre 14 mandados em nova fase de opera\u00e7\u00e3o contra extra\u00e7\u00e3o ilegal de min\u00e9rio - Not&iacute;cias em Destaque\",\"isPartOf\":{\"@id\":\"https:\/\/noticiasemdestaque.com\/cd\/#website\"},\"primaryImageOfPage\":{\"@id\":\"https:\/\/noticiasemdestaque.com\/cd\/?p=52218#primaryimage\"},\"image\":{\"@id\":\"https:\/\/noticiasemdestaque.com\/cd\/?p=52218#primaryimage\"},\"thumbnailUrl\":\"https:\/\/noticiasemdestaque.com\/cd\/wp-content\/uploads\/2023\/10\/00.jpeg\",\"datePublished\":\"2023-10-19T11:11:12+00:00\",\"breadcrumb\":{\"@id\":\"https:\/\/noticiasemdestaque.com\/cd\/?p=52218#breadcrumb\"},\"inLanguage\":\"pt-BR\",\"potentialAction\":[{\"@type\":\"ReadAction\",\"target\":[\"https:\/\/noticiasemdestaque.com\/cd\/?p=52218\"]}]},{\"@type\":\"ImageObject\",\"inLanguage\":\"pt-BR\",\"@id\":\"https:\/\/noticiasemdestaque.com\/cd\/?p=52218#primaryimage\",\"url\":\"https:\/\/noticiasemdestaque.com\/cd\/wp-content\/uploads\/2023\/10\/00.jpeg\",\"contentUrl\":\"https:\/\/noticiasemdestaque.com\/cd\/wp-content\/uploads\/2023\/10\/00.jpeg\",\"width\":600,\"height\":800},{\"@type\":\"BreadcrumbList\",\"@id\":\"https:\/\/noticiasemdestaque.com\/cd\/?p=52218#breadcrumb\",\"itemListElement\":[{\"@type\":\"ListItem\",\"position\":1,\"name\":\"In\u00edcio\",\"item\":\"https:\/\/noticiasemdestaque.com\/cd\/\"},{\"@type\":\"ListItem\",\"position\":2,\"name\":\"PF cumpre 14 mandados em nova fase de opera\u00e7\u00e3o contra extra\u00e7\u00e3o ilegal de min\u00e9rio\"}]},{\"@type\":\"WebSite\",\"@id\":\"https:\/\/noticiasemdestaque.com\/cd\/#website\",\"url\":\"https:\/\/noticiasemdestaque.com\/cd\/\",\"name\":\"Not&iacute;cias em Destaque\",\"description\":\"\",\"publisher\":{\"@id\":\"https:\/\/noticiasemdestaque.com\/cd\/#organization\"},\"potentialAction\":[{\"@type\":\"SearchAction\",\"target\":{\"@type\":\"EntryPoint\",\"urlTemplate\":\"https:\/\/noticiasemdestaque.com\/cd\/?s={search_term_string}\"},\"query-input\":{\"@type\":\"PropertyValueSpecification\",\"valueRequired\":true,\"valueName\":\"search_term_string\"}}],\"inLanguage\":\"pt-BR\"},{\"@type\":\"Organization\",\"@id\":\"https:\/\/noticiasemdestaque.com\/cd\/#organization\",\"name\":\"Not\u00edcias em Destaque\",\"url\":\"https:\/\/noticiasemdestaque.com\/cd\/\",\"logo\":{\"@type\":\"ImageObject\",\"inLanguage\":\"pt-BR\",\"@id\":\"https:\/\/noticiasemdestaque.com\/cd\/#\/schema\/logo\/image\/\",\"url\":\"https:\/\/noticiasemdestaque.com\/cd\/wp-content\/uploads\/2022\/05\/imagem-base-noticiasemdestaque.png\",\"contentUrl\":\"https:\/\/noticiasemdestaque.com\/cd\/wp-content\/uploads\/2022\/05\/imagem-base-noticiasemdestaque.png\",\"width\":1200,\"height\":630,\"caption\":\"Not\u00edcias em Destaque\"},\"image\":{\"@id\":\"https:\/\/noticiasemdestaque.com\/cd\/#\/schema\/logo\/image\/\"}},{\"@type\":\"Person\",\"@id\":\"https:\/\/noticiasemdestaque.com\/cd\/#\/schema\/person\/47f7d4f55eec17c6b2ca036c5500f6ce\",\"name\":\"Not\u00edcias em Destaque\",\"url\":\"https:\/\/noticiasemdestaque.com\/cd\/?author=2\"}]}<\/script>\n<!-- \/ Yoast SEO plugin. -->","yoast_head_json":{"title":"PF cumpre 14 mandados em nova fase de opera\u00e7\u00e3o contra extra\u00e7\u00e3o ilegal de min\u00e9rio - Not&iacute;cias em Destaque","robots":{"index":"index","follow":"follow","max-snippet":"max-snippet:-1","max-image-preview":"max-image-preview:large","max-video-preview":"max-video-preview:-1"},"canonical":"https:\/\/noticiasemdestaque.com\/cd\/?p=52218","og_locale":"pt_BR","og_type":"article","og_title":"PF cumpre 14 mandados em nova fase de opera\u00e7\u00e3o contra extra\u00e7\u00e3o ilegal de min\u00e9rio - Not&iacute;cias em Destaque","og_description":"A Pol\u00edcia Federal deflagrou na manh\u00e3 desta quinta-feira (19) a segunda parte da \u201cOpera\u00e7\u00e3o Bentonita II\u201d, que tem por objetivo combater a extra\u00e7\u00e3o e comercializa\u00e7\u00e3o ilegal do min\u00e9rio que d\u00e1 nome \u00e0 a\u00e7\u00e3o. Foram expedidos outros 14 mandados de busca e apreens\u00e3o, expedidos pela 4\u00aa Vara da Justi\u00e7a Federal em Campina Grande, totalizando 28 medidas cautelares. As ordens judiciais foram cumpridas nas cidades de Campina Grande e Olivedos, na Para\u00edba. A a\u00e7\u00e3o visa coibir a extra\u00e7\u00e3o ilegal do min\u00e9rio bentonita no estado, sua venda para empresas beneficiadoras e posterior revenda no pa\u00eds a um pre\u00e7o bem abaixo do valor de mercado. Os investigados responder\u00e3o pelos crimes de extra\u00e7\u00e3o\/explora\u00e7\u00e3o de mineral\/mat\u00e9ria-prima da Uni\u00e3o, com posterior lavagem de ativos e poss\u00edvel organiza\u00e7\u00e3o criminosa. Fonte: MaisPB &nbsp;","og_url":"https:\/\/noticiasemdestaque.com\/cd\/?p=52218","og_site_name":"Not&iacute;cias em Destaque","article_published_time":"2023-10-19T11:11:12+00:00","og_image":[{"width":600,"height":800,"url":"https:\/\/noticiasemdestaque.com\/cd\/wp-content\/uploads\/2023\/10\/00.jpeg","type":"image\/jpeg"}],"author":"Not\u00edcias em Destaque","twitter_card":"summary_large_image","twitter_misc":{"Escrito por":"Not\u00edcias em Destaque","Est. tempo de leitura":"1 minuto"},"schema":{"@context":"https:\/\/schema.org","@graph":[{"@type":"Article","@id":"https:\/\/noticiasemdestaque.com\/cd\/?p=52218#article","isPartOf":{"@id":"https:\/\/noticiasemdestaque.com\/cd\/?p=52218"},"author":{"name":"Not\u00edcias em Destaque","@id":"https:\/\/noticiasemdestaque.com\/cd\/#\/schema\/person\/47f7d4f55eec17c6b2ca036c5500f6ce"},"headline":"PF cumpre 14 mandados em nova fase de opera\u00e7\u00e3o contra extra\u00e7\u00e3o ilegal de min\u00e9rio","datePublished":"2023-10-19T11:11:12+00:00","mainEntityOfPage":{"@id":"https:\/\/noticiasemdestaque.com\/cd\/?p=52218"},"wordCount":158,"publisher":{"@id":"https:\/\/noticiasemdestaque.com\/cd\/#organization"},"image":{"@id":"https:\/\/noticiasemdestaque.com\/cd\/?p=52218#primaryimage"},"thumbnailUrl":"https:\/\/noticiasemdestaque.com\/cd\/wp-content\/uploads\/2023\/10\/00.jpeg","articleSection":["Pol\u00edcia"],"inLanguage":"pt-BR"},{"@type":"WebPage","@id":"https:\/\/noticiasemdestaque.com\/cd\/?p=52218","url":"https:\/\/noticiasemdestaque.com\/cd\/?p=52218","name":"PF cumpre 14 mandados em nova fase de opera\u00e7\u00e3o contra extra\u00e7\u00e3o ilegal de min\u00e9rio - Not&iacute;cias em Destaque","isPartOf":{"@id":"https:\/\/noticiasemdestaque.com\/cd\/#website"},"primaryImageOfPage":{"@id":"https:\/\/noticiasemdestaque.com\/cd\/?p=52218#primaryimage"},"image":{"@id":"https:\/\/noticiasemdestaque.com\/cd\/?p=52218#primaryimage"},"thumbnailUrl":"https:\/\/noticiasemdestaque.com\/cd\/wp-content\/uploads\/2023\/10\/00.jpeg","datePublished":"2023-10-19T11:11:12+00:00","breadcrumb":{"@id":"https:\/\/noticiasemdestaque.com\/cd\/?p=52218#breadcrumb"},"inLanguage":"pt-BR","potentialAction":[{"@type":"ReadAction","target":["https:\/\/noticiasemdestaque.com\/cd\/?p=52218"]}]},{"@type":"ImageObject","inLanguage":"pt-BR","@id":"https:\/\/noticiasemdestaque.com\/cd\/?p=52218#primaryimage","url":"https:\/\/noticiasemdestaque.com\/cd\/wp-content\/uploads\/2023\/10\/00.jpeg","contentUrl":"https:\/\/noticiasemdestaque.com\/cd\/wp-content\/uploads\/2023\/10\/00.jpeg","width":600,"height":800},{"@type":"BreadcrumbList","@id":"https:\/\/noticiasemdestaque.com\/cd\/?p=52218#breadcrumb","itemListElement":[{"@type":"ListItem","position":1,"name":"In\u00edcio","item":"https:\/\/noticiasemdestaque.com\/cd\/"},{"@type":"ListItem","position":2,"name":"PF cumpre 14 mandados em nova fase de opera\u00e7\u00e3o contra extra\u00e7\u00e3o ilegal de min\u00e9rio"}]},{"@type":"WebSite","@id":"https:\/\/noticiasemdestaque.com\/cd\/#website","url":"https:\/\/noticiasemdestaque.com\/cd\/","name":"Not&iacute;cias em Destaque","description":"","publisher":{"@id":"https:\/\/noticiasemdestaque.com\/cd\/#organization"},"potentialAction":[{"@type":"SearchAction","target":{"@type":"EntryPoint","urlTemplate":"https:\/\/noticiasemdestaque.com\/cd\/?s={search_term_string}"},"query-input":{"@type":"PropertyValueSpecification","valueRequired":true,"valueName":"search_term_string"}}],"inLanguage":"pt-BR"},{"@type":"Organization","@id":"https:\/\/noticiasemdestaque.com\/cd\/#organization","name":"Not\u00edcias em Destaque","url":"https:\/\/noticiasemdestaque.com\/cd\/","logo":{"@type":"ImageObject","inLanguage":"pt-BR","@id":"https:\/\/noticiasemdestaque.com\/cd\/#\/schema\/logo\/image\/","url":"https:\/\/noticiasemdestaque.com\/cd\/wp-content\/uploads\/2022\/05\/imagem-base-noticiasemdestaque.png","contentUrl":"https:\/\/noticiasemdestaque.com\/cd\/wp-content\/uploads\/2022\/05\/imagem-base-noticiasemdestaque.png","width":1200,"height":630,"caption":"Not\u00edcias em Destaque"},"image":{"@id":"https:\/\/noticiasemdestaque.com\/cd\/#\/schema\/logo\/image\/"}},{"@type":"Person","@id":"https:\/\/noticiasemdestaque.com\/cd\/#\/schema\/person\/47f7d4f55eec17c6b2ca036c5500f6ce","name":"Not\u00edcias em Destaque","url":"https:\/\/noticiasemdestaque.com\/cd\/?author=2"}]}},"jetpack_featured_media_url":"https:\/\/noticiasemdestaque.com\/cd\/wp-content\/uploads\/2023\/10\/00.jpeg","jetpack_sharing_enabled":true,"_links":{"self":[{"href":"https:\/\/noticiasemdestaque.com\/cd\/index.php?rest_route=\/wp\/v2\/posts\/52218","targetHints":{"allow":["GET"]}}],"collection":[{"href":"https:\/\/noticiasemdestaque.com\/cd\/index.php?rest_route=\/wp\/v2\/posts"}],"about":[{"href":"https:\/\/noticiasemdestaque.com\/cd\/index.php?rest_route=\/wp\/v2\/types\/post"}],"author":[{"embeddable":true,"href":"https:\/\/noticiasemdestaque.com\/cd\/index.php?rest_route=\/wp\/v2\/users\/2"}],"replies":[{"embeddable":true,"href":"https:\/\/noticiasemdestaque.com\/cd\/index.php?rest_route=%2Fwp%2Fv2%2Fcomments&post=52218"}],"version-history":[{"count":1,"href":"https:\/\/noticiasemdestaque.com\/cd\/index.php?rest_route=\/wp\/v2\/posts\/52218\/revisions"}],"predecessor-version":[{"id":52220,"href":"https:\/\/noticiasemdestaque.com\/cd\/index.php?rest_route=\/wp\/v2\/posts\/52218\/revisions\/52220"}],"wp:featuredmedia":[{"embeddable":true,"href":"https:\/\/noticiasemdestaque.com\/cd\/index.php?rest_route=\/wp\/v2\/media\/52219"}],"wp:attachment":[{"href":"https:\/\/noticiasemdestaque.com\/cd\/index.php?rest_route=%2Fwp%2Fv2%2Fmedia&parent=52218"}],"wp:term":[{"taxonomy":"category","embeddable":true,"href":"https:\/\/noticiasemdestaque.com\/cd\/index.php?rest_route=%2Fwp%2Fv2%2Fcategories&post=52218"},{"taxonomy":"post_tag","embeddable":true,"href":"https:\/\/noticiasemdestaque.com\/cd\/index.php?rest_route=%2Fwp%2Fv2%2Ftags&post=52218"}],"curies":[{"name":"wp","href":"https:\/\/api.w.org\/{rel}","templated":true}]}}