{"id":52207,"date":"2023-10-18T18:00:40","date_gmt":"2023-10-18T21:00:40","guid":{"rendered":"https:\/\/noticiasemdestaque.com\/cd\/?p=52207"},"modified":"2023-10-18T18:00:40","modified_gmt":"2023-10-18T21:00:40","slug":"confira-os-destaques-da-sessao-da-camara-de-vereadores-de-sume","status":"publish","type":"post","link":"https:\/\/noticiasemdestaque.com\/cd\/?p=52207","title":{"rendered":"Confira os destaques da sess\u00e3o da C\u00e2mara de Vereadores de Sum\u00e9"},"content":{"rendered":"<p><a href=\"https:\/\/noticiasemdestaque.com\/cd\/wp-content\/uploads\/2023\/10\/WhatsApp-Image-2023-10-18-at-16.16.23-2.jpeg\"><img fetchpriority=\"high\" decoding=\"async\" class=\" wp-image-52210 aligncenter\" src=\"https:\/\/noticiasemdestaque.com\/cd\/wp-content\/uploads\/2023\/10\/WhatsApp-Image-2023-10-18-at-16.16.23-2-300x199.jpeg\" alt=\"\" width=\"794\" height=\"527\" srcset=\"https:\/\/noticiasemdestaque.com\/cd\/wp-content\/uploads\/2023\/10\/WhatsApp-Image-2023-10-18-at-16.16.23-2-300x199.jpeg 300w, https:\/\/noticiasemdestaque.com\/cd\/wp-content\/uploads\/2023\/10\/WhatsApp-Image-2023-10-18-at-16.16.23-2-1024x680.jpeg 1024w, https:\/\/noticiasemdestaque.com\/cd\/wp-content\/uploads\/2023\/10\/WhatsApp-Image-2023-10-18-at-16.16.23-2-768x510.jpeg 768w, https:\/\/noticiasemdestaque.com\/cd\/wp-content\/uploads\/2023\/10\/WhatsApp-Image-2023-10-18-at-16.16.23-2-1536x1020.jpeg 1536w, https:\/\/noticiasemdestaque.com\/cd\/wp-content\/uploads\/2023\/10\/WhatsApp-Image-2023-10-18-at-16.16.23-2-18x12.jpeg 18w, https:\/\/noticiasemdestaque.com\/cd\/wp-content\/uploads\/2023\/10\/WhatsApp-Image-2023-10-18-at-16.16.23-2.jpeg 1600w\" sizes=\"(max-width: 794px) 100vw, 794px\" \/><\/a><\/p>\n<p>Aconteceu na noite desta ter\u00e7a-feira (17), a sess\u00e3o da C\u00e2mara de Vereadores de Sum\u00e9, os vereadores discutiram diversos assuntos de interesse do munic\u00edpio.<\/p>\n<p>O vereador Daniel L\u00eala apresentou requerimento solicitando a reativa\u00e7\u00e3o do po\u00e7o no S\u00edtio Formigueiro, fazendo adutora para os S\u00edtios Maracaj\u00e1 e Serrote Verde. Em sua justificativa, Daniel afirmou que a reativa\u00e7\u00e3o deste po\u00e7o trar\u00e1 uma seguran\u00e7a h\u00eddrica para as comunidades.<\/p>\n<p><a href=\"https:\/\/noticiasemdestaque.com\/cd\/wp-content\/uploads\/2023\/10\/WhatsApp-Image-2023-10-18-at-16.16.23.jpeg\"><img decoding=\"async\" class=\" wp-image-52208 aligncenter\" src=\"https:\/\/noticiasemdestaque.com\/cd\/wp-content\/uploads\/2023\/10\/WhatsApp-Image-2023-10-18-at-16.16.23-300x268.jpeg\" alt=\"\" width=\"528\" height=\"472\" srcset=\"https:\/\/noticiasemdestaque.com\/cd\/wp-content\/uploads\/2023\/10\/WhatsApp-Image-2023-10-18-at-16.16.23-300x268.jpeg 300w, https:\/\/noticiasemdestaque.com\/cd\/wp-content\/uploads\/2023\/10\/WhatsApp-Image-2023-10-18-at-16.16.23-1024x916.jpeg 1024w, https:\/\/noticiasemdestaque.com\/cd\/wp-content\/uploads\/2023\/10\/WhatsApp-Image-2023-10-18-at-16.16.23-768x687.jpeg 768w, https:\/\/noticiasemdestaque.com\/cd\/wp-content\/uploads\/2023\/10\/WhatsApp-Image-2023-10-18-at-16.16.23-1536x1374.jpeg 1536w, https:\/\/noticiasemdestaque.com\/cd\/wp-content\/uploads\/2023\/10\/WhatsApp-Image-2023-10-18-at-16.16.23-13x12.jpeg 13w, https:\/\/noticiasemdestaque.com\/cd\/wp-content\/uploads\/2023\/10\/WhatsApp-Image-2023-10-18-at-16.16.23.jpeg 1600w\" sizes=\"(max-width: 528px) 100vw, 528px\" \/><\/a><\/p>\n<p>Os vereadores aprovaram o projeto de lei 658\/2023, de autoria do Poder Executivo, que denomina de N\u00fabia Ver\u00f4nica de Lima, \u00e0s instala\u00e7\u00f5es da Farm\u00e1cia B\u00e1sica do Munic\u00edpio.<\/p>\n<p>A sess\u00e3o contou com a presen\u00e7a de Valdemir Lucena, procurador do munic\u00edpio, que tirou d\u00favidas dos vereadores sobre projetos de autoria do Poder Executivo que est\u00e3o em tramita\u00e7\u00e3o na Casa C\u00edcero Soares.<\/p>\n<p><a href=\"https:\/\/noticiasemdestaque.com\/cd\/wp-content\/uploads\/2023\/10\/WhatsApp-Image-2023-10-18-at-16.16.23-1.jpeg\"><img decoding=\"async\" class=\" wp-image-52209 aligncenter\" src=\"https:\/\/noticiasemdestaque.com\/cd\/wp-content\/uploads\/2023\/10\/WhatsApp-Image-2023-10-18-at-16.16.23-1-300x199.jpeg\" alt=\"\" width=\"595\" height=\"395\" srcset=\"https:\/\/noticiasemdestaque.com\/cd\/wp-content\/uploads\/2023\/10\/WhatsApp-Image-2023-10-18-at-16.16.23-1-300x199.jpeg 300w, https:\/\/noticiasemdestaque.com\/cd\/wp-content\/uploads\/2023\/10\/WhatsApp-Image-2023-10-18-at-16.16.23-1-1024x680.jpeg 1024w, https:\/\/noticiasemdestaque.com\/cd\/wp-content\/uploads\/2023\/10\/WhatsApp-Image-2023-10-18-at-16.16.23-1-768x510.jpeg 768w, https:\/\/noticiasemdestaque.com\/cd\/wp-content\/uploads\/2023\/10\/WhatsApp-Image-2023-10-18-at-16.16.23-1-1536x1020.jpeg 1536w, https:\/\/noticiasemdestaque.com\/cd\/wp-content\/uploads\/2023\/10\/WhatsApp-Image-2023-10-18-at-16.16.23-1-18x12.jpeg 18w, https:\/\/noticiasemdestaque.com\/cd\/wp-content\/uploads\/2023\/10\/WhatsApp-Image-2023-10-18-at-16.16.23-1.jpeg 1600w\" sizes=\"(max-width: 595px) 100vw, 595px\" \/><\/a><\/p>\n<p><strong>Noticias em Destaque<\/strong><\/p>\n<p style=\"text-align: right;\"><em>Fonte: Ascom\/C\u00e2mara<\/em><\/p>\n","protected":false},"excerpt":{"rendered":"<p>Aconteceu na noite desta ter\u00e7a-feira (17), a sess\u00e3o da C\u00e2mara de Vereadores de Sum\u00e9, os vereadores discutiram diversos assuntos de interesse do munic\u00edpio. O vereador Daniel L\u00eala apresentou requerimento solicitando a reativa\u00e7\u00e3o do po\u00e7o no S\u00edtio Formigueiro, fazendo adutora para os S\u00edtios Maracaj\u00e1 e Serrote Verde. Em sua justificativa, Daniel afirmou que a reativa\u00e7\u00e3o deste po\u00e7o trar\u00e1 uma seguran\u00e7a h\u00eddrica para as comunidades. Os vereadores aprovaram o projeto de lei 658\/2023, de autoria do Poder Executivo, que denomina de N\u00fabia Ver\u00f4nica de Lima, \u00e0s instala\u00e7\u00f5es da Farm\u00e1cia B\u00e1sica do Munic\u00edpio. A sess\u00e3o contou com a presen\u00e7a de Valdemir Lucena, procurador do munic\u00edpio, que tirou d\u00favidas dos vereadores sobre projetos de autoria do Poder Executivo que est\u00e3o em tramita\u00e7\u00e3o na Casa C\u00edcero Soares. Noticias em Destaque Fonte: Ascom\/C\u00e2mara<\/p>\n","protected":false},"author":2,"featured_media":52210,"comment_status":"closed","ping_status":"open","sticky":false,"template":"","format":"standard","meta":{"_eb_attr":"","_jetpack_memberships_contains_paid_content":false,"footnotes":""},"categories":[4],"tags":[],"class_list":["post-52207","post","type-post","status-publish","format-standard","has-post-thumbnail","hentry","category-politica"],"yoast_head":"<!-- This site is optimized with the Yoast SEO plugin v26.5 - https:\/\/yoast.com\/wordpress\/plugins\/seo\/ -->\n<title>Confira os destaques da sess\u00e3o da C\u00e2mara de Vereadores de Sum\u00e9 - Not&iacute;cias em Destaque<\/title>\n<meta name=\"robots\" content=\"index, follow, max-snippet:-1, max-image-preview:large, max-video-preview:-1\" \/>\n<link rel=\"canonical\" href=\"https:\/\/noticiasemdestaque.com\/cd\/?p=52207\" \/>\n<meta property=\"og:locale\" content=\"pt_BR\" \/>\n<meta property=\"og:type\" content=\"article\" \/>\n<meta property=\"og:title\" content=\"Confira os destaques da sess\u00e3o da C\u00e2mara de Vereadores de Sum\u00e9 - Not&iacute;cias em Destaque\" \/>\n<meta property=\"og:description\" content=\"Aconteceu na noite desta ter\u00e7a-feira (17), a sess\u00e3o da C\u00e2mara de Vereadores de Sum\u00e9, os vereadores discutiram diversos assuntos de interesse do munic\u00edpio. O vereador Daniel L\u00eala apresentou requerimento solicitando a reativa\u00e7\u00e3o do po\u00e7o no S\u00edtio Formigueiro, fazendo adutora para os S\u00edtios Maracaj\u00e1 e Serrote Verde. Em sua justificativa, Daniel afirmou que a reativa\u00e7\u00e3o deste po\u00e7o trar\u00e1 uma seguran\u00e7a h\u00eddrica para as comunidades. Os vereadores aprovaram o projeto de lei 658\/2023, de autoria do Poder Executivo, que denomina de N\u00fabia Ver\u00f4nica de Lima, \u00e0s instala\u00e7\u00f5es da Farm\u00e1cia B\u00e1sica do Munic\u00edpio. A sess\u00e3o contou com a presen\u00e7a de Valdemir Lucena, procurador do munic\u00edpio, que tirou d\u00favidas dos vereadores sobre projetos de autoria do Poder Executivo que est\u00e3o em tramita\u00e7\u00e3o na Casa C\u00edcero Soares. Noticias em Destaque Fonte: Ascom\/C\u00e2mara\" \/>\n<meta property=\"og:url\" content=\"https:\/\/noticiasemdestaque.com\/cd\/?p=52207\" \/>\n<meta property=\"og:site_name\" content=\"Not&iacute;cias em Destaque\" \/>\n<meta property=\"article:published_time\" content=\"2023-10-18T21:00:40+00:00\" \/>\n<meta property=\"og:image\" content=\"https:\/\/noticiasemdestaque.com\/cd\/wp-content\/uploads\/2023\/10\/WhatsApp-Image-2023-10-18-at-16.16.23-2.jpeg\" \/>\n\t<meta property=\"og:image:width\" content=\"1600\" \/>\n\t<meta property=\"og:image:height\" content=\"1063\" \/>\n\t<meta property=\"og:image:type\" content=\"image\/jpeg\" \/>\n<meta name=\"author\" content=\"Not\u00edcias em Destaque\" \/>\n<meta name=\"twitter:card\" content=\"summary_large_image\" \/>\n<meta name=\"twitter:label1\" content=\"Escrito por\" \/>\n\t<meta name=\"twitter:data1\" content=\"Not\u00edcias em Destaque\" \/>\n\t<meta name=\"twitter:label2\" content=\"Est. tempo de leitura\" \/>\n\t<meta name=\"twitter:data2\" content=\"2 minutos\" \/>\n<script type=\"application\/ld+json\" class=\"yoast-schema-graph\">{\"@context\":\"https:\/\/schema.org\",\"@graph\":[{\"@type\":\"Article\",\"@id\":\"https:\/\/noticiasemdestaque.com\/cd\/?p=52207#article\",\"isPartOf\":{\"@id\":\"https:\/\/noticiasemdestaque.com\/cd\/?p=52207\"},\"author\":{\"name\":\"Not\u00edcias em Destaque\",\"@id\":\"https:\/\/noticiasemdestaque.com\/cd\/#\/schema\/person\/47f7d4f55eec17c6b2ca036c5500f6ce\"},\"headline\":\"Confira os destaques da sess\u00e3o da C\u00e2mara de Vereadores de Sum\u00e9\",\"datePublished\":\"2023-10-18T21:00:40+00:00\",\"mainEntityOfPage\":{\"@id\":\"https:\/\/noticiasemdestaque.com\/cd\/?p=52207\"},\"wordCount\":166,\"publisher\":{\"@id\":\"https:\/\/noticiasemdestaque.com\/cd\/#organization\"},\"image\":{\"@id\":\"https:\/\/noticiasemdestaque.com\/cd\/?p=52207#primaryimage\"},\"thumbnailUrl\":\"https:\/\/noticiasemdestaque.com\/cd\/wp-content\/uploads\/2023\/10\/WhatsApp-Image-2023-10-18-at-16.16.23-2.jpeg\",\"articleSection\":[\"Pol\u00edtica\"],\"inLanguage\":\"pt-BR\"},{\"@type\":\"WebPage\",\"@id\":\"https:\/\/noticiasemdestaque.com\/cd\/?p=52207\",\"url\":\"https:\/\/noticiasemdestaque.com\/cd\/?p=52207\",\"name\":\"Confira os destaques da sess\u00e3o da C\u00e2mara de Vereadores de Sum\u00e9 - Not&iacute;cias em Destaque\",\"isPartOf\":{\"@id\":\"https:\/\/noticiasemdestaque.com\/cd\/#website\"},\"primaryImageOfPage\":{\"@id\":\"https:\/\/noticiasemdestaque.com\/cd\/?p=52207#primaryimage\"},\"image\":{\"@id\":\"https:\/\/noticiasemdestaque.com\/cd\/?p=52207#primaryimage\"},\"thumbnailUrl\":\"https:\/\/noticiasemdestaque.com\/cd\/wp-content\/uploads\/2023\/10\/WhatsApp-Image-2023-10-18-at-16.16.23-2.jpeg\",\"datePublished\":\"2023-10-18T21:00:40+00:00\",\"breadcrumb\":{\"@id\":\"https:\/\/noticiasemdestaque.com\/cd\/?p=52207#breadcrumb\"},\"inLanguage\":\"pt-BR\",\"potentialAction\":[{\"@type\":\"ReadAction\",\"target\":[\"https:\/\/noticiasemdestaque.com\/cd\/?p=52207\"]}]},{\"@type\":\"ImageObject\",\"inLanguage\":\"pt-BR\",\"@id\":\"https:\/\/noticiasemdestaque.com\/cd\/?p=52207#primaryimage\",\"url\":\"https:\/\/noticiasemdestaque.com\/cd\/wp-content\/uploads\/2023\/10\/WhatsApp-Image-2023-10-18-at-16.16.23-2.jpeg\",\"contentUrl\":\"https:\/\/noticiasemdestaque.com\/cd\/wp-content\/uploads\/2023\/10\/WhatsApp-Image-2023-10-18-at-16.16.23-2.jpeg\",\"width\":1600,\"height\":1063},{\"@type\":\"BreadcrumbList\",\"@id\":\"https:\/\/noticiasemdestaque.com\/cd\/?p=52207#breadcrumb\",\"itemListElement\":[{\"@type\":\"ListItem\",\"position\":1,\"name\":\"In\u00edcio\",\"item\":\"https:\/\/noticiasemdestaque.com\/cd\/\"},{\"@type\":\"ListItem\",\"position\":2,\"name\":\"Confira os destaques da sess\u00e3o da C\u00e2mara de Vereadores de Sum\u00e9\"}]},{\"@type\":\"WebSite\",\"@id\":\"https:\/\/noticiasemdestaque.com\/cd\/#website\",\"url\":\"https:\/\/noticiasemdestaque.com\/cd\/\",\"name\":\"Not&iacute;cias em Destaque\",\"description\":\"\",\"publisher\":{\"@id\":\"https:\/\/noticiasemdestaque.com\/cd\/#organization\"},\"potentialAction\":[{\"@type\":\"SearchAction\",\"target\":{\"@type\":\"EntryPoint\",\"urlTemplate\":\"https:\/\/noticiasemdestaque.com\/cd\/?s={search_term_string}\"},\"query-input\":{\"@type\":\"PropertyValueSpecification\",\"valueRequired\":true,\"valueName\":\"search_term_string\"}}],\"inLanguage\":\"pt-BR\"},{\"@type\":\"Organization\",\"@id\":\"https:\/\/noticiasemdestaque.com\/cd\/#organization\",\"name\":\"Not\u00edcias em Destaque\",\"url\":\"https:\/\/noticiasemdestaque.com\/cd\/\",\"logo\":{\"@type\":\"ImageObject\",\"inLanguage\":\"pt-BR\",\"@id\":\"https:\/\/noticiasemdestaque.com\/cd\/#\/schema\/logo\/image\/\",\"url\":\"https:\/\/noticiasemdestaque.com\/cd\/wp-content\/uploads\/2022\/05\/imagem-base-noticiasemdestaque.png\",\"contentUrl\":\"https:\/\/noticiasemdestaque.com\/cd\/wp-content\/uploads\/2022\/05\/imagem-base-noticiasemdestaque.png\",\"width\":1200,\"height\":630,\"caption\":\"Not\u00edcias em Destaque\"},\"image\":{\"@id\":\"https:\/\/noticiasemdestaque.com\/cd\/#\/schema\/logo\/image\/\"}},{\"@type\":\"Person\",\"@id\":\"https:\/\/noticiasemdestaque.com\/cd\/#\/schema\/person\/47f7d4f55eec17c6b2ca036c5500f6ce\",\"name\":\"Not\u00edcias em Destaque\",\"url\":\"https:\/\/noticiasemdestaque.com\/cd\/?author=2\"}]}<\/script>\n<!-- \/ Yoast SEO plugin. -->","yoast_head_json":{"title":"Confira os destaques da sess\u00e3o da C\u00e2mara de Vereadores de Sum\u00e9 - Not&iacute;cias em Destaque","robots":{"index":"index","follow":"follow","max-snippet":"max-snippet:-1","max-image-preview":"max-image-preview:large","max-video-preview":"max-video-preview:-1"},"canonical":"https:\/\/noticiasemdestaque.com\/cd\/?p=52207","og_locale":"pt_BR","og_type":"article","og_title":"Confira os destaques da sess\u00e3o da C\u00e2mara de Vereadores de Sum\u00e9 - Not&iacute;cias em Destaque","og_description":"Aconteceu na noite desta ter\u00e7a-feira (17), a sess\u00e3o da C\u00e2mara de Vereadores de Sum\u00e9, os vereadores discutiram diversos assuntos de interesse do munic\u00edpio. O vereador Daniel L\u00eala apresentou requerimento solicitando a reativa\u00e7\u00e3o do po\u00e7o no S\u00edtio Formigueiro, fazendo adutora para os S\u00edtios Maracaj\u00e1 e Serrote Verde. Em sua justificativa, Daniel afirmou que a reativa\u00e7\u00e3o deste po\u00e7o trar\u00e1 uma seguran\u00e7a h\u00eddrica para as comunidades. Os vereadores aprovaram o projeto de lei 658\/2023, de autoria do Poder Executivo, que denomina de N\u00fabia Ver\u00f4nica de Lima, \u00e0s instala\u00e7\u00f5es da Farm\u00e1cia B\u00e1sica do Munic\u00edpio. A sess\u00e3o contou com a presen\u00e7a de Valdemir Lucena, procurador do munic\u00edpio, que tirou d\u00favidas dos vereadores sobre projetos de autoria do Poder Executivo que est\u00e3o em tramita\u00e7\u00e3o na Casa C\u00edcero Soares. Noticias em Destaque Fonte: Ascom\/C\u00e2mara","og_url":"https:\/\/noticiasemdestaque.com\/cd\/?p=52207","og_site_name":"Not&iacute;cias em Destaque","article_published_time":"2023-10-18T21:00:40+00:00","og_image":[{"width":1600,"height":1063,"url":"https:\/\/noticiasemdestaque.com\/cd\/wp-content\/uploads\/2023\/10\/WhatsApp-Image-2023-10-18-at-16.16.23-2.jpeg","type":"image\/jpeg"}],"author":"Not\u00edcias em Destaque","twitter_card":"summary_large_image","twitter_misc":{"Escrito por":"Not\u00edcias em Destaque","Est. tempo de leitura":"2 minutos"},"schema":{"@context":"https:\/\/schema.org","@graph":[{"@type":"Article","@id":"https:\/\/noticiasemdestaque.com\/cd\/?p=52207#article","isPartOf":{"@id":"https:\/\/noticiasemdestaque.com\/cd\/?p=52207"},"author":{"name":"Not\u00edcias em Destaque","@id":"https:\/\/noticiasemdestaque.com\/cd\/#\/schema\/person\/47f7d4f55eec17c6b2ca036c5500f6ce"},"headline":"Confira os destaques da sess\u00e3o da C\u00e2mara de Vereadores de Sum\u00e9","datePublished":"2023-10-18T21:00:40+00:00","mainEntityOfPage":{"@id":"https:\/\/noticiasemdestaque.com\/cd\/?p=52207"},"wordCount":166,"publisher":{"@id":"https:\/\/noticiasemdestaque.com\/cd\/#organization"},"image":{"@id":"https:\/\/noticiasemdestaque.com\/cd\/?p=52207#primaryimage"},"thumbnailUrl":"https:\/\/noticiasemdestaque.com\/cd\/wp-content\/uploads\/2023\/10\/WhatsApp-Image-2023-10-18-at-16.16.23-2.jpeg","articleSection":["Pol\u00edtica"],"inLanguage":"pt-BR"},{"@type":"WebPage","@id":"https:\/\/noticiasemdestaque.com\/cd\/?p=52207","url":"https:\/\/noticiasemdestaque.com\/cd\/?p=52207","name":"Confira os destaques da sess\u00e3o da C\u00e2mara de Vereadores de Sum\u00e9 - Not&iacute;cias em Destaque","isPartOf":{"@id":"https:\/\/noticiasemdestaque.com\/cd\/#website"},"primaryImageOfPage":{"@id":"https:\/\/noticiasemdestaque.com\/cd\/?p=52207#primaryimage"},"image":{"@id":"https:\/\/noticiasemdestaque.com\/cd\/?p=52207#primaryimage"},"thumbnailUrl":"https:\/\/noticiasemdestaque.com\/cd\/wp-content\/uploads\/2023\/10\/WhatsApp-Image-2023-10-18-at-16.16.23-2.jpeg","datePublished":"2023-10-18T21:00:40+00:00","breadcrumb":{"@id":"https:\/\/noticiasemdestaque.com\/cd\/?p=52207#breadcrumb"},"inLanguage":"pt-BR","potentialAction":[{"@type":"ReadAction","target":["https:\/\/noticiasemdestaque.com\/cd\/?p=52207"]}]},{"@type":"ImageObject","inLanguage":"pt-BR","@id":"https:\/\/noticiasemdestaque.com\/cd\/?p=52207#primaryimage","url":"https:\/\/noticiasemdestaque.com\/cd\/wp-content\/uploads\/2023\/10\/WhatsApp-Image-2023-10-18-at-16.16.23-2.jpeg","contentUrl":"https:\/\/noticiasemdestaque.com\/cd\/wp-content\/uploads\/2023\/10\/WhatsApp-Image-2023-10-18-at-16.16.23-2.jpeg","width":1600,"height":1063},{"@type":"BreadcrumbList","@id":"https:\/\/noticiasemdestaque.com\/cd\/?p=52207#breadcrumb","itemListElement":[{"@type":"ListItem","position":1,"name":"In\u00edcio","item":"https:\/\/noticiasemdestaque.com\/cd\/"},{"@type":"ListItem","position":2,"name":"Confira os destaques da sess\u00e3o da C\u00e2mara de Vereadores de Sum\u00e9"}]},{"@type":"WebSite","@id":"https:\/\/noticiasemdestaque.com\/cd\/#website","url":"https:\/\/noticiasemdestaque.com\/cd\/","name":"Not&iacute;cias em Destaque","description":"","publisher":{"@id":"https:\/\/noticiasemdestaque.com\/cd\/#organization"},"potentialAction":[{"@type":"SearchAction","target":{"@type":"EntryPoint","urlTemplate":"https:\/\/noticiasemdestaque.com\/cd\/?s={search_term_string}"},"query-input":{"@type":"PropertyValueSpecification","valueRequired":true,"valueName":"search_term_string"}}],"inLanguage":"pt-BR"},{"@type":"Organization","@id":"https:\/\/noticiasemdestaque.com\/cd\/#organization","name":"Not\u00edcias em Destaque","url":"https:\/\/noticiasemdestaque.com\/cd\/","logo":{"@type":"ImageObject","inLanguage":"pt-BR","@id":"https:\/\/noticiasemdestaque.com\/cd\/#\/schema\/logo\/image\/","url":"https:\/\/noticiasemdestaque.com\/cd\/wp-content\/uploads\/2022\/05\/imagem-base-noticiasemdestaque.png","contentUrl":"https:\/\/noticiasemdestaque.com\/cd\/wp-content\/uploads\/2022\/05\/imagem-base-noticiasemdestaque.png","width":1200,"height":630,"caption":"Not\u00edcias em Destaque"},"image":{"@id":"https:\/\/noticiasemdestaque.com\/cd\/#\/schema\/logo\/image\/"}},{"@type":"Person","@id":"https:\/\/noticiasemdestaque.com\/cd\/#\/schema\/person\/47f7d4f55eec17c6b2ca036c5500f6ce","name":"Not\u00edcias em Destaque","url":"https:\/\/noticiasemdestaque.com\/cd\/?author=2"}]}},"jetpack_featured_media_url":"https:\/\/noticiasemdestaque.com\/cd\/wp-content\/uploads\/2023\/10\/WhatsApp-Image-2023-10-18-at-16.16.23-2.jpeg","jetpack_sharing_enabled":true,"_links":{"self":[{"href":"https:\/\/noticiasemdestaque.com\/cd\/index.php?rest_route=\/wp\/v2\/posts\/52207","targetHints":{"allow":["GET"]}}],"collection":[{"href":"https:\/\/noticiasemdestaque.com\/cd\/index.php?rest_route=\/wp\/v2\/posts"}],"about":[{"href":"https:\/\/noticiasemdestaque.com\/cd\/index.php?rest_route=\/wp\/v2\/types\/post"}],"author":[{"embeddable":true,"href":"https:\/\/noticiasemdestaque.com\/cd\/index.php?rest_route=\/wp\/v2\/users\/2"}],"replies":[{"embeddable":true,"href":"https:\/\/noticiasemdestaque.com\/cd\/index.php?rest_route=%2Fwp%2Fv2%2Fcomments&post=52207"}],"version-history":[{"count":1,"href":"https:\/\/noticiasemdestaque.com\/cd\/index.php?rest_route=\/wp\/v2\/posts\/52207\/revisions"}],"predecessor-version":[{"id":52211,"href":"https:\/\/noticiasemdestaque.com\/cd\/index.php?rest_route=\/wp\/v2\/posts\/52207\/revisions\/52211"}],"wp:featuredmedia":[{"embeddable":true,"href":"https:\/\/noticiasemdestaque.com\/cd\/index.php?rest_route=\/wp\/v2\/media\/52210"}],"wp:attachment":[{"href":"https:\/\/noticiasemdestaque.com\/cd\/index.php?rest_route=%2Fwp%2Fv2%2Fmedia&parent=52207"}],"wp:term":[{"taxonomy":"category","embeddable":true,"href":"https:\/\/noticiasemdestaque.com\/cd\/index.php?rest_route=%2Fwp%2Fv2%2Fcategories&post=52207"},{"taxonomy":"post_tag","embeddable":true,"href":"https:\/\/noticiasemdestaque.com\/cd\/index.php?rest_route=%2Fwp%2Fv2%2Ftags&post=52207"}],"curies":[{"name":"wp","href":"https:\/\/api.w.org\/{rel}","templated":true}]}}