{"id":52062,"date":"2023-10-12T09:24:06","date_gmt":"2023-10-12T12:24:06","guid":{"rendered":"https:\/\/noticiasemdestaque.com\/cd\/?p=52062"},"modified":"2023-10-12T09:24:06","modified_gmt":"2023-10-12T12:24:06","slug":"evento-ela-pode-em-sume-inicia-uma-serie-de-acoes-para-empoderar-mulheres-empreendedoras","status":"publish","type":"post","link":"https:\/\/noticiasemdestaque.com\/cd\/?p=52062","title":{"rendered":"Evento \u201cEla Pode\u201d em Sum\u00e9 inicia uma s\u00e9rie de a\u00e7\u00f5es para empoderar mulheres empreendedoras"},"content":{"rendered":"<p><a href=\"https:\/\/noticiasemdestaque.com\/cd\/wp-content\/uploads\/2023\/10\/DSC_0190.jpg\"><img fetchpriority=\"high\" decoding=\"async\" class=\" wp-image-52063 aligncenter\" src=\"https:\/\/noticiasemdestaque.com\/cd\/wp-content\/uploads\/2023\/10\/DSC_0190-300x200.jpg\" alt=\"\" width=\"803\" height=\"535\" srcset=\"https:\/\/noticiasemdestaque.com\/cd\/wp-content\/uploads\/2023\/10\/DSC_0190-300x200.jpg 300w, https:\/\/noticiasemdestaque.com\/cd\/wp-content\/uploads\/2023\/10\/DSC_0190-768x511.jpg 768w, https:\/\/noticiasemdestaque.com\/cd\/wp-content\/uploads\/2023\/10\/DSC_0190-18x12.jpg 18w, https:\/\/noticiasemdestaque.com\/cd\/wp-content\/uploads\/2023\/10\/DSC_0190.jpg 1000w\" sizes=\"(max-width: 803px) 100vw, 803px\" \/><\/a><\/p>\n<p>Com o objetivo de reconhecer o papel da mulher na sociedade e em celebra\u00e7\u00e3o ao m\u00eas Outubro Rosa, que \u00e9 dedicado \u00e0s mulheres, a prefeitura de Sum\u00e9, por meio da Secretaria de Assist\u00eancia Social, realizou nessa ter\u00e7a-feira (10), uma oficina chamada \u201cEla Pode\u201d no Centro de Forma\u00e7\u00e3o de Professores, em parceria com o Instituto Rede Mulher Empreendedora e o apoio do Google.<\/p>\n<p>O foco principal, com o tema \u201cNetworking e vendas marca pessoal\u201d, foi impulsionar as vendas e melhorar a visibilidade dos neg\u00f3cios liderados por mulheres empreendedoras no munic\u00edpio.<\/p>\n<p>O evento tamb\u00e9m sinalizou o lan\u00e7amento oficial do\u00a0<strong>\u201cProjeto Sum\u00e9 Com Elas\u201d<\/strong>, uma iniciativa da Secretaria de Assist\u00eancia Social, que marca o in\u00edcio de um conjunto de esfor\u00e7os comprometidos pela gest\u00e3o do prefeito \u00c9den e Manezinho. Essas a\u00e7\u00f5es t\u00eam como objetivo fortalecer o apoio \u00e0s mulheres empreendedoras em Sum\u00e9, por meio da oferta de cursos, oficinas, encontros, orienta\u00e7\u00f5es e solu\u00e7\u00f5es adaptadas \u00e0s necessidades desse grupo feminino.<\/p>\n<p>Ana Rafaela, coordenadora do Departamento de Divis\u00e3o e Prote\u00e7\u00e3o \u00e0 Mulher e Diversidade Humana, explicou que a ideia de criar esse projeto veio da inquieta\u00e7\u00e3o e dos desejos das mulheres locais em busca de oportunidades. Inicialmente, um grupo no WhatsApp foi criado com a participa\u00e7\u00e3o de mulheres empreendedoras na cidade, que convidaram outras, formando um grupo que continua crescendo, com o objetivo de fortalecer a uni\u00e3o e os interesses compartilhados.<\/p>\n<p>Para participar do projeto Sum\u00e9 Com Elas, as mulheres interessadas devem buscar informa\u00e7\u00f5es na Secretaria de Assist\u00eancia Social ou entrar em contato com uma integrante do coletivo, que fornecer\u00e1 o link para ingressar no grupo e obter o suporte necess\u00e1rio na plataforma.<\/p>\n<p>A oficina \u201cEla Pode\u201d foi um momento importante para mulheres empreendedoras ou aquelas que desejam entrar nesse caminho, considerando as mudan\u00e7as r\u00e1pidas no mundo dos neg\u00f3cios devido \u00e0 tecnologia. O projeto municipal foi elaborado para oferecer cursos e capacita\u00e7\u00f5es \u00e0s mulheres empreendedoras da cidade e da zona rural.<\/p>\n<p><a href=\"https:\/\/noticiasemdestaque.com\/cd\/wp-content\/uploads\/2023\/10\/DSC_0152.jpg\"><img decoding=\"async\" class=\" wp-image-52064 aligncenter\" src=\"https:\/\/noticiasemdestaque.com\/cd\/wp-content\/uploads\/2023\/10\/DSC_0152-300x200.jpg\" alt=\"\" width=\"635\" height=\"423\" srcset=\"https:\/\/noticiasemdestaque.com\/cd\/wp-content\/uploads\/2023\/10\/DSC_0152-300x200.jpg 300w, https:\/\/noticiasemdestaque.com\/cd\/wp-content\/uploads\/2023\/10\/DSC_0152-768x511.jpg 768w, https:\/\/noticiasemdestaque.com\/cd\/wp-content\/uploads\/2023\/10\/DSC_0152-18x12.jpg 18w, https:\/\/noticiasemdestaque.com\/cd\/wp-content\/uploads\/2023\/10\/DSC_0152.jpg 1000w\" sizes=\"(max-width: 635px) 100vw, 635px\" \/><\/a><\/p>\n<p>A secret\u00e1ria de Assist\u00eancia Social, Ednalva Lib\u00e2nio (Fia), expressou sua satisfa\u00e7\u00e3o ao ver um grande n\u00famero de mulheres interessadas no empreendedorismo feminino. Ela elogiou a parceria com a representante da Rede Mulher Empreendedora, Patr\u00edcia Barros, por incentivar as mulheres empreendedoras ou aspirantes. Fia acredita que o conhecimento possibilita que as mulheres se tornem aut\u00f4nomas, sendo impulsionadas por meio de ferramentas empreendedoras e destacou a for\u00e7a demonstrada pelo grupo desde sua cria\u00e7\u00e3o e a solidariedade entre as mulheres com objetivos comuns.<\/p>\n<p>Patr\u00edcia Barros, articuladora da rede Cariri Delas, consultora do Sebrae e palestrante do evento, enfatizou a import\u00e2ncia da metodologia do \u201cEla Pode\u201d para desenvolver as compet\u00eancias socioemocionais e os comportamentos empreendedores das mulheres. Ela elogiou a organiza\u00e7\u00e3o do evento e a gest\u00e3o municipal por apoiar e promover os empreendimentos femininos, capacitando as mulheres e gerando renda para a cidade.<\/p>\n<p>Algumas participantes compartilharam suas impress\u00f5es sobre a oficina. Claudiana dos Santos a considerou muito interessante, pois, segundo ela fortalece a mentalidade das pessoas que desejam iniciar um neg\u00f3cio pr\u00f3prio, mas s\u00e3o impedidas pelo medo e pela vergonha. Cl\u00eania Est\u00eav\u00e3o, conhecida como Cl\u00eania Cabeleireira, elogiou o movimento e destacou que a oficina foi muito proveitosa, proporcionando dicas valiosas para seu neg\u00f3cio. Kelly Regina tamb\u00e9m parabenizou o evento, afirmando que a oficina a fez refletir sobre como valorizar ainda mais seu empreendimento e acreditar no potencial das mulheres empreendedoras.<\/p>\n<p>No encerramento da oficina, a plateia composta por 100 mulheres teve a oportunidade de concorrer a brindes generosamente doados pelas pr\u00f3prias empreendedoras que participaram do evento.<\/p>\n<p>A ades\u00e3o expressiva demonstrou que o apoio, a capacita\u00e7\u00e3o e a uni\u00e3o das mulheres empreendedoras de Sum\u00e9 s\u00e3o essenciais para construir um futuro promissor, onde o potencial empreendedor feminino continuar\u00e1 a florescer. Juntas, essas mulheres est\u00e3o preparadas para encarar desafios e prosperar na jornada do empreendedorismo.<\/p>\n<p><strong>Noticias em Destaque<\/strong><\/p>\n<p style=\"text-align: right;\"><em>Fonte: Ascom\/PMS<\/em><\/p>\n","protected":false},"excerpt":{"rendered":"<p>Com o objetivo de reconhecer o papel da mulher na sociedade e em celebra\u00e7\u00e3o ao m\u00eas Outubro Rosa, que \u00e9 dedicado \u00e0s mulheres, a prefeitura de Sum\u00e9, por meio da Secretaria de Assist\u00eancia Social, realizou nessa ter\u00e7a-feira (10), uma oficina chamada \u201cEla Pode\u201d no Centro de Forma\u00e7\u00e3o de Professores, em parceria com o Instituto Rede Mulher Empreendedora e o apoio do Google. O foco principal, com o tema \u201cNetworking e vendas marca pessoal\u201d, foi impulsionar as vendas e melhorar a visibilidade dos neg\u00f3cios liderados por mulheres empreendedoras no munic\u00edpio. O evento tamb\u00e9m sinalizou o lan\u00e7amento oficial do\u00a0\u201cProjeto Sum\u00e9 Com Elas\u201d, uma iniciativa da Secretaria de Assist\u00eancia Social, que marca o in\u00edcio de um conjunto de esfor\u00e7os comprometidos pela gest\u00e3o do prefeito \u00c9den e Manezinho. Essas a\u00e7\u00f5es t\u00eam como objetivo fortalecer o apoio \u00e0s mulheres empreendedoras em Sum\u00e9, por meio da oferta de cursos, oficinas, encontros, orienta\u00e7\u00f5es e solu\u00e7\u00f5es adaptadas \u00e0s necessidades desse grupo feminino. Ana Rafaela, coordenadora do Departamento de Divis\u00e3o e Prote\u00e7\u00e3o \u00e0 Mulher e Diversidade Humana, explicou que a ideia de criar esse projeto veio da inquieta\u00e7\u00e3o e dos desejos das mulheres locais em busca de oportunidades. Inicialmente, um grupo no WhatsApp foi criado com a participa\u00e7\u00e3o de mulheres empreendedoras na cidade, que convidaram outras, formando um grupo que continua crescendo, com o objetivo de fortalecer a uni\u00e3o e os interesses compartilhados. Para participar do projeto Sum\u00e9 Com Elas, as mulheres interessadas devem buscar informa\u00e7\u00f5es na Secretaria de Assist\u00eancia Social ou entrar em contato com uma integrante do coletivo, que fornecer\u00e1 o link para ingressar no grupo e obter o suporte necess\u00e1rio na plataforma. A oficina \u201cEla Pode\u201d foi um momento importante para mulheres empreendedoras ou aquelas que desejam entrar nesse caminho, considerando as mudan\u00e7as r\u00e1pidas no mundo dos neg\u00f3cios devido \u00e0 tecnologia. O projeto municipal foi elaborado para oferecer cursos e capacita\u00e7\u00f5es \u00e0s mulheres empreendedoras da cidade e da zona rural. A secret\u00e1ria de Assist\u00eancia Social, Ednalva Lib\u00e2nio (Fia), expressou sua satisfa\u00e7\u00e3o ao ver um grande n\u00famero de mulheres interessadas no empreendedorismo feminino. Ela elogiou a parceria com a representante da Rede Mulher Empreendedora, Patr\u00edcia Barros, por incentivar as mulheres empreendedoras ou aspirantes. Fia acredita que o conhecimento possibilita que as mulheres se tornem aut\u00f4nomas, sendo impulsionadas por meio de ferramentas empreendedoras e destacou a for\u00e7a demonstrada pelo grupo desde sua cria\u00e7\u00e3o e a solidariedade entre as mulheres com objetivos comuns. Patr\u00edcia Barros, articuladora da rede Cariri Delas, consultora do Sebrae e palestrante do evento, enfatizou a import\u00e2ncia da metodologia do \u201cEla Pode\u201d para desenvolver as compet\u00eancias socioemocionais e os comportamentos empreendedores das mulheres. Ela elogiou a organiza\u00e7\u00e3o do evento e a gest\u00e3o municipal por apoiar e promover os empreendimentos femininos, capacitando as mulheres e gerando renda para a cidade. Algumas participantes compartilharam suas impress\u00f5es sobre a oficina. Claudiana dos Santos a considerou muito interessante, pois, segundo ela fortalece a mentalidade das pessoas que desejam iniciar um neg\u00f3cio pr\u00f3prio, mas s\u00e3o impedidas pelo medo e pela vergonha. Cl\u00eania Est\u00eav\u00e3o, conhecida como Cl\u00eania Cabeleireira, elogiou o movimento e destacou que a oficina foi muito proveitosa, proporcionando dicas valiosas para seu neg\u00f3cio. Kelly Regina tamb\u00e9m parabenizou o evento, afirmando que a oficina a fez refletir sobre como valorizar ainda mais seu empreendimento e acreditar no potencial das mulheres empreendedoras. No encerramento da oficina, a plateia composta por 100 mulheres teve a oportunidade de concorrer a brindes generosamente doados pelas pr\u00f3prias empreendedoras que participaram do evento. A ades\u00e3o expressiva demonstrou que o apoio, a capacita\u00e7\u00e3o e a uni\u00e3o das mulheres empreendedoras de Sum\u00e9 s\u00e3o essenciais para construir um futuro promissor, onde o potencial empreendedor feminino continuar\u00e1 a florescer. Juntas, essas mulheres est\u00e3o preparadas para encarar desafios e prosperar na jornada do empreendedorismo. Noticias em Destaque Fonte: Ascom\/PMS<\/p>\n","protected":false},"author":2,"featured_media":52065,"comment_status":"closed","ping_status":"open","sticky":false,"template":"","format":"standard","meta":{"_eb_attr":"","_jetpack_memberships_contains_paid_content":false,"footnotes":""},"categories":[3],"tags":[],"class_list":["post-52062","post","type-post","status-publish","format-standard","has-post-thumbnail","hentry","category-cidades"],"yoast_head":"<!-- This site is optimized with the Yoast SEO plugin v26.5 - https:\/\/yoast.com\/wordpress\/plugins\/seo\/ -->\n<title>Evento \u201cEla Pode\u201d em Sum\u00e9 inicia uma s\u00e9rie de a\u00e7\u00f5es para empoderar mulheres empreendedoras - Not&iacute;cias em Destaque<\/title>\n<meta name=\"robots\" content=\"index, follow, max-snippet:-1, max-image-preview:large, max-video-preview:-1\" \/>\n<link rel=\"canonical\" href=\"https:\/\/noticiasemdestaque.com\/cd\/?p=52062\" \/>\n<meta property=\"og:locale\" content=\"pt_BR\" \/>\n<meta property=\"og:type\" content=\"article\" \/>\n<meta property=\"og:title\" content=\"Evento \u201cEla Pode\u201d em Sum\u00e9 inicia uma s\u00e9rie de a\u00e7\u00f5es para empoderar mulheres empreendedoras - Not&iacute;cias em Destaque\" \/>\n<meta property=\"og:description\" content=\"Com o objetivo de reconhecer o papel da mulher na sociedade e em celebra\u00e7\u00e3o ao m\u00eas Outubro Rosa, que \u00e9 dedicado \u00e0s mulheres, a prefeitura de Sum\u00e9, por meio da Secretaria de Assist\u00eancia Social, realizou nessa ter\u00e7a-feira (10), uma oficina chamada \u201cEla Pode\u201d no Centro de Forma\u00e7\u00e3o de Professores, em parceria com o Instituto Rede Mulher Empreendedora e o apoio do Google. O foco principal, com o tema \u201cNetworking e vendas marca pessoal\u201d, foi impulsionar as vendas e melhorar a visibilidade dos neg\u00f3cios liderados por mulheres empreendedoras no munic\u00edpio. O evento tamb\u00e9m sinalizou o lan\u00e7amento oficial do\u00a0\u201cProjeto Sum\u00e9 Com Elas\u201d, uma iniciativa da Secretaria de Assist\u00eancia Social, que marca o in\u00edcio de um conjunto de esfor\u00e7os comprometidos pela gest\u00e3o do prefeito \u00c9den e Manezinho. Essas a\u00e7\u00f5es t\u00eam como objetivo fortalecer o apoio \u00e0s mulheres empreendedoras em Sum\u00e9, por meio da oferta de cursos, oficinas, encontros, orienta\u00e7\u00f5es e solu\u00e7\u00f5es adaptadas \u00e0s necessidades desse grupo feminino. Ana Rafaela, coordenadora do Departamento de Divis\u00e3o e Prote\u00e7\u00e3o \u00e0 Mulher e Diversidade Humana, explicou que a ideia de criar esse projeto veio da inquieta\u00e7\u00e3o e dos desejos das mulheres locais em busca de oportunidades. Inicialmente, um grupo no WhatsApp foi criado com a participa\u00e7\u00e3o de mulheres empreendedoras na cidade, que convidaram outras, formando um grupo que continua crescendo, com o objetivo de fortalecer a uni\u00e3o e os interesses compartilhados. Para participar do projeto Sum\u00e9 Com Elas, as mulheres interessadas devem buscar informa\u00e7\u00f5es na Secretaria de Assist\u00eancia Social ou entrar em contato com uma integrante do coletivo, que fornecer\u00e1 o link para ingressar no grupo e obter o suporte necess\u00e1rio na plataforma. A oficina \u201cEla Pode\u201d foi um momento importante para mulheres empreendedoras ou aquelas que desejam entrar nesse caminho, considerando as mudan\u00e7as r\u00e1pidas no mundo dos neg\u00f3cios devido \u00e0 tecnologia. O projeto municipal foi elaborado para oferecer cursos e capacita\u00e7\u00f5es \u00e0s mulheres empreendedoras da cidade e da zona rural. A secret\u00e1ria de Assist\u00eancia Social, Ednalva Lib\u00e2nio (Fia), expressou sua satisfa\u00e7\u00e3o ao ver um grande n\u00famero de mulheres interessadas no empreendedorismo feminino. Ela elogiou a parceria com a representante da Rede Mulher Empreendedora, Patr\u00edcia Barros, por incentivar as mulheres empreendedoras ou aspirantes. Fia acredita que o conhecimento possibilita que as mulheres se tornem aut\u00f4nomas, sendo impulsionadas por meio de ferramentas empreendedoras e destacou a for\u00e7a demonstrada pelo grupo desde sua cria\u00e7\u00e3o e a solidariedade entre as mulheres com objetivos comuns. Patr\u00edcia Barros, articuladora da rede Cariri Delas, consultora do Sebrae e palestrante do evento, enfatizou a import\u00e2ncia da metodologia do \u201cEla Pode\u201d para desenvolver as compet\u00eancias socioemocionais e os comportamentos empreendedores das mulheres. Ela elogiou a organiza\u00e7\u00e3o do evento e a gest\u00e3o municipal por apoiar e promover os empreendimentos femininos, capacitando as mulheres e gerando renda para a cidade. Algumas participantes compartilharam suas impress\u00f5es sobre a oficina. Claudiana dos Santos a considerou muito interessante, pois, segundo ela fortalece a mentalidade das pessoas que desejam iniciar um neg\u00f3cio pr\u00f3prio, mas s\u00e3o impedidas pelo medo e pela vergonha. Cl\u00eania Est\u00eav\u00e3o, conhecida como Cl\u00eania Cabeleireira, elogiou o movimento e destacou que a oficina foi muito proveitosa, proporcionando dicas valiosas para seu neg\u00f3cio. Kelly Regina tamb\u00e9m parabenizou o evento, afirmando que a oficina a fez refletir sobre como valorizar ainda mais seu empreendimento e acreditar no potencial das mulheres empreendedoras. No encerramento da oficina, a plateia composta por 100 mulheres teve a oportunidade de concorrer a brindes generosamente doados pelas pr\u00f3prias empreendedoras que participaram do evento. A ades\u00e3o expressiva demonstrou que o apoio, a capacita\u00e7\u00e3o e a uni\u00e3o das mulheres empreendedoras de Sum\u00e9 s\u00e3o essenciais para construir um futuro promissor, onde o potencial empreendedor feminino continuar\u00e1 a florescer. Juntas, essas mulheres est\u00e3o preparadas para encarar desafios e prosperar na jornada do empreendedorismo. Noticias em Destaque Fonte: Ascom\/PMS\" \/>\n<meta property=\"og:url\" content=\"https:\/\/noticiasemdestaque.com\/cd\/?p=52062\" \/>\n<meta property=\"og:site_name\" content=\"Not&iacute;cias em Destaque\" \/>\n<meta property=\"article:published_time\" content=\"2023-10-12T12:24:06+00:00\" \/>\n<meta property=\"og:image\" content=\"https:\/\/noticiasemdestaque.com\/cd\/wp-content\/uploads\/2023\/10\/f58a9da9-87c5-4a6b-800a-76962fed2730-400x255-1.jpeg\" \/>\n\t<meta property=\"og:image:width\" content=\"400\" \/>\n\t<meta property=\"og:image:height\" content=\"255\" \/>\n\t<meta property=\"og:image:type\" content=\"image\/jpeg\" \/>\n<meta name=\"author\" content=\"Not\u00edcias em Destaque\" \/>\n<meta name=\"twitter:card\" content=\"summary_large_image\" \/>\n<meta name=\"twitter:label1\" content=\"Escrito por\" \/>\n\t<meta name=\"twitter:data1\" content=\"Not\u00edcias em Destaque\" \/>\n\t<meta name=\"twitter:label2\" content=\"Est. tempo de leitura\" \/>\n\t<meta name=\"twitter:data2\" content=\"4 minutos\" \/>\n<script type=\"application\/ld+json\" class=\"yoast-schema-graph\">{\"@context\":\"https:\/\/schema.org\",\"@graph\":[{\"@type\":\"Article\",\"@id\":\"https:\/\/noticiasemdestaque.com\/cd\/?p=52062#article\",\"isPartOf\":{\"@id\":\"https:\/\/noticiasemdestaque.com\/cd\/?p=52062\"},\"author\":{\"name\":\"Not\u00edcias em Destaque\",\"@id\":\"https:\/\/noticiasemdestaque.com\/cd\/#\/schema\/person\/21320b03a7e8bb90128938dafc9b908a\"},\"headline\":\"Evento \u201cEla Pode\u201d em Sum\u00e9 inicia uma s\u00e9rie de a\u00e7\u00f5es para empoderar mulheres empreendedoras\",\"datePublished\":\"2023-10-12T12:24:06+00:00\",\"mainEntityOfPage\":{\"@id\":\"https:\/\/noticiasemdestaque.com\/cd\/?p=52062\"},\"wordCount\":689,\"publisher\":{\"@id\":\"https:\/\/noticiasemdestaque.com\/cd\/#organization\"},\"image\":{\"@id\":\"https:\/\/noticiasemdestaque.com\/cd\/?p=52062#primaryimage\"},\"thumbnailUrl\":\"https:\/\/noticiasemdestaque.com\/cd\/wp-content\/uploads\/2023\/10\/f58a9da9-87c5-4a6b-800a-76962fed2730-400x255-1.jpeg\",\"articleSection\":[\"Cidades\"],\"inLanguage\":\"pt-BR\"},{\"@type\":\"WebPage\",\"@id\":\"https:\/\/noticiasemdestaque.com\/cd\/?p=52062\",\"url\":\"https:\/\/noticiasemdestaque.com\/cd\/?p=52062\",\"name\":\"Evento \u201cEla Pode\u201d em Sum\u00e9 inicia uma s\u00e9rie de a\u00e7\u00f5es para empoderar mulheres empreendedoras - Not&iacute;cias em Destaque\",\"isPartOf\":{\"@id\":\"https:\/\/noticiasemdestaque.com\/cd\/#website\"},\"primaryImageOfPage\":{\"@id\":\"https:\/\/noticiasemdestaque.com\/cd\/?p=52062#primaryimage\"},\"image\":{\"@id\":\"https:\/\/noticiasemdestaque.com\/cd\/?p=52062#primaryimage\"},\"thumbnailUrl\":\"https:\/\/noticiasemdestaque.com\/cd\/wp-content\/uploads\/2023\/10\/f58a9da9-87c5-4a6b-800a-76962fed2730-400x255-1.jpeg\",\"datePublished\":\"2023-10-12T12:24:06+00:00\",\"breadcrumb\":{\"@id\":\"https:\/\/noticiasemdestaque.com\/cd\/?p=52062#breadcrumb\"},\"inLanguage\":\"pt-BR\",\"potentialAction\":[{\"@type\":\"ReadAction\",\"target\":[\"https:\/\/noticiasemdestaque.com\/cd\/?p=52062\"]}]},{\"@type\":\"ImageObject\",\"inLanguage\":\"pt-BR\",\"@id\":\"https:\/\/noticiasemdestaque.com\/cd\/?p=52062#primaryimage\",\"url\":\"https:\/\/noticiasemdestaque.com\/cd\/wp-content\/uploads\/2023\/10\/f58a9da9-87c5-4a6b-800a-76962fed2730-400x255-1.jpeg\",\"contentUrl\":\"https:\/\/noticiasemdestaque.com\/cd\/wp-content\/uploads\/2023\/10\/f58a9da9-87c5-4a6b-800a-76962fed2730-400x255-1.jpeg\",\"width\":400,\"height\":255},{\"@type\":\"BreadcrumbList\",\"@id\":\"https:\/\/noticiasemdestaque.com\/cd\/?p=52062#breadcrumb\",\"itemListElement\":[{\"@type\":\"ListItem\",\"position\":1,\"name\":\"In\u00edcio\",\"item\":\"https:\/\/noticiasemdestaque.com\/cd\/\"},{\"@type\":\"ListItem\",\"position\":2,\"name\":\"Evento \u201cEla Pode\u201d em Sum\u00e9 inicia uma s\u00e9rie de a\u00e7\u00f5es para empoderar mulheres empreendedoras\"}]},{\"@type\":\"WebSite\",\"@id\":\"https:\/\/noticiasemdestaque.com\/cd\/#website\",\"url\":\"https:\/\/noticiasemdestaque.com\/cd\/\",\"name\":\"Not&iacute;cias em Destaque\",\"description\":\"\",\"publisher\":{\"@id\":\"https:\/\/noticiasemdestaque.com\/cd\/#organization\"},\"potentialAction\":[{\"@type\":\"SearchAction\",\"target\":{\"@type\":\"EntryPoint\",\"urlTemplate\":\"https:\/\/noticiasemdestaque.com\/cd\/?s={search_term_string}\"},\"query-input\":{\"@type\":\"PropertyValueSpecification\",\"valueRequired\":true,\"valueName\":\"search_term_string\"}}],\"inLanguage\":\"pt-BR\"},{\"@type\":\"Organization\",\"@id\":\"https:\/\/noticiasemdestaque.com\/cd\/#organization\",\"name\":\"Not\u00edcias em Destaque\",\"url\":\"https:\/\/noticiasemdestaque.com\/cd\/\",\"logo\":{\"@type\":\"ImageObject\",\"inLanguage\":\"pt-BR\",\"@id\":\"https:\/\/noticiasemdestaque.com\/cd\/#\/schema\/logo\/image\/\",\"url\":\"https:\/\/noticiasemdestaque.com\/cd\/wp-content\/uploads\/2022\/05\/imagem-base-noticiasemdestaque.png\",\"contentUrl\":\"https:\/\/noticiasemdestaque.com\/cd\/wp-content\/uploads\/2022\/05\/imagem-base-noticiasemdestaque.png\",\"width\":1200,\"height\":630,\"caption\":\"Not\u00edcias em Destaque\"},\"image\":{\"@id\":\"https:\/\/noticiasemdestaque.com\/cd\/#\/schema\/logo\/image\/\"}},{\"@type\":\"Person\",\"@id\":\"https:\/\/noticiasemdestaque.com\/cd\/#\/schema\/person\/21320b03a7e8bb90128938dafc9b908a\",\"name\":\"Not\u00edcias em Destaque\",\"url\":\"https:\/\/noticiasemdestaque.com\/cd\/?author=2\"}]}<\/script>\n<!-- \/ Yoast SEO plugin. -->","yoast_head_json":{"title":"Evento \u201cEla Pode\u201d em Sum\u00e9 inicia uma s\u00e9rie de a\u00e7\u00f5es para empoderar mulheres empreendedoras - Not&iacute;cias em Destaque","robots":{"index":"index","follow":"follow","max-snippet":"max-snippet:-1","max-image-preview":"max-image-preview:large","max-video-preview":"max-video-preview:-1"},"canonical":"https:\/\/noticiasemdestaque.com\/cd\/?p=52062","og_locale":"pt_BR","og_type":"article","og_title":"Evento \u201cEla Pode\u201d em Sum\u00e9 inicia uma s\u00e9rie de a\u00e7\u00f5es para empoderar mulheres empreendedoras - Not&iacute;cias em Destaque","og_description":"Com o objetivo de reconhecer o papel da mulher na sociedade e em celebra\u00e7\u00e3o ao m\u00eas Outubro Rosa, que \u00e9 dedicado \u00e0s mulheres, a prefeitura de Sum\u00e9, por meio da Secretaria de Assist\u00eancia Social, realizou nessa ter\u00e7a-feira (10), uma oficina chamada \u201cEla Pode\u201d no Centro de Forma\u00e7\u00e3o de Professores, em parceria com o Instituto Rede Mulher Empreendedora e o apoio do Google. O foco principal, com o tema \u201cNetworking e vendas marca pessoal\u201d, foi impulsionar as vendas e melhorar a visibilidade dos neg\u00f3cios liderados por mulheres empreendedoras no munic\u00edpio. O evento tamb\u00e9m sinalizou o lan\u00e7amento oficial do\u00a0\u201cProjeto Sum\u00e9 Com Elas\u201d, uma iniciativa da Secretaria de Assist\u00eancia Social, que marca o in\u00edcio de um conjunto de esfor\u00e7os comprometidos pela gest\u00e3o do prefeito \u00c9den e Manezinho. Essas a\u00e7\u00f5es t\u00eam como objetivo fortalecer o apoio \u00e0s mulheres empreendedoras em Sum\u00e9, por meio da oferta de cursos, oficinas, encontros, orienta\u00e7\u00f5es e solu\u00e7\u00f5es adaptadas \u00e0s necessidades desse grupo feminino. Ana Rafaela, coordenadora do Departamento de Divis\u00e3o e Prote\u00e7\u00e3o \u00e0 Mulher e Diversidade Humana, explicou que a ideia de criar esse projeto veio da inquieta\u00e7\u00e3o e dos desejos das mulheres locais em busca de oportunidades. Inicialmente, um grupo no WhatsApp foi criado com a participa\u00e7\u00e3o de mulheres empreendedoras na cidade, que convidaram outras, formando um grupo que continua crescendo, com o objetivo de fortalecer a uni\u00e3o e os interesses compartilhados. Para participar do projeto Sum\u00e9 Com Elas, as mulheres interessadas devem buscar informa\u00e7\u00f5es na Secretaria de Assist\u00eancia Social ou entrar em contato com uma integrante do coletivo, que fornecer\u00e1 o link para ingressar no grupo e obter o suporte necess\u00e1rio na plataforma. A oficina \u201cEla Pode\u201d foi um momento importante para mulheres empreendedoras ou aquelas que desejam entrar nesse caminho, considerando as mudan\u00e7as r\u00e1pidas no mundo dos neg\u00f3cios devido \u00e0 tecnologia. O projeto municipal foi elaborado para oferecer cursos e capacita\u00e7\u00f5es \u00e0s mulheres empreendedoras da cidade e da zona rural. A secret\u00e1ria de Assist\u00eancia Social, Ednalva Lib\u00e2nio (Fia), expressou sua satisfa\u00e7\u00e3o ao ver um grande n\u00famero de mulheres interessadas no empreendedorismo feminino. Ela elogiou a parceria com a representante da Rede Mulher Empreendedora, Patr\u00edcia Barros, por incentivar as mulheres empreendedoras ou aspirantes. Fia acredita que o conhecimento possibilita que as mulheres se tornem aut\u00f4nomas, sendo impulsionadas por meio de ferramentas empreendedoras e destacou a for\u00e7a demonstrada pelo grupo desde sua cria\u00e7\u00e3o e a solidariedade entre as mulheres com objetivos comuns. Patr\u00edcia Barros, articuladora da rede Cariri Delas, consultora do Sebrae e palestrante do evento, enfatizou a import\u00e2ncia da metodologia do \u201cEla Pode\u201d para desenvolver as compet\u00eancias socioemocionais e os comportamentos empreendedores das mulheres. Ela elogiou a organiza\u00e7\u00e3o do evento e a gest\u00e3o municipal por apoiar e promover os empreendimentos femininos, capacitando as mulheres e gerando renda para a cidade. Algumas participantes compartilharam suas impress\u00f5es sobre a oficina. Claudiana dos Santos a considerou muito interessante, pois, segundo ela fortalece a mentalidade das pessoas que desejam iniciar um neg\u00f3cio pr\u00f3prio, mas s\u00e3o impedidas pelo medo e pela vergonha. Cl\u00eania Est\u00eav\u00e3o, conhecida como Cl\u00eania Cabeleireira, elogiou o movimento e destacou que a oficina foi muito proveitosa, proporcionando dicas valiosas para seu neg\u00f3cio. Kelly Regina tamb\u00e9m parabenizou o evento, afirmando que a oficina a fez refletir sobre como valorizar ainda mais seu empreendimento e acreditar no potencial das mulheres empreendedoras. No encerramento da oficina, a plateia composta por 100 mulheres teve a oportunidade de concorrer a brindes generosamente doados pelas pr\u00f3prias empreendedoras que participaram do evento. A ades\u00e3o expressiva demonstrou que o apoio, a capacita\u00e7\u00e3o e a uni\u00e3o das mulheres empreendedoras de Sum\u00e9 s\u00e3o essenciais para construir um futuro promissor, onde o potencial empreendedor feminino continuar\u00e1 a florescer. Juntas, essas mulheres est\u00e3o preparadas para encarar desafios e prosperar na jornada do empreendedorismo. Noticias em Destaque Fonte: Ascom\/PMS","og_url":"https:\/\/noticiasemdestaque.com\/cd\/?p=52062","og_site_name":"Not&iacute;cias em Destaque","article_published_time":"2023-10-12T12:24:06+00:00","og_image":[{"width":400,"height":255,"url":"https:\/\/noticiasemdestaque.com\/cd\/wp-content\/uploads\/2023\/10\/f58a9da9-87c5-4a6b-800a-76962fed2730-400x255-1.jpeg","type":"image\/jpeg"}],"author":"Not\u00edcias em Destaque","twitter_card":"summary_large_image","twitter_misc":{"Escrito por":"Not\u00edcias em Destaque","Est. tempo de leitura":"4 minutos"},"schema":{"@context":"https:\/\/schema.org","@graph":[{"@type":"Article","@id":"https:\/\/noticiasemdestaque.com\/cd\/?p=52062#article","isPartOf":{"@id":"https:\/\/noticiasemdestaque.com\/cd\/?p=52062"},"author":{"name":"Not\u00edcias em Destaque","@id":"https:\/\/noticiasemdestaque.com\/cd\/#\/schema\/person\/21320b03a7e8bb90128938dafc9b908a"},"headline":"Evento \u201cEla Pode\u201d em Sum\u00e9 inicia uma s\u00e9rie de a\u00e7\u00f5es para empoderar mulheres empreendedoras","datePublished":"2023-10-12T12:24:06+00:00","mainEntityOfPage":{"@id":"https:\/\/noticiasemdestaque.com\/cd\/?p=52062"},"wordCount":689,"publisher":{"@id":"https:\/\/noticiasemdestaque.com\/cd\/#organization"},"image":{"@id":"https:\/\/noticiasemdestaque.com\/cd\/?p=52062#primaryimage"},"thumbnailUrl":"https:\/\/noticiasemdestaque.com\/cd\/wp-content\/uploads\/2023\/10\/f58a9da9-87c5-4a6b-800a-76962fed2730-400x255-1.jpeg","articleSection":["Cidades"],"inLanguage":"pt-BR"},{"@type":"WebPage","@id":"https:\/\/noticiasemdestaque.com\/cd\/?p=52062","url":"https:\/\/noticiasemdestaque.com\/cd\/?p=52062","name":"Evento \u201cEla Pode\u201d em Sum\u00e9 inicia uma s\u00e9rie de a\u00e7\u00f5es para empoderar mulheres empreendedoras - Not&iacute;cias em Destaque","isPartOf":{"@id":"https:\/\/noticiasemdestaque.com\/cd\/#website"},"primaryImageOfPage":{"@id":"https:\/\/noticiasemdestaque.com\/cd\/?p=52062#primaryimage"},"image":{"@id":"https:\/\/noticiasemdestaque.com\/cd\/?p=52062#primaryimage"},"thumbnailUrl":"https:\/\/noticiasemdestaque.com\/cd\/wp-content\/uploads\/2023\/10\/f58a9da9-87c5-4a6b-800a-76962fed2730-400x255-1.jpeg","datePublished":"2023-10-12T12:24:06+00:00","breadcrumb":{"@id":"https:\/\/noticiasemdestaque.com\/cd\/?p=52062#breadcrumb"},"inLanguage":"pt-BR","potentialAction":[{"@type":"ReadAction","target":["https:\/\/noticiasemdestaque.com\/cd\/?p=52062"]}]},{"@type":"ImageObject","inLanguage":"pt-BR","@id":"https:\/\/noticiasemdestaque.com\/cd\/?p=52062#primaryimage","url":"https:\/\/noticiasemdestaque.com\/cd\/wp-content\/uploads\/2023\/10\/f58a9da9-87c5-4a6b-800a-76962fed2730-400x255-1.jpeg","contentUrl":"https:\/\/noticiasemdestaque.com\/cd\/wp-content\/uploads\/2023\/10\/f58a9da9-87c5-4a6b-800a-76962fed2730-400x255-1.jpeg","width":400,"height":255},{"@type":"BreadcrumbList","@id":"https:\/\/noticiasemdestaque.com\/cd\/?p=52062#breadcrumb","itemListElement":[{"@type":"ListItem","position":1,"name":"In\u00edcio","item":"https:\/\/noticiasemdestaque.com\/cd\/"},{"@type":"ListItem","position":2,"name":"Evento \u201cEla Pode\u201d em Sum\u00e9 inicia uma s\u00e9rie de a\u00e7\u00f5es para empoderar mulheres empreendedoras"}]},{"@type":"WebSite","@id":"https:\/\/noticiasemdestaque.com\/cd\/#website","url":"https:\/\/noticiasemdestaque.com\/cd\/","name":"Not&iacute;cias em Destaque","description":"","publisher":{"@id":"https:\/\/noticiasemdestaque.com\/cd\/#organization"},"potentialAction":[{"@type":"SearchAction","target":{"@type":"EntryPoint","urlTemplate":"https:\/\/noticiasemdestaque.com\/cd\/?s={search_term_string}"},"query-input":{"@type":"PropertyValueSpecification","valueRequired":true,"valueName":"search_term_string"}}],"inLanguage":"pt-BR"},{"@type":"Organization","@id":"https:\/\/noticiasemdestaque.com\/cd\/#organization","name":"Not\u00edcias em Destaque","url":"https:\/\/noticiasemdestaque.com\/cd\/","logo":{"@type":"ImageObject","inLanguage":"pt-BR","@id":"https:\/\/noticiasemdestaque.com\/cd\/#\/schema\/logo\/image\/","url":"https:\/\/noticiasemdestaque.com\/cd\/wp-content\/uploads\/2022\/05\/imagem-base-noticiasemdestaque.png","contentUrl":"https:\/\/noticiasemdestaque.com\/cd\/wp-content\/uploads\/2022\/05\/imagem-base-noticiasemdestaque.png","width":1200,"height":630,"caption":"Not\u00edcias em Destaque"},"image":{"@id":"https:\/\/noticiasemdestaque.com\/cd\/#\/schema\/logo\/image\/"}},{"@type":"Person","@id":"https:\/\/noticiasemdestaque.com\/cd\/#\/schema\/person\/21320b03a7e8bb90128938dafc9b908a","name":"Not\u00edcias em Destaque","url":"https:\/\/noticiasemdestaque.com\/cd\/?author=2"}]}},"jetpack_featured_media_url":"https:\/\/noticiasemdestaque.com\/cd\/wp-content\/uploads\/2023\/10\/f58a9da9-87c5-4a6b-800a-76962fed2730-400x255-1.jpeg","jetpack_sharing_enabled":true,"_links":{"self":[{"href":"https:\/\/noticiasemdestaque.com\/cd\/index.php?rest_route=\/wp\/v2\/posts\/52062","targetHints":{"allow":["GET"]}}],"collection":[{"href":"https:\/\/noticiasemdestaque.com\/cd\/index.php?rest_route=\/wp\/v2\/posts"}],"about":[{"href":"https:\/\/noticiasemdestaque.com\/cd\/index.php?rest_route=\/wp\/v2\/types\/post"}],"author":[{"embeddable":true,"href":"https:\/\/noticiasemdestaque.com\/cd\/index.php?rest_route=\/wp\/v2\/users\/2"}],"replies":[{"embeddable":true,"href":"https:\/\/noticiasemdestaque.com\/cd\/index.php?rest_route=%2Fwp%2Fv2%2Fcomments&post=52062"}],"version-history":[{"count":1,"href":"https:\/\/noticiasemdestaque.com\/cd\/index.php?rest_route=\/wp\/v2\/posts\/52062\/revisions"}],"predecessor-version":[{"id":52066,"href":"https:\/\/noticiasemdestaque.com\/cd\/index.php?rest_route=\/wp\/v2\/posts\/52062\/revisions\/52066"}],"wp:featuredmedia":[{"embeddable":true,"href":"https:\/\/noticiasemdestaque.com\/cd\/index.php?rest_route=\/wp\/v2\/media\/52065"}],"wp:attachment":[{"href":"https:\/\/noticiasemdestaque.com\/cd\/index.php?rest_route=%2Fwp%2Fv2%2Fmedia&parent=52062"}],"wp:term":[{"taxonomy":"category","embeddable":true,"href":"https:\/\/noticiasemdestaque.com\/cd\/index.php?rest_route=%2Fwp%2Fv2%2Fcategories&post=52062"},{"taxonomy":"post_tag","embeddable":true,"href":"https:\/\/noticiasemdestaque.com\/cd\/index.php?rest_route=%2Fwp%2Fv2%2Ftags&post=52062"}],"curies":[{"name":"wp","href":"https:\/\/api.w.org\/{rel}","templated":true}]}}