{"id":52005,"date":"2023-10-09T18:03:40","date_gmt":"2023-10-09T21:03:40","guid":{"rendered":"https:\/\/noticiasemdestaque.com\/cd\/?p=52005"},"modified":"2023-10-09T18:03:40","modified_gmt":"2023-10-09T21:03:40","slug":"bombeiro-paraibano-morre-apos-bater-carro-contra-carreta","status":"publish","type":"post","link":"https:\/\/noticiasemdestaque.com\/cd\/?p=52005","title":{"rendered":"Bombeiro paraibano morre ap\u00f3s bater carro contra carreta"},"content":{"rendered":"<p><a href=\"https:\/\/noticiasemdestaque.com\/cd\/wp-content\/uploads\/2023\/10\/1696883732275137-0.jpg\"><img fetchpriority=\"high\" decoding=\"async\" class=\" wp-image-52006 aligncenter\" src=\"https:\/\/noticiasemdestaque.com\/cd\/wp-content\/uploads\/2023\/10\/1696883732275137-0-300x300.jpg\" alt=\"\" width=\"543\" height=\"543\" srcset=\"https:\/\/noticiasemdestaque.com\/cd\/wp-content\/uploads\/2023\/10\/1696883732275137-0-300x300.jpg 300w, https:\/\/noticiasemdestaque.com\/cd\/wp-content\/uploads\/2023\/10\/1696883732275137-0-150x150.jpg 150w, https:\/\/noticiasemdestaque.com\/cd\/wp-content\/uploads\/2023\/10\/1696883732275137-0-768x766.jpg 768w, https:\/\/noticiasemdestaque.com\/cd\/wp-content\/uploads\/2023\/10\/1696883732275137-0-12x12.jpg 12w, https:\/\/noticiasemdestaque.com\/cd\/wp-content\/uploads\/2023\/10\/1696883732275137-0.jpg 827w\" sizes=\"(max-width: 543px) 100vw, 543px\" \/><\/a><\/p>\n<p>Um bombeiro militar paraibano morreu em um grave acidente na madrugada desta segunda-feira (9) na BR-376, em Ortigueira, nos Campos Gerais do Paran\u00e1.<\/p>\n<p>Erickson Ignacio Alves Canuto, de 31 anos, estava com a esposa no carro quando o ve\u00edculo contra uma carreta.\u00a0Ele n\u00e3o resistiu aos ferimentos e morreu no local.<\/p>\n<p>Alexia Canuto foi socorrida para o Hospital de Ponta Grossa. O estado de sa\u00fade dela \u00e9 considerado grave.<\/p>\n<p>Erickson Canuto atuava no 5\u00b0 Batalha\u0303o de Bombeiros, em Campo Mour\u00e3o, no centro-oeste paranaense, era formado em Arte e M\u00eddia pela Universidade Federal de Campina Grande (UFCG) e j\u00e1 havia atuado na assessoria de comunica\u00e7\u00e3o do Treze Futebol Clube e do marketing do Clube Campestre, ambos em Campina Grande.<\/p>\n<p>O corpo do paraibano est\u00e1 em processo de libera\u00e7\u00e3o pelo IML de Londrina, e, ap\u00f3s isso, ser\u00e1 velado e homenageado em Maring\u00e1, no batalh\u00e3o em que ele serviu.<\/p>\n<p>Ap\u00f3s as homenagens no Paran\u00e1, o corpo do paraibano ser\u00e1 trazido para Campina Grande, onde deve ocorrer o vel\u00f3rio e sepultamento em um cemit\u00e9rio particular da cidade.<\/p>\n<p><strong>Noticias em Destaque<\/strong><\/p>\n<p style=\"text-align: right;\"><em>Com Not\u00edcia Para\u00edba<\/em><\/p>\n","protected":false},"excerpt":{"rendered":"<p>Um bombeiro militar paraibano morreu em um grave acidente na madrugada desta segunda-feira (9) na BR-376, em Ortigueira, nos Campos Gerais do Paran\u00e1. Erickson Ignacio Alves Canuto, de 31 anos, estava com a esposa no carro quando o ve\u00edculo contra uma carreta.\u00a0Ele n\u00e3o resistiu aos ferimentos e morreu no local. Alexia Canuto foi socorrida para o Hospital de Ponta Grossa. O estado de sa\u00fade dela \u00e9 considerado grave. Erickson Canuto atuava no 5\u00b0 Batalha\u0303o de Bombeiros, em Campo Mour\u00e3o, no centro-oeste paranaense, era formado em Arte e M\u00eddia pela Universidade Federal de Campina Grande (UFCG) e j\u00e1 havia atuado na assessoria de comunica\u00e7\u00e3o do Treze Futebol Clube e do marketing do Clube Campestre, ambos em Campina Grande. O corpo do paraibano est\u00e1 em processo de libera\u00e7\u00e3o pelo IML de Londrina, e, ap\u00f3s isso, ser\u00e1 velado e homenageado em Maring\u00e1, no batalh\u00e3o em que ele serviu. Ap\u00f3s as homenagens no Paran\u00e1, o corpo do paraibano ser\u00e1 trazido para Campina Grande, onde deve ocorrer o vel\u00f3rio e sepultamento em um cemit\u00e9rio particular da cidade. Noticias em Destaque Com Not\u00edcia Para\u00edba<\/p>\n","protected":false},"author":2,"featured_media":52006,"comment_status":"closed","ping_status":"open","sticky":false,"template":"","format":"standard","meta":{"_eb_attr":"","_jetpack_memberships_contains_paid_content":false,"footnotes":""},"categories":[20],"tags":[],"class_list":["post-52005","post","type-post","status-publish","format-standard","has-post-thumbnail","hentry","category-policia"],"yoast_head":"<!-- This site is optimized with the Yoast SEO plugin v26.5 - https:\/\/yoast.com\/wordpress\/plugins\/seo\/ -->\n<title>Bombeiro paraibano morre ap\u00f3s bater carro contra carreta - Not&iacute;cias em Destaque<\/title>\n<meta name=\"robots\" content=\"index, follow, max-snippet:-1, max-image-preview:large, max-video-preview:-1\" \/>\n<link rel=\"canonical\" href=\"https:\/\/noticiasemdestaque.com\/cd\/?p=52005\" \/>\n<meta property=\"og:locale\" content=\"pt_BR\" \/>\n<meta property=\"og:type\" content=\"article\" \/>\n<meta property=\"og:title\" content=\"Bombeiro paraibano morre ap\u00f3s bater carro contra carreta - Not&iacute;cias em Destaque\" \/>\n<meta property=\"og:description\" content=\"Um bombeiro militar paraibano morreu em um grave acidente na madrugada desta segunda-feira (9) na BR-376, em Ortigueira, nos Campos Gerais do Paran\u00e1. Erickson Ignacio Alves Canuto, de 31 anos, estava com a esposa no carro quando o ve\u00edculo contra uma carreta.\u00a0Ele n\u00e3o resistiu aos ferimentos e morreu no local. Alexia Canuto foi socorrida para o Hospital de Ponta Grossa. O estado de sa\u00fade dela \u00e9 considerado grave. Erickson Canuto atuava no 5\u00b0 Batalha\u0303o de Bombeiros, em Campo Mour\u00e3o, no centro-oeste paranaense, era formado em Arte e M\u00eddia pela Universidade Federal de Campina Grande (UFCG) e j\u00e1 havia atuado na assessoria de comunica\u00e7\u00e3o do Treze Futebol Clube e do marketing do Clube Campestre, ambos em Campina Grande. O corpo do paraibano est\u00e1 em processo de libera\u00e7\u00e3o pelo IML de Londrina, e, ap\u00f3s isso, ser\u00e1 velado e homenageado em Maring\u00e1, no batalh\u00e3o em que ele serviu. Ap\u00f3s as homenagens no Paran\u00e1, o corpo do paraibano ser\u00e1 trazido para Campina Grande, onde deve ocorrer o vel\u00f3rio e sepultamento em um cemit\u00e9rio particular da cidade. Noticias em Destaque Com Not\u00edcia Para\u00edba\" \/>\n<meta property=\"og:url\" content=\"https:\/\/noticiasemdestaque.com\/cd\/?p=52005\" \/>\n<meta property=\"og:site_name\" content=\"Not&iacute;cias em Destaque\" \/>\n<meta property=\"article:published_time\" content=\"2023-10-09T21:03:40+00:00\" \/>\n<meta property=\"og:image\" content=\"https:\/\/noticiasemdestaque.com\/cd\/wp-content\/uploads\/2023\/10\/1696883732275137-0.jpg\" \/>\n\t<meta property=\"og:image:width\" content=\"827\" \/>\n\t<meta property=\"og:image:height\" content=\"825\" \/>\n\t<meta property=\"og:image:type\" content=\"image\/jpeg\" \/>\n<meta name=\"author\" content=\"Not\u00edcias em Destaque\" \/>\n<meta name=\"twitter:card\" content=\"summary_large_image\" \/>\n<meta name=\"twitter:label1\" content=\"Escrito por\" \/>\n\t<meta name=\"twitter:data1\" content=\"Not\u00edcias em Destaque\" \/>\n\t<meta name=\"twitter:label2\" content=\"Est. tempo de leitura\" \/>\n\t<meta name=\"twitter:data2\" content=\"2 minutos\" \/>\n<script type=\"application\/ld+json\" class=\"yoast-schema-graph\">{\"@context\":\"https:\/\/schema.org\",\"@graph\":[{\"@type\":\"Article\",\"@id\":\"https:\/\/noticiasemdestaque.com\/cd\/?p=52005#article\",\"isPartOf\":{\"@id\":\"https:\/\/noticiasemdestaque.com\/cd\/?p=52005\"},\"author\":{\"name\":\"Not\u00edcias em Destaque\",\"@id\":\"https:\/\/noticiasemdestaque.com\/cd\/#\/schema\/person\/21320b03a7e8bb90128938dafc9b908a\"},\"headline\":\"Bombeiro paraibano morre ap\u00f3s bater carro contra carreta\",\"datePublished\":\"2023-10-09T21:03:40+00:00\",\"mainEntityOfPage\":{\"@id\":\"https:\/\/noticiasemdestaque.com\/cd\/?p=52005\"},\"wordCount\":199,\"publisher\":{\"@id\":\"https:\/\/noticiasemdestaque.com\/cd\/#organization\"},\"image\":{\"@id\":\"https:\/\/noticiasemdestaque.com\/cd\/?p=52005#primaryimage\"},\"thumbnailUrl\":\"https:\/\/noticiasemdestaque.com\/cd\/wp-content\/uploads\/2023\/10\/1696883732275137-0.jpg\",\"articleSection\":[\"Pol\u00edcia\"],\"inLanguage\":\"pt-BR\"},{\"@type\":\"WebPage\",\"@id\":\"https:\/\/noticiasemdestaque.com\/cd\/?p=52005\",\"url\":\"https:\/\/noticiasemdestaque.com\/cd\/?p=52005\",\"name\":\"Bombeiro paraibano morre ap\u00f3s bater carro contra carreta - Not&iacute;cias em Destaque\",\"isPartOf\":{\"@id\":\"https:\/\/noticiasemdestaque.com\/cd\/#website\"},\"primaryImageOfPage\":{\"@id\":\"https:\/\/noticiasemdestaque.com\/cd\/?p=52005#primaryimage\"},\"image\":{\"@id\":\"https:\/\/noticiasemdestaque.com\/cd\/?p=52005#primaryimage\"},\"thumbnailUrl\":\"https:\/\/noticiasemdestaque.com\/cd\/wp-content\/uploads\/2023\/10\/1696883732275137-0.jpg\",\"datePublished\":\"2023-10-09T21:03:40+00:00\",\"breadcrumb\":{\"@id\":\"https:\/\/noticiasemdestaque.com\/cd\/?p=52005#breadcrumb\"},\"inLanguage\":\"pt-BR\",\"potentialAction\":[{\"@type\":\"ReadAction\",\"target\":[\"https:\/\/noticiasemdestaque.com\/cd\/?p=52005\"]}]},{\"@type\":\"ImageObject\",\"inLanguage\":\"pt-BR\",\"@id\":\"https:\/\/noticiasemdestaque.com\/cd\/?p=52005#primaryimage\",\"url\":\"https:\/\/noticiasemdestaque.com\/cd\/wp-content\/uploads\/2023\/10\/1696883732275137-0.jpg\",\"contentUrl\":\"https:\/\/noticiasemdestaque.com\/cd\/wp-content\/uploads\/2023\/10\/1696883732275137-0.jpg\",\"width\":827,\"height\":825},{\"@type\":\"BreadcrumbList\",\"@id\":\"https:\/\/noticiasemdestaque.com\/cd\/?p=52005#breadcrumb\",\"itemListElement\":[{\"@type\":\"ListItem\",\"position\":1,\"name\":\"In\u00edcio\",\"item\":\"https:\/\/noticiasemdestaque.com\/cd\/\"},{\"@type\":\"ListItem\",\"position\":2,\"name\":\"Bombeiro paraibano morre ap\u00f3s bater carro contra carreta\"}]},{\"@type\":\"WebSite\",\"@id\":\"https:\/\/noticiasemdestaque.com\/cd\/#website\",\"url\":\"https:\/\/noticiasemdestaque.com\/cd\/\",\"name\":\"Not&iacute;cias em Destaque\",\"description\":\"\",\"publisher\":{\"@id\":\"https:\/\/noticiasemdestaque.com\/cd\/#organization\"},\"potentialAction\":[{\"@type\":\"SearchAction\",\"target\":{\"@type\":\"EntryPoint\",\"urlTemplate\":\"https:\/\/noticiasemdestaque.com\/cd\/?s={search_term_string}\"},\"query-input\":{\"@type\":\"PropertyValueSpecification\",\"valueRequired\":true,\"valueName\":\"search_term_string\"}}],\"inLanguage\":\"pt-BR\"},{\"@type\":\"Organization\",\"@id\":\"https:\/\/noticiasemdestaque.com\/cd\/#organization\",\"name\":\"Not\u00edcias em Destaque\",\"url\":\"https:\/\/noticiasemdestaque.com\/cd\/\",\"logo\":{\"@type\":\"ImageObject\",\"inLanguage\":\"pt-BR\",\"@id\":\"https:\/\/noticiasemdestaque.com\/cd\/#\/schema\/logo\/image\/\",\"url\":\"https:\/\/noticiasemdestaque.com\/cd\/wp-content\/uploads\/2022\/05\/imagem-base-noticiasemdestaque.png\",\"contentUrl\":\"https:\/\/noticiasemdestaque.com\/cd\/wp-content\/uploads\/2022\/05\/imagem-base-noticiasemdestaque.png\",\"width\":1200,\"height\":630,\"caption\":\"Not\u00edcias em Destaque\"},\"image\":{\"@id\":\"https:\/\/noticiasemdestaque.com\/cd\/#\/schema\/logo\/image\/\"}},{\"@type\":\"Person\",\"@id\":\"https:\/\/noticiasemdestaque.com\/cd\/#\/schema\/person\/21320b03a7e8bb90128938dafc9b908a\",\"name\":\"Not\u00edcias em Destaque\",\"url\":\"https:\/\/noticiasemdestaque.com\/cd\/?author=2\"}]}<\/script>\n<!-- \/ Yoast SEO plugin. -->","yoast_head_json":{"title":"Bombeiro paraibano morre ap\u00f3s bater carro contra carreta - Not&iacute;cias em Destaque","robots":{"index":"index","follow":"follow","max-snippet":"max-snippet:-1","max-image-preview":"max-image-preview:large","max-video-preview":"max-video-preview:-1"},"canonical":"https:\/\/noticiasemdestaque.com\/cd\/?p=52005","og_locale":"pt_BR","og_type":"article","og_title":"Bombeiro paraibano morre ap\u00f3s bater carro contra carreta - Not&iacute;cias em Destaque","og_description":"Um bombeiro militar paraibano morreu em um grave acidente na madrugada desta segunda-feira (9) na BR-376, em Ortigueira, nos Campos Gerais do Paran\u00e1. Erickson Ignacio Alves Canuto, de 31 anos, estava com a esposa no carro quando o ve\u00edculo contra uma carreta.\u00a0Ele n\u00e3o resistiu aos ferimentos e morreu no local. Alexia Canuto foi socorrida para o Hospital de Ponta Grossa. O estado de sa\u00fade dela \u00e9 considerado grave. Erickson Canuto atuava no 5\u00b0 Batalha\u0303o de Bombeiros, em Campo Mour\u00e3o, no centro-oeste paranaense, era formado em Arte e M\u00eddia pela Universidade Federal de Campina Grande (UFCG) e j\u00e1 havia atuado na assessoria de comunica\u00e7\u00e3o do Treze Futebol Clube e do marketing do Clube Campestre, ambos em Campina Grande. O corpo do paraibano est\u00e1 em processo de libera\u00e7\u00e3o pelo IML de Londrina, e, ap\u00f3s isso, ser\u00e1 velado e homenageado em Maring\u00e1, no batalh\u00e3o em que ele serviu. Ap\u00f3s as homenagens no Paran\u00e1, o corpo do paraibano ser\u00e1 trazido para Campina Grande, onde deve ocorrer o vel\u00f3rio e sepultamento em um cemit\u00e9rio particular da cidade. Noticias em Destaque Com Not\u00edcia Para\u00edba","og_url":"https:\/\/noticiasemdestaque.com\/cd\/?p=52005","og_site_name":"Not&iacute;cias em Destaque","article_published_time":"2023-10-09T21:03:40+00:00","og_image":[{"width":827,"height":825,"url":"https:\/\/noticiasemdestaque.com\/cd\/wp-content\/uploads\/2023\/10\/1696883732275137-0.jpg","type":"image\/jpeg"}],"author":"Not\u00edcias em Destaque","twitter_card":"summary_large_image","twitter_misc":{"Escrito por":"Not\u00edcias em Destaque","Est. tempo de leitura":"2 minutos"},"schema":{"@context":"https:\/\/schema.org","@graph":[{"@type":"Article","@id":"https:\/\/noticiasemdestaque.com\/cd\/?p=52005#article","isPartOf":{"@id":"https:\/\/noticiasemdestaque.com\/cd\/?p=52005"},"author":{"name":"Not\u00edcias em Destaque","@id":"https:\/\/noticiasemdestaque.com\/cd\/#\/schema\/person\/21320b03a7e8bb90128938dafc9b908a"},"headline":"Bombeiro paraibano morre ap\u00f3s bater carro contra carreta","datePublished":"2023-10-09T21:03:40+00:00","mainEntityOfPage":{"@id":"https:\/\/noticiasemdestaque.com\/cd\/?p=52005"},"wordCount":199,"publisher":{"@id":"https:\/\/noticiasemdestaque.com\/cd\/#organization"},"image":{"@id":"https:\/\/noticiasemdestaque.com\/cd\/?p=52005#primaryimage"},"thumbnailUrl":"https:\/\/noticiasemdestaque.com\/cd\/wp-content\/uploads\/2023\/10\/1696883732275137-0.jpg","articleSection":["Pol\u00edcia"],"inLanguage":"pt-BR"},{"@type":"WebPage","@id":"https:\/\/noticiasemdestaque.com\/cd\/?p=52005","url":"https:\/\/noticiasemdestaque.com\/cd\/?p=52005","name":"Bombeiro paraibano morre ap\u00f3s bater carro contra carreta - Not&iacute;cias em Destaque","isPartOf":{"@id":"https:\/\/noticiasemdestaque.com\/cd\/#website"},"primaryImageOfPage":{"@id":"https:\/\/noticiasemdestaque.com\/cd\/?p=52005#primaryimage"},"image":{"@id":"https:\/\/noticiasemdestaque.com\/cd\/?p=52005#primaryimage"},"thumbnailUrl":"https:\/\/noticiasemdestaque.com\/cd\/wp-content\/uploads\/2023\/10\/1696883732275137-0.jpg","datePublished":"2023-10-09T21:03:40+00:00","breadcrumb":{"@id":"https:\/\/noticiasemdestaque.com\/cd\/?p=52005#breadcrumb"},"inLanguage":"pt-BR","potentialAction":[{"@type":"ReadAction","target":["https:\/\/noticiasemdestaque.com\/cd\/?p=52005"]}]},{"@type":"ImageObject","inLanguage":"pt-BR","@id":"https:\/\/noticiasemdestaque.com\/cd\/?p=52005#primaryimage","url":"https:\/\/noticiasemdestaque.com\/cd\/wp-content\/uploads\/2023\/10\/1696883732275137-0.jpg","contentUrl":"https:\/\/noticiasemdestaque.com\/cd\/wp-content\/uploads\/2023\/10\/1696883732275137-0.jpg","width":827,"height":825},{"@type":"BreadcrumbList","@id":"https:\/\/noticiasemdestaque.com\/cd\/?p=52005#breadcrumb","itemListElement":[{"@type":"ListItem","position":1,"name":"In\u00edcio","item":"https:\/\/noticiasemdestaque.com\/cd\/"},{"@type":"ListItem","position":2,"name":"Bombeiro paraibano morre ap\u00f3s bater carro contra carreta"}]},{"@type":"WebSite","@id":"https:\/\/noticiasemdestaque.com\/cd\/#website","url":"https:\/\/noticiasemdestaque.com\/cd\/","name":"Not&iacute;cias em Destaque","description":"","publisher":{"@id":"https:\/\/noticiasemdestaque.com\/cd\/#organization"},"potentialAction":[{"@type":"SearchAction","target":{"@type":"EntryPoint","urlTemplate":"https:\/\/noticiasemdestaque.com\/cd\/?s={search_term_string}"},"query-input":{"@type":"PropertyValueSpecification","valueRequired":true,"valueName":"search_term_string"}}],"inLanguage":"pt-BR"},{"@type":"Organization","@id":"https:\/\/noticiasemdestaque.com\/cd\/#organization","name":"Not\u00edcias em Destaque","url":"https:\/\/noticiasemdestaque.com\/cd\/","logo":{"@type":"ImageObject","inLanguage":"pt-BR","@id":"https:\/\/noticiasemdestaque.com\/cd\/#\/schema\/logo\/image\/","url":"https:\/\/noticiasemdestaque.com\/cd\/wp-content\/uploads\/2022\/05\/imagem-base-noticiasemdestaque.png","contentUrl":"https:\/\/noticiasemdestaque.com\/cd\/wp-content\/uploads\/2022\/05\/imagem-base-noticiasemdestaque.png","width":1200,"height":630,"caption":"Not\u00edcias em Destaque"},"image":{"@id":"https:\/\/noticiasemdestaque.com\/cd\/#\/schema\/logo\/image\/"}},{"@type":"Person","@id":"https:\/\/noticiasemdestaque.com\/cd\/#\/schema\/person\/21320b03a7e8bb90128938dafc9b908a","name":"Not\u00edcias em Destaque","url":"https:\/\/noticiasemdestaque.com\/cd\/?author=2"}]}},"jetpack_featured_media_url":"https:\/\/noticiasemdestaque.com\/cd\/wp-content\/uploads\/2023\/10\/1696883732275137-0.jpg","jetpack_sharing_enabled":true,"_links":{"self":[{"href":"https:\/\/noticiasemdestaque.com\/cd\/index.php?rest_route=\/wp\/v2\/posts\/52005","targetHints":{"allow":["GET"]}}],"collection":[{"href":"https:\/\/noticiasemdestaque.com\/cd\/index.php?rest_route=\/wp\/v2\/posts"}],"about":[{"href":"https:\/\/noticiasemdestaque.com\/cd\/index.php?rest_route=\/wp\/v2\/types\/post"}],"author":[{"embeddable":true,"href":"https:\/\/noticiasemdestaque.com\/cd\/index.php?rest_route=\/wp\/v2\/users\/2"}],"replies":[{"embeddable":true,"href":"https:\/\/noticiasemdestaque.com\/cd\/index.php?rest_route=%2Fwp%2Fv2%2Fcomments&post=52005"}],"version-history":[{"count":1,"href":"https:\/\/noticiasemdestaque.com\/cd\/index.php?rest_route=\/wp\/v2\/posts\/52005\/revisions"}],"predecessor-version":[{"id":52007,"href":"https:\/\/noticiasemdestaque.com\/cd\/index.php?rest_route=\/wp\/v2\/posts\/52005\/revisions\/52007"}],"wp:featuredmedia":[{"embeddable":true,"href":"https:\/\/noticiasemdestaque.com\/cd\/index.php?rest_route=\/wp\/v2\/media\/52006"}],"wp:attachment":[{"href":"https:\/\/noticiasemdestaque.com\/cd\/index.php?rest_route=%2Fwp%2Fv2%2Fmedia&parent=52005"}],"wp:term":[{"taxonomy":"category","embeddable":true,"href":"https:\/\/noticiasemdestaque.com\/cd\/index.php?rest_route=%2Fwp%2Fv2%2Fcategories&post=52005"},{"taxonomy":"post_tag","embeddable":true,"href":"https:\/\/noticiasemdestaque.com\/cd\/index.php?rest_route=%2Fwp%2Fv2%2Ftags&post=52005"}],"curies":[{"name":"wp","href":"https:\/\/api.w.org\/{rel}","templated":true}]}}