{"id":52,"date":"2017-05-26T13:09:51","date_gmt":"2017-05-26T16:09:51","guid":{"rendered":"http:\/\/caririemdestaque.com\/cd\/?p=52"},"modified":"2017-06-06T08:50:01","modified_gmt":"2017-06-06T11:50:01","slug":"prefeitura-de-monteiro-investe-no-projeto-de-combate-ao-glaucoma","status":"publish","type":"post","link":"https:\/\/noticiasemdestaque.com\/cd\/?p=52","title":{"rendered":"Prefeitura de Monteiro investe no projeto de Combate ao Glaucoma"},"content":{"rendered":"<p>A Prefeitura Municipal de Monteiro, atrav\u00e9s da Secretaria Municipal de Sa\u00fade est\u00e1 dando inicio ao Projeto Glaucoma, encaminhando ao Minist\u00e9rio da Sa\u00fade a proposta de implanta\u00e7\u00e3o do Projeto para ser aprovado, visto que \u00e9 uma doen\u00e7a que afeta a qualidade de vida das pessoas.<\/p>\n<p>O projeto tem como objetivo, informar a popula\u00e7\u00e3o sobre os riscos do glaucoma e assim, realizar a capacita\u00e7\u00e3o dos mesmos para gerar a busca ativa de pessoas que apresentam problemas relacionados a doen\u00e7a.<\/p>\n<p>A secret\u00e1ria de Sa\u00fade do munic\u00edpio, Ana Paula, informou que no Centro de Especialidades M\u00e9dicas (CEMED) j\u00e1 existem especialistas em oftalmologia que realiza atendimentos espec\u00edficos e preventivos a sa\u00fade ocular e s\u00e3o oferecidos consultas e exames e fornecimento de alguns col\u00edrios e conta com aparelhos modernos para melhor atender a popula\u00e7\u00e3o.<\/p>\n<p>Segundo a OMS, o glaucoma \u00e9 respons\u00e1vel por 10% de casos de cegueira. No dia 26 de maio, o Minist\u00e9rio da Sa\u00fade celebra o dia nacional de combate ao glaucoma, uma doen\u00e7a nos olhos que pode levar \u00e0 cegueira. Causada pela les\u00e3o do nervo \u00f3ptico e relacionada \u00e0 alta press\u00e3o do olho, o glaucoma pode causar s\u00e9rias altera\u00e7\u00f5es no campo visual.<\/p>\n<p>O tratamento para o glaucoma \u00e9 oferecido pelo Sistema \u00danico de Sa\u00fade (SUS). Em 2015, foram registrados 2,2 milh\u00f5es de atendimentos, entre exames, consultas e cirurgias, sendo 47% a mais que em 2012, quando foram registrados 1,5 milh\u00e3o de atendimentos. No ano passado, R$ 174,6 milh\u00f5es foram investidos na realiza\u00e7\u00e3o desses procedimentos.<\/p>\n<p>\u201cSe considerarmos todos os 16 munic\u00edpios da 5\u00aa Regi\u00e3o de Sa\u00fade da Para\u00edba, \u00e0 qual Monteiro pertence, o n\u00famero de atendimentos chega a 2.293 em 2015, e 2.379 em 2016, sendo 628 e 562 em cidad\u00e3os e cidad\u00e3s de Monteiro\u201d, disse Ana Paula.<\/p>\n<p>Na Para\u00edba apenas os munic\u00edpios de Jo\u00e3o Pessoa, Campina Grande, Pombal e Sousa s\u00e3o habilitados para realizar o tratamento do glaucoma, por isso os casos registrados no munic\u00edpio de Monteiro s\u00e3o levados para Campina Grande em busca do atendimento, o que causa in\u00fameros transtornos aos pacientes e \u00e0 administra\u00e7\u00e3o p\u00fablica.<\/p>\n<p>Diante dessa situa\u00e7\u00e3o a Secretaria Municipal de Sa\u00fade de Monteiro apresentar\u00e1 ao Minist\u00e9rio da Sa\u00fade projeto para habilitar o servi\u00e7o de diagn\u00f3stico e tratamento do glaucoma no munic\u00edpio. Esse servi\u00e7o ser\u00e1 oferecido em \u00e2mbito regional, ou seja, Monteiro garantir\u00e1 o atendimento aos cidad\u00e3os e cidad\u00e3s da 5\u00aa Regi\u00e3o de Sa\u00fade garantindo os seguintes exames:<\/p>\n<p>\u2013 Tonometria para medir a press\u00e3o intra-ocular<br \/>\n\u2013 Campimetria que permite avaliar como e se o glaucoma afetou o campo de vis\u00e3o<br \/>\n\u2013 Oftalmoscopia ou exame do fundo do olho<br \/>\n\u2013 Gonioscopia que capta a sensibilidade das \u00e1reas visuais de cada olho atrav\u00e9s de um gr\u00e1fico<\/p>\n<p>Al\u00e9m dos exames supracitados, o munic\u00edpio assegurar\u00e1 a consulta para diagn\u00f3stico do glaucoma, consulta para acompanhamento e avalia\u00e7\u00e3o do glaucoma e fornecimento de toda a linha de cuidados (col\u00edrios), seja para pacientes binoculares, monoculares em todas as formas de apresenta\u00e7\u00f5es necess\u00e1rias, desde que incorporadas ao SUS pelo Minist\u00e9rio da Sa\u00fade.<\/p>\n<p>\u201cCom isso esperamos melhorar a qualidade de vida do povo de nossa regi\u00e3o com um atendimento mais humanizado, qualificado e confort\u00e1vel para todos os que dele necessitem\u201d, conclui Ana Paula.<\/p>\n<p>Cariri em Destaque<\/p>\n<p>Com Ascom\/PB<\/p>\n","protected":false},"excerpt":{"rendered":"<p>A Prefeitura Municipal de Monteiro, atrav\u00e9s da Secretaria Municipal de Sa\u00fade est\u00e1 dando inicio ao Projeto Glaucoma, encaminhando ao Minist\u00e9rio da Sa\u00fade a proposta de implanta\u00e7\u00e3o do Projeto para ser aprovado, visto que \u00e9 uma doen\u00e7a que afeta a qualidade de vida das pessoas. O projeto tem como objetivo, informar a popula\u00e7\u00e3o sobre os riscos do glaucoma e assim, realizar a capacita\u00e7\u00e3o dos mesmos para gerar a busca ativa de pessoas que apresentam problemas relacionados a doen\u00e7a. A secret\u00e1ria de Sa\u00fade do munic\u00edpio, Ana Paula, informou que no Centro de Especialidades M\u00e9dicas (CEMED) j\u00e1 existem especialistas em oftalmologia que realiza atendimentos espec\u00edficos e preventivos a sa\u00fade ocular e s\u00e3o oferecidos consultas e exames e fornecimento de alguns col\u00edrios e conta com aparelhos modernos para melhor atender a popula\u00e7\u00e3o. Segundo a OMS, o glaucoma \u00e9 respons\u00e1vel por 10% de casos de cegueira. No dia 26 de maio, o Minist\u00e9rio da Sa\u00fade celebra o dia nacional de combate ao glaucoma, uma doen\u00e7a nos olhos que pode levar \u00e0 cegueira. Causada pela les\u00e3o do nervo \u00f3ptico e relacionada \u00e0 alta press\u00e3o do olho, o glaucoma pode causar s\u00e9rias altera\u00e7\u00f5es no campo visual. O tratamento para o glaucoma \u00e9 oferecido pelo Sistema \u00danico de Sa\u00fade (SUS). Em 2015, foram registrados 2,2 milh\u00f5es de atendimentos, entre exames, consultas e cirurgias, sendo 47% a mais que em 2012, quando foram registrados 1,5 milh\u00e3o de atendimentos. No ano passado, R$ 174,6 milh\u00f5es foram investidos na realiza\u00e7\u00e3o desses procedimentos. \u201cSe considerarmos todos os 16 munic\u00edpios da 5\u00aa Regi\u00e3o de Sa\u00fade da Para\u00edba, \u00e0 qual Monteiro pertence, o n\u00famero de atendimentos chega a 2.293 em 2015, e 2.379 em 2016, sendo 628 e 562 em cidad\u00e3os e cidad\u00e3s de Monteiro\u201d, disse Ana Paula. Na Para\u00edba apenas os munic\u00edpios de Jo\u00e3o Pessoa, Campina Grande, Pombal e Sousa s\u00e3o habilitados para realizar o tratamento do glaucoma, por isso os casos registrados no munic\u00edpio de Monteiro s\u00e3o levados para Campina Grande em busca do atendimento, o que causa in\u00fameros transtornos aos pacientes e \u00e0 administra\u00e7\u00e3o p\u00fablica. Diante dessa situa\u00e7\u00e3o a Secretaria Municipal de Sa\u00fade de Monteiro apresentar\u00e1 ao Minist\u00e9rio da Sa\u00fade projeto para habilitar o servi\u00e7o de diagn\u00f3stico e tratamento do glaucoma no munic\u00edpio. Esse servi\u00e7o ser\u00e1 oferecido em \u00e2mbito regional, ou seja, Monteiro garantir\u00e1 o atendimento aos cidad\u00e3os e cidad\u00e3s da 5\u00aa Regi\u00e3o de Sa\u00fade garantindo os seguintes exames: \u2013 Tonometria para medir a press\u00e3o intra-ocular \u2013 Campimetria que permite avaliar como e se o glaucoma afetou o campo de vis\u00e3o \u2013 Oftalmoscopia ou exame do fundo do olho \u2013 Gonioscopia que capta a sensibilidade das \u00e1reas visuais de cada olho atrav\u00e9s de um gr\u00e1fico Al\u00e9m dos exames supracitados, o munic\u00edpio assegurar\u00e1 a consulta para diagn\u00f3stico do glaucoma, consulta para acompanhamento e avalia\u00e7\u00e3o do glaucoma e fornecimento de toda a linha de cuidados (col\u00edrios), seja para pacientes binoculares, monoculares em todas as formas de apresenta\u00e7\u00f5es necess\u00e1rias, desde que incorporadas ao SUS pelo Minist\u00e9rio da Sa\u00fade. \u201cCom isso esperamos melhorar a qualidade de vida do povo de nossa regi\u00e3o com um atendimento mais humanizado, qualificado e confort\u00e1vel para todos os que dele necessitem\u201d, conclui Ana Paula. Cariri em Destaque Com Ascom\/PB<\/p>\n","protected":false},"author":2,"featured_media":53,"comment_status":"closed","ping_status":"closed","sticky":false,"template":"","format":"standard","meta":{"_eb_attr":"","_jetpack_memberships_contains_paid_content":false,"footnotes":""},"categories":[3],"tags":[],"class_list":["post-52","post","type-post","status-publish","format-standard","has-post-thumbnail","hentry","category-cidades"],"yoast_head":"<!-- This site is optimized with the Yoast SEO plugin v26.5 - https:\/\/yoast.com\/wordpress\/plugins\/seo\/ -->\n<title>Prefeitura de Monteiro investe no projeto de Combate ao Glaucoma - Not&iacute;cias em Destaque<\/title>\n<meta name=\"robots\" content=\"index, follow, max-snippet:-1, max-image-preview:large, max-video-preview:-1\" \/>\n<link rel=\"canonical\" href=\"https:\/\/noticiasemdestaque.com\/cd\/?p=52\" \/>\n<meta property=\"og:locale\" content=\"pt_BR\" \/>\n<meta property=\"og:type\" content=\"article\" \/>\n<meta property=\"og:title\" content=\"Prefeitura de Monteiro investe no projeto de Combate ao Glaucoma - Not&iacute;cias em Destaque\" \/>\n<meta property=\"og:description\" content=\"A Prefeitura Municipal de Monteiro, atrav\u00e9s da Secretaria Municipal de Sa\u00fade est\u00e1 dando inicio ao Projeto Glaucoma, encaminhando ao Minist\u00e9rio da Sa\u00fade a proposta de implanta\u00e7\u00e3o do Projeto para ser aprovado, visto que \u00e9 uma doen\u00e7a que afeta a qualidade de vida das pessoas. O projeto tem como objetivo, informar a popula\u00e7\u00e3o sobre os riscos do glaucoma e assim, realizar a capacita\u00e7\u00e3o dos mesmos para gerar a busca ativa de pessoas que apresentam problemas relacionados a doen\u00e7a. A secret\u00e1ria de Sa\u00fade do munic\u00edpio, Ana Paula, informou que no Centro de Especialidades M\u00e9dicas (CEMED) j\u00e1 existem especialistas em oftalmologia que realiza atendimentos espec\u00edficos e preventivos a sa\u00fade ocular e s\u00e3o oferecidos consultas e exames e fornecimento de alguns col\u00edrios e conta com aparelhos modernos para melhor atender a popula\u00e7\u00e3o. Segundo a OMS, o glaucoma \u00e9 respons\u00e1vel por 10% de casos de cegueira. No dia 26 de maio, o Minist\u00e9rio da Sa\u00fade celebra o dia nacional de combate ao glaucoma, uma doen\u00e7a nos olhos que pode levar \u00e0 cegueira. Causada pela les\u00e3o do nervo \u00f3ptico e relacionada \u00e0 alta press\u00e3o do olho, o glaucoma pode causar s\u00e9rias altera\u00e7\u00f5es no campo visual. O tratamento para o glaucoma \u00e9 oferecido pelo Sistema \u00danico de Sa\u00fade (SUS). Em 2015, foram registrados 2,2 milh\u00f5es de atendimentos, entre exames, consultas e cirurgias, sendo 47% a mais que em 2012, quando foram registrados 1,5 milh\u00e3o de atendimentos. No ano passado, R$ 174,6 milh\u00f5es foram investidos na realiza\u00e7\u00e3o desses procedimentos. \u201cSe considerarmos todos os 16 munic\u00edpios da 5\u00aa Regi\u00e3o de Sa\u00fade da Para\u00edba, \u00e0 qual Monteiro pertence, o n\u00famero de atendimentos chega a 2.293 em 2015, e 2.379 em 2016, sendo 628 e 562 em cidad\u00e3os e cidad\u00e3s de Monteiro\u201d, disse Ana Paula. Na Para\u00edba apenas os munic\u00edpios de Jo\u00e3o Pessoa, Campina Grande, Pombal e Sousa s\u00e3o habilitados para realizar o tratamento do glaucoma, por isso os casos registrados no munic\u00edpio de Monteiro s\u00e3o levados para Campina Grande em busca do atendimento, o que causa in\u00fameros transtornos aos pacientes e \u00e0 administra\u00e7\u00e3o p\u00fablica. Diante dessa situa\u00e7\u00e3o a Secretaria Municipal de Sa\u00fade de Monteiro apresentar\u00e1 ao Minist\u00e9rio da Sa\u00fade projeto para habilitar o servi\u00e7o de diagn\u00f3stico e tratamento do glaucoma no munic\u00edpio. Esse servi\u00e7o ser\u00e1 oferecido em \u00e2mbito regional, ou seja, Monteiro garantir\u00e1 o atendimento aos cidad\u00e3os e cidad\u00e3s da 5\u00aa Regi\u00e3o de Sa\u00fade garantindo os seguintes exames: \u2013 Tonometria para medir a press\u00e3o intra-ocular \u2013 Campimetria que permite avaliar como e se o glaucoma afetou o campo de vis\u00e3o \u2013 Oftalmoscopia ou exame do fundo do olho \u2013 Gonioscopia que capta a sensibilidade das \u00e1reas visuais de cada olho atrav\u00e9s de um gr\u00e1fico Al\u00e9m dos exames supracitados, o munic\u00edpio assegurar\u00e1 a consulta para diagn\u00f3stico do glaucoma, consulta para acompanhamento e avalia\u00e7\u00e3o do glaucoma e fornecimento de toda a linha de cuidados (col\u00edrios), seja para pacientes binoculares, monoculares em todas as formas de apresenta\u00e7\u00f5es necess\u00e1rias, desde que incorporadas ao SUS pelo Minist\u00e9rio da Sa\u00fade. \u201cCom isso esperamos melhorar a qualidade de vida do povo de nossa regi\u00e3o com um atendimento mais humanizado, qualificado e confort\u00e1vel para todos os que dele necessitem\u201d, conclui Ana Paula. Cariri em Destaque Com Ascom\/PB\" \/>\n<meta property=\"og:url\" content=\"https:\/\/noticiasemdestaque.com\/cd\/?p=52\" \/>\n<meta property=\"og:site_name\" content=\"Not&iacute;cias em Destaque\" \/>\n<meta property=\"article:published_time\" content=\"2017-05-26T16:09:51+00:00\" \/>\n<meta property=\"article:modified_time\" content=\"2017-06-06T11:50:01+00:00\" \/>\n<meta property=\"og:image\" content=\"https:\/\/noticiasemdestaque.com\/cd\/wp-content\/uploads\/2017\/05\/timthumb.jpg\" \/>\n\t<meta property=\"og:image:width\" content=\"547\" \/>\n\t<meta property=\"og:image:height\" content=\"398\" \/>\n\t<meta property=\"og:image:type\" content=\"image\/jpeg\" \/>\n<meta name=\"author\" content=\"Not\u00edcias em Destaque\" \/>\n<meta name=\"twitter:card\" content=\"summary_large_image\" \/>\n<meta name=\"twitter:label1\" content=\"Escrito por\" \/>\n\t<meta name=\"twitter:data1\" content=\"Not\u00edcias em Destaque\" \/>\n\t<meta name=\"twitter:label2\" content=\"Est. tempo de leitura\" \/>\n\t<meta name=\"twitter:data2\" content=\"3 minutos\" \/>\n<script type=\"application\/ld+json\" class=\"yoast-schema-graph\">{\"@context\":\"https:\/\/schema.org\",\"@graph\":[{\"@type\":\"Article\",\"@id\":\"https:\/\/noticiasemdestaque.com\/cd\/?p=52#article\",\"isPartOf\":{\"@id\":\"https:\/\/noticiasemdestaque.com\/cd\/?p=52\"},\"author\":{\"name\":\"Not\u00edcias em Destaque\",\"@id\":\"https:\/\/noticiasemdestaque.com\/cd\/#\/schema\/person\/47f7d4f55eec17c6b2ca036c5500f6ce\"},\"headline\":\"Prefeitura de Monteiro investe no projeto de Combate ao Glaucoma\",\"datePublished\":\"2017-05-26T16:09:51+00:00\",\"dateModified\":\"2017-06-06T11:50:01+00:00\",\"mainEntityOfPage\":{\"@id\":\"https:\/\/noticiasemdestaque.com\/cd\/?p=52\"},\"wordCount\":576,\"publisher\":{\"@id\":\"https:\/\/noticiasemdestaque.com\/cd\/#organization\"},\"image\":{\"@id\":\"https:\/\/noticiasemdestaque.com\/cd\/?p=52#primaryimage\"},\"thumbnailUrl\":\"https:\/\/noticiasemdestaque.com\/cd\/wp-content\/uploads\/2017\/05\/timthumb.jpg\",\"articleSection\":[\"Cidades\"],\"inLanguage\":\"pt-BR\"},{\"@type\":\"WebPage\",\"@id\":\"https:\/\/noticiasemdestaque.com\/cd\/?p=52\",\"url\":\"https:\/\/noticiasemdestaque.com\/cd\/?p=52\",\"name\":\"Prefeitura de Monteiro investe no projeto de Combate ao Glaucoma - Not&iacute;cias em Destaque\",\"isPartOf\":{\"@id\":\"https:\/\/noticiasemdestaque.com\/cd\/#website\"},\"primaryImageOfPage\":{\"@id\":\"https:\/\/noticiasemdestaque.com\/cd\/?p=52#primaryimage\"},\"image\":{\"@id\":\"https:\/\/noticiasemdestaque.com\/cd\/?p=52#primaryimage\"},\"thumbnailUrl\":\"https:\/\/noticiasemdestaque.com\/cd\/wp-content\/uploads\/2017\/05\/timthumb.jpg\",\"datePublished\":\"2017-05-26T16:09:51+00:00\",\"dateModified\":\"2017-06-06T11:50:01+00:00\",\"breadcrumb\":{\"@id\":\"https:\/\/noticiasemdestaque.com\/cd\/?p=52#breadcrumb\"},\"inLanguage\":\"pt-BR\",\"potentialAction\":[{\"@type\":\"ReadAction\",\"target\":[\"https:\/\/noticiasemdestaque.com\/cd\/?p=52\"]}]},{\"@type\":\"ImageObject\",\"inLanguage\":\"pt-BR\",\"@id\":\"https:\/\/noticiasemdestaque.com\/cd\/?p=52#primaryimage\",\"url\":\"https:\/\/noticiasemdestaque.com\/cd\/wp-content\/uploads\/2017\/05\/timthumb.jpg\",\"contentUrl\":\"https:\/\/noticiasemdestaque.com\/cd\/wp-content\/uploads\/2017\/05\/timthumb.jpg\",\"width\":547,\"height\":398},{\"@type\":\"BreadcrumbList\",\"@id\":\"https:\/\/noticiasemdestaque.com\/cd\/?p=52#breadcrumb\",\"itemListElement\":[{\"@type\":\"ListItem\",\"position\":1,\"name\":\"In\u00edcio\",\"item\":\"https:\/\/noticiasemdestaque.com\/cd\/\"},{\"@type\":\"ListItem\",\"position\":2,\"name\":\"Prefeitura de Monteiro investe no projeto de Combate ao Glaucoma\"}]},{\"@type\":\"WebSite\",\"@id\":\"https:\/\/noticiasemdestaque.com\/cd\/#website\",\"url\":\"https:\/\/noticiasemdestaque.com\/cd\/\",\"name\":\"Not&iacute;cias em Destaque\",\"description\":\"\",\"publisher\":{\"@id\":\"https:\/\/noticiasemdestaque.com\/cd\/#organization\"},\"potentialAction\":[{\"@type\":\"SearchAction\",\"target\":{\"@type\":\"EntryPoint\",\"urlTemplate\":\"https:\/\/noticiasemdestaque.com\/cd\/?s={search_term_string}\"},\"query-input\":{\"@type\":\"PropertyValueSpecification\",\"valueRequired\":true,\"valueName\":\"search_term_string\"}}],\"inLanguage\":\"pt-BR\"},{\"@type\":\"Organization\",\"@id\":\"https:\/\/noticiasemdestaque.com\/cd\/#organization\",\"name\":\"Not\u00edcias em Destaque\",\"url\":\"https:\/\/noticiasemdestaque.com\/cd\/\",\"logo\":{\"@type\":\"ImageObject\",\"inLanguage\":\"pt-BR\",\"@id\":\"https:\/\/noticiasemdestaque.com\/cd\/#\/schema\/logo\/image\/\",\"url\":\"https:\/\/noticiasemdestaque.com\/cd\/wp-content\/uploads\/2022\/05\/imagem-base-noticiasemdestaque.png\",\"contentUrl\":\"https:\/\/noticiasemdestaque.com\/cd\/wp-content\/uploads\/2022\/05\/imagem-base-noticiasemdestaque.png\",\"width\":1200,\"height\":630,\"caption\":\"Not\u00edcias em Destaque\"},\"image\":{\"@id\":\"https:\/\/noticiasemdestaque.com\/cd\/#\/schema\/logo\/image\/\"}},{\"@type\":\"Person\",\"@id\":\"https:\/\/noticiasemdestaque.com\/cd\/#\/schema\/person\/47f7d4f55eec17c6b2ca036c5500f6ce\",\"name\":\"Not\u00edcias em Destaque\",\"url\":\"https:\/\/noticiasemdestaque.com\/cd\/?author=2\"}]}<\/script>\n<!-- \/ Yoast SEO plugin. -->","yoast_head_json":{"title":"Prefeitura de Monteiro investe no projeto de Combate ao Glaucoma - Not&iacute;cias em Destaque","robots":{"index":"index","follow":"follow","max-snippet":"max-snippet:-1","max-image-preview":"max-image-preview:large","max-video-preview":"max-video-preview:-1"},"canonical":"https:\/\/noticiasemdestaque.com\/cd\/?p=52","og_locale":"pt_BR","og_type":"article","og_title":"Prefeitura de Monteiro investe no projeto de Combate ao Glaucoma - Not&iacute;cias em Destaque","og_description":"A Prefeitura Municipal de Monteiro, atrav\u00e9s da Secretaria Municipal de Sa\u00fade est\u00e1 dando inicio ao Projeto Glaucoma, encaminhando ao Minist\u00e9rio da Sa\u00fade a proposta de implanta\u00e7\u00e3o do Projeto para ser aprovado, visto que \u00e9 uma doen\u00e7a que afeta a qualidade de vida das pessoas. O projeto tem como objetivo, informar a popula\u00e7\u00e3o sobre os riscos do glaucoma e assim, realizar a capacita\u00e7\u00e3o dos mesmos para gerar a busca ativa de pessoas que apresentam problemas relacionados a doen\u00e7a. A secret\u00e1ria de Sa\u00fade do munic\u00edpio, Ana Paula, informou que no Centro de Especialidades M\u00e9dicas (CEMED) j\u00e1 existem especialistas em oftalmologia que realiza atendimentos espec\u00edficos e preventivos a sa\u00fade ocular e s\u00e3o oferecidos consultas e exames e fornecimento de alguns col\u00edrios e conta com aparelhos modernos para melhor atender a popula\u00e7\u00e3o. Segundo a OMS, o glaucoma \u00e9 respons\u00e1vel por 10% de casos de cegueira. No dia 26 de maio, o Minist\u00e9rio da Sa\u00fade celebra o dia nacional de combate ao glaucoma, uma doen\u00e7a nos olhos que pode levar \u00e0 cegueira. Causada pela les\u00e3o do nervo \u00f3ptico e relacionada \u00e0 alta press\u00e3o do olho, o glaucoma pode causar s\u00e9rias altera\u00e7\u00f5es no campo visual. O tratamento para o glaucoma \u00e9 oferecido pelo Sistema \u00danico de Sa\u00fade (SUS). Em 2015, foram registrados 2,2 milh\u00f5es de atendimentos, entre exames, consultas e cirurgias, sendo 47% a mais que em 2012, quando foram registrados 1,5 milh\u00e3o de atendimentos. No ano passado, R$ 174,6 milh\u00f5es foram investidos na realiza\u00e7\u00e3o desses procedimentos. \u201cSe considerarmos todos os 16 munic\u00edpios da 5\u00aa Regi\u00e3o de Sa\u00fade da Para\u00edba, \u00e0 qual Monteiro pertence, o n\u00famero de atendimentos chega a 2.293 em 2015, e 2.379 em 2016, sendo 628 e 562 em cidad\u00e3os e cidad\u00e3s de Monteiro\u201d, disse Ana Paula. Na Para\u00edba apenas os munic\u00edpios de Jo\u00e3o Pessoa, Campina Grande, Pombal e Sousa s\u00e3o habilitados para realizar o tratamento do glaucoma, por isso os casos registrados no munic\u00edpio de Monteiro s\u00e3o levados para Campina Grande em busca do atendimento, o que causa in\u00fameros transtornos aos pacientes e \u00e0 administra\u00e7\u00e3o p\u00fablica. Diante dessa situa\u00e7\u00e3o a Secretaria Municipal de Sa\u00fade de Monteiro apresentar\u00e1 ao Minist\u00e9rio da Sa\u00fade projeto para habilitar o servi\u00e7o de diagn\u00f3stico e tratamento do glaucoma no munic\u00edpio. Esse servi\u00e7o ser\u00e1 oferecido em \u00e2mbito regional, ou seja, Monteiro garantir\u00e1 o atendimento aos cidad\u00e3os e cidad\u00e3s da 5\u00aa Regi\u00e3o de Sa\u00fade garantindo os seguintes exames: \u2013 Tonometria para medir a press\u00e3o intra-ocular \u2013 Campimetria que permite avaliar como e se o glaucoma afetou o campo de vis\u00e3o \u2013 Oftalmoscopia ou exame do fundo do olho \u2013 Gonioscopia que capta a sensibilidade das \u00e1reas visuais de cada olho atrav\u00e9s de um gr\u00e1fico Al\u00e9m dos exames supracitados, o munic\u00edpio assegurar\u00e1 a consulta para diagn\u00f3stico do glaucoma, consulta para acompanhamento e avalia\u00e7\u00e3o do glaucoma e fornecimento de toda a linha de cuidados (col\u00edrios), seja para pacientes binoculares, monoculares em todas as formas de apresenta\u00e7\u00f5es necess\u00e1rias, desde que incorporadas ao SUS pelo Minist\u00e9rio da Sa\u00fade. \u201cCom isso esperamos melhorar a qualidade de vida do povo de nossa regi\u00e3o com um atendimento mais humanizado, qualificado e confort\u00e1vel para todos os que dele necessitem\u201d, conclui Ana Paula. Cariri em Destaque Com Ascom\/PB","og_url":"https:\/\/noticiasemdestaque.com\/cd\/?p=52","og_site_name":"Not&iacute;cias em Destaque","article_published_time":"2017-05-26T16:09:51+00:00","article_modified_time":"2017-06-06T11:50:01+00:00","og_image":[{"width":547,"height":398,"url":"https:\/\/noticiasemdestaque.com\/cd\/wp-content\/uploads\/2017\/05\/timthumb.jpg","type":"image\/jpeg"}],"author":"Not\u00edcias em Destaque","twitter_card":"summary_large_image","twitter_misc":{"Escrito por":"Not\u00edcias em Destaque","Est. tempo de leitura":"3 minutos"},"schema":{"@context":"https:\/\/schema.org","@graph":[{"@type":"Article","@id":"https:\/\/noticiasemdestaque.com\/cd\/?p=52#article","isPartOf":{"@id":"https:\/\/noticiasemdestaque.com\/cd\/?p=52"},"author":{"name":"Not\u00edcias em Destaque","@id":"https:\/\/noticiasemdestaque.com\/cd\/#\/schema\/person\/47f7d4f55eec17c6b2ca036c5500f6ce"},"headline":"Prefeitura de Monteiro investe no projeto de Combate ao Glaucoma","datePublished":"2017-05-26T16:09:51+00:00","dateModified":"2017-06-06T11:50:01+00:00","mainEntityOfPage":{"@id":"https:\/\/noticiasemdestaque.com\/cd\/?p=52"},"wordCount":576,"publisher":{"@id":"https:\/\/noticiasemdestaque.com\/cd\/#organization"},"image":{"@id":"https:\/\/noticiasemdestaque.com\/cd\/?p=52#primaryimage"},"thumbnailUrl":"https:\/\/noticiasemdestaque.com\/cd\/wp-content\/uploads\/2017\/05\/timthumb.jpg","articleSection":["Cidades"],"inLanguage":"pt-BR"},{"@type":"WebPage","@id":"https:\/\/noticiasemdestaque.com\/cd\/?p=52","url":"https:\/\/noticiasemdestaque.com\/cd\/?p=52","name":"Prefeitura de Monteiro investe no projeto de Combate ao Glaucoma - Not&iacute;cias em Destaque","isPartOf":{"@id":"https:\/\/noticiasemdestaque.com\/cd\/#website"},"primaryImageOfPage":{"@id":"https:\/\/noticiasemdestaque.com\/cd\/?p=52#primaryimage"},"image":{"@id":"https:\/\/noticiasemdestaque.com\/cd\/?p=52#primaryimage"},"thumbnailUrl":"https:\/\/noticiasemdestaque.com\/cd\/wp-content\/uploads\/2017\/05\/timthumb.jpg","datePublished":"2017-05-26T16:09:51+00:00","dateModified":"2017-06-06T11:50:01+00:00","breadcrumb":{"@id":"https:\/\/noticiasemdestaque.com\/cd\/?p=52#breadcrumb"},"inLanguage":"pt-BR","potentialAction":[{"@type":"ReadAction","target":["https:\/\/noticiasemdestaque.com\/cd\/?p=52"]}]},{"@type":"ImageObject","inLanguage":"pt-BR","@id":"https:\/\/noticiasemdestaque.com\/cd\/?p=52#primaryimage","url":"https:\/\/noticiasemdestaque.com\/cd\/wp-content\/uploads\/2017\/05\/timthumb.jpg","contentUrl":"https:\/\/noticiasemdestaque.com\/cd\/wp-content\/uploads\/2017\/05\/timthumb.jpg","width":547,"height":398},{"@type":"BreadcrumbList","@id":"https:\/\/noticiasemdestaque.com\/cd\/?p=52#breadcrumb","itemListElement":[{"@type":"ListItem","position":1,"name":"In\u00edcio","item":"https:\/\/noticiasemdestaque.com\/cd\/"},{"@type":"ListItem","position":2,"name":"Prefeitura de Monteiro investe no projeto de Combate ao Glaucoma"}]},{"@type":"WebSite","@id":"https:\/\/noticiasemdestaque.com\/cd\/#website","url":"https:\/\/noticiasemdestaque.com\/cd\/","name":"Not&iacute;cias em Destaque","description":"","publisher":{"@id":"https:\/\/noticiasemdestaque.com\/cd\/#organization"},"potentialAction":[{"@type":"SearchAction","target":{"@type":"EntryPoint","urlTemplate":"https:\/\/noticiasemdestaque.com\/cd\/?s={search_term_string}"},"query-input":{"@type":"PropertyValueSpecification","valueRequired":true,"valueName":"search_term_string"}}],"inLanguage":"pt-BR"},{"@type":"Organization","@id":"https:\/\/noticiasemdestaque.com\/cd\/#organization","name":"Not\u00edcias em Destaque","url":"https:\/\/noticiasemdestaque.com\/cd\/","logo":{"@type":"ImageObject","inLanguage":"pt-BR","@id":"https:\/\/noticiasemdestaque.com\/cd\/#\/schema\/logo\/image\/","url":"https:\/\/noticiasemdestaque.com\/cd\/wp-content\/uploads\/2022\/05\/imagem-base-noticiasemdestaque.png","contentUrl":"https:\/\/noticiasemdestaque.com\/cd\/wp-content\/uploads\/2022\/05\/imagem-base-noticiasemdestaque.png","width":1200,"height":630,"caption":"Not\u00edcias em Destaque"},"image":{"@id":"https:\/\/noticiasemdestaque.com\/cd\/#\/schema\/logo\/image\/"}},{"@type":"Person","@id":"https:\/\/noticiasemdestaque.com\/cd\/#\/schema\/person\/47f7d4f55eec17c6b2ca036c5500f6ce","name":"Not\u00edcias em Destaque","url":"https:\/\/noticiasemdestaque.com\/cd\/?author=2"}]}},"jetpack_featured_media_url":"https:\/\/noticiasemdestaque.com\/cd\/wp-content\/uploads\/2017\/05\/timthumb.jpg","jetpack_sharing_enabled":true,"_links":{"self":[{"href":"https:\/\/noticiasemdestaque.com\/cd\/index.php?rest_route=\/wp\/v2\/posts\/52","targetHints":{"allow":["GET"]}}],"collection":[{"href":"https:\/\/noticiasemdestaque.com\/cd\/index.php?rest_route=\/wp\/v2\/posts"}],"about":[{"href":"https:\/\/noticiasemdestaque.com\/cd\/index.php?rest_route=\/wp\/v2\/types\/post"}],"author":[{"embeddable":true,"href":"https:\/\/noticiasemdestaque.com\/cd\/index.php?rest_route=\/wp\/v2\/users\/2"}],"replies":[{"embeddable":true,"href":"https:\/\/noticiasemdestaque.com\/cd\/index.php?rest_route=%2Fwp%2Fv2%2Fcomments&post=52"}],"version-history":[{"count":1,"href":"https:\/\/noticiasemdestaque.com\/cd\/index.php?rest_route=\/wp\/v2\/posts\/52\/revisions"}],"predecessor-version":[{"id":54,"href":"https:\/\/noticiasemdestaque.com\/cd\/index.php?rest_route=\/wp\/v2\/posts\/52\/revisions\/54"}],"wp:featuredmedia":[{"embeddable":true,"href":"https:\/\/noticiasemdestaque.com\/cd\/index.php?rest_route=\/wp\/v2\/media\/53"}],"wp:attachment":[{"href":"https:\/\/noticiasemdestaque.com\/cd\/index.php?rest_route=%2Fwp%2Fv2%2Fmedia&parent=52"}],"wp:term":[{"taxonomy":"category","embeddable":true,"href":"https:\/\/noticiasemdestaque.com\/cd\/index.php?rest_route=%2Fwp%2Fv2%2Fcategories&post=52"},{"taxonomy":"post_tag","embeddable":true,"href":"https:\/\/noticiasemdestaque.com\/cd\/index.php?rest_route=%2Fwp%2Fv2%2Ftags&post=52"}],"curies":[{"name":"wp","href":"https:\/\/api.w.org\/{rel}","templated":true}]}}