{"id":5194,"date":"2017-10-16T08:57:04","date_gmt":"2017-10-16T11:57:04","guid":{"rendered":"http:\/\/caririemdestaque.com\/cd\/?p=5194"},"modified":"2017-10-16T08:57:04","modified_gmt":"2017-10-16T11:57:04","slug":"pf-faz-buscas-em-gabinete-de-deputado","status":"publish","type":"post","link":"https:\/\/noticiasemdestaque.com\/cd\/?p=5194","title":{"rendered":"PF faz buscas em gabinete de deputado"},"content":{"rendered":"<figure id=\"attachment_5195\" aria-describedby=\"caption-attachment-5195\" style=\"width: 150px\" class=\"wp-caption alignleft\"><a href=\"http:\/\/caririemdestaque.com\/cd\/wp-content\/uploads\/2017\/10\/whatsapp-image-2017-10-16-at-07.06.50-300x225.jpeg\"><img decoding=\"async\" class=\"size-thumbnail wp-image-5195\" src=\"http:\/\/caririemdestaque.com\/cd\/wp-content\/uploads\/2017\/10\/whatsapp-image-2017-10-16-at-07.06.50-300x225-150x150.jpeg\" alt=\"\" width=\"150\" height=\"150\" \/><\/a><figcaption id=\"caption-attachment-5195\" class=\"wp-caption-text\">Foto: Reprodu\u00e7\u00e3o\/TV Globo<\/figcaption><\/figure>\n<p>A Pol\u00edcia Federal faz buscas na C\u00e2mara dos Deputados na manh\u00e3 desta segunda-feira (16) em Bras\u00edlia. A a\u00e7\u00e3o ocorre a pedido da Procuradoria-Geral da Rep\u00fablica. Um dos alvos \u00e9 o gabinete do deputado L\u00facio Vieira Lima (PMDB-BA). Agentes da PF chegaram a interditar o acesso ao sexto andar do anexo IV, onde fica o gabinete.<\/p>\n<p>L\u00facio \u00e9 irm\u00e3o do ex-ministro Geddel Vieira Lima,\u00a0preso por tempo indeterminado desde julho, ap\u00f3s investigadores apreenderem\u00a0R$ 51 milh\u00f5es em um im\u00f3vel atribu\u00eddo ao pol\u00edtico. Segundo a PF, \u00e9 a maior apreens\u00e3o de dinheiro vivo da hist\u00f3ria da corpora\u00e7\u00e3o.<\/p>\n<p>Em setembro, as\u00a0investiga\u00e7\u00f5es sobre o assunto foram remetidas ao Supremo Tribunal Federal\u00a0(STF). O motivo da transfer\u00eancia do caso para o STF s\u00e3o os ind\u00edcios encontrados nas investiga\u00e7\u00f5es em rela\u00e7\u00e3o a L\u00facio Vieira Lima, que, na condi\u00e7\u00e3o de deputado federal, tem foro privilegiado no STF. Segundo a PF, o apartamento foi emprestado a L\u00facio Vieira Lima e era usado por Geddel.<\/p>\n<p>Fonte: G1<\/p>\n<p>&nbsp;<\/p>\n","protected":false},"excerpt":{"rendered":"<p>A Pol\u00edcia Federal faz buscas na C\u00e2mara dos Deputados na manh\u00e3 desta segunda-feira (16) em Bras\u00edlia. A a\u00e7\u00e3o ocorre a pedido da Procuradoria-Geral da Rep\u00fablica. Um dos alvos \u00e9 o gabinete do deputado L\u00facio Vieira Lima (PMDB-BA). Agentes da PF chegaram a interditar o acesso ao sexto andar do anexo IV, onde fica o gabinete. L\u00facio \u00e9 irm\u00e3o do ex-ministro Geddel Vieira Lima,\u00a0preso por tempo indeterminado desde julho, ap\u00f3s investigadores apreenderem\u00a0R$ 51 milh\u00f5es em um im\u00f3vel atribu\u00eddo ao pol\u00edtico. Segundo a PF, \u00e9 a maior apreens\u00e3o de dinheiro vivo da hist\u00f3ria da corpora\u00e7\u00e3o. Em setembro, as\u00a0investiga\u00e7\u00f5es sobre o assunto foram remetidas ao Supremo Tribunal Federal\u00a0(STF). O motivo da transfer\u00eancia do caso para o STF s\u00e3o os ind\u00edcios encontrados nas investiga\u00e7\u00f5es em rela\u00e7\u00e3o a L\u00facio Vieira Lima, que, na condi\u00e7\u00e3o de deputado federal, tem foro privilegiado no STF. Segundo a PF, o apartamento foi emprestado a L\u00facio Vieira Lima e era usado por Geddel. Fonte: G1 &nbsp;<\/p>\n","protected":false},"author":2,"featured_media":5195,"comment_status":"closed","ping_status":"open","sticky":false,"template":"","format":"standard","meta":{"_eb_attr":"","_jetpack_memberships_contains_paid_content":false,"footnotes":""},"categories":[4],"tags":[],"class_list":["post-5194","post","type-post","status-publish","format-standard","has-post-thumbnail","hentry","category-politica"],"yoast_head":"<!-- This site is optimized with the Yoast SEO plugin v26.5 - https:\/\/yoast.com\/wordpress\/plugins\/seo\/ -->\n<title>PF faz buscas em gabinete de deputado - Not&iacute;cias em Destaque<\/title>\n<meta name=\"robots\" content=\"index, follow, max-snippet:-1, max-image-preview:large, max-video-preview:-1\" \/>\n<link rel=\"canonical\" href=\"https:\/\/noticiasemdestaque.com\/cd\/?p=5194\" \/>\n<meta property=\"og:locale\" content=\"pt_BR\" \/>\n<meta property=\"og:type\" content=\"article\" \/>\n<meta property=\"og:title\" content=\"PF faz buscas em gabinete de deputado - Not&iacute;cias em Destaque\" \/>\n<meta property=\"og:description\" content=\"A Pol\u00edcia Federal faz buscas na C\u00e2mara dos Deputados na manh\u00e3 desta segunda-feira (16) em Bras\u00edlia. A a\u00e7\u00e3o ocorre a pedido da Procuradoria-Geral da Rep\u00fablica. Um dos alvos \u00e9 o gabinete do deputado L\u00facio Vieira Lima (PMDB-BA). Agentes da PF chegaram a interditar o acesso ao sexto andar do anexo IV, onde fica o gabinete. L\u00facio \u00e9 irm\u00e3o do ex-ministro Geddel Vieira Lima,\u00a0preso por tempo indeterminado desde julho, ap\u00f3s investigadores apreenderem\u00a0R$ 51 milh\u00f5es em um im\u00f3vel atribu\u00eddo ao pol\u00edtico. Segundo a PF, \u00e9 a maior apreens\u00e3o de dinheiro vivo da hist\u00f3ria da corpora\u00e7\u00e3o. Em setembro, as\u00a0investiga\u00e7\u00f5es sobre o assunto foram remetidas ao Supremo Tribunal Federal\u00a0(STF). O motivo da transfer\u00eancia do caso para o STF s\u00e3o os ind\u00edcios encontrados nas investiga\u00e7\u00f5es em rela\u00e7\u00e3o a L\u00facio Vieira Lima, que, na condi\u00e7\u00e3o de deputado federal, tem foro privilegiado no STF. Segundo a PF, o apartamento foi emprestado a L\u00facio Vieira Lima e era usado por Geddel. Fonte: G1 &nbsp;\" \/>\n<meta property=\"og:url\" content=\"https:\/\/noticiasemdestaque.com\/cd\/?p=5194\" \/>\n<meta property=\"og:site_name\" content=\"Not&iacute;cias em Destaque\" \/>\n<meta property=\"article:published_time\" content=\"2017-10-16T11:57:04+00:00\" \/>\n<meta property=\"og:image\" content=\"https:\/\/noticiasemdestaque.com\/cd\/wp-content\/uploads\/2017\/10\/whatsapp-image-2017-10-16-at-07.06.50-300x225.jpeg\" \/>\n\t<meta property=\"og:image:width\" content=\"300\" \/>\n\t<meta property=\"og:image:height\" content=\"225\" \/>\n\t<meta property=\"og:image:type\" content=\"image\/jpeg\" \/>\n<meta name=\"author\" content=\"Not\u00edcias em Destaque\" \/>\n<meta name=\"twitter:card\" content=\"summary_large_image\" \/>\n<meta name=\"twitter:label1\" content=\"Escrito por\" \/>\n\t<meta name=\"twitter:data1\" content=\"Not\u00edcias em Destaque\" \/>\n\t<meta name=\"twitter:label2\" content=\"Est. tempo de leitura\" \/>\n\t<meta name=\"twitter:data2\" content=\"1 minuto\" \/>\n<script type=\"application\/ld+json\" class=\"yoast-schema-graph\">{\"@context\":\"https:\/\/schema.org\",\"@graph\":[{\"@type\":\"Article\",\"@id\":\"https:\/\/noticiasemdestaque.com\/cd\/?p=5194#article\",\"isPartOf\":{\"@id\":\"https:\/\/noticiasemdestaque.com\/cd\/?p=5194\"},\"author\":{\"name\":\"Not\u00edcias em Destaque\",\"@id\":\"https:\/\/noticiasemdestaque.com\/cd\/#\/schema\/person\/21320b03a7e8bb90128938dafc9b908a\"},\"headline\":\"PF faz buscas em gabinete de deputado\",\"datePublished\":\"2017-10-16T11:57:04+00:00\",\"mainEntityOfPage\":{\"@id\":\"https:\/\/noticiasemdestaque.com\/cd\/?p=5194\"},\"wordCount\":199,\"publisher\":{\"@id\":\"https:\/\/noticiasemdestaque.com\/cd\/#organization\"},\"image\":{\"@id\":\"https:\/\/noticiasemdestaque.com\/cd\/?p=5194#primaryimage\"},\"thumbnailUrl\":\"https:\/\/noticiasemdestaque.com\/cd\/wp-content\/uploads\/2017\/10\/whatsapp-image-2017-10-16-at-07.06.50-300x225.jpeg\",\"articleSection\":[\"Pol\u00edtica\"],\"inLanguage\":\"pt-BR\"},{\"@type\":\"WebPage\",\"@id\":\"https:\/\/noticiasemdestaque.com\/cd\/?p=5194\",\"url\":\"https:\/\/noticiasemdestaque.com\/cd\/?p=5194\",\"name\":\"PF faz buscas em gabinete de deputado - Not&iacute;cias em Destaque\",\"isPartOf\":{\"@id\":\"https:\/\/noticiasemdestaque.com\/cd\/#website\"},\"primaryImageOfPage\":{\"@id\":\"https:\/\/noticiasemdestaque.com\/cd\/?p=5194#primaryimage\"},\"image\":{\"@id\":\"https:\/\/noticiasemdestaque.com\/cd\/?p=5194#primaryimage\"},\"thumbnailUrl\":\"https:\/\/noticiasemdestaque.com\/cd\/wp-content\/uploads\/2017\/10\/whatsapp-image-2017-10-16-at-07.06.50-300x225.jpeg\",\"datePublished\":\"2017-10-16T11:57:04+00:00\",\"breadcrumb\":{\"@id\":\"https:\/\/noticiasemdestaque.com\/cd\/?p=5194#breadcrumb\"},\"inLanguage\":\"pt-BR\",\"potentialAction\":[{\"@type\":\"ReadAction\",\"target\":[\"https:\/\/noticiasemdestaque.com\/cd\/?p=5194\"]}]},{\"@type\":\"ImageObject\",\"inLanguage\":\"pt-BR\",\"@id\":\"https:\/\/noticiasemdestaque.com\/cd\/?p=5194#primaryimage\",\"url\":\"https:\/\/noticiasemdestaque.com\/cd\/wp-content\/uploads\/2017\/10\/whatsapp-image-2017-10-16-at-07.06.50-300x225.jpeg\",\"contentUrl\":\"https:\/\/noticiasemdestaque.com\/cd\/wp-content\/uploads\/2017\/10\/whatsapp-image-2017-10-16-at-07.06.50-300x225.jpeg\",\"width\":300,\"height\":225,\"caption\":\"Foto: Reprodu\u00e7\u00e3o\/TV Globo\"},{\"@type\":\"BreadcrumbList\",\"@id\":\"https:\/\/noticiasemdestaque.com\/cd\/?p=5194#breadcrumb\",\"itemListElement\":[{\"@type\":\"ListItem\",\"position\":1,\"name\":\"In\u00edcio\",\"item\":\"https:\/\/noticiasemdestaque.com\/cd\/\"},{\"@type\":\"ListItem\",\"position\":2,\"name\":\"PF faz buscas em gabinete de deputado\"}]},{\"@type\":\"WebSite\",\"@id\":\"https:\/\/noticiasemdestaque.com\/cd\/#website\",\"url\":\"https:\/\/noticiasemdestaque.com\/cd\/\",\"name\":\"Not&iacute;cias em Destaque\",\"description\":\"\",\"publisher\":{\"@id\":\"https:\/\/noticiasemdestaque.com\/cd\/#organization\"},\"potentialAction\":[{\"@type\":\"SearchAction\",\"target\":{\"@type\":\"EntryPoint\",\"urlTemplate\":\"https:\/\/noticiasemdestaque.com\/cd\/?s={search_term_string}\"},\"query-input\":{\"@type\":\"PropertyValueSpecification\",\"valueRequired\":true,\"valueName\":\"search_term_string\"}}],\"inLanguage\":\"pt-BR\"},{\"@type\":\"Organization\",\"@id\":\"https:\/\/noticiasemdestaque.com\/cd\/#organization\",\"name\":\"Not\u00edcias em Destaque\",\"url\":\"https:\/\/noticiasemdestaque.com\/cd\/\",\"logo\":{\"@type\":\"ImageObject\",\"inLanguage\":\"pt-BR\",\"@id\":\"https:\/\/noticiasemdestaque.com\/cd\/#\/schema\/logo\/image\/\",\"url\":\"https:\/\/noticiasemdestaque.com\/cd\/wp-content\/uploads\/2022\/05\/imagem-base-noticiasemdestaque.png\",\"contentUrl\":\"https:\/\/noticiasemdestaque.com\/cd\/wp-content\/uploads\/2022\/05\/imagem-base-noticiasemdestaque.png\",\"width\":1200,\"height\":630,\"caption\":\"Not\u00edcias em Destaque\"},\"image\":{\"@id\":\"https:\/\/noticiasemdestaque.com\/cd\/#\/schema\/logo\/image\/\"}},{\"@type\":\"Person\",\"@id\":\"https:\/\/noticiasemdestaque.com\/cd\/#\/schema\/person\/21320b03a7e8bb90128938dafc9b908a\",\"name\":\"Not\u00edcias em Destaque\",\"url\":\"https:\/\/noticiasemdestaque.com\/cd\/?author=2\"}]}<\/script>\n<!-- \/ Yoast SEO plugin. -->","yoast_head_json":{"title":"PF faz buscas em gabinete de deputado - Not&iacute;cias em Destaque","robots":{"index":"index","follow":"follow","max-snippet":"max-snippet:-1","max-image-preview":"max-image-preview:large","max-video-preview":"max-video-preview:-1"},"canonical":"https:\/\/noticiasemdestaque.com\/cd\/?p=5194","og_locale":"pt_BR","og_type":"article","og_title":"PF faz buscas em gabinete de deputado - Not&iacute;cias em Destaque","og_description":"A Pol\u00edcia Federal faz buscas na C\u00e2mara dos Deputados na manh\u00e3 desta segunda-feira (16) em Bras\u00edlia. A a\u00e7\u00e3o ocorre a pedido da Procuradoria-Geral da Rep\u00fablica. Um dos alvos \u00e9 o gabinete do deputado L\u00facio Vieira Lima (PMDB-BA). Agentes da PF chegaram a interditar o acesso ao sexto andar do anexo IV, onde fica o gabinete. L\u00facio \u00e9 irm\u00e3o do ex-ministro Geddel Vieira Lima,\u00a0preso por tempo indeterminado desde julho, ap\u00f3s investigadores apreenderem\u00a0R$ 51 milh\u00f5es em um im\u00f3vel atribu\u00eddo ao pol\u00edtico. Segundo a PF, \u00e9 a maior apreens\u00e3o de dinheiro vivo da hist\u00f3ria da corpora\u00e7\u00e3o. Em setembro, as\u00a0investiga\u00e7\u00f5es sobre o assunto foram remetidas ao Supremo Tribunal Federal\u00a0(STF). O motivo da transfer\u00eancia do caso para o STF s\u00e3o os ind\u00edcios encontrados nas investiga\u00e7\u00f5es em rela\u00e7\u00e3o a L\u00facio Vieira Lima, que, na condi\u00e7\u00e3o de deputado federal, tem foro privilegiado no STF. Segundo a PF, o apartamento foi emprestado a L\u00facio Vieira Lima e era usado por Geddel. Fonte: G1 &nbsp;","og_url":"https:\/\/noticiasemdestaque.com\/cd\/?p=5194","og_site_name":"Not&iacute;cias em Destaque","article_published_time":"2017-10-16T11:57:04+00:00","og_image":[{"width":300,"height":225,"url":"https:\/\/noticiasemdestaque.com\/cd\/wp-content\/uploads\/2017\/10\/whatsapp-image-2017-10-16-at-07.06.50-300x225.jpeg","type":"image\/jpeg"}],"author":"Not\u00edcias em Destaque","twitter_card":"summary_large_image","twitter_misc":{"Escrito por":"Not\u00edcias em Destaque","Est. tempo de leitura":"1 minuto"},"schema":{"@context":"https:\/\/schema.org","@graph":[{"@type":"Article","@id":"https:\/\/noticiasemdestaque.com\/cd\/?p=5194#article","isPartOf":{"@id":"https:\/\/noticiasemdestaque.com\/cd\/?p=5194"},"author":{"name":"Not\u00edcias em Destaque","@id":"https:\/\/noticiasemdestaque.com\/cd\/#\/schema\/person\/21320b03a7e8bb90128938dafc9b908a"},"headline":"PF faz buscas em gabinete de deputado","datePublished":"2017-10-16T11:57:04+00:00","mainEntityOfPage":{"@id":"https:\/\/noticiasemdestaque.com\/cd\/?p=5194"},"wordCount":199,"publisher":{"@id":"https:\/\/noticiasemdestaque.com\/cd\/#organization"},"image":{"@id":"https:\/\/noticiasemdestaque.com\/cd\/?p=5194#primaryimage"},"thumbnailUrl":"https:\/\/noticiasemdestaque.com\/cd\/wp-content\/uploads\/2017\/10\/whatsapp-image-2017-10-16-at-07.06.50-300x225.jpeg","articleSection":["Pol\u00edtica"],"inLanguage":"pt-BR"},{"@type":"WebPage","@id":"https:\/\/noticiasemdestaque.com\/cd\/?p=5194","url":"https:\/\/noticiasemdestaque.com\/cd\/?p=5194","name":"PF faz buscas em gabinete de deputado - Not&iacute;cias em Destaque","isPartOf":{"@id":"https:\/\/noticiasemdestaque.com\/cd\/#website"},"primaryImageOfPage":{"@id":"https:\/\/noticiasemdestaque.com\/cd\/?p=5194#primaryimage"},"image":{"@id":"https:\/\/noticiasemdestaque.com\/cd\/?p=5194#primaryimage"},"thumbnailUrl":"https:\/\/noticiasemdestaque.com\/cd\/wp-content\/uploads\/2017\/10\/whatsapp-image-2017-10-16-at-07.06.50-300x225.jpeg","datePublished":"2017-10-16T11:57:04+00:00","breadcrumb":{"@id":"https:\/\/noticiasemdestaque.com\/cd\/?p=5194#breadcrumb"},"inLanguage":"pt-BR","potentialAction":[{"@type":"ReadAction","target":["https:\/\/noticiasemdestaque.com\/cd\/?p=5194"]}]},{"@type":"ImageObject","inLanguage":"pt-BR","@id":"https:\/\/noticiasemdestaque.com\/cd\/?p=5194#primaryimage","url":"https:\/\/noticiasemdestaque.com\/cd\/wp-content\/uploads\/2017\/10\/whatsapp-image-2017-10-16-at-07.06.50-300x225.jpeg","contentUrl":"https:\/\/noticiasemdestaque.com\/cd\/wp-content\/uploads\/2017\/10\/whatsapp-image-2017-10-16-at-07.06.50-300x225.jpeg","width":300,"height":225,"caption":"Foto: Reprodu\u00e7\u00e3o\/TV Globo"},{"@type":"BreadcrumbList","@id":"https:\/\/noticiasemdestaque.com\/cd\/?p=5194#breadcrumb","itemListElement":[{"@type":"ListItem","position":1,"name":"In\u00edcio","item":"https:\/\/noticiasemdestaque.com\/cd\/"},{"@type":"ListItem","position":2,"name":"PF faz buscas em gabinete de deputado"}]},{"@type":"WebSite","@id":"https:\/\/noticiasemdestaque.com\/cd\/#website","url":"https:\/\/noticiasemdestaque.com\/cd\/","name":"Not&iacute;cias em Destaque","description":"","publisher":{"@id":"https:\/\/noticiasemdestaque.com\/cd\/#organization"},"potentialAction":[{"@type":"SearchAction","target":{"@type":"EntryPoint","urlTemplate":"https:\/\/noticiasemdestaque.com\/cd\/?s={search_term_string}"},"query-input":{"@type":"PropertyValueSpecification","valueRequired":true,"valueName":"search_term_string"}}],"inLanguage":"pt-BR"},{"@type":"Organization","@id":"https:\/\/noticiasemdestaque.com\/cd\/#organization","name":"Not\u00edcias em Destaque","url":"https:\/\/noticiasemdestaque.com\/cd\/","logo":{"@type":"ImageObject","inLanguage":"pt-BR","@id":"https:\/\/noticiasemdestaque.com\/cd\/#\/schema\/logo\/image\/","url":"https:\/\/noticiasemdestaque.com\/cd\/wp-content\/uploads\/2022\/05\/imagem-base-noticiasemdestaque.png","contentUrl":"https:\/\/noticiasemdestaque.com\/cd\/wp-content\/uploads\/2022\/05\/imagem-base-noticiasemdestaque.png","width":1200,"height":630,"caption":"Not\u00edcias em Destaque"},"image":{"@id":"https:\/\/noticiasemdestaque.com\/cd\/#\/schema\/logo\/image\/"}},{"@type":"Person","@id":"https:\/\/noticiasemdestaque.com\/cd\/#\/schema\/person\/21320b03a7e8bb90128938dafc9b908a","name":"Not\u00edcias em Destaque","url":"https:\/\/noticiasemdestaque.com\/cd\/?author=2"}]}},"jetpack_featured_media_url":"https:\/\/noticiasemdestaque.com\/cd\/wp-content\/uploads\/2017\/10\/whatsapp-image-2017-10-16-at-07.06.50-300x225.jpeg","jetpack_sharing_enabled":true,"_links":{"self":[{"href":"https:\/\/noticiasemdestaque.com\/cd\/index.php?rest_route=\/wp\/v2\/posts\/5194","targetHints":{"allow":["GET"]}}],"collection":[{"href":"https:\/\/noticiasemdestaque.com\/cd\/index.php?rest_route=\/wp\/v2\/posts"}],"about":[{"href":"https:\/\/noticiasemdestaque.com\/cd\/index.php?rest_route=\/wp\/v2\/types\/post"}],"author":[{"embeddable":true,"href":"https:\/\/noticiasemdestaque.com\/cd\/index.php?rest_route=\/wp\/v2\/users\/2"}],"replies":[{"embeddable":true,"href":"https:\/\/noticiasemdestaque.com\/cd\/index.php?rest_route=%2Fwp%2Fv2%2Fcomments&post=5194"}],"version-history":[{"count":1,"href":"https:\/\/noticiasemdestaque.com\/cd\/index.php?rest_route=\/wp\/v2\/posts\/5194\/revisions"}],"predecessor-version":[{"id":5196,"href":"https:\/\/noticiasemdestaque.com\/cd\/index.php?rest_route=\/wp\/v2\/posts\/5194\/revisions\/5196"}],"wp:featuredmedia":[{"embeddable":true,"href":"https:\/\/noticiasemdestaque.com\/cd\/index.php?rest_route=\/wp\/v2\/media\/5195"}],"wp:attachment":[{"href":"https:\/\/noticiasemdestaque.com\/cd\/index.php?rest_route=%2Fwp%2Fv2%2Fmedia&parent=5194"}],"wp:term":[{"taxonomy":"category","embeddable":true,"href":"https:\/\/noticiasemdestaque.com\/cd\/index.php?rest_route=%2Fwp%2Fv2%2Fcategories&post=5194"},{"taxonomy":"post_tag","embeddable":true,"href":"https:\/\/noticiasemdestaque.com\/cd\/index.php?rest_route=%2Fwp%2Fv2%2Ftags&post=5194"}],"curies":[{"name":"wp","href":"https:\/\/api.w.org\/{rel}","templated":true}]}}