{"id":51850,"date":"2023-10-02T14:53:44","date_gmt":"2023-10-02T17:53:44","guid":{"rendered":"https:\/\/noticiasemdestaque.com\/cd\/?p=51850"},"modified":"2023-10-02T14:53:44","modified_gmt":"2023-10-02T17:53:44","slug":"prefeitos-caririzeiros-embarcam-para-brasilia-para-mobilizacao-contra-queda-no-fpm-nesta-semana","status":"publish","type":"post","link":"https:\/\/noticiasemdestaque.com\/cd\/?p=51850","title":{"rendered":"Prefeitos caririzeiros embarcam para Bras\u00edlia para mobiliza\u00e7\u00e3o contra queda no FPM nesta semana"},"content":{"rendered":"<p><a href=\"https:\/\/noticiasemdestaque.com\/cd\/wp-content\/uploads\/2023\/08\/brasilia-1536x735-2-960x640-1.jpg\"><img fetchpriority=\"high\" decoding=\"async\" class=\"wp-image-50711 size-full aligncenter\" src=\"https:\/\/noticiasemdestaque.com\/cd\/wp-content\/uploads\/2023\/08\/brasilia-1536x735-2-960x640-1.jpg\" alt=\"\" width=\"960\" height=\"640\" srcset=\"https:\/\/noticiasemdestaque.com\/cd\/wp-content\/uploads\/2023\/08\/brasilia-1536x735-2-960x640-1.jpg 960w, https:\/\/noticiasemdestaque.com\/cd\/wp-content\/uploads\/2023\/08\/brasilia-1536x735-2-960x640-1-300x200.jpg 300w, https:\/\/noticiasemdestaque.com\/cd\/wp-content\/uploads\/2023\/08\/brasilia-1536x735-2-960x640-1-768x512.jpg 768w, https:\/\/noticiasemdestaque.com\/cd\/wp-content\/uploads\/2023\/08\/brasilia-1536x735-2-960x640-1-18x12.jpg 18w\" sizes=\"(max-width: 960px) 100vw, 960px\" \/><\/a><\/p>\n<p>V\u00e1rios prefeitos da regi\u00e3o do Cariri paraibano embarcam nesta segunda-feira (02), com destino \u00e0 Bras\u00edlia, para uma mobiliza\u00e7\u00e3o convocada pela Confedera\u00e7\u00e3o Nacional de Munic\u00edpios (CNM), nos dias 3 e 4 de outubro ser\u00e1 no Centro de Conven\u00e7\u00f5es Ulysses Guimar\u00e3es, localizado no Setor de Divulga\u00e7\u00e3o Cultural.<\/p>\n<p>Entre as pautas que devem ser foco da atua\u00e7\u00e3o do movimento municipalista na capital federal est\u00e1 a aprova\u00e7\u00e3o do repasse adicional de 1,5% do Fundo de Participa\u00e7\u00e3o dos Munic\u00edpios (FPM) para o m\u00eas de mar\u00e7o, previsto na Proposta de Emenda \u00e0 Constitui\u00e7\u00e3o (PEC) 25\/2022, que aguarda an\u00e1lise na Comiss\u00e3o de Constitui\u00e7\u00e3o e Justi\u00e7a e de Cidadania (CCJC) da C\u00e2mara dos Deputados, e as quedas no repasse do FPM, que vem ocorrendo desde julho.<\/p>\n<p>O prefeito e presidente da Associa\u00e7\u00e3o dos Munic\u00edpios do Cariri Paraibano \u2013 AMCAP, Adriano Wolff, afirmou que dezenas de prefeitos da Para\u00edba ir\u00e3o aderir ao movimento em Bras\u00edlia. \u201c\u201c\u00c9 necess\u00e1rio e urgente um debate federativo a fim de que medidas estruturantes sejam adotadas para que os Munic\u00edpios saiam dessa situa\u00e7\u00e3o de colapso\u201d, enfatiza Adriano.<\/p>\n<p>Ele refor\u00e7a que a participa\u00e7\u00e3o expressiva dos gestores municipais mostrar\u00e1 aos representantes do Executivo, Legislativo e \u00f3rg\u00e3os de controle a busca incisiva dos municipalistas por uma solu\u00e7\u00e3o efetiva.<\/p>\n<p>Adriano Wolff ainda aproveitou para destacar que a viagem servir\u00e1 tamb\u00e9m para indica\u00e7\u00e3o e aloca\u00e7\u00e3o de emendas parlamentares junto aos deputados federais e senadores paraibanos para 2024.<\/p>\n<p><em><strong>Not\u00edcias em Destaque<\/strong><\/em><\/p>\n<p>Com De Olho no Cariri<\/p>\n","protected":false},"excerpt":{"rendered":"<p>V\u00e1rios prefeitos da regi\u00e3o do Cariri paraibano embarcam nesta segunda-feira (02), com destino \u00e0 Bras\u00edlia, para uma mobiliza\u00e7\u00e3o convocada pela Confedera\u00e7\u00e3o Nacional de Munic\u00edpios (CNM), nos dias 3 e 4 de outubro ser\u00e1 no Centro de Conven\u00e7\u00f5es Ulysses Guimar\u00e3es, localizado no Setor de Divulga\u00e7\u00e3o Cultural. Entre as pautas que devem ser foco da atua\u00e7\u00e3o do movimento municipalista na capital federal est\u00e1 a aprova\u00e7\u00e3o do repasse adicional de 1,5% do Fundo de Participa\u00e7\u00e3o dos Munic\u00edpios (FPM) para o m\u00eas de mar\u00e7o, previsto na Proposta de Emenda \u00e0 Constitui\u00e7\u00e3o (PEC) 25\/2022, que aguarda an\u00e1lise na Comiss\u00e3o de Constitui\u00e7\u00e3o e Justi\u00e7a e de Cidadania (CCJC) da C\u00e2mara dos Deputados, e as quedas no repasse do FPM, que vem ocorrendo desde julho. O prefeito e presidente da Associa\u00e7\u00e3o dos Munic\u00edpios do Cariri Paraibano \u2013 AMCAP, Adriano Wolff, afirmou que dezenas de prefeitos da Para\u00edba ir\u00e3o aderir ao movimento em Bras\u00edlia. \u201c\u201c\u00c9 necess\u00e1rio e urgente um debate federativo a fim de que medidas estruturantes sejam adotadas para que os Munic\u00edpios saiam dessa situa\u00e7\u00e3o de colapso\u201d, enfatiza Adriano. Ele refor\u00e7a que a participa\u00e7\u00e3o expressiva dos gestores municipais mostrar\u00e1 aos representantes do Executivo, Legislativo e \u00f3rg\u00e3os de controle a busca incisiva dos municipalistas por uma solu\u00e7\u00e3o efetiva. Adriano Wolff ainda aproveitou para destacar que a viagem servir\u00e1 tamb\u00e9m para indica\u00e7\u00e3o e aloca\u00e7\u00e3o de emendas parlamentares junto aos deputados federais e senadores paraibanos para 2024. Not\u00edcias em Destaque Com De Olho no Cariri<\/p>\n","protected":false},"author":2,"featured_media":50711,"comment_status":"closed","ping_status":"open","sticky":false,"template":"","format":"standard","meta":{"_eb_attr":"","_jetpack_memberships_contains_paid_content":false,"footnotes":""},"categories":[3],"tags":[],"class_list":["post-51850","post","type-post","status-publish","format-standard","has-post-thumbnail","hentry","category-cidades"],"yoast_head":"<!-- This site is optimized with the Yoast SEO plugin v26.5 - https:\/\/yoast.com\/wordpress\/plugins\/seo\/ -->\n<title>Prefeitos caririzeiros embarcam para Bras\u00edlia para mobiliza\u00e7\u00e3o contra queda no FPM nesta semana - Not&iacute;cias em Destaque<\/title>\n<meta name=\"robots\" content=\"index, follow, max-snippet:-1, max-image-preview:large, max-video-preview:-1\" \/>\n<link rel=\"canonical\" href=\"https:\/\/noticiasemdestaque.com\/cd\/?p=51850\" \/>\n<meta property=\"og:locale\" content=\"pt_BR\" \/>\n<meta property=\"og:type\" content=\"article\" \/>\n<meta property=\"og:title\" content=\"Prefeitos caririzeiros embarcam para Bras\u00edlia para mobiliza\u00e7\u00e3o contra queda no FPM nesta semana - Not&iacute;cias em Destaque\" \/>\n<meta property=\"og:description\" content=\"V\u00e1rios prefeitos da regi\u00e3o do Cariri paraibano embarcam nesta segunda-feira (02), com destino \u00e0 Bras\u00edlia, para uma mobiliza\u00e7\u00e3o convocada pela Confedera\u00e7\u00e3o Nacional de Munic\u00edpios (CNM), nos dias 3 e 4 de outubro ser\u00e1 no Centro de Conven\u00e7\u00f5es Ulysses Guimar\u00e3es, localizado no Setor de Divulga\u00e7\u00e3o Cultural. Entre as pautas que devem ser foco da atua\u00e7\u00e3o do movimento municipalista na capital federal est\u00e1 a aprova\u00e7\u00e3o do repasse adicional de 1,5% do Fundo de Participa\u00e7\u00e3o dos Munic\u00edpios (FPM) para o m\u00eas de mar\u00e7o, previsto na Proposta de Emenda \u00e0 Constitui\u00e7\u00e3o (PEC) 25\/2022, que aguarda an\u00e1lise na Comiss\u00e3o de Constitui\u00e7\u00e3o e Justi\u00e7a e de Cidadania (CCJC) da C\u00e2mara dos Deputados, e as quedas no repasse do FPM, que vem ocorrendo desde julho. O prefeito e presidente da Associa\u00e7\u00e3o dos Munic\u00edpios do Cariri Paraibano \u2013 AMCAP, Adriano Wolff, afirmou que dezenas de prefeitos da Para\u00edba ir\u00e3o aderir ao movimento em Bras\u00edlia. \u201c\u201c\u00c9 necess\u00e1rio e urgente um debate federativo a fim de que medidas estruturantes sejam adotadas para que os Munic\u00edpios saiam dessa situa\u00e7\u00e3o de colapso\u201d, enfatiza Adriano. Ele refor\u00e7a que a participa\u00e7\u00e3o expressiva dos gestores municipais mostrar\u00e1 aos representantes do Executivo, Legislativo e \u00f3rg\u00e3os de controle a busca incisiva dos municipalistas por uma solu\u00e7\u00e3o efetiva. Adriano Wolff ainda aproveitou para destacar que a viagem servir\u00e1 tamb\u00e9m para indica\u00e7\u00e3o e aloca\u00e7\u00e3o de emendas parlamentares junto aos deputados federais e senadores paraibanos para 2024. Not\u00edcias em Destaque Com De Olho no Cariri\" \/>\n<meta property=\"og:url\" content=\"https:\/\/noticiasemdestaque.com\/cd\/?p=51850\" \/>\n<meta property=\"og:site_name\" content=\"Not&iacute;cias em Destaque\" \/>\n<meta property=\"article:published_time\" content=\"2023-10-02T17:53:44+00:00\" \/>\n<meta property=\"og:image\" content=\"https:\/\/noticiasemdestaque.com\/cd\/wp-content\/uploads\/2023\/08\/brasilia-1536x735-2-960x640-1.jpg\" \/>\n\t<meta property=\"og:image:width\" content=\"960\" \/>\n\t<meta property=\"og:image:height\" content=\"640\" \/>\n\t<meta property=\"og:image:type\" content=\"image\/jpeg\" \/>\n<meta name=\"author\" content=\"Not\u00edcias em Destaque\" \/>\n<meta name=\"twitter:card\" content=\"summary_large_image\" \/>\n<meta name=\"twitter:label1\" content=\"Escrito por\" \/>\n\t<meta name=\"twitter:data1\" content=\"Not\u00edcias em Destaque\" \/>\n\t<meta name=\"twitter:label2\" content=\"Est. tempo de leitura\" \/>\n\t<meta name=\"twitter:data2\" content=\"2 minutos\" \/>\n<script type=\"application\/ld+json\" class=\"yoast-schema-graph\">{\"@context\":\"https:\/\/schema.org\",\"@graph\":[{\"@type\":\"Article\",\"@id\":\"https:\/\/noticiasemdestaque.com\/cd\/?p=51850#article\",\"isPartOf\":{\"@id\":\"https:\/\/noticiasemdestaque.com\/cd\/?p=51850\"},\"author\":{\"name\":\"Not\u00edcias em Destaque\",\"@id\":\"https:\/\/noticiasemdestaque.com\/cd\/#\/schema\/person\/21320b03a7e8bb90128938dafc9b908a\"},\"headline\":\"Prefeitos caririzeiros embarcam para Bras\u00edlia para mobiliza\u00e7\u00e3o contra queda no FPM nesta semana\",\"datePublished\":\"2023-10-02T17:53:44+00:00\",\"mainEntityOfPage\":{\"@id\":\"https:\/\/noticiasemdestaque.com\/cd\/?p=51850\"},\"wordCount\":277,\"publisher\":{\"@id\":\"https:\/\/noticiasemdestaque.com\/cd\/#organization\"},\"image\":{\"@id\":\"https:\/\/noticiasemdestaque.com\/cd\/?p=51850#primaryimage\"},\"thumbnailUrl\":\"https:\/\/noticiasemdestaque.com\/cd\/wp-content\/uploads\/2023\/08\/brasilia-1536x735-2-960x640-1.jpg\",\"articleSection\":[\"Cidades\"],\"inLanguage\":\"pt-BR\"},{\"@type\":\"WebPage\",\"@id\":\"https:\/\/noticiasemdestaque.com\/cd\/?p=51850\",\"url\":\"https:\/\/noticiasemdestaque.com\/cd\/?p=51850\",\"name\":\"Prefeitos caririzeiros embarcam para Bras\u00edlia para mobiliza\u00e7\u00e3o contra queda no FPM nesta semana - Not&iacute;cias em Destaque\",\"isPartOf\":{\"@id\":\"https:\/\/noticiasemdestaque.com\/cd\/#website\"},\"primaryImageOfPage\":{\"@id\":\"https:\/\/noticiasemdestaque.com\/cd\/?p=51850#primaryimage\"},\"image\":{\"@id\":\"https:\/\/noticiasemdestaque.com\/cd\/?p=51850#primaryimage\"},\"thumbnailUrl\":\"https:\/\/noticiasemdestaque.com\/cd\/wp-content\/uploads\/2023\/08\/brasilia-1536x735-2-960x640-1.jpg\",\"datePublished\":\"2023-10-02T17:53:44+00:00\",\"breadcrumb\":{\"@id\":\"https:\/\/noticiasemdestaque.com\/cd\/?p=51850#breadcrumb\"},\"inLanguage\":\"pt-BR\",\"potentialAction\":[{\"@type\":\"ReadAction\",\"target\":[\"https:\/\/noticiasemdestaque.com\/cd\/?p=51850\"]}]},{\"@type\":\"ImageObject\",\"inLanguage\":\"pt-BR\",\"@id\":\"https:\/\/noticiasemdestaque.com\/cd\/?p=51850#primaryimage\",\"url\":\"https:\/\/noticiasemdestaque.com\/cd\/wp-content\/uploads\/2023\/08\/brasilia-1536x735-2-960x640-1.jpg\",\"contentUrl\":\"https:\/\/noticiasemdestaque.com\/cd\/wp-content\/uploads\/2023\/08\/brasilia-1536x735-2-960x640-1.jpg\",\"width\":960,\"height\":640},{\"@type\":\"BreadcrumbList\",\"@id\":\"https:\/\/noticiasemdestaque.com\/cd\/?p=51850#breadcrumb\",\"itemListElement\":[{\"@type\":\"ListItem\",\"position\":1,\"name\":\"In\u00edcio\",\"item\":\"https:\/\/noticiasemdestaque.com\/cd\/\"},{\"@type\":\"ListItem\",\"position\":2,\"name\":\"Prefeitos caririzeiros embarcam para Bras\u00edlia para mobiliza\u00e7\u00e3o contra queda no FPM nesta semana\"}]},{\"@type\":\"WebSite\",\"@id\":\"https:\/\/noticiasemdestaque.com\/cd\/#website\",\"url\":\"https:\/\/noticiasemdestaque.com\/cd\/\",\"name\":\"Not&iacute;cias em Destaque\",\"description\":\"\",\"publisher\":{\"@id\":\"https:\/\/noticiasemdestaque.com\/cd\/#organization\"},\"potentialAction\":[{\"@type\":\"SearchAction\",\"target\":{\"@type\":\"EntryPoint\",\"urlTemplate\":\"https:\/\/noticiasemdestaque.com\/cd\/?s={search_term_string}\"},\"query-input\":{\"@type\":\"PropertyValueSpecification\",\"valueRequired\":true,\"valueName\":\"search_term_string\"}}],\"inLanguage\":\"pt-BR\"},{\"@type\":\"Organization\",\"@id\":\"https:\/\/noticiasemdestaque.com\/cd\/#organization\",\"name\":\"Not\u00edcias em Destaque\",\"url\":\"https:\/\/noticiasemdestaque.com\/cd\/\",\"logo\":{\"@type\":\"ImageObject\",\"inLanguage\":\"pt-BR\",\"@id\":\"https:\/\/noticiasemdestaque.com\/cd\/#\/schema\/logo\/image\/\",\"url\":\"https:\/\/noticiasemdestaque.com\/cd\/wp-content\/uploads\/2022\/05\/imagem-base-noticiasemdestaque.png\",\"contentUrl\":\"https:\/\/noticiasemdestaque.com\/cd\/wp-content\/uploads\/2022\/05\/imagem-base-noticiasemdestaque.png\",\"width\":1200,\"height\":630,\"caption\":\"Not\u00edcias em Destaque\"},\"image\":{\"@id\":\"https:\/\/noticiasemdestaque.com\/cd\/#\/schema\/logo\/image\/\"}},{\"@type\":\"Person\",\"@id\":\"https:\/\/noticiasemdestaque.com\/cd\/#\/schema\/person\/21320b03a7e8bb90128938dafc9b908a\",\"name\":\"Not\u00edcias em Destaque\",\"url\":\"https:\/\/noticiasemdestaque.com\/cd\/?author=2\"}]}<\/script>\n<!-- \/ Yoast SEO plugin. -->","yoast_head_json":{"title":"Prefeitos caririzeiros embarcam para Bras\u00edlia para mobiliza\u00e7\u00e3o contra queda no FPM nesta semana - Not&iacute;cias em Destaque","robots":{"index":"index","follow":"follow","max-snippet":"max-snippet:-1","max-image-preview":"max-image-preview:large","max-video-preview":"max-video-preview:-1"},"canonical":"https:\/\/noticiasemdestaque.com\/cd\/?p=51850","og_locale":"pt_BR","og_type":"article","og_title":"Prefeitos caririzeiros embarcam para Bras\u00edlia para mobiliza\u00e7\u00e3o contra queda no FPM nesta semana - Not&iacute;cias em Destaque","og_description":"V\u00e1rios prefeitos da regi\u00e3o do Cariri paraibano embarcam nesta segunda-feira (02), com destino \u00e0 Bras\u00edlia, para uma mobiliza\u00e7\u00e3o convocada pela Confedera\u00e7\u00e3o Nacional de Munic\u00edpios (CNM), nos dias 3 e 4 de outubro ser\u00e1 no Centro de Conven\u00e7\u00f5es Ulysses Guimar\u00e3es, localizado no Setor de Divulga\u00e7\u00e3o Cultural. Entre as pautas que devem ser foco da atua\u00e7\u00e3o do movimento municipalista na capital federal est\u00e1 a aprova\u00e7\u00e3o do repasse adicional de 1,5% do Fundo de Participa\u00e7\u00e3o dos Munic\u00edpios (FPM) para o m\u00eas de mar\u00e7o, previsto na Proposta de Emenda \u00e0 Constitui\u00e7\u00e3o (PEC) 25\/2022, que aguarda an\u00e1lise na Comiss\u00e3o de Constitui\u00e7\u00e3o e Justi\u00e7a e de Cidadania (CCJC) da C\u00e2mara dos Deputados, e as quedas no repasse do FPM, que vem ocorrendo desde julho. O prefeito e presidente da Associa\u00e7\u00e3o dos Munic\u00edpios do Cariri Paraibano \u2013 AMCAP, Adriano Wolff, afirmou que dezenas de prefeitos da Para\u00edba ir\u00e3o aderir ao movimento em Bras\u00edlia. \u201c\u201c\u00c9 necess\u00e1rio e urgente um debate federativo a fim de que medidas estruturantes sejam adotadas para que os Munic\u00edpios saiam dessa situa\u00e7\u00e3o de colapso\u201d, enfatiza Adriano. Ele refor\u00e7a que a participa\u00e7\u00e3o expressiva dos gestores municipais mostrar\u00e1 aos representantes do Executivo, Legislativo e \u00f3rg\u00e3os de controle a busca incisiva dos municipalistas por uma solu\u00e7\u00e3o efetiva. Adriano Wolff ainda aproveitou para destacar que a viagem servir\u00e1 tamb\u00e9m para indica\u00e7\u00e3o e aloca\u00e7\u00e3o de emendas parlamentares junto aos deputados federais e senadores paraibanos para 2024. Not\u00edcias em Destaque Com De Olho no Cariri","og_url":"https:\/\/noticiasemdestaque.com\/cd\/?p=51850","og_site_name":"Not&iacute;cias em Destaque","article_published_time":"2023-10-02T17:53:44+00:00","og_image":[{"width":960,"height":640,"url":"https:\/\/noticiasemdestaque.com\/cd\/wp-content\/uploads\/2023\/08\/brasilia-1536x735-2-960x640-1.jpg","type":"image\/jpeg"}],"author":"Not\u00edcias em Destaque","twitter_card":"summary_large_image","twitter_misc":{"Escrito por":"Not\u00edcias em Destaque","Est. tempo de leitura":"2 minutos"},"schema":{"@context":"https:\/\/schema.org","@graph":[{"@type":"Article","@id":"https:\/\/noticiasemdestaque.com\/cd\/?p=51850#article","isPartOf":{"@id":"https:\/\/noticiasemdestaque.com\/cd\/?p=51850"},"author":{"name":"Not\u00edcias em Destaque","@id":"https:\/\/noticiasemdestaque.com\/cd\/#\/schema\/person\/21320b03a7e8bb90128938dafc9b908a"},"headline":"Prefeitos caririzeiros embarcam para Bras\u00edlia para mobiliza\u00e7\u00e3o contra queda no FPM nesta semana","datePublished":"2023-10-02T17:53:44+00:00","mainEntityOfPage":{"@id":"https:\/\/noticiasemdestaque.com\/cd\/?p=51850"},"wordCount":277,"publisher":{"@id":"https:\/\/noticiasemdestaque.com\/cd\/#organization"},"image":{"@id":"https:\/\/noticiasemdestaque.com\/cd\/?p=51850#primaryimage"},"thumbnailUrl":"https:\/\/noticiasemdestaque.com\/cd\/wp-content\/uploads\/2023\/08\/brasilia-1536x735-2-960x640-1.jpg","articleSection":["Cidades"],"inLanguage":"pt-BR"},{"@type":"WebPage","@id":"https:\/\/noticiasemdestaque.com\/cd\/?p=51850","url":"https:\/\/noticiasemdestaque.com\/cd\/?p=51850","name":"Prefeitos caririzeiros embarcam para Bras\u00edlia para mobiliza\u00e7\u00e3o contra queda no FPM nesta semana - Not&iacute;cias em Destaque","isPartOf":{"@id":"https:\/\/noticiasemdestaque.com\/cd\/#website"},"primaryImageOfPage":{"@id":"https:\/\/noticiasemdestaque.com\/cd\/?p=51850#primaryimage"},"image":{"@id":"https:\/\/noticiasemdestaque.com\/cd\/?p=51850#primaryimage"},"thumbnailUrl":"https:\/\/noticiasemdestaque.com\/cd\/wp-content\/uploads\/2023\/08\/brasilia-1536x735-2-960x640-1.jpg","datePublished":"2023-10-02T17:53:44+00:00","breadcrumb":{"@id":"https:\/\/noticiasemdestaque.com\/cd\/?p=51850#breadcrumb"},"inLanguage":"pt-BR","potentialAction":[{"@type":"ReadAction","target":["https:\/\/noticiasemdestaque.com\/cd\/?p=51850"]}]},{"@type":"ImageObject","inLanguage":"pt-BR","@id":"https:\/\/noticiasemdestaque.com\/cd\/?p=51850#primaryimage","url":"https:\/\/noticiasemdestaque.com\/cd\/wp-content\/uploads\/2023\/08\/brasilia-1536x735-2-960x640-1.jpg","contentUrl":"https:\/\/noticiasemdestaque.com\/cd\/wp-content\/uploads\/2023\/08\/brasilia-1536x735-2-960x640-1.jpg","width":960,"height":640},{"@type":"BreadcrumbList","@id":"https:\/\/noticiasemdestaque.com\/cd\/?p=51850#breadcrumb","itemListElement":[{"@type":"ListItem","position":1,"name":"In\u00edcio","item":"https:\/\/noticiasemdestaque.com\/cd\/"},{"@type":"ListItem","position":2,"name":"Prefeitos caririzeiros embarcam para Bras\u00edlia para mobiliza\u00e7\u00e3o contra queda no FPM nesta semana"}]},{"@type":"WebSite","@id":"https:\/\/noticiasemdestaque.com\/cd\/#website","url":"https:\/\/noticiasemdestaque.com\/cd\/","name":"Not&iacute;cias em Destaque","description":"","publisher":{"@id":"https:\/\/noticiasemdestaque.com\/cd\/#organization"},"potentialAction":[{"@type":"SearchAction","target":{"@type":"EntryPoint","urlTemplate":"https:\/\/noticiasemdestaque.com\/cd\/?s={search_term_string}"},"query-input":{"@type":"PropertyValueSpecification","valueRequired":true,"valueName":"search_term_string"}}],"inLanguage":"pt-BR"},{"@type":"Organization","@id":"https:\/\/noticiasemdestaque.com\/cd\/#organization","name":"Not\u00edcias em Destaque","url":"https:\/\/noticiasemdestaque.com\/cd\/","logo":{"@type":"ImageObject","inLanguage":"pt-BR","@id":"https:\/\/noticiasemdestaque.com\/cd\/#\/schema\/logo\/image\/","url":"https:\/\/noticiasemdestaque.com\/cd\/wp-content\/uploads\/2022\/05\/imagem-base-noticiasemdestaque.png","contentUrl":"https:\/\/noticiasemdestaque.com\/cd\/wp-content\/uploads\/2022\/05\/imagem-base-noticiasemdestaque.png","width":1200,"height":630,"caption":"Not\u00edcias em Destaque"},"image":{"@id":"https:\/\/noticiasemdestaque.com\/cd\/#\/schema\/logo\/image\/"}},{"@type":"Person","@id":"https:\/\/noticiasemdestaque.com\/cd\/#\/schema\/person\/21320b03a7e8bb90128938dafc9b908a","name":"Not\u00edcias em Destaque","url":"https:\/\/noticiasemdestaque.com\/cd\/?author=2"}]}},"jetpack_featured_media_url":"https:\/\/noticiasemdestaque.com\/cd\/wp-content\/uploads\/2023\/08\/brasilia-1536x735-2-960x640-1.jpg","jetpack_sharing_enabled":true,"_links":{"self":[{"href":"https:\/\/noticiasemdestaque.com\/cd\/index.php?rest_route=\/wp\/v2\/posts\/51850","targetHints":{"allow":["GET"]}}],"collection":[{"href":"https:\/\/noticiasemdestaque.com\/cd\/index.php?rest_route=\/wp\/v2\/posts"}],"about":[{"href":"https:\/\/noticiasemdestaque.com\/cd\/index.php?rest_route=\/wp\/v2\/types\/post"}],"author":[{"embeddable":true,"href":"https:\/\/noticiasemdestaque.com\/cd\/index.php?rest_route=\/wp\/v2\/users\/2"}],"replies":[{"embeddable":true,"href":"https:\/\/noticiasemdestaque.com\/cd\/index.php?rest_route=%2Fwp%2Fv2%2Fcomments&post=51850"}],"version-history":[{"count":1,"href":"https:\/\/noticiasemdestaque.com\/cd\/index.php?rest_route=\/wp\/v2\/posts\/51850\/revisions"}],"predecessor-version":[{"id":51851,"href":"https:\/\/noticiasemdestaque.com\/cd\/index.php?rest_route=\/wp\/v2\/posts\/51850\/revisions\/51851"}],"wp:featuredmedia":[{"embeddable":true,"href":"https:\/\/noticiasemdestaque.com\/cd\/index.php?rest_route=\/wp\/v2\/media\/50711"}],"wp:attachment":[{"href":"https:\/\/noticiasemdestaque.com\/cd\/index.php?rest_route=%2Fwp%2Fv2%2Fmedia&parent=51850"}],"wp:term":[{"taxonomy":"category","embeddable":true,"href":"https:\/\/noticiasemdestaque.com\/cd\/index.php?rest_route=%2Fwp%2Fv2%2Fcategories&post=51850"},{"taxonomy":"post_tag","embeddable":true,"href":"https:\/\/noticiasemdestaque.com\/cd\/index.php?rest_route=%2Fwp%2Fv2%2Ftags&post=51850"}],"curies":[{"name":"wp","href":"https:\/\/api.w.org\/{rel}","templated":true}]}}