{"id":5178,"date":"2017-10-16T08:21:11","date_gmt":"2017-10-16T11:21:11","guid":{"rendered":"http:\/\/caririemdestaque.com\/cd\/?p=5178"},"modified":"2017-10-16T08:21:11","modified_gmt":"2017-10-16T11:21:11","slug":"sitios-geologicos-formam-reino-das-pedras-no-cariri","status":"publish","type":"post","link":"https:\/\/noticiasemdestaque.com\/cd\/?p=5178","title":{"rendered":"S\u00edtios geol\u00f3gicos formam &#8216;reino das pedras&#8217; no Cariri"},"content":{"rendered":"<p><a href=\"http:\/\/caririemdestaque.com\/cd\/wp-content\/uploads\/2017\/10\/timthumb-2-1.jpg\"><img decoding=\"async\" class=\"size-thumbnail wp-image-5179 alignleft\" src=\"http:\/\/caririemdestaque.com\/cd\/wp-content\/uploads\/2017\/10\/timthumb-2-1-150x150.jpg\" alt=\"\" width=\"150\" height=\"150\" \/><\/a>O Projeto Geoparque Cariri Paraibano aponta 16 s\u00edtios com relev\u00e2ncia hist\u00f3rica e geol\u00f3gica tanto ou maior que o Lajedo de Pai Mateus e muito pr\u00f3ximos dali. Nos munic\u00edpios de Cabaceiras, S\u00e3o Jo\u00e3o do Cariri, Boa Vista e Boqueir\u00e3o, h\u00e1 lugares com forma\u00e7\u00f5es rochosas como a do Pai Mateus, com seus famosos \u201cmatac\u00f5es\u201d \u2013 rochas arredondadas, inscri\u00e7\u00f5es rupestres, cemit\u00e9rios ind\u00edgenas, lagoas milenares e a vegeta\u00e7\u00e3o da caatinga, \u00fanica no mundo.<\/p>\n<p>Trilhas para caminhadas e passeios de bike, pared\u00f5es para escalada e muitas outras atividades junto \u00e0 natureza s\u00e3o alguns atrativos da regi\u00e3o, que conta ainda com uma infraestrutura de pousadas, restaurantes e artesanato nos locais, preparada para receber visitantes.<\/p>\n<p>\u201cEstamos fazendo esse alerta para que o movimento na regi\u00e3o n\u00e3o pare, pelo contr\u00e1rio. Queremos reverter essa not\u00edcia com rela\u00e7\u00e3o ao Pai Mateus para que ela n\u00e3o seja vista de forma negativa, mas sim como uma oportunidade para se conhecer novos lugares no Cariri paraibano\u201d, ressalta Leonardo Meneses, professor da Universidade Federal da Para\u00edba e um dos coordenadores do Projeto.<\/p>\n<p>Todos os geoss\u00edtios e demais monumentos geol\u00f3gicos na \u00e1rea do Geoparque Cariri Paraibano encontram-se em propriedades privadas, sendo assim, sugere-se que, para a visita\u00e7\u00e3o, seja feito contato com os propriet\u00e1rios antes de se tentar acessar os geoss\u00edtios ou ent\u00e3o contratar um guia ou condutor local que poder\u00e1 apresentar os locais aos visitantes de forma segura e em harmonia com o ambiente.<\/p>\n<p>Roteiros pelos lajedos<\/p>\n<p>Cabaceiras<\/p>\n<p>Pedra da Pata: geoforma de uma ave (pata), localizada em uma eleva\u00e7\u00e3o da qual pode-se observar grandes extens\u00f5es da regi\u00e3o do Cariri e ter uma boa vis\u00e3o de quase todo o a\u00e7ude Boqueir\u00e3o. O local \u00e9 utilizado esporadicamente para pr\u00e1ticas tur\u00edsticas e realiza\u00e7\u00e3o de trilhas;<\/p>\n<p>Lajedo Manoel de Sousa: lajedo com diversos grandes blocos de rocha (matac\u00f5es), similares aos do Lajedo do Pai Mateus, nos quais apresentam-se a maior quantidade de pain\u00e9is com pinturas rupestres da \u00e1rea do geoparque, destacando-se uma em especial que representa a lend\u00e1ria ave do Cariri, a ema;<\/p>\n<p>Lajedo Salambaia: mais extenso lajedo da \u00e1rea do geoparque. Apesar de n\u00e3o apresentar tantos matac\u00f5es em sua superf\u00edcie como ocorre no Pai Mateus e no Bravo, apresenta, como principais destaques da geodiversidade, bacias de dissolu\u00e7\u00e3o (gnammas) que formam pequenos lagos nas rochas e as caneluras que se apresentam bastante expressivas, com v\u00e1rios metros de extens\u00e3o e alcan\u00e7ando profundidades por vezes superior a dois metros. Existe, ainda, ao menos um painel com pinturas rupestres sobre o lajedo e diversos s\u00edtios arqueol\u00f3gicos em seu entorno;<\/p>\n<p>Lajedo do Pai Mateus: lajedo contendo centenas de matac\u00f5es, alguns com pinturas rupestres e onde se conta a lenda do eremita Pai Mateus que ali haveria de ter vivido no s\u00e9culo XVI e que atuava como curandeiro. Reconhecido internacionalmente pelas forma\u00e7\u00f5es rochosas (matac\u00f5es) em formatos arredondados, de dimens\u00f5es m\u00e9tricas. Apresenta fluxo tur\u00edstico bem consolidado, sendo o melhor exemplo de associa\u00e7\u00e3o entre geologia e turismo na regi\u00e3o;<\/p>\n<p>Lagoa da Cunh\u00e3: lajedo em forma de \u201cbacia\u201d que apresenta uma lagoa em sua parte central. Bastante reconhecido no meio cient\u00edfico e acad\u00eamico por apresentar pain\u00e9is com pinturas e gravuras rupestres e haverem relatos de terem sido encontrados f\u00f3sseis da megafauna (tais como a pregui\u00e7a-gigante);<\/p>\n<p>&nbsp;<\/p>\n","protected":false},"excerpt":{"rendered":"<p>O Projeto Geoparque Cariri Paraibano aponta 16 s\u00edtios com relev\u00e2ncia hist\u00f3rica e geol\u00f3gica tanto ou maior que o Lajedo de Pai Mateus e muito pr\u00f3ximos dali. Nos munic\u00edpios de Cabaceiras, S\u00e3o Jo\u00e3o do Cariri, Boa Vista e Boqueir\u00e3o, h\u00e1 lugares com forma\u00e7\u00f5es rochosas como a do Pai Mateus, com seus famosos \u201cmatac\u00f5es\u201d \u2013 rochas arredondadas, inscri\u00e7\u00f5es rupestres, cemit\u00e9rios ind\u00edgenas, lagoas milenares e a vegeta\u00e7\u00e3o da caatinga, \u00fanica no mundo. Trilhas para caminhadas e passeios de bike, pared\u00f5es para escalada e muitas outras atividades junto \u00e0 natureza s\u00e3o alguns atrativos da regi\u00e3o, que conta ainda com uma infraestrutura de pousadas, restaurantes e artesanato nos locais, preparada para receber visitantes. \u201cEstamos fazendo esse alerta para que o movimento na regi\u00e3o n\u00e3o pare, pelo contr\u00e1rio. Queremos reverter essa not\u00edcia com rela\u00e7\u00e3o ao Pai Mateus para que ela n\u00e3o seja vista de forma negativa, mas sim como uma oportunidade para se conhecer novos lugares no Cariri paraibano\u201d, ressalta Leonardo Meneses, professor da Universidade Federal da Para\u00edba e um dos coordenadores do Projeto. Todos os geoss\u00edtios e demais monumentos geol\u00f3gicos na \u00e1rea do Geoparque Cariri Paraibano encontram-se em propriedades privadas, sendo assim, sugere-se que, para a visita\u00e7\u00e3o, seja feito contato com os propriet\u00e1rios antes de se tentar acessar os geoss\u00edtios ou ent\u00e3o contratar um guia ou condutor local que poder\u00e1 apresentar os locais aos visitantes de forma segura e em harmonia com o ambiente. Roteiros pelos lajedos Cabaceiras Pedra da Pata: geoforma de uma ave (pata), localizada em uma eleva\u00e7\u00e3o da qual pode-se observar grandes extens\u00f5es da regi\u00e3o do Cariri e ter uma boa vis\u00e3o de quase todo o a\u00e7ude Boqueir\u00e3o. O local \u00e9 utilizado esporadicamente para pr\u00e1ticas tur\u00edsticas e realiza\u00e7\u00e3o de trilhas; Lajedo Manoel de Sousa: lajedo com diversos grandes blocos de rocha (matac\u00f5es), similares aos do Lajedo do Pai Mateus, nos quais apresentam-se a maior quantidade de pain\u00e9is com pinturas rupestres da \u00e1rea do geoparque, destacando-se uma em especial que representa a lend\u00e1ria ave do Cariri, a ema; Lajedo Salambaia: mais extenso lajedo da \u00e1rea do geoparque. Apesar de n\u00e3o apresentar tantos matac\u00f5es em sua superf\u00edcie como ocorre no Pai Mateus e no Bravo, apresenta, como principais destaques da geodiversidade, bacias de dissolu\u00e7\u00e3o (gnammas) que formam pequenos lagos nas rochas e as caneluras que se apresentam bastante expressivas, com v\u00e1rios metros de extens\u00e3o e alcan\u00e7ando profundidades por vezes superior a dois metros. Existe, ainda, ao menos um painel com pinturas rupestres sobre o lajedo e diversos s\u00edtios arqueol\u00f3gicos em seu entorno; Lajedo do Pai Mateus: lajedo contendo centenas de matac\u00f5es, alguns com pinturas rupestres e onde se conta a lenda do eremita Pai Mateus que ali haveria de ter vivido no s\u00e9culo XVI e que atuava como curandeiro. Reconhecido internacionalmente pelas forma\u00e7\u00f5es rochosas (matac\u00f5es) em formatos arredondados, de dimens\u00f5es m\u00e9tricas. Apresenta fluxo tur\u00edstico bem consolidado, sendo o melhor exemplo de associa\u00e7\u00e3o entre geologia e turismo na regi\u00e3o; Lagoa da Cunh\u00e3: lajedo em forma de \u201cbacia\u201d que apresenta uma lagoa em sua parte central. Bastante reconhecido no meio cient\u00edfico e acad\u00eamico por apresentar pain\u00e9is com pinturas e gravuras rupestres e haverem relatos de terem sido encontrados f\u00f3sseis da megafauna (tais como a pregui\u00e7a-gigante); &nbsp;<\/p>\n","protected":false},"author":2,"featured_media":5179,"comment_status":"closed","ping_status":"open","sticky":false,"template":"","format":"standard","meta":{"_eb_attr":"","_jetpack_memberships_contains_paid_content":false,"footnotes":""},"categories":[3],"tags":[],"class_list":["post-5178","post","type-post","status-publish","format-standard","has-post-thumbnail","hentry","category-cidades"],"yoast_head":"<!-- This site is optimized with the Yoast SEO plugin v26.5 - https:\/\/yoast.com\/wordpress\/plugins\/seo\/ -->\n<title>S\u00edtios geol\u00f3gicos formam &#039;reino das pedras&#039; no Cariri - Not&iacute;cias em Destaque<\/title>\n<meta name=\"robots\" content=\"index, follow, max-snippet:-1, max-image-preview:large, max-video-preview:-1\" \/>\n<link rel=\"canonical\" href=\"https:\/\/noticiasemdestaque.com\/cd\/?p=5178\" \/>\n<meta property=\"og:locale\" content=\"pt_BR\" \/>\n<meta property=\"og:type\" content=\"article\" \/>\n<meta property=\"og:title\" content=\"S\u00edtios geol\u00f3gicos formam &#039;reino das pedras&#039; no Cariri - Not&iacute;cias em Destaque\" \/>\n<meta property=\"og:description\" content=\"O Projeto Geoparque Cariri Paraibano aponta 16 s\u00edtios com relev\u00e2ncia hist\u00f3rica e geol\u00f3gica tanto ou maior que o Lajedo de Pai Mateus e muito pr\u00f3ximos dali. Nos munic\u00edpios de Cabaceiras, S\u00e3o Jo\u00e3o do Cariri, Boa Vista e Boqueir\u00e3o, h\u00e1 lugares com forma\u00e7\u00f5es rochosas como a do Pai Mateus, com seus famosos \u201cmatac\u00f5es\u201d \u2013 rochas arredondadas, inscri\u00e7\u00f5es rupestres, cemit\u00e9rios ind\u00edgenas, lagoas milenares e a vegeta\u00e7\u00e3o da caatinga, \u00fanica no mundo. Trilhas para caminhadas e passeios de bike, pared\u00f5es para escalada e muitas outras atividades junto \u00e0 natureza s\u00e3o alguns atrativos da regi\u00e3o, que conta ainda com uma infraestrutura de pousadas, restaurantes e artesanato nos locais, preparada para receber visitantes. \u201cEstamos fazendo esse alerta para que o movimento na regi\u00e3o n\u00e3o pare, pelo contr\u00e1rio. Queremos reverter essa not\u00edcia com rela\u00e7\u00e3o ao Pai Mateus para que ela n\u00e3o seja vista de forma negativa, mas sim como uma oportunidade para se conhecer novos lugares no Cariri paraibano\u201d, ressalta Leonardo Meneses, professor da Universidade Federal da Para\u00edba e um dos coordenadores do Projeto. Todos os geoss\u00edtios e demais monumentos geol\u00f3gicos na \u00e1rea do Geoparque Cariri Paraibano encontram-se em propriedades privadas, sendo assim, sugere-se que, para a visita\u00e7\u00e3o, seja feito contato com os propriet\u00e1rios antes de se tentar acessar os geoss\u00edtios ou ent\u00e3o contratar um guia ou condutor local que poder\u00e1 apresentar os locais aos visitantes de forma segura e em harmonia com o ambiente. Roteiros pelos lajedos Cabaceiras Pedra da Pata: geoforma de uma ave (pata), localizada em uma eleva\u00e7\u00e3o da qual pode-se observar grandes extens\u00f5es da regi\u00e3o do Cariri e ter uma boa vis\u00e3o de quase todo o a\u00e7ude Boqueir\u00e3o. O local \u00e9 utilizado esporadicamente para pr\u00e1ticas tur\u00edsticas e realiza\u00e7\u00e3o de trilhas; Lajedo Manoel de Sousa: lajedo com diversos grandes blocos de rocha (matac\u00f5es), similares aos do Lajedo do Pai Mateus, nos quais apresentam-se a maior quantidade de pain\u00e9is com pinturas rupestres da \u00e1rea do geoparque, destacando-se uma em especial que representa a lend\u00e1ria ave do Cariri, a ema; Lajedo Salambaia: mais extenso lajedo da \u00e1rea do geoparque. Apesar de n\u00e3o apresentar tantos matac\u00f5es em sua superf\u00edcie como ocorre no Pai Mateus e no Bravo, apresenta, como principais destaques da geodiversidade, bacias de dissolu\u00e7\u00e3o (gnammas) que formam pequenos lagos nas rochas e as caneluras que se apresentam bastante expressivas, com v\u00e1rios metros de extens\u00e3o e alcan\u00e7ando profundidades por vezes superior a dois metros. Existe, ainda, ao menos um painel com pinturas rupestres sobre o lajedo e diversos s\u00edtios arqueol\u00f3gicos em seu entorno; Lajedo do Pai Mateus: lajedo contendo centenas de matac\u00f5es, alguns com pinturas rupestres e onde se conta a lenda do eremita Pai Mateus que ali haveria de ter vivido no s\u00e9culo XVI e que atuava como curandeiro. Reconhecido internacionalmente pelas forma\u00e7\u00f5es rochosas (matac\u00f5es) em formatos arredondados, de dimens\u00f5es m\u00e9tricas. Apresenta fluxo tur\u00edstico bem consolidado, sendo o melhor exemplo de associa\u00e7\u00e3o entre geologia e turismo na regi\u00e3o; Lagoa da Cunh\u00e3: lajedo em forma de \u201cbacia\u201d que apresenta uma lagoa em sua parte central. Bastante reconhecido no meio cient\u00edfico e acad\u00eamico por apresentar pain\u00e9is com pinturas e gravuras rupestres e haverem relatos de terem sido encontrados f\u00f3sseis da megafauna (tais como a pregui\u00e7a-gigante); &nbsp;\" \/>\n<meta property=\"og:url\" content=\"https:\/\/noticiasemdestaque.com\/cd\/?p=5178\" \/>\n<meta property=\"og:site_name\" content=\"Not&iacute;cias em Destaque\" \/>\n<meta property=\"article:published_time\" content=\"2017-10-16T11:21:11+00:00\" \/>\n<meta property=\"og:image\" content=\"https:\/\/noticiasemdestaque.com\/cd\/wp-content\/uploads\/2017\/10\/timthumb-2-1.jpg\" \/>\n\t<meta property=\"og:image:width\" content=\"547\" \/>\n\t<meta property=\"og:image:height\" content=\"398\" \/>\n\t<meta property=\"og:image:type\" content=\"image\/jpeg\" \/>\n<meta name=\"author\" content=\"Not\u00edcias em Destaque\" \/>\n<meta name=\"twitter:card\" content=\"summary_large_image\" \/>\n<meta name=\"twitter:label1\" content=\"Escrito por\" \/>\n\t<meta name=\"twitter:data1\" content=\"Not\u00edcias em Destaque\" \/>\n\t<meta name=\"twitter:label2\" content=\"Est. tempo de leitura\" \/>\n\t<meta name=\"twitter:data2\" content=\"3 minutos\" \/>\n<script type=\"application\/ld+json\" class=\"yoast-schema-graph\">{\"@context\":\"https:\/\/schema.org\",\"@graph\":[{\"@type\":\"Article\",\"@id\":\"https:\/\/noticiasemdestaque.com\/cd\/?p=5178#article\",\"isPartOf\":{\"@id\":\"https:\/\/noticiasemdestaque.com\/cd\/?p=5178\"},\"author\":{\"name\":\"Not\u00edcias em Destaque\",\"@id\":\"https:\/\/noticiasemdestaque.com\/cd\/#\/schema\/person\/21320b03a7e8bb90128938dafc9b908a\"},\"headline\":\"S\u00edtios geol\u00f3gicos formam &#8216;reino das pedras&#8217; no Cariri\",\"datePublished\":\"2017-10-16T11:21:11+00:00\",\"mainEntityOfPage\":{\"@id\":\"https:\/\/noticiasemdestaque.com\/cd\/?p=5178\"},\"wordCount\":592,\"publisher\":{\"@id\":\"https:\/\/noticiasemdestaque.com\/cd\/#organization\"},\"image\":{\"@id\":\"https:\/\/noticiasemdestaque.com\/cd\/?p=5178#primaryimage\"},\"thumbnailUrl\":\"https:\/\/noticiasemdestaque.com\/cd\/wp-content\/uploads\/2017\/10\/timthumb-2-1.jpg\",\"articleSection\":[\"Cidades\"],\"inLanguage\":\"pt-BR\"},{\"@type\":\"WebPage\",\"@id\":\"https:\/\/noticiasemdestaque.com\/cd\/?p=5178\",\"url\":\"https:\/\/noticiasemdestaque.com\/cd\/?p=5178\",\"name\":\"S\u00edtios geol\u00f3gicos formam 'reino das pedras' no Cariri - Not&iacute;cias em Destaque\",\"isPartOf\":{\"@id\":\"https:\/\/noticiasemdestaque.com\/cd\/#website\"},\"primaryImageOfPage\":{\"@id\":\"https:\/\/noticiasemdestaque.com\/cd\/?p=5178#primaryimage\"},\"image\":{\"@id\":\"https:\/\/noticiasemdestaque.com\/cd\/?p=5178#primaryimage\"},\"thumbnailUrl\":\"https:\/\/noticiasemdestaque.com\/cd\/wp-content\/uploads\/2017\/10\/timthumb-2-1.jpg\",\"datePublished\":\"2017-10-16T11:21:11+00:00\",\"breadcrumb\":{\"@id\":\"https:\/\/noticiasemdestaque.com\/cd\/?p=5178#breadcrumb\"},\"inLanguage\":\"pt-BR\",\"potentialAction\":[{\"@type\":\"ReadAction\",\"target\":[\"https:\/\/noticiasemdestaque.com\/cd\/?p=5178\"]}]},{\"@type\":\"ImageObject\",\"inLanguage\":\"pt-BR\",\"@id\":\"https:\/\/noticiasemdestaque.com\/cd\/?p=5178#primaryimage\",\"url\":\"https:\/\/noticiasemdestaque.com\/cd\/wp-content\/uploads\/2017\/10\/timthumb-2-1.jpg\",\"contentUrl\":\"https:\/\/noticiasemdestaque.com\/cd\/wp-content\/uploads\/2017\/10\/timthumb-2-1.jpg\",\"width\":547,\"height\":398},{\"@type\":\"BreadcrumbList\",\"@id\":\"https:\/\/noticiasemdestaque.com\/cd\/?p=5178#breadcrumb\",\"itemListElement\":[{\"@type\":\"ListItem\",\"position\":1,\"name\":\"In\u00edcio\",\"item\":\"https:\/\/noticiasemdestaque.com\/cd\/\"},{\"@type\":\"ListItem\",\"position\":2,\"name\":\"S\u00edtios geol\u00f3gicos formam &#8216;reino das pedras&#8217; no Cariri\"}]},{\"@type\":\"WebSite\",\"@id\":\"https:\/\/noticiasemdestaque.com\/cd\/#website\",\"url\":\"https:\/\/noticiasemdestaque.com\/cd\/\",\"name\":\"Not&iacute;cias em Destaque\",\"description\":\"\",\"publisher\":{\"@id\":\"https:\/\/noticiasemdestaque.com\/cd\/#organization\"},\"potentialAction\":[{\"@type\":\"SearchAction\",\"target\":{\"@type\":\"EntryPoint\",\"urlTemplate\":\"https:\/\/noticiasemdestaque.com\/cd\/?s={search_term_string}\"},\"query-input\":{\"@type\":\"PropertyValueSpecification\",\"valueRequired\":true,\"valueName\":\"search_term_string\"}}],\"inLanguage\":\"pt-BR\"},{\"@type\":\"Organization\",\"@id\":\"https:\/\/noticiasemdestaque.com\/cd\/#organization\",\"name\":\"Not\u00edcias em Destaque\",\"url\":\"https:\/\/noticiasemdestaque.com\/cd\/\",\"logo\":{\"@type\":\"ImageObject\",\"inLanguage\":\"pt-BR\",\"@id\":\"https:\/\/noticiasemdestaque.com\/cd\/#\/schema\/logo\/image\/\",\"url\":\"https:\/\/noticiasemdestaque.com\/cd\/wp-content\/uploads\/2022\/05\/imagem-base-noticiasemdestaque.png\",\"contentUrl\":\"https:\/\/noticiasemdestaque.com\/cd\/wp-content\/uploads\/2022\/05\/imagem-base-noticiasemdestaque.png\",\"width\":1200,\"height\":630,\"caption\":\"Not\u00edcias em Destaque\"},\"image\":{\"@id\":\"https:\/\/noticiasemdestaque.com\/cd\/#\/schema\/logo\/image\/\"}},{\"@type\":\"Person\",\"@id\":\"https:\/\/noticiasemdestaque.com\/cd\/#\/schema\/person\/21320b03a7e8bb90128938dafc9b908a\",\"name\":\"Not\u00edcias em Destaque\",\"url\":\"https:\/\/noticiasemdestaque.com\/cd\/?author=2\"}]}<\/script>\n<!-- \/ Yoast SEO plugin. -->","yoast_head_json":{"title":"S\u00edtios geol\u00f3gicos formam 'reino das pedras' no Cariri - Not&iacute;cias em Destaque","robots":{"index":"index","follow":"follow","max-snippet":"max-snippet:-1","max-image-preview":"max-image-preview:large","max-video-preview":"max-video-preview:-1"},"canonical":"https:\/\/noticiasemdestaque.com\/cd\/?p=5178","og_locale":"pt_BR","og_type":"article","og_title":"S\u00edtios geol\u00f3gicos formam 'reino das pedras' no Cariri - Not&iacute;cias em Destaque","og_description":"O Projeto Geoparque Cariri Paraibano aponta 16 s\u00edtios com relev\u00e2ncia hist\u00f3rica e geol\u00f3gica tanto ou maior que o Lajedo de Pai Mateus e muito pr\u00f3ximos dali. Nos munic\u00edpios de Cabaceiras, S\u00e3o Jo\u00e3o do Cariri, Boa Vista e Boqueir\u00e3o, h\u00e1 lugares com forma\u00e7\u00f5es rochosas como a do Pai Mateus, com seus famosos \u201cmatac\u00f5es\u201d \u2013 rochas arredondadas, inscri\u00e7\u00f5es rupestres, cemit\u00e9rios ind\u00edgenas, lagoas milenares e a vegeta\u00e7\u00e3o da caatinga, \u00fanica no mundo. Trilhas para caminhadas e passeios de bike, pared\u00f5es para escalada e muitas outras atividades junto \u00e0 natureza s\u00e3o alguns atrativos da regi\u00e3o, que conta ainda com uma infraestrutura de pousadas, restaurantes e artesanato nos locais, preparada para receber visitantes. \u201cEstamos fazendo esse alerta para que o movimento na regi\u00e3o n\u00e3o pare, pelo contr\u00e1rio. Queremos reverter essa not\u00edcia com rela\u00e7\u00e3o ao Pai Mateus para que ela n\u00e3o seja vista de forma negativa, mas sim como uma oportunidade para se conhecer novos lugares no Cariri paraibano\u201d, ressalta Leonardo Meneses, professor da Universidade Federal da Para\u00edba e um dos coordenadores do Projeto. Todos os geoss\u00edtios e demais monumentos geol\u00f3gicos na \u00e1rea do Geoparque Cariri Paraibano encontram-se em propriedades privadas, sendo assim, sugere-se que, para a visita\u00e7\u00e3o, seja feito contato com os propriet\u00e1rios antes de se tentar acessar os geoss\u00edtios ou ent\u00e3o contratar um guia ou condutor local que poder\u00e1 apresentar os locais aos visitantes de forma segura e em harmonia com o ambiente. Roteiros pelos lajedos Cabaceiras Pedra da Pata: geoforma de uma ave (pata), localizada em uma eleva\u00e7\u00e3o da qual pode-se observar grandes extens\u00f5es da regi\u00e3o do Cariri e ter uma boa vis\u00e3o de quase todo o a\u00e7ude Boqueir\u00e3o. O local \u00e9 utilizado esporadicamente para pr\u00e1ticas tur\u00edsticas e realiza\u00e7\u00e3o de trilhas; Lajedo Manoel de Sousa: lajedo com diversos grandes blocos de rocha (matac\u00f5es), similares aos do Lajedo do Pai Mateus, nos quais apresentam-se a maior quantidade de pain\u00e9is com pinturas rupestres da \u00e1rea do geoparque, destacando-se uma em especial que representa a lend\u00e1ria ave do Cariri, a ema; Lajedo Salambaia: mais extenso lajedo da \u00e1rea do geoparque. Apesar de n\u00e3o apresentar tantos matac\u00f5es em sua superf\u00edcie como ocorre no Pai Mateus e no Bravo, apresenta, como principais destaques da geodiversidade, bacias de dissolu\u00e7\u00e3o (gnammas) que formam pequenos lagos nas rochas e as caneluras que se apresentam bastante expressivas, com v\u00e1rios metros de extens\u00e3o e alcan\u00e7ando profundidades por vezes superior a dois metros. Existe, ainda, ao menos um painel com pinturas rupestres sobre o lajedo e diversos s\u00edtios arqueol\u00f3gicos em seu entorno; Lajedo do Pai Mateus: lajedo contendo centenas de matac\u00f5es, alguns com pinturas rupestres e onde se conta a lenda do eremita Pai Mateus que ali haveria de ter vivido no s\u00e9culo XVI e que atuava como curandeiro. Reconhecido internacionalmente pelas forma\u00e7\u00f5es rochosas (matac\u00f5es) em formatos arredondados, de dimens\u00f5es m\u00e9tricas. Apresenta fluxo tur\u00edstico bem consolidado, sendo o melhor exemplo de associa\u00e7\u00e3o entre geologia e turismo na regi\u00e3o; Lagoa da Cunh\u00e3: lajedo em forma de \u201cbacia\u201d que apresenta uma lagoa em sua parte central. Bastante reconhecido no meio cient\u00edfico e acad\u00eamico por apresentar pain\u00e9is com pinturas e gravuras rupestres e haverem relatos de terem sido encontrados f\u00f3sseis da megafauna (tais como a pregui\u00e7a-gigante); &nbsp;","og_url":"https:\/\/noticiasemdestaque.com\/cd\/?p=5178","og_site_name":"Not&iacute;cias em Destaque","article_published_time":"2017-10-16T11:21:11+00:00","og_image":[{"width":547,"height":398,"url":"https:\/\/noticiasemdestaque.com\/cd\/wp-content\/uploads\/2017\/10\/timthumb-2-1.jpg","type":"image\/jpeg"}],"author":"Not\u00edcias em Destaque","twitter_card":"summary_large_image","twitter_misc":{"Escrito por":"Not\u00edcias em Destaque","Est. tempo de leitura":"3 minutos"},"schema":{"@context":"https:\/\/schema.org","@graph":[{"@type":"Article","@id":"https:\/\/noticiasemdestaque.com\/cd\/?p=5178#article","isPartOf":{"@id":"https:\/\/noticiasemdestaque.com\/cd\/?p=5178"},"author":{"name":"Not\u00edcias em Destaque","@id":"https:\/\/noticiasemdestaque.com\/cd\/#\/schema\/person\/21320b03a7e8bb90128938dafc9b908a"},"headline":"S\u00edtios geol\u00f3gicos formam &#8216;reino das pedras&#8217; no Cariri","datePublished":"2017-10-16T11:21:11+00:00","mainEntityOfPage":{"@id":"https:\/\/noticiasemdestaque.com\/cd\/?p=5178"},"wordCount":592,"publisher":{"@id":"https:\/\/noticiasemdestaque.com\/cd\/#organization"},"image":{"@id":"https:\/\/noticiasemdestaque.com\/cd\/?p=5178#primaryimage"},"thumbnailUrl":"https:\/\/noticiasemdestaque.com\/cd\/wp-content\/uploads\/2017\/10\/timthumb-2-1.jpg","articleSection":["Cidades"],"inLanguage":"pt-BR"},{"@type":"WebPage","@id":"https:\/\/noticiasemdestaque.com\/cd\/?p=5178","url":"https:\/\/noticiasemdestaque.com\/cd\/?p=5178","name":"S\u00edtios geol\u00f3gicos formam 'reino das pedras' no Cariri - Not&iacute;cias em Destaque","isPartOf":{"@id":"https:\/\/noticiasemdestaque.com\/cd\/#website"},"primaryImageOfPage":{"@id":"https:\/\/noticiasemdestaque.com\/cd\/?p=5178#primaryimage"},"image":{"@id":"https:\/\/noticiasemdestaque.com\/cd\/?p=5178#primaryimage"},"thumbnailUrl":"https:\/\/noticiasemdestaque.com\/cd\/wp-content\/uploads\/2017\/10\/timthumb-2-1.jpg","datePublished":"2017-10-16T11:21:11+00:00","breadcrumb":{"@id":"https:\/\/noticiasemdestaque.com\/cd\/?p=5178#breadcrumb"},"inLanguage":"pt-BR","potentialAction":[{"@type":"ReadAction","target":["https:\/\/noticiasemdestaque.com\/cd\/?p=5178"]}]},{"@type":"ImageObject","inLanguage":"pt-BR","@id":"https:\/\/noticiasemdestaque.com\/cd\/?p=5178#primaryimage","url":"https:\/\/noticiasemdestaque.com\/cd\/wp-content\/uploads\/2017\/10\/timthumb-2-1.jpg","contentUrl":"https:\/\/noticiasemdestaque.com\/cd\/wp-content\/uploads\/2017\/10\/timthumb-2-1.jpg","width":547,"height":398},{"@type":"BreadcrumbList","@id":"https:\/\/noticiasemdestaque.com\/cd\/?p=5178#breadcrumb","itemListElement":[{"@type":"ListItem","position":1,"name":"In\u00edcio","item":"https:\/\/noticiasemdestaque.com\/cd\/"},{"@type":"ListItem","position":2,"name":"S\u00edtios geol\u00f3gicos formam &#8216;reino das pedras&#8217; no Cariri"}]},{"@type":"WebSite","@id":"https:\/\/noticiasemdestaque.com\/cd\/#website","url":"https:\/\/noticiasemdestaque.com\/cd\/","name":"Not&iacute;cias em Destaque","description":"","publisher":{"@id":"https:\/\/noticiasemdestaque.com\/cd\/#organization"},"potentialAction":[{"@type":"SearchAction","target":{"@type":"EntryPoint","urlTemplate":"https:\/\/noticiasemdestaque.com\/cd\/?s={search_term_string}"},"query-input":{"@type":"PropertyValueSpecification","valueRequired":true,"valueName":"search_term_string"}}],"inLanguage":"pt-BR"},{"@type":"Organization","@id":"https:\/\/noticiasemdestaque.com\/cd\/#organization","name":"Not\u00edcias em Destaque","url":"https:\/\/noticiasemdestaque.com\/cd\/","logo":{"@type":"ImageObject","inLanguage":"pt-BR","@id":"https:\/\/noticiasemdestaque.com\/cd\/#\/schema\/logo\/image\/","url":"https:\/\/noticiasemdestaque.com\/cd\/wp-content\/uploads\/2022\/05\/imagem-base-noticiasemdestaque.png","contentUrl":"https:\/\/noticiasemdestaque.com\/cd\/wp-content\/uploads\/2022\/05\/imagem-base-noticiasemdestaque.png","width":1200,"height":630,"caption":"Not\u00edcias em Destaque"},"image":{"@id":"https:\/\/noticiasemdestaque.com\/cd\/#\/schema\/logo\/image\/"}},{"@type":"Person","@id":"https:\/\/noticiasemdestaque.com\/cd\/#\/schema\/person\/21320b03a7e8bb90128938dafc9b908a","name":"Not\u00edcias em Destaque","url":"https:\/\/noticiasemdestaque.com\/cd\/?author=2"}]}},"jetpack_featured_media_url":"https:\/\/noticiasemdestaque.com\/cd\/wp-content\/uploads\/2017\/10\/timthumb-2-1.jpg","jetpack_sharing_enabled":true,"_links":{"self":[{"href":"https:\/\/noticiasemdestaque.com\/cd\/index.php?rest_route=\/wp\/v2\/posts\/5178","targetHints":{"allow":["GET"]}}],"collection":[{"href":"https:\/\/noticiasemdestaque.com\/cd\/index.php?rest_route=\/wp\/v2\/posts"}],"about":[{"href":"https:\/\/noticiasemdestaque.com\/cd\/index.php?rest_route=\/wp\/v2\/types\/post"}],"author":[{"embeddable":true,"href":"https:\/\/noticiasemdestaque.com\/cd\/index.php?rest_route=\/wp\/v2\/users\/2"}],"replies":[{"embeddable":true,"href":"https:\/\/noticiasemdestaque.com\/cd\/index.php?rest_route=%2Fwp%2Fv2%2Fcomments&post=5178"}],"version-history":[{"count":1,"href":"https:\/\/noticiasemdestaque.com\/cd\/index.php?rest_route=\/wp\/v2\/posts\/5178\/revisions"}],"predecessor-version":[{"id":5180,"href":"https:\/\/noticiasemdestaque.com\/cd\/index.php?rest_route=\/wp\/v2\/posts\/5178\/revisions\/5180"}],"wp:featuredmedia":[{"embeddable":true,"href":"https:\/\/noticiasemdestaque.com\/cd\/index.php?rest_route=\/wp\/v2\/media\/5179"}],"wp:attachment":[{"href":"https:\/\/noticiasemdestaque.com\/cd\/index.php?rest_route=%2Fwp%2Fv2%2Fmedia&parent=5178"}],"wp:term":[{"taxonomy":"category","embeddable":true,"href":"https:\/\/noticiasemdestaque.com\/cd\/index.php?rest_route=%2Fwp%2Fv2%2Fcategories&post=5178"},{"taxonomy":"post_tag","embeddable":true,"href":"https:\/\/noticiasemdestaque.com\/cd\/index.php?rest_route=%2Fwp%2Fv2%2Ftags&post=5178"}],"curies":[{"name":"wp","href":"https:\/\/api.w.org\/{rel}","templated":true}]}}