{"id":51763,"date":"2023-09-28T08:52:05","date_gmt":"2023-09-28T11:52:05","guid":{"rendered":"https:\/\/noticiasemdestaque.com\/cd\/?p=51763"},"modified":"2023-09-28T08:52:05","modified_gmt":"2023-09-28T11:52:05","slug":"joao-azevedo-sanciona-lei-que-cria-ajuda-de-custo-a-policia-militar-civil-e-bombeiros","status":"publish","type":"post","link":"https:\/\/noticiasemdestaque.com\/cd\/?p=51763","title":{"rendered":"Jo\u00e3o Azev\u00eado sanciona lei que cria ajuda de custo \u00e0 Pol\u00edcia Militar, Civil e Bombeiros"},"content":{"rendered":"<p><a href=\"https:\/\/noticiasemdestaque.com\/cd\/wp-content\/uploads\/2023\/09\/policiamilitarfotofranciscofrancasecompb.jpg\"><img fetchpriority=\"high\" decoding=\"async\" class=\"size-medium wp-image-51313 aligncenter\" src=\"https:\/\/noticiasemdestaque.com\/cd\/wp-content\/uploads\/2023\/09\/policiamilitarfotofranciscofrancasecompb-300x200.jpg\" alt=\"\" width=\"300\" height=\"200\" srcset=\"https:\/\/noticiasemdestaque.com\/cd\/wp-content\/uploads\/2023\/09\/policiamilitarfotofranciscofrancasecompb-300x200.jpg 300w, https:\/\/noticiasemdestaque.com\/cd\/wp-content\/uploads\/2023\/09\/policiamilitarfotofranciscofrancasecompb-768x513.jpg 768w, https:\/\/noticiasemdestaque.com\/cd\/wp-content\/uploads\/2023\/09\/policiamilitarfotofranciscofrancasecompb-18x12.jpg 18w, https:\/\/noticiasemdestaque.com\/cd\/wp-content\/uploads\/2023\/09\/policiamilitarfotofranciscofrancasecompb.jpg 876w\" sizes=\"(max-width: 300px) 100vw, 300px\" \/><\/a><\/p>\n<p>Foi sancionada nesta quinta-feira (28) pelo governador Jo\u00e3o Azev\u00eado a lei que cria uma ajuda de custo operacional para Pol\u00edcia Militar, Corpo de Bombeiros, Pol\u00edcias Civil e Penal. A medida tamb\u00e9m beneficia agentes socioeducativos. O documento foi publicado na edi\u00e7\u00e3o de hoje do Di\u00e1rio Oficial do Estado.<\/p>\n<p>Segundo o texto, o aux\u00edlio ser\u00e1 pago aos servidores que se voluntariarem ou que sejam convocados para prestar servi\u00e7o em regime de escalas extraordin\u00e1rias de trabalho, fora do regime ordin\u00e1rio de trabalho, condicionado ao interesse da Administra\u00e7\u00e3o P\u00fablica.<\/p>\n<p>Ainda segundo o projeto sancionado, o benef\u00edcio \u00e9 de natureza indenizat\u00f3ria, n\u00e3o incidindo para efeito de c\u00e1lculo da previd\u00eancia e do imposto de renda.<\/p>\n<p>&nbsp;<\/p>\n","protected":false},"excerpt":{"rendered":"<p>Foi sancionada nesta quinta-feira (28) pelo governador Jo\u00e3o Azev\u00eado a lei que cria uma ajuda de custo operacional para Pol\u00edcia Militar, Corpo de Bombeiros, Pol\u00edcias Civil e Penal. A medida tamb\u00e9m beneficia agentes socioeducativos. O documento foi publicado na edi\u00e7\u00e3o de hoje do Di\u00e1rio Oficial do Estado. Segundo o texto, o aux\u00edlio ser\u00e1 pago aos servidores que se voluntariarem ou que sejam convocados para prestar servi\u00e7o em regime de escalas extraordin\u00e1rias de trabalho, fora do regime ordin\u00e1rio de trabalho, condicionado ao interesse da Administra\u00e7\u00e3o P\u00fablica. Ainda segundo o projeto sancionado, o benef\u00edcio \u00e9 de natureza indenizat\u00f3ria, n\u00e3o incidindo para efeito de c\u00e1lculo da previd\u00eancia e do imposto de renda. &nbsp;<\/p>\n","protected":false},"author":2,"featured_media":45497,"comment_status":"closed","ping_status":"open","sticky":false,"template":"","format":"standard","meta":{"_eb_attr":"","_jetpack_memberships_contains_paid_content":false,"footnotes":""},"categories":[12],"tags":[],"class_list":["post-51763","post","type-post","status-publish","format-standard","has-post-thumbnail","hentry","category-geral"],"yoast_head":"<!-- This site is optimized with the Yoast SEO plugin v26.5 - https:\/\/yoast.com\/wordpress\/plugins\/seo\/ -->\n<title>Jo\u00e3o Azev\u00eado sanciona lei que cria ajuda de custo \u00e0 Pol\u00edcia Militar, Civil e Bombeiros - Not&iacute;cias em Destaque<\/title>\n<meta name=\"robots\" content=\"index, follow, max-snippet:-1, max-image-preview:large, max-video-preview:-1\" \/>\n<link rel=\"canonical\" href=\"https:\/\/noticiasemdestaque.com\/cd\/?p=51763\" \/>\n<meta property=\"og:locale\" content=\"pt_BR\" \/>\n<meta property=\"og:type\" content=\"article\" \/>\n<meta property=\"og:title\" content=\"Jo\u00e3o Azev\u00eado sanciona lei que cria ajuda de custo \u00e0 Pol\u00edcia Militar, Civil e Bombeiros - Not&iacute;cias em Destaque\" \/>\n<meta property=\"og:description\" content=\"Foi sancionada nesta quinta-feira (28) pelo governador Jo\u00e3o Azev\u00eado a lei que cria uma ajuda de custo operacional para Pol\u00edcia Militar, Corpo de Bombeiros, Pol\u00edcias Civil e Penal. A medida tamb\u00e9m beneficia agentes socioeducativos. O documento foi publicado na edi\u00e7\u00e3o de hoje do Di\u00e1rio Oficial do Estado. Segundo o texto, o aux\u00edlio ser\u00e1 pago aos servidores que se voluntariarem ou que sejam convocados para prestar servi\u00e7o em regime de escalas extraordin\u00e1rias de trabalho, fora do regime ordin\u00e1rio de trabalho, condicionado ao interesse da Administra\u00e7\u00e3o P\u00fablica. Ainda segundo o projeto sancionado, o benef\u00edcio \u00e9 de natureza indenizat\u00f3ria, n\u00e3o incidindo para efeito de c\u00e1lculo da previd\u00eancia e do imposto de renda. &nbsp;\" \/>\n<meta property=\"og:url\" content=\"https:\/\/noticiasemdestaque.com\/cd\/?p=51763\" \/>\n<meta property=\"og:site_name\" content=\"Not&iacute;cias em Destaque\" \/>\n<meta property=\"article:published_time\" content=\"2023-09-28T11:52:05+00:00\" \/>\n<meta property=\"og:image\" content=\"https:\/\/noticiasemdestaque.com\/cd\/wp-content\/uploads\/2023\/01\/policia_militar_foto-divulgacao-740x414-1.jpg\" \/>\n\t<meta property=\"og:image:width\" content=\"740\" \/>\n\t<meta property=\"og:image:height\" content=\"414\" \/>\n\t<meta property=\"og:image:type\" content=\"image\/jpeg\" \/>\n<meta name=\"author\" content=\"Not\u00edcias em Destaque\" \/>\n<meta name=\"twitter:card\" content=\"summary_large_image\" \/>\n<meta name=\"twitter:label1\" content=\"Escrito por\" \/>\n\t<meta name=\"twitter:data1\" content=\"Not\u00edcias em Destaque\" \/>\n\t<meta name=\"twitter:label2\" content=\"Est. tempo de leitura\" \/>\n\t<meta name=\"twitter:data2\" content=\"1 minuto\" \/>\n<script type=\"application\/ld+json\" class=\"yoast-schema-graph\">{\"@context\":\"https:\/\/schema.org\",\"@graph\":[{\"@type\":\"Article\",\"@id\":\"https:\/\/noticiasemdestaque.com\/cd\/?p=51763#article\",\"isPartOf\":{\"@id\":\"https:\/\/noticiasemdestaque.com\/cd\/?p=51763\"},\"author\":{\"name\":\"Not\u00edcias em Destaque\",\"@id\":\"https:\/\/noticiasemdestaque.com\/cd\/#\/schema\/person\/47f7d4f55eec17c6b2ca036c5500f6ce\"},\"headline\":\"Jo\u00e3o Azev\u00eado sanciona lei que cria ajuda de custo \u00e0 Pol\u00edcia Militar, Civil e Bombeiros\",\"datePublished\":\"2023-09-28T11:52:05+00:00\",\"mainEntityOfPage\":{\"@id\":\"https:\/\/noticiasemdestaque.com\/cd\/?p=51763\"},\"wordCount\":143,\"publisher\":{\"@id\":\"https:\/\/noticiasemdestaque.com\/cd\/#organization\"},\"image\":{\"@id\":\"https:\/\/noticiasemdestaque.com\/cd\/?p=51763#primaryimage\"},\"thumbnailUrl\":\"https:\/\/noticiasemdestaque.com\/cd\/wp-content\/uploads\/2023\/01\/policia_militar_foto-divulgacao-740x414-1.jpg\",\"articleSection\":[\"Geral\"],\"inLanguage\":\"pt-BR\"},{\"@type\":\"WebPage\",\"@id\":\"https:\/\/noticiasemdestaque.com\/cd\/?p=51763\",\"url\":\"https:\/\/noticiasemdestaque.com\/cd\/?p=51763\",\"name\":\"Jo\u00e3o Azev\u00eado sanciona lei que cria ajuda de custo \u00e0 Pol\u00edcia Militar, Civil e Bombeiros - Not&iacute;cias em Destaque\",\"isPartOf\":{\"@id\":\"https:\/\/noticiasemdestaque.com\/cd\/#website\"},\"primaryImageOfPage\":{\"@id\":\"https:\/\/noticiasemdestaque.com\/cd\/?p=51763#primaryimage\"},\"image\":{\"@id\":\"https:\/\/noticiasemdestaque.com\/cd\/?p=51763#primaryimage\"},\"thumbnailUrl\":\"https:\/\/noticiasemdestaque.com\/cd\/wp-content\/uploads\/2023\/01\/policia_militar_foto-divulgacao-740x414-1.jpg\",\"datePublished\":\"2023-09-28T11:52:05+00:00\",\"breadcrumb\":{\"@id\":\"https:\/\/noticiasemdestaque.com\/cd\/?p=51763#breadcrumb\"},\"inLanguage\":\"pt-BR\",\"potentialAction\":[{\"@type\":\"ReadAction\",\"target\":[\"https:\/\/noticiasemdestaque.com\/cd\/?p=51763\"]}]},{\"@type\":\"ImageObject\",\"inLanguage\":\"pt-BR\",\"@id\":\"https:\/\/noticiasemdestaque.com\/cd\/?p=51763#primaryimage\",\"url\":\"https:\/\/noticiasemdestaque.com\/cd\/wp-content\/uploads\/2023\/01\/policia_militar_foto-divulgacao-740x414-1.jpg\",\"contentUrl\":\"https:\/\/noticiasemdestaque.com\/cd\/wp-content\/uploads\/2023\/01\/policia_militar_foto-divulgacao-740x414-1.jpg\",\"width\":740,\"height\":414},{\"@type\":\"BreadcrumbList\",\"@id\":\"https:\/\/noticiasemdestaque.com\/cd\/?p=51763#breadcrumb\",\"itemListElement\":[{\"@type\":\"ListItem\",\"position\":1,\"name\":\"In\u00edcio\",\"item\":\"https:\/\/noticiasemdestaque.com\/cd\/\"},{\"@type\":\"ListItem\",\"position\":2,\"name\":\"Jo\u00e3o Azev\u00eado sanciona lei que cria ajuda de custo \u00e0 Pol\u00edcia Militar, Civil e Bombeiros\"}]},{\"@type\":\"WebSite\",\"@id\":\"https:\/\/noticiasemdestaque.com\/cd\/#website\",\"url\":\"https:\/\/noticiasemdestaque.com\/cd\/\",\"name\":\"Not&iacute;cias em Destaque\",\"description\":\"\",\"publisher\":{\"@id\":\"https:\/\/noticiasemdestaque.com\/cd\/#organization\"},\"potentialAction\":[{\"@type\":\"SearchAction\",\"target\":{\"@type\":\"EntryPoint\",\"urlTemplate\":\"https:\/\/noticiasemdestaque.com\/cd\/?s={search_term_string}\"},\"query-input\":{\"@type\":\"PropertyValueSpecification\",\"valueRequired\":true,\"valueName\":\"search_term_string\"}}],\"inLanguage\":\"pt-BR\"},{\"@type\":\"Organization\",\"@id\":\"https:\/\/noticiasemdestaque.com\/cd\/#organization\",\"name\":\"Not\u00edcias em Destaque\",\"url\":\"https:\/\/noticiasemdestaque.com\/cd\/\",\"logo\":{\"@type\":\"ImageObject\",\"inLanguage\":\"pt-BR\",\"@id\":\"https:\/\/noticiasemdestaque.com\/cd\/#\/schema\/logo\/image\/\",\"url\":\"https:\/\/noticiasemdestaque.com\/cd\/wp-content\/uploads\/2022\/05\/imagem-base-noticiasemdestaque.png\",\"contentUrl\":\"https:\/\/noticiasemdestaque.com\/cd\/wp-content\/uploads\/2022\/05\/imagem-base-noticiasemdestaque.png\",\"width\":1200,\"height\":630,\"caption\":\"Not\u00edcias em Destaque\"},\"image\":{\"@id\":\"https:\/\/noticiasemdestaque.com\/cd\/#\/schema\/logo\/image\/\"}},{\"@type\":\"Person\",\"@id\":\"https:\/\/noticiasemdestaque.com\/cd\/#\/schema\/person\/47f7d4f55eec17c6b2ca036c5500f6ce\",\"name\":\"Not\u00edcias em Destaque\",\"url\":\"https:\/\/noticiasemdestaque.com\/cd\/?author=2\"}]}<\/script>\n<!-- \/ Yoast SEO plugin. -->","yoast_head_json":{"title":"Jo\u00e3o Azev\u00eado sanciona lei que cria ajuda de custo \u00e0 Pol\u00edcia Militar, Civil e Bombeiros - Not&iacute;cias em Destaque","robots":{"index":"index","follow":"follow","max-snippet":"max-snippet:-1","max-image-preview":"max-image-preview:large","max-video-preview":"max-video-preview:-1"},"canonical":"https:\/\/noticiasemdestaque.com\/cd\/?p=51763","og_locale":"pt_BR","og_type":"article","og_title":"Jo\u00e3o Azev\u00eado sanciona lei que cria ajuda de custo \u00e0 Pol\u00edcia Militar, Civil e Bombeiros - Not&iacute;cias em Destaque","og_description":"Foi sancionada nesta quinta-feira (28) pelo governador Jo\u00e3o Azev\u00eado a lei que cria uma ajuda de custo operacional para Pol\u00edcia Militar, Corpo de Bombeiros, Pol\u00edcias Civil e Penal. A medida tamb\u00e9m beneficia agentes socioeducativos. O documento foi publicado na edi\u00e7\u00e3o de hoje do Di\u00e1rio Oficial do Estado. Segundo o texto, o aux\u00edlio ser\u00e1 pago aos servidores que se voluntariarem ou que sejam convocados para prestar servi\u00e7o em regime de escalas extraordin\u00e1rias de trabalho, fora do regime ordin\u00e1rio de trabalho, condicionado ao interesse da Administra\u00e7\u00e3o P\u00fablica. Ainda segundo o projeto sancionado, o benef\u00edcio \u00e9 de natureza indenizat\u00f3ria, n\u00e3o incidindo para efeito de c\u00e1lculo da previd\u00eancia e do imposto de renda. &nbsp;","og_url":"https:\/\/noticiasemdestaque.com\/cd\/?p=51763","og_site_name":"Not&iacute;cias em Destaque","article_published_time":"2023-09-28T11:52:05+00:00","og_image":[{"width":740,"height":414,"url":"https:\/\/noticiasemdestaque.com\/cd\/wp-content\/uploads\/2023\/01\/policia_militar_foto-divulgacao-740x414-1.jpg","type":"image\/jpeg"}],"author":"Not\u00edcias em Destaque","twitter_card":"summary_large_image","twitter_misc":{"Escrito por":"Not\u00edcias em Destaque","Est. tempo de leitura":"1 minuto"},"schema":{"@context":"https:\/\/schema.org","@graph":[{"@type":"Article","@id":"https:\/\/noticiasemdestaque.com\/cd\/?p=51763#article","isPartOf":{"@id":"https:\/\/noticiasemdestaque.com\/cd\/?p=51763"},"author":{"name":"Not\u00edcias em Destaque","@id":"https:\/\/noticiasemdestaque.com\/cd\/#\/schema\/person\/47f7d4f55eec17c6b2ca036c5500f6ce"},"headline":"Jo\u00e3o Azev\u00eado sanciona lei que cria ajuda de custo \u00e0 Pol\u00edcia Militar, Civil e Bombeiros","datePublished":"2023-09-28T11:52:05+00:00","mainEntityOfPage":{"@id":"https:\/\/noticiasemdestaque.com\/cd\/?p=51763"},"wordCount":143,"publisher":{"@id":"https:\/\/noticiasemdestaque.com\/cd\/#organization"},"image":{"@id":"https:\/\/noticiasemdestaque.com\/cd\/?p=51763#primaryimage"},"thumbnailUrl":"https:\/\/noticiasemdestaque.com\/cd\/wp-content\/uploads\/2023\/01\/policia_militar_foto-divulgacao-740x414-1.jpg","articleSection":["Geral"],"inLanguage":"pt-BR"},{"@type":"WebPage","@id":"https:\/\/noticiasemdestaque.com\/cd\/?p=51763","url":"https:\/\/noticiasemdestaque.com\/cd\/?p=51763","name":"Jo\u00e3o Azev\u00eado sanciona lei que cria ajuda de custo \u00e0 Pol\u00edcia Militar, Civil e Bombeiros - Not&iacute;cias em Destaque","isPartOf":{"@id":"https:\/\/noticiasemdestaque.com\/cd\/#website"},"primaryImageOfPage":{"@id":"https:\/\/noticiasemdestaque.com\/cd\/?p=51763#primaryimage"},"image":{"@id":"https:\/\/noticiasemdestaque.com\/cd\/?p=51763#primaryimage"},"thumbnailUrl":"https:\/\/noticiasemdestaque.com\/cd\/wp-content\/uploads\/2023\/01\/policia_militar_foto-divulgacao-740x414-1.jpg","datePublished":"2023-09-28T11:52:05+00:00","breadcrumb":{"@id":"https:\/\/noticiasemdestaque.com\/cd\/?p=51763#breadcrumb"},"inLanguage":"pt-BR","potentialAction":[{"@type":"ReadAction","target":["https:\/\/noticiasemdestaque.com\/cd\/?p=51763"]}]},{"@type":"ImageObject","inLanguage":"pt-BR","@id":"https:\/\/noticiasemdestaque.com\/cd\/?p=51763#primaryimage","url":"https:\/\/noticiasemdestaque.com\/cd\/wp-content\/uploads\/2023\/01\/policia_militar_foto-divulgacao-740x414-1.jpg","contentUrl":"https:\/\/noticiasemdestaque.com\/cd\/wp-content\/uploads\/2023\/01\/policia_militar_foto-divulgacao-740x414-1.jpg","width":740,"height":414},{"@type":"BreadcrumbList","@id":"https:\/\/noticiasemdestaque.com\/cd\/?p=51763#breadcrumb","itemListElement":[{"@type":"ListItem","position":1,"name":"In\u00edcio","item":"https:\/\/noticiasemdestaque.com\/cd\/"},{"@type":"ListItem","position":2,"name":"Jo\u00e3o Azev\u00eado sanciona lei que cria ajuda de custo \u00e0 Pol\u00edcia Militar, Civil e Bombeiros"}]},{"@type":"WebSite","@id":"https:\/\/noticiasemdestaque.com\/cd\/#website","url":"https:\/\/noticiasemdestaque.com\/cd\/","name":"Not&iacute;cias em Destaque","description":"","publisher":{"@id":"https:\/\/noticiasemdestaque.com\/cd\/#organization"},"potentialAction":[{"@type":"SearchAction","target":{"@type":"EntryPoint","urlTemplate":"https:\/\/noticiasemdestaque.com\/cd\/?s={search_term_string}"},"query-input":{"@type":"PropertyValueSpecification","valueRequired":true,"valueName":"search_term_string"}}],"inLanguage":"pt-BR"},{"@type":"Organization","@id":"https:\/\/noticiasemdestaque.com\/cd\/#organization","name":"Not\u00edcias em Destaque","url":"https:\/\/noticiasemdestaque.com\/cd\/","logo":{"@type":"ImageObject","inLanguage":"pt-BR","@id":"https:\/\/noticiasemdestaque.com\/cd\/#\/schema\/logo\/image\/","url":"https:\/\/noticiasemdestaque.com\/cd\/wp-content\/uploads\/2022\/05\/imagem-base-noticiasemdestaque.png","contentUrl":"https:\/\/noticiasemdestaque.com\/cd\/wp-content\/uploads\/2022\/05\/imagem-base-noticiasemdestaque.png","width":1200,"height":630,"caption":"Not\u00edcias em Destaque"},"image":{"@id":"https:\/\/noticiasemdestaque.com\/cd\/#\/schema\/logo\/image\/"}},{"@type":"Person","@id":"https:\/\/noticiasemdestaque.com\/cd\/#\/schema\/person\/47f7d4f55eec17c6b2ca036c5500f6ce","name":"Not\u00edcias em Destaque","url":"https:\/\/noticiasemdestaque.com\/cd\/?author=2"}]}},"jetpack_featured_media_url":"https:\/\/noticiasemdestaque.com\/cd\/wp-content\/uploads\/2023\/01\/policia_militar_foto-divulgacao-740x414-1.jpg","jetpack_sharing_enabled":true,"_links":{"self":[{"href":"https:\/\/noticiasemdestaque.com\/cd\/index.php?rest_route=\/wp\/v2\/posts\/51763","targetHints":{"allow":["GET"]}}],"collection":[{"href":"https:\/\/noticiasemdestaque.com\/cd\/index.php?rest_route=\/wp\/v2\/posts"}],"about":[{"href":"https:\/\/noticiasemdestaque.com\/cd\/index.php?rest_route=\/wp\/v2\/types\/post"}],"author":[{"embeddable":true,"href":"https:\/\/noticiasemdestaque.com\/cd\/index.php?rest_route=\/wp\/v2\/users\/2"}],"replies":[{"embeddable":true,"href":"https:\/\/noticiasemdestaque.com\/cd\/index.php?rest_route=%2Fwp%2Fv2%2Fcomments&post=51763"}],"version-history":[{"count":1,"href":"https:\/\/noticiasemdestaque.com\/cd\/index.php?rest_route=\/wp\/v2\/posts\/51763\/revisions"}],"predecessor-version":[{"id":51764,"href":"https:\/\/noticiasemdestaque.com\/cd\/index.php?rest_route=\/wp\/v2\/posts\/51763\/revisions\/51764"}],"wp:featuredmedia":[{"embeddable":true,"href":"https:\/\/noticiasemdestaque.com\/cd\/index.php?rest_route=\/wp\/v2\/media\/45497"}],"wp:attachment":[{"href":"https:\/\/noticiasemdestaque.com\/cd\/index.php?rest_route=%2Fwp%2Fv2%2Fmedia&parent=51763"}],"wp:term":[{"taxonomy":"category","embeddable":true,"href":"https:\/\/noticiasemdestaque.com\/cd\/index.php?rest_route=%2Fwp%2Fv2%2Fcategories&post=51763"},{"taxonomy":"post_tag","embeddable":true,"href":"https:\/\/noticiasemdestaque.com\/cd\/index.php?rest_route=%2Fwp%2Fv2%2Ftags&post=51763"}],"curies":[{"name":"wp","href":"https:\/\/api.w.org\/{rel}","templated":true}]}}