{"id":51757,"date":"2023-09-28T08:49:06","date_gmt":"2023-09-28T11:49:06","guid":{"rendered":"https:\/\/noticiasemdestaque.com\/cd\/?p=51757"},"modified":"2023-09-28T08:49:06","modified_gmt":"2023-09-28T11:49:06","slug":"informe-publicitario-tre-capacita-profissionais-que-irao-trabalhar-na-eleicao-para-conselho-tutelar-dia-1o-de-outubro","status":"publish","type":"post","link":"https:\/\/noticiasemdestaque.com\/cd\/?p=51757","title":{"rendered":"INFORME PUBLICIT\u00c1RIO: TRE capacita profissionais que ir\u00e3o trabalhar na elei\u00e7\u00e3o para Conselho Tutelar dia 1\u00ba de outubro"},"content":{"rendered":"<p><a href=\"https:\/\/noticiasemdestaque.com\/cd\/wp-content\/uploads\/2023\/09\/00.jpg\"><img fetchpriority=\"high\" decoding=\"async\" class=\"size-medium wp-image-51758 aligncenter\" src=\"https:\/\/noticiasemdestaque.com\/cd\/wp-content\/uploads\/2023\/09\/00-300x218.jpg\" alt=\"\" width=\"300\" height=\"218\" srcset=\"https:\/\/noticiasemdestaque.com\/cd\/wp-content\/uploads\/2023\/09\/00-300x218.jpg 300w, https:\/\/noticiasemdestaque.com\/cd\/wp-content\/uploads\/2023\/09\/00-1024x744.jpg 1024w, https:\/\/noticiasemdestaque.com\/cd\/wp-content\/uploads\/2023\/09\/00-768x558.jpg 768w, https:\/\/noticiasemdestaque.com\/cd\/wp-content\/uploads\/2023\/09\/00-1536x1116.jpg 1536w, https:\/\/noticiasemdestaque.com\/cd\/wp-content\/uploads\/2023\/09\/00-18x12.jpg 18w, https:\/\/noticiasemdestaque.com\/cd\/wp-content\/uploads\/2023\/09\/00.jpg 1586w\" sizes=\"(max-width: 300px) 100vw, 300px\" \/><\/a><\/p>\n<p>A Prefeitura de Sum\u00e9 em parceria com o Tribunal Regional Eleitoral (TRE) capacitou, essa semana, os profissionais que ir\u00e3o atuar na elei\u00e7\u00e3o dos conselheiros tutelares do munic\u00edpio.<\/p>\n<p>Os que ir\u00e3o atuar como T\u00e9cnicos de Urna foram capacitados em Campina Grande, no N\u00facleo de Voto Informatizado, enquanto que os Mes\u00e1rios foram capacitados no Centro de Forma\u00e7\u00e3o dos Professores, localizado no bairro da V\u00e1rzea Redonda em Sum\u00e9. Ao todo ser\u00e3o 05 T\u00e9cnicos de Urna e 33 Mes\u00e1rios.<\/p>\n<p>A elei\u00e7\u00e3o para escolha dos novos membros do Conselho Tutelar de Sum\u00e9 para o per\u00edodo 2024-2028, ser\u00e1 domingo, 1\u00b0 de outubro, das 8h \u00e0s 17h. Todos os eleitores sumeenses em situa\u00e7\u00e3o regular perante a Justi\u00e7a Eleitoral poder\u00e3o participar da escolha dos novos conselheiros.<\/p>\n<p>Para votar, os eleitores dever\u00e3o ir at\u00e9 os locais de vota\u00e7\u00e3o com documento de identidade com foto e o t\u00edtulo de eleitor ou aplicativo e-T\u00edtulo. \u00a0Ser\u00e3o 04 locais de vota\u00e7\u00e3o e 52 se\u00e7\u00f5es com urnas eletr\u00f4nicas cedidas pelo Tribunal Regional Eleitoral. Os locais de vota\u00e7\u00e3o s\u00e3o:<\/p>\n<ul>\n<li>A Escola Gon\u00e7ala Rodrigues de Freitas, localizada no Conjunto Habitacional, abrigar\u00e1 as se\u00e7\u00f5es: <strong>065, 092 e 127;<\/strong><\/li>\n<li>A Escola Maria Leite Rafael, localizada no Alto Alegre, abrigar\u00e1 as se\u00e7\u00f5es: <strong>023; 024; 035; 036; 038; 039; 040; 041; 061, 042; 043; 044; 047; 048; 049; 050; 051; 059; 025; 026; 027; 028; 037; 045; 089; 091; 130; 033; 034; 046; 060; 067; 085; 095; 101;<\/strong><\/li>\n<li>A Escola Z\u00e9lia Braz, localizada na V\u00e1rzea Redonda, abrigar\u00e1 as se\u00e7\u00f5es: <strong>063; 064; 084; 128; 020; 029; 030; 031; 032; 062; 086; 088;<\/strong><\/li>\n<li>A Escola de Campo, localizada no distrito de Pio X, abrigar\u00e1 as se\u00e7\u00f5es: <strong>057 e 058.<\/strong><\/li>\n<\/ul>\n<p><a href=\"https:\/\/noticiasemdestaque.com\/cd\/wp-content\/uploads\/2023\/09\/locais.jpg\"><img decoding=\"async\" class=\"size-medium wp-image-51759 aligncenter\" src=\"https:\/\/noticiasemdestaque.com\/cd\/wp-content\/uploads\/2023\/09\/locais-300x300.jpg\" alt=\"\" width=\"300\" height=\"300\" srcset=\"https:\/\/noticiasemdestaque.com\/cd\/wp-content\/uploads\/2023\/09\/locais-300x300.jpg 300w, https:\/\/noticiasemdestaque.com\/cd\/wp-content\/uploads\/2023\/09\/locais-1024x1024.jpg 1024w, https:\/\/noticiasemdestaque.com\/cd\/wp-content\/uploads\/2023\/09\/locais-150x150.jpg 150w, https:\/\/noticiasemdestaque.com\/cd\/wp-content\/uploads\/2023\/09\/locais-768x768.jpg 768w, https:\/\/noticiasemdestaque.com\/cd\/wp-content\/uploads\/2023\/09\/locais-12x12.jpg 12w, https:\/\/noticiasemdestaque.com\/cd\/wp-content\/uploads\/2023\/09\/locais.jpg 1080w\" sizes=\"(max-width: 300px) 100vw, 300px\" \/><\/a><\/p>\n<p>Nesta edi\u00e7\u00e3o, 13 candidatos disputam as elei\u00e7\u00f5es. S\u00e3o eles:<\/p>\n<ul>\n<li>Keli Regina Palmeira de Sousa Lima \u2013 n\u00ba 101<\/li>\n<li>Aline Carvalho Queiroz \u2013 n\u00ba 102<\/li>\n<li>Geraldo Clementino de Souza \u2013 n\u00ba 103<\/li>\n<li>Paula Solange Neves da Silva \u2013 n\u00ba 104<\/li>\n<li>Adriana Vilar de Sousa \u2013 n\u00ba 105<\/li>\n<li>Viviane Cristina de Oliveira M\u00e9lo Rodrigues \u2013 n\u00ba 106<\/li>\n<li>Josenir da Silva Melo \u2013 n\u00ba 107<\/li>\n<li>Joice Dantas de Oliveira \u2013 n\u00ba 108<\/li>\n<li>Lucina Tamar da Silva Leite \u2013 n\u00ba 109<\/li>\n<li>Ver\u00f4nica Barros de Assis \u2013 n\u00ba 110<\/li>\n<li>Josimar Guabiraba da Silva \u2013 n\u00ba 111<\/li>\n<li>Damiana M\u00e1rcia de Farias \u2013 n\u00ba 112<\/li>\n<li>Jos\u00e9 Erinaldo da Silva \u2013 n\u00ba 113<\/li>\n<\/ul>\n<p><a href=\"https:\/\/noticiasemdestaque.com\/cd\/wp-content\/uploads\/2023\/09\/c1-1.jpg\"><img decoding=\"async\" class=\"size-medium wp-image-51760 aligncenter\" src=\"https:\/\/noticiasemdestaque.com\/cd\/wp-content\/uploads\/2023\/09\/c1-1-300x300.jpg\" alt=\"\" width=\"300\" height=\"300\" srcset=\"https:\/\/noticiasemdestaque.com\/cd\/wp-content\/uploads\/2023\/09\/c1-1-300x300.jpg 300w, https:\/\/noticiasemdestaque.com\/cd\/wp-content\/uploads\/2023\/09\/c1-1-1024x1024.jpg 1024w, https:\/\/noticiasemdestaque.com\/cd\/wp-content\/uploads\/2023\/09\/c1-1-150x150.jpg 150w, https:\/\/noticiasemdestaque.com\/cd\/wp-content\/uploads\/2023\/09\/c1-1-768x768.jpg 768w, https:\/\/noticiasemdestaque.com\/cd\/wp-content\/uploads\/2023\/09\/c1-1-12x12.jpg 12w, https:\/\/noticiasemdestaque.com\/cd\/wp-content\/uploads\/2023\/09\/c1-1.jpg 1080w\" sizes=\"(max-width: 300px) 100vw, 300px\" \/><\/a><\/p>\n<p><a href=\"https:\/\/noticiasemdestaque.com\/cd\/wp-content\/uploads\/2023\/09\/c2.jpg\"><img loading=\"lazy\" decoding=\"async\" class=\"size-medium wp-image-51761 aligncenter\" src=\"https:\/\/noticiasemdestaque.com\/cd\/wp-content\/uploads\/2023\/09\/c2-300x300.jpg\" alt=\"\" width=\"300\" height=\"300\" srcset=\"https:\/\/noticiasemdestaque.com\/cd\/wp-content\/uploads\/2023\/09\/c2-300x300.jpg 300w, https:\/\/noticiasemdestaque.com\/cd\/wp-content\/uploads\/2023\/09\/c2-1024x1024.jpg 1024w, https:\/\/noticiasemdestaque.com\/cd\/wp-content\/uploads\/2023\/09\/c2-150x150.jpg 150w, https:\/\/noticiasemdestaque.com\/cd\/wp-content\/uploads\/2023\/09\/c2-768x768.jpg 768w, https:\/\/noticiasemdestaque.com\/cd\/wp-content\/uploads\/2023\/09\/c2-12x12.jpg 12w, https:\/\/noticiasemdestaque.com\/cd\/wp-content\/uploads\/2023\/09\/c2.jpg 1080w\" sizes=\"(max-width: 300px) 100vw, 300px\" \/><\/a><\/p>\n<p>Somente tomar\u00e1 posse, <strong>em 10 de janeiro de 2024<\/strong>, quem obtiver presen\u00e7a em 100% do curso de capacita\u00e7\u00e3o para a fun\u00e7\u00e3o de Conselheiro Tutelar, oferecido pelo poder p\u00fablico municipal com fiscaliza\u00e7\u00e3o e acompanhamento do Conselho Municipal dos Direitos da Crian\u00e7a e do Adolescente.<\/p>\n<p><a href=\"https:\/\/noticiasemdestaque.com\/cd\/wp-content\/uploads\/2023\/09\/sume-rodape.webp\"><img loading=\"lazy\" decoding=\"async\" class=\"size-full wp-image-51539 aligncenter\" src=\"https:\/\/noticiasemdestaque.com\/cd\/wp-content\/uploads\/2023\/09\/sume-rodape.webp\" alt=\"\" width=\"136\" height=\"155\" srcset=\"https:\/\/noticiasemdestaque.com\/cd\/wp-content\/uploads\/2023\/09\/sume-rodape.webp 136w, https:\/\/noticiasemdestaque.com\/cd\/wp-content\/uploads\/2023\/09\/sume-rodape-11x12.webp 11w\" sizes=\"(max-width: 136px) 100vw, 136px\" \/><\/a><\/p>\n","protected":false},"excerpt":{"rendered":"<p>A Prefeitura de Sum\u00e9 em parceria com o Tribunal Regional Eleitoral (TRE) capacitou, essa semana, os profissionais que ir\u00e3o atuar na elei\u00e7\u00e3o dos conselheiros tutelares do munic\u00edpio. Os que ir\u00e3o atuar como T\u00e9cnicos de Urna foram capacitados em Campina Grande, no N\u00facleo de Voto Informatizado, enquanto que os Mes\u00e1rios foram capacitados no Centro de Forma\u00e7\u00e3o dos Professores, localizado no bairro da V\u00e1rzea Redonda em Sum\u00e9. Ao todo ser\u00e3o 05 T\u00e9cnicos de Urna e 33 Mes\u00e1rios. A elei\u00e7\u00e3o para escolha dos novos membros do Conselho Tutelar de Sum\u00e9 para o per\u00edodo 2024-2028, ser\u00e1 domingo, 1\u00b0 de outubro, das 8h \u00e0s 17h. Todos os eleitores sumeenses em situa\u00e7\u00e3o regular perante a Justi\u00e7a Eleitoral poder\u00e3o participar da escolha dos novos conselheiros. Para votar, os eleitores dever\u00e3o ir at\u00e9 os locais de vota\u00e7\u00e3o com documento de identidade com foto e o t\u00edtulo de eleitor ou aplicativo e-T\u00edtulo. \u00a0Ser\u00e3o 04 locais de vota\u00e7\u00e3o e 52 se\u00e7\u00f5es com urnas eletr\u00f4nicas cedidas pelo Tribunal Regional Eleitoral. Os locais de vota\u00e7\u00e3o s\u00e3o: A Escola Gon\u00e7ala Rodrigues de Freitas, localizada no Conjunto Habitacional, abrigar\u00e1 as se\u00e7\u00f5es: 065, 092 e 127; A Escola Maria Leite Rafael, localizada no Alto Alegre, abrigar\u00e1 as se\u00e7\u00f5es: 023; 024; 035; 036; 038; 039; 040; 041; 061, 042; 043; 044; 047; 048; 049; 050; 051; 059; 025; 026; 027; 028; 037; 045; 089; 091; 130; 033; 034; 046; 060; 067; 085; 095; 101; A Escola Z\u00e9lia Braz, localizada na V\u00e1rzea Redonda, abrigar\u00e1 as se\u00e7\u00f5es: 063; 064; 084; 128; 020; 029; 030; 031; 032; 062; 086; 088; A Escola de Campo, localizada no distrito de Pio X, abrigar\u00e1 as se\u00e7\u00f5es: 057 e 058. Nesta edi\u00e7\u00e3o, 13 candidatos disputam as elei\u00e7\u00f5es. S\u00e3o eles: Keli Regina Palmeira de Sousa Lima \u2013 n\u00ba 101 Aline Carvalho Queiroz \u2013 n\u00ba 102 Geraldo Clementino de Souza \u2013 n\u00ba 103 Paula Solange Neves da Silva \u2013 n\u00ba 104 Adriana Vilar de Sousa \u2013 n\u00ba 105 Viviane Cristina de Oliveira M\u00e9lo Rodrigues \u2013 n\u00ba 106 Josenir da Silva Melo \u2013 n\u00ba 107 Joice Dantas de Oliveira \u2013 n\u00ba 108 Lucina Tamar da Silva Leite \u2013 n\u00ba 109 Ver\u00f4nica Barros de Assis \u2013 n\u00ba 110 Josimar Guabiraba da Silva \u2013 n\u00ba 111 Damiana M\u00e1rcia de Farias \u2013 n\u00ba 112 Jos\u00e9 Erinaldo da Silva \u2013 n\u00ba 113 Somente tomar\u00e1 posse, em 10 de janeiro de 2024, quem obtiver presen\u00e7a em 100% do curso de capacita\u00e7\u00e3o para a fun\u00e7\u00e3o de Conselheiro Tutelar, oferecido pelo poder p\u00fablico municipal com fiscaliza\u00e7\u00e3o e acompanhamento do Conselho Municipal dos Direitos da Crian\u00e7a e do Adolescente.<\/p>\n","protected":false},"author":2,"featured_media":51758,"comment_status":"closed","ping_status":"open","sticky":false,"template":"","format":"standard","meta":{"_eb_attr":"","_jetpack_memberships_contains_paid_content":false,"footnotes":""},"categories":[3],"tags":[],"class_list":["post-51757","post","type-post","status-publish","format-standard","has-post-thumbnail","hentry","category-cidades"],"yoast_head":"<!-- This site is optimized with the Yoast SEO plugin v26.5 - https:\/\/yoast.com\/wordpress\/plugins\/seo\/ -->\n<title>INFORME PUBLICIT\u00c1RIO: TRE capacita profissionais que ir\u00e3o trabalhar na elei\u00e7\u00e3o para Conselho Tutelar dia 1\u00ba de outubro - Not&iacute;cias em Destaque<\/title>\n<meta name=\"robots\" content=\"index, follow, max-snippet:-1, max-image-preview:large, max-video-preview:-1\" \/>\n<link rel=\"canonical\" href=\"https:\/\/noticiasemdestaque.com\/cd\/?p=51757\" \/>\n<meta property=\"og:locale\" content=\"pt_BR\" \/>\n<meta property=\"og:type\" content=\"article\" \/>\n<meta property=\"og:title\" content=\"INFORME PUBLICIT\u00c1RIO: TRE capacita profissionais que ir\u00e3o trabalhar na elei\u00e7\u00e3o para Conselho Tutelar dia 1\u00ba de outubro - Not&iacute;cias em Destaque\" \/>\n<meta property=\"og:description\" content=\"A Prefeitura de Sum\u00e9 em parceria com o Tribunal Regional Eleitoral (TRE) capacitou, essa semana, os profissionais que ir\u00e3o atuar na elei\u00e7\u00e3o dos conselheiros tutelares do munic\u00edpio. Os que ir\u00e3o atuar como T\u00e9cnicos de Urna foram capacitados em Campina Grande, no N\u00facleo de Voto Informatizado, enquanto que os Mes\u00e1rios foram capacitados no Centro de Forma\u00e7\u00e3o dos Professores, localizado no bairro da V\u00e1rzea Redonda em Sum\u00e9. Ao todo ser\u00e3o 05 T\u00e9cnicos de Urna e 33 Mes\u00e1rios. A elei\u00e7\u00e3o para escolha dos novos membros do Conselho Tutelar de Sum\u00e9 para o per\u00edodo 2024-2028, ser\u00e1 domingo, 1\u00b0 de outubro, das 8h \u00e0s 17h. Todos os eleitores sumeenses em situa\u00e7\u00e3o regular perante a Justi\u00e7a Eleitoral poder\u00e3o participar da escolha dos novos conselheiros. Para votar, os eleitores dever\u00e3o ir at\u00e9 os locais de vota\u00e7\u00e3o com documento de identidade com foto e o t\u00edtulo de eleitor ou aplicativo e-T\u00edtulo. \u00a0Ser\u00e3o 04 locais de vota\u00e7\u00e3o e 52 se\u00e7\u00f5es com urnas eletr\u00f4nicas cedidas pelo Tribunal Regional Eleitoral. Os locais de vota\u00e7\u00e3o s\u00e3o: A Escola Gon\u00e7ala Rodrigues de Freitas, localizada no Conjunto Habitacional, abrigar\u00e1 as se\u00e7\u00f5es: 065, 092 e 127; A Escola Maria Leite Rafael, localizada no Alto Alegre, abrigar\u00e1 as se\u00e7\u00f5es: 023; 024; 035; 036; 038; 039; 040; 041; 061, 042; 043; 044; 047; 048; 049; 050; 051; 059; 025; 026; 027; 028; 037; 045; 089; 091; 130; 033; 034; 046; 060; 067; 085; 095; 101; A Escola Z\u00e9lia Braz, localizada na V\u00e1rzea Redonda, abrigar\u00e1 as se\u00e7\u00f5es: 063; 064; 084; 128; 020; 029; 030; 031; 032; 062; 086; 088; A Escola de Campo, localizada no distrito de Pio X, abrigar\u00e1 as se\u00e7\u00f5es: 057 e 058. Nesta edi\u00e7\u00e3o, 13 candidatos disputam as elei\u00e7\u00f5es. S\u00e3o eles: Keli Regina Palmeira de Sousa Lima \u2013 n\u00ba 101 Aline Carvalho Queiroz \u2013 n\u00ba 102 Geraldo Clementino de Souza \u2013 n\u00ba 103 Paula Solange Neves da Silva \u2013 n\u00ba 104 Adriana Vilar de Sousa \u2013 n\u00ba 105 Viviane Cristina de Oliveira M\u00e9lo Rodrigues \u2013 n\u00ba 106 Josenir da Silva Melo \u2013 n\u00ba 107 Joice Dantas de Oliveira \u2013 n\u00ba 108 Lucina Tamar da Silva Leite \u2013 n\u00ba 109 Ver\u00f4nica Barros de Assis \u2013 n\u00ba 110 Josimar Guabiraba da Silva \u2013 n\u00ba 111 Damiana M\u00e1rcia de Farias \u2013 n\u00ba 112 Jos\u00e9 Erinaldo da Silva \u2013 n\u00ba 113 Somente tomar\u00e1 posse, em 10 de janeiro de 2024, quem obtiver presen\u00e7a em 100% do curso de capacita\u00e7\u00e3o para a fun\u00e7\u00e3o de Conselheiro Tutelar, oferecido pelo poder p\u00fablico municipal com fiscaliza\u00e7\u00e3o e acompanhamento do Conselho Municipal dos Direitos da Crian\u00e7a e do Adolescente.\" \/>\n<meta property=\"og:url\" content=\"https:\/\/noticiasemdestaque.com\/cd\/?p=51757\" \/>\n<meta property=\"og:site_name\" content=\"Not&iacute;cias em Destaque\" \/>\n<meta property=\"article:published_time\" content=\"2023-09-28T11:49:06+00:00\" \/>\n<meta property=\"og:image\" content=\"https:\/\/noticiasemdestaque.com\/cd\/wp-content\/uploads\/2023\/09\/00.jpg\" \/>\n\t<meta property=\"og:image:width\" content=\"1586\" \/>\n\t<meta property=\"og:image:height\" content=\"1152\" \/>\n\t<meta property=\"og:image:type\" content=\"image\/jpeg\" \/>\n<meta name=\"author\" content=\"Not\u00edcias em Destaque\" \/>\n<meta name=\"twitter:card\" content=\"summary_large_image\" \/>\n<meta name=\"twitter:label1\" content=\"Escrito por\" \/>\n\t<meta name=\"twitter:data1\" content=\"Not\u00edcias em Destaque\" \/>\n\t<meta name=\"twitter:label2\" content=\"Est. tempo de leitura\" \/>\n\t<meta name=\"twitter:data2\" content=\"4 minutos\" \/>\n<script type=\"application\/ld+json\" class=\"yoast-schema-graph\">{\"@context\":\"https:\/\/schema.org\",\"@graph\":[{\"@type\":\"Article\",\"@id\":\"https:\/\/noticiasemdestaque.com\/cd\/?p=51757#article\",\"isPartOf\":{\"@id\":\"https:\/\/noticiasemdestaque.com\/cd\/?p=51757\"},\"author\":{\"name\":\"Not\u00edcias em Destaque\",\"@id\":\"https:\/\/noticiasemdestaque.com\/cd\/#\/schema\/person\/47f7d4f55eec17c6b2ca036c5500f6ce\"},\"headline\":\"INFORME PUBLICIT\u00c1RIO: TRE capacita profissionais que ir\u00e3o trabalhar na elei\u00e7\u00e3o para Conselho Tutelar dia 1\u00ba de outubro\",\"datePublished\":\"2023-09-28T11:49:06+00:00\",\"mainEntityOfPage\":{\"@id\":\"https:\/\/noticiasemdestaque.com\/cd\/?p=51757\"},\"wordCount\":393,\"publisher\":{\"@id\":\"https:\/\/noticiasemdestaque.com\/cd\/#organization\"},\"image\":{\"@id\":\"https:\/\/noticiasemdestaque.com\/cd\/?p=51757#primaryimage\"},\"thumbnailUrl\":\"https:\/\/noticiasemdestaque.com\/cd\/wp-content\/uploads\/2023\/09\/00.jpg\",\"articleSection\":[\"Cidades\"],\"inLanguage\":\"pt-BR\"},{\"@type\":\"WebPage\",\"@id\":\"https:\/\/noticiasemdestaque.com\/cd\/?p=51757\",\"url\":\"https:\/\/noticiasemdestaque.com\/cd\/?p=51757\",\"name\":\"INFORME PUBLICIT\u00c1RIO: TRE capacita profissionais que ir\u00e3o trabalhar na elei\u00e7\u00e3o para Conselho Tutelar dia 1\u00ba de outubro - Not&iacute;cias em Destaque\",\"isPartOf\":{\"@id\":\"https:\/\/noticiasemdestaque.com\/cd\/#website\"},\"primaryImageOfPage\":{\"@id\":\"https:\/\/noticiasemdestaque.com\/cd\/?p=51757#primaryimage\"},\"image\":{\"@id\":\"https:\/\/noticiasemdestaque.com\/cd\/?p=51757#primaryimage\"},\"thumbnailUrl\":\"https:\/\/noticiasemdestaque.com\/cd\/wp-content\/uploads\/2023\/09\/00.jpg\",\"datePublished\":\"2023-09-28T11:49:06+00:00\",\"breadcrumb\":{\"@id\":\"https:\/\/noticiasemdestaque.com\/cd\/?p=51757#breadcrumb\"},\"inLanguage\":\"pt-BR\",\"potentialAction\":[{\"@type\":\"ReadAction\",\"target\":[\"https:\/\/noticiasemdestaque.com\/cd\/?p=51757\"]}]},{\"@type\":\"ImageObject\",\"inLanguage\":\"pt-BR\",\"@id\":\"https:\/\/noticiasemdestaque.com\/cd\/?p=51757#primaryimage\",\"url\":\"https:\/\/noticiasemdestaque.com\/cd\/wp-content\/uploads\/2023\/09\/00.jpg\",\"contentUrl\":\"https:\/\/noticiasemdestaque.com\/cd\/wp-content\/uploads\/2023\/09\/00.jpg\",\"width\":1586,\"height\":1152},{\"@type\":\"BreadcrumbList\",\"@id\":\"https:\/\/noticiasemdestaque.com\/cd\/?p=51757#breadcrumb\",\"itemListElement\":[{\"@type\":\"ListItem\",\"position\":1,\"name\":\"In\u00edcio\",\"item\":\"https:\/\/noticiasemdestaque.com\/cd\/\"},{\"@type\":\"ListItem\",\"position\":2,\"name\":\"INFORME PUBLICIT\u00c1RIO: TRE capacita profissionais que ir\u00e3o trabalhar na elei\u00e7\u00e3o para Conselho Tutelar dia 1\u00ba de outubro\"}]},{\"@type\":\"WebSite\",\"@id\":\"https:\/\/noticiasemdestaque.com\/cd\/#website\",\"url\":\"https:\/\/noticiasemdestaque.com\/cd\/\",\"name\":\"Not&iacute;cias em Destaque\",\"description\":\"\",\"publisher\":{\"@id\":\"https:\/\/noticiasemdestaque.com\/cd\/#organization\"},\"potentialAction\":[{\"@type\":\"SearchAction\",\"target\":{\"@type\":\"EntryPoint\",\"urlTemplate\":\"https:\/\/noticiasemdestaque.com\/cd\/?s={search_term_string}\"},\"query-input\":{\"@type\":\"PropertyValueSpecification\",\"valueRequired\":true,\"valueName\":\"search_term_string\"}}],\"inLanguage\":\"pt-BR\"},{\"@type\":\"Organization\",\"@id\":\"https:\/\/noticiasemdestaque.com\/cd\/#organization\",\"name\":\"Not\u00edcias em Destaque\",\"url\":\"https:\/\/noticiasemdestaque.com\/cd\/\",\"logo\":{\"@type\":\"ImageObject\",\"inLanguage\":\"pt-BR\",\"@id\":\"https:\/\/noticiasemdestaque.com\/cd\/#\/schema\/logo\/image\/\",\"url\":\"https:\/\/noticiasemdestaque.com\/cd\/wp-content\/uploads\/2022\/05\/imagem-base-noticiasemdestaque.png\",\"contentUrl\":\"https:\/\/noticiasemdestaque.com\/cd\/wp-content\/uploads\/2022\/05\/imagem-base-noticiasemdestaque.png\",\"width\":1200,\"height\":630,\"caption\":\"Not\u00edcias em Destaque\"},\"image\":{\"@id\":\"https:\/\/noticiasemdestaque.com\/cd\/#\/schema\/logo\/image\/\"}},{\"@type\":\"Person\",\"@id\":\"https:\/\/noticiasemdestaque.com\/cd\/#\/schema\/person\/47f7d4f55eec17c6b2ca036c5500f6ce\",\"name\":\"Not\u00edcias em Destaque\",\"url\":\"https:\/\/noticiasemdestaque.com\/cd\/?author=2\"}]}<\/script>\n<!-- \/ Yoast SEO plugin. -->","yoast_head_json":{"title":"INFORME PUBLICIT\u00c1RIO: TRE capacita profissionais que ir\u00e3o trabalhar na elei\u00e7\u00e3o para Conselho Tutelar dia 1\u00ba de outubro - Not&iacute;cias em Destaque","robots":{"index":"index","follow":"follow","max-snippet":"max-snippet:-1","max-image-preview":"max-image-preview:large","max-video-preview":"max-video-preview:-1"},"canonical":"https:\/\/noticiasemdestaque.com\/cd\/?p=51757","og_locale":"pt_BR","og_type":"article","og_title":"INFORME PUBLICIT\u00c1RIO: TRE capacita profissionais que ir\u00e3o trabalhar na elei\u00e7\u00e3o para Conselho Tutelar dia 1\u00ba de outubro - Not&iacute;cias em Destaque","og_description":"A Prefeitura de Sum\u00e9 em parceria com o Tribunal Regional Eleitoral (TRE) capacitou, essa semana, os profissionais que ir\u00e3o atuar na elei\u00e7\u00e3o dos conselheiros tutelares do munic\u00edpio. Os que ir\u00e3o atuar como T\u00e9cnicos de Urna foram capacitados em Campina Grande, no N\u00facleo de Voto Informatizado, enquanto que os Mes\u00e1rios foram capacitados no Centro de Forma\u00e7\u00e3o dos Professores, localizado no bairro da V\u00e1rzea Redonda em Sum\u00e9. Ao todo ser\u00e3o 05 T\u00e9cnicos de Urna e 33 Mes\u00e1rios. A elei\u00e7\u00e3o para escolha dos novos membros do Conselho Tutelar de Sum\u00e9 para o per\u00edodo 2024-2028, ser\u00e1 domingo, 1\u00b0 de outubro, das 8h \u00e0s 17h. Todos os eleitores sumeenses em situa\u00e7\u00e3o regular perante a Justi\u00e7a Eleitoral poder\u00e3o participar da escolha dos novos conselheiros. Para votar, os eleitores dever\u00e3o ir at\u00e9 os locais de vota\u00e7\u00e3o com documento de identidade com foto e o t\u00edtulo de eleitor ou aplicativo e-T\u00edtulo. \u00a0Ser\u00e3o 04 locais de vota\u00e7\u00e3o e 52 se\u00e7\u00f5es com urnas eletr\u00f4nicas cedidas pelo Tribunal Regional Eleitoral. Os locais de vota\u00e7\u00e3o s\u00e3o: A Escola Gon\u00e7ala Rodrigues de Freitas, localizada no Conjunto Habitacional, abrigar\u00e1 as se\u00e7\u00f5es: 065, 092 e 127; A Escola Maria Leite Rafael, localizada no Alto Alegre, abrigar\u00e1 as se\u00e7\u00f5es: 023; 024; 035; 036; 038; 039; 040; 041; 061, 042; 043; 044; 047; 048; 049; 050; 051; 059; 025; 026; 027; 028; 037; 045; 089; 091; 130; 033; 034; 046; 060; 067; 085; 095; 101; A Escola Z\u00e9lia Braz, localizada na V\u00e1rzea Redonda, abrigar\u00e1 as se\u00e7\u00f5es: 063; 064; 084; 128; 020; 029; 030; 031; 032; 062; 086; 088; A Escola de Campo, localizada no distrito de Pio X, abrigar\u00e1 as se\u00e7\u00f5es: 057 e 058. Nesta edi\u00e7\u00e3o, 13 candidatos disputam as elei\u00e7\u00f5es. S\u00e3o eles: Keli Regina Palmeira de Sousa Lima \u2013 n\u00ba 101 Aline Carvalho Queiroz \u2013 n\u00ba 102 Geraldo Clementino de Souza \u2013 n\u00ba 103 Paula Solange Neves da Silva \u2013 n\u00ba 104 Adriana Vilar de Sousa \u2013 n\u00ba 105 Viviane Cristina de Oliveira M\u00e9lo Rodrigues \u2013 n\u00ba 106 Josenir da Silva Melo \u2013 n\u00ba 107 Joice Dantas de Oliveira \u2013 n\u00ba 108 Lucina Tamar da Silva Leite \u2013 n\u00ba 109 Ver\u00f4nica Barros de Assis \u2013 n\u00ba 110 Josimar Guabiraba da Silva \u2013 n\u00ba 111 Damiana M\u00e1rcia de Farias \u2013 n\u00ba 112 Jos\u00e9 Erinaldo da Silva \u2013 n\u00ba 113 Somente tomar\u00e1 posse, em 10 de janeiro de 2024, quem obtiver presen\u00e7a em 100% do curso de capacita\u00e7\u00e3o para a fun\u00e7\u00e3o de Conselheiro Tutelar, oferecido pelo poder p\u00fablico municipal com fiscaliza\u00e7\u00e3o e acompanhamento do Conselho Municipal dos Direitos da Crian\u00e7a e do Adolescente.","og_url":"https:\/\/noticiasemdestaque.com\/cd\/?p=51757","og_site_name":"Not&iacute;cias em Destaque","article_published_time":"2023-09-28T11:49:06+00:00","og_image":[{"width":1586,"height":1152,"url":"https:\/\/noticiasemdestaque.com\/cd\/wp-content\/uploads\/2023\/09\/00.jpg","type":"image\/jpeg"}],"author":"Not\u00edcias em Destaque","twitter_card":"summary_large_image","twitter_misc":{"Escrito por":"Not\u00edcias em Destaque","Est. tempo de leitura":"4 minutos"},"schema":{"@context":"https:\/\/schema.org","@graph":[{"@type":"Article","@id":"https:\/\/noticiasemdestaque.com\/cd\/?p=51757#article","isPartOf":{"@id":"https:\/\/noticiasemdestaque.com\/cd\/?p=51757"},"author":{"name":"Not\u00edcias em Destaque","@id":"https:\/\/noticiasemdestaque.com\/cd\/#\/schema\/person\/47f7d4f55eec17c6b2ca036c5500f6ce"},"headline":"INFORME PUBLICIT\u00c1RIO: TRE capacita profissionais que ir\u00e3o trabalhar na elei\u00e7\u00e3o para Conselho Tutelar dia 1\u00ba de outubro","datePublished":"2023-09-28T11:49:06+00:00","mainEntityOfPage":{"@id":"https:\/\/noticiasemdestaque.com\/cd\/?p=51757"},"wordCount":393,"publisher":{"@id":"https:\/\/noticiasemdestaque.com\/cd\/#organization"},"image":{"@id":"https:\/\/noticiasemdestaque.com\/cd\/?p=51757#primaryimage"},"thumbnailUrl":"https:\/\/noticiasemdestaque.com\/cd\/wp-content\/uploads\/2023\/09\/00.jpg","articleSection":["Cidades"],"inLanguage":"pt-BR"},{"@type":"WebPage","@id":"https:\/\/noticiasemdestaque.com\/cd\/?p=51757","url":"https:\/\/noticiasemdestaque.com\/cd\/?p=51757","name":"INFORME PUBLICIT\u00c1RIO: TRE capacita profissionais que ir\u00e3o trabalhar na elei\u00e7\u00e3o para Conselho Tutelar dia 1\u00ba de outubro - Not&iacute;cias em Destaque","isPartOf":{"@id":"https:\/\/noticiasemdestaque.com\/cd\/#website"},"primaryImageOfPage":{"@id":"https:\/\/noticiasemdestaque.com\/cd\/?p=51757#primaryimage"},"image":{"@id":"https:\/\/noticiasemdestaque.com\/cd\/?p=51757#primaryimage"},"thumbnailUrl":"https:\/\/noticiasemdestaque.com\/cd\/wp-content\/uploads\/2023\/09\/00.jpg","datePublished":"2023-09-28T11:49:06+00:00","breadcrumb":{"@id":"https:\/\/noticiasemdestaque.com\/cd\/?p=51757#breadcrumb"},"inLanguage":"pt-BR","potentialAction":[{"@type":"ReadAction","target":["https:\/\/noticiasemdestaque.com\/cd\/?p=51757"]}]},{"@type":"ImageObject","inLanguage":"pt-BR","@id":"https:\/\/noticiasemdestaque.com\/cd\/?p=51757#primaryimage","url":"https:\/\/noticiasemdestaque.com\/cd\/wp-content\/uploads\/2023\/09\/00.jpg","contentUrl":"https:\/\/noticiasemdestaque.com\/cd\/wp-content\/uploads\/2023\/09\/00.jpg","width":1586,"height":1152},{"@type":"BreadcrumbList","@id":"https:\/\/noticiasemdestaque.com\/cd\/?p=51757#breadcrumb","itemListElement":[{"@type":"ListItem","position":1,"name":"In\u00edcio","item":"https:\/\/noticiasemdestaque.com\/cd\/"},{"@type":"ListItem","position":2,"name":"INFORME PUBLICIT\u00c1RIO: TRE capacita profissionais que ir\u00e3o trabalhar na elei\u00e7\u00e3o para Conselho Tutelar dia 1\u00ba de outubro"}]},{"@type":"WebSite","@id":"https:\/\/noticiasemdestaque.com\/cd\/#website","url":"https:\/\/noticiasemdestaque.com\/cd\/","name":"Not&iacute;cias em Destaque","description":"","publisher":{"@id":"https:\/\/noticiasemdestaque.com\/cd\/#organization"},"potentialAction":[{"@type":"SearchAction","target":{"@type":"EntryPoint","urlTemplate":"https:\/\/noticiasemdestaque.com\/cd\/?s={search_term_string}"},"query-input":{"@type":"PropertyValueSpecification","valueRequired":true,"valueName":"search_term_string"}}],"inLanguage":"pt-BR"},{"@type":"Organization","@id":"https:\/\/noticiasemdestaque.com\/cd\/#organization","name":"Not\u00edcias em Destaque","url":"https:\/\/noticiasemdestaque.com\/cd\/","logo":{"@type":"ImageObject","inLanguage":"pt-BR","@id":"https:\/\/noticiasemdestaque.com\/cd\/#\/schema\/logo\/image\/","url":"https:\/\/noticiasemdestaque.com\/cd\/wp-content\/uploads\/2022\/05\/imagem-base-noticiasemdestaque.png","contentUrl":"https:\/\/noticiasemdestaque.com\/cd\/wp-content\/uploads\/2022\/05\/imagem-base-noticiasemdestaque.png","width":1200,"height":630,"caption":"Not\u00edcias em Destaque"},"image":{"@id":"https:\/\/noticiasemdestaque.com\/cd\/#\/schema\/logo\/image\/"}},{"@type":"Person","@id":"https:\/\/noticiasemdestaque.com\/cd\/#\/schema\/person\/47f7d4f55eec17c6b2ca036c5500f6ce","name":"Not\u00edcias em Destaque","url":"https:\/\/noticiasemdestaque.com\/cd\/?author=2"}]}},"jetpack_featured_media_url":"https:\/\/noticiasemdestaque.com\/cd\/wp-content\/uploads\/2023\/09\/00.jpg","jetpack_sharing_enabled":true,"_links":{"self":[{"href":"https:\/\/noticiasemdestaque.com\/cd\/index.php?rest_route=\/wp\/v2\/posts\/51757","targetHints":{"allow":["GET"]}}],"collection":[{"href":"https:\/\/noticiasemdestaque.com\/cd\/index.php?rest_route=\/wp\/v2\/posts"}],"about":[{"href":"https:\/\/noticiasemdestaque.com\/cd\/index.php?rest_route=\/wp\/v2\/types\/post"}],"author":[{"embeddable":true,"href":"https:\/\/noticiasemdestaque.com\/cd\/index.php?rest_route=\/wp\/v2\/users\/2"}],"replies":[{"embeddable":true,"href":"https:\/\/noticiasemdestaque.com\/cd\/index.php?rest_route=%2Fwp%2Fv2%2Fcomments&post=51757"}],"version-history":[{"count":1,"href":"https:\/\/noticiasemdestaque.com\/cd\/index.php?rest_route=\/wp\/v2\/posts\/51757\/revisions"}],"predecessor-version":[{"id":51762,"href":"https:\/\/noticiasemdestaque.com\/cd\/index.php?rest_route=\/wp\/v2\/posts\/51757\/revisions\/51762"}],"wp:featuredmedia":[{"embeddable":true,"href":"https:\/\/noticiasemdestaque.com\/cd\/index.php?rest_route=\/wp\/v2\/media\/51758"}],"wp:attachment":[{"href":"https:\/\/noticiasemdestaque.com\/cd\/index.php?rest_route=%2Fwp%2Fv2%2Fmedia&parent=51757"}],"wp:term":[{"taxonomy":"category","embeddable":true,"href":"https:\/\/noticiasemdestaque.com\/cd\/index.php?rest_route=%2Fwp%2Fv2%2Fcategories&post=51757"},{"taxonomy":"post_tag","embeddable":true,"href":"https:\/\/noticiasemdestaque.com\/cd\/index.php?rest_route=%2Fwp%2Fv2%2Ftags&post=51757"}],"curies":[{"name":"wp","href":"https:\/\/api.w.org\/{rel}","templated":true}]}}