{"id":5174,"date":"2017-10-16T08:15:23","date_gmt":"2017-10-16T11:15:23","guid":{"rendered":"http:\/\/caririemdestaque.com\/cd\/?p=5174"},"modified":"2017-10-16T08:27:19","modified_gmt":"2017-10-16T11:27:19","slug":"em-camalau-joao-henrique-participa-de-inauguracao-ao-lado-do-prefeito-sandro","status":"publish","type":"post","link":"https:\/\/noticiasemdestaque.com\/cd\/?p=5174","title":{"rendered":"EM CAMALA\u00da: Jo\u00e3o Henrique participa de inaugura\u00e7\u00e3o ao lado do prefeito Sandro"},"content":{"rendered":"<p><a href=\"http:\/\/caririemdestaque.com\/cd\/wp-content\/uploads\/2017\/10\/timthumb-5.jpg\"><img decoding=\"async\" class=\"size-thumbnail wp-image-5175 alignleft\" src=\"http:\/\/caririemdestaque.com\/cd\/wp-content\/uploads\/2017\/10\/timthumb-5-150x150.jpg\" alt=\"\" width=\"150\" height=\"150\" \/><\/a>O deputado estadual Jo\u00e3o Henrique (DEM) esteve neste fim de semana no munic\u00edpio de Camala\u00fa, Cariri paraibano, prestigiando a inaugura\u00e7\u00e3o de melhorias do Est\u00e1dio de Futebol Municipal e a final do Campeonato de Futebol Municipal.<\/p>\n<p>\u201cFoi um prazer participar ao lado do nosso parceiro Sandro M\u00f4co, que vem fazendo uma bela gest\u00e3o \u00e0 frente da Prefeitura Municipal, mantendo as contas equilibradas e levando grandes servi\u00e7os \u00e0 popula\u00e7\u00e3o\u201d, comentou o deputado.<\/p>\n<p>O prefeito Sandro destacou a import\u00e2ncia em ter Jo\u00e3o Henrique como parceiro do munic\u00edpio, pois ele n\u00e3o tem medido esfor\u00e7os para alavancar o progresso de Camala\u00fa.<\/p>\n<p>&nbsp;<\/p>\n","protected":false},"excerpt":{"rendered":"<p>O deputado estadual Jo\u00e3o Henrique (DEM) esteve neste fim de semana no munic\u00edpio de Camala\u00fa, Cariri paraibano, prestigiando a inaugura\u00e7\u00e3o de melhorias do Est\u00e1dio de Futebol Municipal e a final do Campeonato de Futebol Municipal. \u201cFoi um prazer participar ao lado do nosso parceiro Sandro M\u00f4co, que vem fazendo uma bela gest\u00e3o \u00e0 frente da Prefeitura Municipal, mantendo as contas equilibradas e levando grandes servi\u00e7os \u00e0 popula\u00e7\u00e3o\u201d, comentou o deputado. O prefeito Sandro destacou a import\u00e2ncia em ter Jo\u00e3o Henrique como parceiro do munic\u00edpio, pois ele n\u00e3o tem medido esfor\u00e7os para alavancar o progresso de Camala\u00fa. &nbsp;<\/p>\n","protected":false},"author":2,"featured_media":5175,"comment_status":"closed","ping_status":"open","sticky":false,"template":"","format":"standard","meta":{"_eb_attr":"","_jetpack_memberships_contains_paid_content":false,"footnotes":""},"categories":[4],"tags":[],"class_list":["post-5174","post","type-post","status-publish","format-standard","has-post-thumbnail","hentry","category-politica"],"yoast_head":"<!-- This site is optimized with the Yoast SEO plugin v26.5 - https:\/\/yoast.com\/wordpress\/plugins\/seo\/ -->\n<title>EM CAMALA\u00da: Jo\u00e3o Henrique participa de inaugura\u00e7\u00e3o ao lado do prefeito Sandro - Not&iacute;cias em Destaque<\/title>\n<meta name=\"robots\" content=\"index, follow, max-snippet:-1, max-image-preview:large, max-video-preview:-1\" \/>\n<link rel=\"canonical\" href=\"https:\/\/noticiasemdestaque.com\/cd\/?p=5174\" \/>\n<meta property=\"og:locale\" content=\"pt_BR\" \/>\n<meta property=\"og:type\" content=\"article\" \/>\n<meta property=\"og:title\" content=\"EM CAMALA\u00da: Jo\u00e3o Henrique participa de inaugura\u00e7\u00e3o ao lado do prefeito Sandro - Not&iacute;cias em Destaque\" \/>\n<meta property=\"og:description\" content=\"O deputado estadual Jo\u00e3o Henrique (DEM) esteve neste fim de semana no munic\u00edpio de Camala\u00fa, Cariri paraibano, prestigiando a inaugura\u00e7\u00e3o de melhorias do Est\u00e1dio de Futebol Municipal e a final do Campeonato de Futebol Municipal. \u201cFoi um prazer participar ao lado do nosso parceiro Sandro M\u00f4co, que vem fazendo uma bela gest\u00e3o \u00e0 frente da Prefeitura Municipal, mantendo as contas equilibradas e levando grandes servi\u00e7os \u00e0 popula\u00e7\u00e3o\u201d, comentou o deputado. O prefeito Sandro destacou a import\u00e2ncia em ter Jo\u00e3o Henrique como parceiro do munic\u00edpio, pois ele n\u00e3o tem medido esfor\u00e7os para alavancar o progresso de Camala\u00fa. &nbsp;\" \/>\n<meta property=\"og:url\" content=\"https:\/\/noticiasemdestaque.com\/cd\/?p=5174\" \/>\n<meta property=\"og:site_name\" content=\"Not&iacute;cias em Destaque\" \/>\n<meta property=\"article:published_time\" content=\"2017-10-16T11:15:23+00:00\" \/>\n<meta property=\"article:modified_time\" content=\"2017-10-16T11:27:19+00:00\" \/>\n<meta property=\"og:image\" content=\"https:\/\/noticiasemdestaque.com\/cd\/wp-content\/uploads\/2017\/10\/timthumb-5.jpg\" \/>\n\t<meta property=\"og:image:width\" content=\"547\" \/>\n\t<meta property=\"og:image:height\" content=\"398\" \/>\n\t<meta property=\"og:image:type\" content=\"image\/jpeg\" \/>\n<meta name=\"author\" content=\"Not\u00edcias em Destaque\" \/>\n<meta name=\"twitter:card\" content=\"summary_large_image\" \/>\n<meta name=\"twitter:label1\" content=\"Escrito por\" \/>\n\t<meta name=\"twitter:data1\" content=\"Not\u00edcias em Destaque\" \/>\n\t<meta name=\"twitter:label2\" content=\"Est. tempo de leitura\" \/>\n\t<meta name=\"twitter:data2\" content=\"1 minuto\" \/>\n<script type=\"application\/ld+json\" class=\"yoast-schema-graph\">{\"@context\":\"https:\/\/schema.org\",\"@graph\":[{\"@type\":\"Article\",\"@id\":\"https:\/\/noticiasemdestaque.com\/cd\/?p=5174#article\",\"isPartOf\":{\"@id\":\"https:\/\/noticiasemdestaque.com\/cd\/?p=5174\"},\"author\":{\"name\":\"Not\u00edcias em Destaque\",\"@id\":\"https:\/\/noticiasemdestaque.com\/cd\/#\/schema\/person\/21320b03a7e8bb90128938dafc9b908a\"},\"headline\":\"EM CAMALA\u00da: Jo\u00e3o Henrique participa de inaugura\u00e7\u00e3o ao lado do prefeito Sandro\",\"datePublished\":\"2017-10-16T11:15:23+00:00\",\"dateModified\":\"2017-10-16T11:27:19+00:00\",\"mainEntityOfPage\":{\"@id\":\"https:\/\/noticiasemdestaque.com\/cd\/?p=5174\"},\"wordCount\":122,\"publisher\":{\"@id\":\"https:\/\/noticiasemdestaque.com\/cd\/#organization\"},\"image\":{\"@id\":\"https:\/\/noticiasemdestaque.com\/cd\/?p=5174#primaryimage\"},\"thumbnailUrl\":\"https:\/\/noticiasemdestaque.com\/cd\/wp-content\/uploads\/2017\/10\/timthumb-5.jpg\",\"articleSection\":[\"Pol\u00edtica\"],\"inLanguage\":\"pt-BR\"},{\"@type\":\"WebPage\",\"@id\":\"https:\/\/noticiasemdestaque.com\/cd\/?p=5174\",\"url\":\"https:\/\/noticiasemdestaque.com\/cd\/?p=5174\",\"name\":\"EM CAMALA\u00da: Jo\u00e3o Henrique participa de inaugura\u00e7\u00e3o ao lado do prefeito Sandro - Not&iacute;cias em Destaque\",\"isPartOf\":{\"@id\":\"https:\/\/noticiasemdestaque.com\/cd\/#website\"},\"primaryImageOfPage\":{\"@id\":\"https:\/\/noticiasemdestaque.com\/cd\/?p=5174#primaryimage\"},\"image\":{\"@id\":\"https:\/\/noticiasemdestaque.com\/cd\/?p=5174#primaryimage\"},\"thumbnailUrl\":\"https:\/\/noticiasemdestaque.com\/cd\/wp-content\/uploads\/2017\/10\/timthumb-5.jpg\",\"datePublished\":\"2017-10-16T11:15:23+00:00\",\"dateModified\":\"2017-10-16T11:27:19+00:00\",\"breadcrumb\":{\"@id\":\"https:\/\/noticiasemdestaque.com\/cd\/?p=5174#breadcrumb\"},\"inLanguage\":\"pt-BR\",\"potentialAction\":[{\"@type\":\"ReadAction\",\"target\":[\"https:\/\/noticiasemdestaque.com\/cd\/?p=5174\"]}]},{\"@type\":\"ImageObject\",\"inLanguage\":\"pt-BR\",\"@id\":\"https:\/\/noticiasemdestaque.com\/cd\/?p=5174#primaryimage\",\"url\":\"https:\/\/noticiasemdestaque.com\/cd\/wp-content\/uploads\/2017\/10\/timthumb-5.jpg\",\"contentUrl\":\"https:\/\/noticiasemdestaque.com\/cd\/wp-content\/uploads\/2017\/10\/timthumb-5.jpg\",\"width\":547,\"height\":398},{\"@type\":\"BreadcrumbList\",\"@id\":\"https:\/\/noticiasemdestaque.com\/cd\/?p=5174#breadcrumb\",\"itemListElement\":[{\"@type\":\"ListItem\",\"position\":1,\"name\":\"In\u00edcio\",\"item\":\"https:\/\/noticiasemdestaque.com\/cd\/\"},{\"@type\":\"ListItem\",\"position\":2,\"name\":\"EM CAMALA\u00da: Jo\u00e3o Henrique participa de inaugura\u00e7\u00e3o ao lado do prefeito Sandro\"}]},{\"@type\":\"WebSite\",\"@id\":\"https:\/\/noticiasemdestaque.com\/cd\/#website\",\"url\":\"https:\/\/noticiasemdestaque.com\/cd\/\",\"name\":\"Not&iacute;cias em Destaque\",\"description\":\"\",\"publisher\":{\"@id\":\"https:\/\/noticiasemdestaque.com\/cd\/#organization\"},\"potentialAction\":[{\"@type\":\"SearchAction\",\"target\":{\"@type\":\"EntryPoint\",\"urlTemplate\":\"https:\/\/noticiasemdestaque.com\/cd\/?s={search_term_string}\"},\"query-input\":{\"@type\":\"PropertyValueSpecification\",\"valueRequired\":true,\"valueName\":\"search_term_string\"}}],\"inLanguage\":\"pt-BR\"},{\"@type\":\"Organization\",\"@id\":\"https:\/\/noticiasemdestaque.com\/cd\/#organization\",\"name\":\"Not\u00edcias em Destaque\",\"url\":\"https:\/\/noticiasemdestaque.com\/cd\/\",\"logo\":{\"@type\":\"ImageObject\",\"inLanguage\":\"pt-BR\",\"@id\":\"https:\/\/noticiasemdestaque.com\/cd\/#\/schema\/logo\/image\/\",\"url\":\"https:\/\/noticiasemdestaque.com\/cd\/wp-content\/uploads\/2022\/05\/imagem-base-noticiasemdestaque.png\",\"contentUrl\":\"https:\/\/noticiasemdestaque.com\/cd\/wp-content\/uploads\/2022\/05\/imagem-base-noticiasemdestaque.png\",\"width\":1200,\"height\":630,\"caption\":\"Not\u00edcias em Destaque\"},\"image\":{\"@id\":\"https:\/\/noticiasemdestaque.com\/cd\/#\/schema\/logo\/image\/\"}},{\"@type\":\"Person\",\"@id\":\"https:\/\/noticiasemdestaque.com\/cd\/#\/schema\/person\/21320b03a7e8bb90128938dafc9b908a\",\"name\":\"Not\u00edcias em Destaque\",\"url\":\"https:\/\/noticiasemdestaque.com\/cd\/?author=2\"}]}<\/script>\n<!-- \/ Yoast SEO plugin. -->","yoast_head_json":{"title":"EM CAMALA\u00da: Jo\u00e3o Henrique participa de inaugura\u00e7\u00e3o ao lado do prefeito Sandro - Not&iacute;cias em Destaque","robots":{"index":"index","follow":"follow","max-snippet":"max-snippet:-1","max-image-preview":"max-image-preview:large","max-video-preview":"max-video-preview:-1"},"canonical":"https:\/\/noticiasemdestaque.com\/cd\/?p=5174","og_locale":"pt_BR","og_type":"article","og_title":"EM CAMALA\u00da: Jo\u00e3o Henrique participa de inaugura\u00e7\u00e3o ao lado do prefeito Sandro - Not&iacute;cias em Destaque","og_description":"O deputado estadual Jo\u00e3o Henrique (DEM) esteve neste fim de semana no munic\u00edpio de Camala\u00fa, Cariri paraibano, prestigiando a inaugura\u00e7\u00e3o de melhorias do Est\u00e1dio de Futebol Municipal e a final do Campeonato de Futebol Municipal. \u201cFoi um prazer participar ao lado do nosso parceiro Sandro M\u00f4co, que vem fazendo uma bela gest\u00e3o \u00e0 frente da Prefeitura Municipal, mantendo as contas equilibradas e levando grandes servi\u00e7os \u00e0 popula\u00e7\u00e3o\u201d, comentou o deputado. O prefeito Sandro destacou a import\u00e2ncia em ter Jo\u00e3o Henrique como parceiro do munic\u00edpio, pois ele n\u00e3o tem medido esfor\u00e7os para alavancar o progresso de Camala\u00fa. &nbsp;","og_url":"https:\/\/noticiasemdestaque.com\/cd\/?p=5174","og_site_name":"Not&iacute;cias em Destaque","article_published_time":"2017-10-16T11:15:23+00:00","article_modified_time":"2017-10-16T11:27:19+00:00","og_image":[{"width":547,"height":398,"url":"https:\/\/noticiasemdestaque.com\/cd\/wp-content\/uploads\/2017\/10\/timthumb-5.jpg","type":"image\/jpeg"}],"author":"Not\u00edcias em Destaque","twitter_card":"summary_large_image","twitter_misc":{"Escrito por":"Not\u00edcias em Destaque","Est. tempo de leitura":"1 minuto"},"schema":{"@context":"https:\/\/schema.org","@graph":[{"@type":"Article","@id":"https:\/\/noticiasemdestaque.com\/cd\/?p=5174#article","isPartOf":{"@id":"https:\/\/noticiasemdestaque.com\/cd\/?p=5174"},"author":{"name":"Not\u00edcias em Destaque","@id":"https:\/\/noticiasemdestaque.com\/cd\/#\/schema\/person\/21320b03a7e8bb90128938dafc9b908a"},"headline":"EM CAMALA\u00da: Jo\u00e3o Henrique participa de inaugura\u00e7\u00e3o ao lado do prefeito Sandro","datePublished":"2017-10-16T11:15:23+00:00","dateModified":"2017-10-16T11:27:19+00:00","mainEntityOfPage":{"@id":"https:\/\/noticiasemdestaque.com\/cd\/?p=5174"},"wordCount":122,"publisher":{"@id":"https:\/\/noticiasemdestaque.com\/cd\/#organization"},"image":{"@id":"https:\/\/noticiasemdestaque.com\/cd\/?p=5174#primaryimage"},"thumbnailUrl":"https:\/\/noticiasemdestaque.com\/cd\/wp-content\/uploads\/2017\/10\/timthumb-5.jpg","articleSection":["Pol\u00edtica"],"inLanguage":"pt-BR"},{"@type":"WebPage","@id":"https:\/\/noticiasemdestaque.com\/cd\/?p=5174","url":"https:\/\/noticiasemdestaque.com\/cd\/?p=5174","name":"EM CAMALA\u00da: Jo\u00e3o Henrique participa de inaugura\u00e7\u00e3o ao lado do prefeito Sandro - Not&iacute;cias em Destaque","isPartOf":{"@id":"https:\/\/noticiasemdestaque.com\/cd\/#website"},"primaryImageOfPage":{"@id":"https:\/\/noticiasemdestaque.com\/cd\/?p=5174#primaryimage"},"image":{"@id":"https:\/\/noticiasemdestaque.com\/cd\/?p=5174#primaryimage"},"thumbnailUrl":"https:\/\/noticiasemdestaque.com\/cd\/wp-content\/uploads\/2017\/10\/timthumb-5.jpg","datePublished":"2017-10-16T11:15:23+00:00","dateModified":"2017-10-16T11:27:19+00:00","breadcrumb":{"@id":"https:\/\/noticiasemdestaque.com\/cd\/?p=5174#breadcrumb"},"inLanguage":"pt-BR","potentialAction":[{"@type":"ReadAction","target":["https:\/\/noticiasemdestaque.com\/cd\/?p=5174"]}]},{"@type":"ImageObject","inLanguage":"pt-BR","@id":"https:\/\/noticiasemdestaque.com\/cd\/?p=5174#primaryimage","url":"https:\/\/noticiasemdestaque.com\/cd\/wp-content\/uploads\/2017\/10\/timthumb-5.jpg","contentUrl":"https:\/\/noticiasemdestaque.com\/cd\/wp-content\/uploads\/2017\/10\/timthumb-5.jpg","width":547,"height":398},{"@type":"BreadcrumbList","@id":"https:\/\/noticiasemdestaque.com\/cd\/?p=5174#breadcrumb","itemListElement":[{"@type":"ListItem","position":1,"name":"In\u00edcio","item":"https:\/\/noticiasemdestaque.com\/cd\/"},{"@type":"ListItem","position":2,"name":"EM CAMALA\u00da: Jo\u00e3o Henrique participa de inaugura\u00e7\u00e3o ao lado do prefeito Sandro"}]},{"@type":"WebSite","@id":"https:\/\/noticiasemdestaque.com\/cd\/#website","url":"https:\/\/noticiasemdestaque.com\/cd\/","name":"Not&iacute;cias em Destaque","description":"","publisher":{"@id":"https:\/\/noticiasemdestaque.com\/cd\/#organization"},"potentialAction":[{"@type":"SearchAction","target":{"@type":"EntryPoint","urlTemplate":"https:\/\/noticiasemdestaque.com\/cd\/?s={search_term_string}"},"query-input":{"@type":"PropertyValueSpecification","valueRequired":true,"valueName":"search_term_string"}}],"inLanguage":"pt-BR"},{"@type":"Organization","@id":"https:\/\/noticiasemdestaque.com\/cd\/#organization","name":"Not\u00edcias em Destaque","url":"https:\/\/noticiasemdestaque.com\/cd\/","logo":{"@type":"ImageObject","inLanguage":"pt-BR","@id":"https:\/\/noticiasemdestaque.com\/cd\/#\/schema\/logo\/image\/","url":"https:\/\/noticiasemdestaque.com\/cd\/wp-content\/uploads\/2022\/05\/imagem-base-noticiasemdestaque.png","contentUrl":"https:\/\/noticiasemdestaque.com\/cd\/wp-content\/uploads\/2022\/05\/imagem-base-noticiasemdestaque.png","width":1200,"height":630,"caption":"Not\u00edcias em Destaque"},"image":{"@id":"https:\/\/noticiasemdestaque.com\/cd\/#\/schema\/logo\/image\/"}},{"@type":"Person","@id":"https:\/\/noticiasemdestaque.com\/cd\/#\/schema\/person\/21320b03a7e8bb90128938dafc9b908a","name":"Not\u00edcias em Destaque","url":"https:\/\/noticiasemdestaque.com\/cd\/?author=2"}]}},"jetpack_featured_media_url":"https:\/\/noticiasemdestaque.com\/cd\/wp-content\/uploads\/2017\/10\/timthumb-5.jpg","jetpack_sharing_enabled":true,"_links":{"self":[{"href":"https:\/\/noticiasemdestaque.com\/cd\/index.php?rest_route=\/wp\/v2\/posts\/5174","targetHints":{"allow":["GET"]}}],"collection":[{"href":"https:\/\/noticiasemdestaque.com\/cd\/index.php?rest_route=\/wp\/v2\/posts"}],"about":[{"href":"https:\/\/noticiasemdestaque.com\/cd\/index.php?rest_route=\/wp\/v2\/types\/post"}],"author":[{"embeddable":true,"href":"https:\/\/noticiasemdestaque.com\/cd\/index.php?rest_route=\/wp\/v2\/users\/2"}],"replies":[{"embeddable":true,"href":"https:\/\/noticiasemdestaque.com\/cd\/index.php?rest_route=%2Fwp%2Fv2%2Fcomments&post=5174"}],"version-history":[{"count":1,"href":"https:\/\/noticiasemdestaque.com\/cd\/index.php?rest_route=\/wp\/v2\/posts\/5174\/revisions"}],"predecessor-version":[{"id":5176,"href":"https:\/\/noticiasemdestaque.com\/cd\/index.php?rest_route=\/wp\/v2\/posts\/5174\/revisions\/5176"}],"wp:featuredmedia":[{"embeddable":true,"href":"https:\/\/noticiasemdestaque.com\/cd\/index.php?rest_route=\/wp\/v2\/media\/5175"}],"wp:attachment":[{"href":"https:\/\/noticiasemdestaque.com\/cd\/index.php?rest_route=%2Fwp%2Fv2%2Fmedia&parent=5174"}],"wp:term":[{"taxonomy":"category","embeddable":true,"href":"https:\/\/noticiasemdestaque.com\/cd\/index.php?rest_route=%2Fwp%2Fv2%2Fcategories&post=5174"},{"taxonomy":"post_tag","embeddable":true,"href":"https:\/\/noticiasemdestaque.com\/cd\/index.php?rest_route=%2Fwp%2Fv2%2Ftags&post=5174"}],"curies":[{"name":"wp","href":"https:\/\/api.w.org\/{rel}","templated":true}]}}