{"id":51735,"date":"2023-09-27T21:05:52","date_gmt":"2023-09-28T00:05:52","guid":{"rendered":"https:\/\/noticiasemdestaque.com\/cd\/?p=51735"},"modified":"2023-09-27T21:32:53","modified_gmt":"2023-09-28T00:32:53","slug":"confira-a-programacao-da-festa-de-nossa-senhora-aparecida-nas-comunidades-do-olho-dagua-do-padre-caititu-catonho-e-mulungu","status":"publish","type":"post","link":"https:\/\/noticiasemdestaque.com\/cd\/?p=51735","title":{"rendered":"Confira a programa\u00e7\u00e3o da Festa de Nossa Senhora Aparecida nas comunidades do Olho D\u2019\u00c1gua do Padre, Caitit\u00fa, Catonho e Mulung\u00fa"},"content":{"rendered":"<p><a href=\"https:\/\/noticiasemdestaque.com\/cd\/wp-content\/uploads\/2023\/09\/quermesse-6.jpeg\"><img fetchpriority=\"high\" decoding=\"async\" class=\"size-medium wp-image-51736 aligncenter\" src=\"https:\/\/noticiasemdestaque.com\/cd\/wp-content\/uploads\/2023\/09\/quermesse-6-300x300.jpeg\" alt=\"\" width=\"300\" height=\"300\" srcset=\"https:\/\/noticiasemdestaque.com\/cd\/wp-content\/uploads\/2023\/09\/quermesse-6-300x300.jpeg 300w, https:\/\/noticiasemdestaque.com\/cd\/wp-content\/uploads\/2023\/09\/quermesse-6-150x150.jpeg 150w, https:\/\/noticiasemdestaque.com\/cd\/wp-content\/uploads\/2023\/09\/quermesse-6-12x12.jpeg 12w, https:\/\/noticiasemdestaque.com\/cd\/wp-content\/uploads\/2023\/09\/quermesse-6.jpeg 581w\" sizes=\"(max-width: 300px) 100vw, 300px\" \/><\/a><\/p>\n<p>Tem in\u00edcio no pr\u00f3ximo s\u00e1bado (30), com a cavalgada e a missa dos vaqueiros, a Festa da Padroeira Nossa Senhora Aparecida, nas comunidades de Olho D\u2019\u00c1gua do Padre, Caitit\u00fa, Catonho e Mulung\u00fa, zona rural de Serra Branca.<\/p>\n<p>Esse ano o tema da festa \u00e9 \u201cMaria, ensinai-nos que voca\u00e7\u00e3o \u00e9 gra\u00e7a e miss\u00e3o!\u201d.<\/p>\n<p><strong>Confira a programa\u00e7\u00e3o do s\u00e1bado dia 30:<\/strong><\/p>\n<p>16h- Concentra\u00e7\u00e3o- Parque Cajueiro;<\/p>\n<p>17h- Cavalgada (Percurso da casa do Parque Cajueiro, Z\u00e9 de Inacinho, at\u00e9 a capela);<\/p>\n<p>18h- Missa (Homenagem aos vaqueiros, agricultores e o povo do campo);<\/p>\n<p>Celebrante: Padre Naelson Moura;<\/p>\n<p>Canto: Comunidade de Duas Serras;<\/p>\n<p>20h- Quermesse e forr\u00f3 p\u00e9 de serra e show com forr\u00f3 Pisano.<\/p>\n<p>O noven\u00e1rio ser\u00e1 iniciado no dia 03 de outubro e segue at\u00e9 o dia 12, e contar\u00e1 com outra quermesse a ser realizada no s\u00e1bado (07\/10), com anima\u00e7\u00e3o de Tiago dos Teclados.<\/p>\n<p><a href=\"https:\/\/noticiasemdestaque.com\/cd\/wp-content\/uploads\/2023\/09\/quermesse-2-Copia.jpeg\"><img decoding=\"async\" class=\"alignnone wp-image-51739 size-large\" src=\"https:\/\/noticiasemdestaque.com\/cd\/wp-content\/uploads\/2023\/09\/quermesse-2-Copia-1024x709.jpeg\" alt=\"\" width=\"640\" height=\"443\" srcset=\"https:\/\/noticiasemdestaque.com\/cd\/wp-content\/uploads\/2023\/09\/quermesse-2-Copia-1024x709.jpeg 1024w, https:\/\/noticiasemdestaque.com\/cd\/wp-content\/uploads\/2023\/09\/quermesse-2-Copia-300x208.jpeg 300w, https:\/\/noticiasemdestaque.com\/cd\/wp-content\/uploads\/2023\/09\/quermesse-2-Copia-768x532.jpeg 768w, https:\/\/noticiasemdestaque.com\/cd\/wp-content\/uploads\/2023\/09\/quermesse-2-Copia-18x12.jpeg 18w, https:\/\/noticiasemdestaque.com\/cd\/wp-content\/uploads\/2023\/09\/quermesse-2-Copia.jpeg 1040w\" sizes=\"(max-width: 640px) 100vw, 640px\" \/><\/a><\/p>\n<p>O encerramento das festividades acontece dia 12, com prociss\u00e3o a partir das 16h, saindo da casa de Jos\u00e9 Leite e N\u00eana at\u00e9 a capela de Nossa Senhora Aparecida. A missa de encerramento ser\u00e1 celebrada pelo padre Jos\u00e9 Marcondes e acontece a partir das 17h30.<\/p>\n<p><strong>Confira toda a programa\u00e7\u00e3o do noven\u00e1rio de 03 a 12 de outubro:<\/strong><\/p>\n<p><a href=\"https:\/\/noticiasemdestaque.com\/cd\/wp-content\/uploads\/2023\/09\/quermesse-5-Copia.jpeg\"><img decoding=\"async\" class=\"alignnone wp-image-51737 size-large\" src=\"https:\/\/noticiasemdestaque.com\/cd\/wp-content\/uploads\/2023\/09\/quermesse-5-Copia-709x1024.jpeg\" alt=\"\" width=\"640\" height=\"924\" srcset=\"https:\/\/noticiasemdestaque.com\/cd\/wp-content\/uploads\/2023\/09\/quermesse-5-Copia-709x1024.jpeg 709w, https:\/\/noticiasemdestaque.com\/cd\/wp-content\/uploads\/2023\/09\/quermesse-5-Copia-208x300.jpeg 208w, https:\/\/noticiasemdestaque.com\/cd\/wp-content\/uploads\/2023\/09\/quermesse-5-Copia-8x12.jpeg 8w, https:\/\/noticiasemdestaque.com\/cd\/wp-content\/uploads\/2023\/09\/quermesse-5-Copia.jpeg 720w\" sizes=\"(max-width: 640px) 100vw, 640px\" \/><\/a><\/p>\n<p>A popula\u00e7\u00e3o poder\u00e1 fazer sua doa\u00e7\u00e3o\/compra de cartelas ou rifas pode ser via pix:<\/p>\n<p><a href=\"https:\/\/noticiasemdestaque.com\/cd\/wp-content\/uploads\/2023\/09\/quermesse-3-Copia.jpeg\"><img loading=\"lazy\" decoding=\"async\" class=\"alignnone wp-image-51740 size-large\" src=\"https:\/\/noticiasemdestaque.com\/cd\/wp-content\/uploads\/2023\/09\/quermesse-3-Copia-1024x709.jpeg\" alt=\"\" width=\"640\" height=\"443\" srcset=\"https:\/\/noticiasemdestaque.com\/cd\/wp-content\/uploads\/2023\/09\/quermesse-3-Copia-1024x709.jpeg 1024w, https:\/\/noticiasemdestaque.com\/cd\/wp-content\/uploads\/2023\/09\/quermesse-3-Copia-300x208.jpeg 300w, https:\/\/noticiasemdestaque.com\/cd\/wp-content\/uploads\/2023\/09\/quermesse-3-Copia-768x532.jpeg 768w, https:\/\/noticiasemdestaque.com\/cd\/wp-content\/uploads\/2023\/09\/quermesse-3-Copia-18x12.jpeg 18w, https:\/\/noticiasemdestaque.com\/cd\/wp-content\/uploads\/2023\/09\/quermesse-3-Copia.jpeg 1040w\" sizes=\"(max-width: 640px) 100vw, 640px\" \/><\/a><\/p>\n<p><em><strong>Not\u00edcias em Destaque<\/strong><\/em><\/p>\n","protected":false},"excerpt":{"rendered":"<p>Tem in\u00edcio no pr\u00f3ximo s\u00e1bado (30), com a cavalgada e a missa dos vaqueiros, a Festa da Padroeira Nossa Senhora Aparecida, nas comunidades de Olho D\u2019\u00c1gua do Padre, Caitit\u00fa, Catonho e Mulung\u00fa, zona rural de Serra Branca. Esse ano o tema da festa \u00e9 \u201cMaria, ensinai-nos que voca\u00e7\u00e3o \u00e9 gra\u00e7a e miss\u00e3o!\u201d. Confira a programa\u00e7\u00e3o do s\u00e1bado dia 30: 16h- Concentra\u00e7\u00e3o- Parque Cajueiro; 17h- Cavalgada (Percurso da casa do Parque Cajueiro, Z\u00e9 de Inacinho, at\u00e9 a capela); 18h- Missa (Homenagem aos vaqueiros, agricultores e o povo do campo); Celebrante: Padre Naelson Moura; Canto: Comunidade de Duas Serras; 20h- Quermesse e forr\u00f3 p\u00e9 de serra e show com forr\u00f3 Pisano. O noven\u00e1rio ser\u00e1 iniciado no dia 03 de outubro e segue at\u00e9 o dia 12, e contar\u00e1 com outra quermesse a ser realizada no s\u00e1bado (07\/10), com anima\u00e7\u00e3o de Tiago dos Teclados. O encerramento das festividades acontece dia 12, com prociss\u00e3o a partir das 16h, saindo da casa de Jos\u00e9 Leite e N\u00eana at\u00e9 a capela de Nossa Senhora Aparecida. A missa de encerramento ser\u00e1 celebrada pelo padre Jos\u00e9 Marcondes e acontece a partir das 17h30. Confira toda a programa\u00e7\u00e3o do noven\u00e1rio de 03 a 12 de outubro: A popula\u00e7\u00e3o poder\u00e1 fazer sua doa\u00e7\u00e3o\/compra de cartelas ou rifas pode ser via pix: Not\u00edcias em Destaque<\/p>\n","protected":false},"author":2,"featured_media":51736,"comment_status":"closed","ping_status":"open","sticky":false,"template":"","format":"standard","meta":{"_eb_attr":"","_jetpack_memberships_contains_paid_content":false,"footnotes":""},"categories":[3],"tags":[],"class_list":["post-51735","post","type-post","status-publish","format-standard","has-post-thumbnail","hentry","category-cidades"],"yoast_head":"<!-- This site is optimized with the Yoast SEO plugin v26.5 - https:\/\/yoast.com\/wordpress\/plugins\/seo\/ -->\n<title>Confira a programa\u00e7\u00e3o da Festa de Nossa Senhora Aparecida nas comunidades do Olho D\u2019\u00c1gua do Padre, Caitit\u00fa, Catonho e Mulung\u00fa - Not&iacute;cias em Destaque<\/title>\n<meta name=\"robots\" content=\"index, follow, max-snippet:-1, max-image-preview:large, max-video-preview:-1\" \/>\n<link rel=\"canonical\" href=\"https:\/\/noticiasemdestaque.com\/cd\/?p=51735\" \/>\n<meta property=\"og:locale\" content=\"pt_BR\" \/>\n<meta property=\"og:type\" content=\"article\" \/>\n<meta property=\"og:title\" content=\"Confira a programa\u00e7\u00e3o da Festa de Nossa Senhora Aparecida nas comunidades do Olho D\u2019\u00c1gua do Padre, Caitit\u00fa, Catonho e Mulung\u00fa - Not&iacute;cias em Destaque\" \/>\n<meta property=\"og:description\" content=\"Tem in\u00edcio no pr\u00f3ximo s\u00e1bado (30), com a cavalgada e a missa dos vaqueiros, a Festa da Padroeira Nossa Senhora Aparecida, nas comunidades de Olho D\u2019\u00c1gua do Padre, Caitit\u00fa, Catonho e Mulung\u00fa, zona rural de Serra Branca. Esse ano o tema da festa \u00e9 \u201cMaria, ensinai-nos que voca\u00e7\u00e3o \u00e9 gra\u00e7a e miss\u00e3o!\u201d. Confira a programa\u00e7\u00e3o do s\u00e1bado dia 30: 16h- Concentra\u00e7\u00e3o- Parque Cajueiro; 17h- Cavalgada (Percurso da casa do Parque Cajueiro, Z\u00e9 de Inacinho, at\u00e9 a capela); 18h- Missa (Homenagem aos vaqueiros, agricultores e o povo do campo); Celebrante: Padre Naelson Moura; Canto: Comunidade de Duas Serras; 20h- Quermesse e forr\u00f3 p\u00e9 de serra e show com forr\u00f3 Pisano. O noven\u00e1rio ser\u00e1 iniciado no dia 03 de outubro e segue at\u00e9 o dia 12, e contar\u00e1 com outra quermesse a ser realizada no s\u00e1bado (07\/10), com anima\u00e7\u00e3o de Tiago dos Teclados. O encerramento das festividades acontece dia 12, com prociss\u00e3o a partir das 16h, saindo da casa de Jos\u00e9 Leite e N\u00eana at\u00e9 a capela de Nossa Senhora Aparecida. A missa de encerramento ser\u00e1 celebrada pelo padre Jos\u00e9 Marcondes e acontece a partir das 17h30. Confira toda a programa\u00e7\u00e3o do noven\u00e1rio de 03 a 12 de outubro: A popula\u00e7\u00e3o poder\u00e1 fazer sua doa\u00e7\u00e3o\/compra de cartelas ou rifas pode ser via pix: Not\u00edcias em Destaque\" \/>\n<meta property=\"og:url\" content=\"https:\/\/noticiasemdestaque.com\/cd\/?p=51735\" \/>\n<meta property=\"og:site_name\" content=\"Not&iacute;cias em Destaque\" \/>\n<meta property=\"article:published_time\" content=\"2023-09-28T00:05:52+00:00\" \/>\n<meta property=\"article:modified_time\" content=\"2023-09-28T00:32:53+00:00\" \/>\n<meta property=\"og:image\" content=\"https:\/\/noticiasemdestaque.com\/cd\/wp-content\/uploads\/2023\/09\/quermesse-6.jpeg\" \/>\n\t<meta property=\"og:image:width\" content=\"581\" \/>\n\t<meta property=\"og:image:height\" content=\"581\" \/>\n\t<meta property=\"og:image:type\" content=\"image\/jpeg\" \/>\n<meta name=\"author\" content=\"Not\u00edcias em Destaque\" \/>\n<meta name=\"twitter:card\" content=\"summary_large_image\" \/>\n<meta name=\"twitter:label1\" content=\"Escrito por\" \/>\n\t<meta name=\"twitter:data1\" content=\"Not\u00edcias em Destaque\" \/>\n\t<meta name=\"twitter:label2\" content=\"Est. tempo de leitura\" \/>\n\t<meta name=\"twitter:data2\" content=\"2 minutos\" \/>\n<script type=\"application\/ld+json\" class=\"yoast-schema-graph\">{\"@context\":\"https:\/\/schema.org\",\"@graph\":[{\"@type\":\"Article\",\"@id\":\"https:\/\/noticiasemdestaque.com\/cd\/?p=51735#article\",\"isPartOf\":{\"@id\":\"https:\/\/noticiasemdestaque.com\/cd\/?p=51735\"},\"author\":{\"name\":\"Not\u00edcias em Destaque\",\"@id\":\"https:\/\/noticiasemdestaque.com\/cd\/#\/schema\/person\/47f7d4f55eec17c6b2ca036c5500f6ce\"},\"headline\":\"Confira a programa\u00e7\u00e3o da Festa de Nossa Senhora Aparecida nas comunidades do Olho D\u2019\u00c1gua do Padre, Caitit\u00fa, Catonho e Mulung\u00fa\",\"datePublished\":\"2023-09-28T00:05:52+00:00\",\"dateModified\":\"2023-09-28T00:32:53+00:00\",\"mainEntityOfPage\":{\"@id\":\"https:\/\/noticiasemdestaque.com\/cd\/?p=51735\"},\"wordCount\":247,\"publisher\":{\"@id\":\"https:\/\/noticiasemdestaque.com\/cd\/#organization\"},\"image\":{\"@id\":\"https:\/\/noticiasemdestaque.com\/cd\/?p=51735#primaryimage\"},\"thumbnailUrl\":\"https:\/\/noticiasemdestaque.com\/cd\/wp-content\/uploads\/2023\/09\/quermesse-6.jpeg\",\"articleSection\":[\"Cidades\"],\"inLanguage\":\"pt-BR\"},{\"@type\":\"WebPage\",\"@id\":\"https:\/\/noticiasemdestaque.com\/cd\/?p=51735\",\"url\":\"https:\/\/noticiasemdestaque.com\/cd\/?p=51735\",\"name\":\"Confira a programa\u00e7\u00e3o da Festa de Nossa Senhora Aparecida nas comunidades do Olho D\u2019\u00c1gua do Padre, Caitit\u00fa, Catonho e Mulung\u00fa - Not&iacute;cias em Destaque\",\"isPartOf\":{\"@id\":\"https:\/\/noticiasemdestaque.com\/cd\/#website\"},\"primaryImageOfPage\":{\"@id\":\"https:\/\/noticiasemdestaque.com\/cd\/?p=51735#primaryimage\"},\"image\":{\"@id\":\"https:\/\/noticiasemdestaque.com\/cd\/?p=51735#primaryimage\"},\"thumbnailUrl\":\"https:\/\/noticiasemdestaque.com\/cd\/wp-content\/uploads\/2023\/09\/quermesse-6.jpeg\",\"datePublished\":\"2023-09-28T00:05:52+00:00\",\"dateModified\":\"2023-09-28T00:32:53+00:00\",\"breadcrumb\":{\"@id\":\"https:\/\/noticiasemdestaque.com\/cd\/?p=51735#breadcrumb\"},\"inLanguage\":\"pt-BR\",\"potentialAction\":[{\"@type\":\"ReadAction\",\"target\":[\"https:\/\/noticiasemdestaque.com\/cd\/?p=51735\"]}]},{\"@type\":\"ImageObject\",\"inLanguage\":\"pt-BR\",\"@id\":\"https:\/\/noticiasemdestaque.com\/cd\/?p=51735#primaryimage\",\"url\":\"https:\/\/noticiasemdestaque.com\/cd\/wp-content\/uploads\/2023\/09\/quermesse-6.jpeg\",\"contentUrl\":\"https:\/\/noticiasemdestaque.com\/cd\/wp-content\/uploads\/2023\/09\/quermesse-6.jpeg\",\"width\":581,\"height\":581},{\"@type\":\"BreadcrumbList\",\"@id\":\"https:\/\/noticiasemdestaque.com\/cd\/?p=51735#breadcrumb\",\"itemListElement\":[{\"@type\":\"ListItem\",\"position\":1,\"name\":\"In\u00edcio\",\"item\":\"https:\/\/noticiasemdestaque.com\/cd\/\"},{\"@type\":\"ListItem\",\"position\":2,\"name\":\"Confira a programa\u00e7\u00e3o da Festa de Nossa Senhora Aparecida nas comunidades do Olho D\u2019\u00c1gua do Padre, Caitit\u00fa, Catonho e Mulung\u00fa\"}]},{\"@type\":\"WebSite\",\"@id\":\"https:\/\/noticiasemdestaque.com\/cd\/#website\",\"url\":\"https:\/\/noticiasemdestaque.com\/cd\/\",\"name\":\"Not&iacute;cias em Destaque\",\"description\":\"\",\"publisher\":{\"@id\":\"https:\/\/noticiasemdestaque.com\/cd\/#organization\"},\"potentialAction\":[{\"@type\":\"SearchAction\",\"target\":{\"@type\":\"EntryPoint\",\"urlTemplate\":\"https:\/\/noticiasemdestaque.com\/cd\/?s={search_term_string}\"},\"query-input\":{\"@type\":\"PropertyValueSpecification\",\"valueRequired\":true,\"valueName\":\"search_term_string\"}}],\"inLanguage\":\"pt-BR\"},{\"@type\":\"Organization\",\"@id\":\"https:\/\/noticiasemdestaque.com\/cd\/#organization\",\"name\":\"Not\u00edcias em Destaque\",\"url\":\"https:\/\/noticiasemdestaque.com\/cd\/\",\"logo\":{\"@type\":\"ImageObject\",\"inLanguage\":\"pt-BR\",\"@id\":\"https:\/\/noticiasemdestaque.com\/cd\/#\/schema\/logo\/image\/\",\"url\":\"https:\/\/noticiasemdestaque.com\/cd\/wp-content\/uploads\/2022\/05\/imagem-base-noticiasemdestaque.png\",\"contentUrl\":\"https:\/\/noticiasemdestaque.com\/cd\/wp-content\/uploads\/2022\/05\/imagem-base-noticiasemdestaque.png\",\"width\":1200,\"height\":630,\"caption\":\"Not\u00edcias em Destaque\"},\"image\":{\"@id\":\"https:\/\/noticiasemdestaque.com\/cd\/#\/schema\/logo\/image\/\"}},{\"@type\":\"Person\",\"@id\":\"https:\/\/noticiasemdestaque.com\/cd\/#\/schema\/person\/47f7d4f55eec17c6b2ca036c5500f6ce\",\"name\":\"Not\u00edcias em Destaque\",\"url\":\"https:\/\/noticiasemdestaque.com\/cd\/?author=2\"}]}<\/script>\n<!-- \/ Yoast SEO plugin. -->","yoast_head_json":{"title":"Confira a programa\u00e7\u00e3o da Festa de Nossa Senhora Aparecida nas comunidades do Olho D\u2019\u00c1gua do Padre, Caitit\u00fa, Catonho e Mulung\u00fa - Not&iacute;cias em Destaque","robots":{"index":"index","follow":"follow","max-snippet":"max-snippet:-1","max-image-preview":"max-image-preview:large","max-video-preview":"max-video-preview:-1"},"canonical":"https:\/\/noticiasemdestaque.com\/cd\/?p=51735","og_locale":"pt_BR","og_type":"article","og_title":"Confira a programa\u00e7\u00e3o da Festa de Nossa Senhora Aparecida nas comunidades do Olho D\u2019\u00c1gua do Padre, Caitit\u00fa, Catonho e Mulung\u00fa - Not&iacute;cias em Destaque","og_description":"Tem in\u00edcio no pr\u00f3ximo s\u00e1bado (30), com a cavalgada e a missa dos vaqueiros, a Festa da Padroeira Nossa Senhora Aparecida, nas comunidades de Olho D\u2019\u00c1gua do Padre, Caitit\u00fa, Catonho e Mulung\u00fa, zona rural de Serra Branca. Esse ano o tema da festa \u00e9 \u201cMaria, ensinai-nos que voca\u00e7\u00e3o \u00e9 gra\u00e7a e miss\u00e3o!\u201d. Confira a programa\u00e7\u00e3o do s\u00e1bado dia 30: 16h- Concentra\u00e7\u00e3o- Parque Cajueiro; 17h- Cavalgada (Percurso da casa do Parque Cajueiro, Z\u00e9 de Inacinho, at\u00e9 a capela); 18h- Missa (Homenagem aos vaqueiros, agricultores e o povo do campo); Celebrante: Padre Naelson Moura; Canto: Comunidade de Duas Serras; 20h- Quermesse e forr\u00f3 p\u00e9 de serra e show com forr\u00f3 Pisano. O noven\u00e1rio ser\u00e1 iniciado no dia 03 de outubro e segue at\u00e9 o dia 12, e contar\u00e1 com outra quermesse a ser realizada no s\u00e1bado (07\/10), com anima\u00e7\u00e3o de Tiago dos Teclados. O encerramento das festividades acontece dia 12, com prociss\u00e3o a partir das 16h, saindo da casa de Jos\u00e9 Leite e N\u00eana at\u00e9 a capela de Nossa Senhora Aparecida. A missa de encerramento ser\u00e1 celebrada pelo padre Jos\u00e9 Marcondes e acontece a partir das 17h30. Confira toda a programa\u00e7\u00e3o do noven\u00e1rio de 03 a 12 de outubro: A popula\u00e7\u00e3o poder\u00e1 fazer sua doa\u00e7\u00e3o\/compra de cartelas ou rifas pode ser via pix: Not\u00edcias em Destaque","og_url":"https:\/\/noticiasemdestaque.com\/cd\/?p=51735","og_site_name":"Not&iacute;cias em Destaque","article_published_time":"2023-09-28T00:05:52+00:00","article_modified_time":"2023-09-28T00:32:53+00:00","og_image":[{"width":581,"height":581,"url":"https:\/\/noticiasemdestaque.com\/cd\/wp-content\/uploads\/2023\/09\/quermesse-6.jpeg","type":"image\/jpeg"}],"author":"Not\u00edcias em Destaque","twitter_card":"summary_large_image","twitter_misc":{"Escrito por":"Not\u00edcias em Destaque","Est. tempo de leitura":"2 minutos"},"schema":{"@context":"https:\/\/schema.org","@graph":[{"@type":"Article","@id":"https:\/\/noticiasemdestaque.com\/cd\/?p=51735#article","isPartOf":{"@id":"https:\/\/noticiasemdestaque.com\/cd\/?p=51735"},"author":{"name":"Not\u00edcias em Destaque","@id":"https:\/\/noticiasemdestaque.com\/cd\/#\/schema\/person\/47f7d4f55eec17c6b2ca036c5500f6ce"},"headline":"Confira a programa\u00e7\u00e3o da Festa de Nossa Senhora Aparecida nas comunidades do Olho D\u2019\u00c1gua do Padre, Caitit\u00fa, Catonho e Mulung\u00fa","datePublished":"2023-09-28T00:05:52+00:00","dateModified":"2023-09-28T00:32:53+00:00","mainEntityOfPage":{"@id":"https:\/\/noticiasemdestaque.com\/cd\/?p=51735"},"wordCount":247,"publisher":{"@id":"https:\/\/noticiasemdestaque.com\/cd\/#organization"},"image":{"@id":"https:\/\/noticiasemdestaque.com\/cd\/?p=51735#primaryimage"},"thumbnailUrl":"https:\/\/noticiasemdestaque.com\/cd\/wp-content\/uploads\/2023\/09\/quermesse-6.jpeg","articleSection":["Cidades"],"inLanguage":"pt-BR"},{"@type":"WebPage","@id":"https:\/\/noticiasemdestaque.com\/cd\/?p=51735","url":"https:\/\/noticiasemdestaque.com\/cd\/?p=51735","name":"Confira a programa\u00e7\u00e3o da Festa de Nossa Senhora Aparecida nas comunidades do Olho D\u2019\u00c1gua do Padre, Caitit\u00fa, Catonho e Mulung\u00fa - Not&iacute;cias em Destaque","isPartOf":{"@id":"https:\/\/noticiasemdestaque.com\/cd\/#website"},"primaryImageOfPage":{"@id":"https:\/\/noticiasemdestaque.com\/cd\/?p=51735#primaryimage"},"image":{"@id":"https:\/\/noticiasemdestaque.com\/cd\/?p=51735#primaryimage"},"thumbnailUrl":"https:\/\/noticiasemdestaque.com\/cd\/wp-content\/uploads\/2023\/09\/quermesse-6.jpeg","datePublished":"2023-09-28T00:05:52+00:00","dateModified":"2023-09-28T00:32:53+00:00","breadcrumb":{"@id":"https:\/\/noticiasemdestaque.com\/cd\/?p=51735#breadcrumb"},"inLanguage":"pt-BR","potentialAction":[{"@type":"ReadAction","target":["https:\/\/noticiasemdestaque.com\/cd\/?p=51735"]}]},{"@type":"ImageObject","inLanguage":"pt-BR","@id":"https:\/\/noticiasemdestaque.com\/cd\/?p=51735#primaryimage","url":"https:\/\/noticiasemdestaque.com\/cd\/wp-content\/uploads\/2023\/09\/quermesse-6.jpeg","contentUrl":"https:\/\/noticiasemdestaque.com\/cd\/wp-content\/uploads\/2023\/09\/quermesse-6.jpeg","width":581,"height":581},{"@type":"BreadcrumbList","@id":"https:\/\/noticiasemdestaque.com\/cd\/?p=51735#breadcrumb","itemListElement":[{"@type":"ListItem","position":1,"name":"In\u00edcio","item":"https:\/\/noticiasemdestaque.com\/cd\/"},{"@type":"ListItem","position":2,"name":"Confira a programa\u00e7\u00e3o da Festa de Nossa Senhora Aparecida nas comunidades do Olho D\u2019\u00c1gua do Padre, Caitit\u00fa, Catonho e Mulung\u00fa"}]},{"@type":"WebSite","@id":"https:\/\/noticiasemdestaque.com\/cd\/#website","url":"https:\/\/noticiasemdestaque.com\/cd\/","name":"Not&iacute;cias em Destaque","description":"","publisher":{"@id":"https:\/\/noticiasemdestaque.com\/cd\/#organization"},"potentialAction":[{"@type":"SearchAction","target":{"@type":"EntryPoint","urlTemplate":"https:\/\/noticiasemdestaque.com\/cd\/?s={search_term_string}"},"query-input":{"@type":"PropertyValueSpecification","valueRequired":true,"valueName":"search_term_string"}}],"inLanguage":"pt-BR"},{"@type":"Organization","@id":"https:\/\/noticiasemdestaque.com\/cd\/#organization","name":"Not\u00edcias em Destaque","url":"https:\/\/noticiasemdestaque.com\/cd\/","logo":{"@type":"ImageObject","inLanguage":"pt-BR","@id":"https:\/\/noticiasemdestaque.com\/cd\/#\/schema\/logo\/image\/","url":"https:\/\/noticiasemdestaque.com\/cd\/wp-content\/uploads\/2022\/05\/imagem-base-noticiasemdestaque.png","contentUrl":"https:\/\/noticiasemdestaque.com\/cd\/wp-content\/uploads\/2022\/05\/imagem-base-noticiasemdestaque.png","width":1200,"height":630,"caption":"Not\u00edcias em Destaque"},"image":{"@id":"https:\/\/noticiasemdestaque.com\/cd\/#\/schema\/logo\/image\/"}},{"@type":"Person","@id":"https:\/\/noticiasemdestaque.com\/cd\/#\/schema\/person\/47f7d4f55eec17c6b2ca036c5500f6ce","name":"Not\u00edcias em Destaque","url":"https:\/\/noticiasemdestaque.com\/cd\/?author=2"}]}},"jetpack_featured_media_url":"https:\/\/noticiasemdestaque.com\/cd\/wp-content\/uploads\/2023\/09\/quermesse-6.jpeg","jetpack_sharing_enabled":true,"_links":{"self":[{"href":"https:\/\/noticiasemdestaque.com\/cd\/index.php?rest_route=\/wp\/v2\/posts\/51735","targetHints":{"allow":["GET"]}}],"collection":[{"href":"https:\/\/noticiasemdestaque.com\/cd\/index.php?rest_route=\/wp\/v2\/posts"}],"about":[{"href":"https:\/\/noticiasemdestaque.com\/cd\/index.php?rest_route=\/wp\/v2\/types\/post"}],"author":[{"embeddable":true,"href":"https:\/\/noticiasemdestaque.com\/cd\/index.php?rest_route=\/wp\/v2\/users\/2"}],"replies":[{"embeddable":true,"href":"https:\/\/noticiasemdestaque.com\/cd\/index.php?rest_route=%2Fwp%2Fv2%2Fcomments&post=51735"}],"version-history":[{"count":13,"href":"https:\/\/noticiasemdestaque.com\/cd\/index.php?rest_route=\/wp\/v2\/posts\/51735\/revisions"}],"predecessor-version":[{"id":51754,"href":"https:\/\/noticiasemdestaque.com\/cd\/index.php?rest_route=\/wp\/v2\/posts\/51735\/revisions\/51754"}],"wp:featuredmedia":[{"embeddable":true,"href":"https:\/\/noticiasemdestaque.com\/cd\/index.php?rest_route=\/wp\/v2\/media\/51736"}],"wp:attachment":[{"href":"https:\/\/noticiasemdestaque.com\/cd\/index.php?rest_route=%2Fwp%2Fv2%2Fmedia&parent=51735"}],"wp:term":[{"taxonomy":"category","embeddable":true,"href":"https:\/\/noticiasemdestaque.com\/cd\/index.php?rest_route=%2Fwp%2Fv2%2Fcategories&post=51735"},{"taxonomy":"post_tag","embeddable":true,"href":"https:\/\/noticiasemdestaque.com\/cd\/index.php?rest_route=%2Fwp%2Fv2%2Ftags&post=51735"}],"curies":[{"name":"wp","href":"https:\/\/api.w.org\/{rel}","templated":true}]}}