{"id":51727,"date":"2023-09-27T20:55:08","date_gmt":"2023-09-27T23:55:08","guid":{"rendered":"https:\/\/noticiasemdestaque.com\/cd\/?p=51727"},"modified":"2023-09-27T20:55:08","modified_gmt":"2023-09-27T23:55:08","slug":"camara-de-vereadores-de-sume-realiza-sessao-e-aprova-projeto-de-lei-e-requerimentos","status":"publish","type":"post","link":"https:\/\/noticiasemdestaque.com\/cd\/?p=51727","title":{"rendered":"C\u00e2mara de Vereadores de Sum\u00e9 realiza sess\u00e3o e aprova projeto de lei e requerimentos"},"content":{"rendered":"<p><a href=\"https:\/\/noticiasemdestaque.com\/cd\/wp-content\/uploads\/2023\/09\/DSC_0177-scaled.jpg\"><img fetchpriority=\"high\" decoding=\"async\" class=\"wp-image-51730 size-large aligncenter\" src=\"https:\/\/noticiasemdestaque.com\/cd\/wp-content\/uploads\/2023\/09\/DSC_0177-1024x683.jpg\" alt=\"\" width=\"640\" height=\"427\" srcset=\"https:\/\/noticiasemdestaque.com\/cd\/wp-content\/uploads\/2023\/09\/DSC_0177-1024x683.jpg 1024w, https:\/\/noticiasemdestaque.com\/cd\/wp-content\/uploads\/2023\/09\/DSC_0177-300x200.jpg 300w, https:\/\/noticiasemdestaque.com\/cd\/wp-content\/uploads\/2023\/09\/DSC_0177-768x512.jpg 768w, https:\/\/noticiasemdestaque.com\/cd\/wp-content\/uploads\/2023\/09\/DSC_0177-1536x1024.jpg 1536w, https:\/\/noticiasemdestaque.com\/cd\/wp-content\/uploads\/2023\/09\/DSC_0177-2048x1365.jpg 2048w, https:\/\/noticiasemdestaque.com\/cd\/wp-content\/uploads\/2023\/09\/DSC_0177-18x12.jpg 18w\" sizes=\"(max-width: 640px) 100vw, 640px\" \/><\/a><\/p>\n<p>A C\u00e2mara de Vereadores de Sum\u00e9 esteve reunida na noite desta ter\u00e7a-feira (26), na reuni\u00e3o foram aprovados projetos e requerimentos que estavam em tramita\u00e7\u00e3o na Casa C\u00edcero Soares.<\/p>\n<p><a href=\"https:\/\/noticiasemdestaque.com\/cd\/wp-content\/uploads\/2023\/09\/DSC_0150-scaled.jpg\"><img decoding=\"async\" class=\"size-medium wp-image-51728 aligncenter\" src=\"https:\/\/noticiasemdestaque.com\/cd\/wp-content\/uploads\/2023\/09\/DSC_0150-222x300.jpg\" alt=\"\" width=\"222\" height=\"300\" srcset=\"https:\/\/noticiasemdestaque.com\/cd\/wp-content\/uploads\/2023\/09\/DSC_0150-222x300.jpg 222w, https:\/\/noticiasemdestaque.com\/cd\/wp-content\/uploads\/2023\/09\/DSC_0150-757x1024.jpg 757w, https:\/\/noticiasemdestaque.com\/cd\/wp-content\/uploads\/2023\/09\/DSC_0150-768x1039.jpg 768w, https:\/\/noticiasemdestaque.com\/cd\/wp-content\/uploads\/2023\/09\/DSC_0150-1135x1536.jpg 1135w, https:\/\/noticiasemdestaque.com\/cd\/wp-content\/uploads\/2023\/09\/DSC_0150-1514x2048.jpg 1514w, https:\/\/noticiasemdestaque.com\/cd\/wp-content\/uploads\/2023\/09\/DSC_0150-9x12.jpg 9w, https:\/\/noticiasemdestaque.com\/cd\/wp-content\/uploads\/2023\/09\/DSC_0150-scaled.jpg 1892w\" sizes=\"(max-width: 222px) 100vw, 222px\" \/><\/a><\/p>\n<p>O vereador Ant\u00f4nio Carlos Sarmento apresentou voto de pesar \u00e0 fam\u00edlia do senhor Mauri Leite Monteiro.<\/p>\n<p><a href=\"https:\/\/noticiasemdestaque.com\/cd\/wp-content\/uploads\/2023\/09\/DSC_0157-scaled.jpg\"><img decoding=\"async\" class=\"size-medium wp-image-51729 aligncenter\" src=\"https:\/\/noticiasemdestaque.com\/cd\/wp-content\/uploads\/2023\/09\/DSC_0157-300x229.jpg\" alt=\"\" width=\"300\" height=\"229\" srcset=\"https:\/\/noticiasemdestaque.com\/cd\/wp-content\/uploads\/2023\/09\/DSC_0157-300x229.jpg 300w, https:\/\/noticiasemdestaque.com\/cd\/wp-content\/uploads\/2023\/09\/DSC_0157-1024x783.jpg 1024w, https:\/\/noticiasemdestaque.com\/cd\/wp-content\/uploads\/2023\/09\/DSC_0157-768x587.jpg 768w, https:\/\/noticiasemdestaque.com\/cd\/wp-content\/uploads\/2023\/09\/DSC_0157-1536x1174.jpg 1536w, https:\/\/noticiasemdestaque.com\/cd\/wp-content\/uploads\/2023\/09\/DSC_0157-2048x1566.jpg 2048w, https:\/\/noticiasemdestaque.com\/cd\/wp-content\/uploads\/2023\/09\/DSC_0157-16x12.jpg 16w\" sizes=\"(max-width: 300px) 100vw, 300px\" \/><\/a><\/p>\n<p>O vereador Cordeirinho Moto Pe\u00e7as requereu que seja feita a rede de esgoto na Rua Everton Siqueira no Bairro Frei Dami\u00e3o e a constru\u00e7\u00e3o de cal\u00e7amento (pavimenta\u00e7\u00e3o) para a Rua Ivo Pereira de Oliveira, localizado no Bairro Carro Quebrado.<\/p>\n<p>Cordeirinho solicitou da gest\u00e3o, a coloca\u00e7\u00e3o de cascalho para complementar a estrada do in\u00edcio da Br 412 at\u00e9 a entrada do Sitio Pitombeira e que seja feito a rede de esgoto na Rua Ivo Pereira de Oliveira, localizado no Bairro Carro Quebrado, como tamb\u00e9m, patrolamento e limpeza no campo de futebol o Poeir\u00e3o, no Mandacaru.<\/p>\n<p>O vereador apresentou Voto de Aplauso aos atletas Anderson \u00cdtalo Ferreira da Silva, Jeffeson Ver\u00edssimo de Oliveira, Davi Aquino Mendon\u00e7a Raphael, Lucas Feitosa da Silva, Eduardo de Oliveira Silva e Jos\u00e9 Ially Leite Clementino, os quais est\u00e3o representando a cidade de Sum\u00e9 e o cariri, em todo o cen\u00e1rio paraibano nos campeonatos de Futsal.<\/p>\n<p>Cordeirinho apresentou voto de pesar \u00e0 fam\u00edlia do Senhor Edinaldo Batista de Freitas.<\/p>\n<p><a href=\"https:\/\/noticiasemdestaque.com\/cd\/wp-content\/uploads\/2023\/09\/DSC_0184-scaled.jpg\"><img loading=\"lazy\" decoding=\"async\" class=\"size-medium wp-image-51732 aligncenter\" src=\"https:\/\/noticiasemdestaque.com\/cd\/wp-content\/uploads\/2023\/09\/DSC_0184-227x300.jpg\" alt=\"\" width=\"227\" height=\"300\" srcset=\"https:\/\/noticiasemdestaque.com\/cd\/wp-content\/uploads\/2023\/09\/DSC_0184-227x300.jpg 227w, https:\/\/noticiasemdestaque.com\/cd\/wp-content\/uploads\/2023\/09\/DSC_0184-774x1024.jpg 774w, https:\/\/noticiasemdestaque.com\/cd\/wp-content\/uploads\/2023\/09\/DSC_0184-768x1015.jpg 768w, https:\/\/noticiasemdestaque.com\/cd\/wp-content\/uploads\/2023\/09\/DSC_0184-1162x1536.jpg 1162w, https:\/\/noticiasemdestaque.com\/cd\/wp-content\/uploads\/2023\/09\/DSC_0184-1549x2048.jpg 1549w, https:\/\/noticiasemdestaque.com\/cd\/wp-content\/uploads\/2023\/09\/DSC_0184-9x12.jpg 9w, https:\/\/noticiasemdestaque.com\/cd\/wp-content\/uploads\/2023\/09\/DSC_0184-scaled.jpg 1936w\" sizes=\"(max-width: 227px) 100vw, 227px\" \/><\/a><\/p>\n<p>O vereador Dami\u00e3o Rildo apresentou voto de pesar \u00e0 fam\u00edlia do Senhor C\u00edcero Soares Sobrinho.<\/p>\n<p><a href=\"https:\/\/noticiasemdestaque.com\/cd\/wp-content\/uploads\/2023\/09\/DSC_0178-scaled.jpg\"><img loading=\"lazy\" decoding=\"async\" class=\"size-medium wp-image-51731 aligncenter\" src=\"https:\/\/noticiasemdestaque.com\/cd\/wp-content\/uploads\/2023\/09\/DSC_0178-291x300.jpg\" alt=\"\" width=\"291\" height=\"300\" srcset=\"https:\/\/noticiasemdestaque.com\/cd\/wp-content\/uploads\/2023\/09\/DSC_0178-291x300.jpg 291w, https:\/\/noticiasemdestaque.com\/cd\/wp-content\/uploads\/2023\/09\/DSC_0178-992x1024.jpg 992w, https:\/\/noticiasemdestaque.com\/cd\/wp-content\/uploads\/2023\/09\/DSC_0178-768x793.jpg 768w, https:\/\/noticiasemdestaque.com\/cd\/wp-content\/uploads\/2023\/09\/DSC_0178-1487x1536.jpg 1487w, https:\/\/noticiasemdestaque.com\/cd\/wp-content\/uploads\/2023\/09\/DSC_0178-1983x2048.jpg 1983w, https:\/\/noticiasemdestaque.com\/cd\/wp-content\/uploads\/2023\/09\/DSC_0178-12x12.jpg 12w\" sizes=\"(max-width: 291px) 100vw, 291px\" \/><\/a><\/p>\n<p>O vereador Dida Alves requereu aquisi\u00e7\u00e3o de brinquedos para a Escola Municipal Gon\u00e7ala Rodrigues de Freitas e Voto de Pesar \u00e0 fam\u00edlia do Senhor Francisco Manoel da Silva.<\/p>\n<p>Os vereadores aprovaram o projeto de lei de autoria do Poder Executivo que disp\u00f5e sobre as micro e pequenas empresas. O projeto tem foco na desburocratiza\u00e7\u00e3o, para regulamentar um tratamento favorecido, simplificado e diferenciado a esse setor, conforme disposto na Constitui\u00e7\u00e3o Federal.<\/p>\n<p><a href=\"https:\/\/noticiasemdestaque.com\/cd\/wp-content\/uploads\/2023\/09\/DSC_0188-scaled.jpg\"><img loading=\"lazy\" decoding=\"async\" class=\"size-medium wp-image-51733 aligncenter\" src=\"https:\/\/noticiasemdestaque.com\/cd\/wp-content\/uploads\/2023\/09\/DSC_0188-300x287.jpg\" alt=\"\" width=\"300\" height=\"287\" srcset=\"https:\/\/noticiasemdestaque.com\/cd\/wp-content\/uploads\/2023\/09\/DSC_0188-300x287.jpg 300w, https:\/\/noticiasemdestaque.com\/cd\/wp-content\/uploads\/2023\/09\/DSC_0188-1024x980.jpg 1024w, https:\/\/noticiasemdestaque.com\/cd\/wp-content\/uploads\/2023\/09\/DSC_0188-768x735.jpg 768w, https:\/\/noticiasemdestaque.com\/cd\/wp-content\/uploads\/2023\/09\/DSC_0188-1536x1470.jpg 1536w, https:\/\/noticiasemdestaque.com\/cd\/wp-content\/uploads\/2023\/09\/DSC_0188-2048x1960.jpg 2048w, https:\/\/noticiasemdestaque.com\/cd\/wp-content\/uploads\/2023\/09\/DSC_0188-13x12.jpg 13w\" sizes=\"(max-width: 300px) 100vw, 300px\" \/><\/a><\/p>\n<p>A sess\u00e3o contou com a presen\u00e7a do professor Marcos de Sofia, que ao fazer uso da tribuna, agradeceu a recente homenagem do Poder Legislativo aos profissionais da Educa\u00e7\u00e3o F\u00edsica. Marcos falou ainda sobre a realiza\u00e7\u00e3o da I Champions Cariri de Futsal que se aproxima da fase final.<\/p>\n<p>Ascom\/C\u00e2mara<\/p>\n","protected":false},"excerpt":{"rendered":"<p>A C\u00e2mara de Vereadores de Sum\u00e9 esteve reunida na noite desta ter\u00e7a-feira (26), na reuni\u00e3o foram aprovados projetos e requerimentos que estavam em tramita\u00e7\u00e3o na Casa C\u00edcero Soares. O vereador Ant\u00f4nio Carlos Sarmento apresentou voto de pesar \u00e0 fam\u00edlia do senhor Mauri Leite Monteiro. O vereador Cordeirinho Moto Pe\u00e7as requereu que seja feita a rede de esgoto na Rua Everton Siqueira no Bairro Frei Dami\u00e3o e a constru\u00e7\u00e3o de cal\u00e7amento (pavimenta\u00e7\u00e3o) para a Rua Ivo Pereira de Oliveira, localizado no Bairro Carro Quebrado. Cordeirinho solicitou da gest\u00e3o, a coloca\u00e7\u00e3o de cascalho para complementar a estrada do in\u00edcio da Br 412 at\u00e9 a entrada do Sitio Pitombeira e que seja feito a rede de esgoto na Rua Ivo Pereira de Oliveira, localizado no Bairro Carro Quebrado, como tamb\u00e9m, patrolamento e limpeza no campo de futebol o Poeir\u00e3o, no Mandacaru. O vereador apresentou Voto de Aplauso aos atletas Anderson \u00cdtalo Ferreira da Silva, Jeffeson Ver\u00edssimo de Oliveira, Davi Aquino Mendon\u00e7a Raphael, Lucas Feitosa da Silva, Eduardo de Oliveira Silva e Jos\u00e9 Ially Leite Clementino, os quais est\u00e3o representando a cidade de Sum\u00e9 e o cariri, em todo o cen\u00e1rio paraibano nos campeonatos de Futsal. Cordeirinho apresentou voto de pesar \u00e0 fam\u00edlia do Senhor Edinaldo Batista de Freitas. O vereador Dami\u00e3o Rildo apresentou voto de pesar \u00e0 fam\u00edlia do Senhor C\u00edcero Soares Sobrinho. O vereador Dida Alves requereu aquisi\u00e7\u00e3o de brinquedos para a Escola Municipal Gon\u00e7ala Rodrigues de Freitas e Voto de Pesar \u00e0 fam\u00edlia do Senhor Francisco Manoel da Silva. Os vereadores aprovaram o projeto de lei de autoria do Poder Executivo que disp\u00f5e sobre as micro e pequenas empresas. O projeto tem foco na desburocratiza\u00e7\u00e3o, para regulamentar um tratamento favorecido, simplificado e diferenciado a esse setor, conforme disposto na Constitui\u00e7\u00e3o Federal. A sess\u00e3o contou com a presen\u00e7a do professor Marcos de Sofia, que ao fazer uso da tribuna, agradeceu a recente homenagem do Poder Legislativo aos profissionais da Educa\u00e7\u00e3o F\u00edsica. Marcos falou ainda sobre a realiza\u00e7\u00e3o da I Champions Cariri de Futsal que se aproxima da fase final. Ascom\/C\u00e2mara<\/p>\n","protected":false},"author":2,"featured_media":51730,"comment_status":"closed","ping_status":"open","sticky":false,"template":"","format":"standard","meta":{"_eb_attr":"","_jetpack_memberships_contains_paid_content":false,"footnotes":""},"categories":[3],"tags":[],"class_list":["post-51727","post","type-post","status-publish","format-standard","has-post-thumbnail","hentry","category-cidades"],"yoast_head":"<!-- This site is optimized with the Yoast SEO plugin v26.5 - https:\/\/yoast.com\/wordpress\/plugins\/seo\/ -->\n<title>C\u00e2mara de Vereadores de Sum\u00e9 realiza sess\u00e3o e aprova projeto de lei e requerimentos - Not&iacute;cias em Destaque<\/title>\n<meta name=\"robots\" content=\"index, follow, max-snippet:-1, max-image-preview:large, max-video-preview:-1\" \/>\n<link rel=\"canonical\" href=\"https:\/\/noticiasemdestaque.com\/cd\/?p=51727\" \/>\n<meta property=\"og:locale\" content=\"pt_BR\" \/>\n<meta property=\"og:type\" content=\"article\" \/>\n<meta property=\"og:title\" content=\"C\u00e2mara de Vereadores de Sum\u00e9 realiza sess\u00e3o e aprova projeto de lei e requerimentos - Not&iacute;cias em Destaque\" \/>\n<meta property=\"og:description\" content=\"A C\u00e2mara de Vereadores de Sum\u00e9 esteve reunida na noite desta ter\u00e7a-feira (26), na reuni\u00e3o foram aprovados projetos e requerimentos que estavam em tramita\u00e7\u00e3o na Casa C\u00edcero Soares. O vereador Ant\u00f4nio Carlos Sarmento apresentou voto de pesar \u00e0 fam\u00edlia do senhor Mauri Leite Monteiro. O vereador Cordeirinho Moto Pe\u00e7as requereu que seja feita a rede de esgoto na Rua Everton Siqueira no Bairro Frei Dami\u00e3o e a constru\u00e7\u00e3o de cal\u00e7amento (pavimenta\u00e7\u00e3o) para a Rua Ivo Pereira de Oliveira, localizado no Bairro Carro Quebrado. Cordeirinho solicitou da gest\u00e3o, a coloca\u00e7\u00e3o de cascalho para complementar a estrada do in\u00edcio da Br 412 at\u00e9 a entrada do Sitio Pitombeira e que seja feito a rede de esgoto na Rua Ivo Pereira de Oliveira, localizado no Bairro Carro Quebrado, como tamb\u00e9m, patrolamento e limpeza no campo de futebol o Poeir\u00e3o, no Mandacaru. O vereador apresentou Voto de Aplauso aos atletas Anderson \u00cdtalo Ferreira da Silva, Jeffeson Ver\u00edssimo de Oliveira, Davi Aquino Mendon\u00e7a Raphael, Lucas Feitosa da Silva, Eduardo de Oliveira Silva e Jos\u00e9 Ially Leite Clementino, os quais est\u00e3o representando a cidade de Sum\u00e9 e o cariri, em todo o cen\u00e1rio paraibano nos campeonatos de Futsal. Cordeirinho apresentou voto de pesar \u00e0 fam\u00edlia do Senhor Edinaldo Batista de Freitas. O vereador Dami\u00e3o Rildo apresentou voto de pesar \u00e0 fam\u00edlia do Senhor C\u00edcero Soares Sobrinho. O vereador Dida Alves requereu aquisi\u00e7\u00e3o de brinquedos para a Escola Municipal Gon\u00e7ala Rodrigues de Freitas e Voto de Pesar \u00e0 fam\u00edlia do Senhor Francisco Manoel da Silva. Os vereadores aprovaram o projeto de lei de autoria do Poder Executivo que disp\u00f5e sobre as micro e pequenas empresas. O projeto tem foco na desburocratiza\u00e7\u00e3o, para regulamentar um tratamento favorecido, simplificado e diferenciado a esse setor, conforme disposto na Constitui\u00e7\u00e3o Federal. A sess\u00e3o contou com a presen\u00e7a do professor Marcos de Sofia, que ao fazer uso da tribuna, agradeceu a recente homenagem do Poder Legislativo aos profissionais da Educa\u00e7\u00e3o F\u00edsica. Marcos falou ainda sobre a realiza\u00e7\u00e3o da I Champions Cariri de Futsal que se aproxima da fase final. Ascom\/C\u00e2mara\" \/>\n<meta property=\"og:url\" content=\"https:\/\/noticiasemdestaque.com\/cd\/?p=51727\" \/>\n<meta property=\"og:site_name\" content=\"Not&iacute;cias em Destaque\" \/>\n<meta property=\"article:published_time\" content=\"2023-09-27T23:55:08+00:00\" \/>\n<meta property=\"og:image\" content=\"https:\/\/noticiasemdestaque.com\/cd\/wp-content\/uploads\/2023\/09\/DSC_0177-scaled.jpg\" \/>\n\t<meta property=\"og:image:width\" content=\"2560\" \/>\n\t<meta property=\"og:image:height\" content=\"1707\" \/>\n\t<meta property=\"og:image:type\" content=\"image\/jpeg\" \/>\n<meta name=\"author\" content=\"Not\u00edcias em Destaque\" \/>\n<meta name=\"twitter:card\" content=\"summary_large_image\" \/>\n<meta name=\"twitter:label1\" content=\"Escrito por\" \/>\n\t<meta name=\"twitter:data1\" content=\"Not\u00edcias em Destaque\" \/>\n\t<meta name=\"twitter:label2\" content=\"Est. tempo de leitura\" \/>\n\t<meta name=\"twitter:data2\" content=\"4 minutos\" \/>\n<script type=\"application\/ld+json\" class=\"yoast-schema-graph\">{\"@context\":\"https:\/\/schema.org\",\"@graph\":[{\"@type\":\"Article\",\"@id\":\"https:\/\/noticiasemdestaque.com\/cd\/?p=51727#article\",\"isPartOf\":{\"@id\":\"https:\/\/noticiasemdestaque.com\/cd\/?p=51727\"},\"author\":{\"name\":\"Not\u00edcias em Destaque\",\"@id\":\"https:\/\/noticiasemdestaque.com\/cd\/#\/schema\/person\/21320b03a7e8bb90128938dafc9b908a\"},\"headline\":\"C\u00e2mara de Vereadores de Sum\u00e9 realiza sess\u00e3o e aprova projeto de lei e requerimentos\",\"datePublished\":\"2023-09-27T23:55:08+00:00\",\"mainEntityOfPage\":{\"@id\":\"https:\/\/noticiasemdestaque.com\/cd\/?p=51727\"},\"wordCount\":386,\"publisher\":{\"@id\":\"https:\/\/noticiasemdestaque.com\/cd\/#organization\"},\"image\":{\"@id\":\"https:\/\/noticiasemdestaque.com\/cd\/?p=51727#primaryimage\"},\"thumbnailUrl\":\"https:\/\/noticiasemdestaque.com\/cd\/wp-content\/uploads\/2023\/09\/DSC_0177-scaled.jpg\",\"articleSection\":[\"Cidades\"],\"inLanguage\":\"pt-BR\"},{\"@type\":\"WebPage\",\"@id\":\"https:\/\/noticiasemdestaque.com\/cd\/?p=51727\",\"url\":\"https:\/\/noticiasemdestaque.com\/cd\/?p=51727\",\"name\":\"C\u00e2mara de Vereadores de Sum\u00e9 realiza sess\u00e3o e aprova projeto de lei e requerimentos - Not&iacute;cias em Destaque\",\"isPartOf\":{\"@id\":\"https:\/\/noticiasemdestaque.com\/cd\/#website\"},\"primaryImageOfPage\":{\"@id\":\"https:\/\/noticiasemdestaque.com\/cd\/?p=51727#primaryimage\"},\"image\":{\"@id\":\"https:\/\/noticiasemdestaque.com\/cd\/?p=51727#primaryimage\"},\"thumbnailUrl\":\"https:\/\/noticiasemdestaque.com\/cd\/wp-content\/uploads\/2023\/09\/DSC_0177-scaled.jpg\",\"datePublished\":\"2023-09-27T23:55:08+00:00\",\"breadcrumb\":{\"@id\":\"https:\/\/noticiasemdestaque.com\/cd\/?p=51727#breadcrumb\"},\"inLanguage\":\"pt-BR\",\"potentialAction\":[{\"@type\":\"ReadAction\",\"target\":[\"https:\/\/noticiasemdestaque.com\/cd\/?p=51727\"]}]},{\"@type\":\"ImageObject\",\"inLanguage\":\"pt-BR\",\"@id\":\"https:\/\/noticiasemdestaque.com\/cd\/?p=51727#primaryimage\",\"url\":\"https:\/\/noticiasemdestaque.com\/cd\/wp-content\/uploads\/2023\/09\/DSC_0177-scaled.jpg\",\"contentUrl\":\"https:\/\/noticiasemdestaque.com\/cd\/wp-content\/uploads\/2023\/09\/DSC_0177-scaled.jpg\",\"width\":2560,\"height\":1707},{\"@type\":\"BreadcrumbList\",\"@id\":\"https:\/\/noticiasemdestaque.com\/cd\/?p=51727#breadcrumb\",\"itemListElement\":[{\"@type\":\"ListItem\",\"position\":1,\"name\":\"In\u00edcio\",\"item\":\"https:\/\/noticiasemdestaque.com\/cd\/\"},{\"@type\":\"ListItem\",\"position\":2,\"name\":\"C\u00e2mara de Vereadores de Sum\u00e9 realiza sess\u00e3o e aprova projeto de lei e requerimentos\"}]},{\"@type\":\"WebSite\",\"@id\":\"https:\/\/noticiasemdestaque.com\/cd\/#website\",\"url\":\"https:\/\/noticiasemdestaque.com\/cd\/\",\"name\":\"Not&iacute;cias em Destaque\",\"description\":\"\",\"publisher\":{\"@id\":\"https:\/\/noticiasemdestaque.com\/cd\/#organization\"},\"potentialAction\":[{\"@type\":\"SearchAction\",\"target\":{\"@type\":\"EntryPoint\",\"urlTemplate\":\"https:\/\/noticiasemdestaque.com\/cd\/?s={search_term_string}\"},\"query-input\":{\"@type\":\"PropertyValueSpecification\",\"valueRequired\":true,\"valueName\":\"search_term_string\"}}],\"inLanguage\":\"pt-BR\"},{\"@type\":\"Organization\",\"@id\":\"https:\/\/noticiasemdestaque.com\/cd\/#organization\",\"name\":\"Not\u00edcias em Destaque\",\"url\":\"https:\/\/noticiasemdestaque.com\/cd\/\",\"logo\":{\"@type\":\"ImageObject\",\"inLanguage\":\"pt-BR\",\"@id\":\"https:\/\/noticiasemdestaque.com\/cd\/#\/schema\/logo\/image\/\",\"url\":\"https:\/\/noticiasemdestaque.com\/cd\/wp-content\/uploads\/2022\/05\/imagem-base-noticiasemdestaque.png\",\"contentUrl\":\"https:\/\/noticiasemdestaque.com\/cd\/wp-content\/uploads\/2022\/05\/imagem-base-noticiasemdestaque.png\",\"width\":1200,\"height\":630,\"caption\":\"Not\u00edcias em Destaque\"},\"image\":{\"@id\":\"https:\/\/noticiasemdestaque.com\/cd\/#\/schema\/logo\/image\/\"}},{\"@type\":\"Person\",\"@id\":\"https:\/\/noticiasemdestaque.com\/cd\/#\/schema\/person\/21320b03a7e8bb90128938dafc9b908a\",\"name\":\"Not\u00edcias em Destaque\",\"url\":\"https:\/\/noticiasemdestaque.com\/cd\/?author=2\"}]}<\/script>\n<!-- \/ Yoast SEO plugin. -->","yoast_head_json":{"title":"C\u00e2mara de Vereadores de Sum\u00e9 realiza sess\u00e3o e aprova projeto de lei e requerimentos - Not&iacute;cias em Destaque","robots":{"index":"index","follow":"follow","max-snippet":"max-snippet:-1","max-image-preview":"max-image-preview:large","max-video-preview":"max-video-preview:-1"},"canonical":"https:\/\/noticiasemdestaque.com\/cd\/?p=51727","og_locale":"pt_BR","og_type":"article","og_title":"C\u00e2mara de Vereadores de Sum\u00e9 realiza sess\u00e3o e aprova projeto de lei e requerimentos - Not&iacute;cias em Destaque","og_description":"A C\u00e2mara de Vereadores de Sum\u00e9 esteve reunida na noite desta ter\u00e7a-feira (26), na reuni\u00e3o foram aprovados projetos e requerimentos que estavam em tramita\u00e7\u00e3o na Casa C\u00edcero Soares. O vereador Ant\u00f4nio Carlos Sarmento apresentou voto de pesar \u00e0 fam\u00edlia do senhor Mauri Leite Monteiro. O vereador Cordeirinho Moto Pe\u00e7as requereu que seja feita a rede de esgoto na Rua Everton Siqueira no Bairro Frei Dami\u00e3o e a constru\u00e7\u00e3o de cal\u00e7amento (pavimenta\u00e7\u00e3o) para a Rua Ivo Pereira de Oliveira, localizado no Bairro Carro Quebrado. Cordeirinho solicitou da gest\u00e3o, a coloca\u00e7\u00e3o de cascalho para complementar a estrada do in\u00edcio da Br 412 at\u00e9 a entrada do Sitio Pitombeira e que seja feito a rede de esgoto na Rua Ivo Pereira de Oliveira, localizado no Bairro Carro Quebrado, como tamb\u00e9m, patrolamento e limpeza no campo de futebol o Poeir\u00e3o, no Mandacaru. O vereador apresentou Voto de Aplauso aos atletas Anderson \u00cdtalo Ferreira da Silva, Jeffeson Ver\u00edssimo de Oliveira, Davi Aquino Mendon\u00e7a Raphael, Lucas Feitosa da Silva, Eduardo de Oliveira Silva e Jos\u00e9 Ially Leite Clementino, os quais est\u00e3o representando a cidade de Sum\u00e9 e o cariri, em todo o cen\u00e1rio paraibano nos campeonatos de Futsal. Cordeirinho apresentou voto de pesar \u00e0 fam\u00edlia do Senhor Edinaldo Batista de Freitas. O vereador Dami\u00e3o Rildo apresentou voto de pesar \u00e0 fam\u00edlia do Senhor C\u00edcero Soares Sobrinho. O vereador Dida Alves requereu aquisi\u00e7\u00e3o de brinquedos para a Escola Municipal Gon\u00e7ala Rodrigues de Freitas e Voto de Pesar \u00e0 fam\u00edlia do Senhor Francisco Manoel da Silva. Os vereadores aprovaram o projeto de lei de autoria do Poder Executivo que disp\u00f5e sobre as micro e pequenas empresas. O projeto tem foco na desburocratiza\u00e7\u00e3o, para regulamentar um tratamento favorecido, simplificado e diferenciado a esse setor, conforme disposto na Constitui\u00e7\u00e3o Federal. A sess\u00e3o contou com a presen\u00e7a do professor Marcos de Sofia, que ao fazer uso da tribuna, agradeceu a recente homenagem do Poder Legislativo aos profissionais da Educa\u00e7\u00e3o F\u00edsica. Marcos falou ainda sobre a realiza\u00e7\u00e3o da I Champions Cariri de Futsal que se aproxima da fase final. Ascom\/C\u00e2mara","og_url":"https:\/\/noticiasemdestaque.com\/cd\/?p=51727","og_site_name":"Not&iacute;cias em Destaque","article_published_time":"2023-09-27T23:55:08+00:00","og_image":[{"width":2560,"height":1707,"url":"https:\/\/noticiasemdestaque.com\/cd\/wp-content\/uploads\/2023\/09\/DSC_0177-scaled.jpg","type":"image\/jpeg"}],"author":"Not\u00edcias em Destaque","twitter_card":"summary_large_image","twitter_misc":{"Escrito por":"Not\u00edcias em Destaque","Est. tempo de leitura":"4 minutos"},"schema":{"@context":"https:\/\/schema.org","@graph":[{"@type":"Article","@id":"https:\/\/noticiasemdestaque.com\/cd\/?p=51727#article","isPartOf":{"@id":"https:\/\/noticiasemdestaque.com\/cd\/?p=51727"},"author":{"name":"Not\u00edcias em Destaque","@id":"https:\/\/noticiasemdestaque.com\/cd\/#\/schema\/person\/21320b03a7e8bb90128938dafc9b908a"},"headline":"C\u00e2mara de Vereadores de Sum\u00e9 realiza sess\u00e3o e aprova projeto de lei e requerimentos","datePublished":"2023-09-27T23:55:08+00:00","mainEntityOfPage":{"@id":"https:\/\/noticiasemdestaque.com\/cd\/?p=51727"},"wordCount":386,"publisher":{"@id":"https:\/\/noticiasemdestaque.com\/cd\/#organization"},"image":{"@id":"https:\/\/noticiasemdestaque.com\/cd\/?p=51727#primaryimage"},"thumbnailUrl":"https:\/\/noticiasemdestaque.com\/cd\/wp-content\/uploads\/2023\/09\/DSC_0177-scaled.jpg","articleSection":["Cidades"],"inLanguage":"pt-BR"},{"@type":"WebPage","@id":"https:\/\/noticiasemdestaque.com\/cd\/?p=51727","url":"https:\/\/noticiasemdestaque.com\/cd\/?p=51727","name":"C\u00e2mara de Vereadores de Sum\u00e9 realiza sess\u00e3o e aprova projeto de lei e requerimentos - Not&iacute;cias em Destaque","isPartOf":{"@id":"https:\/\/noticiasemdestaque.com\/cd\/#website"},"primaryImageOfPage":{"@id":"https:\/\/noticiasemdestaque.com\/cd\/?p=51727#primaryimage"},"image":{"@id":"https:\/\/noticiasemdestaque.com\/cd\/?p=51727#primaryimage"},"thumbnailUrl":"https:\/\/noticiasemdestaque.com\/cd\/wp-content\/uploads\/2023\/09\/DSC_0177-scaled.jpg","datePublished":"2023-09-27T23:55:08+00:00","breadcrumb":{"@id":"https:\/\/noticiasemdestaque.com\/cd\/?p=51727#breadcrumb"},"inLanguage":"pt-BR","potentialAction":[{"@type":"ReadAction","target":["https:\/\/noticiasemdestaque.com\/cd\/?p=51727"]}]},{"@type":"ImageObject","inLanguage":"pt-BR","@id":"https:\/\/noticiasemdestaque.com\/cd\/?p=51727#primaryimage","url":"https:\/\/noticiasemdestaque.com\/cd\/wp-content\/uploads\/2023\/09\/DSC_0177-scaled.jpg","contentUrl":"https:\/\/noticiasemdestaque.com\/cd\/wp-content\/uploads\/2023\/09\/DSC_0177-scaled.jpg","width":2560,"height":1707},{"@type":"BreadcrumbList","@id":"https:\/\/noticiasemdestaque.com\/cd\/?p=51727#breadcrumb","itemListElement":[{"@type":"ListItem","position":1,"name":"In\u00edcio","item":"https:\/\/noticiasemdestaque.com\/cd\/"},{"@type":"ListItem","position":2,"name":"C\u00e2mara de Vereadores de Sum\u00e9 realiza sess\u00e3o e aprova projeto de lei e requerimentos"}]},{"@type":"WebSite","@id":"https:\/\/noticiasemdestaque.com\/cd\/#website","url":"https:\/\/noticiasemdestaque.com\/cd\/","name":"Not&iacute;cias em Destaque","description":"","publisher":{"@id":"https:\/\/noticiasemdestaque.com\/cd\/#organization"},"potentialAction":[{"@type":"SearchAction","target":{"@type":"EntryPoint","urlTemplate":"https:\/\/noticiasemdestaque.com\/cd\/?s={search_term_string}"},"query-input":{"@type":"PropertyValueSpecification","valueRequired":true,"valueName":"search_term_string"}}],"inLanguage":"pt-BR"},{"@type":"Organization","@id":"https:\/\/noticiasemdestaque.com\/cd\/#organization","name":"Not\u00edcias em Destaque","url":"https:\/\/noticiasemdestaque.com\/cd\/","logo":{"@type":"ImageObject","inLanguage":"pt-BR","@id":"https:\/\/noticiasemdestaque.com\/cd\/#\/schema\/logo\/image\/","url":"https:\/\/noticiasemdestaque.com\/cd\/wp-content\/uploads\/2022\/05\/imagem-base-noticiasemdestaque.png","contentUrl":"https:\/\/noticiasemdestaque.com\/cd\/wp-content\/uploads\/2022\/05\/imagem-base-noticiasemdestaque.png","width":1200,"height":630,"caption":"Not\u00edcias em Destaque"},"image":{"@id":"https:\/\/noticiasemdestaque.com\/cd\/#\/schema\/logo\/image\/"}},{"@type":"Person","@id":"https:\/\/noticiasemdestaque.com\/cd\/#\/schema\/person\/21320b03a7e8bb90128938dafc9b908a","name":"Not\u00edcias em Destaque","url":"https:\/\/noticiasemdestaque.com\/cd\/?author=2"}]}},"jetpack_featured_media_url":"https:\/\/noticiasemdestaque.com\/cd\/wp-content\/uploads\/2023\/09\/DSC_0177-scaled.jpg","jetpack_sharing_enabled":true,"_links":{"self":[{"href":"https:\/\/noticiasemdestaque.com\/cd\/index.php?rest_route=\/wp\/v2\/posts\/51727","targetHints":{"allow":["GET"]}}],"collection":[{"href":"https:\/\/noticiasemdestaque.com\/cd\/index.php?rest_route=\/wp\/v2\/posts"}],"about":[{"href":"https:\/\/noticiasemdestaque.com\/cd\/index.php?rest_route=\/wp\/v2\/types\/post"}],"author":[{"embeddable":true,"href":"https:\/\/noticiasemdestaque.com\/cd\/index.php?rest_route=\/wp\/v2\/users\/2"}],"replies":[{"embeddable":true,"href":"https:\/\/noticiasemdestaque.com\/cd\/index.php?rest_route=%2Fwp%2Fv2%2Fcomments&post=51727"}],"version-history":[{"count":1,"href":"https:\/\/noticiasemdestaque.com\/cd\/index.php?rest_route=\/wp\/v2\/posts\/51727\/revisions"}],"predecessor-version":[{"id":51734,"href":"https:\/\/noticiasemdestaque.com\/cd\/index.php?rest_route=\/wp\/v2\/posts\/51727\/revisions\/51734"}],"wp:featuredmedia":[{"embeddable":true,"href":"https:\/\/noticiasemdestaque.com\/cd\/index.php?rest_route=\/wp\/v2\/media\/51730"}],"wp:attachment":[{"href":"https:\/\/noticiasemdestaque.com\/cd\/index.php?rest_route=%2Fwp%2Fv2%2Fmedia&parent=51727"}],"wp:term":[{"taxonomy":"category","embeddable":true,"href":"https:\/\/noticiasemdestaque.com\/cd\/index.php?rest_route=%2Fwp%2Fv2%2Fcategories&post=51727"},{"taxonomy":"post_tag","embeddable":true,"href":"https:\/\/noticiasemdestaque.com\/cd\/index.php?rest_route=%2Fwp%2Fv2%2Ftags&post=51727"}],"curies":[{"name":"wp","href":"https:\/\/api.w.org\/{rel}","templated":true}]}}