{"id":51613,"date":"2023-09-22T15:29:42","date_gmt":"2023-09-22T18:29:42","guid":{"rendered":"https:\/\/noticiasemdestaque.com\/cd\/?p=51613"},"modified":"2023-09-22T15:42:52","modified_gmt":"2023-09-22T18:42:52","slug":"manezinho-lourenco-recebe-convites-do-pl-e-psb-para-disputar-prefeitura-de-sume-em-2024","status":"publish","type":"post","link":"https:\/\/noticiasemdestaque.com\/cd\/?p=51613","title":{"rendered":"Manezinho Louren\u00e7o recebe convites do PL e PSB para disputar Prefeitura de Sum\u00e9 em 2024"},"content":{"rendered":"<p><a href=\"https:\/\/noticiasemdestaque.com\/cd\/wp-content\/uploads\/2023\/09\/27a3e973-a65f-4ebe-b4ee-e9f62954b658.webp\"><img fetchpriority=\"high\" decoding=\"async\" class=\"wp-image-51614 size-full aligncenter\" src=\"https:\/\/noticiasemdestaque.com\/cd\/wp-content\/uploads\/2023\/09\/27a3e973-a65f-4ebe-b4ee-e9f62954b658.webp\" alt=\"\" width=\"696\" height=\"522\" srcset=\"https:\/\/noticiasemdestaque.com\/cd\/wp-content\/uploads\/2023\/09\/27a3e973-a65f-4ebe-b4ee-e9f62954b658.webp 696w, https:\/\/noticiasemdestaque.com\/cd\/wp-content\/uploads\/2023\/09\/27a3e973-a65f-4ebe-b4ee-e9f62954b658-300x225.webp 300w, https:\/\/noticiasemdestaque.com\/cd\/wp-content\/uploads\/2023\/09\/27a3e973-a65f-4ebe-b4ee-e9f62954b658-16x12.webp 16w\" sizes=\"(max-width: 696px) 100vw, 696px\" \/><\/a><\/p>\n<p>O deputado estadual Caio Roberto, filho do deputado federal Wellington Roberto, realizou um evento com aliados nesta sexta-feira (22), em Jo\u00e3o Pessoa.<\/p>\n<p>Na oportunidade ele apresentou sua base de apoio em todo o estado e oficializou sua ades\u00e3o ao governador Jo\u00e3o Azev\u00eado (PSB).<\/p>\n<p><a href=\"https:\/\/noticiasemdestaque.com\/cd\/wp-content\/uploads\/2023\/09\/9e041ff9-17f5-429b-91af-7d1865b47044.jpeg\"><img decoding=\"async\" class=\"size-medium wp-image-51616 aligncenter\" src=\"https:\/\/noticiasemdestaque.com\/cd\/wp-content\/uploads\/2023\/09\/9e041ff9-17f5-429b-91af-7d1865b47044-225x300.jpeg\" alt=\"\" width=\"225\" height=\"300\" srcset=\"https:\/\/noticiasemdestaque.com\/cd\/wp-content\/uploads\/2023\/09\/9e041ff9-17f5-429b-91af-7d1865b47044-225x300.jpeg 225w, https:\/\/noticiasemdestaque.com\/cd\/wp-content\/uploads\/2023\/09\/9e041ff9-17f5-429b-91af-7d1865b47044-768x1024.jpeg 768w, https:\/\/noticiasemdestaque.com\/cd\/wp-content\/uploads\/2023\/09\/9e041ff9-17f5-429b-91af-7d1865b47044-1152x1536.jpeg 1152w, https:\/\/noticiasemdestaque.com\/cd\/wp-content\/uploads\/2023\/09\/9e041ff9-17f5-429b-91af-7d1865b47044-9x12.jpeg 9w, https:\/\/noticiasemdestaque.com\/cd\/wp-content\/uploads\/2023\/09\/9e041ff9-17f5-429b-91af-7d1865b47044.jpeg 1200w\" sizes=\"(max-width: 225px) 100vw, 225px\" \/><\/a><\/p>\n<p>O momento foi prestigiado pelo prefeito de Sum\u00e9, \u00c9den Duarte, vice-prefeito Manezinho Louren\u00e7o, pelos vereadores Daniel Lela e Dami\u00e3o Rildo, secret\u00e1rio de Cultura, Branco Xiliu, Fernando Louren\u00e7o, do empres\u00e1rio Arimat\u00e9ia Silva e demais representantes do munic\u00edpio.<\/p>\n<p>Durante o encontro, o governador Jo\u00e3o Azevedo, convidou Manezinho Louren\u00e7o para ser o candidato a prefeito do PSB em Sum\u00e9 nas elei\u00e7\u00f5es de 2024.<\/p>\n<p>No mesmo evento, Manezinho Louren\u00e7o recebeu, tamb\u00e9m, o convite do deputado Caio Roberto para ser o candidato a prefeito pelo PL. Ambos os partidos, PL e PSB, sair\u00e3o coligados em Sum\u00e9.<\/p>\n<p>Manezinho afirmou que ir\u00e1 analisar os convites e conjunturas para tomar a decis\u00e3o que possa contribuir com o fortalecimento do nosso grupo.<\/p>\n<p><a href=\"https:\/\/noticiasemdestaque.com\/cd\/wp-content\/uploads\/2023\/09\/99d3ee12-4085-4723-a28f-4b2f6f51d4dc.jpeg\"><img decoding=\"async\" class=\"alignnone size-medium wp-image-51623\" src=\"https:\/\/noticiasemdestaque.com\/cd\/wp-content\/uploads\/2023\/09\/99d3ee12-4085-4723-a28f-4b2f6f51d4dc-300x284.jpeg\" alt=\"\" width=\"300\" height=\"284\" srcset=\"https:\/\/noticiasemdestaque.com\/cd\/wp-content\/uploads\/2023\/09\/99d3ee12-4085-4723-a28f-4b2f6f51d4dc-300x284.jpeg 300w, https:\/\/noticiasemdestaque.com\/cd\/wp-content\/uploads\/2023\/09\/99d3ee12-4085-4723-a28f-4b2f6f51d4dc-13x12.jpeg 13w, https:\/\/noticiasemdestaque.com\/cd\/wp-content\/uploads\/2023\/09\/99d3ee12-4085-4723-a28f-4b2f6f51d4dc.jpeg 441w\" sizes=\"(max-width: 300px) 100vw, 300px\" \/><\/a><\/p>\n<p><strong><em>Not\u00edcias em Destaque<\/em><\/strong><\/p>\n","protected":false},"excerpt":{"rendered":"<p>O deputado estadual Caio Roberto, filho do deputado federal Wellington Roberto, realizou um evento com aliados nesta sexta-feira (22), em Jo\u00e3o Pessoa. Na oportunidade ele apresentou sua base de apoio em todo o estado e oficializou sua ades\u00e3o ao governador Jo\u00e3o Azev\u00eado (PSB). O momento foi prestigiado pelo prefeito de Sum\u00e9, \u00c9den Duarte, vice-prefeito Manezinho Louren\u00e7o, pelos vereadores Daniel Lela e Dami\u00e3o Rildo, secret\u00e1rio de Cultura, Branco Xiliu, Fernando Louren\u00e7o, do empres\u00e1rio Arimat\u00e9ia Silva e demais representantes do munic\u00edpio. Durante o encontro, o governador Jo\u00e3o Azevedo, convidou Manezinho Louren\u00e7o para ser o candidato a prefeito do PSB em Sum\u00e9 nas elei\u00e7\u00f5es de 2024. No mesmo evento, Manezinho Louren\u00e7o recebeu, tamb\u00e9m, o convite do deputado Caio Roberto para ser o candidato a prefeito pelo PL. Ambos os partidos, PL e PSB, sair\u00e3o coligados em Sum\u00e9. Manezinho afirmou que ir\u00e1 analisar os convites e conjunturas para tomar a decis\u00e3o que possa contribuir com o fortalecimento do nosso grupo. Not\u00edcias em Destaque<\/p>\n","protected":false},"author":2,"featured_media":51614,"comment_status":"closed","ping_status":"open","sticky":false,"template":"","format":"standard","meta":{"_eb_attr":"","_jetpack_memberships_contains_paid_content":false,"footnotes":""},"categories":[4],"tags":[],"class_list":["post-51613","post","type-post","status-publish","format-standard","has-post-thumbnail","hentry","category-politica"],"yoast_head":"<!-- This site is optimized with the Yoast SEO plugin v26.5 - https:\/\/yoast.com\/wordpress\/plugins\/seo\/ -->\n<title>Manezinho Louren\u00e7o recebe convites do PL e PSB para disputar Prefeitura de Sum\u00e9 em 2024 - Not&iacute;cias em Destaque<\/title>\n<meta name=\"robots\" content=\"index, follow, max-snippet:-1, max-image-preview:large, max-video-preview:-1\" \/>\n<link rel=\"canonical\" href=\"https:\/\/noticiasemdestaque.com\/cd\/?p=51613\" \/>\n<meta property=\"og:locale\" content=\"pt_BR\" \/>\n<meta property=\"og:type\" content=\"article\" \/>\n<meta property=\"og:title\" content=\"Manezinho Louren\u00e7o recebe convites do PL e PSB para disputar Prefeitura de Sum\u00e9 em 2024 - Not&iacute;cias em Destaque\" \/>\n<meta property=\"og:description\" content=\"O deputado estadual Caio Roberto, filho do deputado federal Wellington Roberto, realizou um evento com aliados nesta sexta-feira (22), em Jo\u00e3o Pessoa. Na oportunidade ele apresentou sua base de apoio em todo o estado e oficializou sua ades\u00e3o ao governador Jo\u00e3o Azev\u00eado (PSB). O momento foi prestigiado pelo prefeito de Sum\u00e9, \u00c9den Duarte, vice-prefeito Manezinho Louren\u00e7o, pelos vereadores Daniel Lela e Dami\u00e3o Rildo, secret\u00e1rio de Cultura, Branco Xiliu, Fernando Louren\u00e7o, do empres\u00e1rio Arimat\u00e9ia Silva e demais representantes do munic\u00edpio. Durante o encontro, o governador Jo\u00e3o Azevedo, convidou Manezinho Louren\u00e7o para ser o candidato a prefeito do PSB em Sum\u00e9 nas elei\u00e7\u00f5es de 2024. No mesmo evento, Manezinho Louren\u00e7o recebeu, tamb\u00e9m, o convite do deputado Caio Roberto para ser o candidato a prefeito pelo PL. Ambos os partidos, PL e PSB, sair\u00e3o coligados em Sum\u00e9. Manezinho afirmou que ir\u00e1 analisar os convites e conjunturas para tomar a decis\u00e3o que possa contribuir com o fortalecimento do nosso grupo. Not\u00edcias em Destaque\" \/>\n<meta property=\"og:url\" content=\"https:\/\/noticiasemdestaque.com\/cd\/?p=51613\" \/>\n<meta property=\"og:site_name\" content=\"Not&iacute;cias em Destaque\" \/>\n<meta property=\"article:published_time\" content=\"2023-09-22T18:29:42+00:00\" \/>\n<meta property=\"article:modified_time\" content=\"2023-09-22T18:42:52+00:00\" \/>\n<meta property=\"og:image\" content=\"https:\/\/noticiasemdestaque.com\/cd\/wp-content\/uploads\/2023\/09\/27a3e973-a65f-4ebe-b4ee-e9f62954b658.webp\" \/>\n\t<meta property=\"og:image:width\" content=\"696\" \/>\n\t<meta property=\"og:image:height\" content=\"522\" \/>\n\t<meta property=\"og:image:type\" content=\"image\/webp\" \/>\n<meta name=\"author\" content=\"Not\u00edcias em Destaque\" \/>\n<meta name=\"twitter:card\" content=\"summary_large_image\" \/>\n<meta name=\"twitter:label1\" content=\"Escrito por\" \/>\n\t<meta name=\"twitter:data1\" content=\"Not\u00edcias em Destaque\" \/>\n\t<meta name=\"twitter:label2\" content=\"Est. tempo de leitura\" \/>\n\t<meta name=\"twitter:data2\" content=\"2 minutos\" \/>\n<script type=\"application\/ld+json\" class=\"yoast-schema-graph\">{\"@context\":\"https:\/\/schema.org\",\"@graph\":[{\"@type\":\"Article\",\"@id\":\"https:\/\/noticiasemdestaque.com\/cd\/?p=51613#article\",\"isPartOf\":{\"@id\":\"https:\/\/noticiasemdestaque.com\/cd\/?p=51613\"},\"author\":{\"name\":\"Not\u00edcias em Destaque\",\"@id\":\"https:\/\/noticiasemdestaque.com\/cd\/#\/schema\/person\/21320b03a7e8bb90128938dafc9b908a\"},\"headline\":\"Manezinho Louren\u00e7o recebe convites do PL e PSB para disputar Prefeitura de Sum\u00e9 em 2024\",\"datePublished\":\"2023-09-22T18:29:42+00:00\",\"dateModified\":\"2023-09-22T18:42:52+00:00\",\"mainEntityOfPage\":{\"@id\":\"https:\/\/noticiasemdestaque.com\/cd\/?p=51613\"},\"wordCount\":191,\"publisher\":{\"@id\":\"https:\/\/noticiasemdestaque.com\/cd\/#organization\"},\"image\":{\"@id\":\"https:\/\/noticiasemdestaque.com\/cd\/?p=51613#primaryimage\"},\"thumbnailUrl\":\"https:\/\/noticiasemdestaque.com\/cd\/wp-content\/uploads\/2023\/09\/27a3e973-a65f-4ebe-b4ee-e9f62954b658.webp\",\"articleSection\":[\"Pol\u00edtica\"],\"inLanguage\":\"pt-BR\"},{\"@type\":\"WebPage\",\"@id\":\"https:\/\/noticiasemdestaque.com\/cd\/?p=51613\",\"url\":\"https:\/\/noticiasemdestaque.com\/cd\/?p=51613\",\"name\":\"Manezinho Louren\u00e7o recebe convites do PL e PSB para disputar Prefeitura de Sum\u00e9 em 2024 - Not&iacute;cias em Destaque\",\"isPartOf\":{\"@id\":\"https:\/\/noticiasemdestaque.com\/cd\/#website\"},\"primaryImageOfPage\":{\"@id\":\"https:\/\/noticiasemdestaque.com\/cd\/?p=51613#primaryimage\"},\"image\":{\"@id\":\"https:\/\/noticiasemdestaque.com\/cd\/?p=51613#primaryimage\"},\"thumbnailUrl\":\"https:\/\/noticiasemdestaque.com\/cd\/wp-content\/uploads\/2023\/09\/27a3e973-a65f-4ebe-b4ee-e9f62954b658.webp\",\"datePublished\":\"2023-09-22T18:29:42+00:00\",\"dateModified\":\"2023-09-22T18:42:52+00:00\",\"breadcrumb\":{\"@id\":\"https:\/\/noticiasemdestaque.com\/cd\/?p=51613#breadcrumb\"},\"inLanguage\":\"pt-BR\",\"potentialAction\":[{\"@type\":\"ReadAction\",\"target\":[\"https:\/\/noticiasemdestaque.com\/cd\/?p=51613\"]}]},{\"@type\":\"ImageObject\",\"inLanguage\":\"pt-BR\",\"@id\":\"https:\/\/noticiasemdestaque.com\/cd\/?p=51613#primaryimage\",\"url\":\"https:\/\/noticiasemdestaque.com\/cd\/wp-content\/uploads\/2023\/09\/27a3e973-a65f-4ebe-b4ee-e9f62954b658.webp\",\"contentUrl\":\"https:\/\/noticiasemdestaque.com\/cd\/wp-content\/uploads\/2023\/09\/27a3e973-a65f-4ebe-b4ee-e9f62954b658.webp\",\"width\":696,\"height\":522},{\"@type\":\"BreadcrumbList\",\"@id\":\"https:\/\/noticiasemdestaque.com\/cd\/?p=51613#breadcrumb\",\"itemListElement\":[{\"@type\":\"ListItem\",\"position\":1,\"name\":\"In\u00edcio\",\"item\":\"https:\/\/noticiasemdestaque.com\/cd\/\"},{\"@type\":\"ListItem\",\"position\":2,\"name\":\"Manezinho Louren\u00e7o recebe convites do PL e PSB para disputar Prefeitura de Sum\u00e9 em 2024\"}]},{\"@type\":\"WebSite\",\"@id\":\"https:\/\/noticiasemdestaque.com\/cd\/#website\",\"url\":\"https:\/\/noticiasemdestaque.com\/cd\/\",\"name\":\"Not&iacute;cias em Destaque\",\"description\":\"\",\"publisher\":{\"@id\":\"https:\/\/noticiasemdestaque.com\/cd\/#organization\"},\"potentialAction\":[{\"@type\":\"SearchAction\",\"target\":{\"@type\":\"EntryPoint\",\"urlTemplate\":\"https:\/\/noticiasemdestaque.com\/cd\/?s={search_term_string}\"},\"query-input\":{\"@type\":\"PropertyValueSpecification\",\"valueRequired\":true,\"valueName\":\"search_term_string\"}}],\"inLanguage\":\"pt-BR\"},{\"@type\":\"Organization\",\"@id\":\"https:\/\/noticiasemdestaque.com\/cd\/#organization\",\"name\":\"Not\u00edcias em Destaque\",\"url\":\"https:\/\/noticiasemdestaque.com\/cd\/\",\"logo\":{\"@type\":\"ImageObject\",\"inLanguage\":\"pt-BR\",\"@id\":\"https:\/\/noticiasemdestaque.com\/cd\/#\/schema\/logo\/image\/\",\"url\":\"https:\/\/noticiasemdestaque.com\/cd\/wp-content\/uploads\/2022\/05\/imagem-base-noticiasemdestaque.png\",\"contentUrl\":\"https:\/\/noticiasemdestaque.com\/cd\/wp-content\/uploads\/2022\/05\/imagem-base-noticiasemdestaque.png\",\"width\":1200,\"height\":630,\"caption\":\"Not\u00edcias em Destaque\"},\"image\":{\"@id\":\"https:\/\/noticiasemdestaque.com\/cd\/#\/schema\/logo\/image\/\"}},{\"@type\":\"Person\",\"@id\":\"https:\/\/noticiasemdestaque.com\/cd\/#\/schema\/person\/21320b03a7e8bb90128938dafc9b908a\",\"name\":\"Not\u00edcias em Destaque\",\"url\":\"https:\/\/noticiasemdestaque.com\/cd\/?author=2\"}]}<\/script>\n<!-- \/ Yoast SEO plugin. -->","yoast_head_json":{"title":"Manezinho Louren\u00e7o recebe convites do PL e PSB para disputar Prefeitura de Sum\u00e9 em 2024 - Not&iacute;cias em Destaque","robots":{"index":"index","follow":"follow","max-snippet":"max-snippet:-1","max-image-preview":"max-image-preview:large","max-video-preview":"max-video-preview:-1"},"canonical":"https:\/\/noticiasemdestaque.com\/cd\/?p=51613","og_locale":"pt_BR","og_type":"article","og_title":"Manezinho Louren\u00e7o recebe convites do PL e PSB para disputar Prefeitura de Sum\u00e9 em 2024 - Not&iacute;cias em Destaque","og_description":"O deputado estadual Caio Roberto, filho do deputado federal Wellington Roberto, realizou um evento com aliados nesta sexta-feira (22), em Jo\u00e3o Pessoa. Na oportunidade ele apresentou sua base de apoio em todo o estado e oficializou sua ades\u00e3o ao governador Jo\u00e3o Azev\u00eado (PSB). O momento foi prestigiado pelo prefeito de Sum\u00e9, \u00c9den Duarte, vice-prefeito Manezinho Louren\u00e7o, pelos vereadores Daniel Lela e Dami\u00e3o Rildo, secret\u00e1rio de Cultura, Branco Xiliu, Fernando Louren\u00e7o, do empres\u00e1rio Arimat\u00e9ia Silva e demais representantes do munic\u00edpio. Durante o encontro, o governador Jo\u00e3o Azevedo, convidou Manezinho Louren\u00e7o para ser o candidato a prefeito do PSB em Sum\u00e9 nas elei\u00e7\u00f5es de 2024. No mesmo evento, Manezinho Louren\u00e7o recebeu, tamb\u00e9m, o convite do deputado Caio Roberto para ser o candidato a prefeito pelo PL. Ambos os partidos, PL e PSB, sair\u00e3o coligados em Sum\u00e9. Manezinho afirmou que ir\u00e1 analisar os convites e conjunturas para tomar a decis\u00e3o que possa contribuir com o fortalecimento do nosso grupo. Not\u00edcias em Destaque","og_url":"https:\/\/noticiasemdestaque.com\/cd\/?p=51613","og_site_name":"Not&iacute;cias em Destaque","article_published_time":"2023-09-22T18:29:42+00:00","article_modified_time":"2023-09-22T18:42:52+00:00","og_image":[{"width":696,"height":522,"url":"https:\/\/noticiasemdestaque.com\/cd\/wp-content\/uploads\/2023\/09\/27a3e973-a65f-4ebe-b4ee-e9f62954b658.webp","type":"image\/webp"}],"author":"Not\u00edcias em Destaque","twitter_card":"summary_large_image","twitter_misc":{"Escrito por":"Not\u00edcias em Destaque","Est. tempo de leitura":"2 minutos"},"schema":{"@context":"https:\/\/schema.org","@graph":[{"@type":"Article","@id":"https:\/\/noticiasemdestaque.com\/cd\/?p=51613#article","isPartOf":{"@id":"https:\/\/noticiasemdestaque.com\/cd\/?p=51613"},"author":{"name":"Not\u00edcias em Destaque","@id":"https:\/\/noticiasemdestaque.com\/cd\/#\/schema\/person\/21320b03a7e8bb90128938dafc9b908a"},"headline":"Manezinho Louren\u00e7o recebe convites do PL e PSB para disputar Prefeitura de Sum\u00e9 em 2024","datePublished":"2023-09-22T18:29:42+00:00","dateModified":"2023-09-22T18:42:52+00:00","mainEntityOfPage":{"@id":"https:\/\/noticiasemdestaque.com\/cd\/?p=51613"},"wordCount":191,"publisher":{"@id":"https:\/\/noticiasemdestaque.com\/cd\/#organization"},"image":{"@id":"https:\/\/noticiasemdestaque.com\/cd\/?p=51613#primaryimage"},"thumbnailUrl":"https:\/\/noticiasemdestaque.com\/cd\/wp-content\/uploads\/2023\/09\/27a3e973-a65f-4ebe-b4ee-e9f62954b658.webp","articleSection":["Pol\u00edtica"],"inLanguage":"pt-BR"},{"@type":"WebPage","@id":"https:\/\/noticiasemdestaque.com\/cd\/?p=51613","url":"https:\/\/noticiasemdestaque.com\/cd\/?p=51613","name":"Manezinho Louren\u00e7o recebe convites do PL e PSB para disputar Prefeitura de Sum\u00e9 em 2024 - Not&iacute;cias em Destaque","isPartOf":{"@id":"https:\/\/noticiasemdestaque.com\/cd\/#website"},"primaryImageOfPage":{"@id":"https:\/\/noticiasemdestaque.com\/cd\/?p=51613#primaryimage"},"image":{"@id":"https:\/\/noticiasemdestaque.com\/cd\/?p=51613#primaryimage"},"thumbnailUrl":"https:\/\/noticiasemdestaque.com\/cd\/wp-content\/uploads\/2023\/09\/27a3e973-a65f-4ebe-b4ee-e9f62954b658.webp","datePublished":"2023-09-22T18:29:42+00:00","dateModified":"2023-09-22T18:42:52+00:00","breadcrumb":{"@id":"https:\/\/noticiasemdestaque.com\/cd\/?p=51613#breadcrumb"},"inLanguage":"pt-BR","potentialAction":[{"@type":"ReadAction","target":["https:\/\/noticiasemdestaque.com\/cd\/?p=51613"]}]},{"@type":"ImageObject","inLanguage":"pt-BR","@id":"https:\/\/noticiasemdestaque.com\/cd\/?p=51613#primaryimage","url":"https:\/\/noticiasemdestaque.com\/cd\/wp-content\/uploads\/2023\/09\/27a3e973-a65f-4ebe-b4ee-e9f62954b658.webp","contentUrl":"https:\/\/noticiasemdestaque.com\/cd\/wp-content\/uploads\/2023\/09\/27a3e973-a65f-4ebe-b4ee-e9f62954b658.webp","width":696,"height":522},{"@type":"BreadcrumbList","@id":"https:\/\/noticiasemdestaque.com\/cd\/?p=51613#breadcrumb","itemListElement":[{"@type":"ListItem","position":1,"name":"In\u00edcio","item":"https:\/\/noticiasemdestaque.com\/cd\/"},{"@type":"ListItem","position":2,"name":"Manezinho Louren\u00e7o recebe convites do PL e PSB para disputar Prefeitura de Sum\u00e9 em 2024"}]},{"@type":"WebSite","@id":"https:\/\/noticiasemdestaque.com\/cd\/#website","url":"https:\/\/noticiasemdestaque.com\/cd\/","name":"Not&iacute;cias em Destaque","description":"","publisher":{"@id":"https:\/\/noticiasemdestaque.com\/cd\/#organization"},"potentialAction":[{"@type":"SearchAction","target":{"@type":"EntryPoint","urlTemplate":"https:\/\/noticiasemdestaque.com\/cd\/?s={search_term_string}"},"query-input":{"@type":"PropertyValueSpecification","valueRequired":true,"valueName":"search_term_string"}}],"inLanguage":"pt-BR"},{"@type":"Organization","@id":"https:\/\/noticiasemdestaque.com\/cd\/#organization","name":"Not\u00edcias em Destaque","url":"https:\/\/noticiasemdestaque.com\/cd\/","logo":{"@type":"ImageObject","inLanguage":"pt-BR","@id":"https:\/\/noticiasemdestaque.com\/cd\/#\/schema\/logo\/image\/","url":"https:\/\/noticiasemdestaque.com\/cd\/wp-content\/uploads\/2022\/05\/imagem-base-noticiasemdestaque.png","contentUrl":"https:\/\/noticiasemdestaque.com\/cd\/wp-content\/uploads\/2022\/05\/imagem-base-noticiasemdestaque.png","width":1200,"height":630,"caption":"Not\u00edcias em Destaque"},"image":{"@id":"https:\/\/noticiasemdestaque.com\/cd\/#\/schema\/logo\/image\/"}},{"@type":"Person","@id":"https:\/\/noticiasemdestaque.com\/cd\/#\/schema\/person\/21320b03a7e8bb90128938dafc9b908a","name":"Not\u00edcias em Destaque","url":"https:\/\/noticiasemdestaque.com\/cd\/?author=2"}]}},"jetpack_featured_media_url":"https:\/\/noticiasemdestaque.com\/cd\/wp-content\/uploads\/2023\/09\/27a3e973-a65f-4ebe-b4ee-e9f62954b658.webp","jetpack_sharing_enabled":true,"_links":{"self":[{"href":"https:\/\/noticiasemdestaque.com\/cd\/index.php?rest_route=\/wp\/v2\/posts\/51613","targetHints":{"allow":["GET"]}}],"collection":[{"href":"https:\/\/noticiasemdestaque.com\/cd\/index.php?rest_route=\/wp\/v2\/posts"}],"about":[{"href":"https:\/\/noticiasemdestaque.com\/cd\/index.php?rest_route=\/wp\/v2\/types\/post"}],"author":[{"embeddable":true,"href":"https:\/\/noticiasemdestaque.com\/cd\/index.php?rest_route=\/wp\/v2\/users\/2"}],"replies":[{"embeddable":true,"href":"https:\/\/noticiasemdestaque.com\/cd\/index.php?rest_route=%2Fwp%2Fv2%2Fcomments&post=51613"}],"version-history":[{"count":8,"href":"https:\/\/noticiasemdestaque.com\/cd\/index.php?rest_route=\/wp\/v2\/posts\/51613\/revisions"}],"predecessor-version":[{"id":51624,"href":"https:\/\/noticiasemdestaque.com\/cd\/index.php?rest_route=\/wp\/v2\/posts\/51613\/revisions\/51624"}],"wp:featuredmedia":[{"embeddable":true,"href":"https:\/\/noticiasemdestaque.com\/cd\/index.php?rest_route=\/wp\/v2\/media\/51614"}],"wp:attachment":[{"href":"https:\/\/noticiasemdestaque.com\/cd\/index.php?rest_route=%2Fwp%2Fv2%2Fmedia&parent=51613"}],"wp:term":[{"taxonomy":"category","embeddable":true,"href":"https:\/\/noticiasemdestaque.com\/cd\/index.php?rest_route=%2Fwp%2Fv2%2Fcategories&post=51613"},{"taxonomy":"post_tag","embeddable":true,"href":"https:\/\/noticiasemdestaque.com\/cd\/index.php?rest_route=%2Fwp%2Fv2%2Ftags&post=51613"}],"curies":[{"name":"wp","href":"https:\/\/api.w.org\/{rel}","templated":true}]}}