{"id":51578,"date":"2023-09-20T21:00:34","date_gmt":"2023-09-21T00:00:34","guid":{"rendered":"https:\/\/noticiasemdestaque.com\/cd\/?p=51578"},"modified":"2023-09-20T21:00:59","modified_gmt":"2023-09-21T00:00:59","slug":"eden-duarte-mantem-ritmo-acelerado-de-trabalho","status":"publish","type":"post","link":"https:\/\/noticiasemdestaque.com\/cd\/?p=51578","title":{"rendered":"\u00c9den Duarte mant\u00e9m ritmo acelerado de trabalho\u00a0"},"content":{"rendered":"<p><a href=\"https:\/\/noticiasemdestaque.com\/cd\/wp-content\/uploads\/2023\/09\/WhatsApp-Image-2023-09-20-at-20.29.41-1.jpeg\"><img fetchpriority=\"high\" decoding=\"async\" class=\" wp-image-51580 aligncenter\" src=\"https:\/\/noticiasemdestaque.com\/cd\/wp-content\/uploads\/2023\/09\/WhatsApp-Image-2023-09-20-at-20.29.41-1-300x230.jpeg\" alt=\"\" width=\"771\" height=\"591\" srcset=\"https:\/\/noticiasemdestaque.com\/cd\/wp-content\/uploads\/2023\/09\/WhatsApp-Image-2023-09-20-at-20.29.41-1-300x230.jpeg 300w, https:\/\/noticiasemdestaque.com\/cd\/wp-content\/uploads\/2023\/09\/WhatsApp-Image-2023-09-20-at-20.29.41-1-768x588.jpeg 768w, https:\/\/noticiasemdestaque.com\/cd\/wp-content\/uploads\/2023\/09\/WhatsApp-Image-2023-09-20-at-20.29.41-1-16x12.jpeg 16w, https:\/\/noticiasemdestaque.com\/cd\/wp-content\/uploads\/2023\/09\/WhatsApp-Image-2023-09-20-at-20.29.41-1.jpeg 774w\" sizes=\"(max-width: 771px) 100vw, 771px\" \/><\/a><\/p>\n<p><span data-contrast=\"auto\">O prefeito de Sum\u00e9 \u00c9den Duarte esteve participando, ao lado do Gerente da 5\u00aa Regional de Educa\u00e7\u00e3o, Ary Prata, da diretora Edilza Oliveira, dos alunos e professores, da entrega dos novos computadores para compor o laborat\u00f3rio de inform\u00e1tica da Escola Cidad\u00e3 T\u00e9cnica Integral Professor Jos\u00e9 Gon\u00e7alves de Queiroz,<\/span><span data-ccp-props=\"{&quot;134233117&quot;:true,&quot;134233118&quot;:true,&quot;134233279&quot;:true,&quot;201341983&quot;:0,&quot;335551550&quot;:6,&quot;335551620&quot;:6,&quot;335559740&quot;:240}\">\u00a0<\/span><\/p>\n<blockquote><p><span data-contrast=\"auto\">\u201c\u00c9 sempre um prazer voltar \u00e0 escola que estudei, e principalmente poder ajudar no seu crescimento. Quero ratificar o compromisso do nosso governador Jo\u00e3o Azev\u00eado, que j\u00e1 garantiu os recursos para a reforma do pr\u00e9dio da escola\u201d, disse \u00c9den.<\/span><span data-ccp-props=\"{&quot;134233117&quot;:true,&quot;134233118&quot;:true,&quot;134233279&quot;:true,&quot;201341983&quot;:0,&quot;335551550&quot;:6,&quot;335551620&quot;:6,&quot;335559740&quot;:240}\">\u00a0<\/span><\/p><\/blockquote>\n<p><span data-contrast=\"auto\">Esteve na capital Jo\u00e3o Pessoa acompanhado pelos vereadores Daniel L\u00eala (Presidente) e Crist\u00f3v\u00e3o J\u00fanior, onde, em despachos com o presidente da Cagepa, Marcus Vinicius, garantiu a reforma do escrit\u00f3rio da Cagepa de Sum\u00e9\u00a0 e da caixa d&#8217;\u00e1gua do Conjunto Habitacional, pr\u00f3ximo ao Abrigo de Idosos, al\u00e9m da reabertura do posto de atendimento da Cagepa na Casa da Cidadania, localizada no Sum\u00e9 Shopping e da continuidade das extens\u00f5es de rede, bem como a viabilidade t\u00e9cnica para constru\u00e7\u00e3o da adutora do s\u00edtio Jurema.\u00a0<\/span><span data-ccp-props=\"{&quot;134233117&quot;:true,&quot;134233118&quot;:true,&quot;134233279&quot;:true,&quot;201341983&quot;:0,&quot;335551550&quot;:6,&quot;335551620&quot;:6,&quot;335559740&quot;:240}\">\u00a0<\/span><\/p>\n<p><span data-contrast=\"auto\">Como Presidente do CISCO e acompanhado do prefeito de Serra Branca Souzinha, reuniu-se com o secret\u00e1rio de Sa\u00fade do Estado e solicitou o retorno dos servidores do estado, cedidos aos hospitais mantidos pelo munic\u00edpio. Serra Branca e Sum\u00e9 j\u00e1 conseguiram essa devolu\u00e7\u00e3o.<\/span><span data-ccp-props=\"{&quot;134233117&quot;:false,&quot;134233118&quot;:false,&quot;134233279&quot;:true,&quot;201341983&quot;:0,&quot;335551550&quot;:6,&quot;335551620&quot;:6,&quot;335559738&quot;:0,&quot;335559739&quot;:0,&quot;335559740&quot;:240}\">\u00a0<\/span><\/p>\n<p><span data-contrast=\"auto\">No fim de semana, entregou a comunidade as pavimenta\u00e7\u00f5es com cal\u00e7adas, rampas de acessibilidade e sinaliza\u00e7\u00e3o das ruas: Silv\u00e9rio Iz\u00eddio da Cruz, Severino Jos\u00e9 de Oliveira e Ant\u00f4nio Sabi\u00e1, nos bairros Renascer e Santa Rosa. Ao todo foram: 2.964 metros quadrados de cal\u00e7amento, 1.000 metros quadrados de cal\u00e7adas e 44 metros de meio-fio em um investimento de R$ 204 mil, fruto de emendas do deputado federal Wellington Roberto, somados \u00e0 contrapartida da prefeitura de Sum\u00e9.<\/span><span data-ccp-props=\"{&quot;134233117&quot;:false,&quot;134233118&quot;:false,&quot;134233279&quot;:true,&quot;201341983&quot;:0,&quot;335551550&quot;:6,&quot;335551620&quot;:6,&quot;335559738&quot;:0,&quot;335559739&quot;:0,&quot;335559740&quot;:240}\">\u00a0<\/span><\/p>\n<p><span data-contrast=\"auto\">Ainda no fim de semana, acompanhou as das Secretarias de Obras e Servi\u00e7os Urbanos e Agricultura e Meio Ambiente na melhoria das estradas vicinais das comunidades de Jurema, Agreste e regi\u00e3o.<\/span><\/p>\n<p><strong>Noticias em Destaque<\/strong><\/p>\n","protected":false},"excerpt":{"rendered":"<p>O prefeito de Sum\u00e9 \u00c9den Duarte esteve participando, ao lado do Gerente da 5\u00aa Regional de Educa\u00e7\u00e3o, Ary Prata, da diretora Edilza Oliveira, dos alunos e professores, da entrega dos novos computadores para compor o laborat\u00f3rio de inform\u00e1tica da Escola Cidad\u00e3 T\u00e9cnica Integral Professor Jos\u00e9 Gon\u00e7alves de Queiroz,\u00a0 \u201c\u00c9 sempre um prazer voltar \u00e0 escola que estudei, e principalmente poder ajudar no seu crescimento. Quero ratificar o compromisso do nosso governador Jo\u00e3o Azev\u00eado, que j\u00e1 garantiu os recursos para a reforma do pr\u00e9dio da escola\u201d, disse \u00c9den.\u00a0 Esteve na capital Jo\u00e3o Pessoa acompanhado pelos vereadores Daniel L\u00eala (Presidente) e Crist\u00f3v\u00e3o J\u00fanior, onde, em despachos com o presidente da Cagepa, Marcus Vinicius, garantiu a reforma do escrit\u00f3rio da Cagepa de Sum\u00e9\u00a0 e da caixa d&#8217;\u00e1gua do Conjunto Habitacional, pr\u00f3ximo ao Abrigo de Idosos, al\u00e9m da reabertura do posto de atendimento da Cagepa na Casa da Cidadania, localizada no Sum\u00e9 Shopping e da continuidade das extens\u00f5es de rede, bem como a viabilidade t\u00e9cnica para constru\u00e7\u00e3o da adutora do s\u00edtio Jurema.\u00a0\u00a0 Como Presidente do CISCO e acompanhado do prefeito de Serra Branca Souzinha, reuniu-se com o secret\u00e1rio de Sa\u00fade do Estado e solicitou o retorno dos servidores do estado, cedidos aos hospitais mantidos pelo munic\u00edpio. Serra Branca e Sum\u00e9 j\u00e1 conseguiram essa devolu\u00e7\u00e3o.\u00a0 No fim de semana, entregou a comunidade as pavimenta\u00e7\u00f5es com cal\u00e7adas, rampas de acessibilidade e sinaliza\u00e7\u00e3o das ruas: Silv\u00e9rio Iz\u00eddio da Cruz, Severino Jos\u00e9 de Oliveira e Ant\u00f4nio Sabi\u00e1, nos bairros Renascer e Santa Rosa. Ao todo foram: 2.964 metros quadrados de cal\u00e7amento, 1.000 metros quadrados de cal\u00e7adas e 44 metros de meio-fio em um investimento de R$ 204 mil, fruto de emendas do deputado federal Wellington Roberto, somados \u00e0 contrapartida da prefeitura de Sum\u00e9.\u00a0 Ainda no fim de semana, acompanhou as das Secretarias de Obras e Servi\u00e7os Urbanos e Agricultura e Meio Ambiente na melhoria das estradas vicinais das comunidades de Jurema, Agreste e regi\u00e3o. Noticias em Destaque<\/p>\n","protected":false},"author":2,"featured_media":51580,"comment_status":"closed","ping_status":"open","sticky":false,"template":"","format":"standard","meta":{"_eb_attr":"","_jetpack_memberships_contains_paid_content":false,"footnotes":""},"categories":[4],"tags":[],"class_list":["post-51578","post","type-post","status-publish","format-standard","has-post-thumbnail","hentry","category-politica"],"yoast_head":"<!-- This site is optimized with the Yoast SEO plugin v26.5 - https:\/\/yoast.com\/wordpress\/plugins\/seo\/ -->\n<title>\u00c9den Duarte mant\u00e9m ritmo acelerado de trabalho\u00a0 - Not&iacute;cias em Destaque<\/title>\n<meta name=\"robots\" content=\"index, follow, max-snippet:-1, max-image-preview:large, max-video-preview:-1\" \/>\n<link rel=\"canonical\" href=\"https:\/\/noticiasemdestaque.com\/cd\/?p=51578\" \/>\n<meta property=\"og:locale\" content=\"pt_BR\" \/>\n<meta property=\"og:type\" content=\"article\" \/>\n<meta property=\"og:title\" content=\"\u00c9den Duarte mant\u00e9m ritmo acelerado de trabalho\u00a0 - Not&iacute;cias em Destaque\" \/>\n<meta property=\"og:description\" content=\"O prefeito de Sum\u00e9 \u00c9den Duarte esteve participando, ao lado do Gerente da 5\u00aa Regional de Educa\u00e7\u00e3o, Ary Prata, da diretora Edilza Oliveira, dos alunos e professores, da entrega dos novos computadores para compor o laborat\u00f3rio de inform\u00e1tica da Escola Cidad\u00e3 T\u00e9cnica Integral Professor Jos\u00e9 Gon\u00e7alves de Queiroz,\u00a0 \u201c\u00c9 sempre um prazer voltar \u00e0 escola que estudei, e principalmente poder ajudar no seu crescimento. Quero ratificar o compromisso do nosso governador Jo\u00e3o Azev\u00eado, que j\u00e1 garantiu os recursos para a reforma do pr\u00e9dio da escola\u201d, disse \u00c9den.\u00a0 Esteve na capital Jo\u00e3o Pessoa acompanhado pelos vereadores Daniel L\u00eala (Presidente) e Crist\u00f3v\u00e3o J\u00fanior, onde, em despachos com o presidente da Cagepa, Marcus Vinicius, garantiu a reforma do escrit\u00f3rio da Cagepa de Sum\u00e9\u00a0 e da caixa d&#8217;\u00e1gua do Conjunto Habitacional, pr\u00f3ximo ao Abrigo de Idosos, al\u00e9m da reabertura do posto de atendimento da Cagepa na Casa da Cidadania, localizada no Sum\u00e9 Shopping e da continuidade das extens\u00f5es de rede, bem como a viabilidade t\u00e9cnica para constru\u00e7\u00e3o da adutora do s\u00edtio Jurema.\u00a0\u00a0 Como Presidente do CISCO e acompanhado do prefeito de Serra Branca Souzinha, reuniu-se com o secret\u00e1rio de Sa\u00fade do Estado e solicitou o retorno dos servidores do estado, cedidos aos hospitais mantidos pelo munic\u00edpio. Serra Branca e Sum\u00e9 j\u00e1 conseguiram essa devolu\u00e7\u00e3o.\u00a0 No fim de semana, entregou a comunidade as pavimenta\u00e7\u00f5es com cal\u00e7adas, rampas de acessibilidade e sinaliza\u00e7\u00e3o das ruas: Silv\u00e9rio Iz\u00eddio da Cruz, Severino Jos\u00e9 de Oliveira e Ant\u00f4nio Sabi\u00e1, nos bairros Renascer e Santa Rosa. Ao todo foram: 2.964 metros quadrados de cal\u00e7amento, 1.000 metros quadrados de cal\u00e7adas e 44 metros de meio-fio em um investimento de R$ 204 mil, fruto de emendas do deputado federal Wellington Roberto, somados \u00e0 contrapartida da prefeitura de Sum\u00e9.\u00a0 Ainda no fim de semana, acompanhou as das Secretarias de Obras e Servi\u00e7os Urbanos e Agricultura e Meio Ambiente na melhoria das estradas vicinais das comunidades de Jurema, Agreste e regi\u00e3o. Noticias em Destaque\" \/>\n<meta property=\"og:url\" content=\"https:\/\/noticiasemdestaque.com\/cd\/?p=51578\" \/>\n<meta property=\"og:site_name\" content=\"Not&iacute;cias em Destaque\" \/>\n<meta property=\"article:published_time\" content=\"2023-09-21T00:00:34+00:00\" \/>\n<meta property=\"article:modified_time\" content=\"2023-09-21T00:00:59+00:00\" \/>\n<meta property=\"og:image\" content=\"https:\/\/noticiasemdestaque.com\/cd\/wp-content\/uploads\/2023\/09\/WhatsApp-Image-2023-09-20-at-20.29.41-1.jpeg\" \/>\n\t<meta property=\"og:image:width\" content=\"774\" \/>\n\t<meta property=\"og:image:height\" content=\"593\" \/>\n\t<meta property=\"og:image:type\" content=\"image\/jpeg\" \/>\n<meta name=\"author\" content=\"Not\u00edcias em Destaque\" \/>\n<meta name=\"twitter:card\" content=\"summary_large_image\" \/>\n<meta name=\"twitter:label1\" content=\"Escrito por\" \/>\n\t<meta name=\"twitter:data1\" content=\"Not\u00edcias em Destaque\" \/>\n\t<meta name=\"twitter:label2\" content=\"Est. tempo de leitura\" \/>\n\t<meta name=\"twitter:data2\" content=\"2 minutos\" \/>\n<script type=\"application\/ld+json\" class=\"yoast-schema-graph\">{\"@context\":\"https:\/\/schema.org\",\"@graph\":[{\"@type\":\"Article\",\"@id\":\"https:\/\/noticiasemdestaque.com\/cd\/?p=51578#article\",\"isPartOf\":{\"@id\":\"https:\/\/noticiasemdestaque.com\/cd\/?p=51578\"},\"author\":{\"name\":\"Not\u00edcias em Destaque\",\"@id\":\"https:\/\/noticiasemdestaque.com\/cd\/#\/schema\/person\/21320b03a7e8bb90128938dafc9b908a\"},\"headline\":\"\u00c9den Duarte mant\u00e9m ritmo acelerado de trabalho\u00a0\",\"datePublished\":\"2023-09-21T00:00:34+00:00\",\"dateModified\":\"2023-09-21T00:00:59+00:00\",\"mainEntityOfPage\":{\"@id\":\"https:\/\/noticiasemdestaque.com\/cd\/?p=51578\"},\"wordCount\":354,\"publisher\":{\"@id\":\"https:\/\/noticiasemdestaque.com\/cd\/#organization\"},\"image\":{\"@id\":\"https:\/\/noticiasemdestaque.com\/cd\/?p=51578#primaryimage\"},\"thumbnailUrl\":\"https:\/\/noticiasemdestaque.com\/cd\/wp-content\/uploads\/2023\/09\/WhatsApp-Image-2023-09-20-at-20.29.41-1.jpeg\",\"articleSection\":[\"Pol\u00edtica\"],\"inLanguage\":\"pt-BR\"},{\"@type\":\"WebPage\",\"@id\":\"https:\/\/noticiasemdestaque.com\/cd\/?p=51578\",\"url\":\"https:\/\/noticiasemdestaque.com\/cd\/?p=51578\",\"name\":\"\u00c9den Duarte mant\u00e9m ritmo acelerado de trabalho\u00a0 - Not&iacute;cias em Destaque\",\"isPartOf\":{\"@id\":\"https:\/\/noticiasemdestaque.com\/cd\/#website\"},\"primaryImageOfPage\":{\"@id\":\"https:\/\/noticiasemdestaque.com\/cd\/?p=51578#primaryimage\"},\"image\":{\"@id\":\"https:\/\/noticiasemdestaque.com\/cd\/?p=51578#primaryimage\"},\"thumbnailUrl\":\"https:\/\/noticiasemdestaque.com\/cd\/wp-content\/uploads\/2023\/09\/WhatsApp-Image-2023-09-20-at-20.29.41-1.jpeg\",\"datePublished\":\"2023-09-21T00:00:34+00:00\",\"dateModified\":\"2023-09-21T00:00:59+00:00\",\"breadcrumb\":{\"@id\":\"https:\/\/noticiasemdestaque.com\/cd\/?p=51578#breadcrumb\"},\"inLanguage\":\"pt-BR\",\"potentialAction\":[{\"@type\":\"ReadAction\",\"target\":[\"https:\/\/noticiasemdestaque.com\/cd\/?p=51578\"]}]},{\"@type\":\"ImageObject\",\"inLanguage\":\"pt-BR\",\"@id\":\"https:\/\/noticiasemdestaque.com\/cd\/?p=51578#primaryimage\",\"url\":\"https:\/\/noticiasemdestaque.com\/cd\/wp-content\/uploads\/2023\/09\/WhatsApp-Image-2023-09-20-at-20.29.41-1.jpeg\",\"contentUrl\":\"https:\/\/noticiasemdestaque.com\/cd\/wp-content\/uploads\/2023\/09\/WhatsApp-Image-2023-09-20-at-20.29.41-1.jpeg\",\"width\":774,\"height\":593},{\"@type\":\"BreadcrumbList\",\"@id\":\"https:\/\/noticiasemdestaque.com\/cd\/?p=51578#breadcrumb\",\"itemListElement\":[{\"@type\":\"ListItem\",\"position\":1,\"name\":\"In\u00edcio\",\"item\":\"https:\/\/noticiasemdestaque.com\/cd\/\"},{\"@type\":\"ListItem\",\"position\":2,\"name\":\"\u00c9den Duarte mant\u00e9m ritmo acelerado de trabalho\u00a0\"}]},{\"@type\":\"WebSite\",\"@id\":\"https:\/\/noticiasemdestaque.com\/cd\/#website\",\"url\":\"https:\/\/noticiasemdestaque.com\/cd\/\",\"name\":\"Not&iacute;cias em Destaque\",\"description\":\"\",\"publisher\":{\"@id\":\"https:\/\/noticiasemdestaque.com\/cd\/#organization\"},\"potentialAction\":[{\"@type\":\"SearchAction\",\"target\":{\"@type\":\"EntryPoint\",\"urlTemplate\":\"https:\/\/noticiasemdestaque.com\/cd\/?s={search_term_string}\"},\"query-input\":{\"@type\":\"PropertyValueSpecification\",\"valueRequired\":true,\"valueName\":\"search_term_string\"}}],\"inLanguage\":\"pt-BR\"},{\"@type\":\"Organization\",\"@id\":\"https:\/\/noticiasemdestaque.com\/cd\/#organization\",\"name\":\"Not\u00edcias em Destaque\",\"url\":\"https:\/\/noticiasemdestaque.com\/cd\/\",\"logo\":{\"@type\":\"ImageObject\",\"inLanguage\":\"pt-BR\",\"@id\":\"https:\/\/noticiasemdestaque.com\/cd\/#\/schema\/logo\/image\/\",\"url\":\"https:\/\/noticiasemdestaque.com\/cd\/wp-content\/uploads\/2022\/05\/imagem-base-noticiasemdestaque.png\",\"contentUrl\":\"https:\/\/noticiasemdestaque.com\/cd\/wp-content\/uploads\/2022\/05\/imagem-base-noticiasemdestaque.png\",\"width\":1200,\"height\":630,\"caption\":\"Not\u00edcias em Destaque\"},\"image\":{\"@id\":\"https:\/\/noticiasemdestaque.com\/cd\/#\/schema\/logo\/image\/\"}},{\"@type\":\"Person\",\"@id\":\"https:\/\/noticiasemdestaque.com\/cd\/#\/schema\/person\/21320b03a7e8bb90128938dafc9b908a\",\"name\":\"Not\u00edcias em Destaque\",\"url\":\"https:\/\/noticiasemdestaque.com\/cd\/?author=2\"}]}<\/script>\n<!-- \/ Yoast SEO plugin. -->","yoast_head_json":{"title":"\u00c9den Duarte mant\u00e9m ritmo acelerado de trabalho\u00a0 - Not&iacute;cias em Destaque","robots":{"index":"index","follow":"follow","max-snippet":"max-snippet:-1","max-image-preview":"max-image-preview:large","max-video-preview":"max-video-preview:-1"},"canonical":"https:\/\/noticiasemdestaque.com\/cd\/?p=51578","og_locale":"pt_BR","og_type":"article","og_title":"\u00c9den Duarte mant\u00e9m ritmo acelerado de trabalho\u00a0 - Not&iacute;cias em Destaque","og_description":"O prefeito de Sum\u00e9 \u00c9den Duarte esteve participando, ao lado do Gerente da 5\u00aa Regional de Educa\u00e7\u00e3o, Ary Prata, da diretora Edilza Oliveira, dos alunos e professores, da entrega dos novos computadores para compor o laborat\u00f3rio de inform\u00e1tica da Escola Cidad\u00e3 T\u00e9cnica Integral Professor Jos\u00e9 Gon\u00e7alves de Queiroz,\u00a0 \u201c\u00c9 sempre um prazer voltar \u00e0 escola que estudei, e principalmente poder ajudar no seu crescimento. Quero ratificar o compromisso do nosso governador Jo\u00e3o Azev\u00eado, que j\u00e1 garantiu os recursos para a reforma do pr\u00e9dio da escola\u201d, disse \u00c9den.\u00a0 Esteve na capital Jo\u00e3o Pessoa acompanhado pelos vereadores Daniel L\u00eala (Presidente) e Crist\u00f3v\u00e3o J\u00fanior, onde, em despachos com o presidente da Cagepa, Marcus Vinicius, garantiu a reforma do escrit\u00f3rio da Cagepa de Sum\u00e9\u00a0 e da caixa d&#8217;\u00e1gua do Conjunto Habitacional, pr\u00f3ximo ao Abrigo de Idosos, al\u00e9m da reabertura do posto de atendimento da Cagepa na Casa da Cidadania, localizada no Sum\u00e9 Shopping e da continuidade das extens\u00f5es de rede, bem como a viabilidade t\u00e9cnica para constru\u00e7\u00e3o da adutora do s\u00edtio Jurema.\u00a0\u00a0 Como Presidente do CISCO e acompanhado do prefeito de Serra Branca Souzinha, reuniu-se com o secret\u00e1rio de Sa\u00fade do Estado e solicitou o retorno dos servidores do estado, cedidos aos hospitais mantidos pelo munic\u00edpio. Serra Branca e Sum\u00e9 j\u00e1 conseguiram essa devolu\u00e7\u00e3o.\u00a0 No fim de semana, entregou a comunidade as pavimenta\u00e7\u00f5es com cal\u00e7adas, rampas de acessibilidade e sinaliza\u00e7\u00e3o das ruas: Silv\u00e9rio Iz\u00eddio da Cruz, Severino Jos\u00e9 de Oliveira e Ant\u00f4nio Sabi\u00e1, nos bairros Renascer e Santa Rosa. Ao todo foram: 2.964 metros quadrados de cal\u00e7amento, 1.000 metros quadrados de cal\u00e7adas e 44 metros de meio-fio em um investimento de R$ 204 mil, fruto de emendas do deputado federal Wellington Roberto, somados \u00e0 contrapartida da prefeitura de Sum\u00e9.\u00a0 Ainda no fim de semana, acompanhou as das Secretarias de Obras e Servi\u00e7os Urbanos e Agricultura e Meio Ambiente na melhoria das estradas vicinais das comunidades de Jurema, Agreste e regi\u00e3o. Noticias em Destaque","og_url":"https:\/\/noticiasemdestaque.com\/cd\/?p=51578","og_site_name":"Not&iacute;cias em Destaque","article_published_time":"2023-09-21T00:00:34+00:00","article_modified_time":"2023-09-21T00:00:59+00:00","og_image":[{"width":774,"height":593,"url":"https:\/\/noticiasemdestaque.com\/cd\/wp-content\/uploads\/2023\/09\/WhatsApp-Image-2023-09-20-at-20.29.41-1.jpeg","type":"image\/jpeg"}],"author":"Not\u00edcias em Destaque","twitter_card":"summary_large_image","twitter_misc":{"Escrito por":"Not\u00edcias em Destaque","Est. tempo de leitura":"2 minutos"},"schema":{"@context":"https:\/\/schema.org","@graph":[{"@type":"Article","@id":"https:\/\/noticiasemdestaque.com\/cd\/?p=51578#article","isPartOf":{"@id":"https:\/\/noticiasemdestaque.com\/cd\/?p=51578"},"author":{"name":"Not\u00edcias em Destaque","@id":"https:\/\/noticiasemdestaque.com\/cd\/#\/schema\/person\/21320b03a7e8bb90128938dafc9b908a"},"headline":"\u00c9den Duarte mant\u00e9m ritmo acelerado de trabalho\u00a0","datePublished":"2023-09-21T00:00:34+00:00","dateModified":"2023-09-21T00:00:59+00:00","mainEntityOfPage":{"@id":"https:\/\/noticiasemdestaque.com\/cd\/?p=51578"},"wordCount":354,"publisher":{"@id":"https:\/\/noticiasemdestaque.com\/cd\/#organization"},"image":{"@id":"https:\/\/noticiasemdestaque.com\/cd\/?p=51578#primaryimage"},"thumbnailUrl":"https:\/\/noticiasemdestaque.com\/cd\/wp-content\/uploads\/2023\/09\/WhatsApp-Image-2023-09-20-at-20.29.41-1.jpeg","articleSection":["Pol\u00edtica"],"inLanguage":"pt-BR"},{"@type":"WebPage","@id":"https:\/\/noticiasemdestaque.com\/cd\/?p=51578","url":"https:\/\/noticiasemdestaque.com\/cd\/?p=51578","name":"\u00c9den Duarte mant\u00e9m ritmo acelerado de trabalho\u00a0 - Not&iacute;cias em Destaque","isPartOf":{"@id":"https:\/\/noticiasemdestaque.com\/cd\/#website"},"primaryImageOfPage":{"@id":"https:\/\/noticiasemdestaque.com\/cd\/?p=51578#primaryimage"},"image":{"@id":"https:\/\/noticiasemdestaque.com\/cd\/?p=51578#primaryimage"},"thumbnailUrl":"https:\/\/noticiasemdestaque.com\/cd\/wp-content\/uploads\/2023\/09\/WhatsApp-Image-2023-09-20-at-20.29.41-1.jpeg","datePublished":"2023-09-21T00:00:34+00:00","dateModified":"2023-09-21T00:00:59+00:00","breadcrumb":{"@id":"https:\/\/noticiasemdestaque.com\/cd\/?p=51578#breadcrumb"},"inLanguage":"pt-BR","potentialAction":[{"@type":"ReadAction","target":["https:\/\/noticiasemdestaque.com\/cd\/?p=51578"]}]},{"@type":"ImageObject","inLanguage":"pt-BR","@id":"https:\/\/noticiasemdestaque.com\/cd\/?p=51578#primaryimage","url":"https:\/\/noticiasemdestaque.com\/cd\/wp-content\/uploads\/2023\/09\/WhatsApp-Image-2023-09-20-at-20.29.41-1.jpeg","contentUrl":"https:\/\/noticiasemdestaque.com\/cd\/wp-content\/uploads\/2023\/09\/WhatsApp-Image-2023-09-20-at-20.29.41-1.jpeg","width":774,"height":593},{"@type":"BreadcrumbList","@id":"https:\/\/noticiasemdestaque.com\/cd\/?p=51578#breadcrumb","itemListElement":[{"@type":"ListItem","position":1,"name":"In\u00edcio","item":"https:\/\/noticiasemdestaque.com\/cd\/"},{"@type":"ListItem","position":2,"name":"\u00c9den Duarte mant\u00e9m ritmo acelerado de trabalho\u00a0"}]},{"@type":"WebSite","@id":"https:\/\/noticiasemdestaque.com\/cd\/#website","url":"https:\/\/noticiasemdestaque.com\/cd\/","name":"Not&iacute;cias em Destaque","description":"","publisher":{"@id":"https:\/\/noticiasemdestaque.com\/cd\/#organization"},"potentialAction":[{"@type":"SearchAction","target":{"@type":"EntryPoint","urlTemplate":"https:\/\/noticiasemdestaque.com\/cd\/?s={search_term_string}"},"query-input":{"@type":"PropertyValueSpecification","valueRequired":true,"valueName":"search_term_string"}}],"inLanguage":"pt-BR"},{"@type":"Organization","@id":"https:\/\/noticiasemdestaque.com\/cd\/#organization","name":"Not\u00edcias em Destaque","url":"https:\/\/noticiasemdestaque.com\/cd\/","logo":{"@type":"ImageObject","inLanguage":"pt-BR","@id":"https:\/\/noticiasemdestaque.com\/cd\/#\/schema\/logo\/image\/","url":"https:\/\/noticiasemdestaque.com\/cd\/wp-content\/uploads\/2022\/05\/imagem-base-noticiasemdestaque.png","contentUrl":"https:\/\/noticiasemdestaque.com\/cd\/wp-content\/uploads\/2022\/05\/imagem-base-noticiasemdestaque.png","width":1200,"height":630,"caption":"Not\u00edcias em Destaque"},"image":{"@id":"https:\/\/noticiasemdestaque.com\/cd\/#\/schema\/logo\/image\/"}},{"@type":"Person","@id":"https:\/\/noticiasemdestaque.com\/cd\/#\/schema\/person\/21320b03a7e8bb90128938dafc9b908a","name":"Not\u00edcias em Destaque","url":"https:\/\/noticiasemdestaque.com\/cd\/?author=2"}]}},"jetpack_featured_media_url":"https:\/\/noticiasemdestaque.com\/cd\/wp-content\/uploads\/2023\/09\/WhatsApp-Image-2023-09-20-at-20.29.41-1.jpeg","jetpack_sharing_enabled":true,"_links":{"self":[{"href":"https:\/\/noticiasemdestaque.com\/cd\/index.php?rest_route=\/wp\/v2\/posts\/51578","targetHints":{"allow":["GET"]}}],"collection":[{"href":"https:\/\/noticiasemdestaque.com\/cd\/index.php?rest_route=\/wp\/v2\/posts"}],"about":[{"href":"https:\/\/noticiasemdestaque.com\/cd\/index.php?rest_route=\/wp\/v2\/types\/post"}],"author":[{"embeddable":true,"href":"https:\/\/noticiasemdestaque.com\/cd\/index.php?rest_route=\/wp\/v2\/users\/2"}],"replies":[{"embeddable":true,"href":"https:\/\/noticiasemdestaque.com\/cd\/index.php?rest_route=%2Fwp%2Fv2%2Fcomments&post=51578"}],"version-history":[{"count":2,"href":"https:\/\/noticiasemdestaque.com\/cd\/index.php?rest_route=\/wp\/v2\/posts\/51578\/revisions"}],"predecessor-version":[{"id":51582,"href":"https:\/\/noticiasemdestaque.com\/cd\/index.php?rest_route=\/wp\/v2\/posts\/51578\/revisions\/51582"}],"wp:featuredmedia":[{"embeddable":true,"href":"https:\/\/noticiasemdestaque.com\/cd\/index.php?rest_route=\/wp\/v2\/media\/51580"}],"wp:attachment":[{"href":"https:\/\/noticiasemdestaque.com\/cd\/index.php?rest_route=%2Fwp%2Fv2%2Fmedia&parent=51578"}],"wp:term":[{"taxonomy":"category","embeddable":true,"href":"https:\/\/noticiasemdestaque.com\/cd\/index.php?rest_route=%2Fwp%2Fv2%2Fcategories&post=51578"},{"taxonomy":"post_tag","embeddable":true,"href":"https:\/\/noticiasemdestaque.com\/cd\/index.php?rest_route=%2Fwp%2Fv2%2Ftags&post=51578"}],"curies":[{"name":"wp","href":"https:\/\/api.w.org\/{rel}","templated":true}]}}