{"id":5145,"date":"2017-10-13T15:47:32","date_gmt":"2017-10-13T18:47:32","guid":{"rendered":"http:\/\/caririemdestaque.com\/cd\/?p=5145"},"modified":"2017-10-13T15:47:32","modified_gmt":"2017-10-13T18:47:32","slug":"novo-mais-educacao-programa-recebe-recursos-de-r-289-milhoes-para-ampliacao-do-ensino-em-tempo-integral","status":"publish","type":"post","link":"https:\/\/noticiasemdestaque.com\/cd\/?p=5145","title":{"rendered":"NOVO MAIS EDUCA\u00c7\u00c3O: Programa recebe recursos de R$ 289 milh\u00f5es para amplia\u00e7\u00e3o do ensino em tempo integral"},"content":{"rendered":"<p><a href=\"http:\/\/caririemdestaque.com\/cd\/wp-content\/uploads\/2017\/10\/maiseducacao-21092017-2.jpg\"><img decoding=\"async\" class=\"size-thumbnail wp-image-5146 alignleft\" src=\"http:\/\/caririemdestaque.com\/cd\/wp-content\/uploads\/2017\/10\/maiseducacao-21092017-2-150x150.jpg\" alt=\"\" width=\"150\" height=\"150\" \/><\/a>O Minist\u00e9rio da Educa\u00e7\u00e3o liberou, na \u00faltima semana, R$ 289,82 milh\u00f5es em recursos financeiros para o Novo Mais Educa\u00e7\u00e3o. O objetivo do programa \u00e9 melhorar a aprendizagem dos estudantes do ensino fundamental em l\u00edngua portuguesa e matem\u00e1tica, por meio da amplia\u00e7\u00e3o do n\u00famero de vagas de educa\u00e7\u00e3o em tempo integral. O repasse \u00e9 referente \u00e0 segunda parcela de 2016 e beneficia mais de 9 milh\u00f5es de alunos em 31.011 escolas p\u00fablicas em todo o pa\u00eds.<\/p>\n<p>O secret\u00e1rio de Educa\u00e7\u00e3o B\u00e1sica do MEC, Rossieli Soares da Silva, destaca que \u00e9 a primeira vez que o programa tem todo o seu ciclo pago dentro do mesmo exerc\u00edcio. \u201cPela primeira vez na hist\u00f3ria do programa, ele \u00e9 executado com in\u00edcio, meio e fim, dentro do mesmo exerc\u00edcio. Isso \u00e9 muito importante, porque permitiu que as escolas fizessem e seguissem um planejamento para o ano letivo\u201d, afirma.<\/p>\n<p>Os recursos fazem parte do Programa Dinheiro Direto na Escola (PDDE) e s\u00e3o enviados ao Fundo Nacional de Desenvolvimento da Educa\u00e7\u00e3o (FNDE), autarquia vinculada ao MEC que coordena os repasses \u00e0s redes de ensino. O PDDE consiste na assist\u00eancia financeira \u00e0s escolas p\u00fablicas das redes estaduais, municipais e do Distrito Federal e \u00e0s escolas privadas de educa\u00e7\u00e3o especial mantidas por entidades sem fins lucrativos. O dinheiro deve ser aplicado na melhoria da infraestrutura f\u00edsica e pedag\u00f3gica, refor\u00e7o da gest\u00e3o escolar e eleva\u00e7\u00e3o dos \u00edndices de desempenho da educa\u00e7\u00e3o b\u00e1sica.<\/p>\n<p>O Novo Mais Educa\u00e7\u00e3o realiza o acompanhamento pedag\u00f3gico em l\u00edngua portuguesa e matem\u00e1tica e apoia o desenvolvimento de atividades nos campos de artes, cultura, esporte e lazer. A inten\u00e7\u00e3o \u00e9 impulsionar a melhoria do desempenho educacional, ao complementar a carga hor\u00e1ria em cinco ou 15 horas semanais no turno e contraturno das aulas.<\/p>\n<p>Rossieli aponta que o MEC revitalizou totalmente o programa, o que viabilizou maior aproxima\u00e7\u00e3o com o p\u00fablico alvo. \u201cO Mais Educa\u00e7\u00e3o foi repensado para atuar mais pr\u00f3ximo do pedag\u00f3gico, de l\u00edngua portuguesa e matem\u00e1tica especialmente, como apoio para os alunos, para aumentar seu aprendizado\u201d, ressalta. Outra novidade veio com o acompanhamento das atividades realizadas. \u201cTamb\u00e9m neste ano tivemos a novidade de obter um monitoramento; pela primeira vez, o MEC consegue enxergar quem s\u00e3o os monitores, quem s\u00e3o as pessoas que est\u00e3o trabalhando, e quem s\u00e3o os alunos que est\u00e3o participando\u201d, diz.<\/p>\n<p>Fonte: Assessoria de Comunica\u00e7\u00e3o Social<\/p>\n","protected":false},"excerpt":{"rendered":"<p>O Minist\u00e9rio da Educa\u00e7\u00e3o liberou, na \u00faltima semana, R$ 289,82 milh\u00f5es em recursos financeiros para o Novo Mais Educa\u00e7\u00e3o. O objetivo do programa \u00e9 melhorar a aprendizagem dos estudantes do ensino fundamental em l\u00edngua portuguesa e matem\u00e1tica, por meio da amplia\u00e7\u00e3o do n\u00famero de vagas de educa\u00e7\u00e3o em tempo integral. O repasse \u00e9 referente \u00e0 segunda parcela de 2016 e beneficia mais de 9 milh\u00f5es de alunos em 31.011 escolas p\u00fablicas em todo o pa\u00eds. O secret\u00e1rio de Educa\u00e7\u00e3o B\u00e1sica do MEC, Rossieli Soares da Silva, destaca que \u00e9 a primeira vez que o programa tem todo o seu ciclo pago dentro do mesmo exerc\u00edcio. \u201cPela primeira vez na hist\u00f3ria do programa, ele \u00e9 executado com in\u00edcio, meio e fim, dentro do mesmo exerc\u00edcio. Isso \u00e9 muito importante, porque permitiu que as escolas fizessem e seguissem um planejamento para o ano letivo\u201d, afirma. Os recursos fazem parte do Programa Dinheiro Direto na Escola (PDDE) e s\u00e3o enviados ao Fundo Nacional de Desenvolvimento da Educa\u00e7\u00e3o (FNDE), autarquia vinculada ao MEC que coordena os repasses \u00e0s redes de ensino. O PDDE consiste na assist\u00eancia financeira \u00e0s escolas p\u00fablicas das redes estaduais, municipais e do Distrito Federal e \u00e0s escolas privadas de educa\u00e7\u00e3o especial mantidas por entidades sem fins lucrativos. O dinheiro deve ser aplicado na melhoria da infraestrutura f\u00edsica e pedag\u00f3gica, refor\u00e7o da gest\u00e3o escolar e eleva\u00e7\u00e3o dos \u00edndices de desempenho da educa\u00e7\u00e3o b\u00e1sica. O Novo Mais Educa\u00e7\u00e3o realiza o acompanhamento pedag\u00f3gico em l\u00edngua portuguesa e matem\u00e1tica e apoia o desenvolvimento de atividades nos campos de artes, cultura, esporte e lazer. A inten\u00e7\u00e3o \u00e9 impulsionar a melhoria do desempenho educacional, ao complementar a carga hor\u00e1ria em cinco ou 15 horas semanais no turno e contraturno das aulas. Rossieli aponta que o MEC revitalizou totalmente o programa, o que viabilizou maior aproxima\u00e7\u00e3o com o p\u00fablico alvo. \u201cO Mais Educa\u00e7\u00e3o foi repensado para atuar mais pr\u00f3ximo do pedag\u00f3gico, de l\u00edngua portuguesa e matem\u00e1tica especialmente, como apoio para os alunos, para aumentar seu aprendizado\u201d, ressalta. Outra novidade veio com o acompanhamento das atividades realizadas. \u201cTamb\u00e9m neste ano tivemos a novidade de obter um monitoramento; pela primeira vez, o MEC consegue enxergar quem s\u00e3o os monitores, quem s\u00e3o as pessoas que est\u00e3o trabalhando, e quem s\u00e3o os alunos que est\u00e3o participando\u201d, diz. Fonte: Assessoria de Comunica\u00e7\u00e3o Social<\/p>\n","protected":false},"author":2,"featured_media":5146,"comment_status":"closed","ping_status":"open","sticky":false,"template":"","format":"standard","meta":{"_eb_attr":"","_jetpack_memberships_contains_paid_content":false,"footnotes":""},"categories":[6],"tags":[],"class_list":["post-5145","post","type-post","status-publish","format-standard","has-post-thumbnail","hentry","category-educacao"],"yoast_head":"<!-- This site is optimized with the Yoast SEO plugin v26.5 - https:\/\/yoast.com\/wordpress\/plugins\/seo\/ -->\n<title>NOVO MAIS EDUCA\u00c7\u00c3O: Programa recebe recursos de R$ 289 milh\u00f5es para amplia\u00e7\u00e3o do ensino em tempo integral - Not&iacute;cias em Destaque<\/title>\n<meta name=\"robots\" content=\"index, follow, max-snippet:-1, max-image-preview:large, max-video-preview:-1\" \/>\n<link rel=\"canonical\" href=\"https:\/\/noticiasemdestaque.com\/cd\/?p=5145\" \/>\n<meta property=\"og:locale\" content=\"pt_BR\" \/>\n<meta property=\"og:type\" content=\"article\" \/>\n<meta property=\"og:title\" content=\"NOVO MAIS EDUCA\u00c7\u00c3O: Programa recebe recursos de R$ 289 milh\u00f5es para amplia\u00e7\u00e3o do ensino em tempo integral - Not&iacute;cias em Destaque\" \/>\n<meta property=\"og:description\" content=\"O Minist\u00e9rio da Educa\u00e7\u00e3o liberou, na \u00faltima semana, R$ 289,82 milh\u00f5es em recursos financeiros para o Novo Mais Educa\u00e7\u00e3o. O objetivo do programa \u00e9 melhorar a aprendizagem dos estudantes do ensino fundamental em l\u00edngua portuguesa e matem\u00e1tica, por meio da amplia\u00e7\u00e3o do n\u00famero de vagas de educa\u00e7\u00e3o em tempo integral. O repasse \u00e9 referente \u00e0 segunda parcela de 2016 e beneficia mais de 9 milh\u00f5es de alunos em 31.011 escolas p\u00fablicas em todo o pa\u00eds. O secret\u00e1rio de Educa\u00e7\u00e3o B\u00e1sica do MEC, Rossieli Soares da Silva, destaca que \u00e9 a primeira vez que o programa tem todo o seu ciclo pago dentro do mesmo exerc\u00edcio. \u201cPela primeira vez na hist\u00f3ria do programa, ele \u00e9 executado com in\u00edcio, meio e fim, dentro do mesmo exerc\u00edcio. Isso \u00e9 muito importante, porque permitiu que as escolas fizessem e seguissem um planejamento para o ano letivo\u201d, afirma. Os recursos fazem parte do Programa Dinheiro Direto na Escola (PDDE) e s\u00e3o enviados ao Fundo Nacional de Desenvolvimento da Educa\u00e7\u00e3o (FNDE), autarquia vinculada ao MEC que coordena os repasses \u00e0s redes de ensino. O PDDE consiste na assist\u00eancia financeira \u00e0s escolas p\u00fablicas das redes estaduais, municipais e do Distrito Federal e \u00e0s escolas privadas de educa\u00e7\u00e3o especial mantidas por entidades sem fins lucrativos. O dinheiro deve ser aplicado na melhoria da infraestrutura f\u00edsica e pedag\u00f3gica, refor\u00e7o da gest\u00e3o escolar e eleva\u00e7\u00e3o dos \u00edndices de desempenho da educa\u00e7\u00e3o b\u00e1sica. O Novo Mais Educa\u00e7\u00e3o realiza o acompanhamento pedag\u00f3gico em l\u00edngua portuguesa e matem\u00e1tica e apoia o desenvolvimento de atividades nos campos de artes, cultura, esporte e lazer. A inten\u00e7\u00e3o \u00e9 impulsionar a melhoria do desempenho educacional, ao complementar a carga hor\u00e1ria em cinco ou 15 horas semanais no turno e contraturno das aulas. Rossieli aponta que o MEC revitalizou totalmente o programa, o que viabilizou maior aproxima\u00e7\u00e3o com o p\u00fablico alvo. \u201cO Mais Educa\u00e7\u00e3o foi repensado para atuar mais pr\u00f3ximo do pedag\u00f3gico, de l\u00edngua portuguesa e matem\u00e1tica especialmente, como apoio para os alunos, para aumentar seu aprendizado\u201d, ressalta. Outra novidade veio com o acompanhamento das atividades realizadas. \u201cTamb\u00e9m neste ano tivemos a novidade de obter um monitoramento; pela primeira vez, o MEC consegue enxergar quem s\u00e3o os monitores, quem s\u00e3o as pessoas que est\u00e3o trabalhando, e quem s\u00e3o os alunos que est\u00e3o participando\u201d, diz. Fonte: Assessoria de Comunica\u00e7\u00e3o Social\" \/>\n<meta property=\"og:url\" content=\"https:\/\/noticiasemdestaque.com\/cd\/?p=5145\" \/>\n<meta property=\"og:site_name\" content=\"Not&iacute;cias em Destaque\" \/>\n<meta property=\"article:published_time\" content=\"2017-10-13T18:47:32+00:00\" \/>\n<meta property=\"og:image\" content=\"https:\/\/noticiasemdestaque.com\/cd\/wp-content\/uploads\/2017\/10\/maiseducacao-21092017-2.jpg\" \/>\n\t<meta property=\"og:image:width\" content=\"746\" \/>\n\t<meta property=\"og:image:height\" content=\"423\" \/>\n\t<meta property=\"og:image:type\" content=\"image\/jpeg\" \/>\n<meta name=\"author\" content=\"Not\u00edcias em Destaque\" \/>\n<meta name=\"twitter:card\" content=\"summary_large_image\" \/>\n<meta name=\"twitter:label1\" content=\"Escrito por\" \/>\n\t<meta name=\"twitter:data1\" content=\"Not\u00edcias em Destaque\" \/>\n\t<meta name=\"twitter:label2\" content=\"Est. tempo de leitura\" \/>\n\t<meta name=\"twitter:data2\" content=\"2 minutos\" \/>\n<script type=\"application\/ld+json\" class=\"yoast-schema-graph\">{\"@context\":\"https:\/\/schema.org\",\"@graph\":[{\"@type\":\"Article\",\"@id\":\"https:\/\/noticiasemdestaque.com\/cd\/?p=5145#article\",\"isPartOf\":{\"@id\":\"https:\/\/noticiasemdestaque.com\/cd\/?p=5145\"},\"author\":{\"name\":\"Not\u00edcias em Destaque\",\"@id\":\"https:\/\/noticiasemdestaque.com\/cd\/#\/schema\/person\/21320b03a7e8bb90128938dafc9b908a\"},\"headline\":\"NOVO MAIS EDUCA\u00c7\u00c3O: Programa recebe recursos de R$ 289 milh\u00f5es para amplia\u00e7\u00e3o do ensino em tempo integral\",\"datePublished\":\"2017-10-13T18:47:32+00:00\",\"mainEntityOfPage\":{\"@id\":\"https:\/\/noticiasemdestaque.com\/cd\/?p=5145\"},\"wordCount\":439,\"publisher\":{\"@id\":\"https:\/\/noticiasemdestaque.com\/cd\/#organization\"},\"image\":{\"@id\":\"https:\/\/noticiasemdestaque.com\/cd\/?p=5145#primaryimage\"},\"thumbnailUrl\":\"https:\/\/noticiasemdestaque.com\/cd\/wp-content\/uploads\/2017\/10\/maiseducacao-21092017-2.jpg\",\"articleSection\":[\"Educa\u00e7\u00e3o\"],\"inLanguage\":\"pt-BR\"},{\"@type\":\"WebPage\",\"@id\":\"https:\/\/noticiasemdestaque.com\/cd\/?p=5145\",\"url\":\"https:\/\/noticiasemdestaque.com\/cd\/?p=5145\",\"name\":\"NOVO MAIS EDUCA\u00c7\u00c3O: Programa recebe recursos de R$ 289 milh\u00f5es para amplia\u00e7\u00e3o do ensino em tempo integral - Not&iacute;cias em Destaque\",\"isPartOf\":{\"@id\":\"https:\/\/noticiasemdestaque.com\/cd\/#website\"},\"primaryImageOfPage\":{\"@id\":\"https:\/\/noticiasemdestaque.com\/cd\/?p=5145#primaryimage\"},\"image\":{\"@id\":\"https:\/\/noticiasemdestaque.com\/cd\/?p=5145#primaryimage\"},\"thumbnailUrl\":\"https:\/\/noticiasemdestaque.com\/cd\/wp-content\/uploads\/2017\/10\/maiseducacao-21092017-2.jpg\",\"datePublished\":\"2017-10-13T18:47:32+00:00\",\"breadcrumb\":{\"@id\":\"https:\/\/noticiasemdestaque.com\/cd\/?p=5145#breadcrumb\"},\"inLanguage\":\"pt-BR\",\"potentialAction\":[{\"@type\":\"ReadAction\",\"target\":[\"https:\/\/noticiasemdestaque.com\/cd\/?p=5145\"]}]},{\"@type\":\"ImageObject\",\"inLanguage\":\"pt-BR\",\"@id\":\"https:\/\/noticiasemdestaque.com\/cd\/?p=5145#primaryimage\",\"url\":\"https:\/\/noticiasemdestaque.com\/cd\/wp-content\/uploads\/2017\/10\/maiseducacao-21092017-2.jpg\",\"contentUrl\":\"https:\/\/noticiasemdestaque.com\/cd\/wp-content\/uploads\/2017\/10\/maiseducacao-21092017-2.jpg\",\"width\":746,\"height\":423},{\"@type\":\"BreadcrumbList\",\"@id\":\"https:\/\/noticiasemdestaque.com\/cd\/?p=5145#breadcrumb\",\"itemListElement\":[{\"@type\":\"ListItem\",\"position\":1,\"name\":\"In\u00edcio\",\"item\":\"https:\/\/noticiasemdestaque.com\/cd\/\"},{\"@type\":\"ListItem\",\"position\":2,\"name\":\"NOVO MAIS EDUCA\u00c7\u00c3O: Programa recebe recursos de R$ 289 milh\u00f5es para amplia\u00e7\u00e3o do ensino em tempo integral\"}]},{\"@type\":\"WebSite\",\"@id\":\"https:\/\/noticiasemdestaque.com\/cd\/#website\",\"url\":\"https:\/\/noticiasemdestaque.com\/cd\/\",\"name\":\"Not&iacute;cias em Destaque\",\"description\":\"\",\"publisher\":{\"@id\":\"https:\/\/noticiasemdestaque.com\/cd\/#organization\"},\"potentialAction\":[{\"@type\":\"SearchAction\",\"target\":{\"@type\":\"EntryPoint\",\"urlTemplate\":\"https:\/\/noticiasemdestaque.com\/cd\/?s={search_term_string}\"},\"query-input\":{\"@type\":\"PropertyValueSpecification\",\"valueRequired\":true,\"valueName\":\"search_term_string\"}}],\"inLanguage\":\"pt-BR\"},{\"@type\":\"Organization\",\"@id\":\"https:\/\/noticiasemdestaque.com\/cd\/#organization\",\"name\":\"Not\u00edcias em Destaque\",\"url\":\"https:\/\/noticiasemdestaque.com\/cd\/\",\"logo\":{\"@type\":\"ImageObject\",\"inLanguage\":\"pt-BR\",\"@id\":\"https:\/\/noticiasemdestaque.com\/cd\/#\/schema\/logo\/image\/\",\"url\":\"https:\/\/noticiasemdestaque.com\/cd\/wp-content\/uploads\/2022\/05\/imagem-base-noticiasemdestaque.png\",\"contentUrl\":\"https:\/\/noticiasemdestaque.com\/cd\/wp-content\/uploads\/2022\/05\/imagem-base-noticiasemdestaque.png\",\"width\":1200,\"height\":630,\"caption\":\"Not\u00edcias em Destaque\"},\"image\":{\"@id\":\"https:\/\/noticiasemdestaque.com\/cd\/#\/schema\/logo\/image\/\"}},{\"@type\":\"Person\",\"@id\":\"https:\/\/noticiasemdestaque.com\/cd\/#\/schema\/person\/21320b03a7e8bb90128938dafc9b908a\",\"name\":\"Not\u00edcias em Destaque\",\"url\":\"https:\/\/noticiasemdestaque.com\/cd\/?author=2\"}]}<\/script>\n<!-- \/ Yoast SEO plugin. -->","yoast_head_json":{"title":"NOVO MAIS EDUCA\u00c7\u00c3O: Programa recebe recursos de R$ 289 milh\u00f5es para amplia\u00e7\u00e3o do ensino em tempo integral - Not&iacute;cias em Destaque","robots":{"index":"index","follow":"follow","max-snippet":"max-snippet:-1","max-image-preview":"max-image-preview:large","max-video-preview":"max-video-preview:-1"},"canonical":"https:\/\/noticiasemdestaque.com\/cd\/?p=5145","og_locale":"pt_BR","og_type":"article","og_title":"NOVO MAIS EDUCA\u00c7\u00c3O: Programa recebe recursos de R$ 289 milh\u00f5es para amplia\u00e7\u00e3o do ensino em tempo integral - Not&iacute;cias em Destaque","og_description":"O Minist\u00e9rio da Educa\u00e7\u00e3o liberou, na \u00faltima semana, R$ 289,82 milh\u00f5es em recursos financeiros para o Novo Mais Educa\u00e7\u00e3o. O objetivo do programa \u00e9 melhorar a aprendizagem dos estudantes do ensino fundamental em l\u00edngua portuguesa e matem\u00e1tica, por meio da amplia\u00e7\u00e3o do n\u00famero de vagas de educa\u00e7\u00e3o em tempo integral. O repasse \u00e9 referente \u00e0 segunda parcela de 2016 e beneficia mais de 9 milh\u00f5es de alunos em 31.011 escolas p\u00fablicas em todo o pa\u00eds. O secret\u00e1rio de Educa\u00e7\u00e3o B\u00e1sica do MEC, Rossieli Soares da Silva, destaca que \u00e9 a primeira vez que o programa tem todo o seu ciclo pago dentro do mesmo exerc\u00edcio. \u201cPela primeira vez na hist\u00f3ria do programa, ele \u00e9 executado com in\u00edcio, meio e fim, dentro do mesmo exerc\u00edcio. Isso \u00e9 muito importante, porque permitiu que as escolas fizessem e seguissem um planejamento para o ano letivo\u201d, afirma. Os recursos fazem parte do Programa Dinheiro Direto na Escola (PDDE) e s\u00e3o enviados ao Fundo Nacional de Desenvolvimento da Educa\u00e7\u00e3o (FNDE), autarquia vinculada ao MEC que coordena os repasses \u00e0s redes de ensino. O PDDE consiste na assist\u00eancia financeira \u00e0s escolas p\u00fablicas das redes estaduais, municipais e do Distrito Federal e \u00e0s escolas privadas de educa\u00e7\u00e3o especial mantidas por entidades sem fins lucrativos. O dinheiro deve ser aplicado na melhoria da infraestrutura f\u00edsica e pedag\u00f3gica, refor\u00e7o da gest\u00e3o escolar e eleva\u00e7\u00e3o dos \u00edndices de desempenho da educa\u00e7\u00e3o b\u00e1sica. O Novo Mais Educa\u00e7\u00e3o realiza o acompanhamento pedag\u00f3gico em l\u00edngua portuguesa e matem\u00e1tica e apoia o desenvolvimento de atividades nos campos de artes, cultura, esporte e lazer. A inten\u00e7\u00e3o \u00e9 impulsionar a melhoria do desempenho educacional, ao complementar a carga hor\u00e1ria em cinco ou 15 horas semanais no turno e contraturno das aulas. Rossieli aponta que o MEC revitalizou totalmente o programa, o que viabilizou maior aproxima\u00e7\u00e3o com o p\u00fablico alvo. \u201cO Mais Educa\u00e7\u00e3o foi repensado para atuar mais pr\u00f3ximo do pedag\u00f3gico, de l\u00edngua portuguesa e matem\u00e1tica especialmente, como apoio para os alunos, para aumentar seu aprendizado\u201d, ressalta. Outra novidade veio com o acompanhamento das atividades realizadas. \u201cTamb\u00e9m neste ano tivemos a novidade de obter um monitoramento; pela primeira vez, o MEC consegue enxergar quem s\u00e3o os monitores, quem s\u00e3o as pessoas que est\u00e3o trabalhando, e quem s\u00e3o os alunos que est\u00e3o participando\u201d, diz. Fonte: Assessoria de Comunica\u00e7\u00e3o Social","og_url":"https:\/\/noticiasemdestaque.com\/cd\/?p=5145","og_site_name":"Not&iacute;cias em Destaque","article_published_time":"2017-10-13T18:47:32+00:00","og_image":[{"width":746,"height":423,"url":"https:\/\/noticiasemdestaque.com\/cd\/wp-content\/uploads\/2017\/10\/maiseducacao-21092017-2.jpg","type":"image\/jpeg"}],"author":"Not\u00edcias em Destaque","twitter_card":"summary_large_image","twitter_misc":{"Escrito por":"Not\u00edcias em Destaque","Est. tempo de leitura":"2 minutos"},"schema":{"@context":"https:\/\/schema.org","@graph":[{"@type":"Article","@id":"https:\/\/noticiasemdestaque.com\/cd\/?p=5145#article","isPartOf":{"@id":"https:\/\/noticiasemdestaque.com\/cd\/?p=5145"},"author":{"name":"Not\u00edcias em Destaque","@id":"https:\/\/noticiasemdestaque.com\/cd\/#\/schema\/person\/21320b03a7e8bb90128938dafc9b908a"},"headline":"NOVO MAIS EDUCA\u00c7\u00c3O: Programa recebe recursos de R$ 289 milh\u00f5es para amplia\u00e7\u00e3o do ensino em tempo integral","datePublished":"2017-10-13T18:47:32+00:00","mainEntityOfPage":{"@id":"https:\/\/noticiasemdestaque.com\/cd\/?p=5145"},"wordCount":439,"publisher":{"@id":"https:\/\/noticiasemdestaque.com\/cd\/#organization"},"image":{"@id":"https:\/\/noticiasemdestaque.com\/cd\/?p=5145#primaryimage"},"thumbnailUrl":"https:\/\/noticiasemdestaque.com\/cd\/wp-content\/uploads\/2017\/10\/maiseducacao-21092017-2.jpg","articleSection":["Educa\u00e7\u00e3o"],"inLanguage":"pt-BR"},{"@type":"WebPage","@id":"https:\/\/noticiasemdestaque.com\/cd\/?p=5145","url":"https:\/\/noticiasemdestaque.com\/cd\/?p=5145","name":"NOVO MAIS EDUCA\u00c7\u00c3O: Programa recebe recursos de R$ 289 milh\u00f5es para amplia\u00e7\u00e3o do ensino em tempo integral - Not&iacute;cias em Destaque","isPartOf":{"@id":"https:\/\/noticiasemdestaque.com\/cd\/#website"},"primaryImageOfPage":{"@id":"https:\/\/noticiasemdestaque.com\/cd\/?p=5145#primaryimage"},"image":{"@id":"https:\/\/noticiasemdestaque.com\/cd\/?p=5145#primaryimage"},"thumbnailUrl":"https:\/\/noticiasemdestaque.com\/cd\/wp-content\/uploads\/2017\/10\/maiseducacao-21092017-2.jpg","datePublished":"2017-10-13T18:47:32+00:00","breadcrumb":{"@id":"https:\/\/noticiasemdestaque.com\/cd\/?p=5145#breadcrumb"},"inLanguage":"pt-BR","potentialAction":[{"@type":"ReadAction","target":["https:\/\/noticiasemdestaque.com\/cd\/?p=5145"]}]},{"@type":"ImageObject","inLanguage":"pt-BR","@id":"https:\/\/noticiasemdestaque.com\/cd\/?p=5145#primaryimage","url":"https:\/\/noticiasemdestaque.com\/cd\/wp-content\/uploads\/2017\/10\/maiseducacao-21092017-2.jpg","contentUrl":"https:\/\/noticiasemdestaque.com\/cd\/wp-content\/uploads\/2017\/10\/maiseducacao-21092017-2.jpg","width":746,"height":423},{"@type":"BreadcrumbList","@id":"https:\/\/noticiasemdestaque.com\/cd\/?p=5145#breadcrumb","itemListElement":[{"@type":"ListItem","position":1,"name":"In\u00edcio","item":"https:\/\/noticiasemdestaque.com\/cd\/"},{"@type":"ListItem","position":2,"name":"NOVO MAIS EDUCA\u00c7\u00c3O: Programa recebe recursos de R$ 289 milh\u00f5es para amplia\u00e7\u00e3o do ensino em tempo integral"}]},{"@type":"WebSite","@id":"https:\/\/noticiasemdestaque.com\/cd\/#website","url":"https:\/\/noticiasemdestaque.com\/cd\/","name":"Not&iacute;cias em Destaque","description":"","publisher":{"@id":"https:\/\/noticiasemdestaque.com\/cd\/#organization"},"potentialAction":[{"@type":"SearchAction","target":{"@type":"EntryPoint","urlTemplate":"https:\/\/noticiasemdestaque.com\/cd\/?s={search_term_string}"},"query-input":{"@type":"PropertyValueSpecification","valueRequired":true,"valueName":"search_term_string"}}],"inLanguage":"pt-BR"},{"@type":"Organization","@id":"https:\/\/noticiasemdestaque.com\/cd\/#organization","name":"Not\u00edcias em Destaque","url":"https:\/\/noticiasemdestaque.com\/cd\/","logo":{"@type":"ImageObject","inLanguage":"pt-BR","@id":"https:\/\/noticiasemdestaque.com\/cd\/#\/schema\/logo\/image\/","url":"https:\/\/noticiasemdestaque.com\/cd\/wp-content\/uploads\/2022\/05\/imagem-base-noticiasemdestaque.png","contentUrl":"https:\/\/noticiasemdestaque.com\/cd\/wp-content\/uploads\/2022\/05\/imagem-base-noticiasemdestaque.png","width":1200,"height":630,"caption":"Not\u00edcias em Destaque"},"image":{"@id":"https:\/\/noticiasemdestaque.com\/cd\/#\/schema\/logo\/image\/"}},{"@type":"Person","@id":"https:\/\/noticiasemdestaque.com\/cd\/#\/schema\/person\/21320b03a7e8bb90128938dafc9b908a","name":"Not\u00edcias em Destaque","url":"https:\/\/noticiasemdestaque.com\/cd\/?author=2"}]}},"jetpack_featured_media_url":"https:\/\/noticiasemdestaque.com\/cd\/wp-content\/uploads\/2017\/10\/maiseducacao-21092017-2.jpg","jetpack_sharing_enabled":true,"_links":{"self":[{"href":"https:\/\/noticiasemdestaque.com\/cd\/index.php?rest_route=\/wp\/v2\/posts\/5145","targetHints":{"allow":["GET"]}}],"collection":[{"href":"https:\/\/noticiasemdestaque.com\/cd\/index.php?rest_route=\/wp\/v2\/posts"}],"about":[{"href":"https:\/\/noticiasemdestaque.com\/cd\/index.php?rest_route=\/wp\/v2\/types\/post"}],"author":[{"embeddable":true,"href":"https:\/\/noticiasemdestaque.com\/cd\/index.php?rest_route=\/wp\/v2\/users\/2"}],"replies":[{"embeddable":true,"href":"https:\/\/noticiasemdestaque.com\/cd\/index.php?rest_route=%2Fwp%2Fv2%2Fcomments&post=5145"}],"version-history":[{"count":1,"href":"https:\/\/noticiasemdestaque.com\/cd\/index.php?rest_route=\/wp\/v2\/posts\/5145\/revisions"}],"predecessor-version":[{"id":5147,"href":"https:\/\/noticiasemdestaque.com\/cd\/index.php?rest_route=\/wp\/v2\/posts\/5145\/revisions\/5147"}],"wp:featuredmedia":[{"embeddable":true,"href":"https:\/\/noticiasemdestaque.com\/cd\/index.php?rest_route=\/wp\/v2\/media\/5146"}],"wp:attachment":[{"href":"https:\/\/noticiasemdestaque.com\/cd\/index.php?rest_route=%2Fwp%2Fv2%2Fmedia&parent=5145"}],"wp:term":[{"taxonomy":"category","embeddable":true,"href":"https:\/\/noticiasemdestaque.com\/cd\/index.php?rest_route=%2Fwp%2Fv2%2Fcategories&post=5145"},{"taxonomy":"post_tag","embeddable":true,"href":"https:\/\/noticiasemdestaque.com\/cd\/index.php?rest_route=%2Fwp%2Fv2%2Ftags&post=5145"}],"curies":[{"name":"wp","href":"https:\/\/api.w.org\/{rel}","templated":true}]}}