{"id":5135,"date":"2017-10-13T15:33:05","date_gmt":"2017-10-13T18:33:05","guid":{"rendered":"http:\/\/caririemdestaque.com\/cd\/?p=5135"},"modified":"2017-10-13T15:33:05","modified_gmt":"2017-10-13T18:33:05","slug":"anvisa-aprova-novo-medicamento-para-tratar-cancer-de-pulmao-e-de-bexiga","status":"publish","type":"post","link":"https:\/\/noticiasemdestaque.com\/cd\/?p=5135","title":{"rendered":"Anvisa aprova novo medicamento para tratar c\u00e2ncer de pulm\u00e3o e de bexiga"},"content":{"rendered":"<p><a href=\"http:\/\/caririemdestaque.com\/cd\/wp-content\/uploads\/2017\/10\/remedio-300x187.jpg\"><img decoding=\"async\" class=\"size-thumbnail wp-image-5136 alignleft\" src=\"http:\/\/caririemdestaque.com\/cd\/wp-content\/uploads\/2017\/10\/remedio-300x187-150x150.jpg\" alt=\"\" width=\"150\" height=\"150\" \/><\/a>O Di\u00e1rio Oficial da Uni\u00e3o (DOU) de segunda-feira (9) confirmou o registro do medicamento Tecentriq (atezolizumabe), um produto biol\u00f3gico novo aprovado pela Ag\u00eancia Nacional de Vigil\u00e2ncia Sanit\u00e1ria (Anvisa) para tratamento de c\u00e2ncer de pulm\u00e3o e bexiga.<\/p>\n<p>Segundo a Anvisa, a subst\u00e2ncia ativa do Tecentriq, o atezolizumabe, \u00e9 um tipo de prote\u00edna projetada para reconhecer e se conectar \u00e0 prote\u00edna PD-L1, que est\u00e1 presente na superf\u00edcie de muitas c\u00e9lulas cancerosas.<\/p>\n<p>O PD-L1 atua para \u201cdesligar\u201d c\u00e9lulas imunes que, de outra forma, atacariam as c\u00e9lulas cancer\u00edgenas. Ao se conectar ao PD-L1 e reduzir seus efeitos, o atezolizumabe aumenta a capacidade do sistema imunol\u00f3gico para atacar as c\u00e9lulas cancerosas e, assim, diminuir a progress\u00e3o da doen\u00e7a.<\/p>\n<p>Fonte:Portal \u00a0Correio<\/p>\n","protected":false},"excerpt":{"rendered":"<p>O Di\u00e1rio Oficial da Uni\u00e3o (DOU) de segunda-feira (9) confirmou o registro do medicamento Tecentriq (atezolizumabe), um produto biol\u00f3gico novo aprovado pela Ag\u00eancia Nacional de Vigil\u00e2ncia Sanit\u00e1ria (Anvisa) para tratamento de c\u00e2ncer de pulm\u00e3o e bexiga. Segundo a Anvisa, a subst\u00e2ncia ativa do Tecentriq, o atezolizumabe, \u00e9 um tipo de prote\u00edna projetada para reconhecer e se conectar \u00e0 prote\u00edna PD-L1, que est\u00e1 presente na superf\u00edcie de muitas c\u00e9lulas cancerosas. O PD-L1 atua para \u201cdesligar\u201d c\u00e9lulas imunes que, de outra forma, atacariam as c\u00e9lulas cancer\u00edgenas. Ao se conectar ao PD-L1 e reduzir seus efeitos, o atezolizumabe aumenta a capacidade do sistema imunol\u00f3gico para atacar as c\u00e9lulas cancerosas e, assim, diminuir a progress\u00e3o da doen\u00e7a. Fonte:Portal \u00a0Correio<\/p>\n","protected":false},"author":2,"featured_media":5136,"comment_status":"closed","ping_status":"open","sticky":false,"template":"","format":"standard","meta":{"_eb_attr":"","_jetpack_memberships_contains_paid_content":false,"footnotes":""},"categories":[8],"tags":[],"class_list":["post-5135","post","type-post","status-publish","format-standard","has-post-thumbnail","hentry","category-saude"],"yoast_head":"<!-- This site is optimized with the Yoast SEO plugin v26.5 - https:\/\/yoast.com\/wordpress\/plugins\/seo\/ -->\n<title>Anvisa aprova novo medicamento para tratar c\u00e2ncer de pulm\u00e3o e de bexiga - Not&iacute;cias em Destaque<\/title>\n<meta name=\"robots\" content=\"index, follow, max-snippet:-1, max-image-preview:large, max-video-preview:-1\" \/>\n<link rel=\"canonical\" href=\"https:\/\/noticiasemdestaque.com\/cd\/?p=5135\" \/>\n<meta property=\"og:locale\" content=\"pt_BR\" \/>\n<meta property=\"og:type\" content=\"article\" \/>\n<meta property=\"og:title\" content=\"Anvisa aprova novo medicamento para tratar c\u00e2ncer de pulm\u00e3o e de bexiga - Not&iacute;cias em Destaque\" \/>\n<meta property=\"og:description\" content=\"O Di\u00e1rio Oficial da Uni\u00e3o (DOU) de segunda-feira (9) confirmou o registro do medicamento Tecentriq (atezolizumabe), um produto biol\u00f3gico novo aprovado pela Ag\u00eancia Nacional de Vigil\u00e2ncia Sanit\u00e1ria (Anvisa) para tratamento de c\u00e2ncer de pulm\u00e3o e bexiga. Segundo a Anvisa, a subst\u00e2ncia ativa do Tecentriq, o atezolizumabe, \u00e9 um tipo de prote\u00edna projetada para reconhecer e se conectar \u00e0 prote\u00edna PD-L1, que est\u00e1 presente na superf\u00edcie de muitas c\u00e9lulas cancerosas. O PD-L1 atua para \u201cdesligar\u201d c\u00e9lulas imunes que, de outra forma, atacariam as c\u00e9lulas cancer\u00edgenas. Ao se conectar ao PD-L1 e reduzir seus efeitos, o atezolizumabe aumenta a capacidade do sistema imunol\u00f3gico para atacar as c\u00e9lulas cancerosas e, assim, diminuir a progress\u00e3o da doen\u00e7a. Fonte:Portal \u00a0Correio\" \/>\n<meta property=\"og:url\" content=\"https:\/\/noticiasemdestaque.com\/cd\/?p=5135\" \/>\n<meta property=\"og:site_name\" content=\"Not&iacute;cias em Destaque\" \/>\n<meta property=\"article:published_time\" content=\"2017-10-13T18:33:05+00:00\" \/>\n<meta property=\"og:image\" content=\"https:\/\/noticiasemdestaque.com\/cd\/wp-content\/uploads\/2017\/10\/remedio-300x187.jpg\" \/>\n\t<meta property=\"og:image:width\" content=\"300\" \/>\n\t<meta property=\"og:image:height\" content=\"187\" \/>\n\t<meta property=\"og:image:type\" content=\"image\/jpeg\" \/>\n<meta name=\"author\" content=\"Not\u00edcias em Destaque\" \/>\n<meta name=\"twitter:card\" content=\"summary_large_image\" \/>\n<meta name=\"twitter:label1\" content=\"Escrito por\" \/>\n\t<meta name=\"twitter:data1\" content=\"Not\u00edcias em Destaque\" \/>\n\t<meta name=\"twitter:label2\" content=\"Est. tempo de leitura\" \/>\n\t<meta name=\"twitter:data2\" content=\"1 minuto\" \/>\n<script type=\"application\/ld+json\" class=\"yoast-schema-graph\">{\"@context\":\"https:\/\/schema.org\",\"@graph\":[{\"@type\":\"Article\",\"@id\":\"https:\/\/noticiasemdestaque.com\/cd\/?p=5135#article\",\"isPartOf\":{\"@id\":\"https:\/\/noticiasemdestaque.com\/cd\/?p=5135\"},\"author\":{\"name\":\"Not\u00edcias em Destaque\",\"@id\":\"https:\/\/noticiasemdestaque.com\/cd\/#\/schema\/person\/21320b03a7e8bb90128938dafc9b908a\"},\"headline\":\"Anvisa aprova novo medicamento para tratar c\u00e2ncer de pulm\u00e3o e de bexiga\",\"datePublished\":\"2017-10-13T18:33:05+00:00\",\"mainEntityOfPage\":{\"@id\":\"https:\/\/noticiasemdestaque.com\/cd\/?p=5135\"},\"wordCount\":147,\"publisher\":{\"@id\":\"https:\/\/noticiasemdestaque.com\/cd\/#organization\"},\"image\":{\"@id\":\"https:\/\/noticiasemdestaque.com\/cd\/?p=5135#primaryimage\"},\"thumbnailUrl\":\"https:\/\/noticiasemdestaque.com\/cd\/wp-content\/uploads\/2017\/10\/remedio-300x187.jpg\",\"articleSection\":[\"Sa\u00fade\"],\"inLanguage\":\"pt-BR\"},{\"@type\":\"WebPage\",\"@id\":\"https:\/\/noticiasemdestaque.com\/cd\/?p=5135\",\"url\":\"https:\/\/noticiasemdestaque.com\/cd\/?p=5135\",\"name\":\"Anvisa aprova novo medicamento para tratar c\u00e2ncer de pulm\u00e3o e de bexiga - Not&iacute;cias em Destaque\",\"isPartOf\":{\"@id\":\"https:\/\/noticiasemdestaque.com\/cd\/#website\"},\"primaryImageOfPage\":{\"@id\":\"https:\/\/noticiasemdestaque.com\/cd\/?p=5135#primaryimage\"},\"image\":{\"@id\":\"https:\/\/noticiasemdestaque.com\/cd\/?p=5135#primaryimage\"},\"thumbnailUrl\":\"https:\/\/noticiasemdestaque.com\/cd\/wp-content\/uploads\/2017\/10\/remedio-300x187.jpg\",\"datePublished\":\"2017-10-13T18:33:05+00:00\",\"breadcrumb\":{\"@id\":\"https:\/\/noticiasemdestaque.com\/cd\/?p=5135#breadcrumb\"},\"inLanguage\":\"pt-BR\",\"potentialAction\":[{\"@type\":\"ReadAction\",\"target\":[\"https:\/\/noticiasemdestaque.com\/cd\/?p=5135\"]}]},{\"@type\":\"ImageObject\",\"inLanguage\":\"pt-BR\",\"@id\":\"https:\/\/noticiasemdestaque.com\/cd\/?p=5135#primaryimage\",\"url\":\"https:\/\/noticiasemdestaque.com\/cd\/wp-content\/uploads\/2017\/10\/remedio-300x187.jpg\",\"contentUrl\":\"https:\/\/noticiasemdestaque.com\/cd\/wp-content\/uploads\/2017\/10\/remedio-300x187.jpg\",\"width\":300,\"height\":187},{\"@type\":\"BreadcrumbList\",\"@id\":\"https:\/\/noticiasemdestaque.com\/cd\/?p=5135#breadcrumb\",\"itemListElement\":[{\"@type\":\"ListItem\",\"position\":1,\"name\":\"In\u00edcio\",\"item\":\"https:\/\/noticiasemdestaque.com\/cd\/\"},{\"@type\":\"ListItem\",\"position\":2,\"name\":\"Anvisa aprova novo medicamento para tratar c\u00e2ncer de pulm\u00e3o e de bexiga\"}]},{\"@type\":\"WebSite\",\"@id\":\"https:\/\/noticiasemdestaque.com\/cd\/#website\",\"url\":\"https:\/\/noticiasemdestaque.com\/cd\/\",\"name\":\"Not&iacute;cias em Destaque\",\"description\":\"\",\"publisher\":{\"@id\":\"https:\/\/noticiasemdestaque.com\/cd\/#organization\"},\"potentialAction\":[{\"@type\":\"SearchAction\",\"target\":{\"@type\":\"EntryPoint\",\"urlTemplate\":\"https:\/\/noticiasemdestaque.com\/cd\/?s={search_term_string}\"},\"query-input\":{\"@type\":\"PropertyValueSpecification\",\"valueRequired\":true,\"valueName\":\"search_term_string\"}}],\"inLanguage\":\"pt-BR\"},{\"@type\":\"Organization\",\"@id\":\"https:\/\/noticiasemdestaque.com\/cd\/#organization\",\"name\":\"Not\u00edcias em Destaque\",\"url\":\"https:\/\/noticiasemdestaque.com\/cd\/\",\"logo\":{\"@type\":\"ImageObject\",\"inLanguage\":\"pt-BR\",\"@id\":\"https:\/\/noticiasemdestaque.com\/cd\/#\/schema\/logo\/image\/\",\"url\":\"https:\/\/noticiasemdestaque.com\/cd\/wp-content\/uploads\/2022\/05\/imagem-base-noticiasemdestaque.png\",\"contentUrl\":\"https:\/\/noticiasemdestaque.com\/cd\/wp-content\/uploads\/2022\/05\/imagem-base-noticiasemdestaque.png\",\"width\":1200,\"height\":630,\"caption\":\"Not\u00edcias em Destaque\"},\"image\":{\"@id\":\"https:\/\/noticiasemdestaque.com\/cd\/#\/schema\/logo\/image\/\"}},{\"@type\":\"Person\",\"@id\":\"https:\/\/noticiasemdestaque.com\/cd\/#\/schema\/person\/21320b03a7e8bb90128938dafc9b908a\",\"name\":\"Not\u00edcias em Destaque\",\"url\":\"https:\/\/noticiasemdestaque.com\/cd\/?author=2\"}]}<\/script>\n<!-- \/ Yoast SEO plugin. -->","yoast_head_json":{"title":"Anvisa aprova novo medicamento para tratar c\u00e2ncer de pulm\u00e3o e de bexiga - Not&iacute;cias em Destaque","robots":{"index":"index","follow":"follow","max-snippet":"max-snippet:-1","max-image-preview":"max-image-preview:large","max-video-preview":"max-video-preview:-1"},"canonical":"https:\/\/noticiasemdestaque.com\/cd\/?p=5135","og_locale":"pt_BR","og_type":"article","og_title":"Anvisa aprova novo medicamento para tratar c\u00e2ncer de pulm\u00e3o e de bexiga - Not&iacute;cias em Destaque","og_description":"O Di\u00e1rio Oficial da Uni\u00e3o (DOU) de segunda-feira (9) confirmou o registro do medicamento Tecentriq (atezolizumabe), um produto biol\u00f3gico novo aprovado pela Ag\u00eancia Nacional de Vigil\u00e2ncia Sanit\u00e1ria (Anvisa) para tratamento de c\u00e2ncer de pulm\u00e3o e bexiga. Segundo a Anvisa, a subst\u00e2ncia ativa do Tecentriq, o atezolizumabe, \u00e9 um tipo de prote\u00edna projetada para reconhecer e se conectar \u00e0 prote\u00edna PD-L1, que est\u00e1 presente na superf\u00edcie de muitas c\u00e9lulas cancerosas. O PD-L1 atua para \u201cdesligar\u201d c\u00e9lulas imunes que, de outra forma, atacariam as c\u00e9lulas cancer\u00edgenas. Ao se conectar ao PD-L1 e reduzir seus efeitos, o atezolizumabe aumenta a capacidade do sistema imunol\u00f3gico para atacar as c\u00e9lulas cancerosas e, assim, diminuir a progress\u00e3o da doen\u00e7a. Fonte:Portal \u00a0Correio","og_url":"https:\/\/noticiasemdestaque.com\/cd\/?p=5135","og_site_name":"Not&iacute;cias em Destaque","article_published_time":"2017-10-13T18:33:05+00:00","og_image":[{"width":300,"height":187,"url":"https:\/\/noticiasemdestaque.com\/cd\/wp-content\/uploads\/2017\/10\/remedio-300x187.jpg","type":"image\/jpeg"}],"author":"Not\u00edcias em Destaque","twitter_card":"summary_large_image","twitter_misc":{"Escrito por":"Not\u00edcias em Destaque","Est. tempo de leitura":"1 minuto"},"schema":{"@context":"https:\/\/schema.org","@graph":[{"@type":"Article","@id":"https:\/\/noticiasemdestaque.com\/cd\/?p=5135#article","isPartOf":{"@id":"https:\/\/noticiasemdestaque.com\/cd\/?p=5135"},"author":{"name":"Not\u00edcias em Destaque","@id":"https:\/\/noticiasemdestaque.com\/cd\/#\/schema\/person\/21320b03a7e8bb90128938dafc9b908a"},"headline":"Anvisa aprova novo medicamento para tratar c\u00e2ncer de pulm\u00e3o e de bexiga","datePublished":"2017-10-13T18:33:05+00:00","mainEntityOfPage":{"@id":"https:\/\/noticiasemdestaque.com\/cd\/?p=5135"},"wordCount":147,"publisher":{"@id":"https:\/\/noticiasemdestaque.com\/cd\/#organization"},"image":{"@id":"https:\/\/noticiasemdestaque.com\/cd\/?p=5135#primaryimage"},"thumbnailUrl":"https:\/\/noticiasemdestaque.com\/cd\/wp-content\/uploads\/2017\/10\/remedio-300x187.jpg","articleSection":["Sa\u00fade"],"inLanguage":"pt-BR"},{"@type":"WebPage","@id":"https:\/\/noticiasemdestaque.com\/cd\/?p=5135","url":"https:\/\/noticiasemdestaque.com\/cd\/?p=5135","name":"Anvisa aprova novo medicamento para tratar c\u00e2ncer de pulm\u00e3o e de bexiga - Not&iacute;cias em Destaque","isPartOf":{"@id":"https:\/\/noticiasemdestaque.com\/cd\/#website"},"primaryImageOfPage":{"@id":"https:\/\/noticiasemdestaque.com\/cd\/?p=5135#primaryimage"},"image":{"@id":"https:\/\/noticiasemdestaque.com\/cd\/?p=5135#primaryimage"},"thumbnailUrl":"https:\/\/noticiasemdestaque.com\/cd\/wp-content\/uploads\/2017\/10\/remedio-300x187.jpg","datePublished":"2017-10-13T18:33:05+00:00","breadcrumb":{"@id":"https:\/\/noticiasemdestaque.com\/cd\/?p=5135#breadcrumb"},"inLanguage":"pt-BR","potentialAction":[{"@type":"ReadAction","target":["https:\/\/noticiasemdestaque.com\/cd\/?p=5135"]}]},{"@type":"ImageObject","inLanguage":"pt-BR","@id":"https:\/\/noticiasemdestaque.com\/cd\/?p=5135#primaryimage","url":"https:\/\/noticiasemdestaque.com\/cd\/wp-content\/uploads\/2017\/10\/remedio-300x187.jpg","contentUrl":"https:\/\/noticiasemdestaque.com\/cd\/wp-content\/uploads\/2017\/10\/remedio-300x187.jpg","width":300,"height":187},{"@type":"BreadcrumbList","@id":"https:\/\/noticiasemdestaque.com\/cd\/?p=5135#breadcrumb","itemListElement":[{"@type":"ListItem","position":1,"name":"In\u00edcio","item":"https:\/\/noticiasemdestaque.com\/cd\/"},{"@type":"ListItem","position":2,"name":"Anvisa aprova novo medicamento para tratar c\u00e2ncer de pulm\u00e3o e de bexiga"}]},{"@type":"WebSite","@id":"https:\/\/noticiasemdestaque.com\/cd\/#website","url":"https:\/\/noticiasemdestaque.com\/cd\/","name":"Not&iacute;cias em Destaque","description":"","publisher":{"@id":"https:\/\/noticiasemdestaque.com\/cd\/#organization"},"potentialAction":[{"@type":"SearchAction","target":{"@type":"EntryPoint","urlTemplate":"https:\/\/noticiasemdestaque.com\/cd\/?s={search_term_string}"},"query-input":{"@type":"PropertyValueSpecification","valueRequired":true,"valueName":"search_term_string"}}],"inLanguage":"pt-BR"},{"@type":"Organization","@id":"https:\/\/noticiasemdestaque.com\/cd\/#organization","name":"Not\u00edcias em Destaque","url":"https:\/\/noticiasemdestaque.com\/cd\/","logo":{"@type":"ImageObject","inLanguage":"pt-BR","@id":"https:\/\/noticiasemdestaque.com\/cd\/#\/schema\/logo\/image\/","url":"https:\/\/noticiasemdestaque.com\/cd\/wp-content\/uploads\/2022\/05\/imagem-base-noticiasemdestaque.png","contentUrl":"https:\/\/noticiasemdestaque.com\/cd\/wp-content\/uploads\/2022\/05\/imagem-base-noticiasemdestaque.png","width":1200,"height":630,"caption":"Not\u00edcias em Destaque"},"image":{"@id":"https:\/\/noticiasemdestaque.com\/cd\/#\/schema\/logo\/image\/"}},{"@type":"Person","@id":"https:\/\/noticiasemdestaque.com\/cd\/#\/schema\/person\/21320b03a7e8bb90128938dafc9b908a","name":"Not\u00edcias em Destaque","url":"https:\/\/noticiasemdestaque.com\/cd\/?author=2"}]}},"jetpack_featured_media_url":"https:\/\/noticiasemdestaque.com\/cd\/wp-content\/uploads\/2017\/10\/remedio-300x187.jpg","jetpack_sharing_enabled":true,"_links":{"self":[{"href":"https:\/\/noticiasemdestaque.com\/cd\/index.php?rest_route=\/wp\/v2\/posts\/5135","targetHints":{"allow":["GET"]}}],"collection":[{"href":"https:\/\/noticiasemdestaque.com\/cd\/index.php?rest_route=\/wp\/v2\/posts"}],"about":[{"href":"https:\/\/noticiasemdestaque.com\/cd\/index.php?rest_route=\/wp\/v2\/types\/post"}],"author":[{"embeddable":true,"href":"https:\/\/noticiasemdestaque.com\/cd\/index.php?rest_route=\/wp\/v2\/users\/2"}],"replies":[{"embeddable":true,"href":"https:\/\/noticiasemdestaque.com\/cd\/index.php?rest_route=%2Fwp%2Fv2%2Fcomments&post=5135"}],"version-history":[{"count":1,"href":"https:\/\/noticiasemdestaque.com\/cd\/index.php?rest_route=\/wp\/v2\/posts\/5135\/revisions"}],"predecessor-version":[{"id":5137,"href":"https:\/\/noticiasemdestaque.com\/cd\/index.php?rest_route=\/wp\/v2\/posts\/5135\/revisions\/5137"}],"wp:featuredmedia":[{"embeddable":true,"href":"https:\/\/noticiasemdestaque.com\/cd\/index.php?rest_route=\/wp\/v2\/media\/5136"}],"wp:attachment":[{"href":"https:\/\/noticiasemdestaque.com\/cd\/index.php?rest_route=%2Fwp%2Fv2%2Fmedia&parent=5135"}],"wp:term":[{"taxonomy":"category","embeddable":true,"href":"https:\/\/noticiasemdestaque.com\/cd\/index.php?rest_route=%2Fwp%2Fv2%2Fcategories&post=5135"},{"taxonomy":"post_tag","embeddable":true,"href":"https:\/\/noticiasemdestaque.com\/cd\/index.php?rest_route=%2Fwp%2Fv2%2Ftags&post=5135"}],"curies":[{"name":"wp","href":"https:\/\/api.w.org\/{rel}","templated":true}]}}