{"id":51306,"date":"2023-09-08T09:46:57","date_gmt":"2023-09-08T12:46:57","guid":{"rendered":"https:\/\/noticiasemdestaque.com\/cd\/?p=51306"},"modified":"2023-09-08T09:46:57","modified_gmt":"2023-09-08T12:46:57","slug":"de-tecnico-novo-selecao-estreia-nas-eliminatorias-para-a-copa-de-2026","status":"publish","type":"post","link":"https:\/\/noticiasemdestaque.com\/cd\/?p=51306","title":{"rendered":"De t\u00e9cnico novo, sele\u00e7\u00e3o estreia nas Eliminat\u00f3rias para a Copa de 2026"},"content":{"rendered":"<p><a href=\"https:\/\/noticiasemdestaque.com\/cd\/wp-content\/uploads\/2023\/09\/neymar_mangueirao_belem_eliminatorias_treino.jpg\"><img fetchpriority=\"high\" decoding=\"async\" class=\" wp-image-51307 aligncenter\" src=\"https:\/\/noticiasemdestaque.com\/cd\/wp-content\/uploads\/2023\/09\/neymar_mangueirao_belem_eliminatorias_treino-300x179.jpg\" alt=\"\" width=\"809\" height=\"483\" srcset=\"https:\/\/noticiasemdestaque.com\/cd\/wp-content\/uploads\/2023\/09\/neymar_mangueirao_belem_eliminatorias_treino-300x179.jpg 300w, https:\/\/noticiasemdestaque.com\/cd\/wp-content\/uploads\/2023\/09\/neymar_mangueirao_belem_eliminatorias_treino-1024x613.jpg 1024w, https:\/\/noticiasemdestaque.com\/cd\/wp-content\/uploads\/2023\/09\/neymar_mangueirao_belem_eliminatorias_treino-768x459.jpg 768w, https:\/\/noticiasemdestaque.com\/cd\/wp-content\/uploads\/2023\/09\/neymar_mangueirao_belem_eliminatorias_treino-18x12.jpg 18w, https:\/\/noticiasemdestaque.com\/cd\/wp-content\/uploads\/2023\/09\/neymar_mangueirao_belem_eliminatorias_treino.jpg 1170w\" sizes=\"(max-width: 809px) 100vw, 809px\" \/><\/a><\/p>\n<p>Nesta sexta-feira (8), o Brasil abre sua participa\u00e7\u00e3o nas Eliminat\u00f3rias para a Copa do Mundo de 2026 diante da Bol\u00edvia, no est\u00e1dio Mangueir\u00e3o, em Bel\u00e9m, \u00e0s 21h45 (hor\u00e1rio de Bras\u00edlia). O come\u00e7o da caminhada \u00e9 tamb\u00e9m o primeiro compromisso de Fernando Diniz como t\u00e9cnico interino da sele\u00e7\u00e3o desde que foi anunciado para o cargo, em julho.<\/p>\n<div class=\"dnd-widget-wrapper context-cheio_8colunas type-image\">\n<div class=\"dnd-atom-rendered\">\n<div class=\"shadow overflow-hidden rounded-lg d-block w-100\"><img decoding=\"async\" class=\"flex-fill img-cover aligncenter\" title=\"Vitor Silva\/CBF\/Direitos Reservados\" src=\"https:\/\/imagens.ebc.com.br\/1YvQ2kL0ShyVeeW7QpMX6tblB_g=\/754x0\/smart\/https:\/\/agenciabrasil.ebc.com.br\/sites\/default\/files\/thumbnails\/image\/fernando_diniz_treino_da_selecao.jpg?itok=1HI7_rQ2\" alt=\"Fernando Diniz.Treino da Sele\u00e7\u00e3o Brasileira no Est\u00e1dio Mangueir\u00e3o, Bel\u00e9m do Par\u00e1 \" \/><\/div>\n<\/div>\n<div class=\"dnd-caption-wrapper\">\n<h6 class=\"meta\">Anunciado pela CBF em julho, o t\u00e9cnico interino comandar\u00e1 pela primeira vez a sele\u00e7\u00e3o brasileira masculina \u00e0 beira do campo na noite desta sexta (8), na estreia contra a Bol\u00edvia, pelas Eliminat\u00f3rias Sul-Americanas.\u00a0&#8211;\u00a0<strong>Vitor Silva\/CBF\/Direitos Reservados<\/strong><\/h6>\n<\/div>\n<\/div>\n<p>Os 23 convocados pelo comandante do Fluminense come\u00e7aram a se apresentar para os treinos em Bel\u00e9m na \u00faltima segunda-feira (4). O \u00faltimo a chegar foi o atacante Gabriel Jesus, do Arsenal, chamado ap\u00f3s a desconvoca\u00e7\u00e3o de Antony, do Manchester United, investigado por agress\u00f5es \u00e0 ex-namorada\u00a0Gabriela Cavallin.<\/p>\n<p>A expectativa \u00e9 que Diniz leve a campo a seguinte forma\u00e7\u00e3o: Ederson, Danilo, Marquinhos, Gabriel Magalh\u00e3es e Renan Lodi; Casemiro, Bruno Guimar\u00e3es, Neymar e Rodrygo; Raphinha e Richarlison.<\/p>\n<p>Fora das primeiras listas depois da Copa de 2022, feitas por Ramon Menezes, Neymar, agora atuando no Al-Hilal, da Ar\u00e1bia Saudita, tem a chance de fazer hist\u00f3ria no Mangueir\u00e3o. Se marcar, chega a 78 gols pelo Brasil, ultrapassa Pel\u00e9 e se torna de forma isolada o maior artilheiro da hist\u00f3ria da sele\u00e7\u00e3o, de acordo com as contas da FIFA. Vale lembrar que, para a CBF, que contabiliza outros gols em amistosos, Pel\u00e9 marcou 95 gols com a camisa verde e amarela.<\/p>\n<p>J\u00e1 se sabe que Neymar, assim como Pel\u00e9, usar\u00e1 a 10 nesta sexta-feira (8). A CBF divulgou a numera\u00e7\u00e3o para os dois pr\u00f3ximos jogos da sele\u00e7\u00e3o pelas Eliminat\u00f3rias.<\/p>\n<p><iframe id=\"instagram-embed-0\" class=\"instagram-media instagram-media-rendered\" src=\"https:\/\/www.instagram.com\/reel\/Cw3uqoWtTsf\/embed\/captioned\/?cr=1&amp;v=14&amp;wp=540&amp;rd=https%3A%2F%2Fagenciabrasil.ebc.com.br&amp;rp=%2Fesportes%2Fnoticia%2F2023-09%2Fde-tecnico-novo-selecao-estreia-nas-eliminatorias-para-copa-de-2026#%7B%22ci%22%3A0%2C%22os%22%3A606.5%2C%22ls%22%3A106.59999999403954%2C%22le%22%3A451%7D\" height=\"1131\" frameborder=\"0\" scrolling=\"no\" allowfullscreen=\"allowfullscreen\" data-instgrm-payload-id=\"instagram-media-payload-0\" data-mce-fragment=\"1\"><\/iframe><\/p>\n<p>Outro ponto de interesse \u00e9 ver como o estilo de Diniz ser\u00e1 colocado em pr\u00e1tica na sele\u00e7\u00e3o. Contratado para fazer a ponte para o pr\u00f3ximo t\u00e9cnico que deve assumir a partir de 2024 &#8211; especula-se o nome do italiano Carlo Ancelotti, do Real Madrid &#8211; Diniz, que tem um ano de contrato, \u00e9 conhecido por ser adepto da manuten\u00e7\u00e3o da posse de bola desde o campo de defesa e pela preocupa\u00e7\u00e3o com o lado est\u00e9tico do jogo, pensando em praticar um futebol vistoso. Nove atletas do grupo atual j\u00e1 foram treinados por ele em algum momento da carreira. Outros ainda est\u00e3o sendo apresentados aos conceitos do treinador, como o volante Casemiro, que foi o capit\u00e3o da sele\u00e7\u00e3o nos \u00faltimos jogos.<\/p>\n<blockquote><p>\u201cN\u00f3s sabemos que cada treinador tem sua filosofia, suas qualidades, sua forma de jogar. O Fernando Diniz est\u00e1 nos mostrando v\u00eddeos, est\u00e1 nos dizendo como gosta de ver o time jogar. J\u00e1 temos uma base que veio da Copa do Mundo. N\u00e3o vai ser problema essa adapta\u00e7\u00e3o\u201d, acredita Casemiro.<\/p><\/blockquote>\n<p>Depois da Bol\u00edvia, o Brasil enfrentar\u00e1 o Peru, em Lima, na pr\u00f3xima ter\u00e7a-feira (12), \u00e0s 23h de Bras\u00edlia. Com o aumento do n\u00famero de participantes para 48 sele\u00e7\u00f5es na pr\u00f3xima Copa, agora as Eliminat\u00f3rias Sul-Americanas fornecem seis vagas diretas e a possibilidade de mais uma na repescagem.<\/p>\n<p>Como de costume, s\u00e3o dez pa\u00edses na disputa (Argentina, Bol\u00edvia, Brasil, Chile, Col\u00f4mbia, Equador, Paraguai, Peru, Uruguai e Venezuela) que se enfrentam em turno e returno, totalizando 18 partidas para cada equipe. A \u00faltima rodada est\u00e1 prevista para acontecer em 9 de setembro de 2025. As seis primeiras rodadas ser\u00e3o disputadas ainda em 2023.<\/p>\n<p><strong>Noticias em Destaque<\/strong><\/p>\n<p style=\"text-align: right;\"><em>Fonte: Ag\u00eancia Brasil<\/em><\/p>\n","protected":false},"excerpt":{"rendered":"<p>Nesta sexta-feira (8), o Brasil abre sua participa\u00e7\u00e3o nas Eliminat\u00f3rias para a Copa do Mundo de 2026 diante da Bol\u00edvia, no est\u00e1dio Mangueir\u00e3o, em Bel\u00e9m, \u00e0s 21h45 (hor\u00e1rio de Bras\u00edlia). O come\u00e7o da caminhada \u00e9 tamb\u00e9m o primeiro compromisso de Fernando Diniz como t\u00e9cnico interino da sele\u00e7\u00e3o desde que foi anunciado para o cargo, em julho. Anunciado pela CBF em julho, o t\u00e9cnico interino comandar\u00e1 pela primeira vez a sele\u00e7\u00e3o brasileira masculina \u00e0 beira do campo na noite desta sexta (8), na estreia contra a Bol\u00edvia, pelas Eliminat\u00f3rias Sul-Americanas.\u00a0&#8211;\u00a0Vitor Silva\/CBF\/Direitos Reservados Os 23 convocados pelo comandante do Fluminense come\u00e7aram a se apresentar para os treinos em Bel\u00e9m na \u00faltima segunda-feira (4). O \u00faltimo a chegar foi o atacante Gabriel Jesus, do Arsenal, chamado ap\u00f3s a desconvoca\u00e7\u00e3o de Antony, do Manchester United, investigado por agress\u00f5es \u00e0 ex-namorada\u00a0Gabriela Cavallin. A expectativa \u00e9 que Diniz leve a campo a seguinte forma\u00e7\u00e3o: Ederson, Danilo, Marquinhos, Gabriel Magalh\u00e3es e Renan Lodi; Casemiro, Bruno Guimar\u00e3es, Neymar e Rodrygo; Raphinha e Richarlison. Fora das primeiras listas depois da Copa de 2022, feitas por Ramon Menezes, Neymar, agora atuando no Al-Hilal, da Ar\u00e1bia Saudita, tem a chance de fazer hist\u00f3ria no Mangueir\u00e3o. Se marcar, chega a 78 gols pelo Brasil, ultrapassa Pel\u00e9 e se torna de forma isolada o maior artilheiro da hist\u00f3ria da sele\u00e7\u00e3o, de acordo com as contas da FIFA. Vale lembrar que, para a CBF, que contabiliza outros gols em amistosos, Pel\u00e9 marcou 95 gols com a camisa verde e amarela. J\u00e1 se sabe que Neymar, assim como Pel\u00e9, usar\u00e1 a 10 nesta sexta-feira (8). A CBF divulgou a numera\u00e7\u00e3o para os dois pr\u00f3ximos jogos da sele\u00e7\u00e3o pelas Eliminat\u00f3rias. Outro ponto de interesse \u00e9 ver como o estilo de Diniz ser\u00e1 colocado em pr\u00e1tica na sele\u00e7\u00e3o. Contratado para fazer a ponte para o pr\u00f3ximo t\u00e9cnico que deve assumir a partir de 2024 &#8211; especula-se o nome do italiano Carlo Ancelotti, do Real Madrid &#8211; Diniz, que tem um ano de contrato, \u00e9 conhecido por ser adepto da manuten\u00e7\u00e3o da posse de bola desde o campo de defesa e pela preocupa\u00e7\u00e3o com o lado est\u00e9tico do jogo, pensando em praticar um futebol vistoso. Nove atletas do grupo atual j\u00e1 foram treinados por ele em algum momento da carreira. Outros ainda est\u00e3o sendo apresentados aos conceitos do treinador, como o volante Casemiro, que foi o capit\u00e3o da sele\u00e7\u00e3o nos \u00faltimos jogos. \u201cN\u00f3s sabemos que cada treinador tem sua filosofia, suas qualidades, sua forma de jogar. O Fernando Diniz est\u00e1 nos mostrando v\u00eddeos, est\u00e1 nos dizendo como gosta de ver o time jogar. J\u00e1 temos uma base que veio da Copa do Mundo. N\u00e3o vai ser problema essa adapta\u00e7\u00e3o\u201d, acredita Casemiro. Depois da Bol\u00edvia, o Brasil enfrentar\u00e1 o Peru, em Lima, na pr\u00f3xima ter\u00e7a-feira (12), \u00e0s 23h de Bras\u00edlia. Com o aumento do n\u00famero de participantes para 48 sele\u00e7\u00f5es na pr\u00f3xima Copa, agora as Eliminat\u00f3rias Sul-Americanas fornecem seis vagas diretas e a possibilidade de mais uma na repescagem. Como de costume, s\u00e3o dez pa\u00edses na disputa (Argentina, Bol\u00edvia, Brasil, Chile, Col\u00f4mbia, Equador, Paraguai, Peru, Uruguai e Venezuela) que se enfrentam em turno e returno, totalizando 18 partidas para cada equipe. A \u00faltima rodada est\u00e1 prevista para acontecer em 9 de setembro de 2025. As seis primeiras rodadas ser\u00e3o disputadas ainda em 2023. Noticias em Destaque Fonte: Ag\u00eancia Brasil<\/p>\n","protected":false},"author":2,"featured_media":51307,"comment_status":"closed","ping_status":"open","sticky":false,"template":"","format":"standard","meta":{"_eb_attr":"","_jetpack_memberships_contains_paid_content":false,"footnotes":""},"categories":[15],"tags":[],"class_list":["post-51306","post","type-post","status-publish","format-standard","has-post-thumbnail","hentry","category-esporte"],"yoast_head":"<!-- This site is optimized with the Yoast SEO plugin v26.5 - https:\/\/yoast.com\/wordpress\/plugins\/seo\/ -->\n<title>De t\u00e9cnico novo, sele\u00e7\u00e3o estreia nas Eliminat\u00f3rias para a Copa de 2026 - Not&iacute;cias em Destaque<\/title>\n<meta name=\"robots\" content=\"index, follow, max-snippet:-1, max-image-preview:large, max-video-preview:-1\" \/>\n<link rel=\"canonical\" href=\"https:\/\/noticiasemdestaque.com\/cd\/?p=51306\" \/>\n<meta property=\"og:locale\" content=\"pt_BR\" \/>\n<meta property=\"og:type\" content=\"article\" \/>\n<meta property=\"og:title\" content=\"De t\u00e9cnico novo, sele\u00e7\u00e3o estreia nas Eliminat\u00f3rias para a Copa de 2026 - Not&iacute;cias em Destaque\" \/>\n<meta property=\"og:description\" content=\"Nesta sexta-feira (8), o Brasil abre sua participa\u00e7\u00e3o nas Eliminat\u00f3rias para a Copa do Mundo de 2026 diante da Bol\u00edvia, no est\u00e1dio Mangueir\u00e3o, em Bel\u00e9m, \u00e0s 21h45 (hor\u00e1rio de Bras\u00edlia). O come\u00e7o da caminhada \u00e9 tamb\u00e9m o primeiro compromisso de Fernando Diniz como t\u00e9cnico interino da sele\u00e7\u00e3o desde que foi anunciado para o cargo, em julho. Anunciado pela CBF em julho, o t\u00e9cnico interino comandar\u00e1 pela primeira vez a sele\u00e7\u00e3o brasileira masculina \u00e0 beira do campo na noite desta sexta (8), na estreia contra a Bol\u00edvia, pelas Eliminat\u00f3rias Sul-Americanas.\u00a0&#8211;\u00a0Vitor Silva\/CBF\/Direitos Reservados Os 23 convocados pelo comandante do Fluminense come\u00e7aram a se apresentar para os treinos em Bel\u00e9m na \u00faltima segunda-feira (4). O \u00faltimo a chegar foi o atacante Gabriel Jesus, do Arsenal, chamado ap\u00f3s a desconvoca\u00e7\u00e3o de Antony, do Manchester United, investigado por agress\u00f5es \u00e0 ex-namorada\u00a0Gabriela Cavallin. A expectativa \u00e9 que Diniz leve a campo a seguinte forma\u00e7\u00e3o: Ederson, Danilo, Marquinhos, Gabriel Magalh\u00e3es e Renan Lodi; Casemiro, Bruno Guimar\u00e3es, Neymar e Rodrygo; Raphinha e Richarlison. Fora das primeiras listas depois da Copa de 2022, feitas por Ramon Menezes, Neymar, agora atuando no Al-Hilal, da Ar\u00e1bia Saudita, tem a chance de fazer hist\u00f3ria no Mangueir\u00e3o. Se marcar, chega a 78 gols pelo Brasil, ultrapassa Pel\u00e9 e se torna de forma isolada o maior artilheiro da hist\u00f3ria da sele\u00e7\u00e3o, de acordo com as contas da FIFA. Vale lembrar que, para a CBF, que contabiliza outros gols em amistosos, Pel\u00e9 marcou 95 gols com a camisa verde e amarela. J\u00e1 se sabe que Neymar, assim como Pel\u00e9, usar\u00e1 a 10 nesta sexta-feira (8). A CBF divulgou a numera\u00e7\u00e3o para os dois pr\u00f3ximos jogos da sele\u00e7\u00e3o pelas Eliminat\u00f3rias. Outro ponto de interesse \u00e9 ver como o estilo de Diniz ser\u00e1 colocado em pr\u00e1tica na sele\u00e7\u00e3o. Contratado para fazer a ponte para o pr\u00f3ximo t\u00e9cnico que deve assumir a partir de 2024 &#8211; especula-se o nome do italiano Carlo Ancelotti, do Real Madrid &#8211; Diniz, que tem um ano de contrato, \u00e9 conhecido por ser adepto da manuten\u00e7\u00e3o da posse de bola desde o campo de defesa e pela preocupa\u00e7\u00e3o com o lado est\u00e9tico do jogo, pensando em praticar um futebol vistoso. Nove atletas do grupo atual j\u00e1 foram treinados por ele em algum momento da carreira. Outros ainda est\u00e3o sendo apresentados aos conceitos do treinador, como o volante Casemiro, que foi o capit\u00e3o da sele\u00e7\u00e3o nos \u00faltimos jogos. \u201cN\u00f3s sabemos que cada treinador tem sua filosofia, suas qualidades, sua forma de jogar. O Fernando Diniz est\u00e1 nos mostrando v\u00eddeos, est\u00e1 nos dizendo como gosta de ver o time jogar. J\u00e1 temos uma base que veio da Copa do Mundo. N\u00e3o vai ser problema essa adapta\u00e7\u00e3o\u201d, acredita Casemiro. Depois da Bol\u00edvia, o Brasil enfrentar\u00e1 o Peru, em Lima, na pr\u00f3xima ter\u00e7a-feira (12), \u00e0s 23h de Bras\u00edlia. Com o aumento do n\u00famero de participantes para 48 sele\u00e7\u00f5es na pr\u00f3xima Copa, agora as Eliminat\u00f3rias Sul-Americanas fornecem seis vagas diretas e a possibilidade de mais uma na repescagem. Como de costume, s\u00e3o dez pa\u00edses na disputa (Argentina, Bol\u00edvia, Brasil, Chile, Col\u00f4mbia, Equador, Paraguai, Peru, Uruguai e Venezuela) que se enfrentam em turno e returno, totalizando 18 partidas para cada equipe. A \u00faltima rodada est\u00e1 prevista para acontecer em 9 de setembro de 2025. As seis primeiras rodadas ser\u00e3o disputadas ainda em 2023. Noticias em Destaque Fonte: Ag\u00eancia Brasil\" \/>\n<meta property=\"og:url\" content=\"https:\/\/noticiasemdestaque.com\/cd\/?p=51306\" \/>\n<meta property=\"og:site_name\" content=\"Not&iacute;cias em Destaque\" \/>\n<meta property=\"article:published_time\" content=\"2023-09-08T12:46:57+00:00\" \/>\n<meta property=\"og:image\" content=\"https:\/\/noticiasemdestaque.com\/cd\/wp-content\/uploads\/2023\/09\/neymar_mangueirao_belem_eliminatorias_treino.jpg\" \/>\n\t<meta property=\"og:image:width\" content=\"1170\" \/>\n\t<meta property=\"og:image:height\" content=\"700\" \/>\n\t<meta property=\"og:image:type\" content=\"image\/jpeg\" \/>\n<meta name=\"author\" content=\"Not\u00edcias em Destaque\" \/>\n<meta name=\"twitter:card\" content=\"summary_large_image\" \/>\n<meta name=\"twitter:label1\" content=\"Escrito por\" \/>\n\t<meta name=\"twitter:data1\" content=\"Not\u00edcias em Destaque\" \/>\n\t<meta name=\"twitter:label2\" content=\"Est. tempo de leitura\" \/>\n\t<meta name=\"twitter:data2\" content=\"4 minutos\" \/>\n<script type=\"application\/ld+json\" class=\"yoast-schema-graph\">{\"@context\":\"https:\/\/schema.org\",\"@graph\":[{\"@type\":\"Article\",\"@id\":\"https:\/\/noticiasemdestaque.com\/cd\/?p=51306#article\",\"isPartOf\":{\"@id\":\"https:\/\/noticiasemdestaque.com\/cd\/?p=51306\"},\"author\":{\"name\":\"Not\u00edcias em Destaque\",\"@id\":\"https:\/\/noticiasemdestaque.com\/cd\/#\/schema\/person\/21320b03a7e8bb90128938dafc9b908a\"},\"headline\":\"De t\u00e9cnico novo, sele\u00e7\u00e3o estreia nas Eliminat\u00f3rias para a Copa de 2026\",\"datePublished\":\"2023-09-08T12:46:57+00:00\",\"mainEntityOfPage\":{\"@id\":\"https:\/\/noticiasemdestaque.com\/cd\/?p=51306\"},\"wordCount\":607,\"publisher\":{\"@id\":\"https:\/\/noticiasemdestaque.com\/cd\/#organization\"},\"image\":{\"@id\":\"https:\/\/noticiasemdestaque.com\/cd\/?p=51306#primaryimage\"},\"thumbnailUrl\":\"https:\/\/noticiasemdestaque.com\/cd\/wp-content\/uploads\/2023\/09\/neymar_mangueirao_belem_eliminatorias_treino.jpg\",\"articleSection\":[\"Esporte\"],\"inLanguage\":\"pt-BR\"},{\"@type\":\"WebPage\",\"@id\":\"https:\/\/noticiasemdestaque.com\/cd\/?p=51306\",\"url\":\"https:\/\/noticiasemdestaque.com\/cd\/?p=51306\",\"name\":\"De t\u00e9cnico novo, sele\u00e7\u00e3o estreia nas Eliminat\u00f3rias para a Copa de 2026 - Not&iacute;cias em Destaque\",\"isPartOf\":{\"@id\":\"https:\/\/noticiasemdestaque.com\/cd\/#website\"},\"primaryImageOfPage\":{\"@id\":\"https:\/\/noticiasemdestaque.com\/cd\/?p=51306#primaryimage\"},\"image\":{\"@id\":\"https:\/\/noticiasemdestaque.com\/cd\/?p=51306#primaryimage\"},\"thumbnailUrl\":\"https:\/\/noticiasemdestaque.com\/cd\/wp-content\/uploads\/2023\/09\/neymar_mangueirao_belem_eliminatorias_treino.jpg\",\"datePublished\":\"2023-09-08T12:46:57+00:00\",\"breadcrumb\":{\"@id\":\"https:\/\/noticiasemdestaque.com\/cd\/?p=51306#breadcrumb\"},\"inLanguage\":\"pt-BR\",\"potentialAction\":[{\"@type\":\"ReadAction\",\"target\":[\"https:\/\/noticiasemdestaque.com\/cd\/?p=51306\"]}]},{\"@type\":\"ImageObject\",\"inLanguage\":\"pt-BR\",\"@id\":\"https:\/\/noticiasemdestaque.com\/cd\/?p=51306#primaryimage\",\"url\":\"https:\/\/noticiasemdestaque.com\/cd\/wp-content\/uploads\/2023\/09\/neymar_mangueirao_belem_eliminatorias_treino.jpg\",\"contentUrl\":\"https:\/\/noticiasemdestaque.com\/cd\/wp-content\/uploads\/2023\/09\/neymar_mangueirao_belem_eliminatorias_treino.jpg\",\"width\":1170,\"height\":700},{\"@type\":\"BreadcrumbList\",\"@id\":\"https:\/\/noticiasemdestaque.com\/cd\/?p=51306#breadcrumb\",\"itemListElement\":[{\"@type\":\"ListItem\",\"position\":1,\"name\":\"In\u00edcio\",\"item\":\"https:\/\/noticiasemdestaque.com\/cd\/\"},{\"@type\":\"ListItem\",\"position\":2,\"name\":\"De t\u00e9cnico novo, sele\u00e7\u00e3o estreia nas Eliminat\u00f3rias para a Copa de 2026\"}]},{\"@type\":\"WebSite\",\"@id\":\"https:\/\/noticiasemdestaque.com\/cd\/#website\",\"url\":\"https:\/\/noticiasemdestaque.com\/cd\/\",\"name\":\"Not&iacute;cias em Destaque\",\"description\":\"\",\"publisher\":{\"@id\":\"https:\/\/noticiasemdestaque.com\/cd\/#organization\"},\"potentialAction\":[{\"@type\":\"SearchAction\",\"target\":{\"@type\":\"EntryPoint\",\"urlTemplate\":\"https:\/\/noticiasemdestaque.com\/cd\/?s={search_term_string}\"},\"query-input\":{\"@type\":\"PropertyValueSpecification\",\"valueRequired\":true,\"valueName\":\"search_term_string\"}}],\"inLanguage\":\"pt-BR\"},{\"@type\":\"Organization\",\"@id\":\"https:\/\/noticiasemdestaque.com\/cd\/#organization\",\"name\":\"Not\u00edcias em Destaque\",\"url\":\"https:\/\/noticiasemdestaque.com\/cd\/\",\"logo\":{\"@type\":\"ImageObject\",\"inLanguage\":\"pt-BR\",\"@id\":\"https:\/\/noticiasemdestaque.com\/cd\/#\/schema\/logo\/image\/\",\"url\":\"https:\/\/noticiasemdestaque.com\/cd\/wp-content\/uploads\/2022\/05\/imagem-base-noticiasemdestaque.png\",\"contentUrl\":\"https:\/\/noticiasemdestaque.com\/cd\/wp-content\/uploads\/2022\/05\/imagem-base-noticiasemdestaque.png\",\"width\":1200,\"height\":630,\"caption\":\"Not\u00edcias em Destaque\"},\"image\":{\"@id\":\"https:\/\/noticiasemdestaque.com\/cd\/#\/schema\/logo\/image\/\"}},{\"@type\":\"Person\",\"@id\":\"https:\/\/noticiasemdestaque.com\/cd\/#\/schema\/person\/21320b03a7e8bb90128938dafc9b908a\",\"name\":\"Not\u00edcias em Destaque\",\"url\":\"https:\/\/noticiasemdestaque.com\/cd\/?author=2\"}]}<\/script>\n<!-- \/ Yoast SEO plugin. -->","yoast_head_json":{"title":"De t\u00e9cnico novo, sele\u00e7\u00e3o estreia nas Eliminat\u00f3rias para a Copa de 2026 - Not&iacute;cias em Destaque","robots":{"index":"index","follow":"follow","max-snippet":"max-snippet:-1","max-image-preview":"max-image-preview:large","max-video-preview":"max-video-preview:-1"},"canonical":"https:\/\/noticiasemdestaque.com\/cd\/?p=51306","og_locale":"pt_BR","og_type":"article","og_title":"De t\u00e9cnico novo, sele\u00e7\u00e3o estreia nas Eliminat\u00f3rias para a Copa de 2026 - Not&iacute;cias em Destaque","og_description":"Nesta sexta-feira (8), o Brasil abre sua participa\u00e7\u00e3o nas Eliminat\u00f3rias para a Copa do Mundo de 2026 diante da Bol\u00edvia, no est\u00e1dio Mangueir\u00e3o, em Bel\u00e9m, \u00e0s 21h45 (hor\u00e1rio de Bras\u00edlia). O come\u00e7o da caminhada \u00e9 tamb\u00e9m o primeiro compromisso de Fernando Diniz como t\u00e9cnico interino da sele\u00e7\u00e3o desde que foi anunciado para o cargo, em julho. Anunciado pela CBF em julho, o t\u00e9cnico interino comandar\u00e1 pela primeira vez a sele\u00e7\u00e3o brasileira masculina \u00e0 beira do campo na noite desta sexta (8), na estreia contra a Bol\u00edvia, pelas Eliminat\u00f3rias Sul-Americanas.\u00a0&#8211;\u00a0Vitor Silva\/CBF\/Direitos Reservados Os 23 convocados pelo comandante do Fluminense come\u00e7aram a se apresentar para os treinos em Bel\u00e9m na \u00faltima segunda-feira (4). O \u00faltimo a chegar foi o atacante Gabriel Jesus, do Arsenal, chamado ap\u00f3s a desconvoca\u00e7\u00e3o de Antony, do Manchester United, investigado por agress\u00f5es \u00e0 ex-namorada\u00a0Gabriela Cavallin. A expectativa \u00e9 que Diniz leve a campo a seguinte forma\u00e7\u00e3o: Ederson, Danilo, Marquinhos, Gabriel Magalh\u00e3es e Renan Lodi; Casemiro, Bruno Guimar\u00e3es, Neymar e Rodrygo; Raphinha e Richarlison. Fora das primeiras listas depois da Copa de 2022, feitas por Ramon Menezes, Neymar, agora atuando no Al-Hilal, da Ar\u00e1bia Saudita, tem a chance de fazer hist\u00f3ria no Mangueir\u00e3o. Se marcar, chega a 78 gols pelo Brasil, ultrapassa Pel\u00e9 e se torna de forma isolada o maior artilheiro da hist\u00f3ria da sele\u00e7\u00e3o, de acordo com as contas da FIFA. Vale lembrar que, para a CBF, que contabiliza outros gols em amistosos, Pel\u00e9 marcou 95 gols com a camisa verde e amarela. J\u00e1 se sabe que Neymar, assim como Pel\u00e9, usar\u00e1 a 10 nesta sexta-feira (8). A CBF divulgou a numera\u00e7\u00e3o para os dois pr\u00f3ximos jogos da sele\u00e7\u00e3o pelas Eliminat\u00f3rias. Outro ponto de interesse \u00e9 ver como o estilo de Diniz ser\u00e1 colocado em pr\u00e1tica na sele\u00e7\u00e3o. Contratado para fazer a ponte para o pr\u00f3ximo t\u00e9cnico que deve assumir a partir de 2024 &#8211; especula-se o nome do italiano Carlo Ancelotti, do Real Madrid &#8211; Diniz, que tem um ano de contrato, \u00e9 conhecido por ser adepto da manuten\u00e7\u00e3o da posse de bola desde o campo de defesa e pela preocupa\u00e7\u00e3o com o lado est\u00e9tico do jogo, pensando em praticar um futebol vistoso. Nove atletas do grupo atual j\u00e1 foram treinados por ele em algum momento da carreira. Outros ainda est\u00e3o sendo apresentados aos conceitos do treinador, como o volante Casemiro, que foi o capit\u00e3o da sele\u00e7\u00e3o nos \u00faltimos jogos. \u201cN\u00f3s sabemos que cada treinador tem sua filosofia, suas qualidades, sua forma de jogar. O Fernando Diniz est\u00e1 nos mostrando v\u00eddeos, est\u00e1 nos dizendo como gosta de ver o time jogar. J\u00e1 temos uma base que veio da Copa do Mundo. N\u00e3o vai ser problema essa adapta\u00e7\u00e3o\u201d, acredita Casemiro. Depois da Bol\u00edvia, o Brasil enfrentar\u00e1 o Peru, em Lima, na pr\u00f3xima ter\u00e7a-feira (12), \u00e0s 23h de Bras\u00edlia. Com o aumento do n\u00famero de participantes para 48 sele\u00e7\u00f5es na pr\u00f3xima Copa, agora as Eliminat\u00f3rias Sul-Americanas fornecem seis vagas diretas e a possibilidade de mais uma na repescagem. Como de costume, s\u00e3o dez pa\u00edses na disputa (Argentina, Bol\u00edvia, Brasil, Chile, Col\u00f4mbia, Equador, Paraguai, Peru, Uruguai e Venezuela) que se enfrentam em turno e returno, totalizando 18 partidas para cada equipe. A \u00faltima rodada est\u00e1 prevista para acontecer em 9 de setembro de 2025. As seis primeiras rodadas ser\u00e3o disputadas ainda em 2023. Noticias em Destaque Fonte: Ag\u00eancia Brasil","og_url":"https:\/\/noticiasemdestaque.com\/cd\/?p=51306","og_site_name":"Not&iacute;cias em Destaque","article_published_time":"2023-09-08T12:46:57+00:00","og_image":[{"width":1170,"height":700,"url":"https:\/\/noticiasemdestaque.com\/cd\/wp-content\/uploads\/2023\/09\/neymar_mangueirao_belem_eliminatorias_treino.jpg","type":"image\/jpeg"}],"author":"Not\u00edcias em Destaque","twitter_card":"summary_large_image","twitter_misc":{"Escrito por":"Not\u00edcias em Destaque","Est. tempo de leitura":"4 minutos"},"schema":{"@context":"https:\/\/schema.org","@graph":[{"@type":"Article","@id":"https:\/\/noticiasemdestaque.com\/cd\/?p=51306#article","isPartOf":{"@id":"https:\/\/noticiasemdestaque.com\/cd\/?p=51306"},"author":{"name":"Not\u00edcias em Destaque","@id":"https:\/\/noticiasemdestaque.com\/cd\/#\/schema\/person\/21320b03a7e8bb90128938dafc9b908a"},"headline":"De t\u00e9cnico novo, sele\u00e7\u00e3o estreia nas Eliminat\u00f3rias para a Copa de 2026","datePublished":"2023-09-08T12:46:57+00:00","mainEntityOfPage":{"@id":"https:\/\/noticiasemdestaque.com\/cd\/?p=51306"},"wordCount":607,"publisher":{"@id":"https:\/\/noticiasemdestaque.com\/cd\/#organization"},"image":{"@id":"https:\/\/noticiasemdestaque.com\/cd\/?p=51306#primaryimage"},"thumbnailUrl":"https:\/\/noticiasemdestaque.com\/cd\/wp-content\/uploads\/2023\/09\/neymar_mangueirao_belem_eliminatorias_treino.jpg","articleSection":["Esporte"],"inLanguage":"pt-BR"},{"@type":"WebPage","@id":"https:\/\/noticiasemdestaque.com\/cd\/?p=51306","url":"https:\/\/noticiasemdestaque.com\/cd\/?p=51306","name":"De t\u00e9cnico novo, sele\u00e7\u00e3o estreia nas Eliminat\u00f3rias para a Copa de 2026 - Not&iacute;cias em Destaque","isPartOf":{"@id":"https:\/\/noticiasemdestaque.com\/cd\/#website"},"primaryImageOfPage":{"@id":"https:\/\/noticiasemdestaque.com\/cd\/?p=51306#primaryimage"},"image":{"@id":"https:\/\/noticiasemdestaque.com\/cd\/?p=51306#primaryimage"},"thumbnailUrl":"https:\/\/noticiasemdestaque.com\/cd\/wp-content\/uploads\/2023\/09\/neymar_mangueirao_belem_eliminatorias_treino.jpg","datePublished":"2023-09-08T12:46:57+00:00","breadcrumb":{"@id":"https:\/\/noticiasemdestaque.com\/cd\/?p=51306#breadcrumb"},"inLanguage":"pt-BR","potentialAction":[{"@type":"ReadAction","target":["https:\/\/noticiasemdestaque.com\/cd\/?p=51306"]}]},{"@type":"ImageObject","inLanguage":"pt-BR","@id":"https:\/\/noticiasemdestaque.com\/cd\/?p=51306#primaryimage","url":"https:\/\/noticiasemdestaque.com\/cd\/wp-content\/uploads\/2023\/09\/neymar_mangueirao_belem_eliminatorias_treino.jpg","contentUrl":"https:\/\/noticiasemdestaque.com\/cd\/wp-content\/uploads\/2023\/09\/neymar_mangueirao_belem_eliminatorias_treino.jpg","width":1170,"height":700},{"@type":"BreadcrumbList","@id":"https:\/\/noticiasemdestaque.com\/cd\/?p=51306#breadcrumb","itemListElement":[{"@type":"ListItem","position":1,"name":"In\u00edcio","item":"https:\/\/noticiasemdestaque.com\/cd\/"},{"@type":"ListItem","position":2,"name":"De t\u00e9cnico novo, sele\u00e7\u00e3o estreia nas Eliminat\u00f3rias para a Copa de 2026"}]},{"@type":"WebSite","@id":"https:\/\/noticiasemdestaque.com\/cd\/#website","url":"https:\/\/noticiasemdestaque.com\/cd\/","name":"Not&iacute;cias em Destaque","description":"","publisher":{"@id":"https:\/\/noticiasemdestaque.com\/cd\/#organization"},"potentialAction":[{"@type":"SearchAction","target":{"@type":"EntryPoint","urlTemplate":"https:\/\/noticiasemdestaque.com\/cd\/?s={search_term_string}"},"query-input":{"@type":"PropertyValueSpecification","valueRequired":true,"valueName":"search_term_string"}}],"inLanguage":"pt-BR"},{"@type":"Organization","@id":"https:\/\/noticiasemdestaque.com\/cd\/#organization","name":"Not\u00edcias em Destaque","url":"https:\/\/noticiasemdestaque.com\/cd\/","logo":{"@type":"ImageObject","inLanguage":"pt-BR","@id":"https:\/\/noticiasemdestaque.com\/cd\/#\/schema\/logo\/image\/","url":"https:\/\/noticiasemdestaque.com\/cd\/wp-content\/uploads\/2022\/05\/imagem-base-noticiasemdestaque.png","contentUrl":"https:\/\/noticiasemdestaque.com\/cd\/wp-content\/uploads\/2022\/05\/imagem-base-noticiasemdestaque.png","width":1200,"height":630,"caption":"Not\u00edcias em Destaque"},"image":{"@id":"https:\/\/noticiasemdestaque.com\/cd\/#\/schema\/logo\/image\/"}},{"@type":"Person","@id":"https:\/\/noticiasemdestaque.com\/cd\/#\/schema\/person\/21320b03a7e8bb90128938dafc9b908a","name":"Not\u00edcias em Destaque","url":"https:\/\/noticiasemdestaque.com\/cd\/?author=2"}]}},"jetpack_featured_media_url":"https:\/\/noticiasemdestaque.com\/cd\/wp-content\/uploads\/2023\/09\/neymar_mangueirao_belem_eliminatorias_treino.jpg","jetpack_sharing_enabled":true,"_links":{"self":[{"href":"https:\/\/noticiasemdestaque.com\/cd\/index.php?rest_route=\/wp\/v2\/posts\/51306","targetHints":{"allow":["GET"]}}],"collection":[{"href":"https:\/\/noticiasemdestaque.com\/cd\/index.php?rest_route=\/wp\/v2\/posts"}],"about":[{"href":"https:\/\/noticiasemdestaque.com\/cd\/index.php?rest_route=\/wp\/v2\/types\/post"}],"author":[{"embeddable":true,"href":"https:\/\/noticiasemdestaque.com\/cd\/index.php?rest_route=\/wp\/v2\/users\/2"}],"replies":[{"embeddable":true,"href":"https:\/\/noticiasemdestaque.com\/cd\/index.php?rest_route=%2Fwp%2Fv2%2Fcomments&post=51306"}],"version-history":[{"count":1,"href":"https:\/\/noticiasemdestaque.com\/cd\/index.php?rest_route=\/wp\/v2\/posts\/51306\/revisions"}],"predecessor-version":[{"id":51308,"href":"https:\/\/noticiasemdestaque.com\/cd\/index.php?rest_route=\/wp\/v2\/posts\/51306\/revisions\/51308"}],"wp:featuredmedia":[{"embeddable":true,"href":"https:\/\/noticiasemdestaque.com\/cd\/index.php?rest_route=\/wp\/v2\/media\/51307"}],"wp:attachment":[{"href":"https:\/\/noticiasemdestaque.com\/cd\/index.php?rest_route=%2Fwp%2Fv2%2Fmedia&parent=51306"}],"wp:term":[{"taxonomy":"category","embeddable":true,"href":"https:\/\/noticiasemdestaque.com\/cd\/index.php?rest_route=%2Fwp%2Fv2%2Fcategories&post=51306"},{"taxonomy":"post_tag","embeddable":true,"href":"https:\/\/noticiasemdestaque.com\/cd\/index.php?rest_route=%2Fwp%2Fv2%2Ftags&post=51306"}],"curies":[{"name":"wp","href":"https:\/\/api.w.org\/{rel}","templated":true}]}}