{"id":51257,"date":"2023-09-05T20:17:43","date_gmt":"2023-09-05T23:17:43","guid":{"rendered":"https:\/\/noticiasemdestaque.com\/cd\/?p=51257"},"modified":"2023-09-05T20:17:43","modified_gmt":"2023-09-05T23:17:43","slug":"divulgados-os-locais-de-votacao-para-eleicao-do-conselho-tutelar-de-sume","status":"publish","type":"post","link":"https:\/\/noticiasemdestaque.com\/cd\/?p=51257","title":{"rendered":"Divulgados os locais de vota\u00e7\u00e3o para elei\u00e7\u00e3o do Conselho Tutelar de Sum\u00e9"},"content":{"rendered":"<p><a href=\"https:\/\/noticiasemdestaque.com\/cd\/wp-content\/uploads\/2022\/09\/urna_eletronica_walla_santos.jpg\"><img fetchpriority=\"high\" decoding=\"async\" class=\" wp-image-43033 aligncenter\" src=\"https:\/\/noticiasemdestaque.com\/cd\/wp-content\/uploads\/2022\/09\/urna_eletronica_walla_santos-300x200.jpg\" alt=\"\" width=\"866\" height=\"577\" srcset=\"https:\/\/noticiasemdestaque.com\/cd\/wp-content\/uploads\/2022\/09\/urna_eletronica_walla_santos-300x200.jpg 300w, https:\/\/noticiasemdestaque.com\/cd\/wp-content\/uploads\/2022\/09\/urna_eletronica_walla_santos-768x513.jpg 768w, https:\/\/noticiasemdestaque.com\/cd\/wp-content\/uploads\/2022\/09\/urna_eletronica_walla_santos-18x12.jpg 18w, https:\/\/noticiasemdestaque.com\/cd\/wp-content\/uploads\/2022\/09\/urna_eletronica_walla_santos.jpg 876w\" sizes=\"(max-width: 866px) 100vw, 866px\" \/><\/a><\/p>\n<p>As elei\u00e7\u00f5es para escolha dos novos conselheiros tutelares do munic\u00edpio de Sum\u00e9 ocorrer\u00e3o no dia 1\u00ba de outubro de 2023, no hor\u00e1rio das 08h \u00e0s 17h e os locais j\u00e1 foram definidos pela Justi\u00e7a Eleitoral.<\/p>\n<p>Para esta elei\u00e7\u00e3o, todas as sec\u00e7\u00f5es se concentrar\u00e3o em apenas 04 escolas assim definidas:<\/p>\n<ul>\n<li><strong>Sec\u00e7\u00e3o 001<\/strong>: quem vota na Escola Gon\u00e7ala Rodrigues de Freitas\u00a0<strong>(065, 092 e 127)<\/strong>\u00a0permanecer\u00e1 votando na mesma\u00a0<strong>Escola Gon\u00e7ala Rodrigues de Freitas;<\/strong><\/li>\n<li><strong>Sec\u00e7\u00f5es 002 e 003<\/strong>: quem vota no Col\u00e9gio Estadual (<strong>023, 024, 035, 036, 038, 039, 040, 041, 061, 042, 043, 044, 047, 048, 049, 050, 051 e 059)\u00a0<\/strong>vai votar nesta elei\u00e7\u00e3o na\u00a0<strong>Escola Maria Leite Rafael;<\/strong><\/li>\n<li><strong>Sec\u00e7\u00e3o 004:\u00a0<\/strong>quem vota na Escola Presidente Vargas<strong>\u00a0(025, 026, 027, 028, 037, 045, 089, 091 e 130)\u00a0<\/strong>vai votar nesta elei\u00e7\u00e3o na<strong>\u00a0Escola Maria Leite Rafael;<\/strong><\/li>\n<li><strong>Sec\u00e7\u00e3o 005:\u00a0<\/strong>quem vota na Escola Z\u00e9lia Braz\u00a0<strong>(063, 064, 084 e 128)\u00a0<\/strong>permanecer\u00e1 na mesma\u00a0<strong>Escola Z\u00e9lia Braz;<\/strong><\/li>\n<li><strong>Sec\u00e7\u00e3o 006:<\/strong>\u00a0quem vota na Maria Leite Rafael\u00a0<strong>(033, 034, 046, 060, 067, 085, 095 e 101)<\/strong>\u00a0permanecer\u00e1 votando na mesma\u00a0<strong>Escola Maria Leite Rafael;<\/strong><\/li>\n<li><strong>Sec\u00e7\u00e3o 007:<\/strong>\u00a0quem vota na Escola Padre Paulo Roberto de Oliveira\u00a0<strong>(020, 029, 030, 031, 032, 062, 086 e 088<\/strong>) vai votar nesta elei\u00e7\u00e3o na\u00a0<strong>Escola Z\u00e9lia Braz;<\/strong><\/li>\n<li><strong>Sec\u00e7\u00e3o 008:<\/strong>\u00a0quem vota na Escola de Campo de Pio X\u00a0<strong>(057 e 058<\/strong>) permanecer\u00e1 votando na mesma\u00a0<strong>Escola de Campo de Pio X<\/strong><\/li>\n<\/ul>\n<p>Poder\u00e1 votar apenas o eleitor do munic\u00edpio de Sum\u00e9, com 16 anos completos ou mais, devidamente habilitado e com apresenta\u00e7\u00e3o do t\u00edtulo de eleitor e documento oficial com foto.<\/p>\n<p>Este ano os eleitores votar\u00e3o em apenas um (01) candidato e n\u00e3o mais em tr\u00eas (03) como nas edi\u00e7\u00f5es anteriores e ser\u00e3o utilizadas as urnas eletr\u00f4nicas.<\/p>\n<p>Os candidatos que concorrem as 5 vagas para o mandato de 2024 \u00e0 2028 s\u00e3o:<\/p>\n<ul>\n<li>Keli Regina Palmeira de Sousa Lima \u2013 n\u00ba 101<\/li>\n<li>Aline Carvalho Queiroz \u2013 n\u00ba 102<\/li>\n<li>Geraldo Clementino de Souza \u2013 n\u00ba 103<\/li>\n<li>Paula Solange Neves da Silva \u2013 n\u00ba 104<\/li>\n<li>Adriana Vilar de Sousa \u2013 n\u00ba 105<\/li>\n<li>Viviane Cristina de Oliveira M\u00e9lo Rodrigues \u2013 n\u00ba 106<\/li>\n<li>Josenir da Silva Melo \u2013 n\u00ba 107<\/li>\n<li>Joice Dantas de Oliveira \u2013 n\u00ba 108<\/li>\n<li>Lucina Tamar da Silva Leite \u2013 n\u00ba 109<\/li>\n<li>Ver\u00f4nica Barros de Assis \u2013 n\u00ba 110<\/li>\n<li>Josimar Guabiraba da Silva \u2013 n\u00ba 111<\/li>\n<li>Damiana M\u00e1rcia de Farias \u2013 n\u00ba 112<\/li>\n<li>Jos\u00e9 Erinaldo da Silva \u2013 n\u00ba 113<\/li>\n<\/ul>\n<p>Ap\u00f3s eleitos, eles participar\u00e3o do curso de capacita\u00e7\u00e3o para a fun\u00e7\u00e3o de Conselheiro Tutelar oferecido pelo poder p\u00fablico municipal com devida fiscaliza\u00e7\u00e3o e acompanhamento do Conselho Municipal dos Direitos da Crian\u00e7a e do Adolescente.<\/p>\n<p>Somente tomar\u00e1 posse,\u00a0<strong>em 10 de janeiro de 2024<\/strong>, quem obtiver presen\u00e7a em 100% deste curso e realizar as atividades avaliativas.<strong>\u00a0<\/strong><\/p>\n<p><strong>Noticias em Destaque<\/strong><\/p>\n<p style=\"text-align: right;\"><em>Fonte: Ascom\/PMS<\/em><\/p>\n","protected":false},"excerpt":{"rendered":"<p>As elei\u00e7\u00f5es para escolha dos novos conselheiros tutelares do munic\u00edpio de Sum\u00e9 ocorrer\u00e3o no dia 1\u00ba de outubro de 2023, no hor\u00e1rio das 08h \u00e0s 17h e os locais j\u00e1 foram definidos pela Justi\u00e7a Eleitoral. Para esta elei\u00e7\u00e3o, todas as sec\u00e7\u00f5es se concentrar\u00e3o em apenas 04 escolas assim definidas: Sec\u00e7\u00e3o 001: quem vota na Escola Gon\u00e7ala Rodrigues de Freitas\u00a0(065, 092 e 127)\u00a0permanecer\u00e1 votando na mesma\u00a0Escola Gon\u00e7ala Rodrigues de Freitas; Sec\u00e7\u00f5es 002 e 003: quem vota no Col\u00e9gio Estadual (023, 024, 035, 036, 038, 039, 040, 041, 061, 042, 043, 044, 047, 048, 049, 050, 051 e 059)\u00a0vai votar nesta elei\u00e7\u00e3o na\u00a0Escola Maria Leite Rafael; Sec\u00e7\u00e3o 004:\u00a0quem vota na Escola Presidente Vargas\u00a0(025, 026, 027, 028, 037, 045, 089, 091 e 130)\u00a0vai votar nesta elei\u00e7\u00e3o na\u00a0Escola Maria Leite Rafael; Sec\u00e7\u00e3o 005:\u00a0quem vota na Escola Z\u00e9lia Braz\u00a0(063, 064, 084 e 128)\u00a0permanecer\u00e1 na mesma\u00a0Escola Z\u00e9lia Braz; Sec\u00e7\u00e3o 006:\u00a0quem vota na Maria Leite Rafael\u00a0(033, 034, 046, 060, 067, 085, 095 e 101)\u00a0permanecer\u00e1 votando na mesma\u00a0Escola Maria Leite Rafael; Sec\u00e7\u00e3o 007:\u00a0quem vota na Escola Padre Paulo Roberto de Oliveira\u00a0(020, 029, 030, 031, 032, 062, 086 e 088) vai votar nesta elei\u00e7\u00e3o na\u00a0Escola Z\u00e9lia Braz; Sec\u00e7\u00e3o 008:\u00a0quem vota na Escola de Campo de Pio X\u00a0(057 e 058) permanecer\u00e1 votando na mesma\u00a0Escola de Campo de Pio X Poder\u00e1 votar apenas o eleitor do munic\u00edpio de Sum\u00e9, com 16 anos completos ou mais, devidamente habilitado e com apresenta\u00e7\u00e3o do t\u00edtulo de eleitor e documento oficial com foto. Este ano os eleitores votar\u00e3o em apenas um (01) candidato e n\u00e3o mais em tr\u00eas (03) como nas edi\u00e7\u00f5es anteriores e ser\u00e3o utilizadas as urnas eletr\u00f4nicas. Os candidatos que concorrem as 5 vagas para o mandato de 2024 \u00e0 2028 s\u00e3o: Keli Regina Palmeira de Sousa Lima \u2013 n\u00ba 101 Aline Carvalho Queiroz \u2013 n\u00ba 102 Geraldo Clementino de Souza \u2013 n\u00ba 103 Paula Solange Neves da Silva \u2013 n\u00ba 104 Adriana Vilar de Sousa \u2013 n\u00ba 105 Viviane Cristina de Oliveira M\u00e9lo Rodrigues \u2013 n\u00ba 106 Josenir da Silva Melo \u2013 n\u00ba 107 Joice Dantas de Oliveira \u2013 n\u00ba 108 Lucina Tamar da Silva Leite \u2013 n\u00ba 109 Ver\u00f4nica Barros de Assis \u2013 n\u00ba 110 Josimar Guabiraba da Silva \u2013 n\u00ba 111 Damiana M\u00e1rcia de Farias \u2013 n\u00ba 112 Jos\u00e9 Erinaldo da Silva \u2013 n\u00ba 113 Ap\u00f3s eleitos, eles participar\u00e3o do curso de capacita\u00e7\u00e3o para a fun\u00e7\u00e3o de Conselheiro Tutelar oferecido pelo poder p\u00fablico municipal com devida fiscaliza\u00e7\u00e3o e acompanhamento do Conselho Municipal dos Direitos da Crian\u00e7a e do Adolescente. Somente tomar\u00e1 posse,\u00a0em 10 de janeiro de 2024, quem obtiver presen\u00e7a em 100% deste curso e realizar as atividades avaliativas.\u00a0 Noticias em Destaque Fonte: Ascom\/PMS<\/p>\n","protected":false},"author":2,"featured_media":43033,"comment_status":"closed","ping_status":"open","sticky":false,"template":"","format":"standard","meta":{"_eb_attr":"","_jetpack_memberships_contains_paid_content":false,"footnotes":""},"categories":[3],"tags":[],"class_list":["post-51257","post","type-post","status-publish","format-standard","has-post-thumbnail","hentry","category-cidades"],"yoast_head":"<!-- This site is optimized with the Yoast SEO plugin v26.5 - https:\/\/yoast.com\/wordpress\/plugins\/seo\/ -->\n<title>Divulgados os locais de vota\u00e7\u00e3o para elei\u00e7\u00e3o do Conselho Tutelar de Sum\u00e9 - Not&iacute;cias em Destaque<\/title>\n<meta name=\"robots\" content=\"index, follow, max-snippet:-1, max-image-preview:large, max-video-preview:-1\" \/>\n<link rel=\"canonical\" href=\"https:\/\/noticiasemdestaque.com\/cd\/?p=51257\" \/>\n<meta property=\"og:locale\" content=\"pt_BR\" \/>\n<meta property=\"og:type\" content=\"article\" \/>\n<meta property=\"og:title\" content=\"Divulgados os locais de vota\u00e7\u00e3o para elei\u00e7\u00e3o do Conselho Tutelar de Sum\u00e9 - Not&iacute;cias em Destaque\" \/>\n<meta property=\"og:description\" content=\"As elei\u00e7\u00f5es para escolha dos novos conselheiros tutelares do munic\u00edpio de Sum\u00e9 ocorrer\u00e3o no dia 1\u00ba de outubro de 2023, no hor\u00e1rio das 08h \u00e0s 17h e os locais j\u00e1 foram definidos pela Justi\u00e7a Eleitoral. Para esta elei\u00e7\u00e3o, todas as sec\u00e7\u00f5es se concentrar\u00e3o em apenas 04 escolas assim definidas: Sec\u00e7\u00e3o 001: quem vota na Escola Gon\u00e7ala Rodrigues de Freitas\u00a0(065, 092 e 127)\u00a0permanecer\u00e1 votando na mesma\u00a0Escola Gon\u00e7ala Rodrigues de Freitas; Sec\u00e7\u00f5es 002 e 003: quem vota no Col\u00e9gio Estadual (023, 024, 035, 036, 038, 039, 040, 041, 061, 042, 043, 044, 047, 048, 049, 050, 051 e 059)\u00a0vai votar nesta elei\u00e7\u00e3o na\u00a0Escola Maria Leite Rafael; Sec\u00e7\u00e3o 004:\u00a0quem vota na Escola Presidente Vargas\u00a0(025, 026, 027, 028, 037, 045, 089, 091 e 130)\u00a0vai votar nesta elei\u00e7\u00e3o na\u00a0Escola Maria Leite Rafael; Sec\u00e7\u00e3o 005:\u00a0quem vota na Escola Z\u00e9lia Braz\u00a0(063, 064, 084 e 128)\u00a0permanecer\u00e1 na mesma\u00a0Escola Z\u00e9lia Braz; Sec\u00e7\u00e3o 006:\u00a0quem vota na Maria Leite Rafael\u00a0(033, 034, 046, 060, 067, 085, 095 e 101)\u00a0permanecer\u00e1 votando na mesma\u00a0Escola Maria Leite Rafael; Sec\u00e7\u00e3o 007:\u00a0quem vota na Escola Padre Paulo Roberto de Oliveira\u00a0(020, 029, 030, 031, 032, 062, 086 e 088) vai votar nesta elei\u00e7\u00e3o na\u00a0Escola Z\u00e9lia Braz; Sec\u00e7\u00e3o 008:\u00a0quem vota na Escola de Campo de Pio X\u00a0(057 e 058) permanecer\u00e1 votando na mesma\u00a0Escola de Campo de Pio X Poder\u00e1 votar apenas o eleitor do munic\u00edpio de Sum\u00e9, com 16 anos completos ou mais, devidamente habilitado e com apresenta\u00e7\u00e3o do t\u00edtulo de eleitor e documento oficial com foto. Este ano os eleitores votar\u00e3o em apenas um (01) candidato e n\u00e3o mais em tr\u00eas (03) como nas edi\u00e7\u00f5es anteriores e ser\u00e3o utilizadas as urnas eletr\u00f4nicas. Os candidatos que concorrem as 5 vagas para o mandato de 2024 \u00e0 2028 s\u00e3o: Keli Regina Palmeira de Sousa Lima \u2013 n\u00ba 101 Aline Carvalho Queiroz \u2013 n\u00ba 102 Geraldo Clementino de Souza \u2013 n\u00ba 103 Paula Solange Neves da Silva \u2013 n\u00ba 104 Adriana Vilar de Sousa \u2013 n\u00ba 105 Viviane Cristina de Oliveira M\u00e9lo Rodrigues \u2013 n\u00ba 106 Josenir da Silva Melo \u2013 n\u00ba 107 Joice Dantas de Oliveira \u2013 n\u00ba 108 Lucina Tamar da Silva Leite \u2013 n\u00ba 109 Ver\u00f4nica Barros de Assis \u2013 n\u00ba 110 Josimar Guabiraba da Silva \u2013 n\u00ba 111 Damiana M\u00e1rcia de Farias \u2013 n\u00ba 112 Jos\u00e9 Erinaldo da Silva \u2013 n\u00ba 113 Ap\u00f3s eleitos, eles participar\u00e3o do curso de capacita\u00e7\u00e3o para a fun\u00e7\u00e3o de Conselheiro Tutelar oferecido pelo poder p\u00fablico municipal com devida fiscaliza\u00e7\u00e3o e acompanhamento do Conselho Municipal dos Direitos da Crian\u00e7a e do Adolescente. Somente tomar\u00e1 posse,\u00a0em 10 de janeiro de 2024, quem obtiver presen\u00e7a em 100% deste curso e realizar as atividades avaliativas.\u00a0 Noticias em Destaque Fonte: Ascom\/PMS\" \/>\n<meta property=\"og:url\" content=\"https:\/\/noticiasemdestaque.com\/cd\/?p=51257\" \/>\n<meta property=\"og:site_name\" content=\"Not&iacute;cias em Destaque\" \/>\n<meta property=\"article:published_time\" content=\"2023-09-05T23:17:43+00:00\" \/>\n<meta property=\"og:image\" content=\"https:\/\/noticiasemdestaque.com\/cd\/wp-content\/uploads\/2022\/09\/urna_eletronica_walla_santos.jpg\" \/>\n\t<meta property=\"og:image:width\" content=\"876\" \/>\n\t<meta property=\"og:image:height\" content=\"585\" \/>\n\t<meta property=\"og:image:type\" content=\"image\/jpeg\" \/>\n<meta name=\"author\" content=\"Not\u00edcias em Destaque\" \/>\n<meta name=\"twitter:card\" content=\"summary_large_image\" \/>\n<meta name=\"twitter:label1\" content=\"Escrito por\" \/>\n\t<meta name=\"twitter:data1\" content=\"Not\u00edcias em Destaque\" \/>\n\t<meta name=\"twitter:label2\" content=\"Est. tempo de leitura\" \/>\n\t<meta name=\"twitter:data2\" content=\"3 minutos\" \/>\n<script type=\"application\/ld+json\" class=\"yoast-schema-graph\">{\"@context\":\"https:\/\/schema.org\",\"@graph\":[{\"@type\":\"Article\",\"@id\":\"https:\/\/noticiasemdestaque.com\/cd\/?p=51257#article\",\"isPartOf\":{\"@id\":\"https:\/\/noticiasemdestaque.com\/cd\/?p=51257\"},\"author\":{\"name\":\"Not\u00edcias em Destaque\",\"@id\":\"https:\/\/noticiasemdestaque.com\/cd\/#\/schema\/person\/21320b03a7e8bb90128938dafc9b908a\"},\"headline\":\"Divulgados os locais de vota\u00e7\u00e3o para elei\u00e7\u00e3o do Conselho Tutelar de Sum\u00e9\",\"datePublished\":\"2023-09-05T23:17:43+00:00\",\"mainEntityOfPage\":{\"@id\":\"https:\/\/noticiasemdestaque.com\/cd\/?p=51257\"},\"wordCount\":419,\"publisher\":{\"@id\":\"https:\/\/noticiasemdestaque.com\/cd\/#organization\"},\"image\":{\"@id\":\"https:\/\/noticiasemdestaque.com\/cd\/?p=51257#primaryimage\"},\"thumbnailUrl\":\"https:\/\/noticiasemdestaque.com\/cd\/wp-content\/uploads\/2022\/09\/urna_eletronica_walla_santos.jpg\",\"articleSection\":[\"Cidades\"],\"inLanguage\":\"pt-BR\"},{\"@type\":\"WebPage\",\"@id\":\"https:\/\/noticiasemdestaque.com\/cd\/?p=51257\",\"url\":\"https:\/\/noticiasemdestaque.com\/cd\/?p=51257\",\"name\":\"Divulgados os locais de vota\u00e7\u00e3o para elei\u00e7\u00e3o do Conselho Tutelar de Sum\u00e9 - Not&iacute;cias em Destaque\",\"isPartOf\":{\"@id\":\"https:\/\/noticiasemdestaque.com\/cd\/#website\"},\"primaryImageOfPage\":{\"@id\":\"https:\/\/noticiasemdestaque.com\/cd\/?p=51257#primaryimage\"},\"image\":{\"@id\":\"https:\/\/noticiasemdestaque.com\/cd\/?p=51257#primaryimage\"},\"thumbnailUrl\":\"https:\/\/noticiasemdestaque.com\/cd\/wp-content\/uploads\/2022\/09\/urna_eletronica_walla_santos.jpg\",\"datePublished\":\"2023-09-05T23:17:43+00:00\",\"breadcrumb\":{\"@id\":\"https:\/\/noticiasemdestaque.com\/cd\/?p=51257#breadcrumb\"},\"inLanguage\":\"pt-BR\",\"potentialAction\":[{\"@type\":\"ReadAction\",\"target\":[\"https:\/\/noticiasemdestaque.com\/cd\/?p=51257\"]}]},{\"@type\":\"ImageObject\",\"inLanguage\":\"pt-BR\",\"@id\":\"https:\/\/noticiasemdestaque.com\/cd\/?p=51257#primaryimage\",\"url\":\"https:\/\/noticiasemdestaque.com\/cd\/wp-content\/uploads\/2022\/09\/urna_eletronica_walla_santos.jpg\",\"contentUrl\":\"https:\/\/noticiasemdestaque.com\/cd\/wp-content\/uploads\/2022\/09\/urna_eletronica_walla_santos.jpg\",\"width\":876,\"height\":585},{\"@type\":\"BreadcrumbList\",\"@id\":\"https:\/\/noticiasemdestaque.com\/cd\/?p=51257#breadcrumb\",\"itemListElement\":[{\"@type\":\"ListItem\",\"position\":1,\"name\":\"In\u00edcio\",\"item\":\"https:\/\/noticiasemdestaque.com\/cd\/\"},{\"@type\":\"ListItem\",\"position\":2,\"name\":\"Divulgados os locais de vota\u00e7\u00e3o para elei\u00e7\u00e3o do Conselho Tutelar de Sum\u00e9\"}]},{\"@type\":\"WebSite\",\"@id\":\"https:\/\/noticiasemdestaque.com\/cd\/#website\",\"url\":\"https:\/\/noticiasemdestaque.com\/cd\/\",\"name\":\"Not&iacute;cias em Destaque\",\"description\":\"\",\"publisher\":{\"@id\":\"https:\/\/noticiasemdestaque.com\/cd\/#organization\"},\"potentialAction\":[{\"@type\":\"SearchAction\",\"target\":{\"@type\":\"EntryPoint\",\"urlTemplate\":\"https:\/\/noticiasemdestaque.com\/cd\/?s={search_term_string}\"},\"query-input\":{\"@type\":\"PropertyValueSpecification\",\"valueRequired\":true,\"valueName\":\"search_term_string\"}}],\"inLanguage\":\"pt-BR\"},{\"@type\":\"Organization\",\"@id\":\"https:\/\/noticiasemdestaque.com\/cd\/#organization\",\"name\":\"Not\u00edcias em Destaque\",\"url\":\"https:\/\/noticiasemdestaque.com\/cd\/\",\"logo\":{\"@type\":\"ImageObject\",\"inLanguage\":\"pt-BR\",\"@id\":\"https:\/\/noticiasemdestaque.com\/cd\/#\/schema\/logo\/image\/\",\"url\":\"https:\/\/noticiasemdestaque.com\/cd\/wp-content\/uploads\/2022\/05\/imagem-base-noticiasemdestaque.png\",\"contentUrl\":\"https:\/\/noticiasemdestaque.com\/cd\/wp-content\/uploads\/2022\/05\/imagem-base-noticiasemdestaque.png\",\"width\":1200,\"height\":630,\"caption\":\"Not\u00edcias em Destaque\"},\"image\":{\"@id\":\"https:\/\/noticiasemdestaque.com\/cd\/#\/schema\/logo\/image\/\"}},{\"@type\":\"Person\",\"@id\":\"https:\/\/noticiasemdestaque.com\/cd\/#\/schema\/person\/21320b03a7e8bb90128938dafc9b908a\",\"name\":\"Not\u00edcias em Destaque\",\"url\":\"https:\/\/noticiasemdestaque.com\/cd\/?author=2\"}]}<\/script>\n<!-- \/ Yoast SEO plugin. -->","yoast_head_json":{"title":"Divulgados os locais de vota\u00e7\u00e3o para elei\u00e7\u00e3o do Conselho Tutelar de Sum\u00e9 - Not&iacute;cias em Destaque","robots":{"index":"index","follow":"follow","max-snippet":"max-snippet:-1","max-image-preview":"max-image-preview:large","max-video-preview":"max-video-preview:-1"},"canonical":"https:\/\/noticiasemdestaque.com\/cd\/?p=51257","og_locale":"pt_BR","og_type":"article","og_title":"Divulgados os locais de vota\u00e7\u00e3o para elei\u00e7\u00e3o do Conselho Tutelar de Sum\u00e9 - Not&iacute;cias em Destaque","og_description":"As elei\u00e7\u00f5es para escolha dos novos conselheiros tutelares do munic\u00edpio de Sum\u00e9 ocorrer\u00e3o no dia 1\u00ba de outubro de 2023, no hor\u00e1rio das 08h \u00e0s 17h e os locais j\u00e1 foram definidos pela Justi\u00e7a Eleitoral. Para esta elei\u00e7\u00e3o, todas as sec\u00e7\u00f5es se concentrar\u00e3o em apenas 04 escolas assim definidas: Sec\u00e7\u00e3o 001: quem vota na Escola Gon\u00e7ala Rodrigues de Freitas\u00a0(065, 092 e 127)\u00a0permanecer\u00e1 votando na mesma\u00a0Escola Gon\u00e7ala Rodrigues de Freitas; Sec\u00e7\u00f5es 002 e 003: quem vota no Col\u00e9gio Estadual (023, 024, 035, 036, 038, 039, 040, 041, 061, 042, 043, 044, 047, 048, 049, 050, 051 e 059)\u00a0vai votar nesta elei\u00e7\u00e3o na\u00a0Escola Maria Leite Rafael; Sec\u00e7\u00e3o 004:\u00a0quem vota na Escola Presidente Vargas\u00a0(025, 026, 027, 028, 037, 045, 089, 091 e 130)\u00a0vai votar nesta elei\u00e7\u00e3o na\u00a0Escola Maria Leite Rafael; Sec\u00e7\u00e3o 005:\u00a0quem vota na Escola Z\u00e9lia Braz\u00a0(063, 064, 084 e 128)\u00a0permanecer\u00e1 na mesma\u00a0Escola Z\u00e9lia Braz; Sec\u00e7\u00e3o 006:\u00a0quem vota na Maria Leite Rafael\u00a0(033, 034, 046, 060, 067, 085, 095 e 101)\u00a0permanecer\u00e1 votando na mesma\u00a0Escola Maria Leite Rafael; Sec\u00e7\u00e3o 007:\u00a0quem vota na Escola Padre Paulo Roberto de Oliveira\u00a0(020, 029, 030, 031, 032, 062, 086 e 088) vai votar nesta elei\u00e7\u00e3o na\u00a0Escola Z\u00e9lia Braz; Sec\u00e7\u00e3o 008:\u00a0quem vota na Escola de Campo de Pio X\u00a0(057 e 058) permanecer\u00e1 votando na mesma\u00a0Escola de Campo de Pio X Poder\u00e1 votar apenas o eleitor do munic\u00edpio de Sum\u00e9, com 16 anos completos ou mais, devidamente habilitado e com apresenta\u00e7\u00e3o do t\u00edtulo de eleitor e documento oficial com foto. Este ano os eleitores votar\u00e3o em apenas um (01) candidato e n\u00e3o mais em tr\u00eas (03) como nas edi\u00e7\u00f5es anteriores e ser\u00e3o utilizadas as urnas eletr\u00f4nicas. Os candidatos que concorrem as 5 vagas para o mandato de 2024 \u00e0 2028 s\u00e3o: Keli Regina Palmeira de Sousa Lima \u2013 n\u00ba 101 Aline Carvalho Queiroz \u2013 n\u00ba 102 Geraldo Clementino de Souza \u2013 n\u00ba 103 Paula Solange Neves da Silva \u2013 n\u00ba 104 Adriana Vilar de Sousa \u2013 n\u00ba 105 Viviane Cristina de Oliveira M\u00e9lo Rodrigues \u2013 n\u00ba 106 Josenir da Silva Melo \u2013 n\u00ba 107 Joice Dantas de Oliveira \u2013 n\u00ba 108 Lucina Tamar da Silva Leite \u2013 n\u00ba 109 Ver\u00f4nica Barros de Assis \u2013 n\u00ba 110 Josimar Guabiraba da Silva \u2013 n\u00ba 111 Damiana M\u00e1rcia de Farias \u2013 n\u00ba 112 Jos\u00e9 Erinaldo da Silva \u2013 n\u00ba 113 Ap\u00f3s eleitos, eles participar\u00e3o do curso de capacita\u00e7\u00e3o para a fun\u00e7\u00e3o de Conselheiro Tutelar oferecido pelo poder p\u00fablico municipal com devida fiscaliza\u00e7\u00e3o e acompanhamento do Conselho Municipal dos Direitos da Crian\u00e7a e do Adolescente. Somente tomar\u00e1 posse,\u00a0em 10 de janeiro de 2024, quem obtiver presen\u00e7a em 100% deste curso e realizar as atividades avaliativas.\u00a0 Noticias em Destaque Fonte: Ascom\/PMS","og_url":"https:\/\/noticiasemdestaque.com\/cd\/?p=51257","og_site_name":"Not&iacute;cias em Destaque","article_published_time":"2023-09-05T23:17:43+00:00","og_image":[{"width":876,"height":585,"url":"https:\/\/noticiasemdestaque.com\/cd\/wp-content\/uploads\/2022\/09\/urna_eletronica_walla_santos.jpg","type":"image\/jpeg"}],"author":"Not\u00edcias em Destaque","twitter_card":"summary_large_image","twitter_misc":{"Escrito por":"Not\u00edcias em Destaque","Est. tempo de leitura":"3 minutos"},"schema":{"@context":"https:\/\/schema.org","@graph":[{"@type":"Article","@id":"https:\/\/noticiasemdestaque.com\/cd\/?p=51257#article","isPartOf":{"@id":"https:\/\/noticiasemdestaque.com\/cd\/?p=51257"},"author":{"name":"Not\u00edcias em Destaque","@id":"https:\/\/noticiasemdestaque.com\/cd\/#\/schema\/person\/21320b03a7e8bb90128938dafc9b908a"},"headline":"Divulgados os locais de vota\u00e7\u00e3o para elei\u00e7\u00e3o do Conselho Tutelar de Sum\u00e9","datePublished":"2023-09-05T23:17:43+00:00","mainEntityOfPage":{"@id":"https:\/\/noticiasemdestaque.com\/cd\/?p=51257"},"wordCount":419,"publisher":{"@id":"https:\/\/noticiasemdestaque.com\/cd\/#organization"},"image":{"@id":"https:\/\/noticiasemdestaque.com\/cd\/?p=51257#primaryimage"},"thumbnailUrl":"https:\/\/noticiasemdestaque.com\/cd\/wp-content\/uploads\/2022\/09\/urna_eletronica_walla_santos.jpg","articleSection":["Cidades"],"inLanguage":"pt-BR"},{"@type":"WebPage","@id":"https:\/\/noticiasemdestaque.com\/cd\/?p=51257","url":"https:\/\/noticiasemdestaque.com\/cd\/?p=51257","name":"Divulgados os locais de vota\u00e7\u00e3o para elei\u00e7\u00e3o do Conselho Tutelar de Sum\u00e9 - Not&iacute;cias em Destaque","isPartOf":{"@id":"https:\/\/noticiasemdestaque.com\/cd\/#website"},"primaryImageOfPage":{"@id":"https:\/\/noticiasemdestaque.com\/cd\/?p=51257#primaryimage"},"image":{"@id":"https:\/\/noticiasemdestaque.com\/cd\/?p=51257#primaryimage"},"thumbnailUrl":"https:\/\/noticiasemdestaque.com\/cd\/wp-content\/uploads\/2022\/09\/urna_eletronica_walla_santos.jpg","datePublished":"2023-09-05T23:17:43+00:00","breadcrumb":{"@id":"https:\/\/noticiasemdestaque.com\/cd\/?p=51257#breadcrumb"},"inLanguage":"pt-BR","potentialAction":[{"@type":"ReadAction","target":["https:\/\/noticiasemdestaque.com\/cd\/?p=51257"]}]},{"@type":"ImageObject","inLanguage":"pt-BR","@id":"https:\/\/noticiasemdestaque.com\/cd\/?p=51257#primaryimage","url":"https:\/\/noticiasemdestaque.com\/cd\/wp-content\/uploads\/2022\/09\/urna_eletronica_walla_santos.jpg","contentUrl":"https:\/\/noticiasemdestaque.com\/cd\/wp-content\/uploads\/2022\/09\/urna_eletronica_walla_santos.jpg","width":876,"height":585},{"@type":"BreadcrumbList","@id":"https:\/\/noticiasemdestaque.com\/cd\/?p=51257#breadcrumb","itemListElement":[{"@type":"ListItem","position":1,"name":"In\u00edcio","item":"https:\/\/noticiasemdestaque.com\/cd\/"},{"@type":"ListItem","position":2,"name":"Divulgados os locais de vota\u00e7\u00e3o para elei\u00e7\u00e3o do Conselho Tutelar de Sum\u00e9"}]},{"@type":"WebSite","@id":"https:\/\/noticiasemdestaque.com\/cd\/#website","url":"https:\/\/noticiasemdestaque.com\/cd\/","name":"Not&iacute;cias em Destaque","description":"","publisher":{"@id":"https:\/\/noticiasemdestaque.com\/cd\/#organization"},"potentialAction":[{"@type":"SearchAction","target":{"@type":"EntryPoint","urlTemplate":"https:\/\/noticiasemdestaque.com\/cd\/?s={search_term_string}"},"query-input":{"@type":"PropertyValueSpecification","valueRequired":true,"valueName":"search_term_string"}}],"inLanguage":"pt-BR"},{"@type":"Organization","@id":"https:\/\/noticiasemdestaque.com\/cd\/#organization","name":"Not\u00edcias em Destaque","url":"https:\/\/noticiasemdestaque.com\/cd\/","logo":{"@type":"ImageObject","inLanguage":"pt-BR","@id":"https:\/\/noticiasemdestaque.com\/cd\/#\/schema\/logo\/image\/","url":"https:\/\/noticiasemdestaque.com\/cd\/wp-content\/uploads\/2022\/05\/imagem-base-noticiasemdestaque.png","contentUrl":"https:\/\/noticiasemdestaque.com\/cd\/wp-content\/uploads\/2022\/05\/imagem-base-noticiasemdestaque.png","width":1200,"height":630,"caption":"Not\u00edcias em Destaque"},"image":{"@id":"https:\/\/noticiasemdestaque.com\/cd\/#\/schema\/logo\/image\/"}},{"@type":"Person","@id":"https:\/\/noticiasemdestaque.com\/cd\/#\/schema\/person\/21320b03a7e8bb90128938dafc9b908a","name":"Not\u00edcias em Destaque","url":"https:\/\/noticiasemdestaque.com\/cd\/?author=2"}]}},"jetpack_featured_media_url":"https:\/\/noticiasemdestaque.com\/cd\/wp-content\/uploads\/2022\/09\/urna_eletronica_walla_santos.jpg","jetpack_sharing_enabled":true,"_links":{"self":[{"href":"https:\/\/noticiasemdestaque.com\/cd\/index.php?rest_route=\/wp\/v2\/posts\/51257","targetHints":{"allow":["GET"]}}],"collection":[{"href":"https:\/\/noticiasemdestaque.com\/cd\/index.php?rest_route=\/wp\/v2\/posts"}],"about":[{"href":"https:\/\/noticiasemdestaque.com\/cd\/index.php?rest_route=\/wp\/v2\/types\/post"}],"author":[{"embeddable":true,"href":"https:\/\/noticiasemdestaque.com\/cd\/index.php?rest_route=\/wp\/v2\/users\/2"}],"replies":[{"embeddable":true,"href":"https:\/\/noticiasemdestaque.com\/cd\/index.php?rest_route=%2Fwp%2Fv2%2Fcomments&post=51257"}],"version-history":[{"count":1,"href":"https:\/\/noticiasemdestaque.com\/cd\/index.php?rest_route=\/wp\/v2\/posts\/51257\/revisions"}],"predecessor-version":[{"id":51258,"href":"https:\/\/noticiasemdestaque.com\/cd\/index.php?rest_route=\/wp\/v2\/posts\/51257\/revisions\/51258"}],"wp:featuredmedia":[{"embeddable":true,"href":"https:\/\/noticiasemdestaque.com\/cd\/index.php?rest_route=\/wp\/v2\/media\/43033"}],"wp:attachment":[{"href":"https:\/\/noticiasemdestaque.com\/cd\/index.php?rest_route=%2Fwp%2Fv2%2Fmedia&parent=51257"}],"wp:term":[{"taxonomy":"category","embeddable":true,"href":"https:\/\/noticiasemdestaque.com\/cd\/index.php?rest_route=%2Fwp%2Fv2%2Fcategories&post=51257"},{"taxonomy":"post_tag","embeddable":true,"href":"https:\/\/noticiasemdestaque.com\/cd\/index.php?rest_route=%2Fwp%2Fv2%2Ftags&post=51257"}],"curies":[{"name":"wp","href":"https:\/\/api.w.org\/{rel}","templated":true}]}}