{"id":51254,"date":"2023-09-05T20:13:17","date_gmt":"2023-09-05T23:13:17","guid":{"rendered":"https:\/\/noticiasemdestaque.com\/cd\/?p=51254"},"modified":"2023-09-05T20:13:17","modified_gmt":"2023-09-05T23:13:17","slug":"sai-a-concorrencia-por-cargo-do-concurso-publico-de-sume","status":"publish","type":"post","link":"https:\/\/noticiasemdestaque.com\/cd\/?p=51254","title":{"rendered":"Sai a concorr\u00eancia por cargo do Concurso P\u00fablico de Sum\u00e9"},"content":{"rendered":"<p><a href=\"https:\/\/noticiasemdestaque.com\/cd\/wp-content\/uploads\/2023\/09\/WhatsApp-Image-2023-09-05-at-20.07.52.jpeg\"><img fetchpriority=\"high\" decoding=\"async\" class=\" wp-image-51255 aligncenter\" src=\"https:\/\/noticiasemdestaque.com\/cd\/wp-content\/uploads\/2023\/09\/WhatsApp-Image-2023-09-05-at-20.07.52-300x170.jpeg\" alt=\"\" width=\"671\" height=\"380\" srcset=\"https:\/\/noticiasemdestaque.com\/cd\/wp-content\/uploads\/2023\/09\/WhatsApp-Image-2023-09-05-at-20.07.52-300x170.jpeg 300w, https:\/\/noticiasemdestaque.com\/cd\/wp-content\/uploads\/2023\/09\/WhatsApp-Image-2023-09-05-at-20.07.52-1024x580.jpeg 1024w, https:\/\/noticiasemdestaque.com\/cd\/wp-content\/uploads\/2023\/09\/WhatsApp-Image-2023-09-05-at-20.07.52-768x435.jpeg 768w, https:\/\/noticiasemdestaque.com\/cd\/wp-content\/uploads\/2023\/09\/WhatsApp-Image-2023-09-05-at-20.07.52-18x10.jpeg 18w, https:\/\/noticiasemdestaque.com\/cd\/wp-content\/uploads\/2023\/09\/WhatsApp-Image-2023-09-05-at-20.07.52.jpeg 1200w\" sizes=\"(max-width: 671px) 100vw, 671px\" \/><\/a><\/p>\n<p>Ap\u00f3s o encerramento das inscri\u00e7\u00f5es para o Concurso P\u00fablico 2023 do munic\u00edpio de Sum\u00e9 no \u00faltimo dia 20 de agosto, a CPCON &#8211; Comiss\u00e3o Permanente de Concursos da Universidade Estadual da Para\u00edba, respons\u00e1vel pela execu\u00e7\u00e3o do certame, atualizou as informa\u00e7\u00f5es em seu site (http:\/\/cpcon.uepb.edu.br) com a quantidade de inscritos e concorr\u00eancia por cargo.<\/p>\n<p>Ao todo foram 1.682 inscritos que concorrer\u00e3o aos 20 cargos oferecidos nos tr\u00eas n\u00edveis de escolaridade, divididos da seguinte forma:<\/p>\n<p>1. Fundamental &#8211; 146 inscritos sendo:<br \/>\n\u2022 142 inscritos para o cargo de Motorista Categoria D \u2013 03 vagas ofertadas com 47.33 candidatos concorrendo por vaga<br \/>\n\u2022 04 inscritos para o cargo de Operador de Equipamentos Rodovi\u00e1rios \u2013 01 vaga ofertada com 4 candidatos concorrendo por esta vaga<\/p>\n<p>2. M\u00e9dio\/T\u00e9cnico &#8211; 773 inscritos sendo:<br \/>\n\u2022 298 inscritos para o cargo de Assistente de Administra\u00e7\u00e3o \u2013 02 vagas ofertadas com 149 candidatos concorrendo por vaga<br \/>\n\u2022 291 inscritos para o cargo de Cuidador Educacional \u2013 04 vagas ofertadas (ampla concorr\u00eancia) com 72.75 candidatos concorrendo por vaga<br \/>\n\u2022 05 inscritos para o cargo de Cuidador Educacional \u2013 01 vaga ofertada (Portador de Necessidade Especial \u2013 PNE) com 05 candidatos concorrendo por vaga<br \/>\n\u2022 179 inscritos para o cargo de T\u00e9cnico de Enfermagem \u2013 03 vagas ofertadas com 59.67 candidatos concorrendo por vaga<\/p>\n<p>3. Superior \u2013 763 inscritos sendo:<br \/>\n\u2022 43 inscritos para o cargo de Nutricionista \u2013 01 vaga ofertada com 43 candidatos concorrendo por vaga<br \/>\n\u2022 07 inscritos para o cargo de M\u00e9dico de PSF \u2013 01 vaga ofertada com 07 candidatos concorrendo por vaga<br \/>\n\u2022 74 inscritos para o cargo de Enfermeiro (a) \u2013 01 vaga ofertada com 74 candidatos concorrendo por vaga<br \/>\n\u2022 07 inscritos para o cargo de M\u00e9dico Pediatra \u2013 01 vaga ofertada com 07 candidatos concorrendo por vaga<br \/>\n\u2022 173 inscritos para o cargo de Agente Fiscal de Tributos \u2013 01 vaga ofertada com 173 candidatos concorrendo por vaga<br \/>\n\u2022 355 inscritos para o cargo de Professor do Ensino Fundamental I (ampla concorr\u00eancia) \u2013 04 vagas ofertadas com 88.75 candidatos concorrendo por vaga<br \/>\n\u2022 05 inscritos para o cargo de Professor do Ensino Fundamental I (Portador de Necessidade Especial \u2013 PNE) \u2013 01 vaga ofertada com 05 candidatos concorrendo por vaga<br \/>\n\u2022 99 inscritos para o cargo de Professor do Ensino Fundamental II, habilita\u00e7\u00e3o Portugu\u00eas \u2013 01 vaga ofertada com 99 candidatos concorrendo por vaga<\/p>\n<p>Os cargos com maior concorr\u00eancia s\u00e3o:<br \/>\n\u2022 N\u00edvel fundamental: Motorista categoria D &#8211; 47.33 por vaga<br \/>\n\u2022 N\u00edvel m\u00e9dio\/t\u00e9cnico: Assistente de Administra\u00e7\u00e3o \u2013 149 por vaga<br \/>\n\u2022 N\u00edvel Superior: Agente Fiscal de Tributos &#8211; 173 por vaga<\/p>\n<p>As provas ser\u00e3o realizadas em 17 de setembro, manh\u00e3 e tarde.<br \/>\n\u2022 Das 8h \u00e0s 12h &#8211; N\u00edvel Fundamental e N\u00edvel Superior\/Magist\u00e9rio<br \/>\n\u2022 Das 14h30 \u00e0s 18h30 &#8211; N\u00edvel M\u00e9dio\/T\u00e9cnico<\/p>\n<p>A pr\u00f3xima fase do cronograma est\u00e1 marcada para o dia 11 de setembro com a publica\u00e7\u00e3o do local, sala e carteira onde o candidato fata a prova e que ser\u00e1 publicada no site da CPCON (http:\/\/cpcon.uepb.edu.br).<\/p>\n<p><strong>Noticias em Destaque<\/strong><\/p>\n<p style=\"text-align: right;\"><em>Fonte: Ascom\/PMS<\/em><\/p>\n","protected":false},"excerpt":{"rendered":"<p>Ap\u00f3s o encerramento das inscri\u00e7\u00f5es para o Concurso P\u00fablico 2023 do munic\u00edpio de Sum\u00e9 no \u00faltimo dia 20 de agosto, a CPCON &#8211; Comiss\u00e3o Permanente de Concursos da Universidade Estadual da Para\u00edba, respons\u00e1vel pela execu\u00e7\u00e3o do certame, atualizou as informa\u00e7\u00f5es em seu site (http:\/\/cpcon.uepb.edu.br) com a quantidade de inscritos e concorr\u00eancia por cargo. Ao todo foram 1.682 inscritos que concorrer\u00e3o aos 20 cargos oferecidos nos tr\u00eas n\u00edveis de escolaridade, divididos da seguinte forma: 1. Fundamental &#8211; 146 inscritos sendo: \u2022 142 inscritos para o cargo de Motorista Categoria D \u2013 03 vagas ofertadas com 47.33 candidatos concorrendo por vaga \u2022 04 inscritos para o cargo de Operador de Equipamentos Rodovi\u00e1rios \u2013 01 vaga ofertada com 4 candidatos concorrendo por esta vaga 2. M\u00e9dio\/T\u00e9cnico &#8211; 773 inscritos sendo: \u2022 298 inscritos para o cargo de Assistente de Administra\u00e7\u00e3o \u2013 02 vagas ofertadas com 149 candidatos concorrendo por vaga \u2022 291 inscritos para o cargo de Cuidador Educacional \u2013 04 vagas ofertadas (ampla concorr\u00eancia) com 72.75 candidatos concorrendo por vaga \u2022 05 inscritos para o cargo de Cuidador Educacional \u2013 01 vaga ofertada (Portador de Necessidade Especial \u2013 PNE) com 05 candidatos concorrendo por vaga \u2022 179 inscritos para o cargo de T\u00e9cnico de Enfermagem \u2013 03 vagas ofertadas com 59.67 candidatos concorrendo por vaga 3. Superior \u2013 763 inscritos sendo: \u2022 43 inscritos para o cargo de Nutricionista \u2013 01 vaga ofertada com 43 candidatos concorrendo por vaga \u2022 07 inscritos para o cargo de M\u00e9dico de PSF \u2013 01 vaga ofertada com 07 candidatos concorrendo por vaga \u2022 74 inscritos para o cargo de Enfermeiro (a) \u2013 01 vaga ofertada com 74 candidatos concorrendo por vaga \u2022 07 inscritos para o cargo de M\u00e9dico Pediatra \u2013 01 vaga ofertada com 07 candidatos concorrendo por vaga \u2022 173 inscritos para o cargo de Agente Fiscal de Tributos \u2013 01 vaga ofertada com 173 candidatos concorrendo por vaga \u2022 355 inscritos para o cargo de Professor do Ensino Fundamental I (ampla concorr\u00eancia) \u2013 04 vagas ofertadas com 88.75 candidatos concorrendo por vaga \u2022 05 inscritos para o cargo de Professor do Ensino Fundamental I (Portador de Necessidade Especial \u2013 PNE) \u2013 01 vaga ofertada com 05 candidatos concorrendo por vaga \u2022 99 inscritos para o cargo de Professor do Ensino Fundamental II, habilita\u00e7\u00e3o Portugu\u00eas \u2013 01 vaga ofertada com 99 candidatos concorrendo por vaga Os cargos com maior concorr\u00eancia s\u00e3o: \u2022 N\u00edvel fundamental: Motorista categoria D &#8211; 47.33 por vaga \u2022 N\u00edvel m\u00e9dio\/t\u00e9cnico: Assistente de Administra\u00e7\u00e3o \u2013 149 por vaga \u2022 N\u00edvel Superior: Agente Fiscal de Tributos &#8211; 173 por vaga As provas ser\u00e3o realizadas em 17 de setembro, manh\u00e3 e tarde. \u2022 Das 8h \u00e0s 12h &#8211; N\u00edvel Fundamental e N\u00edvel Superior\/Magist\u00e9rio \u2022 Das 14h30 \u00e0s 18h30 &#8211; N\u00edvel M\u00e9dio\/T\u00e9cnico A pr\u00f3xima fase do cronograma est\u00e1 marcada para o dia 11 de setembro com a publica\u00e7\u00e3o do local, sala e carteira onde o candidato fata a prova e que ser\u00e1 publicada no site da CPCON (http:\/\/cpcon.uepb.edu.br). Noticias em Destaque Fonte: Ascom\/PMS<\/p>\n","protected":false},"author":2,"featured_media":51255,"comment_status":"closed","ping_status":"open","sticky":false,"template":"","format":"standard","meta":{"_eb_attr":"","_jetpack_memberships_contains_paid_content":false,"footnotes":""},"categories":[3],"tags":[],"class_list":["post-51254","post","type-post","status-publish","format-standard","has-post-thumbnail","hentry","category-cidades"],"yoast_head":"<!-- This site is optimized with the Yoast SEO plugin v26.5 - https:\/\/yoast.com\/wordpress\/plugins\/seo\/ -->\n<title>Sai a concorr\u00eancia por cargo do Concurso P\u00fablico de Sum\u00e9 - Not&iacute;cias em Destaque<\/title>\n<meta name=\"robots\" content=\"index, follow, max-snippet:-1, max-image-preview:large, max-video-preview:-1\" \/>\n<link rel=\"canonical\" href=\"https:\/\/noticiasemdestaque.com\/cd\/?p=51254\" \/>\n<meta property=\"og:locale\" content=\"pt_BR\" \/>\n<meta property=\"og:type\" content=\"article\" \/>\n<meta property=\"og:title\" content=\"Sai a concorr\u00eancia por cargo do Concurso P\u00fablico de Sum\u00e9 - Not&iacute;cias em Destaque\" \/>\n<meta property=\"og:description\" content=\"Ap\u00f3s o encerramento das inscri\u00e7\u00f5es para o Concurso P\u00fablico 2023 do munic\u00edpio de Sum\u00e9 no \u00faltimo dia 20 de agosto, a CPCON &#8211; Comiss\u00e3o Permanente de Concursos da Universidade Estadual da Para\u00edba, respons\u00e1vel pela execu\u00e7\u00e3o do certame, atualizou as informa\u00e7\u00f5es em seu site (http:\/\/cpcon.uepb.edu.br) com a quantidade de inscritos e concorr\u00eancia por cargo. Ao todo foram 1.682 inscritos que concorrer\u00e3o aos 20 cargos oferecidos nos tr\u00eas n\u00edveis de escolaridade, divididos da seguinte forma: 1. Fundamental &#8211; 146 inscritos sendo: \u2022 142 inscritos para o cargo de Motorista Categoria D \u2013 03 vagas ofertadas com 47.33 candidatos concorrendo por vaga \u2022 04 inscritos para o cargo de Operador de Equipamentos Rodovi\u00e1rios \u2013 01 vaga ofertada com 4 candidatos concorrendo por esta vaga 2. M\u00e9dio\/T\u00e9cnico &#8211; 773 inscritos sendo: \u2022 298 inscritos para o cargo de Assistente de Administra\u00e7\u00e3o \u2013 02 vagas ofertadas com 149 candidatos concorrendo por vaga \u2022 291 inscritos para o cargo de Cuidador Educacional \u2013 04 vagas ofertadas (ampla concorr\u00eancia) com 72.75 candidatos concorrendo por vaga \u2022 05 inscritos para o cargo de Cuidador Educacional \u2013 01 vaga ofertada (Portador de Necessidade Especial \u2013 PNE) com 05 candidatos concorrendo por vaga \u2022 179 inscritos para o cargo de T\u00e9cnico de Enfermagem \u2013 03 vagas ofertadas com 59.67 candidatos concorrendo por vaga 3. Superior \u2013 763 inscritos sendo: \u2022 43 inscritos para o cargo de Nutricionista \u2013 01 vaga ofertada com 43 candidatos concorrendo por vaga \u2022 07 inscritos para o cargo de M\u00e9dico de PSF \u2013 01 vaga ofertada com 07 candidatos concorrendo por vaga \u2022 74 inscritos para o cargo de Enfermeiro (a) \u2013 01 vaga ofertada com 74 candidatos concorrendo por vaga \u2022 07 inscritos para o cargo de M\u00e9dico Pediatra \u2013 01 vaga ofertada com 07 candidatos concorrendo por vaga \u2022 173 inscritos para o cargo de Agente Fiscal de Tributos \u2013 01 vaga ofertada com 173 candidatos concorrendo por vaga \u2022 355 inscritos para o cargo de Professor do Ensino Fundamental I (ampla concorr\u00eancia) \u2013 04 vagas ofertadas com 88.75 candidatos concorrendo por vaga \u2022 05 inscritos para o cargo de Professor do Ensino Fundamental I (Portador de Necessidade Especial \u2013 PNE) \u2013 01 vaga ofertada com 05 candidatos concorrendo por vaga \u2022 99 inscritos para o cargo de Professor do Ensino Fundamental II, habilita\u00e7\u00e3o Portugu\u00eas \u2013 01 vaga ofertada com 99 candidatos concorrendo por vaga Os cargos com maior concorr\u00eancia s\u00e3o: \u2022 N\u00edvel fundamental: Motorista categoria D &#8211; 47.33 por vaga \u2022 N\u00edvel m\u00e9dio\/t\u00e9cnico: Assistente de Administra\u00e7\u00e3o \u2013 149 por vaga \u2022 N\u00edvel Superior: Agente Fiscal de Tributos &#8211; 173 por vaga As provas ser\u00e3o realizadas em 17 de setembro, manh\u00e3 e tarde. \u2022 Das 8h \u00e0s 12h &#8211; N\u00edvel Fundamental e N\u00edvel Superior\/Magist\u00e9rio \u2022 Das 14h30 \u00e0s 18h30 &#8211; N\u00edvel M\u00e9dio\/T\u00e9cnico A pr\u00f3xima fase do cronograma est\u00e1 marcada para o dia 11 de setembro com a publica\u00e7\u00e3o do local, sala e carteira onde o candidato fata a prova e que ser\u00e1 publicada no site da CPCON (http:\/\/cpcon.uepb.edu.br). Noticias em Destaque Fonte: Ascom\/PMS\" \/>\n<meta property=\"og:url\" content=\"https:\/\/noticiasemdestaque.com\/cd\/?p=51254\" \/>\n<meta property=\"og:site_name\" content=\"Not&iacute;cias em Destaque\" \/>\n<meta property=\"article:published_time\" content=\"2023-09-05T23:13:17+00:00\" \/>\n<meta property=\"og:image\" content=\"https:\/\/noticiasemdestaque.com\/cd\/wp-content\/uploads\/2023\/09\/WhatsApp-Image-2023-09-05-at-20.07.52.jpeg\" \/>\n\t<meta property=\"og:image:width\" content=\"1200\" \/>\n\t<meta property=\"og:image:height\" content=\"680\" \/>\n\t<meta property=\"og:image:type\" content=\"image\/jpeg\" \/>\n<meta name=\"author\" content=\"Not\u00edcias em Destaque\" \/>\n<meta name=\"twitter:card\" content=\"summary_large_image\" \/>\n<meta name=\"twitter:label1\" content=\"Escrito por\" \/>\n\t<meta name=\"twitter:data1\" content=\"Not\u00edcias em Destaque\" \/>\n\t<meta name=\"twitter:label2\" content=\"Est. tempo de leitura\" \/>\n\t<meta name=\"twitter:data2\" content=\"3 minutos\" \/>\n<script type=\"application\/ld+json\" class=\"yoast-schema-graph\">{\"@context\":\"https:\/\/schema.org\",\"@graph\":[{\"@type\":\"Article\",\"@id\":\"https:\/\/noticiasemdestaque.com\/cd\/?p=51254#article\",\"isPartOf\":{\"@id\":\"https:\/\/noticiasemdestaque.com\/cd\/?p=51254\"},\"author\":{\"name\":\"Not\u00edcias em Destaque\",\"@id\":\"https:\/\/noticiasemdestaque.com\/cd\/#\/schema\/person\/21320b03a7e8bb90128938dafc9b908a\"},\"headline\":\"Sai a concorr\u00eancia por cargo do Concurso P\u00fablico de Sum\u00e9\",\"datePublished\":\"2023-09-05T23:13:17+00:00\",\"mainEntityOfPage\":{\"@id\":\"https:\/\/noticiasemdestaque.com\/cd\/?p=51254\"},\"wordCount\":472,\"publisher\":{\"@id\":\"https:\/\/noticiasemdestaque.com\/cd\/#organization\"},\"image\":{\"@id\":\"https:\/\/noticiasemdestaque.com\/cd\/?p=51254#primaryimage\"},\"thumbnailUrl\":\"https:\/\/noticiasemdestaque.com\/cd\/wp-content\/uploads\/2023\/09\/WhatsApp-Image-2023-09-05-at-20.07.52.jpeg\",\"articleSection\":[\"Cidades\"],\"inLanguage\":\"pt-BR\"},{\"@type\":\"WebPage\",\"@id\":\"https:\/\/noticiasemdestaque.com\/cd\/?p=51254\",\"url\":\"https:\/\/noticiasemdestaque.com\/cd\/?p=51254\",\"name\":\"Sai a concorr\u00eancia por cargo do Concurso P\u00fablico de Sum\u00e9 - Not&iacute;cias em Destaque\",\"isPartOf\":{\"@id\":\"https:\/\/noticiasemdestaque.com\/cd\/#website\"},\"primaryImageOfPage\":{\"@id\":\"https:\/\/noticiasemdestaque.com\/cd\/?p=51254#primaryimage\"},\"image\":{\"@id\":\"https:\/\/noticiasemdestaque.com\/cd\/?p=51254#primaryimage\"},\"thumbnailUrl\":\"https:\/\/noticiasemdestaque.com\/cd\/wp-content\/uploads\/2023\/09\/WhatsApp-Image-2023-09-05-at-20.07.52.jpeg\",\"datePublished\":\"2023-09-05T23:13:17+00:00\",\"breadcrumb\":{\"@id\":\"https:\/\/noticiasemdestaque.com\/cd\/?p=51254#breadcrumb\"},\"inLanguage\":\"pt-BR\",\"potentialAction\":[{\"@type\":\"ReadAction\",\"target\":[\"https:\/\/noticiasemdestaque.com\/cd\/?p=51254\"]}]},{\"@type\":\"ImageObject\",\"inLanguage\":\"pt-BR\",\"@id\":\"https:\/\/noticiasemdestaque.com\/cd\/?p=51254#primaryimage\",\"url\":\"https:\/\/noticiasemdestaque.com\/cd\/wp-content\/uploads\/2023\/09\/WhatsApp-Image-2023-09-05-at-20.07.52.jpeg\",\"contentUrl\":\"https:\/\/noticiasemdestaque.com\/cd\/wp-content\/uploads\/2023\/09\/WhatsApp-Image-2023-09-05-at-20.07.52.jpeg\",\"width\":1200,\"height\":680},{\"@type\":\"BreadcrumbList\",\"@id\":\"https:\/\/noticiasemdestaque.com\/cd\/?p=51254#breadcrumb\",\"itemListElement\":[{\"@type\":\"ListItem\",\"position\":1,\"name\":\"In\u00edcio\",\"item\":\"https:\/\/noticiasemdestaque.com\/cd\/\"},{\"@type\":\"ListItem\",\"position\":2,\"name\":\"Sai a concorr\u00eancia por cargo do Concurso P\u00fablico de Sum\u00e9\"}]},{\"@type\":\"WebSite\",\"@id\":\"https:\/\/noticiasemdestaque.com\/cd\/#website\",\"url\":\"https:\/\/noticiasemdestaque.com\/cd\/\",\"name\":\"Not&iacute;cias em Destaque\",\"description\":\"\",\"publisher\":{\"@id\":\"https:\/\/noticiasemdestaque.com\/cd\/#organization\"},\"potentialAction\":[{\"@type\":\"SearchAction\",\"target\":{\"@type\":\"EntryPoint\",\"urlTemplate\":\"https:\/\/noticiasemdestaque.com\/cd\/?s={search_term_string}\"},\"query-input\":{\"@type\":\"PropertyValueSpecification\",\"valueRequired\":true,\"valueName\":\"search_term_string\"}}],\"inLanguage\":\"pt-BR\"},{\"@type\":\"Organization\",\"@id\":\"https:\/\/noticiasemdestaque.com\/cd\/#organization\",\"name\":\"Not\u00edcias em Destaque\",\"url\":\"https:\/\/noticiasemdestaque.com\/cd\/\",\"logo\":{\"@type\":\"ImageObject\",\"inLanguage\":\"pt-BR\",\"@id\":\"https:\/\/noticiasemdestaque.com\/cd\/#\/schema\/logo\/image\/\",\"url\":\"https:\/\/noticiasemdestaque.com\/cd\/wp-content\/uploads\/2022\/05\/imagem-base-noticiasemdestaque.png\",\"contentUrl\":\"https:\/\/noticiasemdestaque.com\/cd\/wp-content\/uploads\/2022\/05\/imagem-base-noticiasemdestaque.png\",\"width\":1200,\"height\":630,\"caption\":\"Not\u00edcias em Destaque\"},\"image\":{\"@id\":\"https:\/\/noticiasemdestaque.com\/cd\/#\/schema\/logo\/image\/\"}},{\"@type\":\"Person\",\"@id\":\"https:\/\/noticiasemdestaque.com\/cd\/#\/schema\/person\/21320b03a7e8bb90128938dafc9b908a\",\"name\":\"Not\u00edcias em Destaque\",\"url\":\"https:\/\/noticiasemdestaque.com\/cd\/?author=2\"}]}<\/script>\n<!-- \/ Yoast SEO plugin. -->","yoast_head_json":{"title":"Sai a concorr\u00eancia por cargo do Concurso P\u00fablico de Sum\u00e9 - Not&iacute;cias em Destaque","robots":{"index":"index","follow":"follow","max-snippet":"max-snippet:-1","max-image-preview":"max-image-preview:large","max-video-preview":"max-video-preview:-1"},"canonical":"https:\/\/noticiasemdestaque.com\/cd\/?p=51254","og_locale":"pt_BR","og_type":"article","og_title":"Sai a concorr\u00eancia por cargo do Concurso P\u00fablico de Sum\u00e9 - Not&iacute;cias em Destaque","og_description":"Ap\u00f3s o encerramento das inscri\u00e7\u00f5es para o Concurso P\u00fablico 2023 do munic\u00edpio de Sum\u00e9 no \u00faltimo dia 20 de agosto, a CPCON &#8211; Comiss\u00e3o Permanente de Concursos da Universidade Estadual da Para\u00edba, respons\u00e1vel pela execu\u00e7\u00e3o do certame, atualizou as informa\u00e7\u00f5es em seu site (http:\/\/cpcon.uepb.edu.br) com a quantidade de inscritos e concorr\u00eancia por cargo. Ao todo foram 1.682 inscritos que concorrer\u00e3o aos 20 cargos oferecidos nos tr\u00eas n\u00edveis de escolaridade, divididos da seguinte forma: 1. Fundamental &#8211; 146 inscritos sendo: \u2022 142 inscritos para o cargo de Motorista Categoria D \u2013 03 vagas ofertadas com 47.33 candidatos concorrendo por vaga \u2022 04 inscritos para o cargo de Operador de Equipamentos Rodovi\u00e1rios \u2013 01 vaga ofertada com 4 candidatos concorrendo por esta vaga 2. M\u00e9dio\/T\u00e9cnico &#8211; 773 inscritos sendo: \u2022 298 inscritos para o cargo de Assistente de Administra\u00e7\u00e3o \u2013 02 vagas ofertadas com 149 candidatos concorrendo por vaga \u2022 291 inscritos para o cargo de Cuidador Educacional \u2013 04 vagas ofertadas (ampla concorr\u00eancia) com 72.75 candidatos concorrendo por vaga \u2022 05 inscritos para o cargo de Cuidador Educacional \u2013 01 vaga ofertada (Portador de Necessidade Especial \u2013 PNE) com 05 candidatos concorrendo por vaga \u2022 179 inscritos para o cargo de T\u00e9cnico de Enfermagem \u2013 03 vagas ofertadas com 59.67 candidatos concorrendo por vaga 3. Superior \u2013 763 inscritos sendo: \u2022 43 inscritos para o cargo de Nutricionista \u2013 01 vaga ofertada com 43 candidatos concorrendo por vaga \u2022 07 inscritos para o cargo de M\u00e9dico de PSF \u2013 01 vaga ofertada com 07 candidatos concorrendo por vaga \u2022 74 inscritos para o cargo de Enfermeiro (a) \u2013 01 vaga ofertada com 74 candidatos concorrendo por vaga \u2022 07 inscritos para o cargo de M\u00e9dico Pediatra \u2013 01 vaga ofertada com 07 candidatos concorrendo por vaga \u2022 173 inscritos para o cargo de Agente Fiscal de Tributos \u2013 01 vaga ofertada com 173 candidatos concorrendo por vaga \u2022 355 inscritos para o cargo de Professor do Ensino Fundamental I (ampla concorr\u00eancia) \u2013 04 vagas ofertadas com 88.75 candidatos concorrendo por vaga \u2022 05 inscritos para o cargo de Professor do Ensino Fundamental I (Portador de Necessidade Especial \u2013 PNE) \u2013 01 vaga ofertada com 05 candidatos concorrendo por vaga \u2022 99 inscritos para o cargo de Professor do Ensino Fundamental II, habilita\u00e7\u00e3o Portugu\u00eas \u2013 01 vaga ofertada com 99 candidatos concorrendo por vaga Os cargos com maior concorr\u00eancia s\u00e3o: \u2022 N\u00edvel fundamental: Motorista categoria D &#8211; 47.33 por vaga \u2022 N\u00edvel m\u00e9dio\/t\u00e9cnico: Assistente de Administra\u00e7\u00e3o \u2013 149 por vaga \u2022 N\u00edvel Superior: Agente Fiscal de Tributos &#8211; 173 por vaga As provas ser\u00e3o realizadas em 17 de setembro, manh\u00e3 e tarde. \u2022 Das 8h \u00e0s 12h &#8211; N\u00edvel Fundamental e N\u00edvel Superior\/Magist\u00e9rio \u2022 Das 14h30 \u00e0s 18h30 &#8211; N\u00edvel M\u00e9dio\/T\u00e9cnico A pr\u00f3xima fase do cronograma est\u00e1 marcada para o dia 11 de setembro com a publica\u00e7\u00e3o do local, sala e carteira onde o candidato fata a prova e que ser\u00e1 publicada no site da CPCON (http:\/\/cpcon.uepb.edu.br). Noticias em Destaque Fonte: Ascom\/PMS","og_url":"https:\/\/noticiasemdestaque.com\/cd\/?p=51254","og_site_name":"Not&iacute;cias em Destaque","article_published_time":"2023-09-05T23:13:17+00:00","og_image":[{"width":1200,"height":680,"url":"https:\/\/noticiasemdestaque.com\/cd\/wp-content\/uploads\/2023\/09\/WhatsApp-Image-2023-09-05-at-20.07.52.jpeg","type":"image\/jpeg"}],"author":"Not\u00edcias em Destaque","twitter_card":"summary_large_image","twitter_misc":{"Escrito por":"Not\u00edcias em Destaque","Est. tempo de leitura":"3 minutos"},"schema":{"@context":"https:\/\/schema.org","@graph":[{"@type":"Article","@id":"https:\/\/noticiasemdestaque.com\/cd\/?p=51254#article","isPartOf":{"@id":"https:\/\/noticiasemdestaque.com\/cd\/?p=51254"},"author":{"name":"Not\u00edcias em Destaque","@id":"https:\/\/noticiasemdestaque.com\/cd\/#\/schema\/person\/21320b03a7e8bb90128938dafc9b908a"},"headline":"Sai a concorr\u00eancia por cargo do Concurso P\u00fablico de Sum\u00e9","datePublished":"2023-09-05T23:13:17+00:00","mainEntityOfPage":{"@id":"https:\/\/noticiasemdestaque.com\/cd\/?p=51254"},"wordCount":472,"publisher":{"@id":"https:\/\/noticiasemdestaque.com\/cd\/#organization"},"image":{"@id":"https:\/\/noticiasemdestaque.com\/cd\/?p=51254#primaryimage"},"thumbnailUrl":"https:\/\/noticiasemdestaque.com\/cd\/wp-content\/uploads\/2023\/09\/WhatsApp-Image-2023-09-05-at-20.07.52.jpeg","articleSection":["Cidades"],"inLanguage":"pt-BR"},{"@type":"WebPage","@id":"https:\/\/noticiasemdestaque.com\/cd\/?p=51254","url":"https:\/\/noticiasemdestaque.com\/cd\/?p=51254","name":"Sai a concorr\u00eancia por cargo do Concurso P\u00fablico de Sum\u00e9 - Not&iacute;cias em Destaque","isPartOf":{"@id":"https:\/\/noticiasemdestaque.com\/cd\/#website"},"primaryImageOfPage":{"@id":"https:\/\/noticiasemdestaque.com\/cd\/?p=51254#primaryimage"},"image":{"@id":"https:\/\/noticiasemdestaque.com\/cd\/?p=51254#primaryimage"},"thumbnailUrl":"https:\/\/noticiasemdestaque.com\/cd\/wp-content\/uploads\/2023\/09\/WhatsApp-Image-2023-09-05-at-20.07.52.jpeg","datePublished":"2023-09-05T23:13:17+00:00","breadcrumb":{"@id":"https:\/\/noticiasemdestaque.com\/cd\/?p=51254#breadcrumb"},"inLanguage":"pt-BR","potentialAction":[{"@type":"ReadAction","target":["https:\/\/noticiasemdestaque.com\/cd\/?p=51254"]}]},{"@type":"ImageObject","inLanguage":"pt-BR","@id":"https:\/\/noticiasemdestaque.com\/cd\/?p=51254#primaryimage","url":"https:\/\/noticiasemdestaque.com\/cd\/wp-content\/uploads\/2023\/09\/WhatsApp-Image-2023-09-05-at-20.07.52.jpeg","contentUrl":"https:\/\/noticiasemdestaque.com\/cd\/wp-content\/uploads\/2023\/09\/WhatsApp-Image-2023-09-05-at-20.07.52.jpeg","width":1200,"height":680},{"@type":"BreadcrumbList","@id":"https:\/\/noticiasemdestaque.com\/cd\/?p=51254#breadcrumb","itemListElement":[{"@type":"ListItem","position":1,"name":"In\u00edcio","item":"https:\/\/noticiasemdestaque.com\/cd\/"},{"@type":"ListItem","position":2,"name":"Sai a concorr\u00eancia por cargo do Concurso P\u00fablico de Sum\u00e9"}]},{"@type":"WebSite","@id":"https:\/\/noticiasemdestaque.com\/cd\/#website","url":"https:\/\/noticiasemdestaque.com\/cd\/","name":"Not&iacute;cias em Destaque","description":"","publisher":{"@id":"https:\/\/noticiasemdestaque.com\/cd\/#organization"},"potentialAction":[{"@type":"SearchAction","target":{"@type":"EntryPoint","urlTemplate":"https:\/\/noticiasemdestaque.com\/cd\/?s={search_term_string}"},"query-input":{"@type":"PropertyValueSpecification","valueRequired":true,"valueName":"search_term_string"}}],"inLanguage":"pt-BR"},{"@type":"Organization","@id":"https:\/\/noticiasemdestaque.com\/cd\/#organization","name":"Not\u00edcias em Destaque","url":"https:\/\/noticiasemdestaque.com\/cd\/","logo":{"@type":"ImageObject","inLanguage":"pt-BR","@id":"https:\/\/noticiasemdestaque.com\/cd\/#\/schema\/logo\/image\/","url":"https:\/\/noticiasemdestaque.com\/cd\/wp-content\/uploads\/2022\/05\/imagem-base-noticiasemdestaque.png","contentUrl":"https:\/\/noticiasemdestaque.com\/cd\/wp-content\/uploads\/2022\/05\/imagem-base-noticiasemdestaque.png","width":1200,"height":630,"caption":"Not\u00edcias em Destaque"},"image":{"@id":"https:\/\/noticiasemdestaque.com\/cd\/#\/schema\/logo\/image\/"}},{"@type":"Person","@id":"https:\/\/noticiasemdestaque.com\/cd\/#\/schema\/person\/21320b03a7e8bb90128938dafc9b908a","name":"Not\u00edcias em Destaque","url":"https:\/\/noticiasemdestaque.com\/cd\/?author=2"}]}},"jetpack_featured_media_url":"https:\/\/noticiasemdestaque.com\/cd\/wp-content\/uploads\/2023\/09\/WhatsApp-Image-2023-09-05-at-20.07.52.jpeg","jetpack_sharing_enabled":true,"_links":{"self":[{"href":"https:\/\/noticiasemdestaque.com\/cd\/index.php?rest_route=\/wp\/v2\/posts\/51254","targetHints":{"allow":["GET"]}}],"collection":[{"href":"https:\/\/noticiasemdestaque.com\/cd\/index.php?rest_route=\/wp\/v2\/posts"}],"about":[{"href":"https:\/\/noticiasemdestaque.com\/cd\/index.php?rest_route=\/wp\/v2\/types\/post"}],"author":[{"embeddable":true,"href":"https:\/\/noticiasemdestaque.com\/cd\/index.php?rest_route=\/wp\/v2\/users\/2"}],"replies":[{"embeddable":true,"href":"https:\/\/noticiasemdestaque.com\/cd\/index.php?rest_route=%2Fwp%2Fv2%2Fcomments&post=51254"}],"version-history":[{"count":1,"href":"https:\/\/noticiasemdestaque.com\/cd\/index.php?rest_route=\/wp\/v2\/posts\/51254\/revisions"}],"predecessor-version":[{"id":51256,"href":"https:\/\/noticiasemdestaque.com\/cd\/index.php?rest_route=\/wp\/v2\/posts\/51254\/revisions\/51256"}],"wp:featuredmedia":[{"embeddable":true,"href":"https:\/\/noticiasemdestaque.com\/cd\/index.php?rest_route=\/wp\/v2\/media\/51255"}],"wp:attachment":[{"href":"https:\/\/noticiasemdestaque.com\/cd\/index.php?rest_route=%2Fwp%2Fv2%2Fmedia&parent=51254"}],"wp:term":[{"taxonomy":"category","embeddable":true,"href":"https:\/\/noticiasemdestaque.com\/cd\/index.php?rest_route=%2Fwp%2Fv2%2Fcategories&post=51254"},{"taxonomy":"post_tag","embeddable":true,"href":"https:\/\/noticiasemdestaque.com\/cd\/index.php?rest_route=%2Fwp%2Fv2%2Ftags&post=51254"}],"curies":[{"name":"wp","href":"https:\/\/api.w.org\/{rel}","templated":true}]}}