{"id":51245,"date":"2023-09-05T08:22:33","date_gmt":"2023-09-05T11:22:33","guid":{"rendered":"https:\/\/noticiasemdestaque.com\/cd\/?p=51245"},"modified":"2023-09-05T08:22:33","modified_gmt":"2023-09-05T11:22:33","slug":"joao-azevedo-lanca-hoje-pacote-com-investimentos-de-mais-de-r-50-milhoes-na-area-da-cultura","status":"publish","type":"post","link":"https:\/\/noticiasemdestaque.com\/cd\/?p=51245","title":{"rendered":"Jo\u00e3o Azev\u00eado lan\u00e7a hoje pacote com investimentos de mais de R$ 50 milh\u00f5es na \u00e1rea da cultura"},"content":{"rendered":"<p><a href=\"https:\/\/noticiasemdestaque.com\/cd\/wp-content\/uploads\/2023\/07\/joao.jpg\"><img fetchpriority=\"high\" decoding=\"async\" class=\"size-medium wp-image-50377 aligncenter\" src=\"https:\/\/noticiasemdestaque.com\/cd\/wp-content\/uploads\/2023\/07\/joao-300x182.jpg\" alt=\"\" width=\"300\" height=\"182\" srcset=\"https:\/\/noticiasemdestaque.com\/cd\/wp-content\/uploads\/2023\/07\/joao-300x182.jpg 300w, https:\/\/noticiasemdestaque.com\/cd\/wp-content\/uploads\/2023\/07\/joao-18x12.jpg 18w, https:\/\/noticiasemdestaque.com\/cd\/wp-content\/uploads\/2023\/07\/joao.jpg 640w\" sizes=\"(max-width: 300px) 100vw, 300px\" \/><\/a><\/p>\n<p>Ser\u00e1 lan\u00e7ada hoje (05), \u00e0s 10h, por parte do Governo da Para\u00edba, uma s\u00e9rie de a\u00e7\u00f5es na \u00e1rea da cultura. O evento com o governador Jo\u00e3o Azev\u00eado acontecer\u00e1 no Espa\u00e7o Cultural, em Jo\u00e3o Pessoa, e representam um investimento de mais de R$ 50 milh\u00f5es. Na solenidade, que come\u00e7ar\u00e1 \u00e0s 10h, no Cine Bangu\u00ea (Espa\u00e7o Cultural), em Jo\u00e3o Pessoa, ser\u00e3o assinados o II Edital de Mostras e Festivais de Cinema da Para\u00edba, a 2\u00aa chamada do Programa Arte na Bagagem, o Edital do Programa ICMS Cultural e os 13 editais para execu\u00e7\u00e3o da Lei Paulo Gustavo.<\/p>\n<p>O chefe do Executivo tamb\u00e9m vai assinar o pr\u00f3prio Decreto de Regulamenta\u00e7\u00e3o da LPG e as convocat\u00f3rias para as pr\u00f3ximas elei\u00e7\u00f5es do Conselho Estadual de Pol\u00edtica Cultural e para a Confer\u00eancia Estadual de Cultura. Segundo o Estado, a Secretaria da Cultura (Secult-PB) disponibilizar\u00e1 em sua p\u00e1gina eletr\u00f4nica, no Portal do Governo do Estado, todos os editais, formul\u00e1rios de inscri\u00e7\u00e3o de mais anexos de todos esses programas e a\u00e7\u00f5es. Os links de acesso ser\u00e3o divulgados nas redes sociais da Secult.<\/p>\n<p><strong>Lei Paulo Gustavo<\/strong>\u00a0&#8211; Ser\u00e3o lan\u00e7ados 13 editais na Para\u00edba: um edital espec\u00edfico para o audiovisual e 12 editais que v\u00e3o abranger as demais linguagens art\u00edsticas \u2013 sendo um para cada Regional de Cultura (RC), totalizando R$ 48.677.436,90 de investimentos executados pelo Governo do Estado. O objetivo \u00e9 mitigar os efeitos ainda sentidos no setor cultural em fun\u00e7\u00e3o da pandemia de Covid-19; essa \u00e9 a segunda Lei Federal com caracter\u00edstica emergencial, a primeira foi a Lei Aldir Blanc I. As inscri\u00e7\u00f5es ser\u00e3o realizadas no per\u00edodo de 9 de setembro a 9 de outubro\/2023.<\/p>\n<p><strong>ICMS Cultural<\/strong>\u00a0&#8211; O Edital \u00e9 destinado \u00e0 sele\u00e7\u00e3o de projetos culturais que ser\u00e3o financiados com recursos da Ren\u00fancia Fiscal. Est\u00e3o previstos investimentos da ordem de R$ 3.357.320,29. Por meio desse programa, as empresas podem abater 100% daquilo que investirem na cultura no momento em que forem pagar o ICMS. Essa \u00e9 a primeira etapa do processo de regulamenta\u00e7\u00e3o do Sistema Estadual de Fomento e Incentivo \u00e0 Cultura.<\/p>\n<p><strong>Arte na Bagagem<\/strong>\u00a0\u2013 O programa tem o objetivo de contribuir para a inser\u00e7\u00e3o da produ\u00e7\u00e3o cultural paraibana em n\u00edveis regional, nacional e internacional. Ser\u00e3o investidos R$ 500 mil nesta 2\u00aa chamada (para a primeira foram destinados outros R$ 500 mil). As inscri\u00e7\u00f5es v\u00e3o at\u00e9 30 de setembro\/2023.<\/p>\n<p><strong>Mostras e Festivais de Cinema<\/strong>\u00a0\u2013 Estas a\u00e7\u00f5es t\u00eam o objetivo de multiplicar as janelas de exibi\u00e7\u00e3o para dar vaz\u00e3o a um aumento consider\u00e1vel da produ\u00e7\u00e3o do setor, decorrente dos investimentos origin\u00e1rios da Lei Aldir Blanc (2020), da Lei Paulo Gustavo (2022) e da Pol\u00edtica Nacional Aldir Blanc de Fomento \u00e0 Cultura (2022). Ser\u00e3o investidos R$ 600 mil e as inscri\u00e7\u00f5es est\u00e3o abertas de 5 a 25 de setembro de 2023.<\/p>\n<p>Fonte: ClickPB<\/p>\n<p>&nbsp;<\/p>\n","protected":false},"excerpt":{"rendered":"<p>Ser\u00e1 lan\u00e7ada hoje (05), \u00e0s 10h, por parte do Governo da Para\u00edba, uma s\u00e9rie de a\u00e7\u00f5es na \u00e1rea da cultura. O evento com o governador Jo\u00e3o Azev\u00eado acontecer\u00e1 no Espa\u00e7o Cultural, em Jo\u00e3o Pessoa, e representam um investimento de mais de R$ 50 milh\u00f5es. Na solenidade, que come\u00e7ar\u00e1 \u00e0s 10h, no Cine Bangu\u00ea (Espa\u00e7o Cultural), em Jo\u00e3o Pessoa, ser\u00e3o assinados o II Edital de Mostras e Festivais de Cinema da Para\u00edba, a 2\u00aa chamada do Programa Arte na Bagagem, o Edital do Programa ICMS Cultural e os 13 editais para execu\u00e7\u00e3o da Lei Paulo Gustavo. O chefe do Executivo tamb\u00e9m vai assinar o pr\u00f3prio Decreto de Regulamenta\u00e7\u00e3o da LPG e as convocat\u00f3rias para as pr\u00f3ximas elei\u00e7\u00f5es do Conselho Estadual de Pol\u00edtica Cultural e para a Confer\u00eancia Estadual de Cultura. Segundo o Estado, a Secretaria da Cultura (Secult-PB) disponibilizar\u00e1 em sua p\u00e1gina eletr\u00f4nica, no Portal do Governo do Estado, todos os editais, formul\u00e1rios de inscri\u00e7\u00e3o de mais anexos de todos esses programas e a\u00e7\u00f5es. Os links de acesso ser\u00e3o divulgados nas redes sociais da Secult. Lei Paulo Gustavo\u00a0&#8211; Ser\u00e3o lan\u00e7ados 13 editais na Para\u00edba: um edital espec\u00edfico para o audiovisual e 12 editais que v\u00e3o abranger as demais linguagens art\u00edsticas \u2013 sendo um para cada Regional de Cultura (RC), totalizando R$ 48.677.436,90 de investimentos executados pelo Governo do Estado. O objetivo \u00e9 mitigar os efeitos ainda sentidos no setor cultural em fun\u00e7\u00e3o da pandemia de Covid-19; essa \u00e9 a segunda Lei Federal com caracter\u00edstica emergencial, a primeira foi a Lei Aldir Blanc I. As inscri\u00e7\u00f5es ser\u00e3o realizadas no per\u00edodo de 9 de setembro a 9 de outubro\/2023. ICMS Cultural\u00a0&#8211; O Edital \u00e9 destinado \u00e0 sele\u00e7\u00e3o de projetos culturais que ser\u00e3o financiados com recursos da Ren\u00fancia Fiscal. Est\u00e3o previstos investimentos da ordem de R$ 3.357.320,29. Por meio desse programa, as empresas podem abater 100% daquilo que investirem na cultura no momento em que forem pagar o ICMS. Essa \u00e9 a primeira etapa do processo de regulamenta\u00e7\u00e3o do Sistema Estadual de Fomento e Incentivo \u00e0 Cultura. Arte na Bagagem\u00a0\u2013 O programa tem o objetivo de contribuir para a inser\u00e7\u00e3o da produ\u00e7\u00e3o cultural paraibana em n\u00edveis regional, nacional e internacional. Ser\u00e3o investidos R$ 500 mil nesta 2\u00aa chamada (para a primeira foram destinados outros R$ 500 mil). As inscri\u00e7\u00f5es v\u00e3o at\u00e9 30 de setembro\/2023. Mostras e Festivais de Cinema\u00a0\u2013 Estas a\u00e7\u00f5es t\u00eam o objetivo de multiplicar as janelas de exibi\u00e7\u00e3o para dar vaz\u00e3o a um aumento consider\u00e1vel da produ\u00e7\u00e3o do setor, decorrente dos investimentos origin\u00e1rios da Lei Aldir Blanc (2020), da Lei Paulo Gustavo (2022) e da Pol\u00edtica Nacional Aldir Blanc de Fomento \u00e0 Cultura (2022). Ser\u00e3o investidos R$ 600 mil e as inscri\u00e7\u00f5es est\u00e3o abertas de 5 a 25 de setembro de 2023. Fonte: ClickPB &nbsp;<\/p>\n","protected":false},"author":2,"featured_media":50377,"comment_status":"closed","ping_status":"open","sticky":false,"template":"","format":"standard","meta":{"_eb_attr":"","_jetpack_memberships_contains_paid_content":false,"footnotes":""},"categories":[4],"tags":[],"class_list":["post-51245","post","type-post","status-publish","format-standard","has-post-thumbnail","hentry","category-politica"],"yoast_head":"<!-- This site is optimized with the Yoast SEO plugin v26.5 - https:\/\/yoast.com\/wordpress\/plugins\/seo\/ -->\n<title>Jo\u00e3o Azev\u00eado lan\u00e7a hoje pacote com investimentos de mais de R$ 50 milh\u00f5es na \u00e1rea da cultura - Not&iacute;cias em Destaque<\/title>\n<meta name=\"robots\" content=\"index, follow, max-snippet:-1, max-image-preview:large, max-video-preview:-1\" \/>\n<link rel=\"canonical\" href=\"https:\/\/noticiasemdestaque.com\/cd\/?p=51245\" \/>\n<meta property=\"og:locale\" content=\"pt_BR\" \/>\n<meta property=\"og:type\" content=\"article\" \/>\n<meta property=\"og:title\" content=\"Jo\u00e3o Azev\u00eado lan\u00e7a hoje pacote com investimentos de mais de R$ 50 milh\u00f5es na \u00e1rea da cultura - Not&iacute;cias em Destaque\" \/>\n<meta property=\"og:description\" content=\"Ser\u00e1 lan\u00e7ada hoje (05), \u00e0s 10h, por parte do Governo da Para\u00edba, uma s\u00e9rie de a\u00e7\u00f5es na \u00e1rea da cultura. O evento com o governador Jo\u00e3o Azev\u00eado acontecer\u00e1 no Espa\u00e7o Cultural, em Jo\u00e3o Pessoa, e representam um investimento de mais de R$ 50 milh\u00f5es. Na solenidade, que come\u00e7ar\u00e1 \u00e0s 10h, no Cine Bangu\u00ea (Espa\u00e7o Cultural), em Jo\u00e3o Pessoa, ser\u00e3o assinados o II Edital de Mostras e Festivais de Cinema da Para\u00edba, a 2\u00aa chamada do Programa Arte na Bagagem, o Edital do Programa ICMS Cultural e os 13 editais para execu\u00e7\u00e3o da Lei Paulo Gustavo. O chefe do Executivo tamb\u00e9m vai assinar o pr\u00f3prio Decreto de Regulamenta\u00e7\u00e3o da LPG e as convocat\u00f3rias para as pr\u00f3ximas elei\u00e7\u00f5es do Conselho Estadual de Pol\u00edtica Cultural e para a Confer\u00eancia Estadual de Cultura. Segundo o Estado, a Secretaria da Cultura (Secult-PB) disponibilizar\u00e1 em sua p\u00e1gina eletr\u00f4nica, no Portal do Governo do Estado, todos os editais, formul\u00e1rios de inscri\u00e7\u00e3o de mais anexos de todos esses programas e a\u00e7\u00f5es. Os links de acesso ser\u00e3o divulgados nas redes sociais da Secult. Lei Paulo Gustavo\u00a0&#8211; Ser\u00e3o lan\u00e7ados 13 editais na Para\u00edba: um edital espec\u00edfico para o audiovisual e 12 editais que v\u00e3o abranger as demais linguagens art\u00edsticas \u2013 sendo um para cada Regional de Cultura (RC), totalizando R$ 48.677.436,90 de investimentos executados pelo Governo do Estado. O objetivo \u00e9 mitigar os efeitos ainda sentidos no setor cultural em fun\u00e7\u00e3o da pandemia de Covid-19; essa \u00e9 a segunda Lei Federal com caracter\u00edstica emergencial, a primeira foi a Lei Aldir Blanc I. As inscri\u00e7\u00f5es ser\u00e3o realizadas no per\u00edodo de 9 de setembro a 9 de outubro\/2023. ICMS Cultural\u00a0&#8211; O Edital \u00e9 destinado \u00e0 sele\u00e7\u00e3o de projetos culturais que ser\u00e3o financiados com recursos da Ren\u00fancia Fiscal. Est\u00e3o previstos investimentos da ordem de R$ 3.357.320,29. Por meio desse programa, as empresas podem abater 100% daquilo que investirem na cultura no momento em que forem pagar o ICMS. Essa \u00e9 a primeira etapa do processo de regulamenta\u00e7\u00e3o do Sistema Estadual de Fomento e Incentivo \u00e0 Cultura. Arte na Bagagem\u00a0\u2013 O programa tem o objetivo de contribuir para a inser\u00e7\u00e3o da produ\u00e7\u00e3o cultural paraibana em n\u00edveis regional, nacional e internacional. Ser\u00e3o investidos R$ 500 mil nesta 2\u00aa chamada (para a primeira foram destinados outros R$ 500 mil). As inscri\u00e7\u00f5es v\u00e3o at\u00e9 30 de setembro\/2023. Mostras e Festivais de Cinema\u00a0\u2013 Estas a\u00e7\u00f5es t\u00eam o objetivo de multiplicar as janelas de exibi\u00e7\u00e3o para dar vaz\u00e3o a um aumento consider\u00e1vel da produ\u00e7\u00e3o do setor, decorrente dos investimentos origin\u00e1rios da Lei Aldir Blanc (2020), da Lei Paulo Gustavo (2022) e da Pol\u00edtica Nacional Aldir Blanc de Fomento \u00e0 Cultura (2022). Ser\u00e3o investidos R$ 600 mil e as inscri\u00e7\u00f5es est\u00e3o abertas de 5 a 25 de setembro de 2023. Fonte: ClickPB &nbsp;\" \/>\n<meta property=\"og:url\" content=\"https:\/\/noticiasemdestaque.com\/cd\/?p=51245\" \/>\n<meta property=\"og:site_name\" content=\"Not&iacute;cias em Destaque\" \/>\n<meta property=\"article:published_time\" content=\"2023-09-05T11:22:33+00:00\" \/>\n<meta property=\"og:image\" content=\"https:\/\/noticiasemdestaque.com\/cd\/wp-content\/uploads\/2023\/07\/joao.jpg\" \/>\n\t<meta property=\"og:image:width\" content=\"640\" \/>\n\t<meta property=\"og:image:height\" content=\"388\" \/>\n\t<meta property=\"og:image:type\" content=\"image\/jpeg\" \/>\n<meta name=\"author\" content=\"Not\u00edcias em Destaque\" \/>\n<meta name=\"twitter:card\" content=\"summary_large_image\" \/>\n<meta name=\"twitter:label1\" content=\"Escrito por\" \/>\n\t<meta name=\"twitter:data1\" content=\"Not\u00edcias em Destaque\" \/>\n\t<meta name=\"twitter:label2\" content=\"Est. tempo de leitura\" \/>\n\t<meta name=\"twitter:data2\" content=\"3 minutos\" \/>\n<script type=\"application\/ld+json\" class=\"yoast-schema-graph\">{\"@context\":\"https:\/\/schema.org\",\"@graph\":[{\"@type\":\"Article\",\"@id\":\"https:\/\/noticiasemdestaque.com\/cd\/?p=51245#article\",\"isPartOf\":{\"@id\":\"https:\/\/noticiasemdestaque.com\/cd\/?p=51245\"},\"author\":{\"name\":\"Not\u00edcias em Destaque\",\"@id\":\"https:\/\/noticiasemdestaque.com\/cd\/#\/schema\/person\/47f7d4f55eec17c6b2ca036c5500f6ce\"},\"headline\":\"Jo\u00e3o Azev\u00eado lan\u00e7a hoje pacote com investimentos de mais de R$ 50 milh\u00f5es na \u00e1rea da cultura\",\"datePublished\":\"2023-09-05T11:22:33+00:00\",\"mainEntityOfPage\":{\"@id\":\"https:\/\/noticiasemdestaque.com\/cd\/?p=51245\"},\"wordCount\":507,\"publisher\":{\"@id\":\"https:\/\/noticiasemdestaque.com\/cd\/#organization\"},\"image\":{\"@id\":\"https:\/\/noticiasemdestaque.com\/cd\/?p=51245#primaryimage\"},\"thumbnailUrl\":\"https:\/\/noticiasemdestaque.com\/cd\/wp-content\/uploads\/2023\/07\/joao.jpg\",\"articleSection\":[\"Pol\u00edtica\"],\"inLanguage\":\"pt-BR\"},{\"@type\":\"WebPage\",\"@id\":\"https:\/\/noticiasemdestaque.com\/cd\/?p=51245\",\"url\":\"https:\/\/noticiasemdestaque.com\/cd\/?p=51245\",\"name\":\"Jo\u00e3o Azev\u00eado lan\u00e7a hoje pacote com investimentos de mais de R$ 50 milh\u00f5es na \u00e1rea da cultura - Not&iacute;cias em Destaque\",\"isPartOf\":{\"@id\":\"https:\/\/noticiasemdestaque.com\/cd\/#website\"},\"primaryImageOfPage\":{\"@id\":\"https:\/\/noticiasemdestaque.com\/cd\/?p=51245#primaryimage\"},\"image\":{\"@id\":\"https:\/\/noticiasemdestaque.com\/cd\/?p=51245#primaryimage\"},\"thumbnailUrl\":\"https:\/\/noticiasemdestaque.com\/cd\/wp-content\/uploads\/2023\/07\/joao.jpg\",\"datePublished\":\"2023-09-05T11:22:33+00:00\",\"breadcrumb\":{\"@id\":\"https:\/\/noticiasemdestaque.com\/cd\/?p=51245#breadcrumb\"},\"inLanguage\":\"pt-BR\",\"potentialAction\":[{\"@type\":\"ReadAction\",\"target\":[\"https:\/\/noticiasemdestaque.com\/cd\/?p=51245\"]}]},{\"@type\":\"ImageObject\",\"inLanguage\":\"pt-BR\",\"@id\":\"https:\/\/noticiasemdestaque.com\/cd\/?p=51245#primaryimage\",\"url\":\"https:\/\/noticiasemdestaque.com\/cd\/wp-content\/uploads\/2023\/07\/joao.jpg\",\"contentUrl\":\"https:\/\/noticiasemdestaque.com\/cd\/wp-content\/uploads\/2023\/07\/joao.jpg\",\"width\":640,\"height\":388},{\"@type\":\"BreadcrumbList\",\"@id\":\"https:\/\/noticiasemdestaque.com\/cd\/?p=51245#breadcrumb\",\"itemListElement\":[{\"@type\":\"ListItem\",\"position\":1,\"name\":\"In\u00edcio\",\"item\":\"https:\/\/noticiasemdestaque.com\/cd\/\"},{\"@type\":\"ListItem\",\"position\":2,\"name\":\"Jo\u00e3o Azev\u00eado lan\u00e7a hoje pacote com investimentos de mais de R$ 50 milh\u00f5es na \u00e1rea da cultura\"}]},{\"@type\":\"WebSite\",\"@id\":\"https:\/\/noticiasemdestaque.com\/cd\/#website\",\"url\":\"https:\/\/noticiasemdestaque.com\/cd\/\",\"name\":\"Not&iacute;cias em Destaque\",\"description\":\"\",\"publisher\":{\"@id\":\"https:\/\/noticiasemdestaque.com\/cd\/#organization\"},\"potentialAction\":[{\"@type\":\"SearchAction\",\"target\":{\"@type\":\"EntryPoint\",\"urlTemplate\":\"https:\/\/noticiasemdestaque.com\/cd\/?s={search_term_string}\"},\"query-input\":{\"@type\":\"PropertyValueSpecification\",\"valueRequired\":true,\"valueName\":\"search_term_string\"}}],\"inLanguage\":\"pt-BR\"},{\"@type\":\"Organization\",\"@id\":\"https:\/\/noticiasemdestaque.com\/cd\/#organization\",\"name\":\"Not\u00edcias em Destaque\",\"url\":\"https:\/\/noticiasemdestaque.com\/cd\/\",\"logo\":{\"@type\":\"ImageObject\",\"inLanguage\":\"pt-BR\",\"@id\":\"https:\/\/noticiasemdestaque.com\/cd\/#\/schema\/logo\/image\/\",\"url\":\"https:\/\/noticiasemdestaque.com\/cd\/wp-content\/uploads\/2022\/05\/imagem-base-noticiasemdestaque.png\",\"contentUrl\":\"https:\/\/noticiasemdestaque.com\/cd\/wp-content\/uploads\/2022\/05\/imagem-base-noticiasemdestaque.png\",\"width\":1200,\"height\":630,\"caption\":\"Not\u00edcias em Destaque\"},\"image\":{\"@id\":\"https:\/\/noticiasemdestaque.com\/cd\/#\/schema\/logo\/image\/\"}},{\"@type\":\"Person\",\"@id\":\"https:\/\/noticiasemdestaque.com\/cd\/#\/schema\/person\/47f7d4f55eec17c6b2ca036c5500f6ce\",\"name\":\"Not\u00edcias em Destaque\",\"url\":\"https:\/\/noticiasemdestaque.com\/cd\/?author=2\"}]}<\/script>\n<!-- \/ Yoast SEO plugin. -->","yoast_head_json":{"title":"Jo\u00e3o Azev\u00eado lan\u00e7a hoje pacote com investimentos de mais de R$ 50 milh\u00f5es na \u00e1rea da cultura - Not&iacute;cias em Destaque","robots":{"index":"index","follow":"follow","max-snippet":"max-snippet:-1","max-image-preview":"max-image-preview:large","max-video-preview":"max-video-preview:-1"},"canonical":"https:\/\/noticiasemdestaque.com\/cd\/?p=51245","og_locale":"pt_BR","og_type":"article","og_title":"Jo\u00e3o Azev\u00eado lan\u00e7a hoje pacote com investimentos de mais de R$ 50 milh\u00f5es na \u00e1rea da cultura - Not&iacute;cias em Destaque","og_description":"Ser\u00e1 lan\u00e7ada hoje (05), \u00e0s 10h, por parte do Governo da Para\u00edba, uma s\u00e9rie de a\u00e7\u00f5es na \u00e1rea da cultura. O evento com o governador Jo\u00e3o Azev\u00eado acontecer\u00e1 no Espa\u00e7o Cultural, em Jo\u00e3o Pessoa, e representam um investimento de mais de R$ 50 milh\u00f5es. Na solenidade, que come\u00e7ar\u00e1 \u00e0s 10h, no Cine Bangu\u00ea (Espa\u00e7o Cultural), em Jo\u00e3o Pessoa, ser\u00e3o assinados o II Edital de Mostras e Festivais de Cinema da Para\u00edba, a 2\u00aa chamada do Programa Arte na Bagagem, o Edital do Programa ICMS Cultural e os 13 editais para execu\u00e7\u00e3o da Lei Paulo Gustavo. O chefe do Executivo tamb\u00e9m vai assinar o pr\u00f3prio Decreto de Regulamenta\u00e7\u00e3o da LPG e as convocat\u00f3rias para as pr\u00f3ximas elei\u00e7\u00f5es do Conselho Estadual de Pol\u00edtica Cultural e para a Confer\u00eancia Estadual de Cultura. Segundo o Estado, a Secretaria da Cultura (Secult-PB) disponibilizar\u00e1 em sua p\u00e1gina eletr\u00f4nica, no Portal do Governo do Estado, todos os editais, formul\u00e1rios de inscri\u00e7\u00e3o de mais anexos de todos esses programas e a\u00e7\u00f5es. Os links de acesso ser\u00e3o divulgados nas redes sociais da Secult. Lei Paulo Gustavo\u00a0&#8211; Ser\u00e3o lan\u00e7ados 13 editais na Para\u00edba: um edital espec\u00edfico para o audiovisual e 12 editais que v\u00e3o abranger as demais linguagens art\u00edsticas \u2013 sendo um para cada Regional de Cultura (RC), totalizando R$ 48.677.436,90 de investimentos executados pelo Governo do Estado. O objetivo \u00e9 mitigar os efeitos ainda sentidos no setor cultural em fun\u00e7\u00e3o da pandemia de Covid-19; essa \u00e9 a segunda Lei Federal com caracter\u00edstica emergencial, a primeira foi a Lei Aldir Blanc I. As inscri\u00e7\u00f5es ser\u00e3o realizadas no per\u00edodo de 9 de setembro a 9 de outubro\/2023. ICMS Cultural\u00a0&#8211; O Edital \u00e9 destinado \u00e0 sele\u00e7\u00e3o de projetos culturais que ser\u00e3o financiados com recursos da Ren\u00fancia Fiscal. Est\u00e3o previstos investimentos da ordem de R$ 3.357.320,29. Por meio desse programa, as empresas podem abater 100% daquilo que investirem na cultura no momento em que forem pagar o ICMS. Essa \u00e9 a primeira etapa do processo de regulamenta\u00e7\u00e3o do Sistema Estadual de Fomento e Incentivo \u00e0 Cultura. Arte na Bagagem\u00a0\u2013 O programa tem o objetivo de contribuir para a inser\u00e7\u00e3o da produ\u00e7\u00e3o cultural paraibana em n\u00edveis regional, nacional e internacional. Ser\u00e3o investidos R$ 500 mil nesta 2\u00aa chamada (para a primeira foram destinados outros R$ 500 mil). As inscri\u00e7\u00f5es v\u00e3o at\u00e9 30 de setembro\/2023. Mostras e Festivais de Cinema\u00a0\u2013 Estas a\u00e7\u00f5es t\u00eam o objetivo de multiplicar as janelas de exibi\u00e7\u00e3o para dar vaz\u00e3o a um aumento consider\u00e1vel da produ\u00e7\u00e3o do setor, decorrente dos investimentos origin\u00e1rios da Lei Aldir Blanc (2020), da Lei Paulo Gustavo (2022) e da Pol\u00edtica Nacional Aldir Blanc de Fomento \u00e0 Cultura (2022). Ser\u00e3o investidos R$ 600 mil e as inscri\u00e7\u00f5es est\u00e3o abertas de 5 a 25 de setembro de 2023. Fonte: ClickPB &nbsp;","og_url":"https:\/\/noticiasemdestaque.com\/cd\/?p=51245","og_site_name":"Not&iacute;cias em Destaque","article_published_time":"2023-09-05T11:22:33+00:00","og_image":[{"width":640,"height":388,"url":"https:\/\/noticiasemdestaque.com\/cd\/wp-content\/uploads\/2023\/07\/joao.jpg","type":"image\/jpeg"}],"author":"Not\u00edcias em Destaque","twitter_card":"summary_large_image","twitter_misc":{"Escrito por":"Not\u00edcias em Destaque","Est. tempo de leitura":"3 minutos"},"schema":{"@context":"https:\/\/schema.org","@graph":[{"@type":"Article","@id":"https:\/\/noticiasemdestaque.com\/cd\/?p=51245#article","isPartOf":{"@id":"https:\/\/noticiasemdestaque.com\/cd\/?p=51245"},"author":{"name":"Not\u00edcias em Destaque","@id":"https:\/\/noticiasemdestaque.com\/cd\/#\/schema\/person\/47f7d4f55eec17c6b2ca036c5500f6ce"},"headline":"Jo\u00e3o Azev\u00eado lan\u00e7a hoje pacote com investimentos de mais de R$ 50 milh\u00f5es na \u00e1rea da cultura","datePublished":"2023-09-05T11:22:33+00:00","mainEntityOfPage":{"@id":"https:\/\/noticiasemdestaque.com\/cd\/?p=51245"},"wordCount":507,"publisher":{"@id":"https:\/\/noticiasemdestaque.com\/cd\/#organization"},"image":{"@id":"https:\/\/noticiasemdestaque.com\/cd\/?p=51245#primaryimage"},"thumbnailUrl":"https:\/\/noticiasemdestaque.com\/cd\/wp-content\/uploads\/2023\/07\/joao.jpg","articleSection":["Pol\u00edtica"],"inLanguage":"pt-BR"},{"@type":"WebPage","@id":"https:\/\/noticiasemdestaque.com\/cd\/?p=51245","url":"https:\/\/noticiasemdestaque.com\/cd\/?p=51245","name":"Jo\u00e3o Azev\u00eado lan\u00e7a hoje pacote com investimentos de mais de R$ 50 milh\u00f5es na \u00e1rea da cultura - Not&iacute;cias em Destaque","isPartOf":{"@id":"https:\/\/noticiasemdestaque.com\/cd\/#website"},"primaryImageOfPage":{"@id":"https:\/\/noticiasemdestaque.com\/cd\/?p=51245#primaryimage"},"image":{"@id":"https:\/\/noticiasemdestaque.com\/cd\/?p=51245#primaryimage"},"thumbnailUrl":"https:\/\/noticiasemdestaque.com\/cd\/wp-content\/uploads\/2023\/07\/joao.jpg","datePublished":"2023-09-05T11:22:33+00:00","breadcrumb":{"@id":"https:\/\/noticiasemdestaque.com\/cd\/?p=51245#breadcrumb"},"inLanguage":"pt-BR","potentialAction":[{"@type":"ReadAction","target":["https:\/\/noticiasemdestaque.com\/cd\/?p=51245"]}]},{"@type":"ImageObject","inLanguage":"pt-BR","@id":"https:\/\/noticiasemdestaque.com\/cd\/?p=51245#primaryimage","url":"https:\/\/noticiasemdestaque.com\/cd\/wp-content\/uploads\/2023\/07\/joao.jpg","contentUrl":"https:\/\/noticiasemdestaque.com\/cd\/wp-content\/uploads\/2023\/07\/joao.jpg","width":640,"height":388},{"@type":"BreadcrumbList","@id":"https:\/\/noticiasemdestaque.com\/cd\/?p=51245#breadcrumb","itemListElement":[{"@type":"ListItem","position":1,"name":"In\u00edcio","item":"https:\/\/noticiasemdestaque.com\/cd\/"},{"@type":"ListItem","position":2,"name":"Jo\u00e3o Azev\u00eado lan\u00e7a hoje pacote com investimentos de mais de R$ 50 milh\u00f5es na \u00e1rea da cultura"}]},{"@type":"WebSite","@id":"https:\/\/noticiasemdestaque.com\/cd\/#website","url":"https:\/\/noticiasemdestaque.com\/cd\/","name":"Not&iacute;cias em Destaque","description":"","publisher":{"@id":"https:\/\/noticiasemdestaque.com\/cd\/#organization"},"potentialAction":[{"@type":"SearchAction","target":{"@type":"EntryPoint","urlTemplate":"https:\/\/noticiasemdestaque.com\/cd\/?s={search_term_string}"},"query-input":{"@type":"PropertyValueSpecification","valueRequired":true,"valueName":"search_term_string"}}],"inLanguage":"pt-BR"},{"@type":"Organization","@id":"https:\/\/noticiasemdestaque.com\/cd\/#organization","name":"Not\u00edcias em Destaque","url":"https:\/\/noticiasemdestaque.com\/cd\/","logo":{"@type":"ImageObject","inLanguage":"pt-BR","@id":"https:\/\/noticiasemdestaque.com\/cd\/#\/schema\/logo\/image\/","url":"https:\/\/noticiasemdestaque.com\/cd\/wp-content\/uploads\/2022\/05\/imagem-base-noticiasemdestaque.png","contentUrl":"https:\/\/noticiasemdestaque.com\/cd\/wp-content\/uploads\/2022\/05\/imagem-base-noticiasemdestaque.png","width":1200,"height":630,"caption":"Not\u00edcias em Destaque"},"image":{"@id":"https:\/\/noticiasemdestaque.com\/cd\/#\/schema\/logo\/image\/"}},{"@type":"Person","@id":"https:\/\/noticiasemdestaque.com\/cd\/#\/schema\/person\/47f7d4f55eec17c6b2ca036c5500f6ce","name":"Not\u00edcias em Destaque","url":"https:\/\/noticiasemdestaque.com\/cd\/?author=2"}]}},"jetpack_featured_media_url":"https:\/\/noticiasemdestaque.com\/cd\/wp-content\/uploads\/2023\/07\/joao.jpg","jetpack_sharing_enabled":true,"_links":{"self":[{"href":"https:\/\/noticiasemdestaque.com\/cd\/index.php?rest_route=\/wp\/v2\/posts\/51245","targetHints":{"allow":["GET"]}}],"collection":[{"href":"https:\/\/noticiasemdestaque.com\/cd\/index.php?rest_route=\/wp\/v2\/posts"}],"about":[{"href":"https:\/\/noticiasemdestaque.com\/cd\/index.php?rest_route=\/wp\/v2\/types\/post"}],"author":[{"embeddable":true,"href":"https:\/\/noticiasemdestaque.com\/cd\/index.php?rest_route=\/wp\/v2\/users\/2"}],"replies":[{"embeddable":true,"href":"https:\/\/noticiasemdestaque.com\/cd\/index.php?rest_route=%2Fwp%2Fv2%2Fcomments&post=51245"}],"version-history":[{"count":2,"href":"https:\/\/noticiasemdestaque.com\/cd\/index.php?rest_route=\/wp\/v2\/posts\/51245\/revisions"}],"predecessor-version":[{"id":51247,"href":"https:\/\/noticiasemdestaque.com\/cd\/index.php?rest_route=\/wp\/v2\/posts\/51245\/revisions\/51247"}],"wp:featuredmedia":[{"embeddable":true,"href":"https:\/\/noticiasemdestaque.com\/cd\/index.php?rest_route=\/wp\/v2\/media\/50377"}],"wp:attachment":[{"href":"https:\/\/noticiasemdestaque.com\/cd\/index.php?rest_route=%2Fwp%2Fv2%2Fmedia&parent=51245"}],"wp:term":[{"taxonomy":"category","embeddable":true,"href":"https:\/\/noticiasemdestaque.com\/cd\/index.php?rest_route=%2Fwp%2Fv2%2Fcategories&post=51245"},{"taxonomy":"post_tag","embeddable":true,"href":"https:\/\/noticiasemdestaque.com\/cd\/index.php?rest_route=%2Fwp%2Fv2%2Ftags&post=51245"}],"curies":[{"name":"wp","href":"https:\/\/api.w.org\/{rel}","templated":true}]}}