{"id":51241,"date":"2023-09-05T08:20:30","date_gmt":"2023-09-05T11:20:30","guid":{"rendered":"https:\/\/noticiasemdestaque.com\/cd\/?p=51241"},"modified":"2023-09-05T08:20:30","modified_gmt":"2023-09-05T11:20:30","slug":"camara-aprova-projeto-de-lei-que-padroniza-atuacao-da-policia-civil-em-todo-o-pais","status":"publish","type":"post","link":"https:\/\/noticiasemdestaque.com\/cd\/?p=51241","title":{"rendered":"C\u00e2mara aprova projeto de lei que padroniza atua\u00e7\u00e3o da Pol\u00edcia Civil em todo o pa\u00eds"},"content":{"rendered":"<p><a href=\"https:\/\/noticiasemdestaque.com\/cd\/wp-content\/uploads\/2023\/09\/pc.jpeg\"><img fetchpriority=\"high\" decoding=\"async\" class=\"size-medium wp-image-51242 aligncenter\" src=\"https:\/\/noticiasemdestaque.com\/cd\/wp-content\/uploads\/2023\/09\/pc-300x200.jpeg\" alt=\"\" width=\"300\" height=\"200\" srcset=\"https:\/\/noticiasemdestaque.com\/cd\/wp-content\/uploads\/2023\/09\/pc-300x200.jpeg 300w, https:\/\/noticiasemdestaque.com\/cd\/wp-content\/uploads\/2023\/09\/pc-1024x682.jpeg 1024w, https:\/\/noticiasemdestaque.com\/cd\/wp-content\/uploads\/2023\/09\/pc-768x512.jpeg 768w, https:\/\/noticiasemdestaque.com\/cd\/wp-content\/uploads\/2023\/09\/pc-1536x1023.jpeg 1536w, https:\/\/noticiasemdestaque.com\/cd\/wp-content\/uploads\/2023\/09\/pc-18x12.jpeg 18w, https:\/\/noticiasemdestaque.com\/cd\/wp-content\/uploads\/2023\/09\/pc.jpeg 1600w\" sizes=\"(max-width: 300px) 100vw, 300px\" \/><\/a><\/p>\n<p>Ap\u00f3s 17 anos de debates, a C\u00e2mara dos Deputados aprovou nesta segunda-feira (4) o projeto que cria a Lei Geral da Pol\u00edcia Civil. A proposta estipula normas de organiza\u00e7\u00e3o, funcionamento e compet\u00eancias da Pol\u00edcia Civil de todo o Brasil, al\u00e9m de tratar das atribui\u00e7\u00f5es dos cargos da corpora\u00e7\u00e3o.<\/p>\n<p>Hoje, a Pol\u00edcia Civil de cada estado tem regras pr\u00f3prias e modelos de gest\u00e3o diferentes. A mat\u00e9ria ainda vai ser analisada pelo Senado.<\/p>\n<p>O texto tamb\u00e9m define como compet\u00eancia da Pol\u00edcia Civil o\u00a0desempenho de fun\u00e7\u00f5es de pol\u00edcia judici\u00e1ria e a apura\u00e7\u00e3o de infra\u00e7\u00f5es penais, com exce\u00e7\u00e3o das infra\u00e7\u00f5es militares. Em outro ponto da mat\u00e9ria, \u00e9 prevista a cria\u00e7\u00e3o do\u00a0Conselho Superior de Pol\u00edcia Civil, presidido pelo delegado-geral e com uma composi\u00e7\u00e3o que ter\u00e1, preferencialmente, a representa\u00e7\u00e3o dos cargos das carreiras da corpora\u00e7\u00e3o.<\/p>\n<p>Nesse ponto, houve a constru\u00e7\u00e3o de um acordo entre o governo e a oposi\u00e7\u00e3o, depois que uma ala de parlamentares governistas pediu para que fosse inclu\u00edda no texto uma\u00a0maior representa\u00e7\u00e3o de agentes da Pol\u00edcia Civil no conselho.<\/p>\n<p>Esse entendimento \u00e9 contr\u00e1rio ao do relator da proposta, o deputado Delegado Fabio Costa (PP-AL), que determinou no relat\u00f3rio que os cargos no conselho ser\u00e3o exclusivos para delegados da Pol\u00edcia Civil. \u201cAgente n\u00e3o \u00e9 delegado e n\u00e3o pode estar em conselho superior\u201d, completou o deputado Alberto Fraga (PL-DF).<\/p>\n<p>Al\u00e9m disso, o texto tamb\u00e9m prev\u00ea que o Conselho Nacional da Pol\u00edcia Civil ter\u00e1 assento e representa\u00e7\u00e3o no Minist\u00e9rio da Justi\u00e7a e em outros colegiados federais, estaduais, distritais e municipais que discutam e deliberem sobre pol\u00edticas p\u00fablicas da \u00e1rea da seguran\u00e7a.<\/p>\n<p>Fonte: R7<\/p>\n<p>&nbsp;<\/p>\n","protected":false},"excerpt":{"rendered":"<p>Ap\u00f3s 17 anos de debates, a C\u00e2mara dos Deputados aprovou nesta segunda-feira (4) o projeto que cria a Lei Geral da Pol\u00edcia Civil. A proposta estipula normas de organiza\u00e7\u00e3o, funcionamento e compet\u00eancias da Pol\u00edcia Civil de todo o Brasil, al\u00e9m de tratar das atribui\u00e7\u00f5es dos cargos da corpora\u00e7\u00e3o. Hoje, a Pol\u00edcia Civil de cada estado tem regras pr\u00f3prias e modelos de gest\u00e3o diferentes. A mat\u00e9ria ainda vai ser analisada pelo Senado. O texto tamb\u00e9m define como compet\u00eancia da Pol\u00edcia Civil o\u00a0desempenho de fun\u00e7\u00f5es de pol\u00edcia judici\u00e1ria e a apura\u00e7\u00e3o de infra\u00e7\u00f5es penais, com exce\u00e7\u00e3o das infra\u00e7\u00f5es militares. Em outro ponto da mat\u00e9ria, \u00e9 prevista a cria\u00e7\u00e3o do\u00a0Conselho Superior de Pol\u00edcia Civil, presidido pelo delegado-geral e com uma composi\u00e7\u00e3o que ter\u00e1, preferencialmente, a representa\u00e7\u00e3o dos cargos das carreiras da corpora\u00e7\u00e3o. Nesse ponto, houve a constru\u00e7\u00e3o de um acordo entre o governo e a oposi\u00e7\u00e3o, depois que uma ala de parlamentares governistas pediu para que fosse inclu\u00edda no texto uma\u00a0maior representa\u00e7\u00e3o de agentes da Pol\u00edcia Civil no conselho. Esse entendimento \u00e9 contr\u00e1rio ao do relator da proposta, o deputado Delegado Fabio Costa (PP-AL), que determinou no relat\u00f3rio que os cargos no conselho ser\u00e3o exclusivos para delegados da Pol\u00edcia Civil. \u201cAgente n\u00e3o \u00e9 delegado e n\u00e3o pode estar em conselho superior\u201d, completou o deputado Alberto Fraga (PL-DF). Al\u00e9m disso, o texto tamb\u00e9m prev\u00ea que o Conselho Nacional da Pol\u00edcia Civil ter\u00e1 assento e representa\u00e7\u00e3o no Minist\u00e9rio da Justi\u00e7a e em outros colegiados federais, estaduais, distritais e municipais que discutam e deliberem sobre pol\u00edticas p\u00fablicas da \u00e1rea da seguran\u00e7a. Fonte: R7 &nbsp;<\/p>\n","protected":false},"author":2,"featured_media":51242,"comment_status":"closed","ping_status":"open","sticky":false,"template":"","format":"standard","meta":{"_eb_attr":"","_jetpack_memberships_contains_paid_content":false,"footnotes":""},"categories":[12],"tags":[],"class_list":["post-51241","post","type-post","status-publish","format-standard","has-post-thumbnail","hentry","category-geral"],"yoast_head":"<!-- This site is optimized with the Yoast SEO plugin v26.5 - https:\/\/yoast.com\/wordpress\/plugins\/seo\/ -->\n<title>C\u00e2mara aprova projeto de lei que padroniza atua\u00e7\u00e3o da Pol\u00edcia Civil em todo o pa\u00eds - Not&iacute;cias em Destaque<\/title>\n<meta name=\"robots\" content=\"index, follow, max-snippet:-1, max-image-preview:large, max-video-preview:-1\" \/>\n<link rel=\"canonical\" href=\"https:\/\/noticiasemdestaque.com\/cd\/?p=51241\" \/>\n<meta property=\"og:locale\" content=\"pt_BR\" \/>\n<meta property=\"og:type\" content=\"article\" \/>\n<meta property=\"og:title\" content=\"C\u00e2mara aprova projeto de lei que padroniza atua\u00e7\u00e3o da Pol\u00edcia Civil em todo o pa\u00eds - Not&iacute;cias em Destaque\" \/>\n<meta property=\"og:description\" content=\"Ap\u00f3s 17 anos de debates, a C\u00e2mara dos Deputados aprovou nesta segunda-feira (4) o projeto que cria a Lei Geral da Pol\u00edcia Civil. A proposta estipula normas de organiza\u00e7\u00e3o, funcionamento e compet\u00eancias da Pol\u00edcia Civil de todo o Brasil, al\u00e9m de tratar das atribui\u00e7\u00f5es dos cargos da corpora\u00e7\u00e3o. Hoje, a Pol\u00edcia Civil de cada estado tem regras pr\u00f3prias e modelos de gest\u00e3o diferentes. A mat\u00e9ria ainda vai ser analisada pelo Senado. O texto tamb\u00e9m define como compet\u00eancia da Pol\u00edcia Civil o\u00a0desempenho de fun\u00e7\u00f5es de pol\u00edcia judici\u00e1ria e a apura\u00e7\u00e3o de infra\u00e7\u00f5es penais, com exce\u00e7\u00e3o das infra\u00e7\u00f5es militares. Em outro ponto da mat\u00e9ria, \u00e9 prevista a cria\u00e7\u00e3o do\u00a0Conselho Superior de Pol\u00edcia Civil, presidido pelo delegado-geral e com uma composi\u00e7\u00e3o que ter\u00e1, preferencialmente, a representa\u00e7\u00e3o dos cargos das carreiras da corpora\u00e7\u00e3o. Nesse ponto, houve a constru\u00e7\u00e3o de um acordo entre o governo e a oposi\u00e7\u00e3o, depois que uma ala de parlamentares governistas pediu para que fosse inclu\u00edda no texto uma\u00a0maior representa\u00e7\u00e3o de agentes da Pol\u00edcia Civil no conselho. Esse entendimento \u00e9 contr\u00e1rio ao do relator da proposta, o deputado Delegado Fabio Costa (PP-AL), que determinou no relat\u00f3rio que os cargos no conselho ser\u00e3o exclusivos para delegados da Pol\u00edcia Civil. \u201cAgente n\u00e3o \u00e9 delegado e n\u00e3o pode estar em conselho superior\u201d, completou o deputado Alberto Fraga (PL-DF). Al\u00e9m disso, o texto tamb\u00e9m prev\u00ea que o Conselho Nacional da Pol\u00edcia Civil ter\u00e1 assento e representa\u00e7\u00e3o no Minist\u00e9rio da Justi\u00e7a e em outros colegiados federais, estaduais, distritais e municipais que discutam e deliberem sobre pol\u00edticas p\u00fablicas da \u00e1rea da seguran\u00e7a. Fonte: R7 &nbsp;\" \/>\n<meta property=\"og:url\" content=\"https:\/\/noticiasemdestaque.com\/cd\/?p=51241\" \/>\n<meta property=\"og:site_name\" content=\"Not&iacute;cias em Destaque\" \/>\n<meta property=\"article:published_time\" content=\"2023-09-05T11:20:30+00:00\" \/>\n<meta property=\"og:image\" content=\"https:\/\/noticiasemdestaque.com\/cd\/wp-content\/uploads\/2023\/09\/pc.jpeg\" \/>\n\t<meta property=\"og:image:width\" content=\"1600\" \/>\n\t<meta property=\"og:image:height\" content=\"1066\" \/>\n\t<meta property=\"og:image:type\" content=\"image\/jpeg\" \/>\n<meta name=\"author\" content=\"Not\u00edcias em Destaque\" \/>\n<meta name=\"twitter:card\" content=\"summary_large_image\" \/>\n<meta name=\"twitter:label1\" content=\"Escrito por\" \/>\n\t<meta name=\"twitter:data1\" content=\"Not\u00edcias em Destaque\" \/>\n\t<meta name=\"twitter:label2\" content=\"Est. tempo de leitura\" \/>\n\t<meta name=\"twitter:data2\" content=\"2 minutos\" \/>\n<script type=\"application\/ld+json\" class=\"yoast-schema-graph\">{\"@context\":\"https:\/\/schema.org\",\"@graph\":[{\"@type\":\"Article\",\"@id\":\"https:\/\/noticiasemdestaque.com\/cd\/?p=51241#article\",\"isPartOf\":{\"@id\":\"https:\/\/noticiasemdestaque.com\/cd\/?p=51241\"},\"author\":{\"name\":\"Not\u00edcias em Destaque\",\"@id\":\"https:\/\/noticiasemdestaque.com\/cd\/#\/schema\/person\/47f7d4f55eec17c6b2ca036c5500f6ce\"},\"headline\":\"C\u00e2mara aprova projeto de lei que padroniza atua\u00e7\u00e3o da Pol\u00edcia Civil em todo o pa\u00eds\",\"datePublished\":\"2023-09-05T11:20:30+00:00\",\"mainEntityOfPage\":{\"@id\":\"https:\/\/noticiasemdestaque.com\/cd\/?p=51241\"},\"wordCount\":324,\"publisher\":{\"@id\":\"https:\/\/noticiasemdestaque.com\/cd\/#organization\"},\"image\":{\"@id\":\"https:\/\/noticiasemdestaque.com\/cd\/?p=51241#primaryimage\"},\"thumbnailUrl\":\"https:\/\/noticiasemdestaque.com\/cd\/wp-content\/uploads\/2023\/09\/pc.jpeg\",\"articleSection\":[\"Geral\"],\"inLanguage\":\"pt-BR\"},{\"@type\":\"WebPage\",\"@id\":\"https:\/\/noticiasemdestaque.com\/cd\/?p=51241\",\"url\":\"https:\/\/noticiasemdestaque.com\/cd\/?p=51241\",\"name\":\"C\u00e2mara aprova projeto de lei que padroniza atua\u00e7\u00e3o da Pol\u00edcia Civil em todo o pa\u00eds - Not&iacute;cias em Destaque\",\"isPartOf\":{\"@id\":\"https:\/\/noticiasemdestaque.com\/cd\/#website\"},\"primaryImageOfPage\":{\"@id\":\"https:\/\/noticiasemdestaque.com\/cd\/?p=51241#primaryimage\"},\"image\":{\"@id\":\"https:\/\/noticiasemdestaque.com\/cd\/?p=51241#primaryimage\"},\"thumbnailUrl\":\"https:\/\/noticiasemdestaque.com\/cd\/wp-content\/uploads\/2023\/09\/pc.jpeg\",\"datePublished\":\"2023-09-05T11:20:30+00:00\",\"breadcrumb\":{\"@id\":\"https:\/\/noticiasemdestaque.com\/cd\/?p=51241#breadcrumb\"},\"inLanguage\":\"pt-BR\",\"potentialAction\":[{\"@type\":\"ReadAction\",\"target\":[\"https:\/\/noticiasemdestaque.com\/cd\/?p=51241\"]}]},{\"@type\":\"ImageObject\",\"inLanguage\":\"pt-BR\",\"@id\":\"https:\/\/noticiasemdestaque.com\/cd\/?p=51241#primaryimage\",\"url\":\"https:\/\/noticiasemdestaque.com\/cd\/wp-content\/uploads\/2023\/09\/pc.jpeg\",\"contentUrl\":\"https:\/\/noticiasemdestaque.com\/cd\/wp-content\/uploads\/2023\/09\/pc.jpeg\",\"width\":1600,\"height\":1066},{\"@type\":\"BreadcrumbList\",\"@id\":\"https:\/\/noticiasemdestaque.com\/cd\/?p=51241#breadcrumb\",\"itemListElement\":[{\"@type\":\"ListItem\",\"position\":1,\"name\":\"In\u00edcio\",\"item\":\"https:\/\/noticiasemdestaque.com\/cd\/\"},{\"@type\":\"ListItem\",\"position\":2,\"name\":\"C\u00e2mara aprova projeto de lei que padroniza atua\u00e7\u00e3o da Pol\u00edcia Civil em todo o pa\u00eds\"}]},{\"@type\":\"WebSite\",\"@id\":\"https:\/\/noticiasemdestaque.com\/cd\/#website\",\"url\":\"https:\/\/noticiasemdestaque.com\/cd\/\",\"name\":\"Not&iacute;cias em Destaque\",\"description\":\"\",\"publisher\":{\"@id\":\"https:\/\/noticiasemdestaque.com\/cd\/#organization\"},\"potentialAction\":[{\"@type\":\"SearchAction\",\"target\":{\"@type\":\"EntryPoint\",\"urlTemplate\":\"https:\/\/noticiasemdestaque.com\/cd\/?s={search_term_string}\"},\"query-input\":{\"@type\":\"PropertyValueSpecification\",\"valueRequired\":true,\"valueName\":\"search_term_string\"}}],\"inLanguage\":\"pt-BR\"},{\"@type\":\"Organization\",\"@id\":\"https:\/\/noticiasemdestaque.com\/cd\/#organization\",\"name\":\"Not\u00edcias em Destaque\",\"url\":\"https:\/\/noticiasemdestaque.com\/cd\/\",\"logo\":{\"@type\":\"ImageObject\",\"inLanguage\":\"pt-BR\",\"@id\":\"https:\/\/noticiasemdestaque.com\/cd\/#\/schema\/logo\/image\/\",\"url\":\"https:\/\/noticiasemdestaque.com\/cd\/wp-content\/uploads\/2022\/05\/imagem-base-noticiasemdestaque.png\",\"contentUrl\":\"https:\/\/noticiasemdestaque.com\/cd\/wp-content\/uploads\/2022\/05\/imagem-base-noticiasemdestaque.png\",\"width\":1200,\"height\":630,\"caption\":\"Not\u00edcias em Destaque\"},\"image\":{\"@id\":\"https:\/\/noticiasemdestaque.com\/cd\/#\/schema\/logo\/image\/\"}},{\"@type\":\"Person\",\"@id\":\"https:\/\/noticiasemdestaque.com\/cd\/#\/schema\/person\/47f7d4f55eec17c6b2ca036c5500f6ce\",\"name\":\"Not\u00edcias em Destaque\",\"url\":\"https:\/\/noticiasemdestaque.com\/cd\/?author=2\"}]}<\/script>\n<!-- \/ Yoast SEO plugin. -->","yoast_head_json":{"title":"C\u00e2mara aprova projeto de lei que padroniza atua\u00e7\u00e3o da Pol\u00edcia Civil em todo o pa\u00eds - Not&iacute;cias em Destaque","robots":{"index":"index","follow":"follow","max-snippet":"max-snippet:-1","max-image-preview":"max-image-preview:large","max-video-preview":"max-video-preview:-1"},"canonical":"https:\/\/noticiasemdestaque.com\/cd\/?p=51241","og_locale":"pt_BR","og_type":"article","og_title":"C\u00e2mara aprova projeto de lei que padroniza atua\u00e7\u00e3o da Pol\u00edcia Civil em todo o pa\u00eds - Not&iacute;cias em Destaque","og_description":"Ap\u00f3s 17 anos de debates, a C\u00e2mara dos Deputados aprovou nesta segunda-feira (4) o projeto que cria a Lei Geral da Pol\u00edcia Civil. A proposta estipula normas de organiza\u00e7\u00e3o, funcionamento e compet\u00eancias da Pol\u00edcia Civil de todo o Brasil, al\u00e9m de tratar das atribui\u00e7\u00f5es dos cargos da corpora\u00e7\u00e3o. Hoje, a Pol\u00edcia Civil de cada estado tem regras pr\u00f3prias e modelos de gest\u00e3o diferentes. A mat\u00e9ria ainda vai ser analisada pelo Senado. O texto tamb\u00e9m define como compet\u00eancia da Pol\u00edcia Civil o\u00a0desempenho de fun\u00e7\u00f5es de pol\u00edcia judici\u00e1ria e a apura\u00e7\u00e3o de infra\u00e7\u00f5es penais, com exce\u00e7\u00e3o das infra\u00e7\u00f5es militares. Em outro ponto da mat\u00e9ria, \u00e9 prevista a cria\u00e7\u00e3o do\u00a0Conselho Superior de Pol\u00edcia Civil, presidido pelo delegado-geral e com uma composi\u00e7\u00e3o que ter\u00e1, preferencialmente, a representa\u00e7\u00e3o dos cargos das carreiras da corpora\u00e7\u00e3o. Nesse ponto, houve a constru\u00e7\u00e3o de um acordo entre o governo e a oposi\u00e7\u00e3o, depois que uma ala de parlamentares governistas pediu para que fosse inclu\u00edda no texto uma\u00a0maior representa\u00e7\u00e3o de agentes da Pol\u00edcia Civil no conselho. Esse entendimento \u00e9 contr\u00e1rio ao do relator da proposta, o deputado Delegado Fabio Costa (PP-AL), que determinou no relat\u00f3rio que os cargos no conselho ser\u00e3o exclusivos para delegados da Pol\u00edcia Civil. \u201cAgente n\u00e3o \u00e9 delegado e n\u00e3o pode estar em conselho superior\u201d, completou o deputado Alberto Fraga (PL-DF). Al\u00e9m disso, o texto tamb\u00e9m prev\u00ea que o Conselho Nacional da Pol\u00edcia Civil ter\u00e1 assento e representa\u00e7\u00e3o no Minist\u00e9rio da Justi\u00e7a e em outros colegiados federais, estaduais, distritais e municipais que discutam e deliberem sobre pol\u00edticas p\u00fablicas da \u00e1rea da seguran\u00e7a. Fonte: R7 &nbsp;","og_url":"https:\/\/noticiasemdestaque.com\/cd\/?p=51241","og_site_name":"Not&iacute;cias em Destaque","article_published_time":"2023-09-05T11:20:30+00:00","og_image":[{"width":1600,"height":1066,"url":"https:\/\/noticiasemdestaque.com\/cd\/wp-content\/uploads\/2023\/09\/pc.jpeg","type":"image\/jpeg"}],"author":"Not\u00edcias em Destaque","twitter_card":"summary_large_image","twitter_misc":{"Escrito por":"Not\u00edcias em Destaque","Est. tempo de leitura":"2 minutos"},"schema":{"@context":"https:\/\/schema.org","@graph":[{"@type":"Article","@id":"https:\/\/noticiasemdestaque.com\/cd\/?p=51241#article","isPartOf":{"@id":"https:\/\/noticiasemdestaque.com\/cd\/?p=51241"},"author":{"name":"Not\u00edcias em Destaque","@id":"https:\/\/noticiasemdestaque.com\/cd\/#\/schema\/person\/47f7d4f55eec17c6b2ca036c5500f6ce"},"headline":"C\u00e2mara aprova projeto de lei que padroniza atua\u00e7\u00e3o da Pol\u00edcia Civil em todo o pa\u00eds","datePublished":"2023-09-05T11:20:30+00:00","mainEntityOfPage":{"@id":"https:\/\/noticiasemdestaque.com\/cd\/?p=51241"},"wordCount":324,"publisher":{"@id":"https:\/\/noticiasemdestaque.com\/cd\/#organization"},"image":{"@id":"https:\/\/noticiasemdestaque.com\/cd\/?p=51241#primaryimage"},"thumbnailUrl":"https:\/\/noticiasemdestaque.com\/cd\/wp-content\/uploads\/2023\/09\/pc.jpeg","articleSection":["Geral"],"inLanguage":"pt-BR"},{"@type":"WebPage","@id":"https:\/\/noticiasemdestaque.com\/cd\/?p=51241","url":"https:\/\/noticiasemdestaque.com\/cd\/?p=51241","name":"C\u00e2mara aprova projeto de lei que padroniza atua\u00e7\u00e3o da Pol\u00edcia Civil em todo o pa\u00eds - Not&iacute;cias em Destaque","isPartOf":{"@id":"https:\/\/noticiasemdestaque.com\/cd\/#website"},"primaryImageOfPage":{"@id":"https:\/\/noticiasemdestaque.com\/cd\/?p=51241#primaryimage"},"image":{"@id":"https:\/\/noticiasemdestaque.com\/cd\/?p=51241#primaryimage"},"thumbnailUrl":"https:\/\/noticiasemdestaque.com\/cd\/wp-content\/uploads\/2023\/09\/pc.jpeg","datePublished":"2023-09-05T11:20:30+00:00","breadcrumb":{"@id":"https:\/\/noticiasemdestaque.com\/cd\/?p=51241#breadcrumb"},"inLanguage":"pt-BR","potentialAction":[{"@type":"ReadAction","target":["https:\/\/noticiasemdestaque.com\/cd\/?p=51241"]}]},{"@type":"ImageObject","inLanguage":"pt-BR","@id":"https:\/\/noticiasemdestaque.com\/cd\/?p=51241#primaryimage","url":"https:\/\/noticiasemdestaque.com\/cd\/wp-content\/uploads\/2023\/09\/pc.jpeg","contentUrl":"https:\/\/noticiasemdestaque.com\/cd\/wp-content\/uploads\/2023\/09\/pc.jpeg","width":1600,"height":1066},{"@type":"BreadcrumbList","@id":"https:\/\/noticiasemdestaque.com\/cd\/?p=51241#breadcrumb","itemListElement":[{"@type":"ListItem","position":1,"name":"In\u00edcio","item":"https:\/\/noticiasemdestaque.com\/cd\/"},{"@type":"ListItem","position":2,"name":"C\u00e2mara aprova projeto de lei que padroniza atua\u00e7\u00e3o da Pol\u00edcia Civil em todo o pa\u00eds"}]},{"@type":"WebSite","@id":"https:\/\/noticiasemdestaque.com\/cd\/#website","url":"https:\/\/noticiasemdestaque.com\/cd\/","name":"Not&iacute;cias em Destaque","description":"","publisher":{"@id":"https:\/\/noticiasemdestaque.com\/cd\/#organization"},"potentialAction":[{"@type":"SearchAction","target":{"@type":"EntryPoint","urlTemplate":"https:\/\/noticiasemdestaque.com\/cd\/?s={search_term_string}"},"query-input":{"@type":"PropertyValueSpecification","valueRequired":true,"valueName":"search_term_string"}}],"inLanguage":"pt-BR"},{"@type":"Organization","@id":"https:\/\/noticiasemdestaque.com\/cd\/#organization","name":"Not\u00edcias em Destaque","url":"https:\/\/noticiasemdestaque.com\/cd\/","logo":{"@type":"ImageObject","inLanguage":"pt-BR","@id":"https:\/\/noticiasemdestaque.com\/cd\/#\/schema\/logo\/image\/","url":"https:\/\/noticiasemdestaque.com\/cd\/wp-content\/uploads\/2022\/05\/imagem-base-noticiasemdestaque.png","contentUrl":"https:\/\/noticiasemdestaque.com\/cd\/wp-content\/uploads\/2022\/05\/imagem-base-noticiasemdestaque.png","width":1200,"height":630,"caption":"Not\u00edcias em Destaque"},"image":{"@id":"https:\/\/noticiasemdestaque.com\/cd\/#\/schema\/logo\/image\/"}},{"@type":"Person","@id":"https:\/\/noticiasemdestaque.com\/cd\/#\/schema\/person\/47f7d4f55eec17c6b2ca036c5500f6ce","name":"Not\u00edcias em Destaque","url":"https:\/\/noticiasemdestaque.com\/cd\/?author=2"}]}},"jetpack_featured_media_url":"https:\/\/noticiasemdestaque.com\/cd\/wp-content\/uploads\/2023\/09\/pc.jpeg","jetpack_sharing_enabled":true,"_links":{"self":[{"href":"https:\/\/noticiasemdestaque.com\/cd\/index.php?rest_route=\/wp\/v2\/posts\/51241","targetHints":{"allow":["GET"]}}],"collection":[{"href":"https:\/\/noticiasemdestaque.com\/cd\/index.php?rest_route=\/wp\/v2\/posts"}],"about":[{"href":"https:\/\/noticiasemdestaque.com\/cd\/index.php?rest_route=\/wp\/v2\/types\/post"}],"author":[{"embeddable":true,"href":"https:\/\/noticiasemdestaque.com\/cd\/index.php?rest_route=\/wp\/v2\/users\/2"}],"replies":[{"embeddable":true,"href":"https:\/\/noticiasemdestaque.com\/cd\/index.php?rest_route=%2Fwp%2Fv2%2Fcomments&post=51241"}],"version-history":[{"count":1,"href":"https:\/\/noticiasemdestaque.com\/cd\/index.php?rest_route=\/wp\/v2\/posts\/51241\/revisions"}],"predecessor-version":[{"id":51244,"href":"https:\/\/noticiasemdestaque.com\/cd\/index.php?rest_route=\/wp\/v2\/posts\/51241\/revisions\/51244"}],"wp:featuredmedia":[{"embeddable":true,"href":"https:\/\/noticiasemdestaque.com\/cd\/index.php?rest_route=\/wp\/v2\/media\/51242"}],"wp:attachment":[{"href":"https:\/\/noticiasemdestaque.com\/cd\/index.php?rest_route=%2Fwp%2Fv2%2Fmedia&parent=51241"}],"wp:term":[{"taxonomy":"category","embeddable":true,"href":"https:\/\/noticiasemdestaque.com\/cd\/index.php?rest_route=%2Fwp%2Fv2%2Fcategories&post=51241"},{"taxonomy":"post_tag","embeddable":true,"href":"https:\/\/noticiasemdestaque.com\/cd\/index.php?rest_route=%2Fwp%2Fv2%2Ftags&post=51241"}],"curies":[{"name":"wp","href":"https:\/\/api.w.org\/{rel}","templated":true}]}}