{"id":5123,"date":"2017-10-11T08:27:37","date_gmt":"2017-10-11T11:27:37","guid":{"rendered":"http:\/\/caririemdestaque.com\/cd\/?p=5123"},"modified":"2017-10-11T08:27:37","modified_gmt":"2017-10-11T11:27:37","slug":"ministerio-da-saude-libera-r-14-milhao-para-samu-na-paraiba","status":"publish","type":"post","link":"https:\/\/noticiasemdestaque.com\/cd\/?p=5123","title":{"rendered":"Minist\u00e9rio da Sa\u00fade libera R$ 1,4 milh\u00e3o para SAMU na Para\u00edba"},"content":{"rendered":"<p><a href=\"http:\/\/caririemdestaque.com\/cd\/wp-content\/uploads\/2017\/10\/8f7ddd78817751151e83.jpg\"><img decoding=\"async\" class=\"size-thumbnail wp-image-5124 alignleft\" src=\"http:\/\/caririemdestaque.com\/cd\/wp-content\/uploads\/2017\/10\/8f7ddd78817751151e83-150x150.jpg\" alt=\"\" width=\"150\" height=\"150\" \/><\/a>O Minist\u00e9rio da Sa\u00fade vai refor\u00e7ar o atendimento de urg\u00eancia e emerg\u00eancia em 155 munic\u00edpios do pa\u00eds. Para a Para\u00edba s\u00e3o R$ 1,4 milh\u00e3o a mais por ano para custear 13 servi\u00e7os do SAMU 102.<\/p>\n<p>O an\u00fancio foi feito nessa ter\u00e7a-feira (10), pelo ministro da Sa\u00fade, Ricardo Barros. Em todo pa\u00eds, ser\u00e3o mais R$ 33 milh\u00f5es por ano para ampliar e qualificar o SAMU 192.<\/p>\n<p>Esses recursos ser\u00e3o destinados a 241 servi\u00e7os, um total de 148 ambul\u00e2ncias, oito motol\u00e2ncias, dois aerom\u00e9dicos, uma ambulancha e sete centrais de regula\u00e7\u00e3o.<\/p>\n<p>O an\u00fancio foi feito pelo ministro Ricardo Barros, em Bras\u00edlia.<\/p>\n<p>Fonte: Blog do Ecliton<\/p>\n","protected":false},"excerpt":{"rendered":"<p>O Minist\u00e9rio da Sa\u00fade vai refor\u00e7ar o atendimento de urg\u00eancia e emerg\u00eancia em 155 munic\u00edpios do pa\u00eds. Para a Para\u00edba s\u00e3o R$ 1,4 milh\u00e3o a mais por ano para custear 13 servi\u00e7os do SAMU 102. O an\u00fancio foi feito nessa ter\u00e7a-feira (10), pelo ministro da Sa\u00fade, Ricardo Barros. Em todo pa\u00eds, ser\u00e3o mais R$ 33 milh\u00f5es por ano para ampliar e qualificar o SAMU 192. Esses recursos ser\u00e3o destinados a 241 servi\u00e7os, um total de 148 ambul\u00e2ncias, oito motol\u00e2ncias, dois aerom\u00e9dicos, uma ambulancha e sete centrais de regula\u00e7\u00e3o. O an\u00fancio foi feito pelo ministro Ricardo Barros, em Bras\u00edlia. Fonte: Blog do Ecliton<\/p>\n","protected":false},"author":2,"featured_media":5124,"comment_status":"closed","ping_status":"open","sticky":false,"template":"","format":"standard","meta":{"_eb_attr":"","_jetpack_memberships_contains_paid_content":false,"footnotes":""},"categories":[8],"tags":[],"class_list":["post-5123","post","type-post","status-publish","format-standard","has-post-thumbnail","hentry","category-saude"],"yoast_head":"<!-- This site is optimized with the Yoast SEO plugin v26.5 - https:\/\/yoast.com\/wordpress\/plugins\/seo\/ -->\n<title>Minist\u00e9rio da Sa\u00fade libera R$ 1,4 milh\u00e3o para SAMU na Para\u00edba - Not&iacute;cias em Destaque<\/title>\n<meta name=\"robots\" content=\"index, follow, max-snippet:-1, max-image-preview:large, max-video-preview:-1\" \/>\n<link rel=\"canonical\" href=\"https:\/\/noticiasemdestaque.com\/cd\/?p=5123\" \/>\n<meta property=\"og:locale\" content=\"pt_BR\" \/>\n<meta property=\"og:type\" content=\"article\" \/>\n<meta property=\"og:title\" content=\"Minist\u00e9rio da Sa\u00fade libera R$ 1,4 milh\u00e3o para SAMU na Para\u00edba - Not&iacute;cias em Destaque\" \/>\n<meta property=\"og:description\" content=\"O Minist\u00e9rio da Sa\u00fade vai refor\u00e7ar o atendimento de urg\u00eancia e emerg\u00eancia em 155 munic\u00edpios do pa\u00eds. Para a Para\u00edba s\u00e3o R$ 1,4 milh\u00e3o a mais por ano para custear 13 servi\u00e7os do SAMU 102. O an\u00fancio foi feito nessa ter\u00e7a-feira (10), pelo ministro da Sa\u00fade, Ricardo Barros. Em todo pa\u00eds, ser\u00e3o mais R$ 33 milh\u00f5es por ano para ampliar e qualificar o SAMU 192. Esses recursos ser\u00e3o destinados a 241 servi\u00e7os, um total de 148 ambul\u00e2ncias, oito motol\u00e2ncias, dois aerom\u00e9dicos, uma ambulancha e sete centrais de regula\u00e7\u00e3o. O an\u00fancio foi feito pelo ministro Ricardo Barros, em Bras\u00edlia. Fonte: Blog do Ecliton\" \/>\n<meta property=\"og:url\" content=\"https:\/\/noticiasemdestaque.com\/cd\/?p=5123\" \/>\n<meta property=\"og:site_name\" content=\"Not&iacute;cias em Destaque\" \/>\n<meta property=\"article:published_time\" content=\"2017-10-11T11:27:37+00:00\" \/>\n<meta property=\"og:image\" content=\"https:\/\/noticiasemdestaque.com\/cd\/wp-content\/uploads\/2017\/10\/8f7ddd78817751151e83.jpg\" \/>\n\t<meta property=\"og:image:width\" content=\"1150\" \/>\n\t<meta property=\"og:image:height\" content=\"727\" \/>\n\t<meta property=\"og:image:type\" content=\"image\/jpeg\" \/>\n<meta name=\"author\" content=\"Not\u00edcias em Destaque\" \/>\n<meta name=\"twitter:card\" content=\"summary_large_image\" \/>\n<meta name=\"twitter:label1\" content=\"Escrito por\" \/>\n\t<meta name=\"twitter:data1\" content=\"Not\u00edcias em Destaque\" \/>\n\t<meta name=\"twitter:label2\" content=\"Est. tempo de leitura\" \/>\n\t<meta name=\"twitter:data2\" content=\"1 minuto\" \/>\n<script type=\"application\/ld+json\" class=\"yoast-schema-graph\">{\"@context\":\"https:\/\/schema.org\",\"@graph\":[{\"@type\":\"Article\",\"@id\":\"https:\/\/noticiasemdestaque.com\/cd\/?p=5123#article\",\"isPartOf\":{\"@id\":\"https:\/\/noticiasemdestaque.com\/cd\/?p=5123\"},\"author\":{\"name\":\"Not\u00edcias em Destaque\",\"@id\":\"https:\/\/noticiasemdestaque.com\/cd\/#\/schema\/person\/21320b03a7e8bb90128938dafc9b908a\"},\"headline\":\"Minist\u00e9rio da Sa\u00fade libera R$ 1,4 milh\u00e3o para SAMU na Para\u00edba\",\"datePublished\":\"2017-10-11T11:27:37+00:00\",\"mainEntityOfPage\":{\"@id\":\"https:\/\/noticiasemdestaque.com\/cd\/?p=5123\"},\"wordCount\":132,\"publisher\":{\"@id\":\"https:\/\/noticiasemdestaque.com\/cd\/#organization\"},\"image\":{\"@id\":\"https:\/\/noticiasemdestaque.com\/cd\/?p=5123#primaryimage\"},\"thumbnailUrl\":\"https:\/\/noticiasemdestaque.com\/cd\/wp-content\/uploads\/2017\/10\/8f7ddd78817751151e83.jpg\",\"articleSection\":[\"Sa\u00fade\"],\"inLanguage\":\"pt-BR\"},{\"@type\":\"WebPage\",\"@id\":\"https:\/\/noticiasemdestaque.com\/cd\/?p=5123\",\"url\":\"https:\/\/noticiasemdestaque.com\/cd\/?p=5123\",\"name\":\"Minist\u00e9rio da Sa\u00fade libera R$ 1,4 milh\u00e3o para SAMU na Para\u00edba - Not&iacute;cias em Destaque\",\"isPartOf\":{\"@id\":\"https:\/\/noticiasemdestaque.com\/cd\/#website\"},\"primaryImageOfPage\":{\"@id\":\"https:\/\/noticiasemdestaque.com\/cd\/?p=5123#primaryimage\"},\"image\":{\"@id\":\"https:\/\/noticiasemdestaque.com\/cd\/?p=5123#primaryimage\"},\"thumbnailUrl\":\"https:\/\/noticiasemdestaque.com\/cd\/wp-content\/uploads\/2017\/10\/8f7ddd78817751151e83.jpg\",\"datePublished\":\"2017-10-11T11:27:37+00:00\",\"breadcrumb\":{\"@id\":\"https:\/\/noticiasemdestaque.com\/cd\/?p=5123#breadcrumb\"},\"inLanguage\":\"pt-BR\",\"potentialAction\":[{\"@type\":\"ReadAction\",\"target\":[\"https:\/\/noticiasemdestaque.com\/cd\/?p=5123\"]}]},{\"@type\":\"ImageObject\",\"inLanguage\":\"pt-BR\",\"@id\":\"https:\/\/noticiasemdestaque.com\/cd\/?p=5123#primaryimage\",\"url\":\"https:\/\/noticiasemdestaque.com\/cd\/wp-content\/uploads\/2017\/10\/8f7ddd78817751151e83.jpg\",\"contentUrl\":\"https:\/\/noticiasemdestaque.com\/cd\/wp-content\/uploads\/2017\/10\/8f7ddd78817751151e83.jpg\",\"width\":1150,\"height\":727},{\"@type\":\"BreadcrumbList\",\"@id\":\"https:\/\/noticiasemdestaque.com\/cd\/?p=5123#breadcrumb\",\"itemListElement\":[{\"@type\":\"ListItem\",\"position\":1,\"name\":\"In\u00edcio\",\"item\":\"https:\/\/noticiasemdestaque.com\/cd\/\"},{\"@type\":\"ListItem\",\"position\":2,\"name\":\"Minist\u00e9rio da Sa\u00fade libera R$ 1,4 milh\u00e3o para SAMU na Para\u00edba\"}]},{\"@type\":\"WebSite\",\"@id\":\"https:\/\/noticiasemdestaque.com\/cd\/#website\",\"url\":\"https:\/\/noticiasemdestaque.com\/cd\/\",\"name\":\"Not&iacute;cias em Destaque\",\"description\":\"\",\"publisher\":{\"@id\":\"https:\/\/noticiasemdestaque.com\/cd\/#organization\"},\"potentialAction\":[{\"@type\":\"SearchAction\",\"target\":{\"@type\":\"EntryPoint\",\"urlTemplate\":\"https:\/\/noticiasemdestaque.com\/cd\/?s={search_term_string}\"},\"query-input\":{\"@type\":\"PropertyValueSpecification\",\"valueRequired\":true,\"valueName\":\"search_term_string\"}}],\"inLanguage\":\"pt-BR\"},{\"@type\":\"Organization\",\"@id\":\"https:\/\/noticiasemdestaque.com\/cd\/#organization\",\"name\":\"Not\u00edcias em Destaque\",\"url\":\"https:\/\/noticiasemdestaque.com\/cd\/\",\"logo\":{\"@type\":\"ImageObject\",\"inLanguage\":\"pt-BR\",\"@id\":\"https:\/\/noticiasemdestaque.com\/cd\/#\/schema\/logo\/image\/\",\"url\":\"https:\/\/noticiasemdestaque.com\/cd\/wp-content\/uploads\/2022\/05\/imagem-base-noticiasemdestaque.png\",\"contentUrl\":\"https:\/\/noticiasemdestaque.com\/cd\/wp-content\/uploads\/2022\/05\/imagem-base-noticiasemdestaque.png\",\"width\":1200,\"height\":630,\"caption\":\"Not\u00edcias em Destaque\"},\"image\":{\"@id\":\"https:\/\/noticiasemdestaque.com\/cd\/#\/schema\/logo\/image\/\"}},{\"@type\":\"Person\",\"@id\":\"https:\/\/noticiasemdestaque.com\/cd\/#\/schema\/person\/21320b03a7e8bb90128938dafc9b908a\",\"name\":\"Not\u00edcias em Destaque\",\"url\":\"https:\/\/noticiasemdestaque.com\/cd\/?author=2\"}]}<\/script>\n<!-- \/ Yoast SEO plugin. -->","yoast_head_json":{"title":"Minist\u00e9rio da Sa\u00fade libera R$ 1,4 milh\u00e3o para SAMU na Para\u00edba - Not&iacute;cias em Destaque","robots":{"index":"index","follow":"follow","max-snippet":"max-snippet:-1","max-image-preview":"max-image-preview:large","max-video-preview":"max-video-preview:-1"},"canonical":"https:\/\/noticiasemdestaque.com\/cd\/?p=5123","og_locale":"pt_BR","og_type":"article","og_title":"Minist\u00e9rio da Sa\u00fade libera R$ 1,4 milh\u00e3o para SAMU na Para\u00edba - Not&iacute;cias em Destaque","og_description":"O Minist\u00e9rio da Sa\u00fade vai refor\u00e7ar o atendimento de urg\u00eancia e emerg\u00eancia em 155 munic\u00edpios do pa\u00eds. Para a Para\u00edba s\u00e3o R$ 1,4 milh\u00e3o a mais por ano para custear 13 servi\u00e7os do SAMU 102. O an\u00fancio foi feito nessa ter\u00e7a-feira (10), pelo ministro da Sa\u00fade, Ricardo Barros. Em todo pa\u00eds, ser\u00e3o mais R$ 33 milh\u00f5es por ano para ampliar e qualificar o SAMU 192. Esses recursos ser\u00e3o destinados a 241 servi\u00e7os, um total de 148 ambul\u00e2ncias, oito motol\u00e2ncias, dois aerom\u00e9dicos, uma ambulancha e sete centrais de regula\u00e7\u00e3o. O an\u00fancio foi feito pelo ministro Ricardo Barros, em Bras\u00edlia. Fonte: Blog do Ecliton","og_url":"https:\/\/noticiasemdestaque.com\/cd\/?p=5123","og_site_name":"Not&iacute;cias em Destaque","article_published_time":"2017-10-11T11:27:37+00:00","og_image":[{"width":1150,"height":727,"url":"https:\/\/noticiasemdestaque.com\/cd\/wp-content\/uploads\/2017\/10\/8f7ddd78817751151e83.jpg","type":"image\/jpeg"}],"author":"Not\u00edcias em Destaque","twitter_card":"summary_large_image","twitter_misc":{"Escrito por":"Not\u00edcias em Destaque","Est. tempo de leitura":"1 minuto"},"schema":{"@context":"https:\/\/schema.org","@graph":[{"@type":"Article","@id":"https:\/\/noticiasemdestaque.com\/cd\/?p=5123#article","isPartOf":{"@id":"https:\/\/noticiasemdestaque.com\/cd\/?p=5123"},"author":{"name":"Not\u00edcias em Destaque","@id":"https:\/\/noticiasemdestaque.com\/cd\/#\/schema\/person\/21320b03a7e8bb90128938dafc9b908a"},"headline":"Minist\u00e9rio da Sa\u00fade libera R$ 1,4 milh\u00e3o para SAMU na Para\u00edba","datePublished":"2017-10-11T11:27:37+00:00","mainEntityOfPage":{"@id":"https:\/\/noticiasemdestaque.com\/cd\/?p=5123"},"wordCount":132,"publisher":{"@id":"https:\/\/noticiasemdestaque.com\/cd\/#organization"},"image":{"@id":"https:\/\/noticiasemdestaque.com\/cd\/?p=5123#primaryimage"},"thumbnailUrl":"https:\/\/noticiasemdestaque.com\/cd\/wp-content\/uploads\/2017\/10\/8f7ddd78817751151e83.jpg","articleSection":["Sa\u00fade"],"inLanguage":"pt-BR"},{"@type":"WebPage","@id":"https:\/\/noticiasemdestaque.com\/cd\/?p=5123","url":"https:\/\/noticiasemdestaque.com\/cd\/?p=5123","name":"Minist\u00e9rio da Sa\u00fade libera R$ 1,4 milh\u00e3o para SAMU na Para\u00edba - Not&iacute;cias em Destaque","isPartOf":{"@id":"https:\/\/noticiasemdestaque.com\/cd\/#website"},"primaryImageOfPage":{"@id":"https:\/\/noticiasemdestaque.com\/cd\/?p=5123#primaryimage"},"image":{"@id":"https:\/\/noticiasemdestaque.com\/cd\/?p=5123#primaryimage"},"thumbnailUrl":"https:\/\/noticiasemdestaque.com\/cd\/wp-content\/uploads\/2017\/10\/8f7ddd78817751151e83.jpg","datePublished":"2017-10-11T11:27:37+00:00","breadcrumb":{"@id":"https:\/\/noticiasemdestaque.com\/cd\/?p=5123#breadcrumb"},"inLanguage":"pt-BR","potentialAction":[{"@type":"ReadAction","target":["https:\/\/noticiasemdestaque.com\/cd\/?p=5123"]}]},{"@type":"ImageObject","inLanguage":"pt-BR","@id":"https:\/\/noticiasemdestaque.com\/cd\/?p=5123#primaryimage","url":"https:\/\/noticiasemdestaque.com\/cd\/wp-content\/uploads\/2017\/10\/8f7ddd78817751151e83.jpg","contentUrl":"https:\/\/noticiasemdestaque.com\/cd\/wp-content\/uploads\/2017\/10\/8f7ddd78817751151e83.jpg","width":1150,"height":727},{"@type":"BreadcrumbList","@id":"https:\/\/noticiasemdestaque.com\/cd\/?p=5123#breadcrumb","itemListElement":[{"@type":"ListItem","position":1,"name":"In\u00edcio","item":"https:\/\/noticiasemdestaque.com\/cd\/"},{"@type":"ListItem","position":2,"name":"Minist\u00e9rio da Sa\u00fade libera R$ 1,4 milh\u00e3o para SAMU na Para\u00edba"}]},{"@type":"WebSite","@id":"https:\/\/noticiasemdestaque.com\/cd\/#website","url":"https:\/\/noticiasemdestaque.com\/cd\/","name":"Not&iacute;cias em Destaque","description":"","publisher":{"@id":"https:\/\/noticiasemdestaque.com\/cd\/#organization"},"potentialAction":[{"@type":"SearchAction","target":{"@type":"EntryPoint","urlTemplate":"https:\/\/noticiasemdestaque.com\/cd\/?s={search_term_string}"},"query-input":{"@type":"PropertyValueSpecification","valueRequired":true,"valueName":"search_term_string"}}],"inLanguage":"pt-BR"},{"@type":"Organization","@id":"https:\/\/noticiasemdestaque.com\/cd\/#organization","name":"Not\u00edcias em Destaque","url":"https:\/\/noticiasemdestaque.com\/cd\/","logo":{"@type":"ImageObject","inLanguage":"pt-BR","@id":"https:\/\/noticiasemdestaque.com\/cd\/#\/schema\/logo\/image\/","url":"https:\/\/noticiasemdestaque.com\/cd\/wp-content\/uploads\/2022\/05\/imagem-base-noticiasemdestaque.png","contentUrl":"https:\/\/noticiasemdestaque.com\/cd\/wp-content\/uploads\/2022\/05\/imagem-base-noticiasemdestaque.png","width":1200,"height":630,"caption":"Not\u00edcias em Destaque"},"image":{"@id":"https:\/\/noticiasemdestaque.com\/cd\/#\/schema\/logo\/image\/"}},{"@type":"Person","@id":"https:\/\/noticiasemdestaque.com\/cd\/#\/schema\/person\/21320b03a7e8bb90128938dafc9b908a","name":"Not\u00edcias em Destaque","url":"https:\/\/noticiasemdestaque.com\/cd\/?author=2"}]}},"jetpack_featured_media_url":"https:\/\/noticiasemdestaque.com\/cd\/wp-content\/uploads\/2017\/10\/8f7ddd78817751151e83.jpg","jetpack_sharing_enabled":true,"_links":{"self":[{"href":"https:\/\/noticiasemdestaque.com\/cd\/index.php?rest_route=\/wp\/v2\/posts\/5123","targetHints":{"allow":["GET"]}}],"collection":[{"href":"https:\/\/noticiasemdestaque.com\/cd\/index.php?rest_route=\/wp\/v2\/posts"}],"about":[{"href":"https:\/\/noticiasemdestaque.com\/cd\/index.php?rest_route=\/wp\/v2\/types\/post"}],"author":[{"embeddable":true,"href":"https:\/\/noticiasemdestaque.com\/cd\/index.php?rest_route=\/wp\/v2\/users\/2"}],"replies":[{"embeddable":true,"href":"https:\/\/noticiasemdestaque.com\/cd\/index.php?rest_route=%2Fwp%2Fv2%2Fcomments&post=5123"}],"version-history":[{"count":1,"href":"https:\/\/noticiasemdestaque.com\/cd\/index.php?rest_route=\/wp\/v2\/posts\/5123\/revisions"}],"predecessor-version":[{"id":5125,"href":"https:\/\/noticiasemdestaque.com\/cd\/index.php?rest_route=\/wp\/v2\/posts\/5123\/revisions\/5125"}],"wp:featuredmedia":[{"embeddable":true,"href":"https:\/\/noticiasemdestaque.com\/cd\/index.php?rest_route=\/wp\/v2\/media\/5124"}],"wp:attachment":[{"href":"https:\/\/noticiasemdestaque.com\/cd\/index.php?rest_route=%2Fwp%2Fv2%2Fmedia&parent=5123"}],"wp:term":[{"taxonomy":"category","embeddable":true,"href":"https:\/\/noticiasemdestaque.com\/cd\/index.php?rest_route=%2Fwp%2Fv2%2Fcategories&post=5123"},{"taxonomy":"post_tag","embeddable":true,"href":"https:\/\/noticiasemdestaque.com\/cd\/index.php?rest_route=%2Fwp%2Fv2%2Ftags&post=5123"}],"curies":[{"name":"wp","href":"https:\/\/api.w.org\/{rel}","templated":true}]}}