{"id":5108,"date":"2017-10-10T14:05:30","date_gmt":"2017-10-10T17:05:30","guid":{"rendered":"http:\/\/caririemdestaque.com\/cd\/?p=5108"},"modified":"2017-10-10T14:05:30","modified_gmt":"2017-10-10T17:05:30","slug":"lula-sabe-que-esta-lascado-mas-garante-esperar-que-moro-peca-desculpas","status":"publish","type":"post","link":"https:\/\/noticiasemdestaque.com\/cd\/?p=5108","title":{"rendered":"Lula sabe que est\u00e1 \u2018lascado\u2019, mas garante esperar que Moro pe\u00e7a desculpas"},"content":{"rendered":"<p><a href=\"http:\/\/caririemdestaque.com\/cd\/wp-content\/uploads\/2017\/10\/10-10-2017.111323_2.jpg\"><img fetchpriority=\"high\" decoding=\"async\" class=\"alignleft wp-image-5109 size-medium\" src=\"http:\/\/caririemdestaque.com\/cd\/wp-content\/uploads\/2017\/10\/10-10-2017.111323_2-300x189.jpg\" alt=\"\" width=\"300\" height=\"189\" srcset=\"https:\/\/noticiasemdestaque.com\/cd\/wp-content\/uploads\/2017\/10\/10-10-2017.111323_2-300x189.jpg 300w, https:\/\/noticiasemdestaque.com\/cd\/wp-content\/uploads\/2017\/10\/10-10-2017.111323_2.jpg 380w\" sizes=\"(max-width: 300px) 100vw, 300px\" \/><\/a>O ex-presidente Luiz In\u00e1cio Lula da Silva (PT) sabe que que a possibilidade de ficar de fora do jogo eleitoral de 2018 existe. Em discurso nesta segunda-feira (10), combinou o sentimento de persegui\u00e7\u00e3o com um discurso de quem vislumbra mais uma puni\u00e7\u00e3o. \u201cEu sei que t\u00f4 lascado, todo dia tem um processo. Eu n\u00e3o quero nem que Moro me absolva, eu s\u00f3 quero que ele pe\u00e7a desculpas\u201d, disse Lula durante um semin\u00e1rio sobre educa\u00e7\u00e3o em Bras\u00edlia. \u201cEles [investigadores] chegam a dizer: \u2018Ah, se o Lula n\u00e3o for candidato, ele n\u00e3o vai ter for\u00e7a como cabo eleitoral\u2019. Testem\u201d, completou o petista. O plano B para o petista, apesar das negativas do agraciado, \u00e9 o ex-prefeito de S\u00e3o Paulo, Fernando Haddad. Ele foi escalado pelo pr\u00f3prio Lula a fazer um p\u00e9riplo pelo pa\u00eds e esteve na Para\u00edba na semana passada.<\/p>\n<p>Lula \u00e9 r\u00e9u em sete processos e j\u00e1 foi condenado em primeira inst\u00e2ncia em um deles. Trata-se justamente da condena\u00e7\u00e3o imposta pelo juiz S\u00e9rgio Moro, respons\u00e1vel pela opera\u00e7\u00e3o Lava Jato na primeira inst\u00e2ncia. O ex-presidente recorreu para o Tribunal Regional Federal da 4\u00aa Regi\u00e3o, com sede em Porto Alegre (RS). Ele foi condenado no caso de oculta\u00e7\u00e3o de patrim\u00f4nio. Segundo o Minist\u00e9rio P\u00fablico, a reforma no tr\u00edplex do Guaruj\u00e1, em S\u00e3o Paulo, seria fruto de pagamento de propina por contratos facilitados com a OAS na Petrobras. A defesa nega. \u201cEu quero que eles saibam o seguinte: se eles est\u00e3o acostumados a lidar com deputado que tem medo deles, a mexer com senadores que t\u00eam medo deles, quero dizer que tenho respeito profundo por quem me respeita, pelas leis que n\u00f3s ajudamos a criar, mas n\u00e3o tenho respeito por quem n\u00e3o me respeita e eles n\u00e3o me respeitaram\u201d, afirmou o petista.<\/p>\n<p>O ex-presidente fez recentemente um p\u00e9riplo por cidades nordestinas. A regi\u00e3o \u00e9 o maior reduto eleitoral do petista. Aqui na Para\u00edba, ele passou por Jo\u00e3o Pessoa e Campina Grande. No caminho, ainda parou em Mata Redonda, onde foi saudado por militantes do Movimento Sem-Terra.<\/p>\n","protected":false},"excerpt":{"rendered":"<p>O ex-presidente Luiz In\u00e1cio Lula da Silva (PT) sabe que que a possibilidade de ficar de fora do jogo eleitoral de 2018 existe. Em discurso nesta segunda-feira (10), combinou o sentimento de persegui\u00e7\u00e3o com um discurso de quem vislumbra mais uma puni\u00e7\u00e3o. \u201cEu sei que t\u00f4 lascado, todo dia tem um processo. Eu n\u00e3o quero nem que Moro me absolva, eu s\u00f3 quero que ele pe\u00e7a desculpas\u201d, disse Lula durante um semin\u00e1rio sobre educa\u00e7\u00e3o em Bras\u00edlia. \u201cEles [investigadores] chegam a dizer: \u2018Ah, se o Lula n\u00e3o for candidato, ele n\u00e3o vai ter for\u00e7a como cabo eleitoral\u2019. Testem\u201d, completou o petista. O plano B para o petista, apesar das negativas do agraciado, \u00e9 o ex-prefeito de S\u00e3o Paulo, Fernando Haddad. Ele foi escalado pelo pr\u00f3prio Lula a fazer um p\u00e9riplo pelo pa\u00eds e esteve na Para\u00edba na semana passada. Lula \u00e9 r\u00e9u em sete processos e j\u00e1 foi condenado em primeira inst\u00e2ncia em um deles. Trata-se justamente da condena\u00e7\u00e3o imposta pelo juiz S\u00e9rgio Moro, respons\u00e1vel pela opera\u00e7\u00e3o Lava Jato na primeira inst\u00e2ncia. O ex-presidente recorreu para o Tribunal Regional Federal da 4\u00aa Regi\u00e3o, com sede em Porto Alegre (RS). Ele foi condenado no caso de oculta\u00e7\u00e3o de patrim\u00f4nio. Segundo o Minist\u00e9rio P\u00fablico, a reforma no tr\u00edplex do Guaruj\u00e1, em S\u00e3o Paulo, seria fruto de pagamento de propina por contratos facilitados com a OAS na Petrobras. A defesa nega. \u201cEu quero que eles saibam o seguinte: se eles est\u00e3o acostumados a lidar com deputado que tem medo deles, a mexer com senadores que t\u00eam medo deles, quero dizer que tenho respeito profundo por quem me respeita, pelas leis que n\u00f3s ajudamos a criar, mas n\u00e3o tenho respeito por quem n\u00e3o me respeita e eles n\u00e3o me respeitaram\u201d, afirmou o petista. O ex-presidente fez recentemente um p\u00e9riplo por cidades nordestinas. A regi\u00e3o \u00e9 o maior reduto eleitoral do petista. Aqui na Para\u00edba, ele passou por Jo\u00e3o Pessoa e Campina Grande. No caminho, ainda parou em Mata Redonda, onde foi saudado por militantes do Movimento Sem-Terra.<\/p>\n","protected":false},"author":2,"featured_media":5109,"comment_status":"closed","ping_status":"open","sticky":false,"template":"","format":"standard","meta":{"_eb_attr":"","_jetpack_memberships_contains_paid_content":false,"footnotes":""},"categories":[4],"tags":[],"class_list":["post-5108","post","type-post","status-publish","format-standard","has-post-thumbnail","hentry","category-politica"],"yoast_head":"<!-- This site is optimized with the Yoast SEO plugin v26.5 - https:\/\/yoast.com\/wordpress\/plugins\/seo\/ -->\n<title>Lula sabe que est\u00e1 \u2018lascado\u2019, mas garante esperar que Moro pe\u00e7a desculpas - Not&iacute;cias em Destaque<\/title>\n<meta name=\"robots\" content=\"index, follow, max-snippet:-1, max-image-preview:large, max-video-preview:-1\" \/>\n<link rel=\"canonical\" href=\"https:\/\/noticiasemdestaque.com\/cd\/?p=5108\" \/>\n<meta property=\"og:locale\" content=\"pt_BR\" \/>\n<meta property=\"og:type\" content=\"article\" \/>\n<meta property=\"og:title\" content=\"Lula sabe que est\u00e1 \u2018lascado\u2019, mas garante esperar que Moro pe\u00e7a desculpas - Not&iacute;cias em Destaque\" \/>\n<meta property=\"og:description\" content=\"O ex-presidente Luiz In\u00e1cio Lula da Silva (PT) sabe que que a possibilidade de ficar de fora do jogo eleitoral de 2018 existe. Em discurso nesta segunda-feira (10), combinou o sentimento de persegui\u00e7\u00e3o com um discurso de quem vislumbra mais uma puni\u00e7\u00e3o. \u201cEu sei que t\u00f4 lascado, todo dia tem um processo. Eu n\u00e3o quero nem que Moro me absolva, eu s\u00f3 quero que ele pe\u00e7a desculpas\u201d, disse Lula durante um semin\u00e1rio sobre educa\u00e7\u00e3o em Bras\u00edlia. \u201cEles [investigadores] chegam a dizer: \u2018Ah, se o Lula n\u00e3o for candidato, ele n\u00e3o vai ter for\u00e7a como cabo eleitoral\u2019. Testem\u201d, completou o petista. O plano B para o petista, apesar das negativas do agraciado, \u00e9 o ex-prefeito de S\u00e3o Paulo, Fernando Haddad. Ele foi escalado pelo pr\u00f3prio Lula a fazer um p\u00e9riplo pelo pa\u00eds e esteve na Para\u00edba na semana passada. Lula \u00e9 r\u00e9u em sete processos e j\u00e1 foi condenado em primeira inst\u00e2ncia em um deles. Trata-se justamente da condena\u00e7\u00e3o imposta pelo juiz S\u00e9rgio Moro, respons\u00e1vel pela opera\u00e7\u00e3o Lava Jato na primeira inst\u00e2ncia. O ex-presidente recorreu para o Tribunal Regional Federal da 4\u00aa Regi\u00e3o, com sede em Porto Alegre (RS). Ele foi condenado no caso de oculta\u00e7\u00e3o de patrim\u00f4nio. Segundo o Minist\u00e9rio P\u00fablico, a reforma no tr\u00edplex do Guaruj\u00e1, em S\u00e3o Paulo, seria fruto de pagamento de propina por contratos facilitados com a OAS na Petrobras. A defesa nega. \u201cEu quero que eles saibam o seguinte: se eles est\u00e3o acostumados a lidar com deputado que tem medo deles, a mexer com senadores que t\u00eam medo deles, quero dizer que tenho respeito profundo por quem me respeita, pelas leis que n\u00f3s ajudamos a criar, mas n\u00e3o tenho respeito por quem n\u00e3o me respeita e eles n\u00e3o me respeitaram\u201d, afirmou o petista. O ex-presidente fez recentemente um p\u00e9riplo por cidades nordestinas. A regi\u00e3o \u00e9 o maior reduto eleitoral do petista. Aqui na Para\u00edba, ele passou por Jo\u00e3o Pessoa e Campina Grande. No caminho, ainda parou em Mata Redonda, onde foi saudado por militantes do Movimento Sem-Terra.\" \/>\n<meta property=\"og:url\" content=\"https:\/\/noticiasemdestaque.com\/cd\/?p=5108\" \/>\n<meta property=\"og:site_name\" content=\"Not&iacute;cias em Destaque\" \/>\n<meta property=\"article:published_time\" content=\"2017-10-10T17:05:30+00:00\" \/>\n<meta property=\"og:image\" content=\"https:\/\/noticiasemdestaque.com\/cd\/wp-content\/uploads\/2017\/10\/10-10-2017.111323_2.jpg\" \/>\n\t<meta property=\"og:image:width\" content=\"380\" \/>\n\t<meta property=\"og:image:height\" content=\"240\" \/>\n\t<meta property=\"og:image:type\" content=\"image\/jpeg\" \/>\n<meta name=\"author\" content=\"Not\u00edcias em Destaque\" \/>\n<meta name=\"twitter:card\" content=\"summary_large_image\" \/>\n<meta name=\"twitter:label1\" content=\"Escrito por\" \/>\n\t<meta name=\"twitter:data1\" content=\"Not\u00edcias em Destaque\" \/>\n\t<meta name=\"twitter:label2\" content=\"Est. tempo de leitura\" \/>\n\t<meta name=\"twitter:data2\" content=\"2 minutos\" \/>\n<script type=\"application\/ld+json\" class=\"yoast-schema-graph\">{\"@context\":\"https:\/\/schema.org\",\"@graph\":[{\"@type\":\"Article\",\"@id\":\"https:\/\/noticiasemdestaque.com\/cd\/?p=5108#article\",\"isPartOf\":{\"@id\":\"https:\/\/noticiasemdestaque.com\/cd\/?p=5108\"},\"author\":{\"name\":\"Not\u00edcias em Destaque\",\"@id\":\"https:\/\/noticiasemdestaque.com\/cd\/#\/schema\/person\/21320b03a7e8bb90128938dafc9b908a\"},\"headline\":\"Lula sabe que est\u00e1 \u2018lascado\u2019, mas garante esperar que Moro pe\u00e7a desculpas\",\"datePublished\":\"2017-10-10T17:05:30+00:00\",\"mainEntityOfPage\":{\"@id\":\"https:\/\/noticiasemdestaque.com\/cd\/?p=5108\"},\"wordCount\":379,\"publisher\":{\"@id\":\"https:\/\/noticiasemdestaque.com\/cd\/#organization\"},\"image\":{\"@id\":\"https:\/\/noticiasemdestaque.com\/cd\/?p=5108#primaryimage\"},\"thumbnailUrl\":\"https:\/\/noticiasemdestaque.com\/cd\/wp-content\/uploads\/2017\/10\/10-10-2017.111323_2.jpg\",\"articleSection\":[\"Pol\u00edtica\"],\"inLanguage\":\"pt-BR\"},{\"@type\":\"WebPage\",\"@id\":\"https:\/\/noticiasemdestaque.com\/cd\/?p=5108\",\"url\":\"https:\/\/noticiasemdestaque.com\/cd\/?p=5108\",\"name\":\"Lula sabe que est\u00e1 \u2018lascado\u2019, mas garante esperar que Moro pe\u00e7a desculpas - Not&iacute;cias em Destaque\",\"isPartOf\":{\"@id\":\"https:\/\/noticiasemdestaque.com\/cd\/#website\"},\"primaryImageOfPage\":{\"@id\":\"https:\/\/noticiasemdestaque.com\/cd\/?p=5108#primaryimage\"},\"image\":{\"@id\":\"https:\/\/noticiasemdestaque.com\/cd\/?p=5108#primaryimage\"},\"thumbnailUrl\":\"https:\/\/noticiasemdestaque.com\/cd\/wp-content\/uploads\/2017\/10\/10-10-2017.111323_2.jpg\",\"datePublished\":\"2017-10-10T17:05:30+00:00\",\"breadcrumb\":{\"@id\":\"https:\/\/noticiasemdestaque.com\/cd\/?p=5108#breadcrumb\"},\"inLanguage\":\"pt-BR\",\"potentialAction\":[{\"@type\":\"ReadAction\",\"target\":[\"https:\/\/noticiasemdestaque.com\/cd\/?p=5108\"]}]},{\"@type\":\"ImageObject\",\"inLanguage\":\"pt-BR\",\"@id\":\"https:\/\/noticiasemdestaque.com\/cd\/?p=5108#primaryimage\",\"url\":\"https:\/\/noticiasemdestaque.com\/cd\/wp-content\/uploads\/2017\/10\/10-10-2017.111323_2.jpg\",\"contentUrl\":\"https:\/\/noticiasemdestaque.com\/cd\/wp-content\/uploads\/2017\/10\/10-10-2017.111323_2.jpg\",\"width\":380,\"height\":240},{\"@type\":\"BreadcrumbList\",\"@id\":\"https:\/\/noticiasemdestaque.com\/cd\/?p=5108#breadcrumb\",\"itemListElement\":[{\"@type\":\"ListItem\",\"position\":1,\"name\":\"In\u00edcio\",\"item\":\"https:\/\/noticiasemdestaque.com\/cd\/\"},{\"@type\":\"ListItem\",\"position\":2,\"name\":\"Lula sabe que est\u00e1 \u2018lascado\u2019, mas garante esperar que Moro pe\u00e7a desculpas\"}]},{\"@type\":\"WebSite\",\"@id\":\"https:\/\/noticiasemdestaque.com\/cd\/#website\",\"url\":\"https:\/\/noticiasemdestaque.com\/cd\/\",\"name\":\"Not&iacute;cias em Destaque\",\"description\":\"\",\"publisher\":{\"@id\":\"https:\/\/noticiasemdestaque.com\/cd\/#organization\"},\"potentialAction\":[{\"@type\":\"SearchAction\",\"target\":{\"@type\":\"EntryPoint\",\"urlTemplate\":\"https:\/\/noticiasemdestaque.com\/cd\/?s={search_term_string}\"},\"query-input\":{\"@type\":\"PropertyValueSpecification\",\"valueRequired\":true,\"valueName\":\"search_term_string\"}}],\"inLanguage\":\"pt-BR\"},{\"@type\":\"Organization\",\"@id\":\"https:\/\/noticiasemdestaque.com\/cd\/#organization\",\"name\":\"Not\u00edcias em Destaque\",\"url\":\"https:\/\/noticiasemdestaque.com\/cd\/\",\"logo\":{\"@type\":\"ImageObject\",\"inLanguage\":\"pt-BR\",\"@id\":\"https:\/\/noticiasemdestaque.com\/cd\/#\/schema\/logo\/image\/\",\"url\":\"https:\/\/noticiasemdestaque.com\/cd\/wp-content\/uploads\/2022\/05\/imagem-base-noticiasemdestaque.png\",\"contentUrl\":\"https:\/\/noticiasemdestaque.com\/cd\/wp-content\/uploads\/2022\/05\/imagem-base-noticiasemdestaque.png\",\"width\":1200,\"height\":630,\"caption\":\"Not\u00edcias em Destaque\"},\"image\":{\"@id\":\"https:\/\/noticiasemdestaque.com\/cd\/#\/schema\/logo\/image\/\"}},{\"@type\":\"Person\",\"@id\":\"https:\/\/noticiasemdestaque.com\/cd\/#\/schema\/person\/21320b03a7e8bb90128938dafc9b908a\",\"name\":\"Not\u00edcias em Destaque\",\"url\":\"https:\/\/noticiasemdestaque.com\/cd\/?author=2\"}]}<\/script>\n<!-- \/ Yoast SEO plugin. -->","yoast_head_json":{"title":"Lula sabe que est\u00e1 \u2018lascado\u2019, mas garante esperar que Moro pe\u00e7a desculpas - Not&iacute;cias em Destaque","robots":{"index":"index","follow":"follow","max-snippet":"max-snippet:-1","max-image-preview":"max-image-preview:large","max-video-preview":"max-video-preview:-1"},"canonical":"https:\/\/noticiasemdestaque.com\/cd\/?p=5108","og_locale":"pt_BR","og_type":"article","og_title":"Lula sabe que est\u00e1 \u2018lascado\u2019, mas garante esperar que Moro pe\u00e7a desculpas - Not&iacute;cias em Destaque","og_description":"O ex-presidente Luiz In\u00e1cio Lula da Silva (PT) sabe que que a possibilidade de ficar de fora do jogo eleitoral de 2018 existe. Em discurso nesta segunda-feira (10), combinou o sentimento de persegui\u00e7\u00e3o com um discurso de quem vislumbra mais uma puni\u00e7\u00e3o. \u201cEu sei que t\u00f4 lascado, todo dia tem um processo. Eu n\u00e3o quero nem que Moro me absolva, eu s\u00f3 quero que ele pe\u00e7a desculpas\u201d, disse Lula durante um semin\u00e1rio sobre educa\u00e7\u00e3o em Bras\u00edlia. \u201cEles [investigadores] chegam a dizer: \u2018Ah, se o Lula n\u00e3o for candidato, ele n\u00e3o vai ter for\u00e7a como cabo eleitoral\u2019. Testem\u201d, completou o petista. O plano B para o petista, apesar das negativas do agraciado, \u00e9 o ex-prefeito de S\u00e3o Paulo, Fernando Haddad. Ele foi escalado pelo pr\u00f3prio Lula a fazer um p\u00e9riplo pelo pa\u00eds e esteve na Para\u00edba na semana passada. Lula \u00e9 r\u00e9u em sete processos e j\u00e1 foi condenado em primeira inst\u00e2ncia em um deles. Trata-se justamente da condena\u00e7\u00e3o imposta pelo juiz S\u00e9rgio Moro, respons\u00e1vel pela opera\u00e7\u00e3o Lava Jato na primeira inst\u00e2ncia. O ex-presidente recorreu para o Tribunal Regional Federal da 4\u00aa Regi\u00e3o, com sede em Porto Alegre (RS). Ele foi condenado no caso de oculta\u00e7\u00e3o de patrim\u00f4nio. Segundo o Minist\u00e9rio P\u00fablico, a reforma no tr\u00edplex do Guaruj\u00e1, em S\u00e3o Paulo, seria fruto de pagamento de propina por contratos facilitados com a OAS na Petrobras. A defesa nega. \u201cEu quero que eles saibam o seguinte: se eles est\u00e3o acostumados a lidar com deputado que tem medo deles, a mexer com senadores que t\u00eam medo deles, quero dizer que tenho respeito profundo por quem me respeita, pelas leis que n\u00f3s ajudamos a criar, mas n\u00e3o tenho respeito por quem n\u00e3o me respeita e eles n\u00e3o me respeitaram\u201d, afirmou o petista. O ex-presidente fez recentemente um p\u00e9riplo por cidades nordestinas. A regi\u00e3o \u00e9 o maior reduto eleitoral do petista. Aqui na Para\u00edba, ele passou por Jo\u00e3o Pessoa e Campina Grande. No caminho, ainda parou em Mata Redonda, onde foi saudado por militantes do Movimento Sem-Terra.","og_url":"https:\/\/noticiasemdestaque.com\/cd\/?p=5108","og_site_name":"Not&iacute;cias em Destaque","article_published_time":"2017-10-10T17:05:30+00:00","og_image":[{"width":380,"height":240,"url":"https:\/\/noticiasemdestaque.com\/cd\/wp-content\/uploads\/2017\/10\/10-10-2017.111323_2.jpg","type":"image\/jpeg"}],"author":"Not\u00edcias em Destaque","twitter_card":"summary_large_image","twitter_misc":{"Escrito por":"Not\u00edcias em Destaque","Est. tempo de leitura":"2 minutos"},"schema":{"@context":"https:\/\/schema.org","@graph":[{"@type":"Article","@id":"https:\/\/noticiasemdestaque.com\/cd\/?p=5108#article","isPartOf":{"@id":"https:\/\/noticiasemdestaque.com\/cd\/?p=5108"},"author":{"name":"Not\u00edcias em Destaque","@id":"https:\/\/noticiasemdestaque.com\/cd\/#\/schema\/person\/21320b03a7e8bb90128938dafc9b908a"},"headline":"Lula sabe que est\u00e1 \u2018lascado\u2019, mas garante esperar que Moro pe\u00e7a desculpas","datePublished":"2017-10-10T17:05:30+00:00","mainEntityOfPage":{"@id":"https:\/\/noticiasemdestaque.com\/cd\/?p=5108"},"wordCount":379,"publisher":{"@id":"https:\/\/noticiasemdestaque.com\/cd\/#organization"},"image":{"@id":"https:\/\/noticiasemdestaque.com\/cd\/?p=5108#primaryimage"},"thumbnailUrl":"https:\/\/noticiasemdestaque.com\/cd\/wp-content\/uploads\/2017\/10\/10-10-2017.111323_2.jpg","articleSection":["Pol\u00edtica"],"inLanguage":"pt-BR"},{"@type":"WebPage","@id":"https:\/\/noticiasemdestaque.com\/cd\/?p=5108","url":"https:\/\/noticiasemdestaque.com\/cd\/?p=5108","name":"Lula sabe que est\u00e1 \u2018lascado\u2019, mas garante esperar que Moro pe\u00e7a desculpas - Not&iacute;cias em Destaque","isPartOf":{"@id":"https:\/\/noticiasemdestaque.com\/cd\/#website"},"primaryImageOfPage":{"@id":"https:\/\/noticiasemdestaque.com\/cd\/?p=5108#primaryimage"},"image":{"@id":"https:\/\/noticiasemdestaque.com\/cd\/?p=5108#primaryimage"},"thumbnailUrl":"https:\/\/noticiasemdestaque.com\/cd\/wp-content\/uploads\/2017\/10\/10-10-2017.111323_2.jpg","datePublished":"2017-10-10T17:05:30+00:00","breadcrumb":{"@id":"https:\/\/noticiasemdestaque.com\/cd\/?p=5108#breadcrumb"},"inLanguage":"pt-BR","potentialAction":[{"@type":"ReadAction","target":["https:\/\/noticiasemdestaque.com\/cd\/?p=5108"]}]},{"@type":"ImageObject","inLanguage":"pt-BR","@id":"https:\/\/noticiasemdestaque.com\/cd\/?p=5108#primaryimage","url":"https:\/\/noticiasemdestaque.com\/cd\/wp-content\/uploads\/2017\/10\/10-10-2017.111323_2.jpg","contentUrl":"https:\/\/noticiasemdestaque.com\/cd\/wp-content\/uploads\/2017\/10\/10-10-2017.111323_2.jpg","width":380,"height":240},{"@type":"BreadcrumbList","@id":"https:\/\/noticiasemdestaque.com\/cd\/?p=5108#breadcrumb","itemListElement":[{"@type":"ListItem","position":1,"name":"In\u00edcio","item":"https:\/\/noticiasemdestaque.com\/cd\/"},{"@type":"ListItem","position":2,"name":"Lula sabe que est\u00e1 \u2018lascado\u2019, mas garante esperar que Moro pe\u00e7a desculpas"}]},{"@type":"WebSite","@id":"https:\/\/noticiasemdestaque.com\/cd\/#website","url":"https:\/\/noticiasemdestaque.com\/cd\/","name":"Not&iacute;cias em Destaque","description":"","publisher":{"@id":"https:\/\/noticiasemdestaque.com\/cd\/#organization"},"potentialAction":[{"@type":"SearchAction","target":{"@type":"EntryPoint","urlTemplate":"https:\/\/noticiasemdestaque.com\/cd\/?s={search_term_string}"},"query-input":{"@type":"PropertyValueSpecification","valueRequired":true,"valueName":"search_term_string"}}],"inLanguage":"pt-BR"},{"@type":"Organization","@id":"https:\/\/noticiasemdestaque.com\/cd\/#organization","name":"Not\u00edcias em Destaque","url":"https:\/\/noticiasemdestaque.com\/cd\/","logo":{"@type":"ImageObject","inLanguage":"pt-BR","@id":"https:\/\/noticiasemdestaque.com\/cd\/#\/schema\/logo\/image\/","url":"https:\/\/noticiasemdestaque.com\/cd\/wp-content\/uploads\/2022\/05\/imagem-base-noticiasemdestaque.png","contentUrl":"https:\/\/noticiasemdestaque.com\/cd\/wp-content\/uploads\/2022\/05\/imagem-base-noticiasemdestaque.png","width":1200,"height":630,"caption":"Not\u00edcias em Destaque"},"image":{"@id":"https:\/\/noticiasemdestaque.com\/cd\/#\/schema\/logo\/image\/"}},{"@type":"Person","@id":"https:\/\/noticiasemdestaque.com\/cd\/#\/schema\/person\/21320b03a7e8bb90128938dafc9b908a","name":"Not\u00edcias em Destaque","url":"https:\/\/noticiasemdestaque.com\/cd\/?author=2"}]}},"jetpack_featured_media_url":"https:\/\/noticiasemdestaque.com\/cd\/wp-content\/uploads\/2017\/10\/10-10-2017.111323_2.jpg","jetpack_sharing_enabled":true,"_links":{"self":[{"href":"https:\/\/noticiasemdestaque.com\/cd\/index.php?rest_route=\/wp\/v2\/posts\/5108","targetHints":{"allow":["GET"]}}],"collection":[{"href":"https:\/\/noticiasemdestaque.com\/cd\/index.php?rest_route=\/wp\/v2\/posts"}],"about":[{"href":"https:\/\/noticiasemdestaque.com\/cd\/index.php?rest_route=\/wp\/v2\/types\/post"}],"author":[{"embeddable":true,"href":"https:\/\/noticiasemdestaque.com\/cd\/index.php?rest_route=\/wp\/v2\/users\/2"}],"replies":[{"embeddable":true,"href":"https:\/\/noticiasemdestaque.com\/cd\/index.php?rest_route=%2Fwp%2Fv2%2Fcomments&post=5108"}],"version-history":[{"count":1,"href":"https:\/\/noticiasemdestaque.com\/cd\/index.php?rest_route=\/wp\/v2\/posts\/5108\/revisions"}],"predecessor-version":[{"id":5110,"href":"https:\/\/noticiasemdestaque.com\/cd\/index.php?rest_route=\/wp\/v2\/posts\/5108\/revisions\/5110"}],"wp:featuredmedia":[{"embeddable":true,"href":"https:\/\/noticiasemdestaque.com\/cd\/index.php?rest_route=\/wp\/v2\/media\/5109"}],"wp:attachment":[{"href":"https:\/\/noticiasemdestaque.com\/cd\/index.php?rest_route=%2Fwp%2Fv2%2Fmedia&parent=5108"}],"wp:term":[{"taxonomy":"category","embeddable":true,"href":"https:\/\/noticiasemdestaque.com\/cd\/index.php?rest_route=%2Fwp%2Fv2%2Fcategories&post=5108"},{"taxonomy":"post_tag","embeddable":true,"href":"https:\/\/noticiasemdestaque.com\/cd\/index.php?rest_route=%2Fwp%2Fv2%2Ftags&post=5108"}],"curies":[{"name":"wp","href":"https:\/\/api.w.org\/{rel}","templated":true}]}}