{"id":5099,"date":"2017-10-10T13:55:55","date_gmt":"2017-10-10T16:55:55","guid":{"rendered":"http:\/\/caririemdestaque.com\/cd\/?p=5099"},"modified":"2017-10-10T13:55:55","modified_gmt":"2017-10-10T16:55:55","slug":"petrobras-eleva-preco-do-botijao-de-gas-em-129-a-partir-desta-quarta","status":"publish","type":"post","link":"https:\/\/noticiasemdestaque.com\/cd\/?p=5099","title":{"rendered":"Petrobras eleva pre\u00e7o do botij\u00e3o de g\u00e1s em 12,9% a partir desta quarta"},"content":{"rendered":"<p><a href=\"http:\/\/caririemdestaque.com\/cd\/wp-content\/uploads\/2017\/10\/link-gas-balanco.jpg\"><img fetchpriority=\"high\" decoding=\"async\" class=\"alignleft wp-image-5100 size-medium\" src=\"http:\/\/caririemdestaque.com\/cd\/wp-content\/uploads\/2017\/10\/link-gas-balanco-300x225.jpg\" alt=\"\" width=\"300\" height=\"225\" srcset=\"https:\/\/noticiasemdestaque.com\/cd\/wp-content\/uploads\/2017\/10\/link-gas-balanco-300x225.jpg 300w, https:\/\/noticiasemdestaque.com\/cd\/wp-content\/uploads\/2017\/10\/link-gas-balanco-768x576.jpg 768w, https:\/\/noticiasemdestaque.com\/cd\/wp-content\/uploads\/2017\/10\/link-gas-balanco-640x480.jpg 640w, https:\/\/noticiasemdestaque.com\/cd\/wp-content\/uploads\/2017\/10\/link-gas-balanco-200x150.jpg 200w, https:\/\/noticiasemdestaque.com\/cd\/wp-content\/uploads\/2017\/10\/link-gas-balanco.jpg 1000w\" sizes=\"(max-width: 300px) 100vw, 300px\" \/><\/a>A Petrobras anunciou nesta ter\u00e7a-feira (10) reajuste m\u00e9dio de 12,9% no pre\u00e7o do botij\u00e3o de g\u00e1s de at\u00e9 13 kg a partir desta quarta-feira (11), devido \u00e0 varia\u00e7\u00e3o das cota\u00e7\u00f5es do produto no mercado internacional.<\/p>\n<p>Caso o reajuste seja integralmente repassado pelas distribuidoras e revendedoras, o pre\u00e7o ao consumidor final pode subir em m\u00e9dia 5,1% ou cerca de R$ 3,09 por botij\u00e3o, estimou a Petrobras.<\/p>\n<p>&#8220;Como a lei brasileira garante liberdade de pre\u00e7os no mercado de combust\u00edveis e derivados, as revis\u00f5es feitas nas refinarias podem ou n\u00e3o se refletir no pre\u00e7o final ao consumidor. Isso depender\u00e1 de repasses feitos especialmente por distribuidoras e revendedores&#8221;, destacou a Petrobras.<\/p>\n<p>A estatal esclareceu que o reajuste atual n\u00e3o se aplica ao GLP destinado a uso industrial e comercial.<\/p>\n<p>O \u00faltimo reajuste ocorreu em 26 de setembro de 2017, quando o pre\u00e7o subiu em m\u00e9dia 6,9%.<\/p>\n<p>Em nota, o Sindig\u00e1s, que representa as empresas distribuidoras, estimou que o reajuste oscilar\u00e1 de 7,8% a 15,4%, de acordo com o polo de suprimento. &#8220;A corre\u00e7\u00e3o aplicada n\u00e3o repassa integralmente a varia\u00e7\u00e3o de pre\u00e7os do mercado internacional. Com isso, o Sindig\u00e1s calcula que o pre\u00e7o do produto destinado a embalagens de at\u00e9 13 quilos ficar\u00e1 6,08% abaixo da paridade de importa\u00e7\u00e3o, o que inibe investimentos privados em infraestrutura no setor de abastecimento&#8221;, afirmou.<\/p>\n<p>Pela nova pol\u00edtica de pre\u00e7os adotada pela Petrobras, o pre\u00e7o do G\u00e1s Liquefeito de Petr\u00f3leo (GLP) ser\u00e1 revisado todos os meses.<\/p>\n<p>Segundo a estatal, o pre\u00e7o final \u00e0s distribuidoras ser\u00e1 formado pela m\u00e9dia mensal dos pre\u00e7os do butano e do propano no mercado europeu, convertida em reais pela m\u00e9dia di\u00e1ria das cota\u00e7\u00f5es de venda do d\u00f3lar, mais uma margem de 5%.<\/p>\n<p><em><strong>Cariri em Destaque<\/strong><\/em><\/p>\n<p>G1<\/p>\n","protected":false},"excerpt":{"rendered":"<p>A Petrobras anunciou nesta ter\u00e7a-feira (10) reajuste m\u00e9dio de 12,9% no pre\u00e7o do botij\u00e3o de g\u00e1s de at\u00e9 13 kg a partir desta quarta-feira (11), devido \u00e0 varia\u00e7\u00e3o das cota\u00e7\u00f5es do produto no mercado internacional. Caso o reajuste seja integralmente repassado pelas distribuidoras e revendedoras, o pre\u00e7o ao consumidor final pode subir em m\u00e9dia 5,1% ou cerca de R$ 3,09 por botij\u00e3o, estimou a Petrobras. &#8220;Como a lei brasileira garante liberdade de pre\u00e7os no mercado de combust\u00edveis e derivados, as revis\u00f5es feitas nas refinarias podem ou n\u00e3o se refletir no pre\u00e7o final ao consumidor. Isso depender\u00e1 de repasses feitos especialmente por distribuidoras e revendedores&#8221;, destacou a Petrobras. A estatal esclareceu que o reajuste atual n\u00e3o se aplica ao GLP destinado a uso industrial e comercial. O \u00faltimo reajuste ocorreu em 26 de setembro de 2017, quando o pre\u00e7o subiu em m\u00e9dia 6,9%. Em nota, o Sindig\u00e1s, que representa as empresas distribuidoras, estimou que o reajuste oscilar\u00e1 de 7,8% a 15,4%, de acordo com o polo de suprimento. &#8220;A corre\u00e7\u00e3o aplicada n\u00e3o repassa integralmente a varia\u00e7\u00e3o de pre\u00e7os do mercado internacional. Com isso, o Sindig\u00e1s calcula que o pre\u00e7o do produto destinado a embalagens de at\u00e9 13 quilos ficar\u00e1 6,08% abaixo da paridade de importa\u00e7\u00e3o, o que inibe investimentos privados em infraestrutura no setor de abastecimento&#8221;, afirmou. Pela nova pol\u00edtica de pre\u00e7os adotada pela Petrobras, o pre\u00e7o do G\u00e1s Liquefeito de Petr\u00f3leo (GLP) ser\u00e1 revisado todos os meses. Segundo a estatal, o pre\u00e7o final \u00e0s distribuidoras ser\u00e1 formado pela m\u00e9dia mensal dos pre\u00e7os do butano e do propano no mercado europeu, convertida em reais pela m\u00e9dia di\u00e1ria das cota\u00e7\u00f5es de venda do d\u00f3lar, mais uma margem de 5%. Cariri em Destaque G1<\/p>\n","protected":false},"author":2,"featured_media":5100,"comment_status":"closed","ping_status":"open","sticky":false,"template":"","format":"standard","meta":{"_eb_attr":"","_jetpack_memberships_contains_paid_content":false,"footnotes":""},"categories":[11],"tags":[],"class_list":["post-5099","post","type-post","status-publish","format-standard","has-post-thumbnail","hentry","category-economia"],"yoast_head":"<!-- This site is optimized with the Yoast SEO plugin v26.5 - https:\/\/yoast.com\/wordpress\/plugins\/seo\/ -->\n<title>Petrobras eleva pre\u00e7o do botij\u00e3o de g\u00e1s em 12,9% a partir desta quarta - Not&iacute;cias em Destaque<\/title>\n<meta name=\"robots\" content=\"index, follow, max-snippet:-1, max-image-preview:large, max-video-preview:-1\" \/>\n<link rel=\"canonical\" href=\"https:\/\/noticiasemdestaque.com\/cd\/?p=5099\" \/>\n<meta property=\"og:locale\" content=\"pt_BR\" \/>\n<meta property=\"og:type\" content=\"article\" \/>\n<meta property=\"og:title\" content=\"Petrobras eleva pre\u00e7o do botij\u00e3o de g\u00e1s em 12,9% a partir desta quarta - Not&iacute;cias em Destaque\" \/>\n<meta property=\"og:description\" content=\"A Petrobras anunciou nesta ter\u00e7a-feira (10) reajuste m\u00e9dio de 12,9% no pre\u00e7o do botij\u00e3o de g\u00e1s de at\u00e9 13 kg a partir desta quarta-feira (11), devido \u00e0 varia\u00e7\u00e3o das cota\u00e7\u00f5es do produto no mercado internacional. Caso o reajuste seja integralmente repassado pelas distribuidoras e revendedoras, o pre\u00e7o ao consumidor final pode subir em m\u00e9dia 5,1% ou cerca de R$ 3,09 por botij\u00e3o, estimou a Petrobras. &#8220;Como a lei brasileira garante liberdade de pre\u00e7os no mercado de combust\u00edveis e derivados, as revis\u00f5es feitas nas refinarias podem ou n\u00e3o se refletir no pre\u00e7o final ao consumidor. Isso depender\u00e1 de repasses feitos especialmente por distribuidoras e revendedores&#8221;, destacou a Petrobras. A estatal esclareceu que o reajuste atual n\u00e3o se aplica ao GLP destinado a uso industrial e comercial. O \u00faltimo reajuste ocorreu em 26 de setembro de 2017, quando o pre\u00e7o subiu em m\u00e9dia 6,9%. Em nota, o Sindig\u00e1s, que representa as empresas distribuidoras, estimou que o reajuste oscilar\u00e1 de 7,8% a 15,4%, de acordo com o polo de suprimento. &#8220;A corre\u00e7\u00e3o aplicada n\u00e3o repassa integralmente a varia\u00e7\u00e3o de pre\u00e7os do mercado internacional. Com isso, o Sindig\u00e1s calcula que o pre\u00e7o do produto destinado a embalagens de at\u00e9 13 quilos ficar\u00e1 6,08% abaixo da paridade de importa\u00e7\u00e3o, o que inibe investimentos privados em infraestrutura no setor de abastecimento&#8221;, afirmou. Pela nova pol\u00edtica de pre\u00e7os adotada pela Petrobras, o pre\u00e7o do G\u00e1s Liquefeito de Petr\u00f3leo (GLP) ser\u00e1 revisado todos os meses. Segundo a estatal, o pre\u00e7o final \u00e0s distribuidoras ser\u00e1 formado pela m\u00e9dia mensal dos pre\u00e7os do butano e do propano no mercado europeu, convertida em reais pela m\u00e9dia di\u00e1ria das cota\u00e7\u00f5es de venda do d\u00f3lar, mais uma margem de 5%. Cariri em Destaque G1\" \/>\n<meta property=\"og:url\" content=\"https:\/\/noticiasemdestaque.com\/cd\/?p=5099\" \/>\n<meta property=\"og:site_name\" content=\"Not&iacute;cias em Destaque\" \/>\n<meta property=\"article:published_time\" content=\"2017-10-10T16:55:55+00:00\" \/>\n<meta property=\"og:image\" content=\"https:\/\/noticiasemdestaque.com\/cd\/wp-content\/uploads\/2017\/10\/link-gas-balanco.jpg\" \/>\n\t<meta property=\"og:image:width\" content=\"1000\" \/>\n\t<meta property=\"og:image:height\" content=\"750\" \/>\n\t<meta property=\"og:image:type\" content=\"image\/jpeg\" \/>\n<meta name=\"author\" content=\"Not\u00edcias em Destaque\" \/>\n<meta name=\"twitter:card\" content=\"summary_large_image\" \/>\n<meta name=\"twitter:label1\" content=\"Escrito por\" \/>\n\t<meta name=\"twitter:data1\" content=\"Not\u00edcias em Destaque\" \/>\n\t<meta name=\"twitter:label2\" content=\"Est. tempo de leitura\" \/>\n\t<meta name=\"twitter:data2\" content=\"2 minutos\" \/>\n<script type=\"application\/ld+json\" class=\"yoast-schema-graph\">{\"@context\":\"https:\/\/schema.org\",\"@graph\":[{\"@type\":\"Article\",\"@id\":\"https:\/\/noticiasemdestaque.com\/cd\/?p=5099#article\",\"isPartOf\":{\"@id\":\"https:\/\/noticiasemdestaque.com\/cd\/?p=5099\"},\"author\":{\"name\":\"Not\u00edcias em Destaque\",\"@id\":\"https:\/\/noticiasemdestaque.com\/cd\/#\/schema\/person\/21320b03a7e8bb90128938dafc9b908a\"},\"headline\":\"Petrobras eleva pre\u00e7o do botij\u00e3o de g\u00e1s em 12,9% a partir desta quarta\",\"datePublished\":\"2017-10-10T16:55:55+00:00\",\"mainEntityOfPage\":{\"@id\":\"https:\/\/noticiasemdestaque.com\/cd\/?p=5099\"},\"wordCount\":319,\"publisher\":{\"@id\":\"https:\/\/noticiasemdestaque.com\/cd\/#organization\"},\"image\":{\"@id\":\"https:\/\/noticiasemdestaque.com\/cd\/?p=5099#primaryimage\"},\"thumbnailUrl\":\"https:\/\/noticiasemdestaque.com\/cd\/wp-content\/uploads\/2017\/10\/link-gas-balanco.jpg\",\"articleSection\":[\"Economia\"],\"inLanguage\":\"pt-BR\"},{\"@type\":\"WebPage\",\"@id\":\"https:\/\/noticiasemdestaque.com\/cd\/?p=5099\",\"url\":\"https:\/\/noticiasemdestaque.com\/cd\/?p=5099\",\"name\":\"Petrobras eleva pre\u00e7o do botij\u00e3o de g\u00e1s em 12,9% a partir desta quarta - Not&iacute;cias em Destaque\",\"isPartOf\":{\"@id\":\"https:\/\/noticiasemdestaque.com\/cd\/#website\"},\"primaryImageOfPage\":{\"@id\":\"https:\/\/noticiasemdestaque.com\/cd\/?p=5099#primaryimage\"},\"image\":{\"@id\":\"https:\/\/noticiasemdestaque.com\/cd\/?p=5099#primaryimage\"},\"thumbnailUrl\":\"https:\/\/noticiasemdestaque.com\/cd\/wp-content\/uploads\/2017\/10\/link-gas-balanco.jpg\",\"datePublished\":\"2017-10-10T16:55:55+00:00\",\"breadcrumb\":{\"@id\":\"https:\/\/noticiasemdestaque.com\/cd\/?p=5099#breadcrumb\"},\"inLanguage\":\"pt-BR\",\"potentialAction\":[{\"@type\":\"ReadAction\",\"target\":[\"https:\/\/noticiasemdestaque.com\/cd\/?p=5099\"]}]},{\"@type\":\"ImageObject\",\"inLanguage\":\"pt-BR\",\"@id\":\"https:\/\/noticiasemdestaque.com\/cd\/?p=5099#primaryimage\",\"url\":\"https:\/\/noticiasemdestaque.com\/cd\/wp-content\/uploads\/2017\/10\/link-gas-balanco.jpg\",\"contentUrl\":\"https:\/\/noticiasemdestaque.com\/cd\/wp-content\/uploads\/2017\/10\/link-gas-balanco.jpg\",\"width\":1000,\"height\":750},{\"@type\":\"BreadcrumbList\",\"@id\":\"https:\/\/noticiasemdestaque.com\/cd\/?p=5099#breadcrumb\",\"itemListElement\":[{\"@type\":\"ListItem\",\"position\":1,\"name\":\"In\u00edcio\",\"item\":\"https:\/\/noticiasemdestaque.com\/cd\/\"},{\"@type\":\"ListItem\",\"position\":2,\"name\":\"Petrobras eleva pre\u00e7o do botij\u00e3o de g\u00e1s em 12,9% a partir desta quarta\"}]},{\"@type\":\"WebSite\",\"@id\":\"https:\/\/noticiasemdestaque.com\/cd\/#website\",\"url\":\"https:\/\/noticiasemdestaque.com\/cd\/\",\"name\":\"Not&iacute;cias em Destaque\",\"description\":\"\",\"publisher\":{\"@id\":\"https:\/\/noticiasemdestaque.com\/cd\/#organization\"},\"potentialAction\":[{\"@type\":\"SearchAction\",\"target\":{\"@type\":\"EntryPoint\",\"urlTemplate\":\"https:\/\/noticiasemdestaque.com\/cd\/?s={search_term_string}\"},\"query-input\":{\"@type\":\"PropertyValueSpecification\",\"valueRequired\":true,\"valueName\":\"search_term_string\"}}],\"inLanguage\":\"pt-BR\"},{\"@type\":\"Organization\",\"@id\":\"https:\/\/noticiasemdestaque.com\/cd\/#organization\",\"name\":\"Not\u00edcias em Destaque\",\"url\":\"https:\/\/noticiasemdestaque.com\/cd\/\",\"logo\":{\"@type\":\"ImageObject\",\"inLanguage\":\"pt-BR\",\"@id\":\"https:\/\/noticiasemdestaque.com\/cd\/#\/schema\/logo\/image\/\",\"url\":\"https:\/\/noticiasemdestaque.com\/cd\/wp-content\/uploads\/2022\/05\/imagem-base-noticiasemdestaque.png\",\"contentUrl\":\"https:\/\/noticiasemdestaque.com\/cd\/wp-content\/uploads\/2022\/05\/imagem-base-noticiasemdestaque.png\",\"width\":1200,\"height\":630,\"caption\":\"Not\u00edcias em Destaque\"},\"image\":{\"@id\":\"https:\/\/noticiasemdestaque.com\/cd\/#\/schema\/logo\/image\/\"}},{\"@type\":\"Person\",\"@id\":\"https:\/\/noticiasemdestaque.com\/cd\/#\/schema\/person\/21320b03a7e8bb90128938dafc9b908a\",\"name\":\"Not\u00edcias em Destaque\",\"url\":\"https:\/\/noticiasemdestaque.com\/cd\/?author=2\"}]}<\/script>\n<!-- \/ Yoast SEO plugin. -->","yoast_head_json":{"title":"Petrobras eleva pre\u00e7o do botij\u00e3o de g\u00e1s em 12,9% a partir desta quarta - Not&iacute;cias em Destaque","robots":{"index":"index","follow":"follow","max-snippet":"max-snippet:-1","max-image-preview":"max-image-preview:large","max-video-preview":"max-video-preview:-1"},"canonical":"https:\/\/noticiasemdestaque.com\/cd\/?p=5099","og_locale":"pt_BR","og_type":"article","og_title":"Petrobras eleva pre\u00e7o do botij\u00e3o de g\u00e1s em 12,9% a partir desta quarta - Not&iacute;cias em Destaque","og_description":"A Petrobras anunciou nesta ter\u00e7a-feira (10) reajuste m\u00e9dio de 12,9% no pre\u00e7o do botij\u00e3o de g\u00e1s de at\u00e9 13 kg a partir desta quarta-feira (11), devido \u00e0 varia\u00e7\u00e3o das cota\u00e7\u00f5es do produto no mercado internacional. Caso o reajuste seja integralmente repassado pelas distribuidoras e revendedoras, o pre\u00e7o ao consumidor final pode subir em m\u00e9dia 5,1% ou cerca de R$ 3,09 por botij\u00e3o, estimou a Petrobras. &#8220;Como a lei brasileira garante liberdade de pre\u00e7os no mercado de combust\u00edveis e derivados, as revis\u00f5es feitas nas refinarias podem ou n\u00e3o se refletir no pre\u00e7o final ao consumidor. Isso depender\u00e1 de repasses feitos especialmente por distribuidoras e revendedores&#8221;, destacou a Petrobras. A estatal esclareceu que o reajuste atual n\u00e3o se aplica ao GLP destinado a uso industrial e comercial. O \u00faltimo reajuste ocorreu em 26 de setembro de 2017, quando o pre\u00e7o subiu em m\u00e9dia 6,9%. Em nota, o Sindig\u00e1s, que representa as empresas distribuidoras, estimou que o reajuste oscilar\u00e1 de 7,8% a 15,4%, de acordo com o polo de suprimento. &#8220;A corre\u00e7\u00e3o aplicada n\u00e3o repassa integralmente a varia\u00e7\u00e3o de pre\u00e7os do mercado internacional. Com isso, o Sindig\u00e1s calcula que o pre\u00e7o do produto destinado a embalagens de at\u00e9 13 quilos ficar\u00e1 6,08% abaixo da paridade de importa\u00e7\u00e3o, o que inibe investimentos privados em infraestrutura no setor de abastecimento&#8221;, afirmou. Pela nova pol\u00edtica de pre\u00e7os adotada pela Petrobras, o pre\u00e7o do G\u00e1s Liquefeito de Petr\u00f3leo (GLP) ser\u00e1 revisado todos os meses. Segundo a estatal, o pre\u00e7o final \u00e0s distribuidoras ser\u00e1 formado pela m\u00e9dia mensal dos pre\u00e7os do butano e do propano no mercado europeu, convertida em reais pela m\u00e9dia di\u00e1ria das cota\u00e7\u00f5es de venda do d\u00f3lar, mais uma margem de 5%. Cariri em Destaque G1","og_url":"https:\/\/noticiasemdestaque.com\/cd\/?p=5099","og_site_name":"Not&iacute;cias em Destaque","article_published_time":"2017-10-10T16:55:55+00:00","og_image":[{"width":1000,"height":750,"url":"https:\/\/noticiasemdestaque.com\/cd\/wp-content\/uploads\/2017\/10\/link-gas-balanco.jpg","type":"image\/jpeg"}],"author":"Not\u00edcias em Destaque","twitter_card":"summary_large_image","twitter_misc":{"Escrito por":"Not\u00edcias em Destaque","Est. tempo de leitura":"2 minutos"},"schema":{"@context":"https:\/\/schema.org","@graph":[{"@type":"Article","@id":"https:\/\/noticiasemdestaque.com\/cd\/?p=5099#article","isPartOf":{"@id":"https:\/\/noticiasemdestaque.com\/cd\/?p=5099"},"author":{"name":"Not\u00edcias em Destaque","@id":"https:\/\/noticiasemdestaque.com\/cd\/#\/schema\/person\/21320b03a7e8bb90128938dafc9b908a"},"headline":"Petrobras eleva pre\u00e7o do botij\u00e3o de g\u00e1s em 12,9% a partir desta quarta","datePublished":"2017-10-10T16:55:55+00:00","mainEntityOfPage":{"@id":"https:\/\/noticiasemdestaque.com\/cd\/?p=5099"},"wordCount":319,"publisher":{"@id":"https:\/\/noticiasemdestaque.com\/cd\/#organization"},"image":{"@id":"https:\/\/noticiasemdestaque.com\/cd\/?p=5099#primaryimage"},"thumbnailUrl":"https:\/\/noticiasemdestaque.com\/cd\/wp-content\/uploads\/2017\/10\/link-gas-balanco.jpg","articleSection":["Economia"],"inLanguage":"pt-BR"},{"@type":"WebPage","@id":"https:\/\/noticiasemdestaque.com\/cd\/?p=5099","url":"https:\/\/noticiasemdestaque.com\/cd\/?p=5099","name":"Petrobras eleva pre\u00e7o do botij\u00e3o de g\u00e1s em 12,9% a partir desta quarta - Not&iacute;cias em Destaque","isPartOf":{"@id":"https:\/\/noticiasemdestaque.com\/cd\/#website"},"primaryImageOfPage":{"@id":"https:\/\/noticiasemdestaque.com\/cd\/?p=5099#primaryimage"},"image":{"@id":"https:\/\/noticiasemdestaque.com\/cd\/?p=5099#primaryimage"},"thumbnailUrl":"https:\/\/noticiasemdestaque.com\/cd\/wp-content\/uploads\/2017\/10\/link-gas-balanco.jpg","datePublished":"2017-10-10T16:55:55+00:00","breadcrumb":{"@id":"https:\/\/noticiasemdestaque.com\/cd\/?p=5099#breadcrumb"},"inLanguage":"pt-BR","potentialAction":[{"@type":"ReadAction","target":["https:\/\/noticiasemdestaque.com\/cd\/?p=5099"]}]},{"@type":"ImageObject","inLanguage":"pt-BR","@id":"https:\/\/noticiasemdestaque.com\/cd\/?p=5099#primaryimage","url":"https:\/\/noticiasemdestaque.com\/cd\/wp-content\/uploads\/2017\/10\/link-gas-balanco.jpg","contentUrl":"https:\/\/noticiasemdestaque.com\/cd\/wp-content\/uploads\/2017\/10\/link-gas-balanco.jpg","width":1000,"height":750},{"@type":"BreadcrumbList","@id":"https:\/\/noticiasemdestaque.com\/cd\/?p=5099#breadcrumb","itemListElement":[{"@type":"ListItem","position":1,"name":"In\u00edcio","item":"https:\/\/noticiasemdestaque.com\/cd\/"},{"@type":"ListItem","position":2,"name":"Petrobras eleva pre\u00e7o do botij\u00e3o de g\u00e1s em 12,9% a partir desta quarta"}]},{"@type":"WebSite","@id":"https:\/\/noticiasemdestaque.com\/cd\/#website","url":"https:\/\/noticiasemdestaque.com\/cd\/","name":"Not&iacute;cias em Destaque","description":"","publisher":{"@id":"https:\/\/noticiasemdestaque.com\/cd\/#organization"},"potentialAction":[{"@type":"SearchAction","target":{"@type":"EntryPoint","urlTemplate":"https:\/\/noticiasemdestaque.com\/cd\/?s={search_term_string}"},"query-input":{"@type":"PropertyValueSpecification","valueRequired":true,"valueName":"search_term_string"}}],"inLanguage":"pt-BR"},{"@type":"Organization","@id":"https:\/\/noticiasemdestaque.com\/cd\/#organization","name":"Not\u00edcias em Destaque","url":"https:\/\/noticiasemdestaque.com\/cd\/","logo":{"@type":"ImageObject","inLanguage":"pt-BR","@id":"https:\/\/noticiasemdestaque.com\/cd\/#\/schema\/logo\/image\/","url":"https:\/\/noticiasemdestaque.com\/cd\/wp-content\/uploads\/2022\/05\/imagem-base-noticiasemdestaque.png","contentUrl":"https:\/\/noticiasemdestaque.com\/cd\/wp-content\/uploads\/2022\/05\/imagem-base-noticiasemdestaque.png","width":1200,"height":630,"caption":"Not\u00edcias em Destaque"},"image":{"@id":"https:\/\/noticiasemdestaque.com\/cd\/#\/schema\/logo\/image\/"}},{"@type":"Person","@id":"https:\/\/noticiasemdestaque.com\/cd\/#\/schema\/person\/21320b03a7e8bb90128938dafc9b908a","name":"Not\u00edcias em Destaque","url":"https:\/\/noticiasemdestaque.com\/cd\/?author=2"}]}},"jetpack_featured_media_url":"https:\/\/noticiasemdestaque.com\/cd\/wp-content\/uploads\/2017\/10\/link-gas-balanco.jpg","jetpack_sharing_enabled":true,"_links":{"self":[{"href":"https:\/\/noticiasemdestaque.com\/cd\/index.php?rest_route=\/wp\/v2\/posts\/5099","targetHints":{"allow":["GET"]}}],"collection":[{"href":"https:\/\/noticiasemdestaque.com\/cd\/index.php?rest_route=\/wp\/v2\/posts"}],"about":[{"href":"https:\/\/noticiasemdestaque.com\/cd\/index.php?rest_route=\/wp\/v2\/types\/post"}],"author":[{"embeddable":true,"href":"https:\/\/noticiasemdestaque.com\/cd\/index.php?rest_route=\/wp\/v2\/users\/2"}],"replies":[{"embeddable":true,"href":"https:\/\/noticiasemdestaque.com\/cd\/index.php?rest_route=%2Fwp%2Fv2%2Fcomments&post=5099"}],"version-history":[{"count":1,"href":"https:\/\/noticiasemdestaque.com\/cd\/index.php?rest_route=\/wp\/v2\/posts\/5099\/revisions"}],"predecessor-version":[{"id":5101,"href":"https:\/\/noticiasemdestaque.com\/cd\/index.php?rest_route=\/wp\/v2\/posts\/5099\/revisions\/5101"}],"wp:featuredmedia":[{"embeddable":true,"href":"https:\/\/noticiasemdestaque.com\/cd\/index.php?rest_route=\/wp\/v2\/media\/5100"}],"wp:attachment":[{"href":"https:\/\/noticiasemdestaque.com\/cd\/index.php?rest_route=%2Fwp%2Fv2%2Fmedia&parent=5099"}],"wp:term":[{"taxonomy":"category","embeddable":true,"href":"https:\/\/noticiasemdestaque.com\/cd\/index.php?rest_route=%2Fwp%2Fv2%2Fcategories&post=5099"},{"taxonomy":"post_tag","embeddable":true,"href":"https:\/\/noticiasemdestaque.com\/cd\/index.php?rest_route=%2Fwp%2Fv2%2Ftags&post=5099"}],"curies":[{"name":"wp","href":"https:\/\/api.w.org\/{rel}","templated":true}]}}