{"id":50871,"date":"2023-08-18T08:43:33","date_gmt":"2023-08-18T11:43:33","guid":{"rendered":"https:\/\/noticiasemdestaque.com\/cd\/?p=50871"},"modified":"2023-08-18T08:43:33","modified_gmt":"2023-08-18T11:43:33","slug":"prefeitura-de-ouro-velho-inaugura-praca-no-conjunto-habitacional-poeta-tadeu-cassiano","status":"publish","type":"post","link":"https:\/\/noticiasemdestaque.com\/cd\/?p=50871","title":{"rendered":"Prefeitura de Ouro Velho inaugura pra\u00e7a no conjunto habitacional Poeta Tadeu Cassiano"},"content":{"rendered":"<p><a href=\"https:\/\/noticiasemdestaque.com\/cd\/wp-content\/uploads\/2023\/08\/IMG_7288.webp\"><img decoding=\"async\" class=\"size-medium wp-image-50872 aligncenter\" src=\"https:\/\/noticiasemdestaque.com\/cd\/wp-content\/uploads\/2023\/08\/IMG_7288-300x150.webp\" alt=\"\" width=\"300\" height=\"150\" srcset=\"https:\/\/noticiasemdestaque.com\/cd\/wp-content\/uploads\/2023\/08\/IMG_7288-300x150.webp 300w, https:\/\/noticiasemdestaque.com\/cd\/wp-content\/uploads\/2023\/08\/IMG_7288-768x384.webp 768w, https:\/\/noticiasemdestaque.com\/cd\/wp-content\/uploads\/2023\/08\/IMG_7288-18x9.webp 18w, https:\/\/noticiasemdestaque.com\/cd\/wp-content\/uploads\/2023\/08\/IMG_7288.webp 800w\" sizes=\"(max-width: 300px) 100vw, 300px\" \/><\/a><\/p>\n<p>Na noite desta quinta-feira (17), a Prefeitura de Ouro Velho, na gest\u00e3o do prefeito Dr. Augusto Valadares, realizou a inaugura\u00e7\u00e3o da nova pra\u00e7a no conjunto habitacional \u201cPoeta Tadeu Cassiano\u201d. O evento contou com a presen\u00e7a do prefeito Dr. Augusto Valadares, do l\u00edder pol\u00edtico Dr. J\u00fanior, do vice-prefeito Paulo J\u00fanior, vereadores, secret\u00e1rios e demais auxiliares da gest\u00e3o municipal.<\/p>\n<p>A iniciativa refor\u00e7a o compromisso da administra\u00e7\u00e3o do prefeito Dr. Augusto Valadares em proporcionar espa\u00e7os p\u00fablicos de alta qualidade que promovam o conv\u00edvio social, o lazer e o bem-estar da popula\u00e7\u00e3o.<\/p>\n<p>O conjunto habitacional \u201cPoeta Tadeu Cassiano\u201d ganha um novo elemento de destaque, com um espa\u00e7o pensado para melhorar a qualidade de vida dos moradores. A pra\u00e7a n\u00e3o apenas embeleza o ambiente, mas tamb\u00e9m oferece um local para reuni\u00f5es familiares, atividades f\u00edsicas e momentos de descontra\u00e7\u00e3o.<\/p>\n<p>Durante a cerim\u00f4nia de inaugura\u00e7\u00e3o, o prefeito Dr. Augusto Valadares ressaltou a import\u00e2ncia dessa conquista para a cidade.<\/p>\n<p>\u201c\u00c9 com imensa alegria que entregamos mais essa obra \u00e0 nossa querida popula\u00e7\u00e3o de Ouro Velho. A nova pra\u00e7a no conjunto habitacional \u2018Poeta Tadeu Cassiano\u2019 representa mais um passo em dire\u00e7\u00e3o ao bem-estar dos nossos cidad\u00e3os, consolidando nosso compromisso com o desenvolvimento e a qualidade de vida em nossa cidade,\u201d afirmou o prefeito.<\/p>\n<p>&nbsp;<\/p>\n","protected":false},"excerpt":{"rendered":"<p>Na noite desta quinta-feira (17), a Prefeitura de Ouro Velho, na gest\u00e3o do prefeito Dr. Augusto Valadares, realizou a inaugura\u00e7\u00e3o da nova pra\u00e7a no conjunto habitacional \u201cPoeta Tadeu Cassiano\u201d. O evento contou com a presen\u00e7a do prefeito Dr. Augusto Valadares, do l\u00edder pol\u00edtico Dr. J\u00fanior, do vice-prefeito Paulo J\u00fanior, vereadores, secret\u00e1rios e demais auxiliares da gest\u00e3o municipal. A iniciativa refor\u00e7a o compromisso da administra\u00e7\u00e3o do prefeito Dr. Augusto Valadares em proporcionar espa\u00e7os p\u00fablicos de alta qualidade que promovam o conv\u00edvio social, o lazer e o bem-estar da popula\u00e7\u00e3o. O conjunto habitacional \u201cPoeta Tadeu Cassiano\u201d ganha um novo elemento de destaque, com um espa\u00e7o pensado para melhorar a qualidade de vida dos moradores. A pra\u00e7a n\u00e3o apenas embeleza o ambiente, mas tamb\u00e9m oferece um local para reuni\u00f5es familiares, atividades f\u00edsicas e momentos de descontra\u00e7\u00e3o. Durante a cerim\u00f4nia de inaugura\u00e7\u00e3o, o prefeito Dr. Augusto Valadares ressaltou a import\u00e2ncia dessa conquista para a cidade. \u201c\u00c9 com imensa alegria que entregamos mais essa obra \u00e0 nossa querida popula\u00e7\u00e3o de Ouro Velho. A nova pra\u00e7a no conjunto habitacional \u2018Poeta Tadeu Cassiano\u2019 representa mais um passo em dire\u00e7\u00e3o ao bem-estar dos nossos cidad\u00e3os, consolidando nosso compromisso com o desenvolvimento e a qualidade de vida em nossa cidade,\u201d afirmou o prefeito. &nbsp;<\/p>\n","protected":false},"author":2,"featured_media":50872,"comment_status":"closed","ping_status":"open","sticky":false,"template":"","format":"standard","meta":{"_eb_attr":"","_jetpack_memberships_contains_paid_content":false,"footnotes":""},"categories":[3],"tags":[],"class_list":["post-50871","post","type-post","status-publish","format-standard","has-post-thumbnail","hentry","category-cidades"],"yoast_head":"<!-- This site is optimized with the Yoast SEO plugin v26.5 - https:\/\/yoast.com\/wordpress\/plugins\/seo\/ -->\n<title>Prefeitura de Ouro Velho inaugura pra\u00e7a no conjunto habitacional Poeta Tadeu Cassiano - Not&iacute;cias em Destaque<\/title>\n<meta name=\"robots\" content=\"index, follow, max-snippet:-1, max-image-preview:large, max-video-preview:-1\" \/>\n<link rel=\"canonical\" href=\"https:\/\/noticiasemdestaque.com\/cd\/?p=50871\" \/>\n<meta property=\"og:locale\" content=\"pt_BR\" \/>\n<meta property=\"og:type\" content=\"article\" \/>\n<meta property=\"og:title\" content=\"Prefeitura de Ouro Velho inaugura pra\u00e7a no conjunto habitacional Poeta Tadeu Cassiano - Not&iacute;cias em Destaque\" \/>\n<meta property=\"og:description\" content=\"Na noite desta quinta-feira (17), a Prefeitura de Ouro Velho, na gest\u00e3o do prefeito Dr. Augusto Valadares, realizou a inaugura\u00e7\u00e3o da nova pra\u00e7a no conjunto habitacional \u201cPoeta Tadeu Cassiano\u201d. O evento contou com a presen\u00e7a do prefeito Dr. Augusto Valadares, do l\u00edder pol\u00edtico Dr. J\u00fanior, do vice-prefeito Paulo J\u00fanior, vereadores, secret\u00e1rios e demais auxiliares da gest\u00e3o municipal. A iniciativa refor\u00e7a o compromisso da administra\u00e7\u00e3o do prefeito Dr. Augusto Valadares em proporcionar espa\u00e7os p\u00fablicos de alta qualidade que promovam o conv\u00edvio social, o lazer e o bem-estar da popula\u00e7\u00e3o. O conjunto habitacional \u201cPoeta Tadeu Cassiano\u201d ganha um novo elemento de destaque, com um espa\u00e7o pensado para melhorar a qualidade de vida dos moradores. A pra\u00e7a n\u00e3o apenas embeleza o ambiente, mas tamb\u00e9m oferece um local para reuni\u00f5es familiares, atividades f\u00edsicas e momentos de descontra\u00e7\u00e3o. Durante a cerim\u00f4nia de inaugura\u00e7\u00e3o, o prefeito Dr. Augusto Valadares ressaltou a import\u00e2ncia dessa conquista para a cidade. \u201c\u00c9 com imensa alegria que entregamos mais essa obra \u00e0 nossa querida popula\u00e7\u00e3o de Ouro Velho. A nova pra\u00e7a no conjunto habitacional \u2018Poeta Tadeu Cassiano\u2019 representa mais um passo em dire\u00e7\u00e3o ao bem-estar dos nossos cidad\u00e3os, consolidando nosso compromisso com o desenvolvimento e a qualidade de vida em nossa cidade,\u201d afirmou o prefeito. &nbsp;\" \/>\n<meta property=\"og:url\" content=\"https:\/\/noticiasemdestaque.com\/cd\/?p=50871\" \/>\n<meta property=\"og:site_name\" content=\"Not&iacute;cias em Destaque\" \/>\n<meta property=\"article:published_time\" content=\"2023-08-18T11:43:33+00:00\" \/>\n<meta property=\"og:image\" content=\"https:\/\/noticiasemdestaque.com\/cd\/wp-content\/uploads\/2023\/08\/IMG_7288.webp\" \/>\n\t<meta property=\"og:image:width\" content=\"800\" \/>\n\t<meta property=\"og:image:height\" content=\"400\" \/>\n\t<meta property=\"og:image:type\" content=\"image\/webp\" \/>\n<meta name=\"author\" content=\"Not\u00edcias em Destaque\" \/>\n<meta name=\"twitter:card\" content=\"summary_large_image\" \/>\n<meta name=\"twitter:label1\" content=\"Escrito por\" \/>\n\t<meta name=\"twitter:data1\" content=\"Not\u00edcias em Destaque\" \/>\n\t<meta name=\"twitter:label2\" content=\"Est. tempo de leitura\" \/>\n\t<meta name=\"twitter:data2\" content=\"2 minutos\" \/>\n<script type=\"application\/ld+json\" class=\"yoast-schema-graph\">{\"@context\":\"https:\/\/schema.org\",\"@graph\":[{\"@type\":\"Article\",\"@id\":\"https:\/\/noticiasemdestaque.com\/cd\/?p=50871#article\",\"isPartOf\":{\"@id\":\"https:\/\/noticiasemdestaque.com\/cd\/?p=50871\"},\"author\":{\"name\":\"Not\u00edcias em Destaque\",\"@id\":\"https:\/\/noticiasemdestaque.com\/cd\/#\/schema\/person\/21320b03a7e8bb90128938dafc9b908a\"},\"headline\":\"Prefeitura de Ouro Velho inaugura pra\u00e7a no conjunto habitacional Poeta Tadeu Cassiano\",\"datePublished\":\"2023-08-18T11:43:33+00:00\",\"mainEntityOfPage\":{\"@id\":\"https:\/\/noticiasemdestaque.com\/cd\/?p=50871\"},\"wordCount\":245,\"publisher\":{\"@id\":\"https:\/\/noticiasemdestaque.com\/cd\/#organization\"},\"image\":{\"@id\":\"https:\/\/noticiasemdestaque.com\/cd\/?p=50871#primaryimage\"},\"thumbnailUrl\":\"https:\/\/noticiasemdestaque.com\/cd\/wp-content\/uploads\/2023\/08\/IMG_7288.webp\",\"articleSection\":[\"Cidades\"],\"inLanguage\":\"pt-BR\"},{\"@type\":\"WebPage\",\"@id\":\"https:\/\/noticiasemdestaque.com\/cd\/?p=50871\",\"url\":\"https:\/\/noticiasemdestaque.com\/cd\/?p=50871\",\"name\":\"Prefeitura de Ouro Velho inaugura pra\u00e7a no conjunto habitacional Poeta Tadeu Cassiano - Not&iacute;cias em Destaque\",\"isPartOf\":{\"@id\":\"https:\/\/noticiasemdestaque.com\/cd\/#website\"},\"primaryImageOfPage\":{\"@id\":\"https:\/\/noticiasemdestaque.com\/cd\/?p=50871#primaryimage\"},\"image\":{\"@id\":\"https:\/\/noticiasemdestaque.com\/cd\/?p=50871#primaryimage\"},\"thumbnailUrl\":\"https:\/\/noticiasemdestaque.com\/cd\/wp-content\/uploads\/2023\/08\/IMG_7288.webp\",\"datePublished\":\"2023-08-18T11:43:33+00:00\",\"breadcrumb\":{\"@id\":\"https:\/\/noticiasemdestaque.com\/cd\/?p=50871#breadcrumb\"},\"inLanguage\":\"pt-BR\",\"potentialAction\":[{\"@type\":\"ReadAction\",\"target\":[\"https:\/\/noticiasemdestaque.com\/cd\/?p=50871\"]}]},{\"@type\":\"ImageObject\",\"inLanguage\":\"pt-BR\",\"@id\":\"https:\/\/noticiasemdestaque.com\/cd\/?p=50871#primaryimage\",\"url\":\"https:\/\/noticiasemdestaque.com\/cd\/wp-content\/uploads\/2023\/08\/IMG_7288.webp\",\"contentUrl\":\"https:\/\/noticiasemdestaque.com\/cd\/wp-content\/uploads\/2023\/08\/IMG_7288.webp\",\"width\":800,\"height\":400},{\"@type\":\"BreadcrumbList\",\"@id\":\"https:\/\/noticiasemdestaque.com\/cd\/?p=50871#breadcrumb\",\"itemListElement\":[{\"@type\":\"ListItem\",\"position\":1,\"name\":\"In\u00edcio\",\"item\":\"https:\/\/noticiasemdestaque.com\/cd\/\"},{\"@type\":\"ListItem\",\"position\":2,\"name\":\"Prefeitura de Ouro Velho inaugura pra\u00e7a no conjunto habitacional Poeta Tadeu Cassiano\"}]},{\"@type\":\"WebSite\",\"@id\":\"https:\/\/noticiasemdestaque.com\/cd\/#website\",\"url\":\"https:\/\/noticiasemdestaque.com\/cd\/\",\"name\":\"Not&iacute;cias em Destaque\",\"description\":\"\",\"publisher\":{\"@id\":\"https:\/\/noticiasemdestaque.com\/cd\/#organization\"},\"potentialAction\":[{\"@type\":\"SearchAction\",\"target\":{\"@type\":\"EntryPoint\",\"urlTemplate\":\"https:\/\/noticiasemdestaque.com\/cd\/?s={search_term_string}\"},\"query-input\":{\"@type\":\"PropertyValueSpecification\",\"valueRequired\":true,\"valueName\":\"search_term_string\"}}],\"inLanguage\":\"pt-BR\"},{\"@type\":\"Organization\",\"@id\":\"https:\/\/noticiasemdestaque.com\/cd\/#organization\",\"name\":\"Not\u00edcias em Destaque\",\"url\":\"https:\/\/noticiasemdestaque.com\/cd\/\",\"logo\":{\"@type\":\"ImageObject\",\"inLanguage\":\"pt-BR\",\"@id\":\"https:\/\/noticiasemdestaque.com\/cd\/#\/schema\/logo\/image\/\",\"url\":\"https:\/\/noticiasemdestaque.com\/cd\/wp-content\/uploads\/2022\/05\/imagem-base-noticiasemdestaque.png\",\"contentUrl\":\"https:\/\/noticiasemdestaque.com\/cd\/wp-content\/uploads\/2022\/05\/imagem-base-noticiasemdestaque.png\",\"width\":1200,\"height\":630,\"caption\":\"Not\u00edcias em Destaque\"},\"image\":{\"@id\":\"https:\/\/noticiasemdestaque.com\/cd\/#\/schema\/logo\/image\/\"}},{\"@type\":\"Person\",\"@id\":\"https:\/\/noticiasemdestaque.com\/cd\/#\/schema\/person\/21320b03a7e8bb90128938dafc9b908a\",\"name\":\"Not\u00edcias em Destaque\",\"url\":\"https:\/\/noticiasemdestaque.com\/cd\/?author=2\"}]}<\/script>\n<!-- \/ Yoast SEO plugin. -->","yoast_head_json":{"title":"Prefeitura de Ouro Velho inaugura pra\u00e7a no conjunto habitacional Poeta Tadeu Cassiano - Not&iacute;cias em Destaque","robots":{"index":"index","follow":"follow","max-snippet":"max-snippet:-1","max-image-preview":"max-image-preview:large","max-video-preview":"max-video-preview:-1"},"canonical":"https:\/\/noticiasemdestaque.com\/cd\/?p=50871","og_locale":"pt_BR","og_type":"article","og_title":"Prefeitura de Ouro Velho inaugura pra\u00e7a no conjunto habitacional Poeta Tadeu Cassiano - Not&iacute;cias em Destaque","og_description":"Na noite desta quinta-feira (17), a Prefeitura de Ouro Velho, na gest\u00e3o do prefeito Dr. Augusto Valadares, realizou a inaugura\u00e7\u00e3o da nova pra\u00e7a no conjunto habitacional \u201cPoeta Tadeu Cassiano\u201d. O evento contou com a presen\u00e7a do prefeito Dr. Augusto Valadares, do l\u00edder pol\u00edtico Dr. J\u00fanior, do vice-prefeito Paulo J\u00fanior, vereadores, secret\u00e1rios e demais auxiliares da gest\u00e3o municipal. A iniciativa refor\u00e7a o compromisso da administra\u00e7\u00e3o do prefeito Dr. Augusto Valadares em proporcionar espa\u00e7os p\u00fablicos de alta qualidade que promovam o conv\u00edvio social, o lazer e o bem-estar da popula\u00e7\u00e3o. O conjunto habitacional \u201cPoeta Tadeu Cassiano\u201d ganha um novo elemento de destaque, com um espa\u00e7o pensado para melhorar a qualidade de vida dos moradores. A pra\u00e7a n\u00e3o apenas embeleza o ambiente, mas tamb\u00e9m oferece um local para reuni\u00f5es familiares, atividades f\u00edsicas e momentos de descontra\u00e7\u00e3o. Durante a cerim\u00f4nia de inaugura\u00e7\u00e3o, o prefeito Dr. Augusto Valadares ressaltou a import\u00e2ncia dessa conquista para a cidade. \u201c\u00c9 com imensa alegria que entregamos mais essa obra \u00e0 nossa querida popula\u00e7\u00e3o de Ouro Velho. A nova pra\u00e7a no conjunto habitacional \u2018Poeta Tadeu Cassiano\u2019 representa mais um passo em dire\u00e7\u00e3o ao bem-estar dos nossos cidad\u00e3os, consolidando nosso compromisso com o desenvolvimento e a qualidade de vida em nossa cidade,\u201d afirmou o prefeito. &nbsp;","og_url":"https:\/\/noticiasemdestaque.com\/cd\/?p=50871","og_site_name":"Not&iacute;cias em Destaque","article_published_time":"2023-08-18T11:43:33+00:00","og_image":[{"width":800,"height":400,"url":"https:\/\/noticiasemdestaque.com\/cd\/wp-content\/uploads\/2023\/08\/IMG_7288.webp","type":"image\/webp"}],"author":"Not\u00edcias em Destaque","twitter_card":"summary_large_image","twitter_misc":{"Escrito por":"Not\u00edcias em Destaque","Est. tempo de leitura":"2 minutos"},"schema":{"@context":"https:\/\/schema.org","@graph":[{"@type":"Article","@id":"https:\/\/noticiasemdestaque.com\/cd\/?p=50871#article","isPartOf":{"@id":"https:\/\/noticiasemdestaque.com\/cd\/?p=50871"},"author":{"name":"Not\u00edcias em Destaque","@id":"https:\/\/noticiasemdestaque.com\/cd\/#\/schema\/person\/21320b03a7e8bb90128938dafc9b908a"},"headline":"Prefeitura de Ouro Velho inaugura pra\u00e7a no conjunto habitacional Poeta Tadeu Cassiano","datePublished":"2023-08-18T11:43:33+00:00","mainEntityOfPage":{"@id":"https:\/\/noticiasemdestaque.com\/cd\/?p=50871"},"wordCount":245,"publisher":{"@id":"https:\/\/noticiasemdestaque.com\/cd\/#organization"},"image":{"@id":"https:\/\/noticiasemdestaque.com\/cd\/?p=50871#primaryimage"},"thumbnailUrl":"https:\/\/noticiasemdestaque.com\/cd\/wp-content\/uploads\/2023\/08\/IMG_7288.webp","articleSection":["Cidades"],"inLanguage":"pt-BR"},{"@type":"WebPage","@id":"https:\/\/noticiasemdestaque.com\/cd\/?p=50871","url":"https:\/\/noticiasemdestaque.com\/cd\/?p=50871","name":"Prefeitura de Ouro Velho inaugura pra\u00e7a no conjunto habitacional Poeta Tadeu Cassiano - Not&iacute;cias em Destaque","isPartOf":{"@id":"https:\/\/noticiasemdestaque.com\/cd\/#website"},"primaryImageOfPage":{"@id":"https:\/\/noticiasemdestaque.com\/cd\/?p=50871#primaryimage"},"image":{"@id":"https:\/\/noticiasemdestaque.com\/cd\/?p=50871#primaryimage"},"thumbnailUrl":"https:\/\/noticiasemdestaque.com\/cd\/wp-content\/uploads\/2023\/08\/IMG_7288.webp","datePublished":"2023-08-18T11:43:33+00:00","breadcrumb":{"@id":"https:\/\/noticiasemdestaque.com\/cd\/?p=50871#breadcrumb"},"inLanguage":"pt-BR","potentialAction":[{"@type":"ReadAction","target":["https:\/\/noticiasemdestaque.com\/cd\/?p=50871"]}]},{"@type":"ImageObject","inLanguage":"pt-BR","@id":"https:\/\/noticiasemdestaque.com\/cd\/?p=50871#primaryimage","url":"https:\/\/noticiasemdestaque.com\/cd\/wp-content\/uploads\/2023\/08\/IMG_7288.webp","contentUrl":"https:\/\/noticiasemdestaque.com\/cd\/wp-content\/uploads\/2023\/08\/IMG_7288.webp","width":800,"height":400},{"@type":"BreadcrumbList","@id":"https:\/\/noticiasemdestaque.com\/cd\/?p=50871#breadcrumb","itemListElement":[{"@type":"ListItem","position":1,"name":"In\u00edcio","item":"https:\/\/noticiasemdestaque.com\/cd\/"},{"@type":"ListItem","position":2,"name":"Prefeitura de Ouro Velho inaugura pra\u00e7a no conjunto habitacional Poeta Tadeu Cassiano"}]},{"@type":"WebSite","@id":"https:\/\/noticiasemdestaque.com\/cd\/#website","url":"https:\/\/noticiasemdestaque.com\/cd\/","name":"Not&iacute;cias em Destaque","description":"","publisher":{"@id":"https:\/\/noticiasemdestaque.com\/cd\/#organization"},"potentialAction":[{"@type":"SearchAction","target":{"@type":"EntryPoint","urlTemplate":"https:\/\/noticiasemdestaque.com\/cd\/?s={search_term_string}"},"query-input":{"@type":"PropertyValueSpecification","valueRequired":true,"valueName":"search_term_string"}}],"inLanguage":"pt-BR"},{"@type":"Organization","@id":"https:\/\/noticiasemdestaque.com\/cd\/#organization","name":"Not\u00edcias em Destaque","url":"https:\/\/noticiasemdestaque.com\/cd\/","logo":{"@type":"ImageObject","inLanguage":"pt-BR","@id":"https:\/\/noticiasemdestaque.com\/cd\/#\/schema\/logo\/image\/","url":"https:\/\/noticiasemdestaque.com\/cd\/wp-content\/uploads\/2022\/05\/imagem-base-noticiasemdestaque.png","contentUrl":"https:\/\/noticiasemdestaque.com\/cd\/wp-content\/uploads\/2022\/05\/imagem-base-noticiasemdestaque.png","width":1200,"height":630,"caption":"Not\u00edcias em Destaque"},"image":{"@id":"https:\/\/noticiasemdestaque.com\/cd\/#\/schema\/logo\/image\/"}},{"@type":"Person","@id":"https:\/\/noticiasemdestaque.com\/cd\/#\/schema\/person\/21320b03a7e8bb90128938dafc9b908a","name":"Not\u00edcias em Destaque","url":"https:\/\/noticiasemdestaque.com\/cd\/?author=2"}]}},"jetpack_featured_media_url":"https:\/\/noticiasemdestaque.com\/cd\/wp-content\/uploads\/2023\/08\/IMG_7288.webp","jetpack_sharing_enabled":true,"_links":{"self":[{"href":"https:\/\/noticiasemdestaque.com\/cd\/index.php?rest_route=\/wp\/v2\/posts\/50871","targetHints":{"allow":["GET"]}}],"collection":[{"href":"https:\/\/noticiasemdestaque.com\/cd\/index.php?rest_route=\/wp\/v2\/posts"}],"about":[{"href":"https:\/\/noticiasemdestaque.com\/cd\/index.php?rest_route=\/wp\/v2\/types\/post"}],"author":[{"embeddable":true,"href":"https:\/\/noticiasemdestaque.com\/cd\/index.php?rest_route=\/wp\/v2\/users\/2"}],"replies":[{"embeddable":true,"href":"https:\/\/noticiasemdestaque.com\/cd\/index.php?rest_route=%2Fwp%2Fv2%2Fcomments&post=50871"}],"version-history":[{"count":1,"href":"https:\/\/noticiasemdestaque.com\/cd\/index.php?rest_route=\/wp\/v2\/posts\/50871\/revisions"}],"predecessor-version":[{"id":50873,"href":"https:\/\/noticiasemdestaque.com\/cd\/index.php?rest_route=\/wp\/v2\/posts\/50871\/revisions\/50873"}],"wp:featuredmedia":[{"embeddable":true,"href":"https:\/\/noticiasemdestaque.com\/cd\/index.php?rest_route=\/wp\/v2\/media\/50872"}],"wp:attachment":[{"href":"https:\/\/noticiasemdestaque.com\/cd\/index.php?rest_route=%2Fwp%2Fv2%2Fmedia&parent=50871"}],"wp:term":[{"taxonomy":"category","embeddable":true,"href":"https:\/\/noticiasemdestaque.com\/cd\/index.php?rest_route=%2Fwp%2Fv2%2Fcategories&post=50871"},{"taxonomy":"post_tag","embeddable":true,"href":"https:\/\/noticiasemdestaque.com\/cd\/index.php?rest_route=%2Fwp%2Fv2%2Ftags&post=50871"}],"curies":[{"name":"wp","href":"https:\/\/api.w.org\/{rel}","templated":true}]}}