{"id":50862,"date":"2023-08-17T20:54:05","date_gmt":"2023-08-17T23:54:05","guid":{"rendered":"https:\/\/noticiasemdestaque.com\/cd\/?p=50862"},"modified":"2023-08-17T20:54:05","modified_gmt":"2023-08-17T23:54:05","slug":"dr-neto-confirma-que-deve-ser-candidato-a-prefeito-de-sume-em-2024","status":"publish","type":"post","link":"https:\/\/noticiasemdestaque.com\/cd\/?p=50862","title":{"rendered":"Dr. Neto confirma que deve ser candidato a prefeito de Sum\u00e9 em 2024"},"content":{"rendered":"<p><a href=\"https:\/\/noticiasemdestaque.com\/cd\/wp-content\/uploads\/2023\/08\/Sem-titulo.png\"><img fetchpriority=\"high\" decoding=\"async\" class=\"wp-image-50863 size-full aligncenter\" src=\"https:\/\/noticiasemdestaque.com\/cd\/wp-content\/uploads\/2023\/08\/Sem-titulo.png\" alt=\"\" width=\"501\" height=\"283\" srcset=\"https:\/\/noticiasemdestaque.com\/cd\/wp-content\/uploads\/2023\/08\/Sem-titulo.png 501w, https:\/\/noticiasemdestaque.com\/cd\/wp-content\/uploads\/2023\/08\/Sem-titulo-300x169.png 300w, https:\/\/noticiasemdestaque.com\/cd\/wp-content\/uploads\/2023\/08\/Sem-titulo-18x10.png 18w\" sizes=\"(max-width: 501px) 100vw, 501px\" \/><\/a><\/p>\n<p>O m\u00e9dico e ex-prefeito de Sum\u00e9, Dr. Neto, foi entrevistado nesta quinta-feira na 95fm. Na oportunidade, ele comentou declara\u00e7\u00f5es do deputado Romualdo Quirino, que afirmou que ele tinha defendido o fechamento do campus da UFCG em Sum\u00e9.<\/p>\n<p>Doutor Neto, que foi prefeito de Sum\u00e9 por cinco mandatos, afirmou que seu nome est\u00e1 \u00e0 disposi\u00e7\u00e3o do grupo para as elei\u00e7\u00f5es de 2024.<\/p>\n<p><iframe title=\"Dr. Neto confirma que deve ser candidato \u00e0 prefeito de Sum\u00e9 em 2024.\" width=\"800\" height=\"450\" src=\"https:\/\/www.youtube.com\/embed\/nP-IVm8KHCU?feature=oembed\" frameborder=\"0\" allow=\"accelerometer; autoplay; clipboard-write; encrypted-media; gyroscope; picture-in-picture; web-share\" referrerpolicy=\"strict-origin-when-cross-origin\" allowfullscreen><\/iframe><\/p>\n<p>Dr. Neto tamb\u00e9m rebateu o deputado Dr. Romualdo e afirma que nunca defendeu fechamento da UFCG. Em entrevista a 95fm, o m\u00e9dico e ex-prefeito, lembrou sua luta para a vinda do campus para Sum\u00e9 e afirmou que defende uma avalia\u00e7\u00e3o dos cursos ofertados, com objetivo de tornar a institui\u00e7\u00e3o mais atrativa.<\/p>\n<p><iframe title=\"Dr. Neto rebate Dr. Romualdo e afirma que nunca defendeu fechamento da UFCG\" width=\"800\" height=\"450\" src=\"https:\/\/www.youtube.com\/embed\/su0W440G1mo?feature=oembed\" frameborder=\"0\" allow=\"accelerometer; autoplay; clipboard-write; encrypted-media; gyroscope; picture-in-picture; web-share\" referrerpolicy=\"strict-origin-when-cross-origin\" allowfullscreen><\/iframe><\/p>\n<p>Ainda sobre as elei\u00e7\u00f5es de 2024, o ex-prefeito Dr. Neto, afirmou que Manezinho Louren\u00e7o \u00e9 seu amigo: \u201c\u00c9 um cara excelente\u201d<\/p>\n<p>Em entrevista a 95fm, o m\u00e9dico e ex-prefeito, comentou a rela\u00e7\u00e3o com o atual vice-prefeito Manezinho Louren\u00e7o. Os dois s\u00e3o cotados para disputar \u00e0 Prefeitura de Sum\u00e9 pelo grupo de situa\u00e7\u00e3o em 2024.<\/p>\n<p><iframe title=\"Elei\u00e7\u00f5es 2024: Dr. Neto afirma que Manezinho Louren\u00e7o \u00e9 seu amigo: \u201c\u00c9 um cara excelente\u201d\" width=\"800\" height=\"450\" src=\"https:\/\/www.youtube.com\/embed\/4gH8N0UVj8I?feature=oembed\" frameborder=\"0\" allow=\"accelerometer; autoplay; clipboard-write; encrypted-media; gyroscope; picture-in-picture; web-share\" referrerpolicy=\"strict-origin-when-cross-origin\" allowfullscreen><\/iframe><\/p>\n<p><em><strong>Not\u00edcias em Destaque<\/strong><\/em><\/p>\n<p>Com 95fm<\/p>\n","protected":false},"excerpt":{"rendered":"<p>O m\u00e9dico e ex-prefeito de Sum\u00e9, Dr. Neto, foi entrevistado nesta quinta-feira na 95fm. Na oportunidade, ele comentou declara\u00e7\u00f5es do deputado Romualdo Quirino, que afirmou que ele tinha defendido o fechamento do campus da UFCG em Sum\u00e9. Doutor Neto, que foi prefeito de Sum\u00e9 por cinco mandatos, afirmou que seu nome est\u00e1 \u00e0 disposi\u00e7\u00e3o do grupo para as elei\u00e7\u00f5es de 2024. Dr. Neto tamb\u00e9m rebateu o deputado Dr. Romualdo e afirma que nunca defendeu fechamento da UFCG. Em entrevista a 95fm, o m\u00e9dico e ex-prefeito, lembrou sua luta para a vinda do campus para Sum\u00e9 e afirmou que defende uma avalia\u00e7\u00e3o dos cursos ofertados, com objetivo de tornar a institui\u00e7\u00e3o mais atrativa. Ainda sobre as elei\u00e7\u00f5es de 2024, o ex-prefeito Dr. Neto, afirmou que Manezinho Louren\u00e7o \u00e9 seu amigo: \u201c\u00c9 um cara excelente\u201d Em entrevista a 95fm, o m\u00e9dico e ex-prefeito, comentou a rela\u00e7\u00e3o com o atual vice-prefeito Manezinho Louren\u00e7o. Os dois s\u00e3o cotados para disputar \u00e0 Prefeitura de Sum\u00e9 pelo grupo de situa\u00e7\u00e3o em 2024. Not\u00edcias em Destaque Com 95fm<\/p>\n","protected":false},"author":2,"featured_media":50863,"comment_status":"closed","ping_status":"open","sticky":false,"template":"","format":"standard","meta":{"_eb_attr":"","_jetpack_memberships_contains_paid_content":false,"footnotes":""},"categories":[4],"tags":[],"class_list":["post-50862","post","type-post","status-publish","format-standard","has-post-thumbnail","hentry","category-politica"],"yoast_head":"<!-- This site is optimized with the Yoast SEO plugin v26.5 - https:\/\/yoast.com\/wordpress\/plugins\/seo\/ -->\n<title>Dr. Neto confirma que deve ser candidato a prefeito de Sum\u00e9 em 2024 - Not&iacute;cias em Destaque<\/title>\n<meta name=\"robots\" content=\"index, follow, max-snippet:-1, max-image-preview:large, max-video-preview:-1\" \/>\n<link rel=\"canonical\" href=\"https:\/\/noticiasemdestaque.com\/cd\/?p=50862\" \/>\n<meta property=\"og:locale\" content=\"pt_BR\" \/>\n<meta property=\"og:type\" content=\"article\" \/>\n<meta property=\"og:title\" content=\"Dr. Neto confirma que deve ser candidato a prefeito de Sum\u00e9 em 2024 - Not&iacute;cias em Destaque\" \/>\n<meta property=\"og:description\" content=\"O m\u00e9dico e ex-prefeito de Sum\u00e9, Dr. Neto, foi entrevistado nesta quinta-feira na 95fm. Na oportunidade, ele comentou declara\u00e7\u00f5es do deputado Romualdo Quirino, que afirmou que ele tinha defendido o fechamento do campus da UFCG em Sum\u00e9. Doutor Neto, que foi prefeito de Sum\u00e9 por cinco mandatos, afirmou que seu nome est\u00e1 \u00e0 disposi\u00e7\u00e3o do grupo para as elei\u00e7\u00f5es de 2024. Dr. Neto tamb\u00e9m rebateu o deputado Dr. Romualdo e afirma que nunca defendeu fechamento da UFCG. Em entrevista a 95fm, o m\u00e9dico e ex-prefeito, lembrou sua luta para a vinda do campus para Sum\u00e9 e afirmou que defende uma avalia\u00e7\u00e3o dos cursos ofertados, com objetivo de tornar a institui\u00e7\u00e3o mais atrativa. Ainda sobre as elei\u00e7\u00f5es de 2024, o ex-prefeito Dr. Neto, afirmou que Manezinho Louren\u00e7o \u00e9 seu amigo: \u201c\u00c9 um cara excelente\u201d Em entrevista a 95fm, o m\u00e9dico e ex-prefeito, comentou a rela\u00e7\u00e3o com o atual vice-prefeito Manezinho Louren\u00e7o. Os dois s\u00e3o cotados para disputar \u00e0 Prefeitura de Sum\u00e9 pelo grupo de situa\u00e7\u00e3o em 2024. Not\u00edcias em Destaque Com 95fm\" \/>\n<meta property=\"og:url\" content=\"https:\/\/noticiasemdestaque.com\/cd\/?p=50862\" \/>\n<meta property=\"og:site_name\" content=\"Not&iacute;cias em Destaque\" \/>\n<meta property=\"article:published_time\" content=\"2023-08-17T23:54:05+00:00\" \/>\n<meta property=\"og:image\" content=\"https:\/\/noticiasemdestaque.com\/cd\/wp-content\/uploads\/2023\/08\/Sem-titulo.png\" \/>\n\t<meta property=\"og:image:width\" content=\"501\" \/>\n\t<meta property=\"og:image:height\" content=\"283\" \/>\n\t<meta property=\"og:image:type\" content=\"image\/png\" \/>\n<meta name=\"author\" content=\"Not\u00edcias em Destaque\" \/>\n<meta name=\"twitter:card\" content=\"summary_large_image\" \/>\n<meta name=\"twitter:label1\" content=\"Escrito por\" \/>\n\t<meta name=\"twitter:data1\" content=\"Not\u00edcias em Destaque\" \/>\n\t<meta name=\"twitter:label2\" content=\"Est. tempo de leitura\" \/>\n\t<meta name=\"twitter:data2\" content=\"2 minutos\" \/>\n<script type=\"application\/ld+json\" class=\"yoast-schema-graph\">{\"@context\":\"https:\/\/schema.org\",\"@graph\":[{\"@type\":\"Article\",\"@id\":\"https:\/\/noticiasemdestaque.com\/cd\/?p=50862#article\",\"isPartOf\":{\"@id\":\"https:\/\/noticiasemdestaque.com\/cd\/?p=50862\"},\"author\":{\"name\":\"Not\u00edcias em Destaque\",\"@id\":\"https:\/\/noticiasemdestaque.com\/cd\/#\/schema\/person\/21320b03a7e8bb90128938dafc9b908a\"},\"headline\":\"Dr. Neto confirma que deve ser candidato a prefeito de Sum\u00e9 em 2024\",\"datePublished\":\"2023-08-17T23:54:05+00:00\",\"mainEntityOfPage\":{\"@id\":\"https:\/\/noticiasemdestaque.com\/cd\/?p=50862\"},\"wordCount\":211,\"publisher\":{\"@id\":\"https:\/\/noticiasemdestaque.com\/cd\/#organization\"},\"image\":{\"@id\":\"https:\/\/noticiasemdestaque.com\/cd\/?p=50862#primaryimage\"},\"thumbnailUrl\":\"https:\/\/noticiasemdestaque.com\/cd\/wp-content\/uploads\/2023\/08\/Sem-titulo.png\",\"articleSection\":[\"Pol\u00edtica\"],\"inLanguage\":\"pt-BR\"},{\"@type\":\"WebPage\",\"@id\":\"https:\/\/noticiasemdestaque.com\/cd\/?p=50862\",\"url\":\"https:\/\/noticiasemdestaque.com\/cd\/?p=50862\",\"name\":\"Dr. Neto confirma que deve ser candidato a prefeito de Sum\u00e9 em 2024 - Not&iacute;cias em Destaque\",\"isPartOf\":{\"@id\":\"https:\/\/noticiasemdestaque.com\/cd\/#website\"},\"primaryImageOfPage\":{\"@id\":\"https:\/\/noticiasemdestaque.com\/cd\/?p=50862#primaryimage\"},\"image\":{\"@id\":\"https:\/\/noticiasemdestaque.com\/cd\/?p=50862#primaryimage\"},\"thumbnailUrl\":\"https:\/\/noticiasemdestaque.com\/cd\/wp-content\/uploads\/2023\/08\/Sem-titulo.png\",\"datePublished\":\"2023-08-17T23:54:05+00:00\",\"breadcrumb\":{\"@id\":\"https:\/\/noticiasemdestaque.com\/cd\/?p=50862#breadcrumb\"},\"inLanguage\":\"pt-BR\",\"potentialAction\":[{\"@type\":\"ReadAction\",\"target\":[\"https:\/\/noticiasemdestaque.com\/cd\/?p=50862\"]}]},{\"@type\":\"ImageObject\",\"inLanguage\":\"pt-BR\",\"@id\":\"https:\/\/noticiasemdestaque.com\/cd\/?p=50862#primaryimage\",\"url\":\"https:\/\/noticiasemdestaque.com\/cd\/wp-content\/uploads\/2023\/08\/Sem-titulo.png\",\"contentUrl\":\"https:\/\/noticiasemdestaque.com\/cd\/wp-content\/uploads\/2023\/08\/Sem-titulo.png\",\"width\":501,\"height\":283},{\"@type\":\"BreadcrumbList\",\"@id\":\"https:\/\/noticiasemdestaque.com\/cd\/?p=50862#breadcrumb\",\"itemListElement\":[{\"@type\":\"ListItem\",\"position\":1,\"name\":\"In\u00edcio\",\"item\":\"https:\/\/noticiasemdestaque.com\/cd\/\"},{\"@type\":\"ListItem\",\"position\":2,\"name\":\"Dr. Neto confirma que deve ser candidato a prefeito de Sum\u00e9 em 2024\"}]},{\"@type\":\"WebSite\",\"@id\":\"https:\/\/noticiasemdestaque.com\/cd\/#website\",\"url\":\"https:\/\/noticiasemdestaque.com\/cd\/\",\"name\":\"Not&iacute;cias em Destaque\",\"description\":\"\",\"publisher\":{\"@id\":\"https:\/\/noticiasemdestaque.com\/cd\/#organization\"},\"potentialAction\":[{\"@type\":\"SearchAction\",\"target\":{\"@type\":\"EntryPoint\",\"urlTemplate\":\"https:\/\/noticiasemdestaque.com\/cd\/?s={search_term_string}\"},\"query-input\":{\"@type\":\"PropertyValueSpecification\",\"valueRequired\":true,\"valueName\":\"search_term_string\"}}],\"inLanguage\":\"pt-BR\"},{\"@type\":\"Organization\",\"@id\":\"https:\/\/noticiasemdestaque.com\/cd\/#organization\",\"name\":\"Not\u00edcias em Destaque\",\"url\":\"https:\/\/noticiasemdestaque.com\/cd\/\",\"logo\":{\"@type\":\"ImageObject\",\"inLanguage\":\"pt-BR\",\"@id\":\"https:\/\/noticiasemdestaque.com\/cd\/#\/schema\/logo\/image\/\",\"url\":\"https:\/\/noticiasemdestaque.com\/cd\/wp-content\/uploads\/2022\/05\/imagem-base-noticiasemdestaque.png\",\"contentUrl\":\"https:\/\/noticiasemdestaque.com\/cd\/wp-content\/uploads\/2022\/05\/imagem-base-noticiasemdestaque.png\",\"width\":1200,\"height\":630,\"caption\":\"Not\u00edcias em Destaque\"},\"image\":{\"@id\":\"https:\/\/noticiasemdestaque.com\/cd\/#\/schema\/logo\/image\/\"}},{\"@type\":\"Person\",\"@id\":\"https:\/\/noticiasemdestaque.com\/cd\/#\/schema\/person\/21320b03a7e8bb90128938dafc9b908a\",\"name\":\"Not\u00edcias em Destaque\",\"url\":\"https:\/\/noticiasemdestaque.com\/cd\/?author=2\"}]}<\/script>\n<!-- \/ Yoast SEO plugin. -->","yoast_head_json":{"title":"Dr. Neto confirma que deve ser candidato a prefeito de Sum\u00e9 em 2024 - Not&iacute;cias em Destaque","robots":{"index":"index","follow":"follow","max-snippet":"max-snippet:-1","max-image-preview":"max-image-preview:large","max-video-preview":"max-video-preview:-1"},"canonical":"https:\/\/noticiasemdestaque.com\/cd\/?p=50862","og_locale":"pt_BR","og_type":"article","og_title":"Dr. Neto confirma que deve ser candidato a prefeito de Sum\u00e9 em 2024 - Not&iacute;cias em Destaque","og_description":"O m\u00e9dico e ex-prefeito de Sum\u00e9, Dr. Neto, foi entrevistado nesta quinta-feira na 95fm. Na oportunidade, ele comentou declara\u00e7\u00f5es do deputado Romualdo Quirino, que afirmou que ele tinha defendido o fechamento do campus da UFCG em Sum\u00e9. Doutor Neto, que foi prefeito de Sum\u00e9 por cinco mandatos, afirmou que seu nome est\u00e1 \u00e0 disposi\u00e7\u00e3o do grupo para as elei\u00e7\u00f5es de 2024. Dr. Neto tamb\u00e9m rebateu o deputado Dr. Romualdo e afirma que nunca defendeu fechamento da UFCG. Em entrevista a 95fm, o m\u00e9dico e ex-prefeito, lembrou sua luta para a vinda do campus para Sum\u00e9 e afirmou que defende uma avalia\u00e7\u00e3o dos cursos ofertados, com objetivo de tornar a institui\u00e7\u00e3o mais atrativa. Ainda sobre as elei\u00e7\u00f5es de 2024, o ex-prefeito Dr. Neto, afirmou que Manezinho Louren\u00e7o \u00e9 seu amigo: \u201c\u00c9 um cara excelente\u201d Em entrevista a 95fm, o m\u00e9dico e ex-prefeito, comentou a rela\u00e7\u00e3o com o atual vice-prefeito Manezinho Louren\u00e7o. Os dois s\u00e3o cotados para disputar \u00e0 Prefeitura de Sum\u00e9 pelo grupo de situa\u00e7\u00e3o em 2024. Not\u00edcias em Destaque Com 95fm","og_url":"https:\/\/noticiasemdestaque.com\/cd\/?p=50862","og_site_name":"Not&iacute;cias em Destaque","article_published_time":"2023-08-17T23:54:05+00:00","og_image":[{"width":501,"height":283,"url":"https:\/\/noticiasemdestaque.com\/cd\/wp-content\/uploads\/2023\/08\/Sem-titulo.png","type":"image\/png"}],"author":"Not\u00edcias em Destaque","twitter_card":"summary_large_image","twitter_misc":{"Escrito por":"Not\u00edcias em Destaque","Est. tempo de leitura":"2 minutos"},"schema":{"@context":"https:\/\/schema.org","@graph":[{"@type":"Article","@id":"https:\/\/noticiasemdestaque.com\/cd\/?p=50862#article","isPartOf":{"@id":"https:\/\/noticiasemdestaque.com\/cd\/?p=50862"},"author":{"name":"Not\u00edcias em Destaque","@id":"https:\/\/noticiasemdestaque.com\/cd\/#\/schema\/person\/21320b03a7e8bb90128938dafc9b908a"},"headline":"Dr. Neto confirma que deve ser candidato a prefeito de Sum\u00e9 em 2024","datePublished":"2023-08-17T23:54:05+00:00","mainEntityOfPage":{"@id":"https:\/\/noticiasemdestaque.com\/cd\/?p=50862"},"wordCount":211,"publisher":{"@id":"https:\/\/noticiasemdestaque.com\/cd\/#organization"},"image":{"@id":"https:\/\/noticiasemdestaque.com\/cd\/?p=50862#primaryimage"},"thumbnailUrl":"https:\/\/noticiasemdestaque.com\/cd\/wp-content\/uploads\/2023\/08\/Sem-titulo.png","articleSection":["Pol\u00edtica"],"inLanguage":"pt-BR"},{"@type":"WebPage","@id":"https:\/\/noticiasemdestaque.com\/cd\/?p=50862","url":"https:\/\/noticiasemdestaque.com\/cd\/?p=50862","name":"Dr. Neto confirma que deve ser candidato a prefeito de Sum\u00e9 em 2024 - Not&iacute;cias em Destaque","isPartOf":{"@id":"https:\/\/noticiasemdestaque.com\/cd\/#website"},"primaryImageOfPage":{"@id":"https:\/\/noticiasemdestaque.com\/cd\/?p=50862#primaryimage"},"image":{"@id":"https:\/\/noticiasemdestaque.com\/cd\/?p=50862#primaryimage"},"thumbnailUrl":"https:\/\/noticiasemdestaque.com\/cd\/wp-content\/uploads\/2023\/08\/Sem-titulo.png","datePublished":"2023-08-17T23:54:05+00:00","breadcrumb":{"@id":"https:\/\/noticiasemdestaque.com\/cd\/?p=50862#breadcrumb"},"inLanguage":"pt-BR","potentialAction":[{"@type":"ReadAction","target":["https:\/\/noticiasemdestaque.com\/cd\/?p=50862"]}]},{"@type":"ImageObject","inLanguage":"pt-BR","@id":"https:\/\/noticiasemdestaque.com\/cd\/?p=50862#primaryimage","url":"https:\/\/noticiasemdestaque.com\/cd\/wp-content\/uploads\/2023\/08\/Sem-titulo.png","contentUrl":"https:\/\/noticiasemdestaque.com\/cd\/wp-content\/uploads\/2023\/08\/Sem-titulo.png","width":501,"height":283},{"@type":"BreadcrumbList","@id":"https:\/\/noticiasemdestaque.com\/cd\/?p=50862#breadcrumb","itemListElement":[{"@type":"ListItem","position":1,"name":"In\u00edcio","item":"https:\/\/noticiasemdestaque.com\/cd\/"},{"@type":"ListItem","position":2,"name":"Dr. Neto confirma que deve ser candidato a prefeito de Sum\u00e9 em 2024"}]},{"@type":"WebSite","@id":"https:\/\/noticiasemdestaque.com\/cd\/#website","url":"https:\/\/noticiasemdestaque.com\/cd\/","name":"Not&iacute;cias em Destaque","description":"","publisher":{"@id":"https:\/\/noticiasemdestaque.com\/cd\/#organization"},"potentialAction":[{"@type":"SearchAction","target":{"@type":"EntryPoint","urlTemplate":"https:\/\/noticiasemdestaque.com\/cd\/?s={search_term_string}"},"query-input":{"@type":"PropertyValueSpecification","valueRequired":true,"valueName":"search_term_string"}}],"inLanguage":"pt-BR"},{"@type":"Organization","@id":"https:\/\/noticiasemdestaque.com\/cd\/#organization","name":"Not\u00edcias em Destaque","url":"https:\/\/noticiasemdestaque.com\/cd\/","logo":{"@type":"ImageObject","inLanguage":"pt-BR","@id":"https:\/\/noticiasemdestaque.com\/cd\/#\/schema\/logo\/image\/","url":"https:\/\/noticiasemdestaque.com\/cd\/wp-content\/uploads\/2022\/05\/imagem-base-noticiasemdestaque.png","contentUrl":"https:\/\/noticiasemdestaque.com\/cd\/wp-content\/uploads\/2022\/05\/imagem-base-noticiasemdestaque.png","width":1200,"height":630,"caption":"Not\u00edcias em Destaque"},"image":{"@id":"https:\/\/noticiasemdestaque.com\/cd\/#\/schema\/logo\/image\/"}},{"@type":"Person","@id":"https:\/\/noticiasemdestaque.com\/cd\/#\/schema\/person\/21320b03a7e8bb90128938dafc9b908a","name":"Not\u00edcias em Destaque","url":"https:\/\/noticiasemdestaque.com\/cd\/?author=2"}]}},"jetpack_featured_media_url":"https:\/\/noticiasemdestaque.com\/cd\/wp-content\/uploads\/2023\/08\/Sem-titulo.png","jetpack_sharing_enabled":true,"_links":{"self":[{"href":"https:\/\/noticiasemdestaque.com\/cd\/index.php?rest_route=\/wp\/v2\/posts\/50862","targetHints":{"allow":["GET"]}}],"collection":[{"href":"https:\/\/noticiasemdestaque.com\/cd\/index.php?rest_route=\/wp\/v2\/posts"}],"about":[{"href":"https:\/\/noticiasemdestaque.com\/cd\/index.php?rest_route=\/wp\/v2\/types\/post"}],"author":[{"embeddable":true,"href":"https:\/\/noticiasemdestaque.com\/cd\/index.php?rest_route=\/wp\/v2\/users\/2"}],"replies":[{"embeddable":true,"href":"https:\/\/noticiasemdestaque.com\/cd\/index.php?rest_route=%2Fwp%2Fv2%2Fcomments&post=50862"}],"version-history":[{"count":1,"href":"https:\/\/noticiasemdestaque.com\/cd\/index.php?rest_route=\/wp\/v2\/posts\/50862\/revisions"}],"predecessor-version":[{"id":50864,"href":"https:\/\/noticiasemdestaque.com\/cd\/index.php?rest_route=\/wp\/v2\/posts\/50862\/revisions\/50864"}],"wp:featuredmedia":[{"embeddable":true,"href":"https:\/\/noticiasemdestaque.com\/cd\/index.php?rest_route=\/wp\/v2\/media\/50863"}],"wp:attachment":[{"href":"https:\/\/noticiasemdestaque.com\/cd\/index.php?rest_route=%2Fwp%2Fv2%2Fmedia&parent=50862"}],"wp:term":[{"taxonomy":"category","embeddable":true,"href":"https:\/\/noticiasemdestaque.com\/cd\/index.php?rest_route=%2Fwp%2Fv2%2Fcategories&post=50862"},{"taxonomy":"post_tag","embeddable":true,"href":"https:\/\/noticiasemdestaque.com\/cd\/index.php?rest_route=%2Fwp%2Fv2%2Ftags&post=50862"}],"curies":[{"name":"wp","href":"https:\/\/api.w.org\/{rel}","templated":true}]}}