{"id":50858,"date":"2023-08-17T18:20:47","date_gmt":"2023-08-17T21:20:47","guid":{"rendered":"https:\/\/noticiasemdestaque.com\/cd\/?p=50858"},"modified":"2023-08-17T18:20:47","modified_gmt":"2023-08-17T21:20:47","slug":"produtores-organicos-de-sume-recebem-certificacoes","status":"publish","type":"post","link":"https:\/\/noticiasemdestaque.com\/cd\/?p=50858","title":{"rendered":"Produtores org\u00e2nicos de Sum\u00e9 recebem certifica\u00e7\u00f5es"},"content":{"rendered":"<p><a href=\"https:\/\/noticiasemdestaque.com\/cd\/wp-content\/uploads\/2023\/08\/b4194c60-4c91-4694-9f31-f532dc6c93d4.jpg\"><img fetchpriority=\"high\" decoding=\"async\" class=\"wp-image-50860 aligncenter\" src=\"https:\/\/noticiasemdestaque.com\/cd\/wp-content\/uploads\/2023\/08\/b4194c60-4c91-4694-9f31-f532dc6c93d4-300x200.jpg\" alt=\"\" width=\"1679\" height=\"1119\" srcset=\"https:\/\/noticiasemdestaque.com\/cd\/wp-content\/uploads\/2023\/08\/b4194c60-4c91-4694-9f31-f532dc6c93d4-300x200.jpg 300w, https:\/\/noticiasemdestaque.com\/cd\/wp-content\/uploads\/2023\/08\/b4194c60-4c91-4694-9f31-f532dc6c93d4-768x511.jpg 768w, https:\/\/noticiasemdestaque.com\/cd\/wp-content\/uploads\/2023\/08\/b4194c60-4c91-4694-9f31-f532dc6c93d4-18x12.jpg 18w, https:\/\/noticiasemdestaque.com\/cd\/wp-content\/uploads\/2023\/08\/b4194c60-4c91-4694-9f31-f532dc6c93d4.jpg 1000w\" sizes=\"(max-width: 1679px) 100vw, 1679px\" \/><\/a><\/p>\n<p>Na \u00faltima segunda-feira, dia 14, foi realizada uma a\u00e7\u00e3o significativa para os produtores org\u00e2nicos do munic\u00edpio, que se dedicam a oferecer produtos livres de agrot\u00f3xicos na feira de Sum\u00e9. Eles receberam certifica\u00e7\u00f5es importantes do Minist\u00e9rio da Agricultura e Pecu\u00e1ria, da Superintend\u00eancia Federal do Estado e do N\u00facleo de Produ\u00e7\u00e3o Org\u00e2nica da Para\u00edba. S\u00e3o Declara\u00e7\u00e3o de Cadastro de Produtor Vinculado a OSC \u2013 Organiza\u00e7\u00e3o de Controle Social.<\/p>\n<p>A conquista not\u00e1vel \u00e9 o resultado de uma parceria entre a Associa\u00e7\u00e3o dos Produtores Familiares Agroecol\u00f3gicos do munic\u00edpio e a Prefeitura de Sum\u00e9. O evento ocorreu na Central de Abastecimento Oscar Severo, o cora\u00e7\u00e3o do mercado org\u00e2nico do munic\u00edpio.<\/p>\n<p>A cerim\u00f4nia celebrou o esfor\u00e7o conjunto de cerca de 13 agricultores, incluindo os membros da Associa\u00e7\u00e3o Agroecol\u00f3gica de Sum\u00e9 , que agora tem a Declara\u00e7\u00e3o de Cadastro de Produtor Vinculado a OCS. Essa declara\u00e7\u00e3o n\u00e3o s\u00f3 autoriza esses produtores a cultivar e comercializar seus produtos sem agrot\u00f3xicos na feira org\u00e2nica, como tamb\u00e9m fortalece a confian\u00e7a e a credibilidade do processo de vendas.<\/p>\n<p>Z\u00e9 Maria, presidente da associa\u00e7\u00e3o, ressaltou a import\u00e2ncia deste momento para a aumentar o poder dos produtores, que ter\u00e3o mais confian\u00e7a e respaldo durante a sua jornada de trabalho.<\/p>\n<p>Dentre os presentes no evento, estavam: Gian Braz, Secret\u00e1rio de Obras e Servi\u00e7os Urbanos e da Agricultura e Meio Ambiente, representando o prefeito \u00c9den Duarte; Nilson Brito, diretor do Mercado Municipal de feira livre, Renato Albuquerque, representante do Sebrae Para\u00edba, Elaine Andrade, gerente da Casa da Economia Solid\u00e1ria de Sum\u00e9, Daniel L\u00eala, Presidente do Legislativo sumeense e Jonildo Cavalcanti e Frutuoso Severo, representantes da Empaer.<\/p>\n<p>A ocasi\u00e3o tamb\u00e9m contemplou a distribui\u00e7\u00e3o de mudas de plantas e composto org\u00e2nico aos feirantes, orquestrada pela equipe do PASCAR \u2013 Programa de A\u00e7\u00f5es Sustent\u00e1veis do Cariri, do campus do CDSA\/UFCG.<\/p>\n<p>Para concluir o evento de forma memor\u00e1vel, um lanche foi oferecido aos presentes, seguido pelo sorteio de uma cesta repleta de produtos org\u00e2nicos aos clientes.<\/p>\n<p>Todos os presentes agradeceram a a\u00e7\u00e3o, que qualifica o compromisso com a sa\u00fade, a sustentabilidade e a comunidade, tra\u00e7ando um caminho mais verde para o futuro.<\/p>\n<p><strong>Noticias em Destaque<\/strong><\/p>\n<p style=\"text-align: right;\"><em>Fonte: Ascom\/PMS<\/em><\/p>\n","protected":false},"excerpt":{"rendered":"<p>Na \u00faltima segunda-feira, dia 14, foi realizada uma a\u00e7\u00e3o significativa para os produtores org\u00e2nicos do munic\u00edpio, que se dedicam a oferecer produtos livres de agrot\u00f3xicos na feira de Sum\u00e9. Eles receberam certifica\u00e7\u00f5es importantes do Minist\u00e9rio da Agricultura e Pecu\u00e1ria, da Superintend\u00eancia Federal do Estado e do N\u00facleo de Produ\u00e7\u00e3o Org\u00e2nica da Para\u00edba. S\u00e3o Declara\u00e7\u00e3o de Cadastro de Produtor Vinculado a OSC \u2013 Organiza\u00e7\u00e3o de Controle Social. A conquista not\u00e1vel \u00e9 o resultado de uma parceria entre a Associa\u00e7\u00e3o dos Produtores Familiares Agroecol\u00f3gicos do munic\u00edpio e a Prefeitura de Sum\u00e9. O evento ocorreu na Central de Abastecimento Oscar Severo, o cora\u00e7\u00e3o do mercado org\u00e2nico do munic\u00edpio. A cerim\u00f4nia celebrou o esfor\u00e7o conjunto de cerca de 13 agricultores, incluindo os membros da Associa\u00e7\u00e3o Agroecol\u00f3gica de Sum\u00e9 , que agora tem a Declara\u00e7\u00e3o de Cadastro de Produtor Vinculado a OCS. Essa declara\u00e7\u00e3o n\u00e3o s\u00f3 autoriza esses produtores a cultivar e comercializar seus produtos sem agrot\u00f3xicos na feira org\u00e2nica, como tamb\u00e9m fortalece a confian\u00e7a e a credibilidade do processo de vendas. Z\u00e9 Maria, presidente da associa\u00e7\u00e3o, ressaltou a import\u00e2ncia deste momento para a aumentar o poder dos produtores, que ter\u00e3o mais confian\u00e7a e respaldo durante a sua jornada de trabalho. Dentre os presentes no evento, estavam: Gian Braz, Secret\u00e1rio de Obras e Servi\u00e7os Urbanos e da Agricultura e Meio Ambiente, representando o prefeito \u00c9den Duarte; Nilson Brito, diretor do Mercado Municipal de feira livre, Renato Albuquerque, representante do Sebrae Para\u00edba, Elaine Andrade, gerente da Casa da Economia Solid\u00e1ria de Sum\u00e9, Daniel L\u00eala, Presidente do Legislativo sumeense e Jonildo Cavalcanti e Frutuoso Severo, representantes da Empaer. A ocasi\u00e3o tamb\u00e9m contemplou a distribui\u00e7\u00e3o de mudas de plantas e composto org\u00e2nico aos feirantes, orquestrada pela equipe do PASCAR \u2013 Programa de A\u00e7\u00f5es Sustent\u00e1veis do Cariri, do campus do CDSA\/UFCG. Para concluir o evento de forma memor\u00e1vel, um lanche foi oferecido aos presentes, seguido pelo sorteio de uma cesta repleta de produtos org\u00e2nicos aos clientes. Todos os presentes agradeceram a a\u00e7\u00e3o, que qualifica o compromisso com a sa\u00fade, a sustentabilidade e a comunidade, tra\u00e7ando um caminho mais verde para o futuro. Noticias em Destaque Fonte: Ascom\/PMS<\/p>\n","protected":false},"author":2,"featured_media":50860,"comment_status":"closed","ping_status":"open","sticky":false,"template":"","format":"standard","meta":{"_eb_attr":"","_jetpack_memberships_contains_paid_content":false,"footnotes":""},"categories":[3],"tags":[],"class_list":["post-50858","post","type-post","status-publish","format-standard","has-post-thumbnail","hentry","category-cidades"],"yoast_head":"<!-- This site is optimized with the Yoast SEO plugin v26.5 - https:\/\/yoast.com\/wordpress\/plugins\/seo\/ -->\n<title>Produtores org\u00e2nicos de Sum\u00e9 recebem certifica\u00e7\u00f5es - Not&iacute;cias em Destaque<\/title>\n<meta name=\"robots\" content=\"index, follow, max-snippet:-1, max-image-preview:large, max-video-preview:-1\" \/>\n<link rel=\"canonical\" href=\"https:\/\/noticiasemdestaque.com\/cd\/?p=50858\" \/>\n<meta property=\"og:locale\" content=\"pt_BR\" \/>\n<meta property=\"og:type\" content=\"article\" \/>\n<meta property=\"og:title\" content=\"Produtores org\u00e2nicos de Sum\u00e9 recebem certifica\u00e7\u00f5es - Not&iacute;cias em Destaque\" \/>\n<meta property=\"og:description\" content=\"Na \u00faltima segunda-feira, dia 14, foi realizada uma a\u00e7\u00e3o significativa para os produtores org\u00e2nicos do munic\u00edpio, que se dedicam a oferecer produtos livres de agrot\u00f3xicos na feira de Sum\u00e9. Eles receberam certifica\u00e7\u00f5es importantes do Minist\u00e9rio da Agricultura e Pecu\u00e1ria, da Superintend\u00eancia Federal do Estado e do N\u00facleo de Produ\u00e7\u00e3o Org\u00e2nica da Para\u00edba. S\u00e3o Declara\u00e7\u00e3o de Cadastro de Produtor Vinculado a OSC \u2013 Organiza\u00e7\u00e3o de Controle Social. A conquista not\u00e1vel \u00e9 o resultado de uma parceria entre a Associa\u00e7\u00e3o dos Produtores Familiares Agroecol\u00f3gicos do munic\u00edpio e a Prefeitura de Sum\u00e9. O evento ocorreu na Central de Abastecimento Oscar Severo, o cora\u00e7\u00e3o do mercado org\u00e2nico do munic\u00edpio. A cerim\u00f4nia celebrou o esfor\u00e7o conjunto de cerca de 13 agricultores, incluindo os membros da Associa\u00e7\u00e3o Agroecol\u00f3gica de Sum\u00e9 , que agora tem a Declara\u00e7\u00e3o de Cadastro de Produtor Vinculado a OCS. Essa declara\u00e7\u00e3o n\u00e3o s\u00f3 autoriza esses produtores a cultivar e comercializar seus produtos sem agrot\u00f3xicos na feira org\u00e2nica, como tamb\u00e9m fortalece a confian\u00e7a e a credibilidade do processo de vendas. Z\u00e9 Maria, presidente da associa\u00e7\u00e3o, ressaltou a import\u00e2ncia deste momento para a aumentar o poder dos produtores, que ter\u00e3o mais confian\u00e7a e respaldo durante a sua jornada de trabalho. Dentre os presentes no evento, estavam: Gian Braz, Secret\u00e1rio de Obras e Servi\u00e7os Urbanos e da Agricultura e Meio Ambiente, representando o prefeito \u00c9den Duarte; Nilson Brito, diretor do Mercado Municipal de feira livre, Renato Albuquerque, representante do Sebrae Para\u00edba, Elaine Andrade, gerente da Casa da Economia Solid\u00e1ria de Sum\u00e9, Daniel L\u00eala, Presidente do Legislativo sumeense e Jonildo Cavalcanti e Frutuoso Severo, representantes da Empaer. A ocasi\u00e3o tamb\u00e9m contemplou a distribui\u00e7\u00e3o de mudas de plantas e composto org\u00e2nico aos feirantes, orquestrada pela equipe do PASCAR \u2013 Programa de A\u00e7\u00f5es Sustent\u00e1veis do Cariri, do campus do CDSA\/UFCG. Para concluir o evento de forma memor\u00e1vel, um lanche foi oferecido aos presentes, seguido pelo sorteio de uma cesta repleta de produtos org\u00e2nicos aos clientes. Todos os presentes agradeceram a a\u00e7\u00e3o, que qualifica o compromisso com a sa\u00fade, a sustentabilidade e a comunidade, tra\u00e7ando um caminho mais verde para o futuro. Noticias em Destaque Fonte: Ascom\/PMS\" \/>\n<meta property=\"og:url\" content=\"https:\/\/noticiasemdestaque.com\/cd\/?p=50858\" \/>\n<meta property=\"og:site_name\" content=\"Not&iacute;cias em Destaque\" \/>\n<meta property=\"article:published_time\" content=\"2023-08-17T21:20:47+00:00\" \/>\n<meta property=\"og:image\" content=\"https:\/\/noticiasemdestaque.com\/cd\/wp-content\/uploads\/2023\/08\/b4194c60-4c91-4694-9f31-f532dc6c93d4.jpg\" \/>\n\t<meta property=\"og:image:width\" content=\"1000\" \/>\n\t<meta property=\"og:image:height\" content=\"665\" \/>\n\t<meta property=\"og:image:type\" content=\"image\/jpeg\" \/>\n<meta name=\"author\" content=\"Not\u00edcias em Destaque\" \/>\n<meta name=\"twitter:card\" content=\"summary_large_image\" \/>\n<meta name=\"twitter:label1\" content=\"Escrito por\" \/>\n\t<meta name=\"twitter:data1\" content=\"Not\u00edcias em Destaque\" \/>\n\t<meta name=\"twitter:label2\" content=\"Est. tempo de leitura\" \/>\n\t<meta name=\"twitter:data2\" content=\"3 minutos\" \/>\n<script type=\"application\/ld+json\" class=\"yoast-schema-graph\">{\"@context\":\"https:\/\/schema.org\",\"@graph\":[{\"@type\":\"Article\",\"@id\":\"https:\/\/noticiasemdestaque.com\/cd\/?p=50858#article\",\"isPartOf\":{\"@id\":\"https:\/\/noticiasemdestaque.com\/cd\/?p=50858\"},\"author\":{\"name\":\"Not\u00edcias em Destaque\",\"@id\":\"https:\/\/noticiasemdestaque.com\/cd\/#\/schema\/person\/21320b03a7e8bb90128938dafc9b908a\"},\"headline\":\"Produtores org\u00e2nicos de Sum\u00e9 recebem certifica\u00e7\u00f5es\",\"datePublished\":\"2023-08-17T21:20:47+00:00\",\"mainEntityOfPage\":{\"@id\":\"https:\/\/noticiasemdestaque.com\/cd\/?p=50858\"},\"wordCount\":405,\"publisher\":{\"@id\":\"https:\/\/noticiasemdestaque.com\/cd\/#organization\"},\"image\":{\"@id\":\"https:\/\/noticiasemdestaque.com\/cd\/?p=50858#primaryimage\"},\"thumbnailUrl\":\"https:\/\/noticiasemdestaque.com\/cd\/wp-content\/uploads\/2023\/08\/b4194c60-4c91-4694-9f31-f532dc6c93d4.jpg\",\"articleSection\":[\"Cidades\"],\"inLanguage\":\"pt-BR\"},{\"@type\":\"WebPage\",\"@id\":\"https:\/\/noticiasemdestaque.com\/cd\/?p=50858\",\"url\":\"https:\/\/noticiasemdestaque.com\/cd\/?p=50858\",\"name\":\"Produtores org\u00e2nicos de Sum\u00e9 recebem certifica\u00e7\u00f5es - Not&iacute;cias em Destaque\",\"isPartOf\":{\"@id\":\"https:\/\/noticiasemdestaque.com\/cd\/#website\"},\"primaryImageOfPage\":{\"@id\":\"https:\/\/noticiasemdestaque.com\/cd\/?p=50858#primaryimage\"},\"image\":{\"@id\":\"https:\/\/noticiasemdestaque.com\/cd\/?p=50858#primaryimage\"},\"thumbnailUrl\":\"https:\/\/noticiasemdestaque.com\/cd\/wp-content\/uploads\/2023\/08\/b4194c60-4c91-4694-9f31-f532dc6c93d4.jpg\",\"datePublished\":\"2023-08-17T21:20:47+00:00\",\"breadcrumb\":{\"@id\":\"https:\/\/noticiasemdestaque.com\/cd\/?p=50858#breadcrumb\"},\"inLanguage\":\"pt-BR\",\"potentialAction\":[{\"@type\":\"ReadAction\",\"target\":[\"https:\/\/noticiasemdestaque.com\/cd\/?p=50858\"]}]},{\"@type\":\"ImageObject\",\"inLanguage\":\"pt-BR\",\"@id\":\"https:\/\/noticiasemdestaque.com\/cd\/?p=50858#primaryimage\",\"url\":\"https:\/\/noticiasemdestaque.com\/cd\/wp-content\/uploads\/2023\/08\/b4194c60-4c91-4694-9f31-f532dc6c93d4.jpg\",\"contentUrl\":\"https:\/\/noticiasemdestaque.com\/cd\/wp-content\/uploads\/2023\/08\/b4194c60-4c91-4694-9f31-f532dc6c93d4.jpg\",\"width\":1000,\"height\":665},{\"@type\":\"BreadcrumbList\",\"@id\":\"https:\/\/noticiasemdestaque.com\/cd\/?p=50858#breadcrumb\",\"itemListElement\":[{\"@type\":\"ListItem\",\"position\":1,\"name\":\"In\u00edcio\",\"item\":\"https:\/\/noticiasemdestaque.com\/cd\/\"},{\"@type\":\"ListItem\",\"position\":2,\"name\":\"Produtores org\u00e2nicos de Sum\u00e9 recebem certifica\u00e7\u00f5es\"}]},{\"@type\":\"WebSite\",\"@id\":\"https:\/\/noticiasemdestaque.com\/cd\/#website\",\"url\":\"https:\/\/noticiasemdestaque.com\/cd\/\",\"name\":\"Not&iacute;cias em Destaque\",\"description\":\"\",\"publisher\":{\"@id\":\"https:\/\/noticiasemdestaque.com\/cd\/#organization\"},\"potentialAction\":[{\"@type\":\"SearchAction\",\"target\":{\"@type\":\"EntryPoint\",\"urlTemplate\":\"https:\/\/noticiasemdestaque.com\/cd\/?s={search_term_string}\"},\"query-input\":{\"@type\":\"PropertyValueSpecification\",\"valueRequired\":true,\"valueName\":\"search_term_string\"}}],\"inLanguage\":\"pt-BR\"},{\"@type\":\"Organization\",\"@id\":\"https:\/\/noticiasemdestaque.com\/cd\/#organization\",\"name\":\"Not\u00edcias em Destaque\",\"url\":\"https:\/\/noticiasemdestaque.com\/cd\/\",\"logo\":{\"@type\":\"ImageObject\",\"inLanguage\":\"pt-BR\",\"@id\":\"https:\/\/noticiasemdestaque.com\/cd\/#\/schema\/logo\/image\/\",\"url\":\"https:\/\/noticiasemdestaque.com\/cd\/wp-content\/uploads\/2022\/05\/imagem-base-noticiasemdestaque.png\",\"contentUrl\":\"https:\/\/noticiasemdestaque.com\/cd\/wp-content\/uploads\/2022\/05\/imagem-base-noticiasemdestaque.png\",\"width\":1200,\"height\":630,\"caption\":\"Not\u00edcias em Destaque\"},\"image\":{\"@id\":\"https:\/\/noticiasemdestaque.com\/cd\/#\/schema\/logo\/image\/\"}},{\"@type\":\"Person\",\"@id\":\"https:\/\/noticiasemdestaque.com\/cd\/#\/schema\/person\/21320b03a7e8bb90128938dafc9b908a\",\"name\":\"Not\u00edcias em Destaque\",\"url\":\"https:\/\/noticiasemdestaque.com\/cd\/?author=2\"}]}<\/script>\n<!-- \/ Yoast SEO plugin. -->","yoast_head_json":{"title":"Produtores org\u00e2nicos de Sum\u00e9 recebem certifica\u00e7\u00f5es - Not&iacute;cias em Destaque","robots":{"index":"index","follow":"follow","max-snippet":"max-snippet:-1","max-image-preview":"max-image-preview:large","max-video-preview":"max-video-preview:-1"},"canonical":"https:\/\/noticiasemdestaque.com\/cd\/?p=50858","og_locale":"pt_BR","og_type":"article","og_title":"Produtores org\u00e2nicos de Sum\u00e9 recebem certifica\u00e7\u00f5es - Not&iacute;cias em Destaque","og_description":"Na \u00faltima segunda-feira, dia 14, foi realizada uma a\u00e7\u00e3o significativa para os produtores org\u00e2nicos do munic\u00edpio, que se dedicam a oferecer produtos livres de agrot\u00f3xicos na feira de Sum\u00e9. Eles receberam certifica\u00e7\u00f5es importantes do Minist\u00e9rio da Agricultura e Pecu\u00e1ria, da Superintend\u00eancia Federal do Estado e do N\u00facleo de Produ\u00e7\u00e3o Org\u00e2nica da Para\u00edba. S\u00e3o Declara\u00e7\u00e3o de Cadastro de Produtor Vinculado a OSC \u2013 Organiza\u00e7\u00e3o de Controle Social. A conquista not\u00e1vel \u00e9 o resultado de uma parceria entre a Associa\u00e7\u00e3o dos Produtores Familiares Agroecol\u00f3gicos do munic\u00edpio e a Prefeitura de Sum\u00e9. O evento ocorreu na Central de Abastecimento Oscar Severo, o cora\u00e7\u00e3o do mercado org\u00e2nico do munic\u00edpio. A cerim\u00f4nia celebrou o esfor\u00e7o conjunto de cerca de 13 agricultores, incluindo os membros da Associa\u00e7\u00e3o Agroecol\u00f3gica de Sum\u00e9 , que agora tem a Declara\u00e7\u00e3o de Cadastro de Produtor Vinculado a OCS. Essa declara\u00e7\u00e3o n\u00e3o s\u00f3 autoriza esses produtores a cultivar e comercializar seus produtos sem agrot\u00f3xicos na feira org\u00e2nica, como tamb\u00e9m fortalece a confian\u00e7a e a credibilidade do processo de vendas. Z\u00e9 Maria, presidente da associa\u00e7\u00e3o, ressaltou a import\u00e2ncia deste momento para a aumentar o poder dos produtores, que ter\u00e3o mais confian\u00e7a e respaldo durante a sua jornada de trabalho. Dentre os presentes no evento, estavam: Gian Braz, Secret\u00e1rio de Obras e Servi\u00e7os Urbanos e da Agricultura e Meio Ambiente, representando o prefeito \u00c9den Duarte; Nilson Brito, diretor do Mercado Municipal de feira livre, Renato Albuquerque, representante do Sebrae Para\u00edba, Elaine Andrade, gerente da Casa da Economia Solid\u00e1ria de Sum\u00e9, Daniel L\u00eala, Presidente do Legislativo sumeense e Jonildo Cavalcanti e Frutuoso Severo, representantes da Empaer. A ocasi\u00e3o tamb\u00e9m contemplou a distribui\u00e7\u00e3o de mudas de plantas e composto org\u00e2nico aos feirantes, orquestrada pela equipe do PASCAR \u2013 Programa de A\u00e7\u00f5es Sustent\u00e1veis do Cariri, do campus do CDSA\/UFCG. Para concluir o evento de forma memor\u00e1vel, um lanche foi oferecido aos presentes, seguido pelo sorteio de uma cesta repleta de produtos org\u00e2nicos aos clientes. Todos os presentes agradeceram a a\u00e7\u00e3o, que qualifica o compromisso com a sa\u00fade, a sustentabilidade e a comunidade, tra\u00e7ando um caminho mais verde para o futuro. Noticias em Destaque Fonte: Ascom\/PMS","og_url":"https:\/\/noticiasemdestaque.com\/cd\/?p=50858","og_site_name":"Not&iacute;cias em Destaque","article_published_time":"2023-08-17T21:20:47+00:00","og_image":[{"width":1000,"height":665,"url":"https:\/\/noticiasemdestaque.com\/cd\/wp-content\/uploads\/2023\/08\/b4194c60-4c91-4694-9f31-f532dc6c93d4.jpg","type":"image\/jpeg"}],"author":"Not\u00edcias em Destaque","twitter_card":"summary_large_image","twitter_misc":{"Escrito por":"Not\u00edcias em Destaque","Est. tempo de leitura":"3 minutos"},"schema":{"@context":"https:\/\/schema.org","@graph":[{"@type":"Article","@id":"https:\/\/noticiasemdestaque.com\/cd\/?p=50858#article","isPartOf":{"@id":"https:\/\/noticiasemdestaque.com\/cd\/?p=50858"},"author":{"name":"Not\u00edcias em Destaque","@id":"https:\/\/noticiasemdestaque.com\/cd\/#\/schema\/person\/21320b03a7e8bb90128938dafc9b908a"},"headline":"Produtores org\u00e2nicos de Sum\u00e9 recebem certifica\u00e7\u00f5es","datePublished":"2023-08-17T21:20:47+00:00","mainEntityOfPage":{"@id":"https:\/\/noticiasemdestaque.com\/cd\/?p=50858"},"wordCount":405,"publisher":{"@id":"https:\/\/noticiasemdestaque.com\/cd\/#organization"},"image":{"@id":"https:\/\/noticiasemdestaque.com\/cd\/?p=50858#primaryimage"},"thumbnailUrl":"https:\/\/noticiasemdestaque.com\/cd\/wp-content\/uploads\/2023\/08\/b4194c60-4c91-4694-9f31-f532dc6c93d4.jpg","articleSection":["Cidades"],"inLanguage":"pt-BR"},{"@type":"WebPage","@id":"https:\/\/noticiasemdestaque.com\/cd\/?p=50858","url":"https:\/\/noticiasemdestaque.com\/cd\/?p=50858","name":"Produtores org\u00e2nicos de Sum\u00e9 recebem certifica\u00e7\u00f5es - Not&iacute;cias em Destaque","isPartOf":{"@id":"https:\/\/noticiasemdestaque.com\/cd\/#website"},"primaryImageOfPage":{"@id":"https:\/\/noticiasemdestaque.com\/cd\/?p=50858#primaryimage"},"image":{"@id":"https:\/\/noticiasemdestaque.com\/cd\/?p=50858#primaryimage"},"thumbnailUrl":"https:\/\/noticiasemdestaque.com\/cd\/wp-content\/uploads\/2023\/08\/b4194c60-4c91-4694-9f31-f532dc6c93d4.jpg","datePublished":"2023-08-17T21:20:47+00:00","breadcrumb":{"@id":"https:\/\/noticiasemdestaque.com\/cd\/?p=50858#breadcrumb"},"inLanguage":"pt-BR","potentialAction":[{"@type":"ReadAction","target":["https:\/\/noticiasemdestaque.com\/cd\/?p=50858"]}]},{"@type":"ImageObject","inLanguage":"pt-BR","@id":"https:\/\/noticiasemdestaque.com\/cd\/?p=50858#primaryimage","url":"https:\/\/noticiasemdestaque.com\/cd\/wp-content\/uploads\/2023\/08\/b4194c60-4c91-4694-9f31-f532dc6c93d4.jpg","contentUrl":"https:\/\/noticiasemdestaque.com\/cd\/wp-content\/uploads\/2023\/08\/b4194c60-4c91-4694-9f31-f532dc6c93d4.jpg","width":1000,"height":665},{"@type":"BreadcrumbList","@id":"https:\/\/noticiasemdestaque.com\/cd\/?p=50858#breadcrumb","itemListElement":[{"@type":"ListItem","position":1,"name":"In\u00edcio","item":"https:\/\/noticiasemdestaque.com\/cd\/"},{"@type":"ListItem","position":2,"name":"Produtores org\u00e2nicos de Sum\u00e9 recebem certifica\u00e7\u00f5es"}]},{"@type":"WebSite","@id":"https:\/\/noticiasemdestaque.com\/cd\/#website","url":"https:\/\/noticiasemdestaque.com\/cd\/","name":"Not&iacute;cias em Destaque","description":"","publisher":{"@id":"https:\/\/noticiasemdestaque.com\/cd\/#organization"},"potentialAction":[{"@type":"SearchAction","target":{"@type":"EntryPoint","urlTemplate":"https:\/\/noticiasemdestaque.com\/cd\/?s={search_term_string}"},"query-input":{"@type":"PropertyValueSpecification","valueRequired":true,"valueName":"search_term_string"}}],"inLanguage":"pt-BR"},{"@type":"Organization","@id":"https:\/\/noticiasemdestaque.com\/cd\/#organization","name":"Not\u00edcias em Destaque","url":"https:\/\/noticiasemdestaque.com\/cd\/","logo":{"@type":"ImageObject","inLanguage":"pt-BR","@id":"https:\/\/noticiasemdestaque.com\/cd\/#\/schema\/logo\/image\/","url":"https:\/\/noticiasemdestaque.com\/cd\/wp-content\/uploads\/2022\/05\/imagem-base-noticiasemdestaque.png","contentUrl":"https:\/\/noticiasemdestaque.com\/cd\/wp-content\/uploads\/2022\/05\/imagem-base-noticiasemdestaque.png","width":1200,"height":630,"caption":"Not\u00edcias em Destaque"},"image":{"@id":"https:\/\/noticiasemdestaque.com\/cd\/#\/schema\/logo\/image\/"}},{"@type":"Person","@id":"https:\/\/noticiasemdestaque.com\/cd\/#\/schema\/person\/21320b03a7e8bb90128938dafc9b908a","name":"Not\u00edcias em Destaque","url":"https:\/\/noticiasemdestaque.com\/cd\/?author=2"}]}},"jetpack_featured_media_url":"https:\/\/noticiasemdestaque.com\/cd\/wp-content\/uploads\/2023\/08\/b4194c60-4c91-4694-9f31-f532dc6c93d4.jpg","jetpack_sharing_enabled":true,"_links":{"self":[{"href":"https:\/\/noticiasemdestaque.com\/cd\/index.php?rest_route=\/wp\/v2\/posts\/50858","targetHints":{"allow":["GET"]}}],"collection":[{"href":"https:\/\/noticiasemdestaque.com\/cd\/index.php?rest_route=\/wp\/v2\/posts"}],"about":[{"href":"https:\/\/noticiasemdestaque.com\/cd\/index.php?rest_route=\/wp\/v2\/types\/post"}],"author":[{"embeddable":true,"href":"https:\/\/noticiasemdestaque.com\/cd\/index.php?rest_route=\/wp\/v2\/users\/2"}],"replies":[{"embeddable":true,"href":"https:\/\/noticiasemdestaque.com\/cd\/index.php?rest_route=%2Fwp%2Fv2%2Fcomments&post=50858"}],"version-history":[{"count":1,"href":"https:\/\/noticiasemdestaque.com\/cd\/index.php?rest_route=\/wp\/v2\/posts\/50858\/revisions"}],"predecessor-version":[{"id":50861,"href":"https:\/\/noticiasemdestaque.com\/cd\/index.php?rest_route=\/wp\/v2\/posts\/50858\/revisions\/50861"}],"wp:featuredmedia":[{"embeddable":true,"href":"https:\/\/noticiasemdestaque.com\/cd\/index.php?rest_route=\/wp\/v2\/media\/50860"}],"wp:attachment":[{"href":"https:\/\/noticiasemdestaque.com\/cd\/index.php?rest_route=%2Fwp%2Fv2%2Fmedia&parent=50858"}],"wp:term":[{"taxonomy":"category","embeddable":true,"href":"https:\/\/noticiasemdestaque.com\/cd\/index.php?rest_route=%2Fwp%2Fv2%2Fcategories&post=50858"},{"taxonomy":"post_tag","embeddable":true,"href":"https:\/\/noticiasemdestaque.com\/cd\/index.php?rest_route=%2Fwp%2Fv2%2Ftags&post=50858"}],"curies":[{"name":"wp","href":"https:\/\/api.w.org\/{rel}","templated":true}]}}