{"id":50852,"date":"2023-08-17T08:58:01","date_gmt":"2023-08-17T11:58:01","guid":{"rendered":"https:\/\/noticiasemdestaque.com\/cd\/?p=50852"},"modified":"2023-08-17T08:58:01","modified_gmt":"2023-08-17T11:58:01","slug":"ufcg-abre-inscricoes-para-programa-institucional-de-bolsas-de-iniciacao-a-docencia","status":"publish","type":"post","link":"https:\/\/noticiasemdestaque.com\/cd\/?p=50852","title":{"rendered":"UFCG abre inscri\u00e7\u00f5es para Programa Institucional de Bolsas de Inicia\u00e7\u00e3o \u00e0 Doc\u00eancia"},"content":{"rendered":"<p><a href=\"https:\/\/noticiasemdestaque.com\/cd\/wp-content\/uploads\/2023\/07\/Foto-frente-do-CDSA.jpeg\"><img fetchpriority=\"high\" decoding=\"async\" class=\"size-medium wp-image-50083 aligncenter\" src=\"https:\/\/noticiasemdestaque.com\/cd\/wp-content\/uploads\/2023\/07\/Foto-frente-do-CDSA-300x200.jpeg\" alt=\"\" width=\"300\" height=\"200\" srcset=\"https:\/\/noticiasemdestaque.com\/cd\/wp-content\/uploads\/2023\/07\/Foto-frente-do-CDSA-300x200.jpeg 300w, https:\/\/noticiasemdestaque.com\/cd\/wp-content\/uploads\/2023\/07\/Foto-frente-do-CDSA-768x512.jpeg 768w, https:\/\/noticiasemdestaque.com\/cd\/wp-content\/uploads\/2023\/07\/Foto-frente-do-CDSA-18x12.jpeg 18w, https:\/\/noticiasemdestaque.com\/cd\/wp-content\/uploads\/2023\/07\/Foto-frente-do-CDSA.jpeg 800w\" sizes=\"(max-width: 300px) 100vw, 300px\" \/><\/a><\/p>\n<p>A Pr\u00f3-Reitoria de Ensino (PRE) da Universidade Federal de Campina Grande (UFCG) lan\u00e7ou dois editais para preenchimento de vagas voltadas para programas de forma\u00e7\u00e3o de professores. S\u00e3o ofertadas, ao todo, 57 vagas para o Programa Institucional de Inicia\u00e7\u00e3o \u00e0 Doc\u00eancia (Pibid), sendo 56 para licenciandos e uma para supervisor.<\/p>\n<p>&nbsp;<\/p>\n<p>Para licenciandos volunt\u00e1rios e forma\u00e7\u00e3o de cadastro reserva, as vagas s\u00e3o voltadas a estudantes de licenciatura vinculados \u00e0s unidades acad\u00eamicas dos campi Campina Grande (M\u00fasica, Fisica e Educa\u00e7\u00e3o), Cajazeiras (Ci\u00eancias Exatas e da Natureza), Cuit\u00e9 (Ci\u00eancias Biol\u00f3gicas e Qu\u00edmica) e Sum\u00e9 (Ci\u00eancias Sociais e Educa\u00e7\u00e3o do Campo).<\/p>\n<p>&nbsp;<\/p>\n<p>Para supervisor, a vaga \u00e9 para a Unidade Acad\u00eamica de Ci\u00eancias Biol\u00f3gicas e Qu\u00edmica, campus Cuit\u00e9. O valor da bolsa \u00e9 de R$ 1.100.<\/p>\n<p>&nbsp;<\/p>\n<p>As inscri\u00e7\u00f5es est\u00e3o sendo realizadas at\u00e9 o dia 20 de agosto, por meio do cadastramento pr\u00e9vio como usu\u00e1rio externo no\u00a0<a href=\"https:\/\/sei.ufcg.edu.br\/sei\/controlador_externo.php?acao=usuario_externo_logar&amp;id_orgao_acesso_externo=0\">Sistema Eletr\u00f4nico de Informa\u00e7\u00f5es (SEI)<\/a>.<\/p>\n<p>&nbsp;<\/p>\n<p>O resultado final, ap\u00f3s recursos, sair\u00e1 at\u00e9 o dia 29 de agosto.<\/p>\n<p>&nbsp;<\/p>\n<p>Confira abaixo os editais:<\/p>\n<p><a href=\"https:\/\/pre.ufcg.edu.br\/pre\/editais-arquivos?download=1092:edital-pibid-ufcg-n-39-2023\">Licenciandos bolsistas \u2013 Pibid<\/a><br \/>\n<a href=\"https:\/\/pre.ufcg.edu.br\/pre\/editais-arquivos?download=1093:edital-pibid-ufcg-n-40-2023\">Bolsistas supervisores \u2013 Pibid<\/a><\/p>\n<p>&nbsp;<\/p>\n<p>Fonte: Ascom UFCG<\/p>\n<p>&nbsp;<\/p>\n","protected":false},"excerpt":{"rendered":"<p>A Pr\u00f3-Reitoria de Ensino (PRE) da Universidade Federal de Campina Grande (UFCG) lan\u00e7ou dois editais para preenchimento de vagas voltadas para programas de forma\u00e7\u00e3o de professores. S\u00e3o ofertadas, ao todo, 57 vagas para o Programa Institucional de Inicia\u00e7\u00e3o \u00e0 Doc\u00eancia (Pibid), sendo 56 para licenciandos e uma para supervisor. &nbsp; Para licenciandos volunt\u00e1rios e forma\u00e7\u00e3o de cadastro reserva, as vagas s\u00e3o voltadas a estudantes de licenciatura vinculados \u00e0s unidades acad\u00eamicas dos campi Campina Grande (M\u00fasica, Fisica e Educa\u00e7\u00e3o), Cajazeiras (Ci\u00eancias Exatas e da Natureza), Cuit\u00e9 (Ci\u00eancias Biol\u00f3gicas e Qu\u00edmica) e Sum\u00e9 (Ci\u00eancias Sociais e Educa\u00e7\u00e3o do Campo). &nbsp; Para supervisor, a vaga \u00e9 para a Unidade Acad\u00eamica de Ci\u00eancias Biol\u00f3gicas e Qu\u00edmica, campus Cuit\u00e9. O valor da bolsa \u00e9 de R$ 1.100. &nbsp; As inscri\u00e7\u00f5es est\u00e3o sendo realizadas at\u00e9 o dia 20 de agosto, por meio do cadastramento pr\u00e9vio como usu\u00e1rio externo no\u00a0Sistema Eletr\u00f4nico de Informa\u00e7\u00f5es (SEI). &nbsp; O resultado final, ap\u00f3s recursos, sair\u00e1 at\u00e9 o dia 29 de agosto. &nbsp; Confira abaixo os editais: Licenciandos bolsistas \u2013 Pibid Bolsistas supervisores \u2013 Pibid &nbsp; Fonte: Ascom UFCG &nbsp;<\/p>\n","protected":false},"author":2,"featured_media":50083,"comment_status":"closed","ping_status":"open","sticky":false,"template":"","format":"standard","meta":{"_eb_attr":"","_jetpack_memberships_contains_paid_content":false,"footnotes":""},"categories":[6],"tags":[],"class_list":["post-50852","post","type-post","status-publish","format-standard","has-post-thumbnail","hentry","category-educacao"],"yoast_head":"<!-- This site is optimized with the Yoast SEO plugin v26.5 - https:\/\/yoast.com\/wordpress\/plugins\/seo\/ -->\n<title>UFCG abre inscri\u00e7\u00f5es para Programa Institucional de Bolsas de Inicia\u00e7\u00e3o \u00e0 Doc\u00eancia - Not&iacute;cias em Destaque<\/title>\n<meta name=\"robots\" content=\"index, follow, max-snippet:-1, max-image-preview:large, max-video-preview:-1\" \/>\n<link rel=\"canonical\" href=\"https:\/\/noticiasemdestaque.com\/cd\/?p=50852\" \/>\n<meta property=\"og:locale\" content=\"pt_BR\" \/>\n<meta property=\"og:type\" content=\"article\" \/>\n<meta property=\"og:title\" content=\"UFCG abre inscri\u00e7\u00f5es para Programa Institucional de Bolsas de Inicia\u00e7\u00e3o \u00e0 Doc\u00eancia - Not&iacute;cias em Destaque\" \/>\n<meta property=\"og:description\" content=\"A Pr\u00f3-Reitoria de Ensino (PRE) da Universidade Federal de Campina Grande (UFCG) lan\u00e7ou dois editais para preenchimento de vagas voltadas para programas de forma\u00e7\u00e3o de professores. S\u00e3o ofertadas, ao todo, 57 vagas para o Programa Institucional de Inicia\u00e7\u00e3o \u00e0 Doc\u00eancia (Pibid), sendo 56 para licenciandos e uma para supervisor. &nbsp; Para licenciandos volunt\u00e1rios e forma\u00e7\u00e3o de cadastro reserva, as vagas s\u00e3o voltadas a estudantes de licenciatura vinculados \u00e0s unidades acad\u00eamicas dos campi Campina Grande (M\u00fasica, Fisica e Educa\u00e7\u00e3o), Cajazeiras (Ci\u00eancias Exatas e da Natureza), Cuit\u00e9 (Ci\u00eancias Biol\u00f3gicas e Qu\u00edmica) e Sum\u00e9 (Ci\u00eancias Sociais e Educa\u00e7\u00e3o do Campo). &nbsp; Para supervisor, a vaga \u00e9 para a Unidade Acad\u00eamica de Ci\u00eancias Biol\u00f3gicas e Qu\u00edmica, campus Cuit\u00e9. O valor da bolsa \u00e9 de R$ 1.100. &nbsp; As inscri\u00e7\u00f5es est\u00e3o sendo realizadas at\u00e9 o dia 20 de agosto, por meio do cadastramento pr\u00e9vio como usu\u00e1rio externo no\u00a0Sistema Eletr\u00f4nico de Informa\u00e7\u00f5es (SEI). &nbsp; O resultado final, ap\u00f3s recursos, sair\u00e1 at\u00e9 o dia 29 de agosto. &nbsp; Confira abaixo os editais: Licenciandos bolsistas \u2013 Pibid Bolsistas supervisores \u2013 Pibid &nbsp; Fonte: Ascom UFCG &nbsp;\" \/>\n<meta property=\"og:url\" content=\"https:\/\/noticiasemdestaque.com\/cd\/?p=50852\" \/>\n<meta property=\"og:site_name\" content=\"Not&iacute;cias em Destaque\" \/>\n<meta property=\"article:published_time\" content=\"2023-08-17T11:58:01+00:00\" \/>\n<meta property=\"og:image\" content=\"https:\/\/noticiasemdestaque.com\/cd\/wp-content\/uploads\/2023\/07\/Foto-frente-do-CDSA.jpeg\" \/>\n\t<meta property=\"og:image:width\" content=\"800\" \/>\n\t<meta property=\"og:image:height\" content=\"533\" \/>\n\t<meta property=\"og:image:type\" content=\"image\/jpeg\" \/>\n<meta name=\"author\" content=\"Not\u00edcias em Destaque\" \/>\n<meta name=\"twitter:card\" content=\"summary_large_image\" \/>\n<meta name=\"twitter:label1\" content=\"Escrito por\" \/>\n\t<meta name=\"twitter:data1\" content=\"Not\u00edcias em Destaque\" \/>\n\t<meta name=\"twitter:label2\" content=\"Est. tempo de leitura\" \/>\n\t<meta name=\"twitter:data2\" content=\"1 minuto\" \/>\n<script type=\"application\/ld+json\" class=\"yoast-schema-graph\">{\"@context\":\"https:\/\/schema.org\",\"@graph\":[{\"@type\":\"Article\",\"@id\":\"https:\/\/noticiasemdestaque.com\/cd\/?p=50852#article\",\"isPartOf\":{\"@id\":\"https:\/\/noticiasemdestaque.com\/cd\/?p=50852\"},\"author\":{\"name\":\"Not\u00edcias em Destaque\",\"@id\":\"https:\/\/noticiasemdestaque.com\/cd\/#\/schema\/person\/21320b03a7e8bb90128938dafc9b908a\"},\"headline\":\"UFCG abre inscri\u00e7\u00f5es para Programa Institucional de Bolsas de Inicia\u00e7\u00e3o \u00e0 Doc\u00eancia\",\"datePublished\":\"2023-08-17T11:58:01+00:00\",\"mainEntityOfPage\":{\"@id\":\"https:\/\/noticiasemdestaque.com\/cd\/?p=50852\"},\"wordCount\":212,\"publisher\":{\"@id\":\"https:\/\/noticiasemdestaque.com\/cd\/#organization\"},\"image\":{\"@id\":\"https:\/\/noticiasemdestaque.com\/cd\/?p=50852#primaryimage\"},\"thumbnailUrl\":\"https:\/\/noticiasemdestaque.com\/cd\/wp-content\/uploads\/2023\/07\/Foto-frente-do-CDSA.jpeg\",\"articleSection\":[\"Educa\u00e7\u00e3o\"],\"inLanguage\":\"pt-BR\"},{\"@type\":\"WebPage\",\"@id\":\"https:\/\/noticiasemdestaque.com\/cd\/?p=50852\",\"url\":\"https:\/\/noticiasemdestaque.com\/cd\/?p=50852\",\"name\":\"UFCG abre inscri\u00e7\u00f5es para Programa Institucional de Bolsas de Inicia\u00e7\u00e3o \u00e0 Doc\u00eancia - Not&iacute;cias em Destaque\",\"isPartOf\":{\"@id\":\"https:\/\/noticiasemdestaque.com\/cd\/#website\"},\"primaryImageOfPage\":{\"@id\":\"https:\/\/noticiasemdestaque.com\/cd\/?p=50852#primaryimage\"},\"image\":{\"@id\":\"https:\/\/noticiasemdestaque.com\/cd\/?p=50852#primaryimage\"},\"thumbnailUrl\":\"https:\/\/noticiasemdestaque.com\/cd\/wp-content\/uploads\/2023\/07\/Foto-frente-do-CDSA.jpeg\",\"datePublished\":\"2023-08-17T11:58:01+00:00\",\"breadcrumb\":{\"@id\":\"https:\/\/noticiasemdestaque.com\/cd\/?p=50852#breadcrumb\"},\"inLanguage\":\"pt-BR\",\"potentialAction\":[{\"@type\":\"ReadAction\",\"target\":[\"https:\/\/noticiasemdestaque.com\/cd\/?p=50852\"]}]},{\"@type\":\"ImageObject\",\"inLanguage\":\"pt-BR\",\"@id\":\"https:\/\/noticiasemdestaque.com\/cd\/?p=50852#primaryimage\",\"url\":\"https:\/\/noticiasemdestaque.com\/cd\/wp-content\/uploads\/2023\/07\/Foto-frente-do-CDSA.jpeg\",\"contentUrl\":\"https:\/\/noticiasemdestaque.com\/cd\/wp-content\/uploads\/2023\/07\/Foto-frente-do-CDSA.jpeg\",\"width\":800,\"height\":533},{\"@type\":\"BreadcrumbList\",\"@id\":\"https:\/\/noticiasemdestaque.com\/cd\/?p=50852#breadcrumb\",\"itemListElement\":[{\"@type\":\"ListItem\",\"position\":1,\"name\":\"In\u00edcio\",\"item\":\"https:\/\/noticiasemdestaque.com\/cd\/\"},{\"@type\":\"ListItem\",\"position\":2,\"name\":\"UFCG abre inscri\u00e7\u00f5es para Programa Institucional de Bolsas de Inicia\u00e7\u00e3o \u00e0 Doc\u00eancia\"}]},{\"@type\":\"WebSite\",\"@id\":\"https:\/\/noticiasemdestaque.com\/cd\/#website\",\"url\":\"https:\/\/noticiasemdestaque.com\/cd\/\",\"name\":\"Not&iacute;cias em Destaque\",\"description\":\"\",\"publisher\":{\"@id\":\"https:\/\/noticiasemdestaque.com\/cd\/#organization\"},\"potentialAction\":[{\"@type\":\"SearchAction\",\"target\":{\"@type\":\"EntryPoint\",\"urlTemplate\":\"https:\/\/noticiasemdestaque.com\/cd\/?s={search_term_string}\"},\"query-input\":{\"@type\":\"PropertyValueSpecification\",\"valueRequired\":true,\"valueName\":\"search_term_string\"}}],\"inLanguage\":\"pt-BR\"},{\"@type\":\"Organization\",\"@id\":\"https:\/\/noticiasemdestaque.com\/cd\/#organization\",\"name\":\"Not\u00edcias em Destaque\",\"url\":\"https:\/\/noticiasemdestaque.com\/cd\/\",\"logo\":{\"@type\":\"ImageObject\",\"inLanguage\":\"pt-BR\",\"@id\":\"https:\/\/noticiasemdestaque.com\/cd\/#\/schema\/logo\/image\/\",\"url\":\"https:\/\/noticiasemdestaque.com\/cd\/wp-content\/uploads\/2022\/05\/imagem-base-noticiasemdestaque.png\",\"contentUrl\":\"https:\/\/noticiasemdestaque.com\/cd\/wp-content\/uploads\/2022\/05\/imagem-base-noticiasemdestaque.png\",\"width\":1200,\"height\":630,\"caption\":\"Not\u00edcias em Destaque\"},\"image\":{\"@id\":\"https:\/\/noticiasemdestaque.com\/cd\/#\/schema\/logo\/image\/\"}},{\"@type\":\"Person\",\"@id\":\"https:\/\/noticiasemdestaque.com\/cd\/#\/schema\/person\/21320b03a7e8bb90128938dafc9b908a\",\"name\":\"Not\u00edcias em Destaque\",\"url\":\"https:\/\/noticiasemdestaque.com\/cd\/?author=2\"}]}<\/script>\n<!-- \/ Yoast SEO plugin. -->","yoast_head_json":{"title":"UFCG abre inscri\u00e7\u00f5es para Programa Institucional de Bolsas de Inicia\u00e7\u00e3o \u00e0 Doc\u00eancia - Not&iacute;cias em Destaque","robots":{"index":"index","follow":"follow","max-snippet":"max-snippet:-1","max-image-preview":"max-image-preview:large","max-video-preview":"max-video-preview:-1"},"canonical":"https:\/\/noticiasemdestaque.com\/cd\/?p=50852","og_locale":"pt_BR","og_type":"article","og_title":"UFCG abre inscri\u00e7\u00f5es para Programa Institucional de Bolsas de Inicia\u00e7\u00e3o \u00e0 Doc\u00eancia - Not&iacute;cias em Destaque","og_description":"A Pr\u00f3-Reitoria de Ensino (PRE) da Universidade Federal de Campina Grande (UFCG) lan\u00e7ou dois editais para preenchimento de vagas voltadas para programas de forma\u00e7\u00e3o de professores. S\u00e3o ofertadas, ao todo, 57 vagas para o Programa Institucional de Inicia\u00e7\u00e3o \u00e0 Doc\u00eancia (Pibid), sendo 56 para licenciandos e uma para supervisor. &nbsp; Para licenciandos volunt\u00e1rios e forma\u00e7\u00e3o de cadastro reserva, as vagas s\u00e3o voltadas a estudantes de licenciatura vinculados \u00e0s unidades acad\u00eamicas dos campi Campina Grande (M\u00fasica, Fisica e Educa\u00e7\u00e3o), Cajazeiras (Ci\u00eancias Exatas e da Natureza), Cuit\u00e9 (Ci\u00eancias Biol\u00f3gicas e Qu\u00edmica) e Sum\u00e9 (Ci\u00eancias Sociais e Educa\u00e7\u00e3o do Campo). &nbsp; Para supervisor, a vaga \u00e9 para a Unidade Acad\u00eamica de Ci\u00eancias Biol\u00f3gicas e Qu\u00edmica, campus Cuit\u00e9. O valor da bolsa \u00e9 de R$ 1.100. &nbsp; As inscri\u00e7\u00f5es est\u00e3o sendo realizadas at\u00e9 o dia 20 de agosto, por meio do cadastramento pr\u00e9vio como usu\u00e1rio externo no\u00a0Sistema Eletr\u00f4nico de Informa\u00e7\u00f5es (SEI). &nbsp; O resultado final, ap\u00f3s recursos, sair\u00e1 at\u00e9 o dia 29 de agosto. &nbsp; Confira abaixo os editais: Licenciandos bolsistas \u2013 Pibid Bolsistas supervisores \u2013 Pibid &nbsp; Fonte: Ascom UFCG &nbsp;","og_url":"https:\/\/noticiasemdestaque.com\/cd\/?p=50852","og_site_name":"Not&iacute;cias em Destaque","article_published_time":"2023-08-17T11:58:01+00:00","og_image":[{"width":800,"height":533,"url":"https:\/\/noticiasemdestaque.com\/cd\/wp-content\/uploads\/2023\/07\/Foto-frente-do-CDSA.jpeg","type":"image\/jpeg"}],"author":"Not\u00edcias em Destaque","twitter_card":"summary_large_image","twitter_misc":{"Escrito por":"Not\u00edcias em Destaque","Est. tempo de leitura":"1 minuto"},"schema":{"@context":"https:\/\/schema.org","@graph":[{"@type":"Article","@id":"https:\/\/noticiasemdestaque.com\/cd\/?p=50852#article","isPartOf":{"@id":"https:\/\/noticiasemdestaque.com\/cd\/?p=50852"},"author":{"name":"Not\u00edcias em Destaque","@id":"https:\/\/noticiasemdestaque.com\/cd\/#\/schema\/person\/21320b03a7e8bb90128938dafc9b908a"},"headline":"UFCG abre inscri\u00e7\u00f5es para Programa Institucional de Bolsas de Inicia\u00e7\u00e3o \u00e0 Doc\u00eancia","datePublished":"2023-08-17T11:58:01+00:00","mainEntityOfPage":{"@id":"https:\/\/noticiasemdestaque.com\/cd\/?p=50852"},"wordCount":212,"publisher":{"@id":"https:\/\/noticiasemdestaque.com\/cd\/#organization"},"image":{"@id":"https:\/\/noticiasemdestaque.com\/cd\/?p=50852#primaryimage"},"thumbnailUrl":"https:\/\/noticiasemdestaque.com\/cd\/wp-content\/uploads\/2023\/07\/Foto-frente-do-CDSA.jpeg","articleSection":["Educa\u00e7\u00e3o"],"inLanguage":"pt-BR"},{"@type":"WebPage","@id":"https:\/\/noticiasemdestaque.com\/cd\/?p=50852","url":"https:\/\/noticiasemdestaque.com\/cd\/?p=50852","name":"UFCG abre inscri\u00e7\u00f5es para Programa Institucional de Bolsas de Inicia\u00e7\u00e3o \u00e0 Doc\u00eancia - Not&iacute;cias em Destaque","isPartOf":{"@id":"https:\/\/noticiasemdestaque.com\/cd\/#website"},"primaryImageOfPage":{"@id":"https:\/\/noticiasemdestaque.com\/cd\/?p=50852#primaryimage"},"image":{"@id":"https:\/\/noticiasemdestaque.com\/cd\/?p=50852#primaryimage"},"thumbnailUrl":"https:\/\/noticiasemdestaque.com\/cd\/wp-content\/uploads\/2023\/07\/Foto-frente-do-CDSA.jpeg","datePublished":"2023-08-17T11:58:01+00:00","breadcrumb":{"@id":"https:\/\/noticiasemdestaque.com\/cd\/?p=50852#breadcrumb"},"inLanguage":"pt-BR","potentialAction":[{"@type":"ReadAction","target":["https:\/\/noticiasemdestaque.com\/cd\/?p=50852"]}]},{"@type":"ImageObject","inLanguage":"pt-BR","@id":"https:\/\/noticiasemdestaque.com\/cd\/?p=50852#primaryimage","url":"https:\/\/noticiasemdestaque.com\/cd\/wp-content\/uploads\/2023\/07\/Foto-frente-do-CDSA.jpeg","contentUrl":"https:\/\/noticiasemdestaque.com\/cd\/wp-content\/uploads\/2023\/07\/Foto-frente-do-CDSA.jpeg","width":800,"height":533},{"@type":"BreadcrumbList","@id":"https:\/\/noticiasemdestaque.com\/cd\/?p=50852#breadcrumb","itemListElement":[{"@type":"ListItem","position":1,"name":"In\u00edcio","item":"https:\/\/noticiasemdestaque.com\/cd\/"},{"@type":"ListItem","position":2,"name":"UFCG abre inscri\u00e7\u00f5es para Programa Institucional de Bolsas de Inicia\u00e7\u00e3o \u00e0 Doc\u00eancia"}]},{"@type":"WebSite","@id":"https:\/\/noticiasemdestaque.com\/cd\/#website","url":"https:\/\/noticiasemdestaque.com\/cd\/","name":"Not&iacute;cias em Destaque","description":"","publisher":{"@id":"https:\/\/noticiasemdestaque.com\/cd\/#organization"},"potentialAction":[{"@type":"SearchAction","target":{"@type":"EntryPoint","urlTemplate":"https:\/\/noticiasemdestaque.com\/cd\/?s={search_term_string}"},"query-input":{"@type":"PropertyValueSpecification","valueRequired":true,"valueName":"search_term_string"}}],"inLanguage":"pt-BR"},{"@type":"Organization","@id":"https:\/\/noticiasemdestaque.com\/cd\/#organization","name":"Not\u00edcias em Destaque","url":"https:\/\/noticiasemdestaque.com\/cd\/","logo":{"@type":"ImageObject","inLanguage":"pt-BR","@id":"https:\/\/noticiasemdestaque.com\/cd\/#\/schema\/logo\/image\/","url":"https:\/\/noticiasemdestaque.com\/cd\/wp-content\/uploads\/2022\/05\/imagem-base-noticiasemdestaque.png","contentUrl":"https:\/\/noticiasemdestaque.com\/cd\/wp-content\/uploads\/2022\/05\/imagem-base-noticiasemdestaque.png","width":1200,"height":630,"caption":"Not\u00edcias em Destaque"},"image":{"@id":"https:\/\/noticiasemdestaque.com\/cd\/#\/schema\/logo\/image\/"}},{"@type":"Person","@id":"https:\/\/noticiasemdestaque.com\/cd\/#\/schema\/person\/21320b03a7e8bb90128938dafc9b908a","name":"Not\u00edcias em Destaque","url":"https:\/\/noticiasemdestaque.com\/cd\/?author=2"}]}},"jetpack_featured_media_url":"https:\/\/noticiasemdestaque.com\/cd\/wp-content\/uploads\/2023\/07\/Foto-frente-do-CDSA.jpeg","jetpack_sharing_enabled":true,"_links":{"self":[{"href":"https:\/\/noticiasemdestaque.com\/cd\/index.php?rest_route=\/wp\/v2\/posts\/50852","targetHints":{"allow":["GET"]}}],"collection":[{"href":"https:\/\/noticiasemdestaque.com\/cd\/index.php?rest_route=\/wp\/v2\/posts"}],"about":[{"href":"https:\/\/noticiasemdestaque.com\/cd\/index.php?rest_route=\/wp\/v2\/types\/post"}],"author":[{"embeddable":true,"href":"https:\/\/noticiasemdestaque.com\/cd\/index.php?rest_route=\/wp\/v2\/users\/2"}],"replies":[{"embeddable":true,"href":"https:\/\/noticiasemdestaque.com\/cd\/index.php?rest_route=%2Fwp%2Fv2%2Fcomments&post=50852"}],"version-history":[{"count":1,"href":"https:\/\/noticiasemdestaque.com\/cd\/index.php?rest_route=\/wp\/v2\/posts\/50852\/revisions"}],"predecessor-version":[{"id":50853,"href":"https:\/\/noticiasemdestaque.com\/cd\/index.php?rest_route=\/wp\/v2\/posts\/50852\/revisions\/50853"}],"wp:featuredmedia":[{"embeddable":true,"href":"https:\/\/noticiasemdestaque.com\/cd\/index.php?rest_route=\/wp\/v2\/media\/50083"}],"wp:attachment":[{"href":"https:\/\/noticiasemdestaque.com\/cd\/index.php?rest_route=%2Fwp%2Fv2%2Fmedia&parent=50852"}],"wp:term":[{"taxonomy":"category","embeddable":true,"href":"https:\/\/noticiasemdestaque.com\/cd\/index.php?rest_route=%2Fwp%2Fv2%2Fcategories&post=50852"},{"taxonomy":"post_tag","embeddable":true,"href":"https:\/\/noticiasemdestaque.com\/cd\/index.php?rest_route=%2Fwp%2Fv2%2Ftags&post=50852"}],"curies":[{"name":"wp","href":"https:\/\/api.w.org\/{rel}","templated":true}]}}